{"id":83629,"date":"2023-08-24T13:38:56","date_gmt":"2023-08-24T11:38:56","guid":{"rendered":"https:\/\/gastronomicament.cat\/fang-tapa-torna-els-dijous-24-i-31-dagost-a-marratxi"},"modified":"2023-08-24T13:38:56","modified_gmt":"2023-08-24T11:38:56","slug":"fang-tapa-torna-els-dijous-24-i-31-dagost-a-marratxi","status":"publish","type":"post","link":"https:\/\/gastronomicament.cat\/en\/fang-tapa-torna-els-dijous-24-i-31-dagost-a-marratxi","title":{"rendered":"Fang Tapa torna els dijous 24 i 31 d\u2019agost a Marratx\u00ed"},"content":{"rendered":"<p>L\u2019Ajuntament de Marratx\u00ed ha presentat una nova edici\u00f3 de Fang Tapa, la ruta de tapes en tren que ens dur\u00e0 a terme a\u00a0<strong>8 restaurants de Sant Mar\u00e7al, sa Cabaneta i P\u00f2rtol<\/strong>\u00a0els dijous 24 i 31 d\u2019agost.<\/p>\n<p>La proposta t\u00e9 l\u2019objectiu de mostrar la varietat gastron\u00f2mica i l\u2019oferta de restauraci\u00f3 del municipi, amb unes tapes dissenyades expressament per a l\u2019ocasi\u00f3 presentades en plats de fang.<\/p>\n<p>El batle de Marratx\u00ed, Jaume Llompart, i la regidora de Promoci\u00f3 Econ\u00f2mica; Comer\u00e7, Ind\u00fastria i Turisme, Odette Torres, han presentat en roda de premsa aquesta nova edici\u00f3, m\u00e9s familiar, que comptar\u00e0 amb activitats infantils, animaci\u00f3, castells inflables i ludoteca.<\/p>\n<p>El batle ha destacat que amb aquesta iniciativa, impulsada des de l\u2019Ajuntament de Marratx\u00ed, es dona suport als empresaris restauradors que hi participen. Amb una proposta que inclou activitats familiars es vol dinamitzar l\u2019activitat d\u2019aquests nuclis durant les darreres setmanes del mes d\u2019agost.<\/p>\n<p>Llompart ha convidat a tots els marratxiners a participar d\u2019aquesta iniciativa a qualsevol dels vuit establiments que participen en aquesta edici\u00f3 de Fang Tapa.<\/p>\n<p>El tren, amb capacitat fins a cinquanta persones, \u00e9s gratu\u00eft i no requereix reserva pr\u00e8via. El recorregut \u00e9s una ruta circular i passar\u00e0 cada 35-40 minuts per cada restaurant, encara que tamb\u00e9 hi ha trams que es poden fer a peu.<\/p>\n<p>La sortida es far\u00e0 a la Ver\u00f2nica de Sant Mar\u00e7al i anir\u00e0 cap al primer local al voltant de les 19\u202fh. Podem consultar tota la informaci\u00f3 respecte del recorregut i els horaris a la p\u00e0gina web\u00a0<a href=\"https:\/\/marratxi.es\/fangtapa\" target=\"_blank\" rel=\"noopener nofollow\">https:\/\/marratxi.es\/fangtapa<\/a><\/p>\n","protected":false},"excerpt":{"rendered":"<p>L&#8217;objectiu \u00e9s mostrar la varietat gastron\u00f2mica i l\u2019oferta de restauraci\u00f3 del municipi<\/p>\n","protected":false},"author":1,"featured_media":83625,"comment_status":"open","ping_status":"closed","sticky":false,"template":"","format":"standard","meta":{"_acf_changed":false,"_swt_meta_header_display":false,"_swt_meta_footer_display":false,"_swt_meta_site_title_display":false,"_swt_meta_sticky_header":false,"_swt_meta_transparent_header":false,"footnotes":""},"categories":[1046,1471],"tags":[],"coauthors":[2053],"class_list":["post-83629","post","type-post","status-publish","format-standard","has-post-thumbnail","hentry","category-actualitat-es-en","category-fires-i-rutes-en"],"acf":{"gallery":null,"home_date":{"home_begin_date":null,"home_end_date":null}},"yoast_head":"<!-- This site is optimized with the Yoast SEO plugin v27.4 - https:\/\/yoast.com\/product\/yoast-seo-wordpress\/ -->\n<title>Fang Tapa torna els dijous 24 i 31 d\u2019agost a Marratx\u00ed - Gastron\u00f2micament<\/title>\n<meta name=\"description\" content=\"Fang Tapa torna els dijous 24 i 31 d\u2019agost a Marratx\u00ed Actualitat, Fires i rutes L&#039;objectiu \u00e9s mostrar la varietat gastron\u00f2mica i l\u2019oferta de restauraci\u00f3 del municipi\" \/>\n<meta name=\"robots\" content=\"index, follow, max-snippet:-1, max-image-preview:large, max-video-preview:-1\" \/>\n<link rel=\"canonical\" href=\"https:\/\/gastronomicament.cat\/en\/fang-tapa-torna-els-dijous-24-i-31-dagost-a-marratxi\" \/>\n<meta property=\"og:locale\" content=\"en_US\" \/>\n<meta property=\"og:type\" content=\"article\" \/>\n<meta property=\"og:title\" content=\"Fang Tapa torna els dijous 24 i 31 d\u2019agost a Marratx\u00ed - Gastron\u00f2micament\" \/>\n<meta property=\"og:description\" content=\"Fang Tapa torna els dijous 24 i 31 d\u2019agost a Marratx\u00ed Actualitat, Fires i rutes L&#039;objectiu \u00e9s mostrar la varietat gastron\u00f2mica i l\u2019oferta de restauraci\u00f3 del municipi\" \/>\n<meta property=\"og:url\" content=\"https:\/\/gastronomicament.cat\/en\/fang-tapa-torna-els-dijous-24-i-31-dagost-a-marratxi\" \/>\n<meta property=\"og:site_name\" content=\"Gastron\u00f2micament\" \/>\n<meta property=\"article:published_time\" content=\"2023-08-24T11:38:56+00:00\" \/>\n<meta property=\"og:image\" content=\"https:\/\/gastronomicament.cat\/wp-content\/uploads\/2023\/08\/fang-tapa-torna-a-marratxi-els-dijous-24-i-31-dagost-6.jpg\" \/>\n\t<meta property=\"og:image:width\" content=\"1068\" \/>\n\t<meta property=\"og:image:height\" content=\"714\" \/>\n\t<meta property=\"og:image:type\" content=\"image\/jpeg\" \/>\n<meta name=\"author\" content=\"Redacci\u00f3\" \/>\n<meta name=\"twitter:card\" content=\"summary_large_image\" \/>\n<meta name=\"twitter:creator\" content=\"@gastronomicamen\" \/>\n<meta name=\"twitter:site\" content=\"@gastronomicamen\" \/>\n<meta name=\"twitter:label1\" content=\"Written by\" \/>\n\t<meta name=\"twitter:data1\" content=\"Redacci\u00f3\" \/>\n\t<meta name=\"twitter:label2\" content=\"Est. reading time\" \/>\n\t<meta name=\"twitter:data2\" content=\"2 minutes\" \/>\n<script type=\"application\/ld+json\" class=\"yoast-schema-graph\">{\"@context\":\"https:\\\/\\\/schema.org\",\"@graph\":[{\"@type\":\"Article\",\"@id\":\"https:\\\/\\\/gastronomicament.cat\\\/en\\\/fang-tapa-torna-els-dijous-24-i-31-dagost-a-marratxi#article\",\"isPartOf\":{\"@id\":\"https:\\\/\\\/gastronomicament.cat\\\/en\\\/fang-tapa-torna-els-dijous-24-i-31-dagost-a-marratxi\"},\"author\":{\"name\":\"Redacci\u00f3\",\"@id\":\"https:\\\/\\\/gastronomicament.cat\\\/en\\\/#\\\/schema\\\/person\\\/a7c85c537a1ed62799a5b8e0f686a37f\"},\"headline\":\"Fang Tapa torna els dijous 24 i 31 d\u2019agost a Marratx\u00ed\",\"datePublished\":\"2023-08-24T11:38:56+00:00\",\"mainEntityOfPage\":{\"@id\":\"https:\\\/\\\/gastronomicament.cat\\\/en\\\/fang-tapa-torna-els-dijous-24-i-31-dagost-a-marratxi\"},\"wordCount\":281,\"commentCount\":0,\"publisher\":{\"@id\":\"https:\\\/\\\/gastronomicament.cat\\\/en\\\/#organization\"},\"image\":{\"@id\":\"https:\\\/\\\/gastronomicament.cat\\\/en\\\/fang-tapa-torna-els-dijous-24-i-31-dagost-a-marratxi#primaryimage\"},\"thumbnailUrl\":\"https:\\\/\\\/gastronomicament.cat\\\/wp-content\\\/uploads\\\/2023\\\/08\\\/fang-tapa-torna-a-marratxi-els-dijous-24-i-31-dagost-6.jpg\",\"articleSection\":[\"Actualitat\",\"Fires i rutes\"],\"inLanguage\":\"en-US\",\"potentialAction\":[{\"@type\":\"CommentAction\",\"name\":\"Comment\",\"target\":[\"https:\\\/\\\/gastronomicament.cat\\\/en\\\/fang-tapa-torna-els-dijous-24-i-31-dagost-a-marratxi#respond\"]}]},{\"@type\":\"WebPage\",\"@id\":\"https:\\\/\\\/gastronomicament.cat\\\/en\\\/fang-tapa-torna-els-dijous-24-i-31-dagost-a-marratxi\",\"url\":\"https:\\\/\\\/gastronomicament.cat\\\/en\\\/fang-tapa-torna-els-dijous-24-i-31-dagost-a-marratxi\",\"name\":\"Fang Tapa torna els dijous 24 i 31 d\u2019agost a Marratx\u00ed - Gastron\u00f2micament\",\"isPartOf\":{\"@id\":\"https:\\\/\\\/gastronomicament.cat\\\/en\\\/#website\"},\"primaryImageOfPage\":{\"@id\":\"https:\\\/\\\/gastronomicament.cat\\\/en\\\/fang-tapa-torna-els-dijous-24-i-31-dagost-a-marratxi#primaryimage\"},\"image\":{\"@id\":\"https:\\\/\\\/gastronomicament.cat\\\/en\\\/fang-tapa-torna-els-dijous-24-i-31-dagost-a-marratxi#primaryimage\"},\"thumbnailUrl\":\"https:\\\/\\\/gastronomicament.cat\\\/wp-content\\\/uploads\\\/2023\\\/08\\\/fang-tapa-torna-a-marratxi-els-dijous-24-i-31-dagost-6.jpg\",\"datePublished\":\"2023-08-24T11:38:56+00:00\",\"description\":\"Fang Tapa torna els dijous 24 i 31 d\u2019agost a Marratx\u00ed Actualitat, Fires i rutes L'objectiu \u00e9s mostrar la varietat gastron\u00f2mica i l\u2019oferta de restauraci\u00f3 del municipi\",\"inLanguage\":\"en-US\",\"potentialAction\":[{\"@type\":\"ReadAction\",\"target\":[\"https:\\\/\\\/gastronomicament.cat\\\/en\\\/fang-tapa-torna-els-dijous-24-i-31-dagost-a-marratxi\"]}]},{\"@type\":\"ImageObject\",\"inLanguage\":\"en-US\",\"@id\":\"https:\\\/\\\/gastronomicament.cat\\\/en\\\/fang-tapa-torna-els-dijous-24-i-31-dagost-a-marratxi#primaryimage\",\"url\":\"https:\\\/\\\/gastronomicament.cat\\\/wp-content\\\/uploads\\\/2023\\\/08\\\/fang-tapa-torna-a-marratxi-els-dijous-24-i-31-dagost-6.jpg\",\"contentUrl\":\"https:\\\/\\\/gastronomicament.cat\\\/wp-content\\\/uploads\\\/2023\\\/08\\\/fang-tapa-torna-a-marratxi-els-dijous-24-i-31-dagost-6.jpg\",\"width\":1068,\"height\":714},{\"@type\":\"WebSite\",\"@id\":\"https:\\\/\\\/gastronomicament.cat\\\/en\\\/#website\",\"url\":\"https:\\\/\\\/gastronomicament.cat\\\/en\\\/\",\"name\":\"Gastron\u00f2micament\",\"description\":\"Portal de restaurants, receptes i actualitat gastron\u00f2mica\",\"publisher\":{\"@id\":\"https:\\\/\\\/gastronomicament.cat\\\/en\\\/#organization\"},\"potentialAction\":[{\"@type\":\"SearchAction\",\"target\":{\"@type\":\"EntryPoint\",\"urlTemplate\":\"https:\\\/\\\/gastronomicament.cat\\\/en\\\/?s={search_term_string}\"},\"query-input\":{\"@type\":\"PropertyValueSpecification\",\"valueRequired\":true,\"valueName\":\"search_term_string\"}}],\"inLanguage\":\"en-US\"},{\"@type\":\"Organization\",\"@id\":\"https:\\\/\\\/gastronomicament.cat\\\/en\\\/#organization\",\"name\":\"Gastron\u00f2micament\",\"url\":\"https:\\\/\\\/gastronomicament.cat\\\/en\\\/\",\"logo\":{\"@type\":\"ImageObject\",\"inLanguage\":\"en-US\",\"@id\":\"https:\\\/\\\/gastronomicament.cat\\\/en\\\/#\\\/schema\\\/logo\\\/image\\\/\",\"url\":\"https:\\\/\\\/gastronomicament.cat\\\/wp-content\\\/uploads\\\/2016\\\/09\\\/header-logo.jpg\",\"contentUrl\":\"https:\\\/\\\/gastronomicament.cat\\\/wp-content\\\/uploads\\\/2016\\\/09\\\/header-logo.jpg\",\"width\":277,\"height\":39,\"caption\":\"Gastron\u00f2micament\"},\"image\":{\"@id\":\"https:\\\/\\\/gastronomicament.cat\\\/en\\\/#\\\/schema\\\/logo\\\/image\\\/\"},\"sameAs\":[\"https:\\\/\\\/x.com\\\/gastronomicamen\"]},{\"@type\":\"Person\",\"@id\":\"https:\\\/\\\/gastronomicament.cat\\\/en\\\/#\\\/schema\\\/person\\\/a7c85c537a1ed62799a5b8e0f686a37f\",\"name\":\"Redacci\u00f3\",\"image\":{\"@type\":\"ImageObject\",\"inLanguage\":\"en-US\",\"@id\":\"https:\\\/\\\/secure.gravatar.com\\\/avatar\\\/9489a485c464fd611d33825daae651d13db70c4e74c65c94937a15a9d4c3ee14?s=96&d=mm&r=g69fea3cce3645dfa2166e7293e22955e\",\"url\":\"https:\\\/\\\/secure.gravatar.com\\\/avatar\\\/9489a485c464fd611d33825daae651d13db70c4e74c65c94937a15a9d4c3ee14?s=96&d=mm&r=g\",\"contentUrl\":\"https:\\\/\\\/secure.gravatar.com\\\/avatar\\\/9489a485c464fd611d33825daae651d13db70c4e74c65c94937a15a9d4c3ee14?s=96&d=mm&r=g\",\"caption\":\"Redacci\u00f3\"},\"sameAs\":[\"http:\\\/\\\/gastronomicament.cat\"],\"url\":\"https:\\\/\\\/gastronomicament.cat\\\/en\\\/author\\\/admin\"}]}<\/script>\n<!-- \/ Yoast SEO plugin. -->","yoast_head_json":{"title":"Fang Tapa torna els dijous 24 i 31 d\u2019agost a Marratx\u00ed - Gastron\u00f2micament","description":"Fang Tapa torna els dijous 24 i 31 d\u2019agost a Marratx\u00ed Actualitat, Fires i rutes L'objectiu \u00e9s mostrar la varietat gastron\u00f2mica i l\u2019oferta de restauraci\u00f3 del municipi","robots":{"index":"index","follow":"follow","max-snippet":"max-snippet:-1","max-image-preview":"max-image-preview:large","max-video-preview":"max-video-preview:-1"},"canonical":"https:\/\/gastronomicament.cat\/en\/fang-tapa-torna-els-dijous-24-i-31-dagost-a-marratxi","og_locale":"en_US","og_type":"article","og_title":"Fang Tapa torna els dijous 24 i 31 d\u2019agost a Marratx\u00ed - Gastron\u00f2micament","og_description":"Fang Tapa torna els dijous 24 i 31 d\u2019agost a Marratx\u00ed Actualitat, Fires i rutes L'objectiu \u00e9s mostrar la varietat gastron\u00f2mica i l\u2019oferta de restauraci\u00f3 del municipi","og_url":"https:\/\/gastronomicament.cat\/en\/fang-tapa-torna-els-dijous-24-i-31-dagost-a-marratxi","og_site_name":"Gastron\u00f2micament","article_published_time":"2023-08-24T11:38:56+00:00","og_image":[{"width":1068,"height":714,"url":"https:\/\/gastronomicament.cat\/wp-content\/uploads\/2023\/08\/fang-tapa-torna-a-marratxi-els-dijous-24-i-31-dagost-6.jpg","type":"image\/jpeg"}],"author":"Redacci\u00f3","twitter_card":"summary_large_image","twitter_creator":"@gastronomicamen","twitter_site":"@gastronomicamen","twitter_misc":{"Written by":"Redacci\u00f3","Est. reading time":"2 minutes"},"schema":{"@context":"https:\/\/schema.org","@graph":[{"@type":"Article","@id":"https:\/\/gastronomicament.cat\/en\/fang-tapa-torna-els-dijous-24-i-31-dagost-a-marratxi#article","isPartOf":{"@id":"https:\/\/gastronomicament.cat\/en\/fang-tapa-torna-els-dijous-24-i-31-dagost-a-marratxi"},"author":{"name":"Redacci\u00f3","@id":"https:\/\/gastronomicament.cat\/en\/#\/schema\/person\/a7c85c537a1ed62799a5b8e0f686a37f"},"headline":"Fang Tapa torna els dijous 24 i 31 d\u2019agost a Marratx\u00ed","datePublished":"2023-08-24T11:38:56+00:00","mainEntityOfPage":{"@id":"https:\/\/gastronomicament.cat\/en\/fang-tapa-torna-els-dijous-24-i-31-dagost-a-marratxi"},"wordCount":281,"commentCount":0,"publisher":{"@id":"https:\/\/gastronomicament.cat\/en\/#organization"},"image":{"@id":"https:\/\/gastronomicament.cat\/en\/fang-tapa-torna-els-dijous-24-i-31-dagost-a-marratxi#primaryimage"},"thumbnailUrl":"https:\/\/gastronomicament.cat\/wp-content\/uploads\/2023\/08\/fang-tapa-torna-a-marratxi-els-dijous-24-i-31-dagost-6.jpg","articleSection":["Actualitat","Fires i rutes"],"inLanguage":"en-US","potentialAction":[{"@type":"CommentAction","name":"Comment","target":["https:\/\/gastronomicament.cat\/en\/fang-tapa-torna-els-dijous-24-i-31-dagost-a-marratxi#respond"]}]},{"@type":"WebPage","@id":"https:\/\/gastronomicament.cat\/en\/fang-tapa-torna-els-dijous-24-i-31-dagost-a-marratxi","url":"https:\/\/gastronomicament.cat\/en\/fang-tapa-torna-els-dijous-24-i-31-dagost-a-marratxi","name":"Fang Tapa torna els dijous 24 i 31 d\u2019agost a Marratx\u00ed - Gastron\u00f2micament","isPartOf":{"@id":"https:\/\/gastronomicament.cat\/en\/#website"},"primaryImageOfPage":{"@id":"https:\/\/gastronomicament.cat\/en\/fang-tapa-torna-els-dijous-24-i-31-dagost-a-marratxi#primaryimage"},"image":{"@id":"https:\/\/gastronomicament.cat\/en\/fang-tapa-torna-els-dijous-24-i-31-dagost-a-marratxi#primaryimage"},"thumbnailUrl":"https:\/\/gastronomicament.cat\/wp-content\/uploads\/2023\/08\/fang-tapa-torna-a-marratxi-els-dijous-24-i-31-dagost-6.jpg","datePublished":"2023-08-24T11:38:56+00:00","description":"Fang Tapa torna els dijous 24 i 31 d\u2019agost a Marratx\u00ed Actualitat, Fires i rutes L'objectiu \u00e9s mostrar la varietat gastron\u00f2mica i l\u2019oferta de restauraci\u00f3 del municipi","inLanguage":"en-US","potentialAction":[{"@type":"ReadAction","target":["https:\/\/gastronomicament.cat\/en\/fang-tapa-torna-els-dijous-24-i-31-dagost-a-marratxi"]}]},{"@type":"ImageObject","inLanguage":"en-US","@id":"https:\/\/gastronomicament.cat\/en\/fang-tapa-torna-els-dijous-24-i-31-dagost-a-marratxi#primaryimage","url":"https:\/\/gastronomicament.cat\/wp-content\/uploads\/2023\/08\/fang-tapa-torna-a-marratxi-els-dijous-24-i-31-dagost-6.jpg","contentUrl":"https:\/\/gastronomicament.cat\/wp-content\/uploads\/2023\/08\/fang-tapa-torna-a-marratxi-els-dijous-24-i-31-dagost-6.jpg","width":1068,"height":714},{"@type":"WebSite","@id":"https:\/\/gastronomicament.cat\/en\/#website","url":"https:\/\/gastronomicament.cat\/en\/","name":"Gastron\u00f2micament","description":"Portal de restaurants, receptes i actualitat gastron\u00f2mica","publisher":{"@id":"https:\/\/gastronomicament.cat\/en\/#organization"},"potentialAction":[{"@type":"SearchAction","target":{"@type":"EntryPoint","urlTemplate":"https:\/\/gastronomicament.cat\/en\/?s={search_term_string}"},"query-input":{"@type":"PropertyValueSpecification","valueRequired":true,"valueName":"search_term_string"}}],"inLanguage":"en-US"},{"@type":"Organization","@id":"https:\/\/gastronomicament.cat\/en\/#organization","name":"Gastron\u00f2micament","url":"https:\/\/gastronomicament.cat\/en\/","logo":{"@type":"ImageObject","inLanguage":"en-US","@id":"https:\/\/gastronomicament.cat\/en\/#\/schema\/logo\/image\/","url":"https:\/\/gastronomicament.cat\/wp-content\/uploads\/2016\/09\/header-logo.jpg","contentUrl":"https:\/\/gastronomicament.cat\/wp-content\/uploads\/2016\/09\/header-logo.jpg","width":277,"height":39,"caption":"Gastron\u00f2micament"},"image":{"@id":"https:\/\/gastronomicament.cat\/en\/#\/schema\/logo\/image\/"},"sameAs":["https:\/\/x.com\/gastronomicamen"]},{"@type":"Person","@id":"https:\/\/gastronomicament.cat\/en\/#\/schema\/person\/a7c85c537a1ed62799a5b8e0f686a37f","name":"Redacci\u00f3","image":{"@type":"ImageObject","inLanguage":"en-US","@id":"https:\/\/secure.gravatar.com\/avatar\/9489a485c464fd611d33825daae651d13db70c4e74c65c94937a15a9d4c3ee14?s=96&d=mm&r=g69fea3cce3645dfa2166e7293e22955e","url":"https:\/\/secure.gravatar.com\/avatar\/9489a485c464fd611d33825daae651d13db70c4e74c65c94937a15a9d4c3ee14?s=96&d=mm&r=g","contentUrl":"https:\/\/secure.gravatar.com\/avatar\/9489a485c464fd611d33825daae651d13db70c4e74c65c94937a15a9d4c3ee14?s=96&d=mm&r=g","caption":"Redacci\u00f3"},"sameAs":["http:\/\/gastronomicament.cat"],"url":"https:\/\/gastronomicament.cat\/en\/author\/admin"}]}},"_links":{"self":[{"href":"https:\/\/gastronomicament.cat\/en\/wp-json\/wp\/v2\/posts\/83629","targetHints":{"allow":["GET"]}}],"collection":[{"href":"https:\/\/gastronomicament.cat\/en\/wp-json\/wp\/v2\/posts"}],"about":[{"href":"https:\/\/gastronomicament.cat\/en\/wp-json\/wp\/v2\/types\/post"}],"author":[{"embeddable":true,"href":"https:\/\/gastronomicament.cat\/en\/wp-json\/wp\/v2\/users\/1"}],"replies":[{"embeddable":true,"href":"https:\/\/gastronomicament.cat\/en\/wp-json\/wp\/v2\/comments?post=83629"}],"version-history":[{"count":0,"href":"https:\/\/gastronomicament.cat\/en\/wp-json\/wp\/v2\/posts\/83629\/revisions"}],"wp:featuredmedia":[{"embeddable":true,"href":"https:\/\/gastronomicament.cat\/en\/wp-json\/wp\/v2\/media\/83625"}],"wp:attachment":[{"href":"https:\/\/gastronomicament.cat\/en\/wp-json\/wp\/v2\/media?parent=83629"}],"wp:term":[{"taxonomy":"category","embeddable":true,"href":"https:\/\/gastronomicament.cat\/en\/wp-json\/wp\/v2\/categories?post=83629"},{"taxonomy":"post_tag","embeddable":true,"href":"https:\/\/gastronomicament.cat\/en\/wp-json\/wp\/v2\/tags?post=83629"},{"taxonomy":"author","embeddable":true,"href":"https:\/\/gastronomicament.cat\/en\/wp-json\/wp\/v2\/coauthors?post=83629"}],"curies":[{"name":"wp","href":"https:\/\/api.w.org\/{rel}","templated":true}]}}