{"id":84122,"date":"2023-09-27T10:29:50","date_gmt":"2023-09-27T08:29:50","guid":{"rendered":"https:\/\/gastronomicament.cat\/alaro-sera-capital-de-lartesania-gracies-a-la-fira-gremial"},"modified":"2023-09-27T10:29:50","modified_gmt":"2023-09-27T08:29:50","slug":"alaro-sera-capital-de-lartesania-gracies-a-la-fira-gremial","status":"publish","type":"post","link":"https:\/\/gastronomicament.cat\/en\/alaro-sera-capital-de-lartesania-gracies-a-la-fira-gremial","title":{"rendered":"Alar\u00f3 ser\u00e0 capital de l&#8217;artesania gr\u00e0cies a la Fira Gremial"},"content":{"rendered":"<p>El poble d&#8217;<strong>Alar\u00f3<\/strong>\u00a0celebra aquest diumenge una nova edici\u00f3 de la\u00a0<strong>Fira Gremial<\/strong>, la 24a, amb l&#8217;aspiraci\u00f3 de mantenir-se com un punt de refer\u00e8ncia en l&#8217;\u00e0mbit insular pel que fa a les arts i oficis artesans.<\/p>\n<p>El batle, <strong>Lloren\u00e7 Perell\u00f3<\/strong>, i la regidora de Fira,\u00a0<strong>Mari Caba\u00f1ero<\/strong>\u00a0han fet la presentaci\u00f3 de la fira davant els mitjans i han destacat que tot el poble es mou per aquesta fira, ja que suposa una promoci\u00f3 extraordin\u00e0ria\u00a0per a les empreses i restaurants locals.<\/p>\n<p>De nou, tot el centre d&#8217;Alar\u00f3 es transformar\u00e0 en un gran mostrador d&#8217;oficis artesans, agrupats en diferents carrers imitant el que durant segles varen ser els gremis. Aix\u00ed, al centre es podran trobar productes agroalimentaris, mostres de flors i plantes, artesans de joieria, i fang, productors de teixits, de fusta i de pell o negocis de decoraci\u00f3.Enguany l&#8217;Ajuntament ja ha confirmat la pres\u00e8ncia de quasi 90 parades artesanes.<\/p>\n<p>La fira tamb\u00e9 servir\u00e0 per oferir una mostra de la feina que fan les empreses locals, a les quals el Consistori vol donar un suport especial. A m\u00e9s, hi haur\u00e0 constants actuacions i animaci\u00f3 al carrer com tamb\u00e9 parades de les entitats socials i c\u00edviques del municipi.<\/p>\n<p><strong>Mostra de Cuina<\/strong><br \/>\nLa fira tamb\u00e9 servir\u00e0 per promocionar la gastronomia i els restauradors locals amb la\u00a0<strong>Mostra de Cuina<\/strong>\u00a0que se celebra<strong>\u00a0a la Pla\u00e7a del Mercat<\/strong>\u00a0i que comptar\u00e0 amb la participaci\u00f3 de\u00a0<strong>13 establiments locals<\/strong>, com tamb\u00e9\u00a0<strong>quatre cellers<\/strong>, un productor de\u00a0<strong>cervesa artesana<\/strong>\u00a0i un\u00a0<strong>productor de sangria<\/strong>.<\/p>\n<p>El batle Perell\u00f3 ha destacat el contingut cultural del programa. Aix\u00ed, per exemple, a m\u00e9s de la fira en si, es podr\u00e0 gaudir de fins a cinc exposicions art\u00edstiques diferents i una altra exposici\u00f3 dedicada a la curiosa hist\u00f2ria del Ferrocarril d&#8217;Alar\u00f3. A m\u00e9s, el batle ha recalcat la import\u00e0ncia de la <strong>Mostra d&#8217;Arts Tradicionals de Ca\u00e7a<\/strong>.<\/p>\n<p>La regidora Caba\u00f1ero tamb\u00e9 ha destacat el <strong>concurs de ca d&#8217;atura<\/strong>\u00a0que enguany s&#8217;allargar\u00e0 tot el mat\u00ed a causa del gran nombre de participants inscrits.<\/p>\n<p>Caba\u00f1ero ha convidat tots els mallorquins a acostar-se a Alar\u00f3 a gaudir de la fira i de tot un poble que <strong>els rebr\u00e0 amb els bra\u00e7os oberts<\/strong>. En aquest sentit, aconsella els visitants de dirigir-se als diferents\u00a0<strong>aparcaments<\/strong>, fins a 6 diferents, que hi haur\u00e0 habilitats i senyalitzats als voltants del centre i despr\u00e9s a\u00a0<strong>passejar\u00a0a peu i gaudir del poble<\/strong>.<\/p>\n<p><a href=\"https:\/\/gastronomicament.cat\/wp-content\/uploads\/2023\/09\/Programa-Fira-Gremial-Alaro-2023.pdf\" target=\"_blank\" rel=\"noopener\">Veure el programa complet<\/a><\/p>\n","protected":false},"excerpt":{"rendered":"<p>Hi haur\u00e0 la Mostra de Cuina, a la pla\u00e7a del mercat, amb 13 restaurants, 4 cellers,&hellip;<\/p>\n","protected":false},"author":1,"featured_media":84118,"comment_status":"open","ping_status":"closed","sticky":false,"template":"","format":"standard","meta":{"_acf_changed":false,"_swt_meta_header_display":false,"_swt_meta_footer_display":false,"_swt_meta_site_title_display":false,"_swt_meta_sticky_header":false,"_swt_meta_transparent_header":false,"footnotes":""},"categories":[1046,1471],"tags":[],"coauthors":[2053],"class_list":["post-84122","post","type-post","status-publish","format-standard","has-post-thumbnail","hentry","category-actualitat-es-en","category-fires-i-rutes-en"],"acf":{"gallery":null,"home_date":{"home_begin_date":null,"home_end_date":null}},"yoast_head":"<!-- This site is optimized with the Yoast SEO plugin v27.4 - https:\/\/yoast.com\/product\/yoast-seo-wordpress\/ -->\n<title>Alar\u00f3 ser\u00e0 capital de l&#039;artesania gr\u00e0cies a la Fira Gremial - Gastron\u00f2micament<\/title>\n<meta name=\"description\" content=\"Alar\u00f3 ser\u00e0 capital de l&#039;artesania gr\u00e0cies a la Fira Gremial Actualitat, Fires i rutes Hi haur\u00e0 la Mostra de Cuina, a la pla\u00e7a del mercat, amb 13 restaurants, 4 cellers, cervesa artesana i sangria\" \/>\n<meta name=\"robots\" content=\"index, follow, max-snippet:-1, max-image-preview:large, max-video-preview:-1\" \/>\n<link rel=\"canonical\" href=\"https:\/\/gastronomicament.cat\/en\/alaro-sera-capital-de-lartesania-gracies-a-la-fira-gremial\" \/>\n<meta property=\"og:locale\" content=\"en_US\" \/>\n<meta property=\"og:type\" content=\"article\" \/>\n<meta property=\"og:title\" content=\"Alar\u00f3 ser\u00e0 capital de l&#039;artesania gr\u00e0cies a la Fira Gremial - Gastron\u00f2micament\" \/>\n<meta property=\"og:description\" content=\"Alar\u00f3 ser\u00e0 capital de l&#039;artesania gr\u00e0cies a la Fira Gremial Actualitat, Fires i rutes Hi haur\u00e0 la Mostra de Cuina, a la pla\u00e7a del mercat, amb 13 restaurants, 4 cellers, cervesa artesana i sangria\" \/>\n<meta property=\"og:url\" content=\"https:\/\/gastronomicament.cat\/en\/alaro-sera-capital-de-lartesania-gracies-a-la-fira-gremial\" \/>\n<meta property=\"og:site_name\" content=\"Gastron\u00f2micament\" \/>\n<meta property=\"article:published_time\" content=\"2023-09-27T08:29:50+00:00\" \/>\n<meta property=\"og:image\" content=\"https:\/\/gastronomicament.cat\/wp-content\/uploads\/2023\/09\/Presentacio-Fira-Gremial-Alaro-2023.jpg\" \/>\n\t<meta property=\"og:image:width\" content=\"1024\" \/>\n\t<meta property=\"og:image:height\" content=\"768\" \/>\n\t<meta property=\"og:image:type\" content=\"image\/jpeg\" \/>\n<meta name=\"author\" content=\"Redacci\u00f3\" \/>\n<meta name=\"twitter:card\" content=\"summary_large_image\" \/>\n<meta name=\"twitter:creator\" content=\"@gastronomicamen\" \/>\n<meta name=\"twitter:site\" content=\"@gastronomicamen\" \/>\n<meta name=\"twitter:label1\" content=\"Written by\" \/>\n\t<meta name=\"twitter:data1\" content=\"Redacci\u00f3\" \/>\n\t<meta name=\"twitter:label2\" content=\"Est. reading time\" \/>\n\t<meta name=\"twitter:data2\" content=\"3 minutes\" \/>\n<script type=\"application\/ld+json\" class=\"yoast-schema-graph\">{\"@context\":\"https:\\\/\\\/schema.org\",\"@graph\":[{\"@type\":\"Article\",\"@id\":\"https:\\\/\\\/gastronomicament.cat\\\/en\\\/alaro-sera-capital-de-lartesania-gracies-a-la-fira-gremial#article\",\"isPartOf\":{\"@id\":\"https:\\\/\\\/gastronomicament.cat\\\/en\\\/alaro-sera-capital-de-lartesania-gracies-a-la-fira-gremial\"},\"author\":{\"name\":\"Redacci\u00f3\",\"@id\":\"https:\\\/\\\/gastronomicament.cat\\\/en\\\/#\\\/schema\\\/person\\\/a7c85c537a1ed62799a5b8e0f686a37f\"},\"headline\":\"Alar\u00f3 ser\u00e0 capital de l&#8217;artesania gr\u00e0cies a la Fira Gremial\",\"datePublished\":\"2023-09-27T08:29:50+00:00\",\"mainEntityOfPage\":{\"@id\":\"https:\\\/\\\/gastronomicament.cat\\\/en\\\/alaro-sera-capital-de-lartesania-gracies-a-la-fira-gremial\"},\"wordCount\":424,\"commentCount\":0,\"publisher\":{\"@id\":\"https:\\\/\\\/gastronomicament.cat\\\/en\\\/#organization\"},\"image\":{\"@id\":\"https:\\\/\\\/gastronomicament.cat\\\/en\\\/alaro-sera-capital-de-lartesania-gracies-a-la-fira-gremial#primaryimage\"},\"thumbnailUrl\":\"https:\\\/\\\/gastronomicament.cat\\\/wp-content\\\/uploads\\\/2023\\\/09\\\/Presentacio-Fira-Gremial-Alaro-2023.jpg\",\"articleSection\":[\"Actualitat\",\"Fires i rutes\"],\"inLanguage\":\"en-US\",\"potentialAction\":[{\"@type\":\"CommentAction\",\"name\":\"Comment\",\"target\":[\"https:\\\/\\\/gastronomicament.cat\\\/en\\\/alaro-sera-capital-de-lartesania-gracies-a-la-fira-gremial#respond\"]}]},{\"@type\":\"WebPage\",\"@id\":\"https:\\\/\\\/gastronomicament.cat\\\/en\\\/alaro-sera-capital-de-lartesania-gracies-a-la-fira-gremial\",\"url\":\"https:\\\/\\\/gastronomicament.cat\\\/en\\\/alaro-sera-capital-de-lartesania-gracies-a-la-fira-gremial\",\"name\":\"Alar\u00f3 ser\u00e0 capital de l'artesania gr\u00e0cies a la Fira Gremial - Gastron\u00f2micament\",\"isPartOf\":{\"@id\":\"https:\\\/\\\/gastronomicament.cat\\\/en\\\/#website\"},\"primaryImageOfPage\":{\"@id\":\"https:\\\/\\\/gastronomicament.cat\\\/en\\\/alaro-sera-capital-de-lartesania-gracies-a-la-fira-gremial#primaryimage\"},\"image\":{\"@id\":\"https:\\\/\\\/gastronomicament.cat\\\/en\\\/alaro-sera-capital-de-lartesania-gracies-a-la-fira-gremial#primaryimage\"},\"thumbnailUrl\":\"https:\\\/\\\/gastronomicament.cat\\\/wp-content\\\/uploads\\\/2023\\\/09\\\/Presentacio-Fira-Gremial-Alaro-2023.jpg\",\"datePublished\":\"2023-09-27T08:29:50+00:00\",\"description\":\"Alar\u00f3 ser\u00e0 capital de l'artesania gr\u00e0cies a la Fira Gremial Actualitat, Fires i rutes Hi haur\u00e0 la Mostra de Cuina, a la pla\u00e7a del mercat, amb 13 restaurants, 4 cellers, cervesa artesana i sangria\",\"inLanguage\":\"en-US\",\"potentialAction\":[{\"@type\":\"ReadAction\",\"target\":[\"https:\\\/\\\/gastronomicament.cat\\\/en\\\/alaro-sera-capital-de-lartesania-gracies-a-la-fira-gremial\"]}]},{\"@type\":\"ImageObject\",\"inLanguage\":\"en-US\",\"@id\":\"https:\\\/\\\/gastronomicament.cat\\\/en\\\/alaro-sera-capital-de-lartesania-gracies-a-la-fira-gremial#primaryimage\",\"url\":\"https:\\\/\\\/gastronomicament.cat\\\/wp-content\\\/uploads\\\/2023\\\/09\\\/Presentacio-Fira-Gremial-Alaro-2023.jpg\",\"contentUrl\":\"https:\\\/\\\/gastronomicament.cat\\\/wp-content\\\/uploads\\\/2023\\\/09\\\/Presentacio-Fira-Gremial-Alaro-2023.jpg\",\"width\":1024,\"height\":768},{\"@type\":\"WebSite\",\"@id\":\"https:\\\/\\\/gastronomicament.cat\\\/en\\\/#website\",\"url\":\"https:\\\/\\\/gastronomicament.cat\\\/en\\\/\",\"name\":\"Gastron\u00f2micament\",\"description\":\"Portal de restaurants, receptes i actualitat gastron\u00f2mica\",\"publisher\":{\"@id\":\"https:\\\/\\\/gastronomicament.cat\\\/en\\\/#organization\"},\"potentialAction\":[{\"@type\":\"SearchAction\",\"target\":{\"@type\":\"EntryPoint\",\"urlTemplate\":\"https:\\\/\\\/gastronomicament.cat\\\/en\\\/?s={search_term_string}\"},\"query-input\":{\"@type\":\"PropertyValueSpecification\",\"valueRequired\":true,\"valueName\":\"search_term_string\"}}],\"inLanguage\":\"en-US\"},{\"@type\":\"Organization\",\"@id\":\"https:\\\/\\\/gastronomicament.cat\\\/en\\\/#organization\",\"name\":\"Gastron\u00f2micament\",\"url\":\"https:\\\/\\\/gastronomicament.cat\\\/en\\\/\",\"logo\":{\"@type\":\"ImageObject\",\"inLanguage\":\"en-US\",\"@id\":\"https:\\\/\\\/gastronomicament.cat\\\/en\\\/#\\\/schema\\\/logo\\\/image\\\/\",\"url\":\"https:\\\/\\\/gastronomicament.cat\\\/wp-content\\\/uploads\\\/2016\\\/09\\\/header-logo.jpg\",\"contentUrl\":\"https:\\\/\\\/gastronomicament.cat\\\/wp-content\\\/uploads\\\/2016\\\/09\\\/header-logo.jpg\",\"width\":277,\"height\":39,\"caption\":\"Gastron\u00f2micament\"},\"image\":{\"@id\":\"https:\\\/\\\/gastronomicament.cat\\\/en\\\/#\\\/schema\\\/logo\\\/image\\\/\"},\"sameAs\":[\"https:\\\/\\\/x.com\\\/gastronomicamen\"]},{\"@type\":\"Person\",\"@id\":\"https:\\\/\\\/gastronomicament.cat\\\/en\\\/#\\\/schema\\\/person\\\/a7c85c537a1ed62799a5b8e0f686a37f\",\"name\":\"Redacci\u00f3\",\"image\":{\"@type\":\"ImageObject\",\"inLanguage\":\"en-US\",\"@id\":\"https:\\\/\\\/secure.gravatar.com\\\/avatar\\\/9489a485c464fd611d33825daae651d13db70c4e74c65c94937a15a9d4c3ee14?s=96&d=mm&r=g69fea3cce3645dfa2166e7293e22955e\",\"url\":\"https:\\\/\\\/secure.gravatar.com\\\/avatar\\\/9489a485c464fd611d33825daae651d13db70c4e74c65c94937a15a9d4c3ee14?s=96&d=mm&r=g\",\"contentUrl\":\"https:\\\/\\\/secure.gravatar.com\\\/avatar\\\/9489a485c464fd611d33825daae651d13db70c4e74c65c94937a15a9d4c3ee14?s=96&d=mm&r=g\",\"caption\":\"Redacci\u00f3\"},\"sameAs\":[\"http:\\\/\\\/gastronomicament.cat\"],\"url\":\"https:\\\/\\\/gastronomicament.cat\\\/en\\\/author\\\/admin\"}]}<\/script>\n<!-- \/ Yoast SEO plugin. -->","yoast_head_json":{"title":"Alar\u00f3 ser\u00e0 capital de l'artesania gr\u00e0cies a la Fira Gremial - Gastron\u00f2micament","description":"Alar\u00f3 ser\u00e0 capital de l'artesania gr\u00e0cies a la Fira Gremial Actualitat, Fires i rutes Hi haur\u00e0 la Mostra de Cuina, a la pla\u00e7a del mercat, amb 13 restaurants, 4 cellers, cervesa artesana i sangria","robots":{"index":"index","follow":"follow","max-snippet":"max-snippet:-1","max-image-preview":"max-image-preview:large","max-video-preview":"max-video-preview:-1"},"canonical":"https:\/\/gastronomicament.cat\/en\/alaro-sera-capital-de-lartesania-gracies-a-la-fira-gremial","og_locale":"en_US","og_type":"article","og_title":"Alar\u00f3 ser\u00e0 capital de l'artesania gr\u00e0cies a la Fira Gremial - Gastron\u00f2micament","og_description":"Alar\u00f3 ser\u00e0 capital de l'artesania gr\u00e0cies a la Fira Gremial Actualitat, Fires i rutes Hi haur\u00e0 la Mostra de Cuina, a la pla\u00e7a del mercat, amb 13 restaurants, 4 cellers, cervesa artesana i sangria","og_url":"https:\/\/gastronomicament.cat\/en\/alaro-sera-capital-de-lartesania-gracies-a-la-fira-gremial","og_site_name":"Gastron\u00f2micament","article_published_time":"2023-09-27T08:29:50+00:00","og_image":[{"width":1024,"height":768,"url":"https:\/\/gastronomicament.cat\/wp-content\/uploads\/2023\/09\/Presentacio-Fira-Gremial-Alaro-2023.jpg","type":"image\/jpeg"}],"author":"Redacci\u00f3","twitter_card":"summary_large_image","twitter_creator":"@gastronomicamen","twitter_site":"@gastronomicamen","twitter_misc":{"Written by":"Redacci\u00f3","Est. reading time":"3 minutes"},"schema":{"@context":"https:\/\/schema.org","@graph":[{"@type":"Article","@id":"https:\/\/gastronomicament.cat\/en\/alaro-sera-capital-de-lartesania-gracies-a-la-fira-gremial#article","isPartOf":{"@id":"https:\/\/gastronomicament.cat\/en\/alaro-sera-capital-de-lartesania-gracies-a-la-fira-gremial"},"author":{"name":"Redacci\u00f3","@id":"https:\/\/gastronomicament.cat\/en\/#\/schema\/person\/a7c85c537a1ed62799a5b8e0f686a37f"},"headline":"Alar\u00f3 ser\u00e0 capital de l&#8217;artesania gr\u00e0cies a la Fira Gremial","datePublished":"2023-09-27T08:29:50+00:00","mainEntityOfPage":{"@id":"https:\/\/gastronomicament.cat\/en\/alaro-sera-capital-de-lartesania-gracies-a-la-fira-gremial"},"wordCount":424,"commentCount":0,"publisher":{"@id":"https:\/\/gastronomicament.cat\/en\/#organization"},"image":{"@id":"https:\/\/gastronomicament.cat\/en\/alaro-sera-capital-de-lartesania-gracies-a-la-fira-gremial#primaryimage"},"thumbnailUrl":"https:\/\/gastronomicament.cat\/wp-content\/uploads\/2023\/09\/Presentacio-Fira-Gremial-Alaro-2023.jpg","articleSection":["Actualitat","Fires i rutes"],"inLanguage":"en-US","potentialAction":[{"@type":"CommentAction","name":"Comment","target":["https:\/\/gastronomicament.cat\/en\/alaro-sera-capital-de-lartesania-gracies-a-la-fira-gremial#respond"]}]},{"@type":"WebPage","@id":"https:\/\/gastronomicament.cat\/en\/alaro-sera-capital-de-lartesania-gracies-a-la-fira-gremial","url":"https:\/\/gastronomicament.cat\/en\/alaro-sera-capital-de-lartesania-gracies-a-la-fira-gremial","name":"Alar\u00f3 ser\u00e0 capital de l'artesania gr\u00e0cies a la Fira Gremial - Gastron\u00f2micament","isPartOf":{"@id":"https:\/\/gastronomicament.cat\/en\/#website"},"primaryImageOfPage":{"@id":"https:\/\/gastronomicament.cat\/en\/alaro-sera-capital-de-lartesania-gracies-a-la-fira-gremial#primaryimage"},"image":{"@id":"https:\/\/gastronomicament.cat\/en\/alaro-sera-capital-de-lartesania-gracies-a-la-fira-gremial#primaryimage"},"thumbnailUrl":"https:\/\/gastronomicament.cat\/wp-content\/uploads\/2023\/09\/Presentacio-Fira-Gremial-Alaro-2023.jpg","datePublished":"2023-09-27T08:29:50+00:00","description":"Alar\u00f3 ser\u00e0 capital de l'artesania gr\u00e0cies a la Fira Gremial Actualitat, Fires i rutes Hi haur\u00e0 la Mostra de Cuina, a la pla\u00e7a del mercat, amb 13 restaurants, 4 cellers, cervesa artesana i sangria","inLanguage":"en-US","potentialAction":[{"@type":"ReadAction","target":["https:\/\/gastronomicament.cat\/en\/alaro-sera-capital-de-lartesania-gracies-a-la-fira-gremial"]}]},{"@type":"ImageObject","inLanguage":"en-US","@id":"https:\/\/gastronomicament.cat\/en\/alaro-sera-capital-de-lartesania-gracies-a-la-fira-gremial#primaryimage","url":"https:\/\/gastronomicament.cat\/wp-content\/uploads\/2023\/09\/Presentacio-Fira-Gremial-Alaro-2023.jpg","contentUrl":"https:\/\/gastronomicament.cat\/wp-content\/uploads\/2023\/09\/Presentacio-Fira-Gremial-Alaro-2023.jpg","width":1024,"height":768},{"@type":"WebSite","@id":"https:\/\/gastronomicament.cat\/en\/#website","url":"https:\/\/gastronomicament.cat\/en\/","name":"Gastron\u00f2micament","description":"Portal de restaurants, receptes i actualitat gastron\u00f2mica","publisher":{"@id":"https:\/\/gastronomicament.cat\/en\/#organization"},"potentialAction":[{"@type":"SearchAction","target":{"@type":"EntryPoint","urlTemplate":"https:\/\/gastronomicament.cat\/en\/?s={search_term_string}"},"query-input":{"@type":"PropertyValueSpecification","valueRequired":true,"valueName":"search_term_string"}}],"inLanguage":"en-US"},{"@type":"Organization","@id":"https:\/\/gastronomicament.cat\/en\/#organization","name":"Gastron\u00f2micament","url":"https:\/\/gastronomicament.cat\/en\/","logo":{"@type":"ImageObject","inLanguage":"en-US","@id":"https:\/\/gastronomicament.cat\/en\/#\/schema\/logo\/image\/","url":"https:\/\/gastronomicament.cat\/wp-content\/uploads\/2016\/09\/header-logo.jpg","contentUrl":"https:\/\/gastronomicament.cat\/wp-content\/uploads\/2016\/09\/header-logo.jpg","width":277,"height":39,"caption":"Gastron\u00f2micament"},"image":{"@id":"https:\/\/gastronomicament.cat\/en\/#\/schema\/logo\/image\/"},"sameAs":["https:\/\/x.com\/gastronomicamen"]},{"@type":"Person","@id":"https:\/\/gastronomicament.cat\/en\/#\/schema\/person\/a7c85c537a1ed62799a5b8e0f686a37f","name":"Redacci\u00f3","image":{"@type":"ImageObject","inLanguage":"en-US","@id":"https:\/\/secure.gravatar.com\/avatar\/9489a485c464fd611d33825daae651d13db70c4e74c65c94937a15a9d4c3ee14?s=96&d=mm&r=g69fea3cce3645dfa2166e7293e22955e","url":"https:\/\/secure.gravatar.com\/avatar\/9489a485c464fd611d33825daae651d13db70c4e74c65c94937a15a9d4c3ee14?s=96&d=mm&r=g","contentUrl":"https:\/\/secure.gravatar.com\/avatar\/9489a485c464fd611d33825daae651d13db70c4e74c65c94937a15a9d4c3ee14?s=96&d=mm&r=g","caption":"Redacci\u00f3"},"sameAs":["http:\/\/gastronomicament.cat"],"url":"https:\/\/gastronomicament.cat\/en\/author\/admin"}]}},"_links":{"self":[{"href":"https:\/\/gastronomicament.cat\/en\/wp-json\/wp\/v2\/posts\/84122","targetHints":{"allow":["GET"]}}],"collection":[{"href":"https:\/\/gastronomicament.cat\/en\/wp-json\/wp\/v2\/posts"}],"about":[{"href":"https:\/\/gastronomicament.cat\/en\/wp-json\/wp\/v2\/types\/post"}],"author":[{"embeddable":true,"href":"https:\/\/gastronomicament.cat\/en\/wp-json\/wp\/v2\/users\/1"}],"replies":[{"embeddable":true,"href":"https:\/\/gastronomicament.cat\/en\/wp-json\/wp\/v2\/comments?post=84122"}],"version-history":[{"count":0,"href":"https:\/\/gastronomicament.cat\/en\/wp-json\/wp\/v2\/posts\/84122\/revisions"}],"wp:featuredmedia":[{"embeddable":true,"href":"https:\/\/gastronomicament.cat\/en\/wp-json\/wp\/v2\/media\/84118"}],"wp:attachment":[{"href":"https:\/\/gastronomicament.cat\/en\/wp-json\/wp\/v2\/media?parent=84122"}],"wp:term":[{"taxonomy":"category","embeddable":true,"href":"https:\/\/gastronomicament.cat\/en\/wp-json\/wp\/v2\/categories?post=84122"},{"taxonomy":"post_tag","embeddable":true,"href":"https:\/\/gastronomicament.cat\/en\/wp-json\/wp\/v2\/tags?post=84122"},{"taxonomy":"author","embeddable":true,"href":"https:\/\/gastronomicament.cat\/en\/wp-json\/wp\/v2\/coauthors?post=84122"}],"curies":[{"name":"wp","href":"https:\/\/api.w.org\/{rel}","templated":true}]}}