{"id":85617,"date":"2023-10-24T13:14:50","date_gmt":"2023-10-24T11:14:50","guid":{"rendered":"https:\/\/gastronomicament.cat\/jaime-martinez-tapalma-esta-consolidada-a-la-ciutat-i-te-tot-el-suport-daquest-ajuntament"},"modified":"2023-10-24T13:15:37","modified_gmt":"2023-10-24T11:15:37","slug":"jaime-martinez-tapalma-esta-consolidada-a-la-ciutat-i-te-tot-el-suport-daquest-ajuntament","status":"publish","type":"post","link":"https:\/\/gastronomicament.cat\/en\/jaime-martinez-tapalma-esta-consolidada-a-la-ciutat-i-te-tot-el-suport-daquest-ajuntament","title":{"rendered":"Jaime Mart\u00ednez: &#8220;TaPalma est\u00e0 consolidada a la ciutat i t\u00e9 tot el suport d&#8217;aquest Ajuntament&#8221;"},"content":{"rendered":"<p>La cita gastron\u00f2mica m\u00e9s important del panorama balear, TaPalma 2023, s&#8217;ha presentat el dilluns d&#8217;aquesta setmana a l&#8217;Ajuntament de Palma.<\/p>\n<p>Aquesta nova edici\u00f3, que reunir\u00e0 els millors cuiners i b\u00e0rmans de l&#8217;illa, tendr\u00e0 dos actes centrals. El primer ser\u00e0 el\u00a0<strong>concurs de tapes i c\u00f2ctels el 20 de novembre en el Palau de Congressos de Palma<\/strong>, i el segon ser\u00e0\u00a0\u00a0<strong>la ruta, que es dur\u00e0 a terme del 22 al 26 de novembre a diferents barris de la ciutat<\/strong>.<\/p>\n<p>El batle de Palma,\u00a0<strong>Jaime Mart\u00ednez<\/strong>, ha afirmat que \u201cposar el nom de Palma a un esdeveniment com aquest \u00e9s una bona not\u00edcia i apostar per TaPalma \u00e9s un comprom\u00eds que tenim com a Ajuntament, sobre tot amb la creaci\u00f3 de la regidoria de Restauraci\u00f3 que demostra el que ens importa el sector al consistori. TaPalma \u00e9s un esdeveniment que est\u00e0 absolutament assentat a la ciutat i en el sector, i aix\u00f2 \u00e9s una gran not\u00edcia\u201d.<\/p>\n<p>Per la seva banda,\u00a0<strong>Miguel Pardo<\/strong>, director de Relacions Institucionals de Trasmed, ha assenyalat que \u201cvolem donar les gr\u00e0cies a TaPalma per confiar en nosaltres com a patrocinador&#8221;, i ha explicat que &#8220;enguany tamb\u00e9 es presentar\u00e0 aquesta nova edici\u00f3 a Barcelona, ja que per nosaltres la gastronomia \u00e9s cultura i \u00e9s una aposta de la naviliera pel producte local\u201d.<\/p>\n<p><strong>Antoni Martorell<\/strong>, director general d&#8217;AgenciaCom, ha explicat que \u201cdes de l\u2019organitzaci\u00f3 de TaPalma volem expressar el nostre agra\u00efment a l\u2019Ajuntament de Palma per acollir un any m\u00e9s aquest acte de presentaci\u00f3 d\u2019aquesta cita gastron\u00f2mica de la ciutat de Palma&#8221;.<\/p>\n<p>I ha afegit que &#8220;enguany TaPalma compta amb el suport de les principals institucions com s\u00f3n l\u2019Ajuntament de Palma, el Consell de Mallorca i el Govern de les Illes Balears, com tamb\u00e9\u00a0de totes les empreses privades que continuen apostant per aquest esdeveniment gastron\u00f2mic que t\u00e9 com a objectiu dinamitzar la ciutat a trav\u00e9s del sector de la restauraci\u00f3\u201d.<\/p>\n<p>En representaci\u00f3 del restauradors,\u00a0<strong>Alfonso Robledo<\/strong>, president de Restauraci\u00f3 Mallorca Caeb, ha expressat que \u201cTaPalma \u00e9s un esdeveniment gastron\u00f2mic que vol dinamitzar la ciutat en una de les pitjors setmanes de l\u2019any per al sector de la restauraci\u00f3 i el principal objectiu \u00e9s moure l\u2019economia de Palma\u201d.<\/p>\n<p>Finalment, el president del jurat de TaPalma i xef de El Bandarra,\u00a0<strong>Igor Rodr\u00edguez<\/strong>, ha recordat que \u201cTaPalma no \u00e9s possible sense els restaurants que hi participen i per aix\u00f2, un any m\u00e9s, vull animar tots els restaurants de Palma a qu\u00e8 participin en aquesta edici\u00f3 del concurs i ruta de tapes i c\u00f2ctels\u201d.<\/p>\n<p>Pel que fa als\u00a0<strong>premis del concurs<\/strong>, el guanyador de cada categoria rebr\u00e0, a m\u00e9s a m\u00e9s del xec de Makro, un premi en met\u00e0l\u00b7lic (Tapa TaPalma 600\u202f\u20ac, tapa tem\u00e0tica 500\u202f\u20ac i c\u00f2ctel 500\u202f\u20ac). A m\u00e9s tamb\u00e9 es donaran tres acc\u00e8ssits, a la millor tapa maridada amb cervesa Mahou, a la millor tapa elaborada amb DO Oli de Mallorca i al millor c\u00f2ctel elaborat amb producte Antonio Nadal.<\/p>\n<p><strong>Novetats per al m\u00f2bil<br \/>\n<\/strong>Cal recordar que, TaPalma 2023, tamb\u00e9 tendr\u00e0 una App amb informaci\u00f3 dels restaurants que participen en la ruta de tapes i c\u00f2ctels.<\/p>\n<p>En acabar la presentaci\u00f3 ha tingut lloc una degustaci\u00f3 de producte del Consell Regulador IGP Sobrassada de Mallorca, patrocinador de la tapa tem\u00e0tica de TaPalma 2023. Aix\u00ed com una mostra de producte de les Cooperatives Agroaliment\u00e0ries de les Illes Balears.<\/p>\n<p><strong>Inscripcions<\/strong><br \/>\nLes inscripcions per als bars i restaurants que vulguin participar, tant en el concurs com en la ruta, continuen obertes i podran inscriure&#8217;s emplenant el formulari d&#8217;inscripci\u00f3 que trobaran en la web\u00a0<a href=\"http:\/\/www.tapalma.com\/\" target=\"_blank\" rel=\"nofollow noopener\">www.tapalma.com<\/a>\u00a0fins al 30 d&#8217;octubre.<\/p>\n<p><strong>Patrocinadors i col\u00b7laboradors<br \/>\n<\/strong>TaPalma 2023, \u00e9s organizat per AgenciaCom i Restauraci\u00f3 Mallorca Caeb, compta amb el patrocini oficial de Trasmed; els patrocinadors institucionals s\u00f3n l&#8217;Ajuntament de Palma i Passion for Palma, la Fundaci\u00f3 Mallorca Turisme i l&#8217;Ag\u00e8ncia d&#8217;Estrat\u00e8gia Tur\u00edstica de les Illes Balears; tamb\u00e9 t\u00e9 el patrocini del Palau de Congressos de Palma, Mahou, Consell Regulador IGP Sobrassada de Mallorca, Autovidal, Makro, DO Oli de Mallorca, Distribucions T\u00fanel i Caf\u00e9 Rico; la col\u00b7laboraci\u00f3 de Cooperatives Agro-aliment\u00e0ries de les Illes Balears, Coca-Cola, KM0, Ascaib, Associaci\u00f3 de Bartenders de les Illes Balears, l&#8217;Escola d&#8217;Hoteleria de les Illes Balears, Ahorro Luz y Gas, CaixaBank, Fundaci\u00f3 La Caixa, Jos\u00e9 Luis Ferrer i Aico; a m\u00e9s de Mallorcadiario.com, COPE, Ultima Hora i Fires i Festes com a mitjans oficials.<\/p>\n","protected":false},"excerpt":{"rendered":"<p>El concurs tindr\u00e0 lloc el pr\u00f2xim 20 de novembre al Palau de Congressos de Palma, i&hellip;<\/p>\n","protected":false},"author":1,"featured_media":85613,"comment_status":"open","ping_status":"closed","sticky":false,"template":"","format":"gallery","meta":{"_acf_changed":false,"_swt_meta_header_display":false,"_swt_meta_footer_display":false,"_swt_meta_site_title_display":false,"_swt_meta_sticky_header":false,"_swt_meta_transparent_header":false,"footnotes":""},"categories":[1046,1471],"tags":[],"coauthors":[2053],"class_list":["post-85617","post","type-post","status-publish","format-gallery","has-post-thumbnail","hentry","category-actualitat-es-en","category-fires-i-rutes-en","post_format-post-format-gallery"],"acf":{"gallery":null,"home_date":{"home_begin_date":null,"home_end_date":null}},"yoast_head":"<!-- This site is optimized with the Yoast SEO plugin v27.4 - https:\/\/yoast.com\/product\/yoast-seo-wordpress\/ -->\n<title>Jaime Mart\u00ednez: &quot;TaPalma est\u00e0 consolidada a la ciutat i t\u00e9 tot el suport d&#039;aquest Ajuntament&quot; - Gastron\u00f2micament<\/title>\n<meta name=\"description\" content=\"Jaime Mart\u00ednez: &quot;TaPalma est\u00e0 consolidada a la ciutat i t\u00e9 tot el suport d&#039;aquest Ajuntament&quot; Actualitat, Fires i rutes El concurs tindr\u00e0 lloc el pr\u00f2xim 20 de novembre al Palau de Congressos de Palma, i la ruta de tapes i c\u00f2ctels se celebrar\u00e0 del 22 al 26 de novembre\" \/>\n<meta name=\"robots\" content=\"index, follow, max-snippet:-1, max-image-preview:large, max-video-preview:-1\" \/>\n<link rel=\"canonical\" href=\"https:\/\/gastronomicament.cat\/en\/jaime-martinez-tapalma-esta-consolidada-a-la-ciutat-i-te-tot-el-suport-daquest-ajuntament\" \/>\n<meta property=\"og:locale\" content=\"en_US\" \/>\n<meta property=\"og:type\" content=\"article\" \/>\n<meta property=\"og:title\" content=\"Jaime Mart\u00ednez: &quot;TaPalma est\u00e0 consolidada a la ciutat i t\u00e9 tot el suport d&#039;aquest Ajuntament&quot; - Gastron\u00f2micament\" \/>\n<meta property=\"og:description\" content=\"Jaime Mart\u00ednez: &quot;TaPalma est\u00e0 consolidada a la ciutat i t\u00e9 tot el suport d&#039;aquest Ajuntament&quot; Actualitat, Fires i rutes El concurs tindr\u00e0 lloc el pr\u00f2xim 20 de novembre al Palau de Congressos de Palma, i la ruta de tapes i c\u00f2ctels se celebrar\u00e0 del 22 al 26 de novembre\" \/>\n<meta property=\"og:url\" content=\"https:\/\/gastronomicament.cat\/en\/jaime-martinez-tapalma-esta-consolidada-a-la-ciutat-i-te-tot-el-suport-daquest-ajuntament\" \/>\n<meta property=\"og:site_name\" content=\"Gastron\u00f2micament\" \/>\n<meta property=\"article:published_time\" content=\"2023-10-24T11:14:50+00:00\" \/>\n<meta property=\"article:modified_time\" content=\"2023-10-24T11:15:37+00:00\" \/>\n<meta property=\"og:image\" content=\"https:\/\/gastronomicament.cat\/wp-content\/uploads\/2023\/10\/Tapalma-2023.jpg\" \/>\n\t<meta property=\"og:image:width\" content=\"1115\" \/>\n\t<meta property=\"og:image:height\" content=\"685\" \/>\n\t<meta property=\"og:image:type\" content=\"image\/jpeg\" \/>\n<meta name=\"author\" content=\"Redacci\u00f3\" \/>\n<meta name=\"twitter:card\" content=\"summary_large_image\" \/>\n<meta name=\"twitter:creator\" content=\"@gastronomicamen\" \/>\n<meta name=\"twitter:site\" content=\"@gastronomicamen\" \/>\n<meta name=\"twitter:label1\" content=\"Written by\" \/>\n\t<meta name=\"twitter:data1\" content=\"Redacci\u00f3\" \/>\n\t<meta name=\"twitter:label2\" content=\"Est. reading time\" \/>\n\t<meta name=\"twitter:data2\" content=\"4 minutes\" \/>\n<script type=\"application\/ld+json\" class=\"yoast-schema-graph\">{\"@context\":\"https:\\\/\\\/schema.org\",\"@graph\":[{\"@type\":\"Article\",\"@id\":\"https:\\\/\\\/gastronomicament.cat\\\/en\\\/jaime-martinez-tapalma-esta-consolidada-a-la-ciutat-i-te-tot-el-suport-daquest-ajuntament#article\",\"isPartOf\":{\"@id\":\"https:\\\/\\\/gastronomicament.cat\\\/en\\\/jaime-martinez-tapalma-esta-consolidada-a-la-ciutat-i-te-tot-el-suport-daquest-ajuntament\"},\"author\":{\"name\":\"Redacci\u00f3\",\"@id\":\"https:\\\/\\\/gastronomicament.cat\\\/en\\\/#\\\/schema\\\/person\\\/a7c85c537a1ed62799a5b8e0f686a37f\"},\"headline\":\"Jaime Mart\u00ednez: &#8220;TaPalma est\u00e0 consolidada a la ciutat i t\u00e9 tot el suport d&#8217;aquest Ajuntament&#8221;\",\"datePublished\":\"2023-10-24T11:14:50+00:00\",\"dateModified\":\"2023-10-24T11:15:37+00:00\",\"mainEntityOfPage\":{\"@id\":\"https:\\\/\\\/gastronomicament.cat\\\/en\\\/jaime-martinez-tapalma-esta-consolidada-a-la-ciutat-i-te-tot-el-suport-daquest-ajuntament\"},\"wordCount\":764,\"commentCount\":0,\"publisher\":{\"@id\":\"https:\\\/\\\/gastronomicament.cat\\\/en\\\/#organization\"},\"image\":{\"@id\":\"https:\\\/\\\/gastronomicament.cat\\\/en\\\/jaime-martinez-tapalma-esta-consolidada-a-la-ciutat-i-te-tot-el-suport-daquest-ajuntament#primaryimage\"},\"thumbnailUrl\":\"https:\\\/\\\/gastronomicament.cat\\\/wp-content\\\/uploads\\\/2023\\\/10\\\/Tapalma-2023.jpg\",\"articleSection\":[\"Actualitat\",\"Fires i rutes\"],\"inLanguage\":\"en-US\",\"potentialAction\":[{\"@type\":\"CommentAction\",\"name\":\"Comment\",\"target\":[\"https:\\\/\\\/gastronomicament.cat\\\/en\\\/jaime-martinez-tapalma-esta-consolidada-a-la-ciutat-i-te-tot-el-suport-daquest-ajuntament#respond\"]}]},{\"@type\":\"WebPage\",\"@id\":\"https:\\\/\\\/gastronomicament.cat\\\/en\\\/jaime-martinez-tapalma-esta-consolidada-a-la-ciutat-i-te-tot-el-suport-daquest-ajuntament\",\"url\":\"https:\\\/\\\/gastronomicament.cat\\\/en\\\/jaime-martinez-tapalma-esta-consolidada-a-la-ciutat-i-te-tot-el-suport-daquest-ajuntament\",\"name\":\"Jaime Mart\u00ednez: \\\"TaPalma est\u00e0 consolidada a la ciutat i t\u00e9 tot el suport d'aquest Ajuntament\\\" - Gastron\u00f2micament\",\"isPartOf\":{\"@id\":\"https:\\\/\\\/gastronomicament.cat\\\/en\\\/#website\"},\"primaryImageOfPage\":{\"@id\":\"https:\\\/\\\/gastronomicament.cat\\\/en\\\/jaime-martinez-tapalma-esta-consolidada-a-la-ciutat-i-te-tot-el-suport-daquest-ajuntament#primaryimage\"},\"image\":{\"@id\":\"https:\\\/\\\/gastronomicament.cat\\\/en\\\/jaime-martinez-tapalma-esta-consolidada-a-la-ciutat-i-te-tot-el-suport-daquest-ajuntament#primaryimage\"},\"thumbnailUrl\":\"https:\\\/\\\/gastronomicament.cat\\\/wp-content\\\/uploads\\\/2023\\\/10\\\/Tapalma-2023.jpg\",\"datePublished\":\"2023-10-24T11:14:50+00:00\",\"dateModified\":\"2023-10-24T11:15:37+00:00\",\"description\":\"Jaime Mart\u00ednez: \\\"TaPalma est\u00e0 consolidada a la ciutat i t\u00e9 tot el suport d'aquest Ajuntament\\\" Actualitat, Fires i rutes El concurs tindr\u00e0 lloc el pr\u00f2xim 20 de novembre al Palau de Congressos de Palma, i la ruta de tapes i c\u00f2ctels se celebrar\u00e0 del 22 al 26 de novembre\",\"inLanguage\":\"en-US\",\"potentialAction\":[{\"@type\":\"ReadAction\",\"target\":[\"https:\\\/\\\/gastronomicament.cat\\\/en\\\/jaime-martinez-tapalma-esta-consolidada-a-la-ciutat-i-te-tot-el-suport-daquest-ajuntament\"]}]},{\"@type\":\"ImageObject\",\"inLanguage\":\"en-US\",\"@id\":\"https:\\\/\\\/gastronomicament.cat\\\/en\\\/jaime-martinez-tapalma-esta-consolidada-a-la-ciutat-i-te-tot-el-suport-daquest-ajuntament#primaryimage\",\"url\":\"https:\\\/\\\/gastronomicament.cat\\\/wp-content\\\/uploads\\\/2023\\\/10\\\/Tapalma-2023.jpg\",\"contentUrl\":\"https:\\\/\\\/gastronomicament.cat\\\/wp-content\\\/uploads\\\/2023\\\/10\\\/Tapalma-2023.jpg\",\"width\":1115,\"height\":685},{\"@type\":\"WebSite\",\"@id\":\"https:\\\/\\\/gastronomicament.cat\\\/en\\\/#website\",\"url\":\"https:\\\/\\\/gastronomicament.cat\\\/en\\\/\",\"name\":\"Gastron\u00f2micament\",\"description\":\"Portal de restaurants, receptes i actualitat gastron\u00f2mica\",\"publisher\":{\"@id\":\"https:\\\/\\\/gastronomicament.cat\\\/en\\\/#organization\"},\"potentialAction\":[{\"@type\":\"SearchAction\",\"target\":{\"@type\":\"EntryPoint\",\"urlTemplate\":\"https:\\\/\\\/gastronomicament.cat\\\/en\\\/?s={search_term_string}\"},\"query-input\":{\"@type\":\"PropertyValueSpecification\",\"valueRequired\":true,\"valueName\":\"search_term_string\"}}],\"inLanguage\":\"en-US\"},{\"@type\":\"Organization\",\"@id\":\"https:\\\/\\\/gastronomicament.cat\\\/en\\\/#organization\",\"name\":\"Gastron\u00f2micament\",\"url\":\"https:\\\/\\\/gastronomicament.cat\\\/en\\\/\",\"logo\":{\"@type\":\"ImageObject\",\"inLanguage\":\"en-US\",\"@id\":\"https:\\\/\\\/gastronomicament.cat\\\/en\\\/#\\\/schema\\\/logo\\\/image\\\/\",\"url\":\"https:\\\/\\\/gastronomicament.cat\\\/wp-content\\\/uploads\\\/2016\\\/09\\\/header-logo.jpg\",\"contentUrl\":\"https:\\\/\\\/gastronomicament.cat\\\/wp-content\\\/uploads\\\/2016\\\/09\\\/header-logo.jpg\",\"width\":277,\"height\":39,\"caption\":\"Gastron\u00f2micament\"},\"image\":{\"@id\":\"https:\\\/\\\/gastronomicament.cat\\\/en\\\/#\\\/schema\\\/logo\\\/image\\\/\"},\"sameAs\":[\"https:\\\/\\\/x.com\\\/gastronomicamen\"]},{\"@type\":\"Person\",\"@id\":\"https:\\\/\\\/gastronomicament.cat\\\/en\\\/#\\\/schema\\\/person\\\/a7c85c537a1ed62799a5b8e0f686a37f\",\"name\":\"Redacci\u00f3\",\"image\":{\"@type\":\"ImageObject\",\"inLanguage\":\"en-US\",\"@id\":\"https:\\\/\\\/secure.gravatar.com\\\/avatar\\\/9489a485c464fd611d33825daae651d13db70c4e74c65c94937a15a9d4c3ee14?s=96&d=mm&r=g69fea3cce3645dfa2166e7293e22955e\",\"url\":\"https:\\\/\\\/secure.gravatar.com\\\/avatar\\\/9489a485c464fd611d33825daae651d13db70c4e74c65c94937a15a9d4c3ee14?s=96&d=mm&r=g\",\"contentUrl\":\"https:\\\/\\\/secure.gravatar.com\\\/avatar\\\/9489a485c464fd611d33825daae651d13db70c4e74c65c94937a15a9d4c3ee14?s=96&d=mm&r=g\",\"caption\":\"Redacci\u00f3\"},\"sameAs\":[\"http:\\\/\\\/gastronomicament.cat\"],\"url\":\"https:\\\/\\\/gastronomicament.cat\\\/en\\\/author\\\/admin\"}]}<\/script>\n<!-- \/ Yoast SEO plugin. -->","yoast_head_json":{"title":"Jaime Mart\u00ednez: \"TaPalma est\u00e0 consolidada a la ciutat i t\u00e9 tot el suport d'aquest Ajuntament\" - Gastron\u00f2micament","description":"Jaime Mart\u00ednez: \"TaPalma est\u00e0 consolidada a la ciutat i t\u00e9 tot el suport d'aquest Ajuntament\" Actualitat, Fires i rutes El concurs tindr\u00e0 lloc el pr\u00f2xim 20 de novembre al Palau de Congressos de Palma, i la ruta de tapes i c\u00f2ctels se celebrar\u00e0 del 22 al 26 de novembre","robots":{"index":"index","follow":"follow","max-snippet":"max-snippet:-1","max-image-preview":"max-image-preview:large","max-video-preview":"max-video-preview:-1"},"canonical":"https:\/\/gastronomicament.cat\/en\/jaime-martinez-tapalma-esta-consolidada-a-la-ciutat-i-te-tot-el-suport-daquest-ajuntament","og_locale":"en_US","og_type":"article","og_title":"Jaime Mart\u00ednez: \"TaPalma est\u00e0 consolidada a la ciutat i t\u00e9 tot el suport d'aquest Ajuntament\" - Gastron\u00f2micament","og_description":"Jaime Mart\u00ednez: \"TaPalma est\u00e0 consolidada a la ciutat i t\u00e9 tot el suport d'aquest Ajuntament\" Actualitat, Fires i rutes El concurs tindr\u00e0 lloc el pr\u00f2xim 20 de novembre al Palau de Congressos de Palma, i la ruta de tapes i c\u00f2ctels se celebrar\u00e0 del 22 al 26 de novembre","og_url":"https:\/\/gastronomicament.cat\/en\/jaime-martinez-tapalma-esta-consolidada-a-la-ciutat-i-te-tot-el-suport-daquest-ajuntament","og_site_name":"Gastron\u00f2micament","article_published_time":"2023-10-24T11:14:50+00:00","article_modified_time":"2023-10-24T11:15:37+00:00","og_image":[{"width":1115,"height":685,"url":"https:\/\/gastronomicament.cat\/wp-content\/uploads\/2023\/10\/Tapalma-2023.jpg","type":"image\/jpeg"}],"author":"Redacci\u00f3","twitter_card":"summary_large_image","twitter_creator":"@gastronomicamen","twitter_site":"@gastronomicamen","twitter_misc":{"Written by":"Redacci\u00f3","Est. reading time":"4 minutes"},"schema":{"@context":"https:\/\/schema.org","@graph":[{"@type":"Article","@id":"https:\/\/gastronomicament.cat\/en\/jaime-martinez-tapalma-esta-consolidada-a-la-ciutat-i-te-tot-el-suport-daquest-ajuntament#article","isPartOf":{"@id":"https:\/\/gastronomicament.cat\/en\/jaime-martinez-tapalma-esta-consolidada-a-la-ciutat-i-te-tot-el-suport-daquest-ajuntament"},"author":{"name":"Redacci\u00f3","@id":"https:\/\/gastronomicament.cat\/en\/#\/schema\/person\/a7c85c537a1ed62799a5b8e0f686a37f"},"headline":"Jaime Mart\u00ednez: &#8220;TaPalma est\u00e0 consolidada a la ciutat i t\u00e9 tot el suport d&#8217;aquest Ajuntament&#8221;","datePublished":"2023-10-24T11:14:50+00:00","dateModified":"2023-10-24T11:15:37+00:00","mainEntityOfPage":{"@id":"https:\/\/gastronomicament.cat\/en\/jaime-martinez-tapalma-esta-consolidada-a-la-ciutat-i-te-tot-el-suport-daquest-ajuntament"},"wordCount":764,"commentCount":0,"publisher":{"@id":"https:\/\/gastronomicament.cat\/en\/#organization"},"image":{"@id":"https:\/\/gastronomicament.cat\/en\/jaime-martinez-tapalma-esta-consolidada-a-la-ciutat-i-te-tot-el-suport-daquest-ajuntament#primaryimage"},"thumbnailUrl":"https:\/\/gastronomicament.cat\/wp-content\/uploads\/2023\/10\/Tapalma-2023.jpg","articleSection":["Actualitat","Fires i rutes"],"inLanguage":"en-US","potentialAction":[{"@type":"CommentAction","name":"Comment","target":["https:\/\/gastronomicament.cat\/en\/jaime-martinez-tapalma-esta-consolidada-a-la-ciutat-i-te-tot-el-suport-daquest-ajuntament#respond"]}]},{"@type":"WebPage","@id":"https:\/\/gastronomicament.cat\/en\/jaime-martinez-tapalma-esta-consolidada-a-la-ciutat-i-te-tot-el-suport-daquest-ajuntament","url":"https:\/\/gastronomicament.cat\/en\/jaime-martinez-tapalma-esta-consolidada-a-la-ciutat-i-te-tot-el-suport-daquest-ajuntament","name":"Jaime Mart\u00ednez: \"TaPalma est\u00e0 consolidada a la ciutat i t\u00e9 tot el suport d'aquest Ajuntament\" - Gastron\u00f2micament","isPartOf":{"@id":"https:\/\/gastronomicament.cat\/en\/#website"},"primaryImageOfPage":{"@id":"https:\/\/gastronomicament.cat\/en\/jaime-martinez-tapalma-esta-consolidada-a-la-ciutat-i-te-tot-el-suport-daquest-ajuntament#primaryimage"},"image":{"@id":"https:\/\/gastronomicament.cat\/en\/jaime-martinez-tapalma-esta-consolidada-a-la-ciutat-i-te-tot-el-suport-daquest-ajuntament#primaryimage"},"thumbnailUrl":"https:\/\/gastronomicament.cat\/wp-content\/uploads\/2023\/10\/Tapalma-2023.jpg","datePublished":"2023-10-24T11:14:50+00:00","dateModified":"2023-10-24T11:15:37+00:00","description":"Jaime Mart\u00ednez: \"TaPalma est\u00e0 consolidada a la ciutat i t\u00e9 tot el suport d'aquest Ajuntament\" Actualitat, Fires i rutes El concurs tindr\u00e0 lloc el pr\u00f2xim 20 de novembre al Palau de Congressos de Palma, i la ruta de tapes i c\u00f2ctels se celebrar\u00e0 del 22 al 26 de novembre","inLanguage":"en-US","potentialAction":[{"@type":"ReadAction","target":["https:\/\/gastronomicament.cat\/en\/jaime-martinez-tapalma-esta-consolidada-a-la-ciutat-i-te-tot-el-suport-daquest-ajuntament"]}]},{"@type":"ImageObject","inLanguage":"en-US","@id":"https:\/\/gastronomicament.cat\/en\/jaime-martinez-tapalma-esta-consolidada-a-la-ciutat-i-te-tot-el-suport-daquest-ajuntament#primaryimage","url":"https:\/\/gastronomicament.cat\/wp-content\/uploads\/2023\/10\/Tapalma-2023.jpg","contentUrl":"https:\/\/gastronomicament.cat\/wp-content\/uploads\/2023\/10\/Tapalma-2023.jpg","width":1115,"height":685},{"@type":"WebSite","@id":"https:\/\/gastronomicament.cat\/en\/#website","url":"https:\/\/gastronomicament.cat\/en\/","name":"Gastron\u00f2micament","description":"Portal de restaurants, receptes i actualitat gastron\u00f2mica","publisher":{"@id":"https:\/\/gastronomicament.cat\/en\/#organization"},"potentialAction":[{"@type":"SearchAction","target":{"@type":"EntryPoint","urlTemplate":"https:\/\/gastronomicament.cat\/en\/?s={search_term_string}"},"query-input":{"@type":"PropertyValueSpecification","valueRequired":true,"valueName":"search_term_string"}}],"inLanguage":"en-US"},{"@type":"Organization","@id":"https:\/\/gastronomicament.cat\/en\/#organization","name":"Gastron\u00f2micament","url":"https:\/\/gastronomicament.cat\/en\/","logo":{"@type":"ImageObject","inLanguage":"en-US","@id":"https:\/\/gastronomicament.cat\/en\/#\/schema\/logo\/image\/","url":"https:\/\/gastronomicament.cat\/wp-content\/uploads\/2016\/09\/header-logo.jpg","contentUrl":"https:\/\/gastronomicament.cat\/wp-content\/uploads\/2016\/09\/header-logo.jpg","width":277,"height":39,"caption":"Gastron\u00f2micament"},"image":{"@id":"https:\/\/gastronomicament.cat\/en\/#\/schema\/logo\/image\/"},"sameAs":["https:\/\/x.com\/gastronomicamen"]},{"@type":"Person","@id":"https:\/\/gastronomicament.cat\/en\/#\/schema\/person\/a7c85c537a1ed62799a5b8e0f686a37f","name":"Redacci\u00f3","image":{"@type":"ImageObject","inLanguage":"en-US","@id":"https:\/\/secure.gravatar.com\/avatar\/9489a485c464fd611d33825daae651d13db70c4e74c65c94937a15a9d4c3ee14?s=96&d=mm&r=g69fea3cce3645dfa2166e7293e22955e","url":"https:\/\/secure.gravatar.com\/avatar\/9489a485c464fd611d33825daae651d13db70c4e74c65c94937a15a9d4c3ee14?s=96&d=mm&r=g","contentUrl":"https:\/\/secure.gravatar.com\/avatar\/9489a485c464fd611d33825daae651d13db70c4e74c65c94937a15a9d4c3ee14?s=96&d=mm&r=g","caption":"Redacci\u00f3"},"sameAs":["http:\/\/gastronomicament.cat"],"url":"https:\/\/gastronomicament.cat\/en\/author\/admin"}]}},"_links":{"self":[{"href":"https:\/\/gastronomicament.cat\/en\/wp-json\/wp\/v2\/posts\/85617","targetHints":{"allow":["GET"]}}],"collection":[{"href":"https:\/\/gastronomicament.cat\/en\/wp-json\/wp\/v2\/posts"}],"about":[{"href":"https:\/\/gastronomicament.cat\/en\/wp-json\/wp\/v2\/types\/post"}],"author":[{"embeddable":true,"href":"https:\/\/gastronomicament.cat\/en\/wp-json\/wp\/v2\/users\/1"}],"replies":[{"embeddable":true,"href":"https:\/\/gastronomicament.cat\/en\/wp-json\/wp\/v2\/comments?post=85617"}],"version-history":[{"count":0,"href":"https:\/\/gastronomicament.cat\/en\/wp-json\/wp\/v2\/posts\/85617\/revisions"}],"wp:featuredmedia":[{"embeddable":true,"href":"https:\/\/gastronomicament.cat\/en\/wp-json\/wp\/v2\/media\/85613"}],"wp:attachment":[{"href":"https:\/\/gastronomicament.cat\/en\/wp-json\/wp\/v2\/media?parent=85617"}],"wp:term":[{"taxonomy":"category","embeddable":true,"href":"https:\/\/gastronomicament.cat\/en\/wp-json\/wp\/v2\/categories?post=85617"},{"taxonomy":"post_tag","embeddable":true,"href":"https:\/\/gastronomicament.cat\/en\/wp-json\/wp\/v2\/tags?post=85617"},{"taxonomy":"author","embeddable":true,"href":"https:\/\/gastronomicament.cat\/en\/wp-json\/wp\/v2\/coauthors?post=85617"}],"curies":[{"name":"wp","href":"https:\/\/api.w.org\/{rel}","templated":true}]}}