{"id":86088,"date":"2023-11-21T10:25:57","date_gmt":"2023-11-21T09:25:57","guid":{"rendered":"https:\/\/gastronomicament.cat\/a-la-fira-biniarrels-hi-trobareu-moltes-sorpreses-i-ho-passareu-molt-be"},"modified":"2023-11-21T10:26:44","modified_gmt":"2023-11-21T09:26:44","slug":"a-la-fira-biniarrels-hi-trobareu-moltes-sorpreses-i-ho-passareu-molt-be","status":"publish","type":"post","link":"https:\/\/gastronomicament.cat\/en\/a-la-fira-biniarrels-hi-trobareu-moltes-sorpreses-i-ho-passareu-molt-be","title":{"rendered":"&#8220;A la Fira Biniarrels, hi trobareu moltes sorpreses i ho passareu molt b\u00e9&#8221;"},"content":{"rendered":"<p>Tot el poble de Mancor de la Vall sortir\u00e0 al carrer per viure la\u00a0<strong>Fira Biniarrels<\/strong>, una de les m\u00e9s din\u00e0miques, belles i esperades de la\u00a0<strong>Serra de Tramuntana<\/strong>.<\/p>\n<p>L&#8217;associaci\u00f3\u00a0<strong>Arrels\u00a0<\/strong>i l&#8217;<strong>Ajuntament de Mancor de la Vall<\/strong>\u00a0s\u00f3n les entitats organitzadores d&#8217;aquesta cita que tendr\u00e0 els\u00a0<strong>dies 24, 25 i 26<\/strong>\u00a0de novembre com a dates centrals.<\/p>\n<p><strong>Joan Torrens<\/strong>, tresorer de l&#8217;associaci\u00f3 Arrels, explica que ser\u00e0 un cap de setmana amb moltes sorpreses i moments per passar-ho b\u00e9. Remarca que Mancor acollir\u00e0 tothom que vulgui viure un cap de setmana especial, en el qual no hi faltar\u00e0 la bona cuina, les xeremies, punxadiscos, els cavallets de Mancor i l&#8217;artesania. La<strong>\u00a0jornada gastron\u00f2mica<\/strong>\u00a0tendr\u00e0 lloc els dies 25 i 26 de novembre i al final d&#8217;aquest article hi trobareu els\u00a0<strong>plats que hi podreu assaborir<\/strong>.<\/p>\n<p>Alguns dels actes destacats s\u00f3n els seg\u00fcents:<\/p>\n<h4><strong>DIVENDRES 24 DE NOVEMBRE<\/strong><\/h4>\n<p>A les 17.30 h:\u00a0<strong>Contacontes\u00a0<\/strong>a c\u00e0rrec de P\u00farpura Events amb el conte\u00a0<em>Vaig amb mi<\/em>, a la Biblioteca Municipal. Edat recomanada a partir de 4 anys.<\/p>\n<p>A les 21.00 h:\u00a0<strong>Teatre\u00a0<\/strong>visual\u00a0<em>Sant Antoni i el Corb, comen\u00e7a la llegenda<\/em>, a la Pla\u00e7a de Son Morro.<\/p>\n<p>A les 22.30 h:\u00a0Trobada de\u00a0<strong>punxadiscos<\/strong>\u00a0en catal\u00e0, a c\u00e0rrec dels pinxa discos RauPoca, PD Lluca i DJ Francesc, a la Pla\u00e7a de l&#8217;Ajuntament.<\/p>\n<h4><strong>DISSABTE 25 DE NOVEMBRE<\/strong><\/h4>\n<p>De les 10.30 a les 14.30 h: <strong>Activitats infantils<\/strong>\u00a0per a totes les edats a c\u00e0rrec de &#8220;Sa Ludoteca d&#8217;en David&#8221;, a la pla\u00e7a de l&#8217;Esgl\u00e9sia.<\/p>\n<p>A les 11.00 h:\u00a0<strong>Obertura\u00a0<\/strong>del\u00a0<strong>mercat artesanal i tradicional<\/strong>.<\/p>\n<p>A les 12.00 h:\u00a0Obertura del les exposicions a la Sala de Plens de l&#8217;Ajuntament. IV Concurs de dibuixos dels alumnes del CEIP Montaura. VII Concurs de fotografia de bolets<\/p>\n<p>A les 12.00 h: Obertura de l&#8217;exposici\u00f3 d&#8217;Arrels, a la cotxeria de Son Morro.<\/p>\n<p>A les 12.00 h:\u00a0Obertura de les exposicions al carrer: -Exposici\u00f3 d&#8217;eines antigues a la pla\u00e7a de l&#8217;Esgl\u00e9sia. Exposici\u00f3 de la Canaleta amb flors, un episodi de la hist\u00f2ria de Mancor, a la pla\u00e7a de l&#8217;Ajuntament. -Exposici\u00f3 de motos antigues a la pla\u00e7a de Baix.<\/p>\n<p>A les 13.00 h:\u00a0Visita del jurat als participants del concurs de fa\u00e7anes engalanades per emetre el judici.<\/p>\n<p>A les 16.00 h:\u00a0Trobada amb plantada de Gegants, Capgrossos i Gegantets a Son Morro.<\/p>\n<p>A les 17.00 h:\u00a0Cercavila de\u00a0<strong>Gegants<\/strong>, des de Son Morro fins a la pla\u00e7a de l&#8217;Ajuntament.<\/p>\n<p>A les 19.00 h:\u00a0Actuaci\u00f3 dels\u00a0<strong>Cavallets de Mancor<\/strong>\u00a0a la pla\u00e7a de l&#8217;Ajuntament.<\/p>\n<p>A les 20.00 h:\u00a0<strong>Batalla dels Glosadors de Mallorca<\/strong>\u00a0a l&#8217;envelat situat a la rambla de sa Devesa.<\/p>\n<h4><strong>DIUMENGE 26 DE NOVEMBRE<\/strong><\/h4>\n<p>A les 8.30 h: <strong>Obertura del mercat artesanal i tradicional<\/strong>.<\/p>\n<p>A les 9.00 h: Obertura de les exposicions. Mostra d&#8217;animals aut\u00f2ctons al carrer Salvador Beltran Gralla. Durant tota la jornada: Batucada afrobrasilera a c\u00e0rrec de Calle Manigua, -tot el recinte ferial.<\/p>\n<p>A les 9.30 h: Trobada a Son Morro i cercavila de xeremiers, flabiolers i tamboriners per tot el recinte ferial.<\/p>\n<p>A les 10.00 h: Lectura del manifest per eliminar la viol\u00e8ncia contra les dones a la pla\u00e7a de l&#8217;Ajuntament.<\/p>\n<p>A les 10.15 h: Lliurament dels premis del I concurs de fa\u00e7anes engalanades.<\/p>\n<p>A les 10.30 h: Lliurament dels premis del VII concurs de fotografia a la pla\u00e7a de l&#8217;Ajuntament.<\/p>\n<p>A les 10.45 h: Sorpresa medieval a Son Morro.<\/p>\n<p>&nbsp;<\/p>\n<p>I molt m\u00e9s! Consultau el programa complet a:\u00a0<a href=\"https:\/\/gastronomicament.cat\/wp-content\/uploads\/2023\/11\/programa-Fira-Biniarrels-Mancor-de-la-Vall-2023.pdf\" target=\"_blank\" rel=\"noopener\">https:\/\/gastronomicament.cat\/wp-content\/uploads\/2023\/11\/programa-Fira-Biniarrels-Mancor-de-la-Vall-2023.pdf<\/a><\/p>\n<h4><strong>JORNADA GASTRONOMICA<\/strong><\/h4>\n<p>Restaurants que hi participen i plats que hi podreu degustar:<\/p>\n<p><strong>BAR CA&#8217;S PUPUT<\/strong><\/p>\n<ul>\n<li>Llom amb col amb esclata-sangs<\/li>\n<li>Frit de bolets<\/li>\n<li>Frit de porcelleta amb esclata-sangs<\/li>\n<li>Pilotes amb esclata-sangs<\/li>\n<li>Alberg\u00ednies farcides amb salsa de bolets<\/li>\n<li>Pa amb oli amb esclata-sangs<\/li>\n<li>Pa amb oli de llom amb esclat esclata-sangs<\/li>\n<\/ul>\n<p><strong>FORN DE LA VALL<\/strong><\/p>\n<ul>\n<li>Frit amb esclata-sangs<\/li>\n<li>Canelons de carn i esclata-sangs<\/li>\n<li>Pizza amb esclata-sangs<\/li>\n<li>Pa amb oli amb pasta de sobrassada i botifarr\u00f3<\/li>\n<\/ul>\n<p><strong>FORN CA NA BOLLA<\/strong><\/p>\n<ul>\n<li>Panades de frit amb esclata-sangs<\/li>\n<li>Butxaques de frit amb esclata-sangs<\/li>\n<li>Pilotes amb esclata-sangs<\/li>\n<li>Coca de verdures amb esclata-sangs<\/li>\n<\/ul>\n<p><strong>ARRELS\u00a0<\/strong>(C\/ MESTRE JOSEP MATEU)<\/p>\n<ul>\n<li>Bunyols<\/li>\n<\/ul>\n<p><strong>SA PISCINA<\/strong><\/p>\n<ul>\n<li>Escabetx d&#8217;esclata-sangs<\/li>\n<li>Calamar a la bruta amb bolets<\/li>\n<li>Canel\u00f3 de foie amb bolets<\/li>\n<\/ul>\n<p><strong>BAR CAN BERNAT<\/strong><\/p>\n<ul>\n<li>Pa amb oli amb esclata-sangs<\/li>\n<li>Pa amb oli amb llom i esclata-sangs<\/li>\n<li>Frit de porc amb esclata-sangs<\/li>\n<li>Frit de me amb esclata-sangs<\/li>\n<\/ul>\n<p><strong>BOTIGA DE BAIX<\/strong><\/p>\n<ul>\n<li>Espinagada de llom amb esclata-san<\/li>\n<li>Frit de porc amb esclata-sangs<\/li>\n<li>Frit de bolets<\/li>\n<li>Panades amb esclata-sangs<\/li>\n<\/ul>\n<p><strong>ARRELS\u00a0<\/strong>(PLA\u00c7A DE SON MORRO)<\/p>\n<ul>\n<li>Frit de porc<\/li>\n<li>Pilotes<\/li>\n<li>Pa amb oli amb esclata-sangs<\/li>\n<li>Ensalada russa<\/li>\n<li>Llengua a la mallorquina<\/li>\n<li>Plat combinat de carn per torrar<\/li>\n<li>Torrada d&#8217;esclata-sangs<\/li>\n<\/ul>\n","protected":false},"excerpt":{"rendered":"<p>Joan Torrens, tresorer de l&#8217;associaci\u00f3 Arrels, us convida a gaudir de la fira de Mancor de&hellip;<\/p>\n","protected":false},"author":1,"featured_media":86080,"comment_status":"open","ping_status":"closed","sticky":false,"template":"","format":"gallery","meta":{"_acf_changed":false,"_swt_meta_header_display":false,"_swt_meta_footer_display":false,"_swt_meta_site_title_display":false,"_swt_meta_sticky_header":false,"_swt_meta_transparent_header":false,"footnotes":""},"categories":[1046,1471],"tags":[],"coauthors":[2053],"class_list":["post-86088","post","type-post","status-publish","format-gallery","has-post-thumbnail","hentry","category-actualitat-es-en","category-fires-i-rutes-en","post_format-post-format-gallery"],"acf":{"gallery":null,"home_date":{"home_begin_date":null,"home_end_date":null}},"yoast_head":"<!-- This site is optimized with the Yoast SEO plugin v27.4 - https:\/\/yoast.com\/product\/yoast-seo-wordpress\/ -->\n<title>&quot;A la Fira Biniarrels, hi trobareu moltes sorpreses i ho passareu molt b\u00e9&quot; - Gastron\u00f2micament<\/title>\n<meta name=\"description\" content=\"&quot;A la Fira Biniarrels, hi trobareu moltes sorpreses i ho passareu molt b\u00e9&quot; Actualitat, Fires i rutes Joan Torrens, tresorer de l&#039;associaci\u00f3 Arrels, us convida a gaudir de la fira de Mancor de la Vall els dies 24, 25 i 26 de novembre\" \/>\n<meta name=\"robots\" content=\"index, follow, max-snippet:-1, max-image-preview:large, max-video-preview:-1\" \/>\n<link rel=\"canonical\" href=\"https:\/\/gastronomicament.cat\/en\/a-la-fira-biniarrels-hi-trobareu-moltes-sorpreses-i-ho-passareu-molt-be\" \/>\n<meta property=\"og:locale\" content=\"en_US\" \/>\n<meta property=\"og:type\" content=\"article\" \/>\n<meta property=\"og:title\" content=\"&quot;A la Fira Biniarrels, hi trobareu moltes sorpreses i ho passareu molt b\u00e9&quot; - Gastron\u00f2micament\" \/>\n<meta property=\"og:description\" content=\"&quot;A la Fira Biniarrels, hi trobareu moltes sorpreses i ho passareu molt b\u00e9&quot; Actualitat, Fires i rutes Joan Torrens, tresorer de l&#039;associaci\u00f3 Arrels, us convida a gaudir de la fira de Mancor de la Vall els dies 24, 25 i 26 de novembre\" \/>\n<meta property=\"og:url\" content=\"https:\/\/gastronomicament.cat\/en\/a-la-fira-biniarrels-hi-trobareu-moltes-sorpreses-i-ho-passareu-molt-be\" \/>\n<meta property=\"og:site_name\" content=\"Gastron\u00f2micament\" \/>\n<meta property=\"article:published_time\" content=\"2023-11-21T09:25:57+00:00\" \/>\n<meta property=\"article:modified_time\" content=\"2023-11-21T09:26:44+00:00\" \/>\n<meta property=\"og:image\" content=\"https:\/\/gastronomicament.cat\/wp-content\/uploads\/2023\/11\/Fira-Biniarrels-2023-Mancor-de-la-Vall.jpg\" \/>\n\t<meta property=\"og:image:width\" content=\"1127\" \/>\n\t<meta property=\"og:image:height\" content=\"596\" \/>\n\t<meta property=\"og:image:type\" content=\"image\/jpeg\" \/>\n<meta name=\"author\" content=\"Redacci\u00f3\" \/>\n<meta name=\"twitter:card\" content=\"summary_large_image\" \/>\n<meta name=\"twitter:creator\" content=\"@gastronomicamen\" \/>\n<meta name=\"twitter:site\" content=\"@gastronomicamen\" \/>\n<meta name=\"twitter:label1\" content=\"Written by\" \/>\n\t<meta name=\"twitter:data1\" content=\"Redacci\u00f3\" \/>\n\t<meta name=\"twitter:label2\" content=\"Est. reading time\" \/>\n\t<meta name=\"twitter:data2\" content=\"5 minutes\" \/>\n<script type=\"application\/ld+json\" class=\"yoast-schema-graph\">{\"@context\":\"https:\\\/\\\/schema.org\",\"@graph\":[{\"@type\":\"Article\",\"@id\":\"https:\\\/\\\/gastronomicament.cat\\\/en\\\/a-la-fira-biniarrels-hi-trobareu-moltes-sorpreses-i-ho-passareu-molt-be#article\",\"isPartOf\":{\"@id\":\"https:\\\/\\\/gastronomicament.cat\\\/en\\\/a-la-fira-biniarrels-hi-trobareu-moltes-sorpreses-i-ho-passareu-molt-be\"},\"author\":{\"name\":\"Redacci\u00f3\",\"@id\":\"https:\\\/\\\/gastronomicament.cat\\\/en\\\/#\\\/schema\\\/person\\\/a7c85c537a1ed62799a5b8e0f686a37f\"},\"headline\":\"&#8220;A la Fira Biniarrels, hi trobareu moltes sorpreses i ho passareu molt b\u00e9&#8221;\",\"datePublished\":\"2023-11-21T09:25:57+00:00\",\"dateModified\":\"2023-11-21T09:26:44+00:00\",\"mainEntityOfPage\":{\"@id\":\"https:\\\/\\\/gastronomicament.cat\\\/en\\\/a-la-fira-biniarrels-hi-trobareu-moltes-sorpreses-i-ho-passareu-molt-be\"},\"wordCount\":772,\"commentCount\":0,\"publisher\":{\"@id\":\"https:\\\/\\\/gastronomicament.cat\\\/en\\\/#organization\"},\"image\":{\"@id\":\"https:\\\/\\\/gastronomicament.cat\\\/en\\\/a-la-fira-biniarrels-hi-trobareu-moltes-sorpreses-i-ho-passareu-molt-be#primaryimage\"},\"thumbnailUrl\":\"https:\\\/\\\/gastronomicament.cat\\\/wp-content\\\/uploads\\\/2023\\\/11\\\/Fira-Biniarrels-2023-Mancor-de-la-Vall.jpg\",\"articleSection\":[\"Actualitat\",\"Fires i rutes\"],\"inLanguage\":\"en-US\",\"potentialAction\":[{\"@type\":\"CommentAction\",\"name\":\"Comment\",\"target\":[\"https:\\\/\\\/gastronomicament.cat\\\/en\\\/a-la-fira-biniarrels-hi-trobareu-moltes-sorpreses-i-ho-passareu-molt-be#respond\"]}]},{\"@type\":\"WebPage\",\"@id\":\"https:\\\/\\\/gastronomicament.cat\\\/en\\\/a-la-fira-biniarrels-hi-trobareu-moltes-sorpreses-i-ho-passareu-molt-be\",\"url\":\"https:\\\/\\\/gastronomicament.cat\\\/en\\\/a-la-fira-biniarrels-hi-trobareu-moltes-sorpreses-i-ho-passareu-molt-be\",\"name\":\"\\\"A la Fira Biniarrels, hi trobareu moltes sorpreses i ho passareu molt b\u00e9\\\" - Gastron\u00f2micament\",\"isPartOf\":{\"@id\":\"https:\\\/\\\/gastronomicament.cat\\\/en\\\/#website\"},\"primaryImageOfPage\":{\"@id\":\"https:\\\/\\\/gastronomicament.cat\\\/en\\\/a-la-fira-biniarrels-hi-trobareu-moltes-sorpreses-i-ho-passareu-molt-be#primaryimage\"},\"image\":{\"@id\":\"https:\\\/\\\/gastronomicament.cat\\\/en\\\/a-la-fira-biniarrels-hi-trobareu-moltes-sorpreses-i-ho-passareu-molt-be#primaryimage\"},\"thumbnailUrl\":\"https:\\\/\\\/gastronomicament.cat\\\/wp-content\\\/uploads\\\/2023\\\/11\\\/Fira-Biniarrels-2023-Mancor-de-la-Vall.jpg\",\"datePublished\":\"2023-11-21T09:25:57+00:00\",\"dateModified\":\"2023-11-21T09:26:44+00:00\",\"description\":\"\\\"A la Fira Biniarrels, hi trobareu moltes sorpreses i ho passareu molt b\u00e9\\\" Actualitat, Fires i rutes Joan Torrens, tresorer de l'associaci\u00f3 Arrels, us convida a gaudir de la fira de Mancor de la Vall els dies 24, 25 i 26 de novembre\",\"inLanguage\":\"en-US\",\"potentialAction\":[{\"@type\":\"ReadAction\",\"target\":[\"https:\\\/\\\/gastronomicament.cat\\\/en\\\/a-la-fira-biniarrels-hi-trobareu-moltes-sorpreses-i-ho-passareu-molt-be\"]}]},{\"@type\":\"ImageObject\",\"inLanguage\":\"en-US\",\"@id\":\"https:\\\/\\\/gastronomicament.cat\\\/en\\\/a-la-fira-biniarrels-hi-trobareu-moltes-sorpreses-i-ho-passareu-molt-be#primaryimage\",\"url\":\"https:\\\/\\\/gastronomicament.cat\\\/wp-content\\\/uploads\\\/2023\\\/11\\\/Fira-Biniarrels-2023-Mancor-de-la-Vall.jpg\",\"contentUrl\":\"https:\\\/\\\/gastronomicament.cat\\\/wp-content\\\/uploads\\\/2023\\\/11\\\/Fira-Biniarrels-2023-Mancor-de-la-Vall.jpg\",\"width\":1127,\"height\":596},{\"@type\":\"WebSite\",\"@id\":\"https:\\\/\\\/gastronomicament.cat\\\/en\\\/#website\",\"url\":\"https:\\\/\\\/gastronomicament.cat\\\/en\\\/\",\"name\":\"Gastron\u00f2micament\",\"description\":\"Portal de restaurants, receptes i actualitat gastron\u00f2mica\",\"publisher\":{\"@id\":\"https:\\\/\\\/gastronomicament.cat\\\/en\\\/#organization\"},\"potentialAction\":[{\"@type\":\"SearchAction\",\"target\":{\"@type\":\"EntryPoint\",\"urlTemplate\":\"https:\\\/\\\/gastronomicament.cat\\\/en\\\/?s={search_term_string}\"},\"query-input\":{\"@type\":\"PropertyValueSpecification\",\"valueRequired\":true,\"valueName\":\"search_term_string\"}}],\"inLanguage\":\"en-US\"},{\"@type\":\"Organization\",\"@id\":\"https:\\\/\\\/gastronomicament.cat\\\/en\\\/#organization\",\"name\":\"Gastron\u00f2micament\",\"url\":\"https:\\\/\\\/gastronomicament.cat\\\/en\\\/\",\"logo\":{\"@type\":\"ImageObject\",\"inLanguage\":\"en-US\",\"@id\":\"https:\\\/\\\/gastronomicament.cat\\\/en\\\/#\\\/schema\\\/logo\\\/image\\\/\",\"url\":\"https:\\\/\\\/gastronomicament.cat\\\/wp-content\\\/uploads\\\/2016\\\/09\\\/header-logo.jpg\",\"contentUrl\":\"https:\\\/\\\/gastronomicament.cat\\\/wp-content\\\/uploads\\\/2016\\\/09\\\/header-logo.jpg\",\"width\":277,\"height\":39,\"caption\":\"Gastron\u00f2micament\"},\"image\":{\"@id\":\"https:\\\/\\\/gastronomicament.cat\\\/en\\\/#\\\/schema\\\/logo\\\/image\\\/\"},\"sameAs\":[\"https:\\\/\\\/x.com\\\/gastronomicamen\"]},{\"@type\":\"Person\",\"@id\":\"https:\\\/\\\/gastronomicament.cat\\\/en\\\/#\\\/schema\\\/person\\\/a7c85c537a1ed62799a5b8e0f686a37f\",\"name\":\"Redacci\u00f3\",\"image\":{\"@type\":\"ImageObject\",\"inLanguage\":\"en-US\",\"@id\":\"https:\\\/\\\/secure.gravatar.com\\\/avatar\\\/9489a485c464fd611d33825daae651d13db70c4e74c65c94937a15a9d4c3ee14?s=96&d=mm&r=g69fea3cce3645dfa2166e7293e22955e\",\"url\":\"https:\\\/\\\/secure.gravatar.com\\\/avatar\\\/9489a485c464fd611d33825daae651d13db70c4e74c65c94937a15a9d4c3ee14?s=96&d=mm&r=g\",\"contentUrl\":\"https:\\\/\\\/secure.gravatar.com\\\/avatar\\\/9489a485c464fd611d33825daae651d13db70c4e74c65c94937a15a9d4c3ee14?s=96&d=mm&r=g\",\"caption\":\"Redacci\u00f3\"},\"sameAs\":[\"http:\\\/\\\/gastronomicament.cat\"],\"url\":\"https:\\\/\\\/gastronomicament.cat\\\/en\\\/author\\\/admin\"}]}<\/script>\n<!-- \/ Yoast SEO plugin. -->","yoast_head_json":{"title":"\"A la Fira Biniarrels, hi trobareu moltes sorpreses i ho passareu molt b\u00e9\" - Gastron\u00f2micament","description":"\"A la Fira Biniarrels, hi trobareu moltes sorpreses i ho passareu molt b\u00e9\" Actualitat, Fires i rutes Joan Torrens, tresorer de l'associaci\u00f3 Arrels, us convida a gaudir de la fira de Mancor de la Vall els dies 24, 25 i 26 de novembre","robots":{"index":"index","follow":"follow","max-snippet":"max-snippet:-1","max-image-preview":"max-image-preview:large","max-video-preview":"max-video-preview:-1"},"canonical":"https:\/\/gastronomicament.cat\/en\/a-la-fira-biniarrels-hi-trobareu-moltes-sorpreses-i-ho-passareu-molt-be","og_locale":"en_US","og_type":"article","og_title":"\"A la Fira Biniarrels, hi trobareu moltes sorpreses i ho passareu molt b\u00e9\" - Gastron\u00f2micament","og_description":"\"A la Fira Biniarrels, hi trobareu moltes sorpreses i ho passareu molt b\u00e9\" Actualitat, Fires i rutes Joan Torrens, tresorer de l'associaci\u00f3 Arrels, us convida a gaudir de la fira de Mancor de la Vall els dies 24, 25 i 26 de novembre","og_url":"https:\/\/gastronomicament.cat\/en\/a-la-fira-biniarrels-hi-trobareu-moltes-sorpreses-i-ho-passareu-molt-be","og_site_name":"Gastron\u00f2micament","article_published_time":"2023-11-21T09:25:57+00:00","article_modified_time":"2023-11-21T09:26:44+00:00","og_image":[{"width":1127,"height":596,"url":"https:\/\/gastronomicament.cat\/wp-content\/uploads\/2023\/11\/Fira-Biniarrels-2023-Mancor-de-la-Vall.jpg","type":"image\/jpeg"}],"author":"Redacci\u00f3","twitter_card":"summary_large_image","twitter_creator":"@gastronomicamen","twitter_site":"@gastronomicamen","twitter_misc":{"Written by":"Redacci\u00f3","Est. reading time":"5 minutes"},"schema":{"@context":"https:\/\/schema.org","@graph":[{"@type":"Article","@id":"https:\/\/gastronomicament.cat\/en\/a-la-fira-biniarrels-hi-trobareu-moltes-sorpreses-i-ho-passareu-molt-be#article","isPartOf":{"@id":"https:\/\/gastronomicament.cat\/en\/a-la-fira-biniarrels-hi-trobareu-moltes-sorpreses-i-ho-passareu-molt-be"},"author":{"name":"Redacci\u00f3","@id":"https:\/\/gastronomicament.cat\/en\/#\/schema\/person\/a7c85c537a1ed62799a5b8e0f686a37f"},"headline":"&#8220;A la Fira Biniarrels, hi trobareu moltes sorpreses i ho passareu molt b\u00e9&#8221;","datePublished":"2023-11-21T09:25:57+00:00","dateModified":"2023-11-21T09:26:44+00:00","mainEntityOfPage":{"@id":"https:\/\/gastronomicament.cat\/en\/a-la-fira-biniarrels-hi-trobareu-moltes-sorpreses-i-ho-passareu-molt-be"},"wordCount":772,"commentCount":0,"publisher":{"@id":"https:\/\/gastronomicament.cat\/en\/#organization"},"image":{"@id":"https:\/\/gastronomicament.cat\/en\/a-la-fira-biniarrels-hi-trobareu-moltes-sorpreses-i-ho-passareu-molt-be#primaryimage"},"thumbnailUrl":"https:\/\/gastronomicament.cat\/wp-content\/uploads\/2023\/11\/Fira-Biniarrels-2023-Mancor-de-la-Vall.jpg","articleSection":["Actualitat","Fires i rutes"],"inLanguage":"en-US","potentialAction":[{"@type":"CommentAction","name":"Comment","target":["https:\/\/gastronomicament.cat\/en\/a-la-fira-biniarrels-hi-trobareu-moltes-sorpreses-i-ho-passareu-molt-be#respond"]}]},{"@type":"WebPage","@id":"https:\/\/gastronomicament.cat\/en\/a-la-fira-biniarrels-hi-trobareu-moltes-sorpreses-i-ho-passareu-molt-be","url":"https:\/\/gastronomicament.cat\/en\/a-la-fira-biniarrels-hi-trobareu-moltes-sorpreses-i-ho-passareu-molt-be","name":"\"A la Fira Biniarrels, hi trobareu moltes sorpreses i ho passareu molt b\u00e9\" - Gastron\u00f2micament","isPartOf":{"@id":"https:\/\/gastronomicament.cat\/en\/#website"},"primaryImageOfPage":{"@id":"https:\/\/gastronomicament.cat\/en\/a-la-fira-biniarrels-hi-trobareu-moltes-sorpreses-i-ho-passareu-molt-be#primaryimage"},"image":{"@id":"https:\/\/gastronomicament.cat\/en\/a-la-fira-biniarrels-hi-trobareu-moltes-sorpreses-i-ho-passareu-molt-be#primaryimage"},"thumbnailUrl":"https:\/\/gastronomicament.cat\/wp-content\/uploads\/2023\/11\/Fira-Biniarrels-2023-Mancor-de-la-Vall.jpg","datePublished":"2023-11-21T09:25:57+00:00","dateModified":"2023-11-21T09:26:44+00:00","description":"\"A la Fira Biniarrels, hi trobareu moltes sorpreses i ho passareu molt b\u00e9\" Actualitat, Fires i rutes Joan Torrens, tresorer de l'associaci\u00f3 Arrels, us convida a gaudir de la fira de Mancor de la Vall els dies 24, 25 i 26 de novembre","inLanguage":"en-US","potentialAction":[{"@type":"ReadAction","target":["https:\/\/gastronomicament.cat\/en\/a-la-fira-biniarrels-hi-trobareu-moltes-sorpreses-i-ho-passareu-molt-be"]}]},{"@type":"ImageObject","inLanguage":"en-US","@id":"https:\/\/gastronomicament.cat\/en\/a-la-fira-biniarrels-hi-trobareu-moltes-sorpreses-i-ho-passareu-molt-be#primaryimage","url":"https:\/\/gastronomicament.cat\/wp-content\/uploads\/2023\/11\/Fira-Biniarrels-2023-Mancor-de-la-Vall.jpg","contentUrl":"https:\/\/gastronomicament.cat\/wp-content\/uploads\/2023\/11\/Fira-Biniarrels-2023-Mancor-de-la-Vall.jpg","width":1127,"height":596},{"@type":"WebSite","@id":"https:\/\/gastronomicament.cat\/en\/#website","url":"https:\/\/gastronomicament.cat\/en\/","name":"Gastron\u00f2micament","description":"Portal de restaurants, receptes i actualitat gastron\u00f2mica","publisher":{"@id":"https:\/\/gastronomicament.cat\/en\/#organization"},"potentialAction":[{"@type":"SearchAction","target":{"@type":"EntryPoint","urlTemplate":"https:\/\/gastronomicament.cat\/en\/?s={search_term_string}"},"query-input":{"@type":"PropertyValueSpecification","valueRequired":true,"valueName":"search_term_string"}}],"inLanguage":"en-US"},{"@type":"Organization","@id":"https:\/\/gastronomicament.cat\/en\/#organization","name":"Gastron\u00f2micament","url":"https:\/\/gastronomicament.cat\/en\/","logo":{"@type":"ImageObject","inLanguage":"en-US","@id":"https:\/\/gastronomicament.cat\/en\/#\/schema\/logo\/image\/","url":"https:\/\/gastronomicament.cat\/wp-content\/uploads\/2016\/09\/header-logo.jpg","contentUrl":"https:\/\/gastronomicament.cat\/wp-content\/uploads\/2016\/09\/header-logo.jpg","width":277,"height":39,"caption":"Gastron\u00f2micament"},"image":{"@id":"https:\/\/gastronomicament.cat\/en\/#\/schema\/logo\/image\/"},"sameAs":["https:\/\/x.com\/gastronomicamen"]},{"@type":"Person","@id":"https:\/\/gastronomicament.cat\/en\/#\/schema\/person\/a7c85c537a1ed62799a5b8e0f686a37f","name":"Redacci\u00f3","image":{"@type":"ImageObject","inLanguage":"en-US","@id":"https:\/\/secure.gravatar.com\/avatar\/9489a485c464fd611d33825daae651d13db70c4e74c65c94937a15a9d4c3ee14?s=96&d=mm&r=g69fea3cce3645dfa2166e7293e22955e","url":"https:\/\/secure.gravatar.com\/avatar\/9489a485c464fd611d33825daae651d13db70c4e74c65c94937a15a9d4c3ee14?s=96&d=mm&r=g","contentUrl":"https:\/\/secure.gravatar.com\/avatar\/9489a485c464fd611d33825daae651d13db70c4e74c65c94937a15a9d4c3ee14?s=96&d=mm&r=g","caption":"Redacci\u00f3"},"sameAs":["http:\/\/gastronomicament.cat"],"url":"https:\/\/gastronomicament.cat\/en\/author\/admin"}]}},"_links":{"self":[{"href":"https:\/\/gastronomicament.cat\/en\/wp-json\/wp\/v2\/posts\/86088","targetHints":{"allow":["GET"]}}],"collection":[{"href":"https:\/\/gastronomicament.cat\/en\/wp-json\/wp\/v2\/posts"}],"about":[{"href":"https:\/\/gastronomicament.cat\/en\/wp-json\/wp\/v2\/types\/post"}],"author":[{"embeddable":true,"href":"https:\/\/gastronomicament.cat\/en\/wp-json\/wp\/v2\/users\/1"}],"replies":[{"embeddable":true,"href":"https:\/\/gastronomicament.cat\/en\/wp-json\/wp\/v2\/comments?post=86088"}],"version-history":[{"count":0,"href":"https:\/\/gastronomicament.cat\/en\/wp-json\/wp\/v2\/posts\/86088\/revisions"}],"wp:featuredmedia":[{"embeddable":true,"href":"https:\/\/gastronomicament.cat\/en\/wp-json\/wp\/v2\/media\/86080"}],"wp:attachment":[{"href":"https:\/\/gastronomicament.cat\/en\/wp-json\/wp\/v2\/media?parent=86088"}],"wp:term":[{"taxonomy":"category","embeddable":true,"href":"https:\/\/gastronomicament.cat\/en\/wp-json\/wp\/v2\/categories?post=86088"},{"taxonomy":"post_tag","embeddable":true,"href":"https:\/\/gastronomicament.cat\/en\/wp-json\/wp\/v2\/tags?post=86088"},{"taxonomy":"author","embeddable":true,"href":"https:\/\/gastronomicament.cat\/en\/wp-json\/wp\/v2\/coauthors?post=86088"}],"curies":[{"name":"wp","href":"https:\/\/api.w.org\/{rel}","templated":true}]}}