{"id":88234,"date":"2024-04-15T09:56:14","date_gmt":"2024-04-15T07:56:14","guid":{"rendered":"https:\/\/gastronomicament.cat\/que-es-la-celiaquia-i-com-es-diagnostica"},"modified":"2024-04-15T09:56:14","modified_gmt":"2024-04-15T07:56:14","slug":"que-es-la-celiaquia-i-com-es-diagnostica","status":"publish","type":"post","link":"https:\/\/gastronomicament.cat\/en\/que-es-la-celiaquia-i-com-es-diagnostica","title":{"rendered":"Qu\u00e8 \u00e9s la celiaquia i com es diagnostica"},"content":{"rendered":"<p><em>Redacci\u00f3 &#8211; Tot Sant Cugat &#8211; AMIC<\/em><\/p>\n<p>La malaltia cel\u00edaca \u00e9s una intoler\u00e0ncia permanent al gluten, una prote\u00efna que es troba en el blat, l&#8217;ordi, el s\u00e8gol i, en alguns casos, en la civada. Quan una persona amb malaltia cel\u00edaca consumeix gluten, el seu sistema immunitari reacciona de manera anormal i danya la mucosa de l&#8217;intest\u00ed prim. Aix\u00f2 pot interferir amb l&#8217;absorci\u00f3 de nutrients essencials i causar una varietat de s\u00edmptomes i problemes de salut.<\/p>\n<p><strong>S\u00edmptomes de la celiaquia<br \/>\n<\/strong>Els s\u00edmptomes de la malaltia cel\u00edaca poden variar \u00e0mpliament i inclouen: Problemes gastrointestinals com a diarrea, restrenyiment, inflor i dolor abdominal; fatiga cr\u00f2nica; p\u00e8rdua de pes involunt\u00e0ria; an\u00e8mia per defici\u00e8ncia de ferro; irritabilitat o canvis d&#8217;humor; problemes de la pell com a dermatitis herpetiforme; problemes de creixement i desenvolupament en infants; i osteoporosi o altres problemes ossis.<\/p>\n<p>Proves per diagnosticar la celiaquia:<\/p>\n<ul>\n<li><strong>An\u00e0lisis de sang:<\/strong>Es poden fer proves anal\u00edtiques per detectar uns certs anticossos en la sang que s\u00f3n comuns en persones amb malaltia cel\u00edaca.<\/li>\n<li><strong>Bi\u00f2psia intestinal:<\/strong>Si les an\u00e0lisis de sang suggereixen malaltia cel\u00edaca, es pot dur a terme una bi\u00f2psia de l&#8217;intest\u00ed prim per comprovar els danys que hi pot haver en la mucosa intestinal. Aquest procediment es fa a trav\u00e9s d&#8217;una endosc\u00f2pia.<\/li>\n<li><strong>Prova gen\u00e8tica<\/strong>: La celiaquia est\u00e0 associada amb uns certs gens. Una prova gen\u00e8tica pot ajudar a descartar o confirmar la susceptibilitat gen\u00e8tica a la malaltia.<\/li>\n<\/ul>\n<pre>Imatge: iStock<\/pre>\n","protected":false},"excerpt":{"rendered":"<p>Aquesta malaltia afecta a persones intolerants al gluten<\/p>\n","protected":false},"author":1,"featured_media":88230,"comment_status":"open","ping_status":"closed","sticky":false,"template":"","format":"standard","meta":{"_acf_changed":false,"_swt_meta_header_display":false,"_swt_meta_footer_display":false,"_swt_meta_site_title_display":false,"_swt_meta_sticky_header":false,"_swt_meta_transparent_header":false,"footnotes":""},"categories":[1046,1483],"tags":[],"coauthors":[2053],"class_list":["post-88234","post","type-post","status-publish","format-standard","has-post-thumbnail","hentry","category-actualitat-es-en","category-alimentacio-actualitat-en"],"acf":{"gallery":null,"home_date":{"home_begin_date":null,"home_end_date":null}},"yoast_head":"<!-- This site is optimized with the Yoast SEO plugin v27.4 - https:\/\/yoast.com\/product\/yoast-seo-wordpress\/ -->\n<title>Qu\u00e8 \u00e9s la celiaquia i com es diagnostica - Gastron\u00f2micament<\/title>\n<meta name=\"description\" content=\"Qu\u00e8 \u00e9s la celiaquia i com es diagnostica Actualitat, Alimentaci\u00f3 Aquesta malaltia afecta a persones intolerants al gluten\" \/>\n<meta name=\"robots\" content=\"index, follow, max-snippet:-1, max-image-preview:large, max-video-preview:-1\" \/>\n<link rel=\"canonical\" href=\"https:\/\/gastronomicament.cat\/en\/que-es-la-celiaquia-i-com-es-diagnostica\" \/>\n<meta property=\"og:locale\" content=\"en_US\" \/>\n<meta property=\"og:type\" content=\"article\" \/>\n<meta property=\"og:title\" content=\"Qu\u00e8 \u00e9s la celiaquia i com es diagnostica - Gastron\u00f2micament\" \/>\n<meta property=\"og:description\" content=\"Qu\u00e8 \u00e9s la celiaquia i com es diagnostica Actualitat, Alimentaci\u00f3 Aquesta malaltia afecta a persones intolerants al gluten\" \/>\n<meta property=\"og:url\" content=\"https:\/\/gastronomicament.cat\/en\/que-es-la-celiaquia-i-com-es-diagnostica\" \/>\n<meta property=\"og:site_name\" content=\"Gastron\u00f2micament\" \/>\n<meta property=\"article:published_time\" content=\"2024-04-15T07:56:14+00:00\" \/>\n<meta property=\"og:image\" content=\"https:\/\/gastronomicament.cat\/wp-content\/uploads\/2024\/04\/celiquia-no-gluten.gif\" \/>\n\t<meta property=\"og:image:width\" content=\"1200\" \/>\n\t<meta property=\"og:image:height\" content=\"800\" \/>\n\t<meta property=\"og:image:type\" content=\"image\/gif\" \/>\n<meta name=\"author\" content=\"Redacci\u00f3\" \/>\n<meta name=\"twitter:card\" content=\"summary_large_image\" \/>\n<meta name=\"twitter:creator\" content=\"@gastronomicamen\" \/>\n<meta name=\"twitter:site\" content=\"@gastronomicamen\" \/>\n<meta name=\"twitter:label1\" content=\"Written by\" \/>\n\t<meta name=\"twitter:data1\" content=\"Redacci\u00f3\" \/>\n\t<meta name=\"twitter:label2\" content=\"Est. reading time\" \/>\n\t<meta name=\"twitter:data2\" content=\"2 minutes\" \/>\n<script type=\"application\/ld+json\" class=\"yoast-schema-graph\">{\"@context\":\"https:\\\/\\\/schema.org\",\"@graph\":[{\"@type\":\"Article\",\"@id\":\"https:\\\/\\\/gastronomicament.cat\\\/en\\\/que-es-la-celiaquia-i-com-es-diagnostica#article\",\"isPartOf\":{\"@id\":\"https:\\\/\\\/gastronomicament.cat\\\/en\\\/que-es-la-celiaquia-i-com-es-diagnostica\"},\"author\":{\"name\":\"Redacci\u00f3\",\"@id\":\"https:\\\/\\\/gastronomicament.cat\\\/en\\\/#\\\/schema\\\/person\\\/a7c85c537a1ed62799a5b8e0f686a37f\"},\"headline\":\"Qu\u00e8 \u00e9s la celiaquia i com es diagnostica\",\"datePublished\":\"2024-04-15T07:56:14+00:00\",\"mainEntityOfPage\":{\"@id\":\"https:\\\/\\\/gastronomicament.cat\\\/en\\\/que-es-la-celiaquia-i-com-es-diagnostica\"},\"wordCount\":265,\"commentCount\":0,\"publisher\":{\"@id\":\"https:\\\/\\\/gastronomicament.cat\\\/en\\\/#organization\"},\"image\":{\"@id\":\"https:\\\/\\\/gastronomicament.cat\\\/en\\\/que-es-la-celiaquia-i-com-es-diagnostica#primaryimage\"},\"thumbnailUrl\":\"https:\\\/\\\/gastronomicament.cat\\\/wp-content\\\/uploads\\\/2024\\\/04\\\/celiquia-no-gluten.gif\",\"articleSection\":[\"Actualitat\",\"Alimentaci\u00f3\"],\"inLanguage\":\"en-US\",\"potentialAction\":[{\"@type\":\"CommentAction\",\"name\":\"Comment\",\"target\":[\"https:\\\/\\\/gastronomicament.cat\\\/en\\\/que-es-la-celiaquia-i-com-es-diagnostica#respond\"]}]},{\"@type\":\"WebPage\",\"@id\":\"https:\\\/\\\/gastronomicament.cat\\\/en\\\/que-es-la-celiaquia-i-com-es-diagnostica\",\"url\":\"https:\\\/\\\/gastronomicament.cat\\\/en\\\/que-es-la-celiaquia-i-com-es-diagnostica\",\"name\":\"Qu\u00e8 \u00e9s la celiaquia i com es diagnostica - Gastron\u00f2micament\",\"isPartOf\":{\"@id\":\"https:\\\/\\\/gastronomicament.cat\\\/en\\\/#website\"},\"primaryImageOfPage\":{\"@id\":\"https:\\\/\\\/gastronomicament.cat\\\/en\\\/que-es-la-celiaquia-i-com-es-diagnostica#primaryimage\"},\"image\":{\"@id\":\"https:\\\/\\\/gastronomicament.cat\\\/en\\\/que-es-la-celiaquia-i-com-es-diagnostica#primaryimage\"},\"thumbnailUrl\":\"https:\\\/\\\/gastronomicament.cat\\\/wp-content\\\/uploads\\\/2024\\\/04\\\/celiquia-no-gluten.gif\",\"datePublished\":\"2024-04-15T07:56:14+00:00\",\"description\":\"Qu\u00e8 \u00e9s la celiaquia i com es diagnostica Actualitat, Alimentaci\u00f3 Aquesta malaltia afecta a persones intolerants al gluten\",\"inLanguage\":\"en-US\",\"potentialAction\":[{\"@type\":\"ReadAction\",\"target\":[\"https:\\\/\\\/gastronomicament.cat\\\/en\\\/que-es-la-celiaquia-i-com-es-diagnostica\"]}]},{\"@type\":\"ImageObject\",\"inLanguage\":\"en-US\",\"@id\":\"https:\\\/\\\/gastronomicament.cat\\\/en\\\/que-es-la-celiaquia-i-com-es-diagnostica#primaryimage\",\"url\":\"https:\\\/\\\/gastronomicament.cat\\\/wp-content\\\/uploads\\\/2024\\\/04\\\/celiquia-no-gluten.gif\",\"contentUrl\":\"https:\\\/\\\/gastronomicament.cat\\\/wp-content\\\/uploads\\\/2024\\\/04\\\/celiquia-no-gluten.gif\",\"width\":1200,\"height\":800},{\"@type\":\"WebSite\",\"@id\":\"https:\\\/\\\/gastronomicament.cat\\\/en\\\/#website\",\"url\":\"https:\\\/\\\/gastronomicament.cat\\\/en\\\/\",\"name\":\"Gastron\u00f2micament\",\"description\":\"Portal de restaurants, receptes i actualitat gastron\u00f2mica\",\"publisher\":{\"@id\":\"https:\\\/\\\/gastronomicament.cat\\\/en\\\/#organization\"},\"potentialAction\":[{\"@type\":\"SearchAction\",\"target\":{\"@type\":\"EntryPoint\",\"urlTemplate\":\"https:\\\/\\\/gastronomicament.cat\\\/en\\\/?s={search_term_string}\"},\"query-input\":{\"@type\":\"PropertyValueSpecification\",\"valueRequired\":true,\"valueName\":\"search_term_string\"}}],\"inLanguage\":\"en-US\"},{\"@type\":\"Organization\",\"@id\":\"https:\\\/\\\/gastronomicament.cat\\\/en\\\/#organization\",\"name\":\"Gastron\u00f2micament\",\"url\":\"https:\\\/\\\/gastronomicament.cat\\\/en\\\/\",\"logo\":{\"@type\":\"ImageObject\",\"inLanguage\":\"en-US\",\"@id\":\"https:\\\/\\\/gastronomicament.cat\\\/en\\\/#\\\/schema\\\/logo\\\/image\\\/\",\"url\":\"https:\\\/\\\/gastronomicament.cat\\\/wp-content\\\/uploads\\\/2016\\\/09\\\/header-logo.jpg\",\"contentUrl\":\"https:\\\/\\\/gastronomicament.cat\\\/wp-content\\\/uploads\\\/2016\\\/09\\\/header-logo.jpg\",\"width\":277,\"height\":39,\"caption\":\"Gastron\u00f2micament\"},\"image\":{\"@id\":\"https:\\\/\\\/gastronomicament.cat\\\/en\\\/#\\\/schema\\\/logo\\\/image\\\/\"},\"sameAs\":[\"https:\\\/\\\/x.com\\\/gastronomicamen\"]},{\"@type\":\"Person\",\"@id\":\"https:\\\/\\\/gastronomicament.cat\\\/en\\\/#\\\/schema\\\/person\\\/a7c85c537a1ed62799a5b8e0f686a37f\",\"name\":\"Redacci\u00f3\",\"image\":{\"@type\":\"ImageObject\",\"inLanguage\":\"en-US\",\"@id\":\"https:\\\/\\\/secure.gravatar.com\\\/avatar\\\/9489a485c464fd611d33825daae651d13db70c4e74c65c94937a15a9d4c3ee14?s=96&d=mm&r=g69fea3cce3645dfa2166e7293e22955e\",\"url\":\"https:\\\/\\\/secure.gravatar.com\\\/avatar\\\/9489a485c464fd611d33825daae651d13db70c4e74c65c94937a15a9d4c3ee14?s=96&d=mm&r=g\",\"contentUrl\":\"https:\\\/\\\/secure.gravatar.com\\\/avatar\\\/9489a485c464fd611d33825daae651d13db70c4e74c65c94937a15a9d4c3ee14?s=96&d=mm&r=g\",\"caption\":\"Redacci\u00f3\"},\"sameAs\":[\"http:\\\/\\\/gastronomicament.cat\"],\"url\":\"https:\\\/\\\/gastronomicament.cat\\\/en\\\/author\\\/admin\"}]}<\/script>\n<!-- \/ Yoast SEO plugin. -->","yoast_head_json":{"title":"Qu\u00e8 \u00e9s la celiaquia i com es diagnostica - Gastron\u00f2micament","description":"Qu\u00e8 \u00e9s la celiaquia i com es diagnostica Actualitat, Alimentaci\u00f3 Aquesta malaltia afecta a persones intolerants al gluten","robots":{"index":"index","follow":"follow","max-snippet":"max-snippet:-1","max-image-preview":"max-image-preview:large","max-video-preview":"max-video-preview:-1"},"canonical":"https:\/\/gastronomicament.cat\/en\/que-es-la-celiaquia-i-com-es-diagnostica","og_locale":"en_US","og_type":"article","og_title":"Qu\u00e8 \u00e9s la celiaquia i com es diagnostica - Gastron\u00f2micament","og_description":"Qu\u00e8 \u00e9s la celiaquia i com es diagnostica Actualitat, Alimentaci\u00f3 Aquesta malaltia afecta a persones intolerants al gluten","og_url":"https:\/\/gastronomicament.cat\/en\/que-es-la-celiaquia-i-com-es-diagnostica","og_site_name":"Gastron\u00f2micament","article_published_time":"2024-04-15T07:56:14+00:00","og_image":[{"width":1200,"height":800,"url":"https:\/\/gastronomicament.cat\/wp-content\/uploads\/2024\/04\/celiquia-no-gluten.gif","type":"image\/gif"}],"author":"Redacci\u00f3","twitter_card":"summary_large_image","twitter_creator":"@gastronomicamen","twitter_site":"@gastronomicamen","twitter_misc":{"Written by":"Redacci\u00f3","Est. reading time":"2 minutes"},"schema":{"@context":"https:\/\/schema.org","@graph":[{"@type":"Article","@id":"https:\/\/gastronomicament.cat\/en\/que-es-la-celiaquia-i-com-es-diagnostica#article","isPartOf":{"@id":"https:\/\/gastronomicament.cat\/en\/que-es-la-celiaquia-i-com-es-diagnostica"},"author":{"name":"Redacci\u00f3","@id":"https:\/\/gastronomicament.cat\/en\/#\/schema\/person\/a7c85c537a1ed62799a5b8e0f686a37f"},"headline":"Qu\u00e8 \u00e9s la celiaquia i com es diagnostica","datePublished":"2024-04-15T07:56:14+00:00","mainEntityOfPage":{"@id":"https:\/\/gastronomicament.cat\/en\/que-es-la-celiaquia-i-com-es-diagnostica"},"wordCount":265,"commentCount":0,"publisher":{"@id":"https:\/\/gastronomicament.cat\/en\/#organization"},"image":{"@id":"https:\/\/gastronomicament.cat\/en\/que-es-la-celiaquia-i-com-es-diagnostica#primaryimage"},"thumbnailUrl":"https:\/\/gastronomicament.cat\/wp-content\/uploads\/2024\/04\/celiquia-no-gluten.gif","articleSection":["Actualitat","Alimentaci\u00f3"],"inLanguage":"en-US","potentialAction":[{"@type":"CommentAction","name":"Comment","target":["https:\/\/gastronomicament.cat\/en\/que-es-la-celiaquia-i-com-es-diagnostica#respond"]}]},{"@type":"WebPage","@id":"https:\/\/gastronomicament.cat\/en\/que-es-la-celiaquia-i-com-es-diagnostica","url":"https:\/\/gastronomicament.cat\/en\/que-es-la-celiaquia-i-com-es-diagnostica","name":"Qu\u00e8 \u00e9s la celiaquia i com es diagnostica - Gastron\u00f2micament","isPartOf":{"@id":"https:\/\/gastronomicament.cat\/en\/#website"},"primaryImageOfPage":{"@id":"https:\/\/gastronomicament.cat\/en\/que-es-la-celiaquia-i-com-es-diagnostica#primaryimage"},"image":{"@id":"https:\/\/gastronomicament.cat\/en\/que-es-la-celiaquia-i-com-es-diagnostica#primaryimage"},"thumbnailUrl":"https:\/\/gastronomicament.cat\/wp-content\/uploads\/2024\/04\/celiquia-no-gluten.gif","datePublished":"2024-04-15T07:56:14+00:00","description":"Qu\u00e8 \u00e9s la celiaquia i com es diagnostica Actualitat, Alimentaci\u00f3 Aquesta malaltia afecta a persones intolerants al gluten","inLanguage":"en-US","potentialAction":[{"@type":"ReadAction","target":["https:\/\/gastronomicament.cat\/en\/que-es-la-celiaquia-i-com-es-diagnostica"]}]},{"@type":"ImageObject","inLanguage":"en-US","@id":"https:\/\/gastronomicament.cat\/en\/que-es-la-celiaquia-i-com-es-diagnostica#primaryimage","url":"https:\/\/gastronomicament.cat\/wp-content\/uploads\/2024\/04\/celiquia-no-gluten.gif","contentUrl":"https:\/\/gastronomicament.cat\/wp-content\/uploads\/2024\/04\/celiquia-no-gluten.gif","width":1200,"height":800},{"@type":"WebSite","@id":"https:\/\/gastronomicament.cat\/en\/#website","url":"https:\/\/gastronomicament.cat\/en\/","name":"Gastron\u00f2micament","description":"Portal de restaurants, receptes i actualitat gastron\u00f2mica","publisher":{"@id":"https:\/\/gastronomicament.cat\/en\/#organization"},"potentialAction":[{"@type":"SearchAction","target":{"@type":"EntryPoint","urlTemplate":"https:\/\/gastronomicament.cat\/en\/?s={search_term_string}"},"query-input":{"@type":"PropertyValueSpecification","valueRequired":true,"valueName":"search_term_string"}}],"inLanguage":"en-US"},{"@type":"Organization","@id":"https:\/\/gastronomicament.cat\/en\/#organization","name":"Gastron\u00f2micament","url":"https:\/\/gastronomicament.cat\/en\/","logo":{"@type":"ImageObject","inLanguage":"en-US","@id":"https:\/\/gastronomicament.cat\/en\/#\/schema\/logo\/image\/","url":"https:\/\/gastronomicament.cat\/wp-content\/uploads\/2016\/09\/header-logo.jpg","contentUrl":"https:\/\/gastronomicament.cat\/wp-content\/uploads\/2016\/09\/header-logo.jpg","width":277,"height":39,"caption":"Gastron\u00f2micament"},"image":{"@id":"https:\/\/gastronomicament.cat\/en\/#\/schema\/logo\/image\/"},"sameAs":["https:\/\/x.com\/gastronomicamen"]},{"@type":"Person","@id":"https:\/\/gastronomicament.cat\/en\/#\/schema\/person\/a7c85c537a1ed62799a5b8e0f686a37f","name":"Redacci\u00f3","image":{"@type":"ImageObject","inLanguage":"en-US","@id":"https:\/\/secure.gravatar.com\/avatar\/9489a485c464fd611d33825daae651d13db70c4e74c65c94937a15a9d4c3ee14?s=96&d=mm&r=g69fea3cce3645dfa2166e7293e22955e","url":"https:\/\/secure.gravatar.com\/avatar\/9489a485c464fd611d33825daae651d13db70c4e74c65c94937a15a9d4c3ee14?s=96&d=mm&r=g","contentUrl":"https:\/\/secure.gravatar.com\/avatar\/9489a485c464fd611d33825daae651d13db70c4e74c65c94937a15a9d4c3ee14?s=96&d=mm&r=g","caption":"Redacci\u00f3"},"sameAs":["http:\/\/gastronomicament.cat"],"url":"https:\/\/gastronomicament.cat\/en\/author\/admin"}]}},"_links":{"self":[{"href":"https:\/\/gastronomicament.cat\/en\/wp-json\/wp\/v2\/posts\/88234","targetHints":{"allow":["GET"]}}],"collection":[{"href":"https:\/\/gastronomicament.cat\/en\/wp-json\/wp\/v2\/posts"}],"about":[{"href":"https:\/\/gastronomicament.cat\/en\/wp-json\/wp\/v2\/types\/post"}],"author":[{"embeddable":true,"href":"https:\/\/gastronomicament.cat\/en\/wp-json\/wp\/v2\/users\/1"}],"replies":[{"embeddable":true,"href":"https:\/\/gastronomicament.cat\/en\/wp-json\/wp\/v2\/comments?post=88234"}],"version-history":[{"count":0,"href":"https:\/\/gastronomicament.cat\/en\/wp-json\/wp\/v2\/posts\/88234\/revisions"}],"wp:featuredmedia":[{"embeddable":true,"href":"https:\/\/gastronomicament.cat\/en\/wp-json\/wp\/v2\/media\/88230"}],"wp:attachment":[{"href":"https:\/\/gastronomicament.cat\/en\/wp-json\/wp\/v2\/media?parent=88234"}],"wp:term":[{"taxonomy":"category","embeddable":true,"href":"https:\/\/gastronomicament.cat\/en\/wp-json\/wp\/v2\/categories?post=88234"},{"taxonomy":"post_tag","embeddable":true,"href":"https:\/\/gastronomicament.cat\/en\/wp-json\/wp\/v2\/tags?post=88234"},{"taxonomy":"author","embeddable":true,"href":"https:\/\/gastronomicament.cat\/en\/wp-json\/wp\/v2\/coauthors?post=88234"}],"curies":[{"name":"wp","href":"https:\/\/api.w.org\/{rel}","templated":true}]}}