{"id":89033,"date":"2024-06-05T13:24:47","date_gmt":"2024-06-05T11:24:47","guid":{"rendered":"https:\/\/gastronomicament.cat\/lassociacio-de-periodistes-anuncia-els-premis-gastronomics-2023"},"modified":"2024-06-05T13:43:38","modified_gmt":"2024-06-05T11:43:38","slug":"lassociacio-de-periodistes-anuncia-els-premis-gastronomics-2023","status":"publish","type":"post","link":"https:\/\/gastronomicament.cat\/en\/lassociacio-de-periodistes-anuncia-els-premis-gastronomics-2023","title":{"rendered":"L&#8217;Associaci\u00f3 de Periodistes anuncia els Premis Gastron\u00f2mics 2023"},"content":{"rendered":"<p>L\u2019Associaci\u00f3 de Periodistes i Escriptors Gastron\u00f2mics de les Balears (<strong>APEGIB<\/strong>), acaba d&#8217;anunciar els\u00a0<strong>Premis Gastron\u00f2mics 2023<\/strong>, uns guardons que l&#8217;entitat lliura a les persones que han destacat en aquest sector.<\/p>\n<p>Els Premis Gastron\u00f2mics es lliuraran el mes de setembre vinent a Menorca, concretament\u00a0<strong>els dies 21 i 22 de setembre\u00a0<\/strong>en el marc de la\u00a0<strong>Fira Arrels<\/strong>, concebuda per dinamitzar el producte local i la cuina menorquina, al\u00a0Recinte Firal del Mercadal. Aquests guardons tenen el suport de la naviliera Bale\u00e0ria, la Fundaci\u00f3 Foment Turisme de Menorca i el Consell de Menorca.<\/p>\n<p>A l\u2019edici\u00f3 d\u2019enguany, es lliuraran els Premis Gastron\u00f2mics de Menorca i tamb\u00e9 els de Mallorca, els d&#8217;Eivissa i Formentera. Els guanyadors s\u00f3n els seg\u00fcents:<\/p>\n<p><strong>Menorca<\/strong><\/p>\n<ul>\n<li>Cuiner de l\u2019any:\u00a0<strong>Sergi Villalonga<\/strong>,\u00a0<a href=\"https:\/\/baleargrup.com\/ca\/cafe-balear\/\" target=\"_blank\" rel=\"noopener\">Caf\u00e8 Balear<\/a>. (Ciutadella).<\/li>\n<li>Restaurant revelaci\u00f3:\u00a0<strong>Vermell<\/strong>, de l\u2019hotel rural Vestige Son Vell. (Ciutadella).<\/li>\n<li>Reboster\/Pastisser de l\u2019any: J<strong>uan Carlos Garc\u00eda<\/strong>, gelater, La F\u00e0brica de Farry. (es Mercadal.<\/li>\n<li>Millor cap de sala:\u00a0<strong>V\u00edctor Torrent Viv\u00f3<\/strong>, Pinzell Restaurant (Ciutadella).<\/li>\n<li>Traject\u00f2ria professional:\u00a0<strong>El Paladar<\/strong>, amb botigues a Menorca, Mallorca i Evissa.<\/li>\n<li>Promoci\u00f3 del producte local:\u00a0<strong>Vicent Vila<\/strong>, cuiner jubilat, Es Mol\u00ed de Foc (Sant Climent, Ma\u00f3).<\/li>\n<li>Millor gastrobar:\u00a0<strong>Calucha<\/strong>(Ma\u00f3).<\/li>\n<li>Millor restaurant de cuina menorquina, Premi Ramon Cavaller:\u00a0<strong>Sa Fonda\u00a0<\/strong>(Fornells).<\/li>\n<\/ul>\n<p><strong>Mallorca<\/strong><\/p>\n<ul>\n<li>Premi a la cr\u00edtica gastron\u00f2mica:\u00a0<strong>Bernab\u00e9 Caravotta<\/strong>, cuiner. (Palma).<\/li>\n<li>Premi Cati Juan de Corral:\u00a0<strong>Gelateria Can Miquel<\/strong>. (Palma).<\/li>\n<\/ul>\n<p><strong>Eivissa i Formentera<\/strong><\/p>\n<ul>\n<li>Premi Cr\u00edtica:\u00a0<strong>Herbes Mar\u00ed Mayans<\/strong>(Eivissa)<\/li>\n<li>Premi Joan Castell\u00f3 i Josepa Orvay:\u00a0<strong>Virg\u00ednia Mar\u00ed<\/strong>, p\u00f2stum (Eivissa).<\/li>\n<\/ul>\n","protected":false},"excerpt":{"rendered":"<p>Es lliuraran a Menorca, el mes de setembre, en el marc de la fira Arrels<\/p>\n","protected":false},"author":1,"featured_media":89029,"comment_status":"open","ping_status":"closed","sticky":false,"template":"","format":"gallery","meta":{"_acf_changed":false,"_swt_meta_header_display":false,"_swt_meta_footer_display":false,"_swt_meta_site_title_display":false,"_swt_meta_sticky_header":false,"_swt_meta_transparent_header":false,"footnotes":""},"categories":[1046,1479],"tags":[],"coauthors":[2053],"class_list":["post-89033","post","type-post","status-publish","format-gallery","has-post-thumbnail","hentry","category-actualitat-es-en","category-concursos-i-premis-en","post_format-post-format-gallery"],"acf":{"gallery":null,"home_date":{"home_begin_date":null,"home_end_date":null}},"yoast_head":"<!-- This site is optimized with the Yoast SEO plugin v27.4 - https:\/\/yoast.com\/product\/yoast-seo-wordpress\/ -->\n<title>L&#039;Associaci\u00f3 de Periodistes anuncia els Premis Gastron\u00f2mics 2023 - Gastron\u00f2micament<\/title>\n<meta name=\"description\" content=\"L&#039;Associaci\u00f3 de Periodistes anuncia els Premis Gastron\u00f2mics 2023 Actualitat, Concursos i premis Es lliuraran a Menorca, el mes de setembre, en el marc de la fira Arrels\" \/>\n<meta name=\"robots\" content=\"index, follow, max-snippet:-1, max-image-preview:large, max-video-preview:-1\" \/>\n<link rel=\"canonical\" href=\"https:\/\/gastronomicament.cat\/en\/lassociacio-de-periodistes-anuncia-els-premis-gastronomics-2023\" \/>\n<meta property=\"og:locale\" content=\"en_US\" \/>\n<meta property=\"og:type\" content=\"article\" \/>\n<meta property=\"og:title\" content=\"L&#039;Associaci\u00f3 de Periodistes anuncia els Premis Gastron\u00f2mics 2023 - Gastron\u00f2micament\" \/>\n<meta property=\"og:description\" content=\"L&#039;Associaci\u00f3 de Periodistes anuncia els Premis Gastron\u00f2mics 2023 Actualitat, Concursos i premis Es lliuraran a Menorca, el mes de setembre, en el marc de la fira Arrels\" \/>\n<meta property=\"og:url\" content=\"https:\/\/gastronomicament.cat\/en\/lassociacio-de-periodistes-anuncia-els-premis-gastronomics-2023\" \/>\n<meta property=\"og:site_name\" content=\"Gastron\u00f2micament\" \/>\n<meta property=\"article:published_time\" content=\"2024-06-05T11:24:47+00:00\" \/>\n<meta property=\"article:modified_time\" content=\"2024-06-05T11:43:38+00:00\" \/>\n<meta property=\"og:image\" content=\"https:\/\/gastronomicament.cat\/wp-content\/uploads\/2024\/06\/Bernabe-Caravotta.jpg\" \/>\n\t<meta property=\"og:image:width\" content=\"1080\" \/>\n\t<meta property=\"og:image:height\" content=\"704\" \/>\n\t<meta property=\"og:image:type\" content=\"image\/jpeg\" \/>\n<meta name=\"author\" content=\"Redacci\u00f3\" \/>\n<meta name=\"twitter:card\" content=\"summary_large_image\" \/>\n<meta name=\"twitter:creator\" content=\"@gastronomicamen\" \/>\n<meta name=\"twitter:site\" content=\"@gastronomicamen\" \/>\n<meta name=\"twitter:label1\" content=\"Written by\" \/>\n\t<meta name=\"twitter:data1\" content=\"Redacci\u00f3\" \/>\n\t<meta name=\"twitter:label2\" content=\"Est. reading time\" \/>\n\t<meta name=\"twitter:data2\" content=\"2 minutes\" \/>\n<script type=\"application\/ld+json\" class=\"yoast-schema-graph\">{\"@context\":\"https:\\\/\\\/schema.org\",\"@graph\":[{\"@type\":\"Article\",\"@id\":\"https:\\\/\\\/gastronomicament.cat\\\/en\\\/lassociacio-de-periodistes-anuncia-els-premis-gastronomics-2023#article\",\"isPartOf\":{\"@id\":\"https:\\\/\\\/gastronomicament.cat\\\/en\\\/lassociacio-de-periodistes-anuncia-els-premis-gastronomics-2023\"},\"author\":{\"name\":\"Redacci\u00f3\",\"@id\":\"https:\\\/\\\/gastronomicament.cat\\\/en\\\/#\\\/schema\\\/person\\\/a7c85c537a1ed62799a5b8e0f686a37f\"},\"headline\":\"L&#8217;Associaci\u00f3 de Periodistes anuncia els Premis Gastron\u00f2mics 2023\",\"datePublished\":\"2024-06-05T11:24:47+00:00\",\"dateModified\":\"2024-06-05T11:43:38+00:00\",\"mainEntityOfPage\":{\"@id\":\"https:\\\/\\\/gastronomicament.cat\\\/en\\\/lassociacio-de-periodistes-anuncia-els-premis-gastronomics-2023\"},\"wordCount\":265,\"commentCount\":0,\"publisher\":{\"@id\":\"https:\\\/\\\/gastronomicament.cat\\\/en\\\/#organization\"},\"image\":{\"@id\":\"https:\\\/\\\/gastronomicament.cat\\\/en\\\/lassociacio-de-periodistes-anuncia-els-premis-gastronomics-2023#primaryimage\"},\"thumbnailUrl\":\"https:\\\/\\\/gastronomicament.cat\\\/wp-content\\\/uploads\\\/2024\\\/06\\\/Bernabe-Caravotta.jpg\",\"articleSection\":[\"Actualitat\",\"Concursos i premis\"],\"inLanguage\":\"en-US\",\"potentialAction\":[{\"@type\":\"CommentAction\",\"name\":\"Comment\",\"target\":[\"https:\\\/\\\/gastronomicament.cat\\\/en\\\/lassociacio-de-periodistes-anuncia-els-premis-gastronomics-2023#respond\"]}]},{\"@type\":\"WebPage\",\"@id\":\"https:\\\/\\\/gastronomicament.cat\\\/en\\\/lassociacio-de-periodistes-anuncia-els-premis-gastronomics-2023\",\"url\":\"https:\\\/\\\/gastronomicament.cat\\\/en\\\/lassociacio-de-periodistes-anuncia-els-premis-gastronomics-2023\",\"name\":\"L'Associaci\u00f3 de Periodistes anuncia els Premis Gastron\u00f2mics 2023 - Gastron\u00f2micament\",\"isPartOf\":{\"@id\":\"https:\\\/\\\/gastronomicament.cat\\\/en\\\/#website\"},\"primaryImageOfPage\":{\"@id\":\"https:\\\/\\\/gastronomicament.cat\\\/en\\\/lassociacio-de-periodistes-anuncia-els-premis-gastronomics-2023#primaryimage\"},\"image\":{\"@id\":\"https:\\\/\\\/gastronomicament.cat\\\/en\\\/lassociacio-de-periodistes-anuncia-els-premis-gastronomics-2023#primaryimage\"},\"thumbnailUrl\":\"https:\\\/\\\/gastronomicament.cat\\\/wp-content\\\/uploads\\\/2024\\\/06\\\/Bernabe-Caravotta.jpg\",\"datePublished\":\"2024-06-05T11:24:47+00:00\",\"dateModified\":\"2024-06-05T11:43:38+00:00\",\"description\":\"L'Associaci\u00f3 de Periodistes anuncia els Premis Gastron\u00f2mics 2023 Actualitat, Concursos i premis Es lliuraran a Menorca, el mes de setembre, en el marc de la fira Arrels\",\"inLanguage\":\"en-US\",\"potentialAction\":[{\"@type\":\"ReadAction\",\"target\":[\"https:\\\/\\\/gastronomicament.cat\\\/en\\\/lassociacio-de-periodistes-anuncia-els-premis-gastronomics-2023\"]}]},{\"@type\":\"ImageObject\",\"inLanguage\":\"en-US\",\"@id\":\"https:\\\/\\\/gastronomicament.cat\\\/en\\\/lassociacio-de-periodistes-anuncia-els-premis-gastronomics-2023#primaryimage\",\"url\":\"https:\\\/\\\/gastronomicament.cat\\\/wp-content\\\/uploads\\\/2024\\\/06\\\/Bernabe-Caravotta.jpg\",\"contentUrl\":\"https:\\\/\\\/gastronomicament.cat\\\/wp-content\\\/uploads\\\/2024\\\/06\\\/Bernabe-Caravotta.jpg\",\"width\":1080,\"height\":704},{\"@type\":\"WebSite\",\"@id\":\"https:\\\/\\\/gastronomicament.cat\\\/en\\\/#website\",\"url\":\"https:\\\/\\\/gastronomicament.cat\\\/en\\\/\",\"name\":\"Gastron\u00f2micament\",\"description\":\"Portal de restaurants, receptes i actualitat gastron\u00f2mica\",\"publisher\":{\"@id\":\"https:\\\/\\\/gastronomicament.cat\\\/en\\\/#organization\"},\"potentialAction\":[{\"@type\":\"SearchAction\",\"target\":{\"@type\":\"EntryPoint\",\"urlTemplate\":\"https:\\\/\\\/gastronomicament.cat\\\/en\\\/?s={search_term_string}\"},\"query-input\":{\"@type\":\"PropertyValueSpecification\",\"valueRequired\":true,\"valueName\":\"search_term_string\"}}],\"inLanguage\":\"en-US\"},{\"@type\":\"Organization\",\"@id\":\"https:\\\/\\\/gastronomicament.cat\\\/en\\\/#organization\",\"name\":\"Gastron\u00f2micament\",\"url\":\"https:\\\/\\\/gastronomicament.cat\\\/en\\\/\",\"logo\":{\"@type\":\"ImageObject\",\"inLanguage\":\"en-US\",\"@id\":\"https:\\\/\\\/gastronomicament.cat\\\/en\\\/#\\\/schema\\\/logo\\\/image\\\/\",\"url\":\"https:\\\/\\\/gastronomicament.cat\\\/wp-content\\\/uploads\\\/2016\\\/09\\\/header-logo.jpg\",\"contentUrl\":\"https:\\\/\\\/gastronomicament.cat\\\/wp-content\\\/uploads\\\/2016\\\/09\\\/header-logo.jpg\",\"width\":277,\"height\":39,\"caption\":\"Gastron\u00f2micament\"},\"image\":{\"@id\":\"https:\\\/\\\/gastronomicament.cat\\\/en\\\/#\\\/schema\\\/logo\\\/image\\\/\"},\"sameAs\":[\"https:\\\/\\\/x.com\\\/gastronomicamen\"]},{\"@type\":\"Person\",\"@id\":\"https:\\\/\\\/gastronomicament.cat\\\/en\\\/#\\\/schema\\\/person\\\/a7c85c537a1ed62799a5b8e0f686a37f\",\"name\":\"Redacci\u00f3\",\"image\":{\"@type\":\"ImageObject\",\"inLanguage\":\"en-US\",\"@id\":\"https:\\\/\\\/secure.gravatar.com\\\/avatar\\\/9489a485c464fd611d33825daae651d13db70c4e74c65c94937a15a9d4c3ee14?s=96&d=mm&r=g69fea3cce3645dfa2166e7293e22955e\",\"url\":\"https:\\\/\\\/secure.gravatar.com\\\/avatar\\\/9489a485c464fd611d33825daae651d13db70c4e74c65c94937a15a9d4c3ee14?s=96&d=mm&r=g\",\"contentUrl\":\"https:\\\/\\\/secure.gravatar.com\\\/avatar\\\/9489a485c464fd611d33825daae651d13db70c4e74c65c94937a15a9d4c3ee14?s=96&d=mm&r=g\",\"caption\":\"Redacci\u00f3\"},\"sameAs\":[\"http:\\\/\\\/gastronomicament.cat\"],\"url\":\"https:\\\/\\\/gastronomicament.cat\\\/en\\\/author\\\/admin\"}]}<\/script>\n<!-- \/ Yoast SEO plugin. -->","yoast_head_json":{"title":"L'Associaci\u00f3 de Periodistes anuncia els Premis Gastron\u00f2mics 2023 - Gastron\u00f2micament","description":"L'Associaci\u00f3 de Periodistes anuncia els Premis Gastron\u00f2mics 2023 Actualitat, Concursos i premis Es lliuraran a Menorca, el mes de setembre, en el marc de la fira Arrels","robots":{"index":"index","follow":"follow","max-snippet":"max-snippet:-1","max-image-preview":"max-image-preview:large","max-video-preview":"max-video-preview:-1"},"canonical":"https:\/\/gastronomicament.cat\/en\/lassociacio-de-periodistes-anuncia-els-premis-gastronomics-2023","og_locale":"en_US","og_type":"article","og_title":"L'Associaci\u00f3 de Periodistes anuncia els Premis Gastron\u00f2mics 2023 - Gastron\u00f2micament","og_description":"L'Associaci\u00f3 de Periodistes anuncia els Premis Gastron\u00f2mics 2023 Actualitat, Concursos i premis Es lliuraran a Menorca, el mes de setembre, en el marc de la fira Arrels","og_url":"https:\/\/gastronomicament.cat\/en\/lassociacio-de-periodistes-anuncia-els-premis-gastronomics-2023","og_site_name":"Gastron\u00f2micament","article_published_time":"2024-06-05T11:24:47+00:00","article_modified_time":"2024-06-05T11:43:38+00:00","og_image":[{"width":1080,"height":704,"url":"https:\/\/gastronomicament.cat\/wp-content\/uploads\/2024\/06\/Bernabe-Caravotta.jpg","type":"image\/jpeg"}],"author":"Redacci\u00f3","twitter_card":"summary_large_image","twitter_creator":"@gastronomicamen","twitter_site":"@gastronomicamen","twitter_misc":{"Written by":"Redacci\u00f3","Est. reading time":"2 minutes"},"schema":{"@context":"https:\/\/schema.org","@graph":[{"@type":"Article","@id":"https:\/\/gastronomicament.cat\/en\/lassociacio-de-periodistes-anuncia-els-premis-gastronomics-2023#article","isPartOf":{"@id":"https:\/\/gastronomicament.cat\/en\/lassociacio-de-periodistes-anuncia-els-premis-gastronomics-2023"},"author":{"name":"Redacci\u00f3","@id":"https:\/\/gastronomicament.cat\/en\/#\/schema\/person\/a7c85c537a1ed62799a5b8e0f686a37f"},"headline":"L&#8217;Associaci\u00f3 de Periodistes anuncia els Premis Gastron\u00f2mics 2023","datePublished":"2024-06-05T11:24:47+00:00","dateModified":"2024-06-05T11:43:38+00:00","mainEntityOfPage":{"@id":"https:\/\/gastronomicament.cat\/en\/lassociacio-de-periodistes-anuncia-els-premis-gastronomics-2023"},"wordCount":265,"commentCount":0,"publisher":{"@id":"https:\/\/gastronomicament.cat\/en\/#organization"},"image":{"@id":"https:\/\/gastronomicament.cat\/en\/lassociacio-de-periodistes-anuncia-els-premis-gastronomics-2023#primaryimage"},"thumbnailUrl":"https:\/\/gastronomicament.cat\/wp-content\/uploads\/2024\/06\/Bernabe-Caravotta.jpg","articleSection":["Actualitat","Concursos i premis"],"inLanguage":"en-US","potentialAction":[{"@type":"CommentAction","name":"Comment","target":["https:\/\/gastronomicament.cat\/en\/lassociacio-de-periodistes-anuncia-els-premis-gastronomics-2023#respond"]}]},{"@type":"WebPage","@id":"https:\/\/gastronomicament.cat\/en\/lassociacio-de-periodistes-anuncia-els-premis-gastronomics-2023","url":"https:\/\/gastronomicament.cat\/en\/lassociacio-de-periodistes-anuncia-els-premis-gastronomics-2023","name":"L'Associaci\u00f3 de Periodistes anuncia els Premis Gastron\u00f2mics 2023 - Gastron\u00f2micament","isPartOf":{"@id":"https:\/\/gastronomicament.cat\/en\/#website"},"primaryImageOfPage":{"@id":"https:\/\/gastronomicament.cat\/en\/lassociacio-de-periodistes-anuncia-els-premis-gastronomics-2023#primaryimage"},"image":{"@id":"https:\/\/gastronomicament.cat\/en\/lassociacio-de-periodistes-anuncia-els-premis-gastronomics-2023#primaryimage"},"thumbnailUrl":"https:\/\/gastronomicament.cat\/wp-content\/uploads\/2024\/06\/Bernabe-Caravotta.jpg","datePublished":"2024-06-05T11:24:47+00:00","dateModified":"2024-06-05T11:43:38+00:00","description":"L'Associaci\u00f3 de Periodistes anuncia els Premis Gastron\u00f2mics 2023 Actualitat, Concursos i premis Es lliuraran a Menorca, el mes de setembre, en el marc de la fira Arrels","inLanguage":"en-US","potentialAction":[{"@type":"ReadAction","target":["https:\/\/gastronomicament.cat\/en\/lassociacio-de-periodistes-anuncia-els-premis-gastronomics-2023"]}]},{"@type":"ImageObject","inLanguage":"en-US","@id":"https:\/\/gastronomicament.cat\/en\/lassociacio-de-periodistes-anuncia-els-premis-gastronomics-2023#primaryimage","url":"https:\/\/gastronomicament.cat\/wp-content\/uploads\/2024\/06\/Bernabe-Caravotta.jpg","contentUrl":"https:\/\/gastronomicament.cat\/wp-content\/uploads\/2024\/06\/Bernabe-Caravotta.jpg","width":1080,"height":704},{"@type":"WebSite","@id":"https:\/\/gastronomicament.cat\/en\/#website","url":"https:\/\/gastronomicament.cat\/en\/","name":"Gastron\u00f2micament","description":"Portal de restaurants, receptes i actualitat gastron\u00f2mica","publisher":{"@id":"https:\/\/gastronomicament.cat\/en\/#organization"},"potentialAction":[{"@type":"SearchAction","target":{"@type":"EntryPoint","urlTemplate":"https:\/\/gastronomicament.cat\/en\/?s={search_term_string}"},"query-input":{"@type":"PropertyValueSpecification","valueRequired":true,"valueName":"search_term_string"}}],"inLanguage":"en-US"},{"@type":"Organization","@id":"https:\/\/gastronomicament.cat\/en\/#organization","name":"Gastron\u00f2micament","url":"https:\/\/gastronomicament.cat\/en\/","logo":{"@type":"ImageObject","inLanguage":"en-US","@id":"https:\/\/gastronomicament.cat\/en\/#\/schema\/logo\/image\/","url":"https:\/\/gastronomicament.cat\/wp-content\/uploads\/2016\/09\/header-logo.jpg","contentUrl":"https:\/\/gastronomicament.cat\/wp-content\/uploads\/2016\/09\/header-logo.jpg","width":277,"height":39,"caption":"Gastron\u00f2micament"},"image":{"@id":"https:\/\/gastronomicament.cat\/en\/#\/schema\/logo\/image\/"},"sameAs":["https:\/\/x.com\/gastronomicamen"]},{"@type":"Person","@id":"https:\/\/gastronomicament.cat\/en\/#\/schema\/person\/a7c85c537a1ed62799a5b8e0f686a37f","name":"Redacci\u00f3","image":{"@type":"ImageObject","inLanguage":"en-US","@id":"https:\/\/secure.gravatar.com\/avatar\/9489a485c464fd611d33825daae651d13db70c4e74c65c94937a15a9d4c3ee14?s=96&d=mm&r=g69fea3cce3645dfa2166e7293e22955e","url":"https:\/\/secure.gravatar.com\/avatar\/9489a485c464fd611d33825daae651d13db70c4e74c65c94937a15a9d4c3ee14?s=96&d=mm&r=g","contentUrl":"https:\/\/secure.gravatar.com\/avatar\/9489a485c464fd611d33825daae651d13db70c4e74c65c94937a15a9d4c3ee14?s=96&d=mm&r=g","caption":"Redacci\u00f3"},"sameAs":["http:\/\/gastronomicament.cat"],"url":"https:\/\/gastronomicament.cat\/en\/author\/admin"}]}},"_links":{"self":[{"href":"https:\/\/gastronomicament.cat\/en\/wp-json\/wp\/v2\/posts\/89033","targetHints":{"allow":["GET"]}}],"collection":[{"href":"https:\/\/gastronomicament.cat\/en\/wp-json\/wp\/v2\/posts"}],"about":[{"href":"https:\/\/gastronomicament.cat\/en\/wp-json\/wp\/v2\/types\/post"}],"author":[{"embeddable":true,"href":"https:\/\/gastronomicament.cat\/en\/wp-json\/wp\/v2\/users\/1"}],"replies":[{"embeddable":true,"href":"https:\/\/gastronomicament.cat\/en\/wp-json\/wp\/v2\/comments?post=89033"}],"version-history":[{"count":0,"href":"https:\/\/gastronomicament.cat\/en\/wp-json\/wp\/v2\/posts\/89033\/revisions"}],"wp:featuredmedia":[{"embeddable":true,"href":"https:\/\/gastronomicament.cat\/en\/wp-json\/wp\/v2\/media\/89029"}],"wp:attachment":[{"href":"https:\/\/gastronomicament.cat\/en\/wp-json\/wp\/v2\/media?parent=89033"}],"wp:term":[{"taxonomy":"category","embeddable":true,"href":"https:\/\/gastronomicament.cat\/en\/wp-json\/wp\/v2\/categories?post=89033"},{"taxonomy":"post_tag","embeddable":true,"href":"https:\/\/gastronomicament.cat\/en\/wp-json\/wp\/v2\/tags?post=89033"},{"taxonomy":"author","embeddable":true,"href":"https:\/\/gastronomicament.cat\/en\/wp-json\/wp\/v2\/coauthors?post=89033"}],"curies":[{"name":"wp","href":"https:\/\/api.w.org\/{rel}","templated":true}]}}