{"id":89075,"date":"2024-06-06T10:00:53","date_gmt":"2024-06-06T08:00:53","guid":{"rendered":"https:\/\/gastronomicament.cat\/tornen-els-maridatges-dopera-i-vi-a-son-vich-de-superna"},"modified":"2024-06-06T10:00:53","modified_gmt":"2024-06-06T08:00:53","slug":"tornen-els-maridatges-dopera-i-vi-a-son-vich-de-superna","status":"publish","type":"post","link":"https:\/\/gastronomicament.cat\/en\/tornen-els-maridatges-dopera-i-vi-a-son-vich-de-superna","title":{"rendered":"Tornen els maridatges d&#8217;\u00f2pera i vi a Son Vich de Superna"},"content":{"rendered":"<p>El celler\u00a0Son Vich de Superna i Eurocl\u00e0ssics acaban de presentar la sisena edici\u00f3 del concert Maridatge d&#8217;\u00d2pera i Vi, que tendr\u00e0 lloc\u00a0<strong>dissabte 15 de juny<\/strong>\u00a0a les 18.30 hores en la<strong>\u00a0clastra senyorial de la possessi\u00f3 de Son Vich de Superna<\/strong>, en el cor de la Serra de Tramuntana.<\/p>\n<p>El concert consistir\u00e0 en un r<strong>epertori d&#8217;\u00e0ries famoses, duos d&#8217;\u00f2pera i sarsueles de Gounod, Rossini, Donizetti, Verdi, entre altres, que parlen de vi, d&#8217;amor i de festa<\/strong>. Les peces seran interpretades per tres artistes de reconegut prestigi, com ara la soprano Nadia Aka\u00e2rir, el tenor Jos\u00e9 Manuel S\u00e1nchez i el pianista Francesc Blanco.<\/p>\n<p>Durant el descans, s&#8217;oferir\u00e0 una\u00a0<strong>degustaci\u00f3 dels vins del celler Son Vich de Superna i de productes locals<\/strong>. Les\u00a0<strong>entrades\u00a0<\/strong>es poden obtenir tant de manera anticipada en els diferents punts de venda: a Musicasa del Conservatori, al web del celler\u00a0<a href=\"http:\/\/www.sonvichdesuperna.es\/\" target=\"_blank\" rel=\"noopener nofollow\">www.sonvichdesuperna.es<\/a>\u00a0i a Giglon\u00a0<a href=\"http:\/\/www.giglon.com\/\" target=\"_blank\" rel=\"noopener nofollow\">www.giglon.com<\/a>.<\/p>\n<p>L&#8217;esdeveniment\u00a0<strong>gastronomicomusical<\/strong>, que est\u00e0 emmarcat en el 6\u00e8 Festival Mallorc\u00d2pera, \u00e9s organitzat pel celler Son Vich de Superna i Eurocl\u00e0ssics, amb el patrocini de Quality Center &#8211; Range Rover i amb la col\u00b7laboraci\u00f3 de l\u2019Institut d&#8217;Estudis Bale\u00e0rics i el Consell de Mallorca.<\/p>\n<p>Son Vich de Superna \u00e9s un celler de muntanya, d&#8217;elaboraci\u00f3 tradicional i artesanal situat entre els municipis d&#8217;Esporles i Puigpunyent. \u00c9s\u00a0<strong>el celler que est\u00e0 situat a m\u00e9s altitud de Mallorca<\/strong>. Les varietats de ra\u00efm aut\u00f2cton que cultiva s\u00f3n gorgollassa, premsal i mantonegro, com tamb\u00e9 les foranes viognier, ull de llebre, cabernet sauvignon, merlot i sir\u00e0. La seva ubicaci\u00f3, en plena Serra de Tramuntana, confereix als\u00a0<strong>vins una identitat \u00fanica<\/strong>.<\/p>\n","protected":false},"excerpt":{"rendered":"<p>Figures destacades del cant, el vi i el producte local en seran els protagonistes<\/p>\n","protected":false},"author":1,"featured_media":89071,"comment_status":"open","ping_status":"closed","sticky":false,"template":"","format":"gallery","meta":{"_acf_changed":false,"_swt_meta_header_display":false,"_swt_meta_footer_display":false,"_swt_meta_site_title_display":false,"_swt_meta_sticky_header":false,"_swt_meta_transparent_header":false,"footnotes":""},"categories":[1046,1475],"tags":[],"coauthors":[2053],"class_list":["post-89075","post","type-post","status-publish","format-gallery","has-post-thumbnail","hentry","category-actualitat-es-en","category-reportatges-i-novetats-en","post_format-post-format-gallery"],"acf":{"gallery":null,"home_date":{"home_begin_date":null,"home_end_date":null}},"yoast_head":"<!-- This site is optimized with the Yoast SEO plugin v27.4 - https:\/\/yoast.com\/product\/yoast-seo-wordpress\/ -->\n<title>Tornen els maridatges d&#039;\u00f2pera i vi a Son Vich de Superna - Gastron\u00f2micament<\/title>\n<meta name=\"description\" content=\"Tornen els maridatges d&#039;\u00f2pera i vi a Son Vich de Superna Actualitat, Reportatges i novetats Figures destacades del cant, el vi i el producte local en seran els protagonistes\" \/>\n<meta name=\"robots\" content=\"index, follow, max-snippet:-1, max-image-preview:large, max-video-preview:-1\" \/>\n<link rel=\"canonical\" href=\"https:\/\/gastronomicament.cat\/en\/tornen-els-maridatges-dopera-i-vi-a-son-vich-de-superna\" \/>\n<meta property=\"og:locale\" content=\"en_US\" \/>\n<meta property=\"og:type\" content=\"article\" \/>\n<meta property=\"og:title\" content=\"Tornen els maridatges d&#039;\u00f2pera i vi a Son Vich de Superna - Gastron\u00f2micament\" \/>\n<meta property=\"og:description\" content=\"Tornen els maridatges d&#039;\u00f2pera i vi a Son Vich de Superna Actualitat, Reportatges i novetats Figures destacades del cant, el vi i el producte local en seran els protagonistes\" \/>\n<meta property=\"og:url\" content=\"https:\/\/gastronomicament.cat\/en\/tornen-els-maridatges-dopera-i-vi-a-son-vich-de-superna\" \/>\n<meta property=\"og:site_name\" content=\"Gastron\u00f2micament\" \/>\n<meta property=\"article:published_time\" content=\"2024-06-06T08:00:53+00:00\" \/>\n<meta property=\"og:image\" content=\"https:\/\/gastronomicament.cat\/wp-content\/uploads\/2024\/06\/Son-Vich-de-Superna-Opera-i-Vi-maridatge-2024.jpg\" \/>\n\t<meta property=\"og:image:width\" content=\"1504\" \/>\n\t<meta property=\"og:image:height\" content=\"901\" \/>\n\t<meta property=\"og:image:type\" content=\"image\/jpeg\" \/>\n<meta name=\"author\" content=\"Redacci\u00f3\" \/>\n<meta name=\"twitter:card\" content=\"summary_large_image\" \/>\n<meta name=\"twitter:creator\" content=\"@gastronomicamen\" \/>\n<meta name=\"twitter:site\" content=\"@gastronomicamen\" \/>\n<meta name=\"twitter:label1\" content=\"Written by\" \/>\n\t<meta name=\"twitter:data1\" content=\"Redacci\u00f3\" \/>\n\t<meta name=\"twitter:label2\" content=\"Est. reading time\" \/>\n\t<meta name=\"twitter:data2\" content=\"2 minutes\" \/>\n<script type=\"application\/ld+json\" class=\"yoast-schema-graph\">{\"@context\":\"https:\\\/\\\/schema.org\",\"@graph\":[{\"@type\":\"Article\",\"@id\":\"https:\\\/\\\/gastronomicament.cat\\\/en\\\/tornen-els-maridatges-dopera-i-vi-a-son-vich-de-superna#article\",\"isPartOf\":{\"@id\":\"https:\\\/\\\/gastronomicament.cat\\\/en\\\/tornen-els-maridatges-dopera-i-vi-a-son-vich-de-superna\"},\"author\":{\"name\":\"Redacci\u00f3\",\"@id\":\"https:\\\/\\\/gastronomicament.cat\\\/en\\\/#\\\/schema\\\/person\\\/a7c85c537a1ed62799a5b8e0f686a37f\"},\"headline\":\"Tornen els maridatges d&#8217;\u00f2pera i vi a Son Vich de Superna\",\"datePublished\":\"2024-06-06T08:00:53+00:00\",\"mainEntityOfPage\":{\"@id\":\"https:\\\/\\\/gastronomicament.cat\\\/en\\\/tornen-els-maridatges-dopera-i-vi-a-son-vich-de-superna\"},\"wordCount\":290,\"commentCount\":0,\"publisher\":{\"@id\":\"https:\\\/\\\/gastronomicament.cat\\\/en\\\/#organization\"},\"image\":{\"@id\":\"https:\\\/\\\/gastronomicament.cat\\\/en\\\/tornen-els-maridatges-dopera-i-vi-a-son-vich-de-superna#primaryimage\"},\"thumbnailUrl\":\"https:\\\/\\\/gastronomicament.cat\\\/wp-content\\\/uploads\\\/2024\\\/06\\\/Son-Vich-de-Superna-Opera-i-Vi-maridatge-2024.jpg\",\"articleSection\":[\"Actualitat\",\"Reportatges i novetats\"],\"inLanguage\":\"en-US\",\"potentialAction\":[{\"@type\":\"CommentAction\",\"name\":\"Comment\",\"target\":[\"https:\\\/\\\/gastronomicament.cat\\\/en\\\/tornen-els-maridatges-dopera-i-vi-a-son-vich-de-superna#respond\"]}]},{\"@type\":\"WebPage\",\"@id\":\"https:\\\/\\\/gastronomicament.cat\\\/en\\\/tornen-els-maridatges-dopera-i-vi-a-son-vich-de-superna\",\"url\":\"https:\\\/\\\/gastronomicament.cat\\\/en\\\/tornen-els-maridatges-dopera-i-vi-a-son-vich-de-superna\",\"name\":\"Tornen els maridatges d'\u00f2pera i vi a Son Vich de Superna - Gastron\u00f2micament\",\"isPartOf\":{\"@id\":\"https:\\\/\\\/gastronomicament.cat\\\/en\\\/#website\"},\"primaryImageOfPage\":{\"@id\":\"https:\\\/\\\/gastronomicament.cat\\\/en\\\/tornen-els-maridatges-dopera-i-vi-a-son-vich-de-superna#primaryimage\"},\"image\":{\"@id\":\"https:\\\/\\\/gastronomicament.cat\\\/en\\\/tornen-els-maridatges-dopera-i-vi-a-son-vich-de-superna#primaryimage\"},\"thumbnailUrl\":\"https:\\\/\\\/gastronomicament.cat\\\/wp-content\\\/uploads\\\/2024\\\/06\\\/Son-Vich-de-Superna-Opera-i-Vi-maridatge-2024.jpg\",\"datePublished\":\"2024-06-06T08:00:53+00:00\",\"description\":\"Tornen els maridatges d'\u00f2pera i vi a Son Vich de Superna Actualitat, Reportatges i novetats Figures destacades del cant, el vi i el producte local en seran els protagonistes\",\"inLanguage\":\"en-US\",\"potentialAction\":[{\"@type\":\"ReadAction\",\"target\":[\"https:\\\/\\\/gastronomicament.cat\\\/en\\\/tornen-els-maridatges-dopera-i-vi-a-son-vich-de-superna\"]}]},{\"@type\":\"ImageObject\",\"inLanguage\":\"en-US\",\"@id\":\"https:\\\/\\\/gastronomicament.cat\\\/en\\\/tornen-els-maridatges-dopera-i-vi-a-son-vich-de-superna#primaryimage\",\"url\":\"https:\\\/\\\/gastronomicament.cat\\\/wp-content\\\/uploads\\\/2024\\\/06\\\/Son-Vich-de-Superna-Opera-i-Vi-maridatge-2024.jpg\",\"contentUrl\":\"https:\\\/\\\/gastronomicament.cat\\\/wp-content\\\/uploads\\\/2024\\\/06\\\/Son-Vich-de-Superna-Opera-i-Vi-maridatge-2024.jpg\",\"width\":1504,\"height\":901},{\"@type\":\"WebSite\",\"@id\":\"https:\\\/\\\/gastronomicament.cat\\\/en\\\/#website\",\"url\":\"https:\\\/\\\/gastronomicament.cat\\\/en\\\/\",\"name\":\"Gastron\u00f2micament\",\"description\":\"Portal de restaurants, receptes i actualitat gastron\u00f2mica\",\"publisher\":{\"@id\":\"https:\\\/\\\/gastronomicament.cat\\\/en\\\/#organization\"},\"potentialAction\":[{\"@type\":\"SearchAction\",\"target\":{\"@type\":\"EntryPoint\",\"urlTemplate\":\"https:\\\/\\\/gastronomicament.cat\\\/en\\\/?s={search_term_string}\"},\"query-input\":{\"@type\":\"PropertyValueSpecification\",\"valueRequired\":true,\"valueName\":\"search_term_string\"}}],\"inLanguage\":\"en-US\"},{\"@type\":\"Organization\",\"@id\":\"https:\\\/\\\/gastronomicament.cat\\\/en\\\/#organization\",\"name\":\"Gastron\u00f2micament\",\"url\":\"https:\\\/\\\/gastronomicament.cat\\\/en\\\/\",\"logo\":{\"@type\":\"ImageObject\",\"inLanguage\":\"en-US\",\"@id\":\"https:\\\/\\\/gastronomicament.cat\\\/en\\\/#\\\/schema\\\/logo\\\/image\\\/\",\"url\":\"https:\\\/\\\/gastronomicament.cat\\\/wp-content\\\/uploads\\\/2016\\\/09\\\/header-logo.jpg\",\"contentUrl\":\"https:\\\/\\\/gastronomicament.cat\\\/wp-content\\\/uploads\\\/2016\\\/09\\\/header-logo.jpg\",\"width\":277,\"height\":39,\"caption\":\"Gastron\u00f2micament\"},\"image\":{\"@id\":\"https:\\\/\\\/gastronomicament.cat\\\/en\\\/#\\\/schema\\\/logo\\\/image\\\/\"},\"sameAs\":[\"https:\\\/\\\/x.com\\\/gastronomicamen\"]},{\"@type\":\"Person\",\"@id\":\"https:\\\/\\\/gastronomicament.cat\\\/en\\\/#\\\/schema\\\/person\\\/a7c85c537a1ed62799a5b8e0f686a37f\",\"name\":\"Redacci\u00f3\",\"image\":{\"@type\":\"ImageObject\",\"inLanguage\":\"en-US\",\"@id\":\"https:\\\/\\\/secure.gravatar.com\\\/avatar\\\/9489a485c464fd611d33825daae651d13db70c4e74c65c94937a15a9d4c3ee14?s=96&d=mm&r=g69fea3cce3645dfa2166e7293e22955e\",\"url\":\"https:\\\/\\\/secure.gravatar.com\\\/avatar\\\/9489a485c464fd611d33825daae651d13db70c4e74c65c94937a15a9d4c3ee14?s=96&d=mm&r=g\",\"contentUrl\":\"https:\\\/\\\/secure.gravatar.com\\\/avatar\\\/9489a485c464fd611d33825daae651d13db70c4e74c65c94937a15a9d4c3ee14?s=96&d=mm&r=g\",\"caption\":\"Redacci\u00f3\"},\"sameAs\":[\"http:\\\/\\\/gastronomicament.cat\"],\"url\":\"https:\\\/\\\/gastronomicament.cat\\\/en\\\/author\\\/admin\"}]}<\/script>\n<!-- \/ Yoast SEO plugin. -->","yoast_head_json":{"title":"Tornen els maridatges d'\u00f2pera i vi a Son Vich de Superna - Gastron\u00f2micament","description":"Tornen els maridatges d'\u00f2pera i vi a Son Vich de Superna Actualitat, Reportatges i novetats Figures destacades del cant, el vi i el producte local en seran els protagonistes","robots":{"index":"index","follow":"follow","max-snippet":"max-snippet:-1","max-image-preview":"max-image-preview:large","max-video-preview":"max-video-preview:-1"},"canonical":"https:\/\/gastronomicament.cat\/en\/tornen-els-maridatges-dopera-i-vi-a-son-vich-de-superna","og_locale":"en_US","og_type":"article","og_title":"Tornen els maridatges d'\u00f2pera i vi a Son Vich de Superna - Gastron\u00f2micament","og_description":"Tornen els maridatges d'\u00f2pera i vi a Son Vich de Superna Actualitat, Reportatges i novetats Figures destacades del cant, el vi i el producte local en seran els protagonistes","og_url":"https:\/\/gastronomicament.cat\/en\/tornen-els-maridatges-dopera-i-vi-a-son-vich-de-superna","og_site_name":"Gastron\u00f2micament","article_published_time":"2024-06-06T08:00:53+00:00","og_image":[{"width":1504,"height":901,"url":"https:\/\/gastronomicament.cat\/wp-content\/uploads\/2024\/06\/Son-Vich-de-Superna-Opera-i-Vi-maridatge-2024.jpg","type":"image\/jpeg"}],"author":"Redacci\u00f3","twitter_card":"summary_large_image","twitter_creator":"@gastronomicamen","twitter_site":"@gastronomicamen","twitter_misc":{"Written by":"Redacci\u00f3","Est. reading time":"2 minutes"},"schema":{"@context":"https:\/\/schema.org","@graph":[{"@type":"Article","@id":"https:\/\/gastronomicament.cat\/en\/tornen-els-maridatges-dopera-i-vi-a-son-vich-de-superna#article","isPartOf":{"@id":"https:\/\/gastronomicament.cat\/en\/tornen-els-maridatges-dopera-i-vi-a-son-vich-de-superna"},"author":{"name":"Redacci\u00f3","@id":"https:\/\/gastronomicament.cat\/en\/#\/schema\/person\/a7c85c537a1ed62799a5b8e0f686a37f"},"headline":"Tornen els maridatges d&#8217;\u00f2pera i vi a Son Vich de Superna","datePublished":"2024-06-06T08:00:53+00:00","mainEntityOfPage":{"@id":"https:\/\/gastronomicament.cat\/en\/tornen-els-maridatges-dopera-i-vi-a-son-vich-de-superna"},"wordCount":290,"commentCount":0,"publisher":{"@id":"https:\/\/gastronomicament.cat\/en\/#organization"},"image":{"@id":"https:\/\/gastronomicament.cat\/en\/tornen-els-maridatges-dopera-i-vi-a-son-vich-de-superna#primaryimage"},"thumbnailUrl":"https:\/\/gastronomicament.cat\/wp-content\/uploads\/2024\/06\/Son-Vich-de-Superna-Opera-i-Vi-maridatge-2024.jpg","articleSection":["Actualitat","Reportatges i novetats"],"inLanguage":"en-US","potentialAction":[{"@type":"CommentAction","name":"Comment","target":["https:\/\/gastronomicament.cat\/en\/tornen-els-maridatges-dopera-i-vi-a-son-vich-de-superna#respond"]}]},{"@type":"WebPage","@id":"https:\/\/gastronomicament.cat\/en\/tornen-els-maridatges-dopera-i-vi-a-son-vich-de-superna","url":"https:\/\/gastronomicament.cat\/en\/tornen-els-maridatges-dopera-i-vi-a-son-vich-de-superna","name":"Tornen els maridatges d'\u00f2pera i vi a Son Vich de Superna - Gastron\u00f2micament","isPartOf":{"@id":"https:\/\/gastronomicament.cat\/en\/#website"},"primaryImageOfPage":{"@id":"https:\/\/gastronomicament.cat\/en\/tornen-els-maridatges-dopera-i-vi-a-son-vich-de-superna#primaryimage"},"image":{"@id":"https:\/\/gastronomicament.cat\/en\/tornen-els-maridatges-dopera-i-vi-a-son-vich-de-superna#primaryimage"},"thumbnailUrl":"https:\/\/gastronomicament.cat\/wp-content\/uploads\/2024\/06\/Son-Vich-de-Superna-Opera-i-Vi-maridatge-2024.jpg","datePublished":"2024-06-06T08:00:53+00:00","description":"Tornen els maridatges d'\u00f2pera i vi a Son Vich de Superna Actualitat, Reportatges i novetats Figures destacades del cant, el vi i el producte local en seran els protagonistes","inLanguage":"en-US","potentialAction":[{"@type":"ReadAction","target":["https:\/\/gastronomicament.cat\/en\/tornen-els-maridatges-dopera-i-vi-a-son-vich-de-superna"]}]},{"@type":"ImageObject","inLanguage":"en-US","@id":"https:\/\/gastronomicament.cat\/en\/tornen-els-maridatges-dopera-i-vi-a-son-vich-de-superna#primaryimage","url":"https:\/\/gastronomicament.cat\/wp-content\/uploads\/2024\/06\/Son-Vich-de-Superna-Opera-i-Vi-maridatge-2024.jpg","contentUrl":"https:\/\/gastronomicament.cat\/wp-content\/uploads\/2024\/06\/Son-Vich-de-Superna-Opera-i-Vi-maridatge-2024.jpg","width":1504,"height":901},{"@type":"WebSite","@id":"https:\/\/gastronomicament.cat\/en\/#website","url":"https:\/\/gastronomicament.cat\/en\/","name":"Gastron\u00f2micament","description":"Portal de restaurants, receptes i actualitat gastron\u00f2mica","publisher":{"@id":"https:\/\/gastronomicament.cat\/en\/#organization"},"potentialAction":[{"@type":"SearchAction","target":{"@type":"EntryPoint","urlTemplate":"https:\/\/gastronomicament.cat\/en\/?s={search_term_string}"},"query-input":{"@type":"PropertyValueSpecification","valueRequired":true,"valueName":"search_term_string"}}],"inLanguage":"en-US"},{"@type":"Organization","@id":"https:\/\/gastronomicament.cat\/en\/#organization","name":"Gastron\u00f2micament","url":"https:\/\/gastronomicament.cat\/en\/","logo":{"@type":"ImageObject","inLanguage":"en-US","@id":"https:\/\/gastronomicament.cat\/en\/#\/schema\/logo\/image\/","url":"https:\/\/gastronomicament.cat\/wp-content\/uploads\/2016\/09\/header-logo.jpg","contentUrl":"https:\/\/gastronomicament.cat\/wp-content\/uploads\/2016\/09\/header-logo.jpg","width":277,"height":39,"caption":"Gastron\u00f2micament"},"image":{"@id":"https:\/\/gastronomicament.cat\/en\/#\/schema\/logo\/image\/"},"sameAs":["https:\/\/x.com\/gastronomicamen"]},{"@type":"Person","@id":"https:\/\/gastronomicament.cat\/en\/#\/schema\/person\/a7c85c537a1ed62799a5b8e0f686a37f","name":"Redacci\u00f3","image":{"@type":"ImageObject","inLanguage":"en-US","@id":"https:\/\/secure.gravatar.com\/avatar\/9489a485c464fd611d33825daae651d13db70c4e74c65c94937a15a9d4c3ee14?s=96&d=mm&r=g69fea3cce3645dfa2166e7293e22955e","url":"https:\/\/secure.gravatar.com\/avatar\/9489a485c464fd611d33825daae651d13db70c4e74c65c94937a15a9d4c3ee14?s=96&d=mm&r=g","contentUrl":"https:\/\/secure.gravatar.com\/avatar\/9489a485c464fd611d33825daae651d13db70c4e74c65c94937a15a9d4c3ee14?s=96&d=mm&r=g","caption":"Redacci\u00f3"},"sameAs":["http:\/\/gastronomicament.cat"],"url":"https:\/\/gastronomicament.cat\/en\/author\/admin"}]}},"_links":{"self":[{"href":"https:\/\/gastronomicament.cat\/en\/wp-json\/wp\/v2\/posts\/89075","targetHints":{"allow":["GET"]}}],"collection":[{"href":"https:\/\/gastronomicament.cat\/en\/wp-json\/wp\/v2\/posts"}],"about":[{"href":"https:\/\/gastronomicament.cat\/en\/wp-json\/wp\/v2\/types\/post"}],"author":[{"embeddable":true,"href":"https:\/\/gastronomicament.cat\/en\/wp-json\/wp\/v2\/users\/1"}],"replies":[{"embeddable":true,"href":"https:\/\/gastronomicament.cat\/en\/wp-json\/wp\/v2\/comments?post=89075"}],"version-history":[{"count":0,"href":"https:\/\/gastronomicament.cat\/en\/wp-json\/wp\/v2\/posts\/89075\/revisions"}],"wp:featuredmedia":[{"embeddable":true,"href":"https:\/\/gastronomicament.cat\/en\/wp-json\/wp\/v2\/media\/89071"}],"wp:attachment":[{"href":"https:\/\/gastronomicament.cat\/en\/wp-json\/wp\/v2\/media?parent=89075"}],"wp:term":[{"taxonomy":"category","embeddable":true,"href":"https:\/\/gastronomicament.cat\/en\/wp-json\/wp\/v2\/categories?post=89075"},{"taxonomy":"post_tag","embeddable":true,"href":"https:\/\/gastronomicament.cat\/en\/wp-json\/wp\/v2\/tags?post=89075"},{"taxonomy":"author","embeddable":true,"href":"https:\/\/gastronomicament.cat\/en\/wp-json\/wp\/v2\/coauthors?post=89075"}],"curies":[{"name":"wp","href":"https:\/\/api.w.org\/{rel}","templated":true}]}}