{"id":89536,"date":"2024-07-08T09:59:36","date_gmt":"2024-07-08T07:59:36","guid":{"rendered":"https:\/\/gastronomicament.cat\/el-dia-internacional-del-cava-torna-a-aliar-se-amb-el-disseny"},"modified":"2024-07-08T10:03:38","modified_gmt":"2024-07-08T08:03:38","slug":"el-dia-internacional-del-cava-torna-a-aliar-se-amb-el-disseny","status":"publish","type":"post","link":"https:\/\/gastronomicament.cat\/en\/el-dia-internacional-del-cava-torna-a-aliar-se-amb-el-disseny","title":{"rendered":"El Dia Internacional del Cava torna a aliar-se amb el disseny"},"content":{"rendered":"<p>Amb motiu de la celebraci\u00f3 del Dia Internacional del Cava torna a convocar-se una acci\u00f3 digital global que connecta el cava amb el m\u00f3n de l&#8217;art. \u2018Cava Design Contest\u2019 \u00e9s el concepte creatiu de la campanya per promocionar el Dia Internacional del Cava. La idea radica en crear un concurs de disseny gr\u00e0fic d&#8217;\u00e0mbit internacional sota l&#8217;etiqueta #<em>CavaDesignContest<\/em>.<\/p>\n<p>Un jurat votar\u00e0 pel millor disseny per donar vida a una placa de Cava d&#8217;edici\u00f3 limitada. La idea \u00e9s fer part\u00edcip a qualsevol usuari de la xarxa que hi estigui interessat o tingui habilitats de disseny gr\u00e0fic. La proposta guanyadora cobrar\u00e0 vida en una edici\u00f3 limitada d&#8217;ampolles de la denominaci\u00f3 d&#8217;origen (DO) que donaran al guanyador visibilitat i reconeixement. El guanyador rebr\u00e0 un kit de caves de l&#8217;edici\u00f3 exclusiva amb el seu disseny de placa. A m\u00e9s, l&#8217;artista guanyador s&#8217;esmentar\u00e0 als diferents canals de comunicaci\u00f3 de la DO Cava.<\/p>\n<p><strong>Detalls del concurs<br \/>\n<\/strong>Aix\u00ed, torna el concurs de disseny gr\u00e0fic en el qual un jurat format per la DO Cava i la dissenyadora Mar\u00eda Diamantes, reconeguda pel seu estil que es caracteritza per la s\u00edntesi de formes i colors amb una paleta redu\u00efda i la simplicitat de les siluetes, votaran el disseny m\u00e9s original d&#8217;una placa de Cava. La participaci\u00f3 en el concurs s&#8217;obrir\u00e0 el dia 12 de juliol (el Dia Internacional del Cava) i es podr\u00e0 concursar fins al 23 de juliol. El 26 de juliol es comunicar\u00e0 el guanyador o guanyadora.<\/p>\n<p>L&#8217;objectiu \u00e9s fer part\u00edcip qualsevol persona que tingui habilitats de disseny gr\u00e0fic o simplement sigui un aficionat. Les plaques de Cava, algunes de les quals s&#8217;han fet en argent i or, s\u00f3n un element molt cercat per col\u00b7leccionistes.<\/p>\n<p><strong>Inscripcions via web<br \/>\n<\/strong>La convocat\u00f2ria del concurs s&#8217;ha llan\u00e7at en els diferents canals socials de la DO Cava i s&#8217;ha sol\u00b7licitat als participants que usin l&#8217;etiqueta #<em>CavaDesignContest<\/em>. La participaci\u00f3 es canalitzar\u00e0 a trav\u00e9s de la p\u00e0gina web de la DO Cava i els dissenys es podran enviar a trav\u00e9s del formulari seg\u00fcent:\u00a0<a href=\"https:\/\/www.cava.wine\/es\/descubre\/cava-design-contest\/sube-diseno-cava-design-contest\/\" target=\"_blank\" rel=\"noopener nofollow\">https:\/\/www.cava.wine\/es\/descubre\/cava-design-contest\/sube-diseno-cava-design-contest\/<\/a><\/p>\n<p>A l&#8217;edici\u00f3 de l&#8217;<strong>any passat<\/strong>, s&#8217;hi varen presentar 35 dissenys de plaques de cava, que va\u00a0<strong>guanyar Anthony Weber<\/strong>. La DO cava va fer una edici\u00f3 limitada de 1.600 ampolles de cava de guarda superior amb la placa dissenyada per Weber.<\/p>\n","protected":false},"excerpt":{"rendered":"<p>Torna el concurs de disseny de plaques de cava amb el qual es vol atreure a&hellip;<\/p>\n","protected":false},"author":1,"featured_media":89532,"comment_status":"open","ping_status":"closed","sticky":false,"template":"","format":"gallery","meta":{"_acf_changed":false,"_swt_meta_header_display":false,"_swt_meta_footer_display":false,"_swt_meta_site_title_display":false,"_swt_meta_sticky_header":false,"_swt_meta_transparent_header":false,"footnotes":""},"categories":[1046,1479],"tags":[],"coauthors":[2053],"class_list":["post-89536","post","type-post","status-publish","format-gallery","has-post-thumbnail","hentry","category-actualitat-es-en","category-concursos-i-premis-en","post_format-post-format-gallery"],"acf":{"gallery":null,"home_date":{"home_begin_date":null,"home_end_date":null}},"yoast_head":"<!-- This site is optimized with the Yoast SEO plugin v27.4 - https:\/\/yoast.com\/product\/yoast-seo-wordpress\/ -->\n<title>El Dia Internacional del Cava torna a aliar-se amb el disseny - Gastron\u00f2micament<\/title>\n<meta name=\"description\" content=\"El Dia Internacional del Cava torna a aliar-se amb el disseny Actualitat, Concursos i premis Torna el concurs de disseny de plaques de cava amb el qual es vol atreure a aficionats o professionals del disseny creatiu i vincular el m\u00f3n del Cava amb l&#039;art\" \/>\n<meta name=\"robots\" content=\"index, follow, max-snippet:-1, max-image-preview:large, max-video-preview:-1\" \/>\n<link rel=\"canonical\" href=\"https:\/\/gastronomicament.cat\/en\/el-dia-internacional-del-cava-torna-a-aliar-se-amb-el-disseny\" \/>\n<meta property=\"og:locale\" content=\"en_US\" \/>\n<meta property=\"og:type\" content=\"article\" \/>\n<meta property=\"og:title\" content=\"El Dia Internacional del Cava torna a aliar-se amb el disseny - Gastron\u00f2micament\" \/>\n<meta property=\"og:description\" content=\"El Dia Internacional del Cava torna a aliar-se amb el disseny Actualitat, Concursos i premis Torna el concurs de disseny de plaques de cava amb el qual es vol atreure a aficionats o professionals del disseny creatiu i vincular el m\u00f3n del Cava amb l&#039;art\" \/>\n<meta property=\"og:url\" content=\"https:\/\/gastronomicament.cat\/en\/el-dia-internacional-del-cava-torna-a-aliar-se-amb-el-disseny\" \/>\n<meta property=\"og:site_name\" content=\"Gastron\u00f2micament\" \/>\n<meta property=\"article:published_time\" content=\"2024-07-08T07:59:36+00:00\" \/>\n<meta property=\"article:modified_time\" content=\"2024-07-08T08:03:38+00:00\" \/>\n<meta property=\"og:image\" content=\"https:\/\/gastronomicament.cat\/wp-content\/uploads\/2024\/07\/Cava-Design-Contest_International-Cava-Day-1-scaled.jpg\" \/>\n\t<meta property=\"og:image:width\" content=\"2560\" \/>\n\t<meta property=\"og:image:height\" content=\"1997\" \/>\n\t<meta property=\"og:image:type\" content=\"image\/jpeg\" \/>\n<meta name=\"author\" content=\"Redacci\u00f3\" \/>\n<meta name=\"twitter:card\" content=\"summary_large_image\" \/>\n<meta name=\"twitter:creator\" content=\"@gastronomicamen\" \/>\n<meta name=\"twitter:site\" content=\"@gastronomicamen\" \/>\n<meta name=\"twitter:label1\" content=\"Written by\" \/>\n\t<meta name=\"twitter:data1\" content=\"Redacci\u00f3\" \/>\n\t<meta name=\"twitter:label2\" content=\"Est. reading time\" \/>\n\t<meta name=\"twitter:data2\" content=\"3 minutes\" \/>\n<script type=\"application\/ld+json\" class=\"yoast-schema-graph\">{\"@context\":\"https:\\\/\\\/schema.org\",\"@graph\":[{\"@type\":\"Article\",\"@id\":\"https:\\\/\\\/gastronomicament.cat\\\/en\\\/el-dia-internacional-del-cava-torna-a-aliar-se-amb-el-disseny#article\",\"isPartOf\":{\"@id\":\"https:\\\/\\\/gastronomicament.cat\\\/en\\\/el-dia-internacional-del-cava-torna-a-aliar-se-amb-el-disseny\"},\"author\":{\"name\":\"Redacci\u00f3\",\"@id\":\"https:\\\/\\\/gastronomicament.cat\\\/en\\\/#\\\/schema\\\/person\\\/a7c85c537a1ed62799a5b8e0f686a37f\"},\"headline\":\"El Dia Internacional del Cava torna a aliar-se amb el disseny\",\"datePublished\":\"2024-07-08T07:59:36+00:00\",\"dateModified\":\"2024-07-08T08:03:38+00:00\",\"mainEntityOfPage\":{\"@id\":\"https:\\\/\\\/gastronomicament.cat\\\/en\\\/el-dia-internacional-del-cava-torna-a-aliar-se-amb-el-disseny\"},\"wordCount\":407,\"commentCount\":0,\"publisher\":{\"@id\":\"https:\\\/\\\/gastronomicament.cat\\\/en\\\/#organization\"},\"image\":{\"@id\":\"https:\\\/\\\/gastronomicament.cat\\\/en\\\/el-dia-internacional-del-cava-torna-a-aliar-se-amb-el-disseny#primaryimage\"},\"thumbnailUrl\":\"https:\\\/\\\/gastronomicament.cat\\\/wp-content\\\/uploads\\\/2024\\\/07\\\/Cava-Design-Contest_International-Cava-Day-1-scaled.jpg\",\"articleSection\":[\"Actualitat\",\"Concursos i premis\"],\"inLanguage\":\"en-US\",\"potentialAction\":[{\"@type\":\"CommentAction\",\"name\":\"Comment\",\"target\":[\"https:\\\/\\\/gastronomicament.cat\\\/en\\\/el-dia-internacional-del-cava-torna-a-aliar-se-amb-el-disseny#respond\"]}]},{\"@type\":\"WebPage\",\"@id\":\"https:\\\/\\\/gastronomicament.cat\\\/en\\\/el-dia-internacional-del-cava-torna-a-aliar-se-amb-el-disseny\",\"url\":\"https:\\\/\\\/gastronomicament.cat\\\/en\\\/el-dia-internacional-del-cava-torna-a-aliar-se-amb-el-disseny\",\"name\":\"El Dia Internacional del Cava torna a aliar-se amb el disseny - Gastron\u00f2micament\",\"isPartOf\":{\"@id\":\"https:\\\/\\\/gastronomicament.cat\\\/en\\\/#website\"},\"primaryImageOfPage\":{\"@id\":\"https:\\\/\\\/gastronomicament.cat\\\/en\\\/el-dia-internacional-del-cava-torna-a-aliar-se-amb-el-disseny#primaryimage\"},\"image\":{\"@id\":\"https:\\\/\\\/gastronomicament.cat\\\/en\\\/el-dia-internacional-del-cava-torna-a-aliar-se-amb-el-disseny#primaryimage\"},\"thumbnailUrl\":\"https:\\\/\\\/gastronomicament.cat\\\/wp-content\\\/uploads\\\/2024\\\/07\\\/Cava-Design-Contest_International-Cava-Day-1-scaled.jpg\",\"datePublished\":\"2024-07-08T07:59:36+00:00\",\"dateModified\":\"2024-07-08T08:03:38+00:00\",\"description\":\"El Dia Internacional del Cava torna a aliar-se amb el disseny Actualitat, Concursos i premis Torna el concurs de disseny de plaques de cava amb el qual es vol atreure a aficionats o professionals del disseny creatiu i vincular el m\u00f3n del Cava amb l'art\",\"inLanguage\":\"en-US\",\"potentialAction\":[{\"@type\":\"ReadAction\",\"target\":[\"https:\\\/\\\/gastronomicament.cat\\\/en\\\/el-dia-internacional-del-cava-torna-a-aliar-se-amb-el-disseny\"]}]},{\"@type\":\"ImageObject\",\"inLanguage\":\"en-US\",\"@id\":\"https:\\\/\\\/gastronomicament.cat\\\/en\\\/el-dia-internacional-del-cava-torna-a-aliar-se-amb-el-disseny#primaryimage\",\"url\":\"https:\\\/\\\/gastronomicament.cat\\\/wp-content\\\/uploads\\\/2024\\\/07\\\/Cava-Design-Contest_International-Cava-Day-1-scaled.jpg\",\"contentUrl\":\"https:\\\/\\\/gastronomicament.cat\\\/wp-content\\\/uploads\\\/2024\\\/07\\\/Cava-Design-Contest_International-Cava-Day-1-scaled.jpg\",\"width\":2560,\"height\":1997},{\"@type\":\"WebSite\",\"@id\":\"https:\\\/\\\/gastronomicament.cat\\\/en\\\/#website\",\"url\":\"https:\\\/\\\/gastronomicament.cat\\\/en\\\/\",\"name\":\"Gastron\u00f2micament\",\"description\":\"Portal de restaurants, receptes i actualitat gastron\u00f2mica\",\"publisher\":{\"@id\":\"https:\\\/\\\/gastronomicament.cat\\\/en\\\/#organization\"},\"potentialAction\":[{\"@type\":\"SearchAction\",\"target\":{\"@type\":\"EntryPoint\",\"urlTemplate\":\"https:\\\/\\\/gastronomicament.cat\\\/en\\\/?s={search_term_string}\"},\"query-input\":{\"@type\":\"PropertyValueSpecification\",\"valueRequired\":true,\"valueName\":\"search_term_string\"}}],\"inLanguage\":\"en-US\"},{\"@type\":\"Organization\",\"@id\":\"https:\\\/\\\/gastronomicament.cat\\\/en\\\/#organization\",\"name\":\"Gastron\u00f2micament\",\"url\":\"https:\\\/\\\/gastronomicament.cat\\\/en\\\/\",\"logo\":{\"@type\":\"ImageObject\",\"inLanguage\":\"en-US\",\"@id\":\"https:\\\/\\\/gastronomicament.cat\\\/en\\\/#\\\/schema\\\/logo\\\/image\\\/\",\"url\":\"https:\\\/\\\/gastronomicament.cat\\\/wp-content\\\/uploads\\\/2016\\\/09\\\/header-logo.jpg\",\"contentUrl\":\"https:\\\/\\\/gastronomicament.cat\\\/wp-content\\\/uploads\\\/2016\\\/09\\\/header-logo.jpg\",\"width\":277,\"height\":39,\"caption\":\"Gastron\u00f2micament\"},\"image\":{\"@id\":\"https:\\\/\\\/gastronomicament.cat\\\/en\\\/#\\\/schema\\\/logo\\\/image\\\/\"},\"sameAs\":[\"https:\\\/\\\/x.com\\\/gastronomicamen\"]},{\"@type\":\"Person\",\"@id\":\"https:\\\/\\\/gastronomicament.cat\\\/en\\\/#\\\/schema\\\/person\\\/a7c85c537a1ed62799a5b8e0f686a37f\",\"name\":\"Redacci\u00f3\",\"image\":{\"@type\":\"ImageObject\",\"inLanguage\":\"en-US\",\"@id\":\"https:\\\/\\\/secure.gravatar.com\\\/avatar\\\/9489a485c464fd611d33825daae651d13db70c4e74c65c94937a15a9d4c3ee14?s=96&d=mm&r=g69fea3cce3645dfa2166e7293e22955e\",\"url\":\"https:\\\/\\\/secure.gravatar.com\\\/avatar\\\/9489a485c464fd611d33825daae651d13db70c4e74c65c94937a15a9d4c3ee14?s=96&d=mm&r=g\",\"contentUrl\":\"https:\\\/\\\/secure.gravatar.com\\\/avatar\\\/9489a485c464fd611d33825daae651d13db70c4e74c65c94937a15a9d4c3ee14?s=96&d=mm&r=g\",\"caption\":\"Redacci\u00f3\"},\"sameAs\":[\"http:\\\/\\\/gastronomicament.cat\"],\"url\":\"https:\\\/\\\/gastronomicament.cat\\\/en\\\/author\\\/admin\"}]}<\/script>\n<!-- \/ Yoast SEO plugin. -->","yoast_head_json":{"title":"El Dia Internacional del Cava torna a aliar-se amb el disseny - Gastron\u00f2micament","description":"El Dia Internacional del Cava torna a aliar-se amb el disseny Actualitat, Concursos i premis Torna el concurs de disseny de plaques de cava amb el qual es vol atreure a aficionats o professionals del disseny creatiu i vincular el m\u00f3n del Cava amb l'art","robots":{"index":"index","follow":"follow","max-snippet":"max-snippet:-1","max-image-preview":"max-image-preview:large","max-video-preview":"max-video-preview:-1"},"canonical":"https:\/\/gastronomicament.cat\/en\/el-dia-internacional-del-cava-torna-a-aliar-se-amb-el-disseny","og_locale":"en_US","og_type":"article","og_title":"El Dia Internacional del Cava torna a aliar-se amb el disseny - Gastron\u00f2micament","og_description":"El Dia Internacional del Cava torna a aliar-se amb el disseny Actualitat, Concursos i premis Torna el concurs de disseny de plaques de cava amb el qual es vol atreure a aficionats o professionals del disseny creatiu i vincular el m\u00f3n del Cava amb l'art","og_url":"https:\/\/gastronomicament.cat\/en\/el-dia-internacional-del-cava-torna-a-aliar-se-amb-el-disseny","og_site_name":"Gastron\u00f2micament","article_published_time":"2024-07-08T07:59:36+00:00","article_modified_time":"2024-07-08T08:03:38+00:00","og_image":[{"width":2560,"height":1997,"url":"https:\/\/gastronomicament.cat\/wp-content\/uploads\/2024\/07\/Cava-Design-Contest_International-Cava-Day-1-scaled.jpg","type":"image\/jpeg"}],"author":"Redacci\u00f3","twitter_card":"summary_large_image","twitter_creator":"@gastronomicamen","twitter_site":"@gastronomicamen","twitter_misc":{"Written by":"Redacci\u00f3","Est. reading time":"3 minutes"},"schema":{"@context":"https:\/\/schema.org","@graph":[{"@type":"Article","@id":"https:\/\/gastronomicament.cat\/en\/el-dia-internacional-del-cava-torna-a-aliar-se-amb-el-disseny#article","isPartOf":{"@id":"https:\/\/gastronomicament.cat\/en\/el-dia-internacional-del-cava-torna-a-aliar-se-amb-el-disseny"},"author":{"name":"Redacci\u00f3","@id":"https:\/\/gastronomicament.cat\/en\/#\/schema\/person\/a7c85c537a1ed62799a5b8e0f686a37f"},"headline":"El Dia Internacional del Cava torna a aliar-se amb el disseny","datePublished":"2024-07-08T07:59:36+00:00","dateModified":"2024-07-08T08:03:38+00:00","mainEntityOfPage":{"@id":"https:\/\/gastronomicament.cat\/en\/el-dia-internacional-del-cava-torna-a-aliar-se-amb-el-disseny"},"wordCount":407,"commentCount":0,"publisher":{"@id":"https:\/\/gastronomicament.cat\/en\/#organization"},"image":{"@id":"https:\/\/gastronomicament.cat\/en\/el-dia-internacional-del-cava-torna-a-aliar-se-amb-el-disseny#primaryimage"},"thumbnailUrl":"https:\/\/gastronomicament.cat\/wp-content\/uploads\/2024\/07\/Cava-Design-Contest_International-Cava-Day-1-scaled.jpg","articleSection":["Actualitat","Concursos i premis"],"inLanguage":"en-US","potentialAction":[{"@type":"CommentAction","name":"Comment","target":["https:\/\/gastronomicament.cat\/en\/el-dia-internacional-del-cava-torna-a-aliar-se-amb-el-disseny#respond"]}]},{"@type":"WebPage","@id":"https:\/\/gastronomicament.cat\/en\/el-dia-internacional-del-cava-torna-a-aliar-se-amb-el-disseny","url":"https:\/\/gastronomicament.cat\/en\/el-dia-internacional-del-cava-torna-a-aliar-se-amb-el-disseny","name":"El Dia Internacional del Cava torna a aliar-se amb el disseny - Gastron\u00f2micament","isPartOf":{"@id":"https:\/\/gastronomicament.cat\/en\/#website"},"primaryImageOfPage":{"@id":"https:\/\/gastronomicament.cat\/en\/el-dia-internacional-del-cava-torna-a-aliar-se-amb-el-disseny#primaryimage"},"image":{"@id":"https:\/\/gastronomicament.cat\/en\/el-dia-internacional-del-cava-torna-a-aliar-se-amb-el-disseny#primaryimage"},"thumbnailUrl":"https:\/\/gastronomicament.cat\/wp-content\/uploads\/2024\/07\/Cava-Design-Contest_International-Cava-Day-1-scaled.jpg","datePublished":"2024-07-08T07:59:36+00:00","dateModified":"2024-07-08T08:03:38+00:00","description":"El Dia Internacional del Cava torna a aliar-se amb el disseny Actualitat, Concursos i premis Torna el concurs de disseny de plaques de cava amb el qual es vol atreure a aficionats o professionals del disseny creatiu i vincular el m\u00f3n del Cava amb l'art","inLanguage":"en-US","potentialAction":[{"@type":"ReadAction","target":["https:\/\/gastronomicament.cat\/en\/el-dia-internacional-del-cava-torna-a-aliar-se-amb-el-disseny"]}]},{"@type":"ImageObject","inLanguage":"en-US","@id":"https:\/\/gastronomicament.cat\/en\/el-dia-internacional-del-cava-torna-a-aliar-se-amb-el-disseny#primaryimage","url":"https:\/\/gastronomicament.cat\/wp-content\/uploads\/2024\/07\/Cava-Design-Contest_International-Cava-Day-1-scaled.jpg","contentUrl":"https:\/\/gastronomicament.cat\/wp-content\/uploads\/2024\/07\/Cava-Design-Contest_International-Cava-Day-1-scaled.jpg","width":2560,"height":1997},{"@type":"WebSite","@id":"https:\/\/gastronomicament.cat\/en\/#website","url":"https:\/\/gastronomicament.cat\/en\/","name":"Gastron\u00f2micament","description":"Portal de restaurants, receptes i actualitat gastron\u00f2mica","publisher":{"@id":"https:\/\/gastronomicament.cat\/en\/#organization"},"potentialAction":[{"@type":"SearchAction","target":{"@type":"EntryPoint","urlTemplate":"https:\/\/gastronomicament.cat\/en\/?s={search_term_string}"},"query-input":{"@type":"PropertyValueSpecification","valueRequired":true,"valueName":"search_term_string"}}],"inLanguage":"en-US"},{"@type":"Organization","@id":"https:\/\/gastronomicament.cat\/en\/#organization","name":"Gastron\u00f2micament","url":"https:\/\/gastronomicament.cat\/en\/","logo":{"@type":"ImageObject","inLanguage":"en-US","@id":"https:\/\/gastronomicament.cat\/en\/#\/schema\/logo\/image\/","url":"https:\/\/gastronomicament.cat\/wp-content\/uploads\/2016\/09\/header-logo.jpg","contentUrl":"https:\/\/gastronomicament.cat\/wp-content\/uploads\/2016\/09\/header-logo.jpg","width":277,"height":39,"caption":"Gastron\u00f2micament"},"image":{"@id":"https:\/\/gastronomicament.cat\/en\/#\/schema\/logo\/image\/"},"sameAs":["https:\/\/x.com\/gastronomicamen"]},{"@type":"Person","@id":"https:\/\/gastronomicament.cat\/en\/#\/schema\/person\/a7c85c537a1ed62799a5b8e0f686a37f","name":"Redacci\u00f3","image":{"@type":"ImageObject","inLanguage":"en-US","@id":"https:\/\/secure.gravatar.com\/avatar\/9489a485c464fd611d33825daae651d13db70c4e74c65c94937a15a9d4c3ee14?s=96&d=mm&r=g69fea3cce3645dfa2166e7293e22955e","url":"https:\/\/secure.gravatar.com\/avatar\/9489a485c464fd611d33825daae651d13db70c4e74c65c94937a15a9d4c3ee14?s=96&d=mm&r=g","contentUrl":"https:\/\/secure.gravatar.com\/avatar\/9489a485c464fd611d33825daae651d13db70c4e74c65c94937a15a9d4c3ee14?s=96&d=mm&r=g","caption":"Redacci\u00f3"},"sameAs":["http:\/\/gastronomicament.cat"],"url":"https:\/\/gastronomicament.cat\/en\/author\/admin"}]}},"_links":{"self":[{"href":"https:\/\/gastronomicament.cat\/en\/wp-json\/wp\/v2\/posts\/89536","targetHints":{"allow":["GET"]}}],"collection":[{"href":"https:\/\/gastronomicament.cat\/en\/wp-json\/wp\/v2\/posts"}],"about":[{"href":"https:\/\/gastronomicament.cat\/en\/wp-json\/wp\/v2\/types\/post"}],"author":[{"embeddable":true,"href":"https:\/\/gastronomicament.cat\/en\/wp-json\/wp\/v2\/users\/1"}],"replies":[{"embeddable":true,"href":"https:\/\/gastronomicament.cat\/en\/wp-json\/wp\/v2\/comments?post=89536"}],"version-history":[{"count":0,"href":"https:\/\/gastronomicament.cat\/en\/wp-json\/wp\/v2\/posts\/89536\/revisions"}],"wp:featuredmedia":[{"embeddable":true,"href":"https:\/\/gastronomicament.cat\/en\/wp-json\/wp\/v2\/media\/89532"}],"wp:attachment":[{"href":"https:\/\/gastronomicament.cat\/en\/wp-json\/wp\/v2\/media?parent=89536"}],"wp:term":[{"taxonomy":"category","embeddable":true,"href":"https:\/\/gastronomicament.cat\/en\/wp-json\/wp\/v2\/categories?post=89536"},{"taxonomy":"post_tag","embeddable":true,"href":"https:\/\/gastronomicament.cat\/en\/wp-json\/wp\/v2\/tags?post=89536"},{"taxonomy":"author","embeddable":true,"href":"https:\/\/gastronomicament.cat\/en\/wp-json\/wp\/v2\/coauthors?post=89536"}],"curies":[{"name":"wp","href":"https:\/\/api.w.org\/{rel}","templated":true}]}}