{"id":90207,"date":"2024-08-14T12:36:17","date_gmt":"2024-08-14T10:36:17","guid":{"rendered":"https:\/\/gastronomicament.cat\/apaema-inicia-una-campanya-de-micromecenatge-per-adquirir-una-nova-marmita-per-a-sobrador"},"modified":"2024-08-14T12:51:34","modified_gmt":"2024-08-14T10:51:34","slug":"apaema-inicia-una-campanya-de-micromecenatge-per-adquirir-una-nova-marmita-per-a-sobrador","status":"publish","type":"post","link":"https:\/\/gastronomicament.cat\/en\/apaema-inicia-una-campanya-de-micromecenatge-per-adquirir-una-nova-marmita-per-a-sobrador","title":{"rendered":"APAEMA inicia una campanya de micromecenatge per adquirir una nova marmita per a S&#8217;Obrador"},"content":{"rendered":"<p>L&#8217;Associaci\u00f3 de Productors d&#8217;Agricultura Ecol\u00f2gica de Mallorca (APAEMA) ha engegat una campanya de micromecenatge a <a href=\"https:\/\/ca.goteo.org\/project\/una-marmita-per-a-s-obrador\" target=\"_blank\" rel=\"noopener nofollow\">la plataforma Goteo<\/a> per adquirir una marmita de cuina industrial per a S&#8217;Obrador.\u00a0<strong>Aquesta eina \u00e9s essencial per millorar el servei que presta als petits productors ecol\u00f2gics<\/strong>. Aix\u00ed podrien automatitzar processos, facilitar la feina dels treballadors, homogene\u00eftzar les elaboracions, crear nous productes i escalar receptes per arribar a grans consumidors.<\/p>\n<p>Actualment,\u00a0<strong>S&#8217;Obrador \u00e9s l&#8217;\u00fanic obrador col\u00b7lectiu de l&#8217;illa dirigit a productors<\/strong>, que ofereix preus assequibles i una \u00e0mplia gamma de receptes. La transformaci\u00f3 que es fa a S&#8217;Obrador ajuda els productors ecol\u00f2gics a donar un valor afegit als seus productes, incrementar la rendibilitat dels seus projectes agraris i evitar el malbaratament alimentari aprofitant excedents i aliments tocats o lletjos. \u201cDes de la seva creaci\u00f3, S&#8217;Obrador ha processat unes 250.000 unitats de conserva per a prop de 50 pagesos\u201d segons les dades que ha donat l\u2019entitat.<\/p>\n<p>No obstant aix\u00f2,\u00a0<strong>S&#8217;Obrador est\u00e0 passant per una situaci\u00f3 delicada. Les despeses superen els ingressos generats, cosa que posa en risc la continu\u00eftat del projecte<\/strong>\u00a0i l&#8217;impacte positiu que t\u00e9 en el territori. \u201cPer mantenir uns preus populars per als productors i aconseguir uns preus finals assequibles per als consumidors dels productes elaborats a S&#8217;Obrador, \u00e9s imprescindible millorar l&#8217;equipament existent\u201d ha dit Miquel Coll, president de l\u2019entitat.<\/p>\n<p><strong>Una eina indispensable per avan\u00e7ar\u00a0<\/strong><\/p>\n<p>\u201cLa pe\u00e7a clau per revertir aquesta situaci\u00f3 \u00e9s adquirir una marmita nova\u201d afegeix Coll. Una marmita \u00e9s una\u00a0<strong>olla industrial amb caracter\u00edstiques t\u00e8cniques que permeten elaborar determinades receptes i grans volums<\/strong>. Fa dos anys, la marmita que utilitzaven es va tornar inoperativa. Amb una de nova, equipada amb la darrera tecnologia agroaliment\u00e0ria, S&#8217;Obrador podr\u00e0 continuar oferint el seu servei als productors i productores.<\/p>\n<p>Recentment,\u00a0<strong>APAEMA ha rebut una ajuda que cobreix el 50% del valor d&#8217;aquesta m\u00e0quina<\/strong>. \u201cLa campanya de Goteo es destina a finan\u00e7ar el 50% restant\u201d, expliquen. I \u201cTal com en Panor\u00e0mix\u201d diuen necessiten aquesta marmita per \u201cpoder cuinar pocions que enforteixin el moviment agroecol\u00f2gic i accelerin la transici\u00f3 cap a una Mallorca m\u00e9s verda i justa\u201d.<\/p>\n<p><strong>Campanya de contribuci\u00f3<\/strong><\/p>\n<p>La campanya de\u00a0<strong>micromecenatge<\/strong>\u00a0est\u00e0 activa a la plataforma Goteo, i qualsevol persona pot fer una aportaci\u00f3 per ajudar a aconseguir aquesta eina vital per a S&#8217;Obrador. A canvi de les contribucions, s&#8217;ofereixen\u00a0<strong>recompenses<\/strong>\u00a0com productes elaborats a S&#8217;Obrador, visites guiades i experi\u00e8ncies gastron\u00f2miques exclusives.<\/p>\n<p><strong>APAEMA \u00e9s una associaci\u00f3 sense \u00e0nim de lucre<\/strong>\u00a0que agrupa productors d&#8217;agricultura ecol\u00f2gica de Mallorca. L&#8217;objectiu de l&#8217;associaci\u00f3 \u00e9s promoure i defensar l&#8217;agricultura ecol\u00f2gica com a model sostenible i respectu\u00f3s amb el medi ambient, fomentant la producci\u00f3 local i la conservaci\u00f3 de les tradicions agr\u00edcoles de l&#8217;illa.<\/p>\n<p>Per a m\u00e9s informaci\u00f3 sobre la campanya i per fer aportacions, podeu visitar la p\u00e0gina del projecte a <a href=\"https:\/\/ca.goteo.org\/project\/una-marmita-per-a-s-obrador\" target=\"_blank\" rel=\"noopener nofollow\">Goteo: Una marmita per a s&#8217;Obrador<\/a> o contactar amb nosaltres a trav\u00e9s del correu electr\u00f2nic\u00a0<a href=\"mailto:info@apaema.net\">info@apaema.net<\/a>. Tamb\u00e9 podeu visitar el nostre web\u00a0<a href=\"http:\/\/apaema.net\/\" target=\"_blank\" rel=\"noopener no follow\">apaema.net<\/a>.<\/p>\n<p><iframe title=\"YouTube video player\" src=\"https:\/\/www.youtube.com\/embed\/VdeMsCEjDyw?si=ebfaxQEAxOohPoMY\" width=\"560\" height=\"315\" frameborder=\"0\" allowfullscreen=\"allowfullscreen\"><\/iframe><\/p>\n","protected":false},"excerpt":{"rendered":"<p>La necessiten per cuinar pocions que enforteixin el moviment agroecol\u00f2gic i accelerin la transici\u00f3 cap a&hellip;<\/p>\n","protected":false},"author":1,"featured_media":90191,"comment_status":"open","ping_status":"closed","sticky":false,"template":"","format":"gallery","meta":{"_acf_changed":false,"_swt_meta_header_display":false,"_swt_meta_footer_display":false,"_swt_meta_site_title_display":false,"_swt_meta_sticky_header":false,"_swt_meta_transparent_header":false,"footnotes":""},"categories":[1046,1475],"tags":[],"coauthors":[2053],"class_list":["post-90207","post","type-post","status-publish","format-gallery","has-post-thumbnail","hentry","category-actualitat-es-en","category-reportatges-i-novetats-en","post_format-post-format-gallery"],"acf":{"gallery":null,"home_date":{"home_begin_date":null,"home_end_date":null}},"yoast_head":"<!-- This site is optimized with the Yoast SEO plugin v27.4 - https:\/\/yoast.com\/product\/yoast-seo-wordpress\/ -->\n<title>APAEMA inicia una campanya de micromecenatge per adquirir una nova marmita per a S&#039;Obrador - Gastron\u00f2micament<\/title>\n<meta name=\"description\" content=\"APAEMA inicia una campanya de micromecenatge per adquirir una nova marmita per a S&#039;Obrador Actualitat, Reportatges i novetats La necessiten per cuinar pocions que enforteixin el moviment agroecol\u00f2gic i accelerin la transici\u00f3 cap a una Mallorca m\u00e9s verda i justa\" \/>\n<meta name=\"robots\" content=\"index, follow, max-snippet:-1, max-image-preview:large, max-video-preview:-1\" \/>\n<link rel=\"canonical\" href=\"https:\/\/gastronomicament.cat\/en\/apaema-inicia-una-campanya-de-micromecenatge-per-adquirir-una-nova-marmita-per-a-sobrador\" \/>\n<meta property=\"og:locale\" content=\"en_US\" \/>\n<meta property=\"og:type\" content=\"article\" \/>\n<meta property=\"og:title\" content=\"APAEMA inicia una campanya de micromecenatge per adquirir una nova marmita per a S&#039;Obrador - Gastron\u00f2micament\" \/>\n<meta property=\"og:description\" content=\"APAEMA inicia una campanya de micromecenatge per adquirir una nova marmita per a S&#039;Obrador Actualitat, Reportatges i novetats La necessiten per cuinar pocions que enforteixin el moviment agroecol\u00f2gic i accelerin la transici\u00f3 cap a una Mallorca m\u00e9s verda i justa\" \/>\n<meta property=\"og:url\" content=\"https:\/\/gastronomicament.cat\/en\/apaema-inicia-una-campanya-de-micromecenatge-per-adquirir-una-nova-marmita-per-a-sobrador\" \/>\n<meta property=\"og:site_name\" content=\"Gastron\u00f2micament\" \/>\n<meta property=\"article:published_time\" content=\"2024-08-14T10:36:17+00:00\" \/>\n<meta property=\"article:modified_time\" content=\"2024-08-14T10:51:34+00:00\" \/>\n<meta property=\"og:image\" content=\"https:\/\/gastronomicament.cat\/wp-content\/uploads\/2024\/08\/collage-22-2.jpg\" \/>\n\t<meta property=\"og:image:width\" content=\"498\" \/>\n\t<meta property=\"og:image:height\" content=\"245\" \/>\n\t<meta property=\"og:image:type\" content=\"image\/jpeg\" \/>\n<meta name=\"author\" content=\"Redacci\u00f3\" \/>\n<meta name=\"twitter:card\" content=\"summary_large_image\" \/>\n<meta name=\"twitter:creator\" content=\"@gastronomicamen\" \/>\n<meta name=\"twitter:site\" content=\"@gastronomicamen\" \/>\n<meta name=\"twitter:label1\" content=\"Written by\" \/>\n\t<meta name=\"twitter:data1\" content=\"Redacci\u00f3\" \/>\n\t<meta name=\"twitter:label2\" content=\"Est. reading time\" \/>\n\t<meta name=\"twitter:data2\" content=\"3 minutes\" \/>\n<script type=\"application\/ld+json\" class=\"yoast-schema-graph\">{\"@context\":\"https:\\\/\\\/schema.org\",\"@graph\":[{\"@type\":\"Article\",\"@id\":\"https:\\\/\\\/gastronomicament.cat\\\/en\\\/apaema-inicia-una-campanya-de-micromecenatge-per-adquirir-una-nova-marmita-per-a-sobrador#article\",\"isPartOf\":{\"@id\":\"https:\\\/\\\/gastronomicament.cat\\\/en\\\/apaema-inicia-una-campanya-de-micromecenatge-per-adquirir-una-nova-marmita-per-a-sobrador\"},\"author\":{\"name\":\"Redacci\u00f3\",\"@id\":\"https:\\\/\\\/gastronomicament.cat\\\/en\\\/#\\\/schema\\\/person\\\/a7c85c537a1ed62799a5b8e0f686a37f\"},\"headline\":\"APAEMA inicia una campanya de micromecenatge per adquirir una nova marmita per a S&#8217;Obrador\",\"datePublished\":\"2024-08-14T10:36:17+00:00\",\"dateModified\":\"2024-08-14T10:51:34+00:00\",\"mainEntityOfPage\":{\"@id\":\"https:\\\/\\\/gastronomicament.cat\\\/en\\\/apaema-inicia-una-campanya-de-micromecenatge-per-adquirir-una-nova-marmita-per-a-sobrador\"},\"wordCount\":519,\"commentCount\":0,\"publisher\":{\"@id\":\"https:\\\/\\\/gastronomicament.cat\\\/en\\\/#organization\"},\"image\":{\"@id\":\"https:\\\/\\\/gastronomicament.cat\\\/en\\\/apaema-inicia-una-campanya-de-micromecenatge-per-adquirir-una-nova-marmita-per-a-sobrador#primaryimage\"},\"thumbnailUrl\":\"https:\\\/\\\/gastronomicament.cat\\\/wp-content\\\/uploads\\\/2024\\\/08\\\/collage-22-2.jpg\",\"articleSection\":[\"Actualitat\",\"Reportatges i novetats\"],\"inLanguage\":\"en-US\",\"potentialAction\":[{\"@type\":\"CommentAction\",\"name\":\"Comment\",\"target\":[\"https:\\\/\\\/gastronomicament.cat\\\/en\\\/apaema-inicia-una-campanya-de-micromecenatge-per-adquirir-una-nova-marmita-per-a-sobrador#respond\"]}]},{\"@type\":\"WebPage\",\"@id\":\"https:\\\/\\\/gastronomicament.cat\\\/en\\\/apaema-inicia-una-campanya-de-micromecenatge-per-adquirir-una-nova-marmita-per-a-sobrador\",\"url\":\"https:\\\/\\\/gastronomicament.cat\\\/en\\\/apaema-inicia-una-campanya-de-micromecenatge-per-adquirir-una-nova-marmita-per-a-sobrador\",\"name\":\"APAEMA inicia una campanya de micromecenatge per adquirir una nova marmita per a S'Obrador - Gastron\u00f2micament\",\"isPartOf\":{\"@id\":\"https:\\\/\\\/gastronomicament.cat\\\/en\\\/#website\"},\"primaryImageOfPage\":{\"@id\":\"https:\\\/\\\/gastronomicament.cat\\\/en\\\/apaema-inicia-una-campanya-de-micromecenatge-per-adquirir-una-nova-marmita-per-a-sobrador#primaryimage\"},\"image\":{\"@id\":\"https:\\\/\\\/gastronomicament.cat\\\/en\\\/apaema-inicia-una-campanya-de-micromecenatge-per-adquirir-una-nova-marmita-per-a-sobrador#primaryimage\"},\"thumbnailUrl\":\"https:\\\/\\\/gastronomicament.cat\\\/wp-content\\\/uploads\\\/2024\\\/08\\\/collage-22-2.jpg\",\"datePublished\":\"2024-08-14T10:36:17+00:00\",\"dateModified\":\"2024-08-14T10:51:34+00:00\",\"description\":\"APAEMA inicia una campanya de micromecenatge per adquirir una nova marmita per a S'Obrador Actualitat, Reportatges i novetats La necessiten per cuinar pocions que enforteixin el moviment agroecol\u00f2gic i accelerin la transici\u00f3 cap a una Mallorca m\u00e9s verda i justa\",\"inLanguage\":\"en-US\",\"potentialAction\":[{\"@type\":\"ReadAction\",\"target\":[\"https:\\\/\\\/gastronomicament.cat\\\/en\\\/apaema-inicia-una-campanya-de-micromecenatge-per-adquirir-una-nova-marmita-per-a-sobrador\"]}]},{\"@type\":\"ImageObject\",\"inLanguage\":\"en-US\",\"@id\":\"https:\\\/\\\/gastronomicament.cat\\\/en\\\/apaema-inicia-una-campanya-de-micromecenatge-per-adquirir-una-nova-marmita-per-a-sobrador#primaryimage\",\"url\":\"https:\\\/\\\/gastronomicament.cat\\\/wp-content\\\/uploads\\\/2024\\\/08\\\/collage-22-2.jpg\",\"contentUrl\":\"https:\\\/\\\/gastronomicament.cat\\\/wp-content\\\/uploads\\\/2024\\\/08\\\/collage-22-2.jpg\",\"width\":498,\"height\":245},{\"@type\":\"WebSite\",\"@id\":\"https:\\\/\\\/gastronomicament.cat\\\/en\\\/#website\",\"url\":\"https:\\\/\\\/gastronomicament.cat\\\/en\\\/\",\"name\":\"Gastron\u00f2micament\",\"description\":\"Portal de restaurants, receptes i actualitat gastron\u00f2mica\",\"publisher\":{\"@id\":\"https:\\\/\\\/gastronomicament.cat\\\/en\\\/#organization\"},\"potentialAction\":[{\"@type\":\"SearchAction\",\"target\":{\"@type\":\"EntryPoint\",\"urlTemplate\":\"https:\\\/\\\/gastronomicament.cat\\\/en\\\/?s={search_term_string}\"},\"query-input\":{\"@type\":\"PropertyValueSpecification\",\"valueRequired\":true,\"valueName\":\"search_term_string\"}}],\"inLanguage\":\"en-US\"},{\"@type\":\"Organization\",\"@id\":\"https:\\\/\\\/gastronomicament.cat\\\/en\\\/#organization\",\"name\":\"Gastron\u00f2micament\",\"url\":\"https:\\\/\\\/gastronomicament.cat\\\/en\\\/\",\"logo\":{\"@type\":\"ImageObject\",\"inLanguage\":\"en-US\",\"@id\":\"https:\\\/\\\/gastronomicament.cat\\\/en\\\/#\\\/schema\\\/logo\\\/image\\\/\",\"url\":\"https:\\\/\\\/gastronomicament.cat\\\/wp-content\\\/uploads\\\/2016\\\/09\\\/header-logo.jpg\",\"contentUrl\":\"https:\\\/\\\/gastronomicament.cat\\\/wp-content\\\/uploads\\\/2016\\\/09\\\/header-logo.jpg\",\"width\":277,\"height\":39,\"caption\":\"Gastron\u00f2micament\"},\"image\":{\"@id\":\"https:\\\/\\\/gastronomicament.cat\\\/en\\\/#\\\/schema\\\/logo\\\/image\\\/\"},\"sameAs\":[\"https:\\\/\\\/x.com\\\/gastronomicamen\"]},{\"@type\":\"Person\",\"@id\":\"https:\\\/\\\/gastronomicament.cat\\\/en\\\/#\\\/schema\\\/person\\\/a7c85c537a1ed62799a5b8e0f686a37f\",\"name\":\"Redacci\u00f3\",\"image\":{\"@type\":\"ImageObject\",\"inLanguage\":\"en-US\",\"@id\":\"https:\\\/\\\/secure.gravatar.com\\\/avatar\\\/9489a485c464fd611d33825daae651d13db70c4e74c65c94937a15a9d4c3ee14?s=96&d=mm&r=g69fea3cce3645dfa2166e7293e22955e\",\"url\":\"https:\\\/\\\/secure.gravatar.com\\\/avatar\\\/9489a485c464fd611d33825daae651d13db70c4e74c65c94937a15a9d4c3ee14?s=96&d=mm&r=g\",\"contentUrl\":\"https:\\\/\\\/secure.gravatar.com\\\/avatar\\\/9489a485c464fd611d33825daae651d13db70c4e74c65c94937a15a9d4c3ee14?s=96&d=mm&r=g\",\"caption\":\"Redacci\u00f3\"},\"sameAs\":[\"http:\\\/\\\/gastronomicament.cat\"],\"url\":\"https:\\\/\\\/gastronomicament.cat\\\/en\\\/author\\\/admin\"}]}<\/script>\n<!-- \/ Yoast SEO plugin. -->","yoast_head_json":{"title":"APAEMA inicia una campanya de micromecenatge per adquirir una nova marmita per a S'Obrador - Gastron\u00f2micament","description":"APAEMA inicia una campanya de micromecenatge per adquirir una nova marmita per a S'Obrador Actualitat, Reportatges i novetats La necessiten per cuinar pocions que enforteixin el moviment agroecol\u00f2gic i accelerin la transici\u00f3 cap a una Mallorca m\u00e9s verda i justa","robots":{"index":"index","follow":"follow","max-snippet":"max-snippet:-1","max-image-preview":"max-image-preview:large","max-video-preview":"max-video-preview:-1"},"canonical":"https:\/\/gastronomicament.cat\/en\/apaema-inicia-una-campanya-de-micromecenatge-per-adquirir-una-nova-marmita-per-a-sobrador","og_locale":"en_US","og_type":"article","og_title":"APAEMA inicia una campanya de micromecenatge per adquirir una nova marmita per a S'Obrador - Gastron\u00f2micament","og_description":"APAEMA inicia una campanya de micromecenatge per adquirir una nova marmita per a S'Obrador Actualitat, Reportatges i novetats La necessiten per cuinar pocions que enforteixin el moviment agroecol\u00f2gic i accelerin la transici\u00f3 cap a una Mallorca m\u00e9s verda i justa","og_url":"https:\/\/gastronomicament.cat\/en\/apaema-inicia-una-campanya-de-micromecenatge-per-adquirir-una-nova-marmita-per-a-sobrador","og_site_name":"Gastron\u00f2micament","article_published_time":"2024-08-14T10:36:17+00:00","article_modified_time":"2024-08-14T10:51:34+00:00","og_image":[{"width":498,"height":245,"url":"https:\/\/gastronomicament.cat\/wp-content\/uploads\/2024\/08\/collage-22-2.jpg","type":"image\/jpeg"}],"author":"Redacci\u00f3","twitter_card":"summary_large_image","twitter_creator":"@gastronomicamen","twitter_site":"@gastronomicamen","twitter_misc":{"Written by":"Redacci\u00f3","Est. reading time":"3 minutes"},"schema":{"@context":"https:\/\/schema.org","@graph":[{"@type":"Article","@id":"https:\/\/gastronomicament.cat\/en\/apaema-inicia-una-campanya-de-micromecenatge-per-adquirir-una-nova-marmita-per-a-sobrador#article","isPartOf":{"@id":"https:\/\/gastronomicament.cat\/en\/apaema-inicia-una-campanya-de-micromecenatge-per-adquirir-una-nova-marmita-per-a-sobrador"},"author":{"name":"Redacci\u00f3","@id":"https:\/\/gastronomicament.cat\/en\/#\/schema\/person\/a7c85c537a1ed62799a5b8e0f686a37f"},"headline":"APAEMA inicia una campanya de micromecenatge per adquirir una nova marmita per a S&#8217;Obrador","datePublished":"2024-08-14T10:36:17+00:00","dateModified":"2024-08-14T10:51:34+00:00","mainEntityOfPage":{"@id":"https:\/\/gastronomicament.cat\/en\/apaema-inicia-una-campanya-de-micromecenatge-per-adquirir-una-nova-marmita-per-a-sobrador"},"wordCount":519,"commentCount":0,"publisher":{"@id":"https:\/\/gastronomicament.cat\/en\/#organization"},"image":{"@id":"https:\/\/gastronomicament.cat\/en\/apaema-inicia-una-campanya-de-micromecenatge-per-adquirir-una-nova-marmita-per-a-sobrador#primaryimage"},"thumbnailUrl":"https:\/\/gastronomicament.cat\/wp-content\/uploads\/2024\/08\/collage-22-2.jpg","articleSection":["Actualitat","Reportatges i novetats"],"inLanguage":"en-US","potentialAction":[{"@type":"CommentAction","name":"Comment","target":["https:\/\/gastronomicament.cat\/en\/apaema-inicia-una-campanya-de-micromecenatge-per-adquirir-una-nova-marmita-per-a-sobrador#respond"]}]},{"@type":"WebPage","@id":"https:\/\/gastronomicament.cat\/en\/apaema-inicia-una-campanya-de-micromecenatge-per-adquirir-una-nova-marmita-per-a-sobrador","url":"https:\/\/gastronomicament.cat\/en\/apaema-inicia-una-campanya-de-micromecenatge-per-adquirir-una-nova-marmita-per-a-sobrador","name":"APAEMA inicia una campanya de micromecenatge per adquirir una nova marmita per a S'Obrador - Gastron\u00f2micament","isPartOf":{"@id":"https:\/\/gastronomicament.cat\/en\/#website"},"primaryImageOfPage":{"@id":"https:\/\/gastronomicament.cat\/en\/apaema-inicia-una-campanya-de-micromecenatge-per-adquirir-una-nova-marmita-per-a-sobrador#primaryimage"},"image":{"@id":"https:\/\/gastronomicament.cat\/en\/apaema-inicia-una-campanya-de-micromecenatge-per-adquirir-una-nova-marmita-per-a-sobrador#primaryimage"},"thumbnailUrl":"https:\/\/gastronomicament.cat\/wp-content\/uploads\/2024\/08\/collage-22-2.jpg","datePublished":"2024-08-14T10:36:17+00:00","dateModified":"2024-08-14T10:51:34+00:00","description":"APAEMA inicia una campanya de micromecenatge per adquirir una nova marmita per a S'Obrador Actualitat, Reportatges i novetats La necessiten per cuinar pocions que enforteixin el moviment agroecol\u00f2gic i accelerin la transici\u00f3 cap a una Mallorca m\u00e9s verda i justa","inLanguage":"en-US","potentialAction":[{"@type":"ReadAction","target":["https:\/\/gastronomicament.cat\/en\/apaema-inicia-una-campanya-de-micromecenatge-per-adquirir-una-nova-marmita-per-a-sobrador"]}]},{"@type":"ImageObject","inLanguage":"en-US","@id":"https:\/\/gastronomicament.cat\/en\/apaema-inicia-una-campanya-de-micromecenatge-per-adquirir-una-nova-marmita-per-a-sobrador#primaryimage","url":"https:\/\/gastronomicament.cat\/wp-content\/uploads\/2024\/08\/collage-22-2.jpg","contentUrl":"https:\/\/gastronomicament.cat\/wp-content\/uploads\/2024\/08\/collage-22-2.jpg","width":498,"height":245},{"@type":"WebSite","@id":"https:\/\/gastronomicament.cat\/en\/#website","url":"https:\/\/gastronomicament.cat\/en\/","name":"Gastron\u00f2micament","description":"Portal de restaurants, receptes i actualitat gastron\u00f2mica","publisher":{"@id":"https:\/\/gastronomicament.cat\/en\/#organization"},"potentialAction":[{"@type":"SearchAction","target":{"@type":"EntryPoint","urlTemplate":"https:\/\/gastronomicament.cat\/en\/?s={search_term_string}"},"query-input":{"@type":"PropertyValueSpecification","valueRequired":true,"valueName":"search_term_string"}}],"inLanguage":"en-US"},{"@type":"Organization","@id":"https:\/\/gastronomicament.cat\/en\/#organization","name":"Gastron\u00f2micament","url":"https:\/\/gastronomicament.cat\/en\/","logo":{"@type":"ImageObject","inLanguage":"en-US","@id":"https:\/\/gastronomicament.cat\/en\/#\/schema\/logo\/image\/","url":"https:\/\/gastronomicament.cat\/wp-content\/uploads\/2016\/09\/header-logo.jpg","contentUrl":"https:\/\/gastronomicament.cat\/wp-content\/uploads\/2016\/09\/header-logo.jpg","width":277,"height":39,"caption":"Gastron\u00f2micament"},"image":{"@id":"https:\/\/gastronomicament.cat\/en\/#\/schema\/logo\/image\/"},"sameAs":["https:\/\/x.com\/gastronomicamen"]},{"@type":"Person","@id":"https:\/\/gastronomicament.cat\/en\/#\/schema\/person\/a7c85c537a1ed62799a5b8e0f686a37f","name":"Redacci\u00f3","image":{"@type":"ImageObject","inLanguage":"en-US","@id":"https:\/\/secure.gravatar.com\/avatar\/9489a485c464fd611d33825daae651d13db70c4e74c65c94937a15a9d4c3ee14?s=96&d=mm&r=g69fea3cce3645dfa2166e7293e22955e","url":"https:\/\/secure.gravatar.com\/avatar\/9489a485c464fd611d33825daae651d13db70c4e74c65c94937a15a9d4c3ee14?s=96&d=mm&r=g","contentUrl":"https:\/\/secure.gravatar.com\/avatar\/9489a485c464fd611d33825daae651d13db70c4e74c65c94937a15a9d4c3ee14?s=96&d=mm&r=g","caption":"Redacci\u00f3"},"sameAs":["http:\/\/gastronomicament.cat"],"url":"https:\/\/gastronomicament.cat\/en\/author\/admin"}]}},"_links":{"self":[{"href":"https:\/\/gastronomicament.cat\/en\/wp-json\/wp\/v2\/posts\/90207","targetHints":{"allow":["GET"]}}],"collection":[{"href":"https:\/\/gastronomicament.cat\/en\/wp-json\/wp\/v2\/posts"}],"about":[{"href":"https:\/\/gastronomicament.cat\/en\/wp-json\/wp\/v2\/types\/post"}],"author":[{"embeddable":true,"href":"https:\/\/gastronomicament.cat\/en\/wp-json\/wp\/v2\/users\/1"}],"replies":[{"embeddable":true,"href":"https:\/\/gastronomicament.cat\/en\/wp-json\/wp\/v2\/comments?post=90207"}],"version-history":[{"count":0,"href":"https:\/\/gastronomicament.cat\/en\/wp-json\/wp\/v2\/posts\/90207\/revisions"}],"wp:featuredmedia":[{"embeddable":true,"href":"https:\/\/gastronomicament.cat\/en\/wp-json\/wp\/v2\/media\/90191"}],"wp:attachment":[{"href":"https:\/\/gastronomicament.cat\/en\/wp-json\/wp\/v2\/media?parent=90207"}],"wp:term":[{"taxonomy":"category","embeddable":true,"href":"https:\/\/gastronomicament.cat\/en\/wp-json\/wp\/v2\/categories?post=90207"},{"taxonomy":"post_tag","embeddable":true,"href":"https:\/\/gastronomicament.cat\/en\/wp-json\/wp\/v2\/tags?post=90207"},{"taxonomy":"author","embeddable":true,"href":"https:\/\/gastronomicament.cat\/en\/wp-json\/wp\/v2\/coauthors?post=90207"}],"curies":[{"name":"wp","href":"https:\/\/api.w.org\/{rel}","templated":true}]}}