{"id":90696,"date":"2024-08-29T10:10:46","date_gmt":"2024-08-29T08:10:46","guid":{"rendered":"https:\/\/gastronomicament.cat\/apaema-el-gob-i-greenpeace-contra-la-megagranja-de-gallines-de-sineu"},"modified":"2024-08-29T10:10:46","modified_gmt":"2024-08-29T08:10:46","slug":"apaema-el-gob-i-greenpeace-contra-la-megagranja-de-gallines-de-sineu","status":"publish","type":"post","link":"https:\/\/gastronomicament.cat\/en\/apaema-el-gob-i-greenpeace-contra-la-megagranja-de-gallines-de-sineu","title":{"rendered":"APAEMA, el GOB i Greenpeace contra la megagranja de gallines de Sineu"},"content":{"rendered":"<p>Pagesos ecol\u00f2gics de Mallorca d&#8217;APAEMA i els ecologistes del GOB i Greenpeace s&#8217;han pronunciat contra la megagranja\u00a0de gallines de Sineu.<\/p>\n<p>En un comunicat, APAEMA explica que suposa un perjudici a les petites i mitjanes explotacions i, sobretot, al comprom\u00eds social majoritari de perseguir una agricultura i ramaderia generadora de productes de qualitat i de serveis agroambientals. &#8220;Aquesta agroind\u00fastria esdevindr\u00e0 un gran consumidor de recursos naturals, tots aquests escassos a Mallorca: aigua, terra i energia&#8221;.<\/p>\n<div dir=\"auto\">\n<p><b>Impactes ambientals i socials\u00a0<\/b><br \/>\nDes d&#8217;APAEMA apunten que la macrogranja que\u00a0<b>Av\u00edcola\u00a0Son Perot<\/b>\u00a0vol fer en t<b>erreny r\u00fastic\u00a0<\/b>de\u00a0<b>Sineu\u00a0<\/b>provocar\u00e0 emissions de gasos d\u2019efecte hivernacles, tant directes com indirectes, generar\u00e0 grans quantitats de gallinassa i\u00a0<b>aig\u00fces brutes amb alts nivells de nitrogen<\/b>, amb el perill que suposen de contaminaci\u00f3 d\u2019aq\u00fc\u00edfers.\u00a0<b>Segellar\u00e0<\/b>\u00a0<b>70.000 metres quadrats<\/b>, entre edificacions, trispols per femers i camins asfaltats, l\u2019<b>equivalent a 7 camps de futbol<\/b>.\u00a0<b>Consumir\u00e0 m\u00e9s de 60.000 m3 d\u2019aigua potable anualment<\/b>, els quals, segons apunta Greenpeace, igualen una tercera part del que consumeix el municipi de Sineu. A m\u00e9s, tot el pinso que ser\u00e0 necessari per alimentar les\u00a0<b>m\u00e9s de 700.000 gallines<\/b>, ser\u00e0 importat de fora, sense cap repercussi\u00f3 en els cerealistes mallorquins. Parlam d\u2019uns 35.000 tones. Un pinso que estar\u00e0 compost, b\u00e0sicament, de blat de les \u00edndies i soja transg\u00e8nica arribades de l\u2019altra banda d\u2019oce\u00e0, amb unes emissions associades d\u2019unes 6.000 tones de CO\u2082.<\/p>\n<p><b>Allau de signatures en contra a Sineu<\/b><br \/>\nD&#8217;altra banda, IB3 ha informat que el poble de Sineu ha recollit m\u00e9s de 5.000 signatures de ve\u00efnats en contra de la macrogranja de gallines. A m\u00e9s, altres ajuntaments que s\u00f3n a prop de la granja han manifestat, com ara Llub\u00ed, han manifestat que duran a terme accions per evitar aquest projecte.<\/p>\n<p><iframe title=\"YouTube video player\" src=\"https:\/\/www.youtube.com\/embed\/GFK13Z090KA?si=-S81_R18f-6GETyG\" width=\"560\" height=\"315\" frameborder=\"0\" allowfullscreen=\"allowfullscreen\"><\/iframe><\/p>\n<div><b>Infracci\u00f3 pr\u00e8via<\/b><\/div>\n<div>Cal recordar que l&#8217;any passat,\u00a0<a href=\"https:\/\/ib3.org\/multa-de-200-000-euros-a-lavicola-son-perot-perque-no-te-lautoritzacio-ambiental-integrada\" target=\"_blank\" rel=\"noopener\" data-saferedirecturl=\"https:\/\/www.google.com\/url?q=https:\/\/ib3.org\/multa-de-200-000-euros-a-lavicola-son-perot-perque-no-te-lautoritzacio-ambiental-integrada&amp;source=gmail&amp;ust=1725004156523000&amp;usg=AOvVaw2lEboOdLNAfNcwZP5Bsmz4\"><strong>la Comissi\u00f3 Balear de Medi Ambient\u00a0<\/strong><b>va multar Av\u00edcola Son Perot amb 200.000 euros<\/b><\/a><b>\u00a0<\/b>per no disposar d&#8217;autoritzaci\u00f3 ambiental integrada a la granja de gallines de ses Cisternetes, a Llucmajor, de la qual<b>\u00a0feia quatre anys que<\/b>\u00a0<b>els ve\u00efnats es queixaven de les males olors i de les mosques que provocava la instal\u00b7laci\u00f3<\/b>.<\/div>\n<div><\/div>\n<pre>Imatge:\u00a0<a href=\"https:\/\/pixabay.com\/users\/ehrecke-5827864\/?utm_source=link-attribution&amp;utm_medium=referral&amp;utm_campaign=image&amp;utm_content=4133960\" target=\"_blank\" rel=\"noopener\" data-saferedirecturl=\"https:\/\/www.google.com\/url?q=https:\/\/pixabay.com\/users\/ehrecke-5827864\/?utm_source%3Dlink-attribution%26utm_medium%3Dreferral%26utm_campaign%3Dimage%26utm_content%3D4133960&amp;source=gmail&amp;ust=1725004156523000&amp;usg=AOvVaw1OONXUUg2fmnK32nnslXzm\">Wolfgang Ehrecke<\/a>\u00a0a Pixabay<\/pre>\n<\/div>\n","protected":false},"excerpt":{"rendered":"<p>Els ve\u00efnats de Sineu ja han recollit 5.000 signatures en contra del projecte d&#8217;Av\u00edcola Son Perot<\/p>\n","protected":false},"author":1,"featured_media":90692,"comment_status":"open","ping_status":"closed","sticky":false,"template":"","format":"standard","meta":{"_acf_changed":false,"_swt_meta_header_display":false,"_swt_meta_footer_display":false,"_swt_meta_site_title_display":false,"_swt_meta_sticky_header":false,"_swt_meta_transparent_header":false,"footnotes":""},"categories":[1046,1475],"tags":[],"coauthors":[2053],"class_list":["post-90696","post","type-post","status-publish","format-standard","has-post-thumbnail","hentry","category-actualitat-es-en","category-reportatges-i-novetats-en"],"acf":{"gallery":null,"home_date":{"home_begin_date":null,"home_end_date":null}},"yoast_head":"<!-- This site is optimized with the Yoast SEO plugin v27.4 - https:\/\/yoast.com\/product\/yoast-seo-wordpress\/ -->\n<title>APAEMA, el GOB i Greenpeace contra la megagranja de gallines de Sineu - Gastron\u00f2micament<\/title>\n<meta name=\"description\" content=\"APAEMA, el GOB i Greenpeace contra la megagranja de gallines de Sineu Actualitat, Reportatges i novetats Els ve\u00efnats de Sineu ja han recollit 5.000 signatures en contra del projecte d&#039;Av\u00edcola Son Perot\" \/>\n<meta name=\"robots\" content=\"index, follow, max-snippet:-1, max-image-preview:large, max-video-preview:-1\" \/>\n<link rel=\"canonical\" href=\"https:\/\/gastronomicament.cat\/en\/apaema-el-gob-i-greenpeace-contra-la-megagranja-de-gallines-de-sineu\" \/>\n<meta property=\"og:locale\" content=\"en_US\" \/>\n<meta property=\"og:type\" content=\"article\" \/>\n<meta property=\"og:title\" content=\"APAEMA, el GOB i Greenpeace contra la megagranja de gallines de Sineu - Gastron\u00f2micament\" \/>\n<meta property=\"og:description\" content=\"APAEMA, el GOB i Greenpeace contra la megagranja de gallines de Sineu Actualitat, Reportatges i novetats Els ve\u00efnats de Sineu ja han recollit 5.000 signatures en contra del projecte d&#039;Av\u00edcola Son Perot\" \/>\n<meta property=\"og:url\" content=\"https:\/\/gastronomicament.cat\/en\/apaema-el-gob-i-greenpeace-contra-la-megagranja-de-gallines-de-sineu\" \/>\n<meta property=\"og:site_name\" content=\"Gastron\u00f2micament\" \/>\n<meta property=\"article:published_time\" content=\"2024-08-29T08:10:46+00:00\" \/>\n<meta property=\"og:image\" content=\"https:\/\/gastronomicament.cat\/wp-content\/uploads\/2024\/08\/better-gallines-Ehrecke-Pixabay.jpg\" \/>\n\t<meta property=\"og:image:width\" content=\"1920\" \/>\n\t<meta property=\"og:image:height\" content=\"1282\" \/>\n\t<meta property=\"og:image:type\" content=\"image\/jpeg\" \/>\n<meta name=\"author\" content=\"Redacci\u00f3\" \/>\n<meta name=\"twitter:card\" content=\"summary_large_image\" \/>\n<meta name=\"twitter:creator\" content=\"@gastronomicamen\" \/>\n<meta name=\"twitter:site\" content=\"@gastronomicamen\" \/>\n<meta name=\"twitter:label1\" content=\"Written by\" \/>\n\t<meta name=\"twitter:data1\" content=\"Redacci\u00f3\" \/>\n\t<meta name=\"twitter:label2\" content=\"Est. reading time\" \/>\n\t<meta name=\"twitter:data2\" content=\"3 minutes\" \/>\n<script type=\"application\/ld+json\" class=\"yoast-schema-graph\">{\"@context\":\"https:\\\/\\\/schema.org\",\"@graph\":[{\"@type\":\"Article\",\"@id\":\"https:\\\/\\\/gastronomicament.cat\\\/en\\\/apaema-el-gob-i-greenpeace-contra-la-megagranja-de-gallines-de-sineu#article\",\"isPartOf\":{\"@id\":\"https:\\\/\\\/gastronomicament.cat\\\/en\\\/apaema-el-gob-i-greenpeace-contra-la-megagranja-de-gallines-de-sineu\"},\"author\":{\"name\":\"Redacci\u00f3\",\"@id\":\"https:\\\/\\\/gastronomicament.cat\\\/en\\\/#\\\/schema\\\/person\\\/a7c85c537a1ed62799a5b8e0f686a37f\"},\"headline\":\"APAEMA, el GOB i Greenpeace contra la megagranja de gallines de Sineu\",\"datePublished\":\"2024-08-29T08:10:46+00:00\",\"mainEntityOfPage\":{\"@id\":\"https:\\\/\\\/gastronomicament.cat\\\/en\\\/apaema-el-gob-i-greenpeace-contra-la-megagranja-de-gallines-de-sineu\"},\"wordCount\":378,\"commentCount\":0,\"publisher\":{\"@id\":\"https:\\\/\\\/gastronomicament.cat\\\/en\\\/#organization\"},\"image\":{\"@id\":\"https:\\\/\\\/gastronomicament.cat\\\/en\\\/apaema-el-gob-i-greenpeace-contra-la-megagranja-de-gallines-de-sineu#primaryimage\"},\"thumbnailUrl\":\"https:\\\/\\\/gastronomicament.cat\\\/wp-content\\\/uploads\\\/2024\\\/08\\\/better-gallines-Ehrecke-Pixabay.jpg\",\"articleSection\":[\"Actualitat\",\"Reportatges i novetats\"],\"inLanguage\":\"en-US\",\"potentialAction\":[{\"@type\":\"CommentAction\",\"name\":\"Comment\",\"target\":[\"https:\\\/\\\/gastronomicament.cat\\\/en\\\/apaema-el-gob-i-greenpeace-contra-la-megagranja-de-gallines-de-sineu#respond\"]}]},{\"@type\":\"WebPage\",\"@id\":\"https:\\\/\\\/gastronomicament.cat\\\/en\\\/apaema-el-gob-i-greenpeace-contra-la-megagranja-de-gallines-de-sineu\",\"url\":\"https:\\\/\\\/gastronomicament.cat\\\/en\\\/apaema-el-gob-i-greenpeace-contra-la-megagranja-de-gallines-de-sineu\",\"name\":\"APAEMA, el GOB i Greenpeace contra la megagranja de gallines de Sineu - Gastron\u00f2micament\",\"isPartOf\":{\"@id\":\"https:\\\/\\\/gastronomicament.cat\\\/en\\\/#website\"},\"primaryImageOfPage\":{\"@id\":\"https:\\\/\\\/gastronomicament.cat\\\/en\\\/apaema-el-gob-i-greenpeace-contra-la-megagranja-de-gallines-de-sineu#primaryimage\"},\"image\":{\"@id\":\"https:\\\/\\\/gastronomicament.cat\\\/en\\\/apaema-el-gob-i-greenpeace-contra-la-megagranja-de-gallines-de-sineu#primaryimage\"},\"thumbnailUrl\":\"https:\\\/\\\/gastronomicament.cat\\\/wp-content\\\/uploads\\\/2024\\\/08\\\/better-gallines-Ehrecke-Pixabay.jpg\",\"datePublished\":\"2024-08-29T08:10:46+00:00\",\"description\":\"APAEMA, el GOB i Greenpeace contra la megagranja de gallines de Sineu Actualitat, Reportatges i novetats Els ve\u00efnats de Sineu ja han recollit 5.000 signatures en contra del projecte d'Av\u00edcola Son Perot\",\"inLanguage\":\"en-US\",\"potentialAction\":[{\"@type\":\"ReadAction\",\"target\":[\"https:\\\/\\\/gastronomicament.cat\\\/en\\\/apaema-el-gob-i-greenpeace-contra-la-megagranja-de-gallines-de-sineu\"]}]},{\"@type\":\"ImageObject\",\"inLanguage\":\"en-US\",\"@id\":\"https:\\\/\\\/gastronomicament.cat\\\/en\\\/apaema-el-gob-i-greenpeace-contra-la-megagranja-de-gallines-de-sineu#primaryimage\",\"url\":\"https:\\\/\\\/gastronomicament.cat\\\/wp-content\\\/uploads\\\/2024\\\/08\\\/better-gallines-Ehrecke-Pixabay.jpg\",\"contentUrl\":\"https:\\\/\\\/gastronomicament.cat\\\/wp-content\\\/uploads\\\/2024\\\/08\\\/better-gallines-Ehrecke-Pixabay.jpg\",\"width\":1920,\"height\":1282},{\"@type\":\"WebSite\",\"@id\":\"https:\\\/\\\/gastronomicament.cat\\\/en\\\/#website\",\"url\":\"https:\\\/\\\/gastronomicament.cat\\\/en\\\/\",\"name\":\"Gastron\u00f2micament\",\"description\":\"Portal de restaurants, receptes i actualitat gastron\u00f2mica\",\"publisher\":{\"@id\":\"https:\\\/\\\/gastronomicament.cat\\\/en\\\/#organization\"},\"potentialAction\":[{\"@type\":\"SearchAction\",\"target\":{\"@type\":\"EntryPoint\",\"urlTemplate\":\"https:\\\/\\\/gastronomicament.cat\\\/en\\\/?s={search_term_string}\"},\"query-input\":{\"@type\":\"PropertyValueSpecification\",\"valueRequired\":true,\"valueName\":\"search_term_string\"}}],\"inLanguage\":\"en-US\"},{\"@type\":\"Organization\",\"@id\":\"https:\\\/\\\/gastronomicament.cat\\\/en\\\/#organization\",\"name\":\"Gastron\u00f2micament\",\"url\":\"https:\\\/\\\/gastronomicament.cat\\\/en\\\/\",\"logo\":{\"@type\":\"ImageObject\",\"inLanguage\":\"en-US\",\"@id\":\"https:\\\/\\\/gastronomicament.cat\\\/en\\\/#\\\/schema\\\/logo\\\/image\\\/\",\"url\":\"https:\\\/\\\/gastronomicament.cat\\\/wp-content\\\/uploads\\\/2016\\\/09\\\/header-logo.jpg\",\"contentUrl\":\"https:\\\/\\\/gastronomicament.cat\\\/wp-content\\\/uploads\\\/2016\\\/09\\\/header-logo.jpg\",\"width\":277,\"height\":39,\"caption\":\"Gastron\u00f2micament\"},\"image\":{\"@id\":\"https:\\\/\\\/gastronomicament.cat\\\/en\\\/#\\\/schema\\\/logo\\\/image\\\/\"},\"sameAs\":[\"https:\\\/\\\/x.com\\\/gastronomicamen\"]},{\"@type\":\"Person\",\"@id\":\"https:\\\/\\\/gastronomicament.cat\\\/en\\\/#\\\/schema\\\/person\\\/a7c85c537a1ed62799a5b8e0f686a37f\",\"name\":\"Redacci\u00f3\",\"image\":{\"@type\":\"ImageObject\",\"inLanguage\":\"en-US\",\"@id\":\"https:\\\/\\\/secure.gravatar.com\\\/avatar\\\/9489a485c464fd611d33825daae651d13db70c4e74c65c94937a15a9d4c3ee14?s=96&d=mm&r=g69fea3cce3645dfa2166e7293e22955e\",\"url\":\"https:\\\/\\\/secure.gravatar.com\\\/avatar\\\/9489a485c464fd611d33825daae651d13db70c4e74c65c94937a15a9d4c3ee14?s=96&d=mm&r=g\",\"contentUrl\":\"https:\\\/\\\/secure.gravatar.com\\\/avatar\\\/9489a485c464fd611d33825daae651d13db70c4e74c65c94937a15a9d4c3ee14?s=96&d=mm&r=g\",\"caption\":\"Redacci\u00f3\"},\"sameAs\":[\"http:\\\/\\\/gastronomicament.cat\"],\"url\":\"https:\\\/\\\/gastronomicament.cat\\\/en\\\/author\\\/admin\"}]}<\/script>\n<!-- \/ Yoast SEO plugin. -->","yoast_head_json":{"title":"APAEMA, el GOB i Greenpeace contra la megagranja de gallines de Sineu - Gastron\u00f2micament","description":"APAEMA, el GOB i Greenpeace contra la megagranja de gallines de Sineu Actualitat, Reportatges i novetats Els ve\u00efnats de Sineu ja han recollit 5.000 signatures en contra del projecte d'Av\u00edcola Son Perot","robots":{"index":"index","follow":"follow","max-snippet":"max-snippet:-1","max-image-preview":"max-image-preview:large","max-video-preview":"max-video-preview:-1"},"canonical":"https:\/\/gastronomicament.cat\/en\/apaema-el-gob-i-greenpeace-contra-la-megagranja-de-gallines-de-sineu","og_locale":"en_US","og_type":"article","og_title":"APAEMA, el GOB i Greenpeace contra la megagranja de gallines de Sineu - Gastron\u00f2micament","og_description":"APAEMA, el GOB i Greenpeace contra la megagranja de gallines de Sineu Actualitat, Reportatges i novetats Els ve\u00efnats de Sineu ja han recollit 5.000 signatures en contra del projecte d'Av\u00edcola Son Perot","og_url":"https:\/\/gastronomicament.cat\/en\/apaema-el-gob-i-greenpeace-contra-la-megagranja-de-gallines-de-sineu","og_site_name":"Gastron\u00f2micament","article_published_time":"2024-08-29T08:10:46+00:00","og_image":[{"width":1920,"height":1282,"url":"https:\/\/gastronomicament.cat\/wp-content\/uploads\/2024\/08\/better-gallines-Ehrecke-Pixabay.jpg","type":"image\/jpeg"}],"author":"Redacci\u00f3","twitter_card":"summary_large_image","twitter_creator":"@gastronomicamen","twitter_site":"@gastronomicamen","twitter_misc":{"Written by":"Redacci\u00f3","Est. reading time":"3 minutes"},"schema":{"@context":"https:\/\/schema.org","@graph":[{"@type":"Article","@id":"https:\/\/gastronomicament.cat\/en\/apaema-el-gob-i-greenpeace-contra-la-megagranja-de-gallines-de-sineu#article","isPartOf":{"@id":"https:\/\/gastronomicament.cat\/en\/apaema-el-gob-i-greenpeace-contra-la-megagranja-de-gallines-de-sineu"},"author":{"name":"Redacci\u00f3","@id":"https:\/\/gastronomicament.cat\/en\/#\/schema\/person\/a7c85c537a1ed62799a5b8e0f686a37f"},"headline":"APAEMA, el GOB i Greenpeace contra la megagranja de gallines de Sineu","datePublished":"2024-08-29T08:10:46+00:00","mainEntityOfPage":{"@id":"https:\/\/gastronomicament.cat\/en\/apaema-el-gob-i-greenpeace-contra-la-megagranja-de-gallines-de-sineu"},"wordCount":378,"commentCount":0,"publisher":{"@id":"https:\/\/gastronomicament.cat\/en\/#organization"},"image":{"@id":"https:\/\/gastronomicament.cat\/en\/apaema-el-gob-i-greenpeace-contra-la-megagranja-de-gallines-de-sineu#primaryimage"},"thumbnailUrl":"https:\/\/gastronomicament.cat\/wp-content\/uploads\/2024\/08\/better-gallines-Ehrecke-Pixabay.jpg","articleSection":["Actualitat","Reportatges i novetats"],"inLanguage":"en-US","potentialAction":[{"@type":"CommentAction","name":"Comment","target":["https:\/\/gastronomicament.cat\/en\/apaema-el-gob-i-greenpeace-contra-la-megagranja-de-gallines-de-sineu#respond"]}]},{"@type":"WebPage","@id":"https:\/\/gastronomicament.cat\/en\/apaema-el-gob-i-greenpeace-contra-la-megagranja-de-gallines-de-sineu","url":"https:\/\/gastronomicament.cat\/en\/apaema-el-gob-i-greenpeace-contra-la-megagranja-de-gallines-de-sineu","name":"APAEMA, el GOB i Greenpeace contra la megagranja de gallines de Sineu - Gastron\u00f2micament","isPartOf":{"@id":"https:\/\/gastronomicament.cat\/en\/#website"},"primaryImageOfPage":{"@id":"https:\/\/gastronomicament.cat\/en\/apaema-el-gob-i-greenpeace-contra-la-megagranja-de-gallines-de-sineu#primaryimage"},"image":{"@id":"https:\/\/gastronomicament.cat\/en\/apaema-el-gob-i-greenpeace-contra-la-megagranja-de-gallines-de-sineu#primaryimage"},"thumbnailUrl":"https:\/\/gastronomicament.cat\/wp-content\/uploads\/2024\/08\/better-gallines-Ehrecke-Pixabay.jpg","datePublished":"2024-08-29T08:10:46+00:00","description":"APAEMA, el GOB i Greenpeace contra la megagranja de gallines de Sineu Actualitat, Reportatges i novetats Els ve\u00efnats de Sineu ja han recollit 5.000 signatures en contra del projecte d'Av\u00edcola Son Perot","inLanguage":"en-US","potentialAction":[{"@type":"ReadAction","target":["https:\/\/gastronomicament.cat\/en\/apaema-el-gob-i-greenpeace-contra-la-megagranja-de-gallines-de-sineu"]}]},{"@type":"ImageObject","inLanguage":"en-US","@id":"https:\/\/gastronomicament.cat\/en\/apaema-el-gob-i-greenpeace-contra-la-megagranja-de-gallines-de-sineu#primaryimage","url":"https:\/\/gastronomicament.cat\/wp-content\/uploads\/2024\/08\/better-gallines-Ehrecke-Pixabay.jpg","contentUrl":"https:\/\/gastronomicament.cat\/wp-content\/uploads\/2024\/08\/better-gallines-Ehrecke-Pixabay.jpg","width":1920,"height":1282},{"@type":"WebSite","@id":"https:\/\/gastronomicament.cat\/en\/#website","url":"https:\/\/gastronomicament.cat\/en\/","name":"Gastron\u00f2micament","description":"Portal de restaurants, receptes i actualitat gastron\u00f2mica","publisher":{"@id":"https:\/\/gastronomicament.cat\/en\/#organization"},"potentialAction":[{"@type":"SearchAction","target":{"@type":"EntryPoint","urlTemplate":"https:\/\/gastronomicament.cat\/en\/?s={search_term_string}"},"query-input":{"@type":"PropertyValueSpecification","valueRequired":true,"valueName":"search_term_string"}}],"inLanguage":"en-US"},{"@type":"Organization","@id":"https:\/\/gastronomicament.cat\/en\/#organization","name":"Gastron\u00f2micament","url":"https:\/\/gastronomicament.cat\/en\/","logo":{"@type":"ImageObject","inLanguage":"en-US","@id":"https:\/\/gastronomicament.cat\/en\/#\/schema\/logo\/image\/","url":"https:\/\/gastronomicament.cat\/wp-content\/uploads\/2016\/09\/header-logo.jpg","contentUrl":"https:\/\/gastronomicament.cat\/wp-content\/uploads\/2016\/09\/header-logo.jpg","width":277,"height":39,"caption":"Gastron\u00f2micament"},"image":{"@id":"https:\/\/gastronomicament.cat\/en\/#\/schema\/logo\/image\/"},"sameAs":["https:\/\/x.com\/gastronomicamen"]},{"@type":"Person","@id":"https:\/\/gastronomicament.cat\/en\/#\/schema\/person\/a7c85c537a1ed62799a5b8e0f686a37f","name":"Redacci\u00f3","image":{"@type":"ImageObject","inLanguage":"en-US","@id":"https:\/\/secure.gravatar.com\/avatar\/9489a485c464fd611d33825daae651d13db70c4e74c65c94937a15a9d4c3ee14?s=96&d=mm&r=g69fea3cce3645dfa2166e7293e22955e","url":"https:\/\/secure.gravatar.com\/avatar\/9489a485c464fd611d33825daae651d13db70c4e74c65c94937a15a9d4c3ee14?s=96&d=mm&r=g","contentUrl":"https:\/\/secure.gravatar.com\/avatar\/9489a485c464fd611d33825daae651d13db70c4e74c65c94937a15a9d4c3ee14?s=96&d=mm&r=g","caption":"Redacci\u00f3"},"sameAs":["http:\/\/gastronomicament.cat"],"url":"https:\/\/gastronomicament.cat\/en\/author\/admin"}]}},"_links":{"self":[{"href":"https:\/\/gastronomicament.cat\/en\/wp-json\/wp\/v2\/posts\/90696","targetHints":{"allow":["GET"]}}],"collection":[{"href":"https:\/\/gastronomicament.cat\/en\/wp-json\/wp\/v2\/posts"}],"about":[{"href":"https:\/\/gastronomicament.cat\/en\/wp-json\/wp\/v2\/types\/post"}],"author":[{"embeddable":true,"href":"https:\/\/gastronomicament.cat\/en\/wp-json\/wp\/v2\/users\/1"}],"replies":[{"embeddable":true,"href":"https:\/\/gastronomicament.cat\/en\/wp-json\/wp\/v2\/comments?post=90696"}],"version-history":[{"count":0,"href":"https:\/\/gastronomicament.cat\/en\/wp-json\/wp\/v2\/posts\/90696\/revisions"}],"wp:featuredmedia":[{"embeddable":true,"href":"https:\/\/gastronomicament.cat\/en\/wp-json\/wp\/v2\/media\/90692"}],"wp:attachment":[{"href":"https:\/\/gastronomicament.cat\/en\/wp-json\/wp\/v2\/media?parent=90696"}],"wp:term":[{"taxonomy":"category","embeddable":true,"href":"https:\/\/gastronomicament.cat\/en\/wp-json\/wp\/v2\/categories?post=90696"},{"taxonomy":"post_tag","embeddable":true,"href":"https:\/\/gastronomicament.cat\/en\/wp-json\/wp\/v2\/tags?post=90696"},{"taxonomy":"author","embeddable":true,"href":"https:\/\/gastronomicament.cat\/en\/wp-json\/wp\/v2\/coauthors?post=90696"}],"curies":[{"name":"wp","href":"https:\/\/api.w.org\/{rel}","templated":true}]}}