{"id":91127,"date":"2024-09-23T10:40:58","date_gmt":"2024-09-23T08:40:58","guid":{"rendered":"https:\/\/gastronomicament.cat\/apegib-lliura-els-premis-gastronomics-de-les-illes-balears"},"modified":"2024-09-23T11:09:35","modified_gmt":"2024-09-23T09:09:35","slug":"apegib-lliura-els-premis-gastronomics-de-les-illes-balears","status":"publish","type":"post","link":"https:\/\/gastronomicament.cat\/en\/apegib-lliura-els-premis-gastronomics-de-les-illes-balears","title":{"rendered":"APEGIB lliura els Premis Gastron\u00f2mics de les Illes Balears"},"content":{"rendered":"<p>L&#8217;Associcaci\u00f3 de Periodistes i Escriptors Gastron\u00f2mics de les Illes Balears (APEGIB) ha lliurat els Premis Gastron\u00f2mics 2023 en el marc de la Fira Arrels, celebrada al recinte firal del Mercadal (Menorca). L&#8217;acte, celebrat el dissabte 21 de setembre de 2024 ha comptat amb el suport del Consell de Menorca, l&#8217;Ajuntament des Mercadal i de Bale\u00e0ria.<\/p>\n<p>Les persones i restaurants guardonats s\u00f3n els seg\u00fcents:<\/p>\n<h4><strong>MALLORCA<\/strong><\/h4>\n<h3><strong>Bernab\u00e9 Caravotta: Premi de la Cr\u00edtica Gastron\u00f2mica Mallorca<\/strong><\/h3>\n<p><a href=\"https:\/\/gastronomicament.cat\/wp-content\/uploads\/2024\/09\/Bernabe-Caravotta.jpg\"><img decoding=\"async\" class=\"aligncenter size-full wp-image-91096\" src=\"https:\/\/gastronomicament.cat\/wp-content\/uploads\/2024\/09\/Bernabe-Caravotta.jpg\" alt=\"\" width=\"737\" height=\"538\" srcset=\"https:\/\/gastronomicament.cat\/wp-content\/uploads\/2024\/09\/Bernabe-Caravotta.jpg 737w, https:\/\/gastronomicament.cat\/wp-content\/uploads\/2024\/09\/Bernabe-Caravotta-300x219.jpg 300w, https:\/\/gastronomicament.cat\/wp-content\/uploads\/2024\/09\/Bernabe-Caravotta-480x350.jpg 480w\" sizes=\"(max-width: 737px) 100vw, 737px\" \/><\/a>No \u00e9s la primera vegada de donam un premi a aquest cuiner. Fa deu anys, li v\u00e0rem atorgar el guard\u00f3 com a Restaurant Revelaci\u00f3 de Mallorca de 2014 a Omb\u00fa per la gran tasca que hi havia fet, un establiment que fa part del grup Forn de Sant Joan i on ell en va ser el cap pensant i executor d&#8217;una carta saborosa i molt interessant.<\/p>\n<p>Bernab\u00e9 Caravotta va n\u00e9ixer a Mar del Plata i des que va arribar a Mallorca el 2008 per inaugurar els fogons de l&#8217;arrosseria Safr\u00e0 21, aquest cuiner argent\u00ed ha demostrat la seva v\u00e0lua. Va estudiar Institut Argent\u00ed de Gastronomia de Bons Airesa\u00a0i va fer estades d&#8217;aprenentatge amb Ren\u00e9 Redzepi, del prestigi\u00f3s Noma, a Copenhaguen, i amb Mauro Colagreco en el Mirazur, de la Costa Blava.<\/p>\n<p>El 2017 va crear\u00a0el restaurant V\u00e0ndal a la capital balear, un dels restaurants que no passen de moda a Palma. De llavors en\u00e7\u00e0, juntament amb el tamb\u00e9 argent\u00ed Sebasti\u00e1n P\u00e9rez, no han fet m\u00e9s que cr\u00e9ixer el seu negoci i talent culinari amb les obertures dels restaurants Santa i L&#8217;Atelier de V\u00e0ndal, que com V\u00e0ndal es troben al barri de pescadors de Santa Catalina.<\/p>\n<p>Avui dia continua amb un estil que rememora els seus viatges arreu del m\u00f3n, una cuina n\u00f2mada en la qual el producte local hi \u00e9s present sempre, que est\u00e0 ben feta i que no deixa de sorprendre, i amb una filosofia amb la qual tothom, sigui d&#8217;aqu\u00ed o d&#8217;all\u00e0 m\u00e9s enfora s&#8217;hi sent c\u00f2mode i ben rebut. Enhorabona!<\/p>\n<h3><strong>Gelateria Can Miquel: Premi de Producte Local Cati Juan\u00a0<\/strong><\/h3>\n<p>Ubicada als carrer dels Montcades, 9 de Palma. \u00c9s una gelateria artesanal que d\u2019en\u00e7\u00e0 1979 elabora gelats amb productes naturals i locals, seguint les receptes del seu fundador Miquel Solivelles Vallori, fidel a oferir als clients sabors i textures d\u2019ingredients propers i de temporada.<\/p>\n<p>Actualment encap\u00e7ala el projecte la tercera generaci\u00f3 Marian Valero,\u00a0 neta de Miquel que rep aquest llegat de la seva mare Maria Teresa Solivellas filla de Miquel Solivelles.<br \/>\nGelateria Can Miquel, gelats, sorbets i torrons artesanals. Com feia el seu avi, sempre est\u00e0 la recerca del gelat que pugui sorprendre, mostra d\u2019aix\u00f2 actualment al seu establiment es poden degustar m\u00e9s de 100 sabors de gelats entre dol\u00e7os i salats.<\/p>\n<h4><strong>MENORCA<\/strong><\/h4>\n<h3><strong>Sergio Villalonga: Cuiner de l\u2019any<\/strong><\/h3>\n<p><a href=\"https:\/\/gastronomicament.cat\/wp-content\/uploads\/2024\/09\/Sergio-Villalonga-Cafe-Balear-Ciutadella.jpg\"><img decoding=\"async\" class=\"aligncenter size-large wp-image-91120\" src=\"https:\/\/gastronomicament.cat\/wp-content\/uploads\/2024\/09\/Sergio-Villalonga-Cafe-Balear-Ciutadella-1024x565.jpg\" alt=\"\" width=\"1024\" height=\"565\" srcset=\"https:\/\/gastronomicament.cat\/wp-content\/uploads\/2024\/09\/Sergio-Villalonga-Cafe-Balear-Ciutadella-1024x565.jpg 1024w, https:\/\/gastronomicament.cat\/wp-content\/uploads\/2024\/09\/Sergio-Villalonga-Cafe-Balear-Ciutadella-300x165.jpg 300w, https:\/\/gastronomicament.cat\/wp-content\/uploads\/2024\/09\/Sergio-Villalonga-Cafe-Balear-Ciutadella-768x424.jpg 768w, https:\/\/gastronomicament.cat\/wp-content\/uploads\/2024\/09\/Sergio-Villalonga-Cafe-Balear-Ciutadella-480x265.jpg 480w, https:\/\/gastronomicament.cat\/wp-content\/uploads\/2024\/09\/Sergio-Villalonga-Cafe-Balear-Ciutadella.jpg 1249w\" sizes=\"(max-width: 1024px) 100vw, 1024px\" \/><\/a><\/p>\n<p>Gaireb\u00e9 una d\u00e8cada al capdavant de la cuina d\u2019un dels grups m\u00e9s coneguts del municipi ciutadellenc, el grup Balear, ha treballat a restaurants com la Roma, o Caf\u00e8 Balear -on fa feina actualment-; Sergio Villalonga ha estat escollit, enguany, \u2018cuiner de l\u2019any\u2019 per l\u2019Associaci\u00f3 de Periodistes i Escriptors Gastron\u00f2mics de Balears. Un professional que, encara que tengui una traject\u00f2ria de tres d\u00e8cades dins el sector hoteler, no fa tant que es va posar davant els fogons: ell comenta que fa devers quinze anys que hi treballa, potser menys, va descobrir que la cuina era la seva passi\u00f3, i es va llan\u00e7ar a la piscina, com deim.<\/p>\n<h3><strong>Restaurant Vermell: Restaurant revelaci\u00f3<\/strong><\/h3>\n<p><a href=\"https:\/\/gastronomicament.cat\/wp-content\/uploads\/2024\/09\/Restaurant-Vermell-Menorca.jpg\"><img decoding=\"async\" class=\"aligncenter size-large wp-image-91116\" src=\"https:\/\/gastronomicament.cat\/wp-content\/uploads\/2024\/09\/Restaurant-Vermell-Menorca-1024x607.jpg\" alt=\"\" width=\"1024\" height=\"607\" srcset=\"https:\/\/gastronomicament.cat\/wp-content\/uploads\/2024\/09\/Restaurant-Vermell-Menorca-1024x607.jpg 1024w, https:\/\/gastronomicament.cat\/wp-content\/uploads\/2024\/09\/Restaurant-Vermell-Menorca-300x178.jpg 300w, https:\/\/gastronomicament.cat\/wp-content\/uploads\/2024\/09\/Restaurant-Vermell-Menorca-768x455.jpg 768w, https:\/\/gastronomicament.cat\/wp-content\/uploads\/2024\/09\/Restaurant-Vermell-Menorca-480x285.jpg 480w, https:\/\/gastronomicament.cat\/wp-content\/uploads\/2024\/09\/Restaurant-Vermell-Menorca.jpg 1169w\" sizes=\"(max-width: 1024px) 100vw, 1024px\" \/><\/a><\/p>\n<p>El restaurant Vermell va apar\u00e8ixer el passat 2023, amb l\u2019hotel boutique Son Vell. Una finca de 180 hect\u00e0rees, ubicada a Ciutadella, i que presenta una casa senyorial del segle XVIII, restaurada. \u00c9s en aquest ambient agr\u00edcola, elegant i d\u2019una altra \u00e8poca, on apareixen dues cuines centrades en el producte local, artes\u00e0, de l\u2019illa. El restaurant Sa Clarissa, de dia; i el restaurant Vermell, es el sol es pon.<\/p>\n<p>\u00c9s aquest darrer, projecte nascut de la m\u00e0 de Joan Bagur, antic propietari i xef del restaurant Rels Menorca, el que ha estat guardonat per l\u2019Associaci\u00f3 de Periodistes i Escriptors Gastron\u00f2mics de Balears (APEGIB), amb el premi de Restaurant Revelaci\u00f3 per la seva novetat, el seu \u00e8xit i, sobretot, la seva oferta.<\/p>\n<h3><strong>Juan Carlos Garc\u00eda: Reboster \/ Pastisser de l\u2019Any<\/strong><\/h3>\n<p><a href=\"https:\/\/gastronomicament.cat\/wp-content\/uploads\/2024\/09\/Juan-Carlos-Garcia-La-Fabrica-de-Farry.jpg\"><img decoding=\"async\" class=\"aligncenter size-full wp-image-91108\" src=\"https:\/\/gastronomicament.cat\/wp-content\/uploads\/2024\/09\/Juan-Carlos-Garcia-La-Fabrica-de-Farry.jpg\" alt=\"\" width=\"899\" height=\"621\" srcset=\"https:\/\/gastronomicament.cat\/wp-content\/uploads\/2024\/09\/Juan-Carlos-Garcia-La-Fabrica-de-Farry.jpg 899w, https:\/\/gastronomicament.cat\/wp-content\/uploads\/2024\/09\/Juan-Carlos-Garcia-La-Fabrica-de-Farry-300x207.jpg 300w, https:\/\/gastronomicament.cat\/wp-content\/uploads\/2024\/09\/Juan-Carlos-Garcia-La-Fabrica-de-Farry-768x531.jpg 768w, https:\/\/gastronomicament.cat\/wp-content\/uploads\/2024\/09\/Juan-Carlos-Garcia-La-Fabrica-de-Farry-480x332.jpg 480w\" sizes=\"(max-width: 899px) 100vw, 899px\" \/><\/a><\/p>\n<p>Nascuda d\u2019un record, d\u2019un prop\u00f2sit, l\u2019aventura de Juan Carlos Garc\u00eda amb la rebosteria \/ pastisseria ve de temps enrere. De quan el seu pare els va preparar el seu primer gelat casol\u00e0, \u201camb un gust especial que se m\u2019ha estojat a la mem\u00f2ria. I per a mi sempre ha estat el millor gelat de nata que he menjat mai\u201d. Un record amb gust, amb olfacte, i, fins i tot, amb vista i tacte, que Garc\u00eda va voler conjugar amb els seus projectes futurs. Aix\u00ed neix La F\u00e0brica de Farry, en honor al malnom que tenia son pare; i amb el gust de fer, cr\u00e9ixer i aprendre en rebosteria i pastisseria.<\/p>\n<p>Despr\u00e9s d\u2019un creixement i una evoluci\u00f3 d\u2019anys, l\u2019Associaci\u00f3 de Periodistes i Escriptors Gastron\u00f2mics de Balears li ha atorgat el premi al reboster \/ pastisser de l\u2019any.<\/p>\n<h3><strong>V\u00edctor Torrent: Millor cap de sala<\/strong><\/h3>\n<p><a href=\"https:\/\/gastronomicament.cat\/wp-content\/uploads\/2024\/09\/Victor-Torrent-Es-Pinzell-Ciutadella.jpg\"><img decoding=\"async\" class=\"aligncenter size-large wp-image-91084\" src=\"https:\/\/gastronomicament.cat\/wp-content\/uploads\/2024\/09\/Victor-Torrent-Es-Pinzell-Ciutadella-1024x527.jpg\" alt=\"\" width=\"1024\" height=\"527\" srcset=\"https:\/\/gastronomicament.cat\/wp-content\/uploads\/2024\/09\/Victor-Torrent-Es-Pinzell-Ciutadella-1024x527.jpg 1024w, https:\/\/gastronomicament.cat\/wp-content\/uploads\/2024\/09\/Victor-Torrent-Es-Pinzell-Ciutadella-300x154.jpg 300w, https:\/\/gastronomicament.cat\/wp-content\/uploads\/2024\/09\/Victor-Torrent-Es-Pinzell-Ciutadella-768x395.jpg 768w, https:\/\/gastronomicament.cat\/wp-content\/uploads\/2024\/09\/Victor-Torrent-Es-Pinzell-Ciutadella-480x247.jpg 480w, https:\/\/gastronomicament.cat\/wp-content\/uploads\/2024\/09\/Victor-Torrent-Es-Pinzell-Ciutadella.jpg 1184w\" sizes=\"(max-width: 1024px) 100vw, 1024px\" \/><\/a><\/p>\n<p>V\u00edctor Torrent Viv\u00f3 (Ciutadella, 38 anys) \u00e9s el copropietari, amb el seu germ\u00e0 Alfonso, del restaurant Pinzell (Pla\u00e7a dels Pins, 4. &#8211; Ciutadella -871 027 334), del qual \u00e9s, tamb\u00e9, el cap de sala. L\u2019Associaci\u00f3 de Periodistes i Escriptors Gastron\u00f2mics de Balears (APEGIB) acaba de recon\u00e8ixer la seva feina amb la concessi\u00f3 del Premi al Millor Cap de Sala de Menorca.<\/p>\n<p>Despr\u00e9s de cursar el Grau Mitj\u00e0 de Restauraci\u00f3 a l\u2019Escola d\u2019Hostaleria de l\u2019IES Maria \u00c0ngels Cardona de Ciutadella, V\u00edctor Torrent inici\u00e0 una intensa carrera professional que el va dur a treballar a l\u2019Hotel Prinsotel La Caleta, al quiosc de la Pla\u00e7a des Born (deu anys) i al restaurant Es Fabiol (vuit anys), amb el seu germ\u00e0 Alfonso.<\/p>\n<p>Amb l\u2019obertura, el 6 de maig de 2018, de Pinzell, V\u00edctor feia realitat un somni i, alhora, retia un homenatge al seu germ\u00e0 mort, l\u2019artista Pepe Torrent Viv\u00f3, traspassat l\u2019octubre de 2017 a Pisco (Per\u00fa), a conseq\u00fc\u00e8ncia d\u2019una crisi asm\u00e0tica. Pinzell representa una proposta original i novedosa en l\u2019escena de Ciutadella que no oblida les seves arrels ni el seu origen.<\/p>\n<h3><strong>El Paladar: Traject\u00f2ria Professional<\/strong><\/h3>\n<p><a href=\"https:\/\/gastronomicament.cat\/wp-content\/uploads\/2024\/09\/El-Paladar.jpg\"><img decoding=\"async\" class=\"aligncenter size-large wp-image-91104\" src=\"https:\/\/gastronomicament.cat\/wp-content\/uploads\/2024\/09\/El-Paladar-1024x548.jpg\" alt=\"\" width=\"1024\" height=\"548\" srcset=\"https:\/\/gastronomicament.cat\/wp-content\/uploads\/2024\/09\/El-Paladar-1024x548.jpg 1024w, https:\/\/gastronomicament.cat\/wp-content\/uploads\/2024\/09\/El-Paladar-300x161.jpg 300w, https:\/\/gastronomicament.cat\/wp-content\/uploads\/2024\/09\/El-Paladar-768x411.jpg 768w, https:\/\/gastronomicament.cat\/wp-content\/uploads\/2024\/09\/El-Paladar-480x257.jpg 480w, https:\/\/gastronomicament.cat\/wp-content\/uploads\/2024\/09\/El-Paladar.jpg 1140w\" sizes=\"(max-width: 1024px) 100vw, 1024px\" \/><\/a><\/p>\n<p>Fa dues d\u00e8cades que nasqu\u00e9 un dels projectes gastron\u00f2mics menorquins m\u00e9s coneguts. Sota el nom d\u2019El Paladar, Kiko Mu\u00f1oz i Pepe Moreno, obriren la seva primera botiga al carrer de la Creu, a Ciutadella. Una empresa que cercava cuidar els paladars de la gent, tant de Menorca com de fora, que port\u00e0s l\u2019experi\u00e8ncia gurmet a l\u2019illa. I que, despr\u00e9s de vint anys, ha aconseguit tenir set botigues repartides entre Menorca, Mallorca i Eivissa, a m\u00e9s de donar servei al sector de la restauraci\u00f3, i d\u2019oferir c\u00e0tering per a esdeveniments diversos.<\/p>\n<p>Enguany, despr\u00e9s que l\u2019any passat la primera botiga tanqu\u00e9s, i adquirissin un nou punt de venda a la carretera de Santandria, l\u2019Associaci\u00f3 de Periodistes i Escriptors Gastron\u00f2mics de Balears, els ha atorgat el premi a la traject\u00f2ria professional. Per expandir-se m\u00e9s enll\u00e0 de l\u2019illa, i per no aturar de cr\u00e9ixer i evolucionar en tot moment.<\/p>\n<h3><strong>Vicent Vila: Promoci\u00f3 del producte local<\/strong><\/h3>\n<p><a href=\"https:\/\/gastronomicament.cat\/wp-content\/uploads\/2024\/09\/Vicent-Vila.jpg\"><img decoding=\"async\" class=\"aligncenter size-full wp-image-91080\" src=\"https:\/\/gastronomicament.cat\/wp-content\/uploads\/2024\/09\/Vicent-Vila.jpg\" alt=\"\" width=\"881\" height=\"598\" srcset=\"https:\/\/gastronomicament.cat\/wp-content\/uploads\/2024\/09\/Vicent-Vila.jpg 881w, https:\/\/gastronomicament.cat\/wp-content\/uploads\/2024\/09\/Vicent-Vila-300x204.jpg 300w, https:\/\/gastronomicament.cat\/wp-content\/uploads\/2024\/09\/Vicent-Vila-768x521.jpg 768w, https:\/\/gastronomicament.cat\/wp-content\/uploads\/2024\/09\/Vicent-Vila-480x326.jpg 480w\" sizes=\"(max-width: 881px) 100vw, 881px\" \/><\/a><\/p>\n<p>Si hi ha un restaurant a Menorca on les expressions quil\u00f2metre 0 i producte de proximitat cobren sentit, aquest \u00e9s Es Mol\u00ed de Foc (Carrer de Sant Lloren\u00e7, 65, Sant Climent. &#8211; 971 15 32 22), un dels grans temples de la gastronomia menorquina, que ocupa un antic mol\u00ed de cereal del segle XIX. Vicent Vila (Carcaixent, Val\u00e8ncia, 1958), propietari i excuiner de l\u2019establiment, de 66 anys, s\u2019ha distingit al llarg de tots aquests anys per la seva apassionada defensa del producte menorqu\u00ed. Vicent i la seva dona Clara van inaugurar el 16 de maig de l\u2019any 1996 una nova etapa del restaurant, que van portar com a gerents fins que el 2006 van oferir als propietaris, els su\u00efssos Natale i Margarita Sciammanna, una opci\u00f3 de compra, que van acceptar. Despr\u00e9s de la seva jubilaci\u00f3, ara fa poc menys d\u2019un any, Vila ha decidit deixar el restaurant en mans del nou cap de cuina, Mario Delgado. L\u2019oferta gastron\u00f2mica del restaurant, que fa 28 anys que apareix de manera ininterrompuda a la Guia Michelin, est\u00e0 centrada en els arrossos, amb receptes tradicionals que es reinterpreten amb nous sabors. Vila, que ha estat nomenat Santclimenter de l\u2019Any i n\u2019ha pronunciat el preg\u00f3 de festes. Tamb\u00e9 \u00e9s un enamorat de la m\u00fasica. De fet, va fer carrera al Conservatori de Val\u00e8ncia i sona la trompeta i el fliscorn a la Banda de M\u00fasica de Ma\u00f3.<\/p>\n<h3><strong>Calucha: Millor gastrobar<\/strong><\/h3>\n<p><a href=\"https:\/\/gastronomicament.cat\/wp-content\/uploads\/2024\/09\/Calucha-restaurant-Menorca-Premi-Millor-Gastrobar.jpeg\"><img decoding=\"async\" class=\"aligncenter size-large wp-image-91100\" src=\"https:\/\/gastronomicament.cat\/wp-content\/uploads\/2024\/09\/Calucha-restaurant-Menorca-Premi-Millor-Gastrobar-1024x576.jpeg\" alt=\"\" width=\"1024\" height=\"576\" srcset=\"https:\/\/gastronomicament.cat\/wp-content\/uploads\/2024\/09\/Calucha-restaurant-Menorca-Premi-Millor-Gastrobar-1024x576.jpeg 1024w, https:\/\/gastronomicament.cat\/wp-content\/uploads\/2024\/09\/Calucha-restaurant-Menorca-Premi-Millor-Gastrobar-300x169.jpeg 300w, https:\/\/gastronomicament.cat\/wp-content\/uploads\/2024\/09\/Calucha-restaurant-Menorca-Premi-Millor-Gastrobar-768x432.jpeg 768w, https:\/\/gastronomicament.cat\/wp-content\/uploads\/2024\/09\/Calucha-restaurant-Menorca-Premi-Millor-Gastrobar-1536x864.jpeg 1536w, https:\/\/gastronomicament.cat\/wp-content\/uploads\/2024\/09\/Calucha-restaurant-Menorca-Premi-Millor-Gastrobar-480x270.jpeg 480w, https:\/\/gastronomicament.cat\/wp-content\/uploads\/2024\/09\/Calucha-restaurant-Menorca-Premi-Millor-Gastrobar.jpeg 1600w\" sizes=\"(max-width: 1024px) 100vw, 1024px\" \/><\/a><\/p>\n<p>Plats elaborats amb productes del mercat, amb una m\u00e9s que interessant carta de vins, i un entorn espectacular fan del bar restaurant\u00a0Calucha\u00a0un motiu de visita m\u00e9s que obligat. Les torrades,\u00a0 les barquetes o enfiladets, la truita de patates recepta de la seva mare que ja ha esdevingut llegend\u00e0ria o els entrepans mini que coneguts com\u00a0<em>caluchitos<\/em>\u00a0s\u00f3n una mostra del que el client pot trobar a Calucha, que acaba de rebre el Premi al Millor Gastrobar de l\u2019Associaci\u00f3 de Periodistes i Escriptors Gastron\u00f2mics de les Illes Balears.<\/p>\n<p>Un lloc especial on poder degustar des d\u2019un sorprenent entrep\u00e0 de botifarr\u00f3 amb croquetes d\u2019end\u00edvia, una truita vaga amb formatge tendre i t\u00e0peres, un escabetx de pop i musclos, o una caldereta de llagosta.<\/p>\n<p>Biel Sintes, un antic professor de tennis i p\u00e0del reconvertit en restaurador, ha fet possible el miracle de poder comptar amb un gastrobar que encarna com cap altre el concepte de personalitzaci\u00f3 de la cuina que els bons amants de la gastronomia tant saben valorar.<\/p>\n<h3><strong>Sa Fonda de Fornells \u2013 Premi Ramon Cavaller, Millor Restaurant de Cuina Menorquina<\/strong><\/h3>\n<p>Jordi Pons Villalonga (es Mercadal, 42 anys) \u00e9s el gerent i propietari del restaurant Sa Fonda de Fornells, un dels grans temples de la cuina menorquina, que acaba de ser guardonat amb el Premi Ramon Cavaller. En la seva segona temporada, l\u2019establiment ja s\u2019ha fet mereixedor del favor dels cr\u00edtics i dels aplaudiments i les lloances dels clients, que han sabut recon\u00e8ixer el valor de la seva proposta, basada en receptes tradicionals, sobretot de cuina menorquina, per\u00f2 tamb\u00e9 balear, i la seva aposta decidida pel producte local.<\/p>\n<h4><strong>EIVISSA I FORMENTERA<\/strong><\/h4>\n<h3><strong>Herbes Mar\u00ed Mayans: Premi de la Cr\u00edtica Gastron\u00f2mica\u00a0<\/strong><\/h3>\n<p>La fam\u00edlia Mar\u00ed Mayans dedicats a l\u2019elaboraci\u00f3 de licors de qualitat i a la recerca de les plantes arom\u00e0tiques des de finals del segle XIX.<\/p>\n<p>L\u2019aposta \u00e9s per la tradici\u00f3 i per la innovaci\u00f3, no cal oblidar els inicis, les receptes originals del seu fundador, Joan Mar\u00ed Mayans, i que han sabut adaptar-se als nous temps i als gustos actuals, amb noves l\u00ednies de productes selectes basats en els gustos locals, tret que consideren un distintiu de totes les seves creacions.<\/p>\n<p>Aix\u00ed, la fam\u00edlia Mar\u00ed Mayans continua endavant amb nous productes, nova imatge, sense deixar les t\u00e8cniques artesanals amb els nous coneixements i la il\u00b7lusi\u00f3 de les noves generacions.<\/p>\n<h3><strong>Virg\u00ednia Mar\u00ed Renneson: Premi Joan Castell\u00f3 \u2013 Josepa Orvay<\/strong><\/h3>\n<p><a href=\"https:\/\/gastronomicament.cat\/wp-content\/uploads\/2024\/09\/Virginia-Mari.jpeg\"><img decoding=\"async\" class=\"aligncenter size-large wp-image-91088\" src=\"https:\/\/gastronomicament.cat\/wp-content\/uploads\/2024\/09\/Virginia-Mari-1024x576.jpeg\" alt=\"\" width=\"1024\" height=\"576\" srcset=\"https:\/\/gastronomicament.cat\/wp-content\/uploads\/2024\/09\/Virginia-Mari-1024x576.jpeg 1024w, https:\/\/gastronomicament.cat\/wp-content\/uploads\/2024\/09\/Virginia-Mari-300x169.jpeg 300w, https:\/\/gastronomicament.cat\/wp-content\/uploads\/2024\/09\/Virginia-Mari-768x432.jpeg 768w, https:\/\/gastronomicament.cat\/wp-content\/uploads\/2024\/09\/Virginia-Mari-1536x864.jpeg 1536w, https:\/\/gastronomicament.cat\/wp-content\/uploads\/2024\/09\/Virginia-Mari-480x270.jpeg 480w, https:\/\/gastronomicament.cat\/wp-content\/uploads\/2024\/09\/Virginia-Mari.jpeg 1600w\" sizes=\"(max-width: 1024px) 100vw, 1024px\" \/><\/a><\/p>\n<p>Virginia Mar\u00ed Rennesson (Rep\u00fablica Democr\u00e0tica del Congo 1962 &#8211; Eivissa 2023) va ser la primera inspectora de pesca d\u2019Eivissa, entre 1994 i l\u2019any 2000.<\/p>\n<p>Tot i haver dedicat part de la seva traject\u00f2ria professional a la pol\u00edtica tant a Vila com al Consell d&#8217;Eivissa, se sentia orgullosa d\u2019aquella tasca que va desenvolupar durant molts d\u2019anys treballant conjuntament amb el sector de la pesca. Entre d\u2019altres q\u00fcestions, va denunciar les males pr\u00e0ctiques que perjudicaven la feina dels pescadors professionals, com ara el rebuig de tonyina, i va defensar la pesca recreativa.<\/p>\n<p>A m\u00e9s, va ser secret\u00e0ria de la comissi\u00f3 de seguiment de la reserva marina d\u2019es Freus d\u2019Eivissa i Formentera.<\/p>\n<p>Periodista de formaci\u00f3, va impulsar el consum de peix amb la publicaci\u00f3 de dos llibres,\u00a0<em>Peix, s\u00ed!\u00a0<\/em>i\u00a0<em>Peix, s\u00ed! 2<\/em>, dos reculls de receptes amb peix amb els quals tamb\u00e9 va salvaguardar de l\u2019oblid aquest saber popular de la cuina piti\u00fcsa, posant-lo a l\u2019abast del p\u00fablic.<\/p>\n<p>Virg\u00ednia Mar\u00ed, malauradament ens va deixar ara fa poc m\u00e9s d\u2019un any v\u00edctima d\u2019una greu malaltia. \u00c9s per aquest suport a un sector tan delicat com el de la pesca i la seva profunda relaci\u00f3 amb la gastronomia que avui volem fer-li un petit tribut a t\u00edtol p\u00f2stum.\u00a0Recullen el guard\u00f3 els seus dos dos fills, Marc i Carlos Juan Mar\u00ed.<\/p>\n","protected":false},"excerpt":{"rendered":"<p>Els guardons reconeixen el talent, la feina i l&#8217;esfor\u00e7 de pagesos, ramaders, restauradors, cuiners, pastissers, gelaters&hellip;<\/p>\n","protected":false},"author":1,"featured_media":91113,"comment_status":"open","ping_status":"closed","sticky":false,"template":"","format":"gallery","meta":{"_acf_changed":false,"_swt_meta_header_display":false,"_swt_meta_footer_display":false,"_swt_meta_site_title_display":false,"_swt_meta_sticky_header":false,"_swt_meta_transparent_header":false,"footnotes":""},"categories":[1046,1479],"tags":[],"coauthors":[2053],"class_list":["post-91127","post","type-post","status-publish","format-gallery","has-post-thumbnail","hentry","category-actualitat-es-en","category-concursos-i-premis-en","post_format-post-format-gallery"],"acf":{"gallery":null,"home_date":{"home_begin_date":null,"home_end_date":null}},"yoast_head":"<!-- This site is optimized with the Yoast SEO plugin v27.4 - https:\/\/yoast.com\/product\/yoast-seo-wordpress\/ -->\n<title>APEGIB lliura els Premis Gastron\u00f2mics de les Illes Balears - Gastron\u00f2micament<\/title>\n<meta name=\"description\" content=\"APEGIB lliura els Premis Gastron\u00f2mics de les Illes Balears Actualitat, Concursos i premis Els guardons reconeixen el talent, la feina i l&#039;esfor\u00e7 de pagesos, ramaders, restauradors, cuiners, pastissers, gelaters i cambrers des de l&#039;any 2012\" \/>\n<meta name=\"robots\" content=\"index, follow, max-snippet:-1, max-image-preview:large, max-video-preview:-1\" \/>\n<link rel=\"canonical\" href=\"https:\/\/gastronomicament.cat\/en\/apegib-lliura-els-premis-gastronomics-de-les-illes-balears\" \/>\n<meta property=\"og:locale\" content=\"en_US\" \/>\n<meta property=\"og:type\" content=\"article\" \/>\n<meta property=\"og:title\" content=\"APEGIB lliura els Premis Gastron\u00f2mics de les Illes Balears - Gastron\u00f2micament\" \/>\n<meta property=\"og:description\" content=\"APEGIB lliura els Premis Gastron\u00f2mics de les Illes Balears Actualitat, Concursos i premis Els guardons reconeixen el talent, la feina i l&#039;esfor\u00e7 de pagesos, ramaders, restauradors, cuiners, pastissers, gelaters i cambrers des de l&#039;any 2012\" \/>\n<meta property=\"og:url\" content=\"https:\/\/gastronomicament.cat\/en\/apegib-lliura-els-premis-gastronomics-de-les-illes-balears\" \/>\n<meta property=\"og:site_name\" content=\"Gastron\u00f2micament\" \/>\n<meta property=\"article:published_time\" content=\"2024-09-23T08:40:58+00:00\" \/>\n<meta property=\"article:modified_time\" content=\"2024-09-23T09:09:35+00:00\" \/>\n<meta property=\"og:image\" content=\"https:\/\/gastronomicament.cat\/wp-content\/uploads\/2024\/09\/Premis-Gastronomics-Illes-Balears-2023.jpg\" \/>\n\t<meta property=\"og:image:width\" content=\"2500\" \/>\n\t<meta property=\"og:image:height\" content=\"1406\" \/>\n\t<meta property=\"og:image:type\" content=\"image\/jpeg\" \/>\n<meta name=\"author\" content=\"Redacci\u00f3\" \/>\n<meta name=\"twitter:card\" content=\"summary_large_image\" \/>\n<meta name=\"twitter:creator\" content=\"@gastronomicamen\" \/>\n<meta name=\"twitter:site\" content=\"@gastronomicamen\" \/>\n<meta name=\"twitter:label1\" content=\"Written by\" \/>\n\t<meta name=\"twitter:data1\" content=\"Redacci\u00f3\" \/>\n\t<meta name=\"twitter:label2\" content=\"Est. reading time\" \/>\n\t<meta name=\"twitter:data2\" content=\"13 minutes\" \/>\n<script type=\"application\/ld+json\" class=\"yoast-schema-graph\">{\"@context\":\"https:\\\/\\\/schema.org\",\"@graph\":[{\"@type\":\"Article\",\"@id\":\"https:\\\/\\\/gastronomicament.cat\\\/en\\\/apegib-lliura-els-premis-gastronomics-de-les-illes-balears#article\",\"isPartOf\":{\"@id\":\"https:\\\/\\\/gastronomicament.cat\\\/en\\\/apegib-lliura-els-premis-gastronomics-de-les-illes-balears\"},\"author\":{\"name\":\"Redacci\u00f3\",\"@id\":\"https:\\\/\\\/gastronomicament.cat\\\/en\\\/#\\\/schema\\\/person\\\/a7c85c537a1ed62799a5b8e0f686a37f\"},\"headline\":\"APEGIB lliura els Premis Gastron\u00f2mics de les Illes Balears\",\"datePublished\":\"2024-09-23T08:40:58+00:00\",\"dateModified\":\"2024-09-23T09:09:35+00:00\",\"mainEntityOfPage\":{\"@id\":\"https:\\\/\\\/gastronomicament.cat\\\/en\\\/apegib-lliura-els-premis-gastronomics-de-les-illes-balears\"},\"wordCount\":2160,\"commentCount\":0,\"publisher\":{\"@id\":\"https:\\\/\\\/gastronomicament.cat\\\/en\\\/#organization\"},\"image\":{\"@id\":\"https:\\\/\\\/gastronomicament.cat\\\/en\\\/apegib-lliura-els-premis-gastronomics-de-les-illes-balears#primaryimage\"},\"thumbnailUrl\":\"https:\\\/\\\/gastronomicament.cat\\\/wp-content\\\/uploads\\\/2024\\\/09\\\/Premis-Gastronomics-Illes-Balears-2023.jpg\",\"articleSection\":[\"Actualitat\",\"Concursos i premis\"],\"inLanguage\":\"en-US\",\"potentialAction\":[{\"@type\":\"CommentAction\",\"name\":\"Comment\",\"target\":[\"https:\\\/\\\/gastronomicament.cat\\\/en\\\/apegib-lliura-els-premis-gastronomics-de-les-illes-balears#respond\"]}]},{\"@type\":\"WebPage\",\"@id\":\"https:\\\/\\\/gastronomicament.cat\\\/en\\\/apegib-lliura-els-premis-gastronomics-de-les-illes-balears\",\"url\":\"https:\\\/\\\/gastronomicament.cat\\\/en\\\/apegib-lliura-els-premis-gastronomics-de-les-illes-balears\",\"name\":\"APEGIB lliura els Premis Gastron\u00f2mics de les Illes Balears - Gastron\u00f2micament\",\"isPartOf\":{\"@id\":\"https:\\\/\\\/gastronomicament.cat\\\/en\\\/#website\"},\"primaryImageOfPage\":{\"@id\":\"https:\\\/\\\/gastronomicament.cat\\\/en\\\/apegib-lliura-els-premis-gastronomics-de-les-illes-balears#primaryimage\"},\"image\":{\"@id\":\"https:\\\/\\\/gastronomicament.cat\\\/en\\\/apegib-lliura-els-premis-gastronomics-de-les-illes-balears#primaryimage\"},\"thumbnailUrl\":\"https:\\\/\\\/gastronomicament.cat\\\/wp-content\\\/uploads\\\/2024\\\/09\\\/Premis-Gastronomics-Illes-Balears-2023.jpg\",\"datePublished\":\"2024-09-23T08:40:58+00:00\",\"dateModified\":\"2024-09-23T09:09:35+00:00\",\"description\":\"APEGIB lliura els Premis Gastron\u00f2mics de les Illes Balears Actualitat, Concursos i premis Els guardons reconeixen el talent, la feina i l'esfor\u00e7 de pagesos, ramaders, restauradors, cuiners, pastissers, gelaters i cambrers des de l'any 2012\",\"inLanguage\":\"en-US\",\"potentialAction\":[{\"@type\":\"ReadAction\",\"target\":[\"https:\\\/\\\/gastronomicament.cat\\\/en\\\/apegib-lliura-els-premis-gastronomics-de-les-illes-balears\"]}]},{\"@type\":\"ImageObject\",\"inLanguage\":\"en-US\",\"@id\":\"https:\\\/\\\/gastronomicament.cat\\\/en\\\/apegib-lliura-els-premis-gastronomics-de-les-illes-balears#primaryimage\",\"url\":\"https:\\\/\\\/gastronomicament.cat\\\/wp-content\\\/uploads\\\/2024\\\/09\\\/Premis-Gastronomics-Illes-Balears-2023.jpg\",\"contentUrl\":\"https:\\\/\\\/gastronomicament.cat\\\/wp-content\\\/uploads\\\/2024\\\/09\\\/Premis-Gastronomics-Illes-Balears-2023.jpg\",\"width\":2500,\"height\":1406},{\"@type\":\"WebSite\",\"@id\":\"https:\\\/\\\/gastronomicament.cat\\\/en\\\/#website\",\"url\":\"https:\\\/\\\/gastronomicament.cat\\\/en\\\/\",\"name\":\"Gastron\u00f2micament\",\"description\":\"Portal de restaurants, receptes i actualitat gastron\u00f2mica\",\"publisher\":{\"@id\":\"https:\\\/\\\/gastronomicament.cat\\\/en\\\/#organization\"},\"potentialAction\":[{\"@type\":\"SearchAction\",\"target\":{\"@type\":\"EntryPoint\",\"urlTemplate\":\"https:\\\/\\\/gastronomicament.cat\\\/en\\\/?s={search_term_string}\"},\"query-input\":{\"@type\":\"PropertyValueSpecification\",\"valueRequired\":true,\"valueName\":\"search_term_string\"}}],\"inLanguage\":\"en-US\"},{\"@type\":\"Organization\",\"@id\":\"https:\\\/\\\/gastronomicament.cat\\\/en\\\/#organization\",\"name\":\"Gastron\u00f2micament\",\"url\":\"https:\\\/\\\/gastronomicament.cat\\\/en\\\/\",\"logo\":{\"@type\":\"ImageObject\",\"inLanguage\":\"en-US\",\"@id\":\"https:\\\/\\\/gastronomicament.cat\\\/en\\\/#\\\/schema\\\/logo\\\/image\\\/\",\"url\":\"https:\\\/\\\/gastronomicament.cat\\\/wp-content\\\/uploads\\\/2016\\\/09\\\/header-logo.jpg\",\"contentUrl\":\"https:\\\/\\\/gastronomicament.cat\\\/wp-content\\\/uploads\\\/2016\\\/09\\\/header-logo.jpg\",\"width\":277,\"height\":39,\"caption\":\"Gastron\u00f2micament\"},\"image\":{\"@id\":\"https:\\\/\\\/gastronomicament.cat\\\/en\\\/#\\\/schema\\\/logo\\\/image\\\/\"},\"sameAs\":[\"https:\\\/\\\/x.com\\\/gastronomicamen\"]},{\"@type\":\"Person\",\"@id\":\"https:\\\/\\\/gastronomicament.cat\\\/en\\\/#\\\/schema\\\/person\\\/a7c85c537a1ed62799a5b8e0f686a37f\",\"name\":\"Redacci\u00f3\",\"image\":{\"@type\":\"ImageObject\",\"inLanguage\":\"en-US\",\"@id\":\"https:\\\/\\\/secure.gravatar.com\\\/avatar\\\/9489a485c464fd611d33825daae651d13db70c4e74c65c94937a15a9d4c3ee14?s=96&d=mm&r=g69fea3cce3645dfa2166e7293e22955e\",\"url\":\"https:\\\/\\\/secure.gravatar.com\\\/avatar\\\/9489a485c464fd611d33825daae651d13db70c4e74c65c94937a15a9d4c3ee14?s=96&d=mm&r=g\",\"contentUrl\":\"https:\\\/\\\/secure.gravatar.com\\\/avatar\\\/9489a485c464fd611d33825daae651d13db70c4e74c65c94937a15a9d4c3ee14?s=96&d=mm&r=g\",\"caption\":\"Redacci\u00f3\"},\"sameAs\":[\"http:\\\/\\\/gastronomicament.cat\"],\"url\":\"https:\\\/\\\/gastronomicament.cat\\\/en\\\/author\\\/admin\"}]}<\/script>\n<!-- \/ Yoast SEO plugin. -->","yoast_head_json":{"title":"APEGIB lliura els Premis Gastron\u00f2mics de les Illes Balears - Gastron\u00f2micament","description":"APEGIB lliura els Premis Gastron\u00f2mics de les Illes Balears Actualitat, Concursos i premis Els guardons reconeixen el talent, la feina i l'esfor\u00e7 de pagesos, ramaders, restauradors, cuiners, pastissers, gelaters i cambrers des de l'any 2012","robots":{"index":"index","follow":"follow","max-snippet":"max-snippet:-1","max-image-preview":"max-image-preview:large","max-video-preview":"max-video-preview:-1"},"canonical":"https:\/\/gastronomicament.cat\/en\/apegib-lliura-els-premis-gastronomics-de-les-illes-balears","og_locale":"en_US","og_type":"article","og_title":"APEGIB lliura els Premis Gastron\u00f2mics de les Illes Balears - Gastron\u00f2micament","og_description":"APEGIB lliura els Premis Gastron\u00f2mics de les Illes Balears Actualitat, Concursos i premis Els guardons reconeixen el talent, la feina i l'esfor\u00e7 de pagesos, ramaders, restauradors, cuiners, pastissers, gelaters i cambrers des de l'any 2012","og_url":"https:\/\/gastronomicament.cat\/en\/apegib-lliura-els-premis-gastronomics-de-les-illes-balears","og_site_name":"Gastron\u00f2micament","article_published_time":"2024-09-23T08:40:58+00:00","article_modified_time":"2024-09-23T09:09:35+00:00","og_image":[{"width":2500,"height":1406,"url":"https:\/\/gastronomicament.cat\/wp-content\/uploads\/2024\/09\/Premis-Gastronomics-Illes-Balears-2023.jpg","type":"image\/jpeg"}],"author":"Redacci\u00f3","twitter_card":"summary_large_image","twitter_creator":"@gastronomicamen","twitter_site":"@gastronomicamen","twitter_misc":{"Written by":"Redacci\u00f3","Est. reading time":"13 minutes"},"schema":{"@context":"https:\/\/schema.org","@graph":[{"@type":"Article","@id":"https:\/\/gastronomicament.cat\/en\/apegib-lliura-els-premis-gastronomics-de-les-illes-balears#article","isPartOf":{"@id":"https:\/\/gastronomicament.cat\/en\/apegib-lliura-els-premis-gastronomics-de-les-illes-balears"},"author":{"name":"Redacci\u00f3","@id":"https:\/\/gastronomicament.cat\/en\/#\/schema\/person\/a7c85c537a1ed62799a5b8e0f686a37f"},"headline":"APEGIB lliura els Premis Gastron\u00f2mics de les Illes Balears","datePublished":"2024-09-23T08:40:58+00:00","dateModified":"2024-09-23T09:09:35+00:00","mainEntityOfPage":{"@id":"https:\/\/gastronomicament.cat\/en\/apegib-lliura-els-premis-gastronomics-de-les-illes-balears"},"wordCount":2160,"commentCount":0,"publisher":{"@id":"https:\/\/gastronomicament.cat\/en\/#organization"},"image":{"@id":"https:\/\/gastronomicament.cat\/en\/apegib-lliura-els-premis-gastronomics-de-les-illes-balears#primaryimage"},"thumbnailUrl":"https:\/\/gastronomicament.cat\/wp-content\/uploads\/2024\/09\/Premis-Gastronomics-Illes-Balears-2023.jpg","articleSection":["Actualitat","Concursos i premis"],"inLanguage":"en-US","potentialAction":[{"@type":"CommentAction","name":"Comment","target":["https:\/\/gastronomicament.cat\/en\/apegib-lliura-els-premis-gastronomics-de-les-illes-balears#respond"]}]},{"@type":"WebPage","@id":"https:\/\/gastronomicament.cat\/en\/apegib-lliura-els-premis-gastronomics-de-les-illes-balears","url":"https:\/\/gastronomicament.cat\/en\/apegib-lliura-els-premis-gastronomics-de-les-illes-balears","name":"APEGIB lliura els Premis Gastron\u00f2mics de les Illes Balears - Gastron\u00f2micament","isPartOf":{"@id":"https:\/\/gastronomicament.cat\/en\/#website"},"primaryImageOfPage":{"@id":"https:\/\/gastronomicament.cat\/en\/apegib-lliura-els-premis-gastronomics-de-les-illes-balears#primaryimage"},"image":{"@id":"https:\/\/gastronomicament.cat\/en\/apegib-lliura-els-premis-gastronomics-de-les-illes-balears#primaryimage"},"thumbnailUrl":"https:\/\/gastronomicament.cat\/wp-content\/uploads\/2024\/09\/Premis-Gastronomics-Illes-Balears-2023.jpg","datePublished":"2024-09-23T08:40:58+00:00","dateModified":"2024-09-23T09:09:35+00:00","description":"APEGIB lliura els Premis Gastron\u00f2mics de les Illes Balears Actualitat, Concursos i premis Els guardons reconeixen el talent, la feina i l'esfor\u00e7 de pagesos, ramaders, restauradors, cuiners, pastissers, gelaters i cambrers des de l'any 2012","inLanguage":"en-US","potentialAction":[{"@type":"ReadAction","target":["https:\/\/gastronomicament.cat\/en\/apegib-lliura-els-premis-gastronomics-de-les-illes-balears"]}]},{"@type":"ImageObject","inLanguage":"en-US","@id":"https:\/\/gastronomicament.cat\/en\/apegib-lliura-els-premis-gastronomics-de-les-illes-balears#primaryimage","url":"https:\/\/gastronomicament.cat\/wp-content\/uploads\/2024\/09\/Premis-Gastronomics-Illes-Balears-2023.jpg","contentUrl":"https:\/\/gastronomicament.cat\/wp-content\/uploads\/2024\/09\/Premis-Gastronomics-Illes-Balears-2023.jpg","width":2500,"height":1406},{"@type":"WebSite","@id":"https:\/\/gastronomicament.cat\/en\/#website","url":"https:\/\/gastronomicament.cat\/en\/","name":"Gastron\u00f2micament","description":"Portal de restaurants, receptes i actualitat gastron\u00f2mica","publisher":{"@id":"https:\/\/gastronomicament.cat\/en\/#organization"},"potentialAction":[{"@type":"SearchAction","target":{"@type":"EntryPoint","urlTemplate":"https:\/\/gastronomicament.cat\/en\/?s={search_term_string}"},"query-input":{"@type":"PropertyValueSpecification","valueRequired":true,"valueName":"search_term_string"}}],"inLanguage":"en-US"},{"@type":"Organization","@id":"https:\/\/gastronomicament.cat\/en\/#organization","name":"Gastron\u00f2micament","url":"https:\/\/gastronomicament.cat\/en\/","logo":{"@type":"ImageObject","inLanguage":"en-US","@id":"https:\/\/gastronomicament.cat\/en\/#\/schema\/logo\/image\/","url":"https:\/\/gastronomicament.cat\/wp-content\/uploads\/2016\/09\/header-logo.jpg","contentUrl":"https:\/\/gastronomicament.cat\/wp-content\/uploads\/2016\/09\/header-logo.jpg","width":277,"height":39,"caption":"Gastron\u00f2micament"},"image":{"@id":"https:\/\/gastronomicament.cat\/en\/#\/schema\/logo\/image\/"},"sameAs":["https:\/\/x.com\/gastronomicamen"]},{"@type":"Person","@id":"https:\/\/gastronomicament.cat\/en\/#\/schema\/person\/a7c85c537a1ed62799a5b8e0f686a37f","name":"Redacci\u00f3","image":{"@type":"ImageObject","inLanguage":"en-US","@id":"https:\/\/secure.gravatar.com\/avatar\/9489a485c464fd611d33825daae651d13db70c4e74c65c94937a15a9d4c3ee14?s=96&d=mm&r=g69fea3cce3645dfa2166e7293e22955e","url":"https:\/\/secure.gravatar.com\/avatar\/9489a485c464fd611d33825daae651d13db70c4e74c65c94937a15a9d4c3ee14?s=96&d=mm&r=g","contentUrl":"https:\/\/secure.gravatar.com\/avatar\/9489a485c464fd611d33825daae651d13db70c4e74c65c94937a15a9d4c3ee14?s=96&d=mm&r=g","caption":"Redacci\u00f3"},"sameAs":["http:\/\/gastronomicament.cat"],"url":"https:\/\/gastronomicament.cat\/en\/author\/admin"}]}},"_links":{"self":[{"href":"https:\/\/gastronomicament.cat\/en\/wp-json\/wp\/v2\/posts\/91127","targetHints":{"allow":["GET"]}}],"collection":[{"href":"https:\/\/gastronomicament.cat\/en\/wp-json\/wp\/v2\/posts"}],"about":[{"href":"https:\/\/gastronomicament.cat\/en\/wp-json\/wp\/v2\/types\/post"}],"author":[{"embeddable":true,"href":"https:\/\/gastronomicament.cat\/en\/wp-json\/wp\/v2\/users\/1"}],"replies":[{"embeddable":true,"href":"https:\/\/gastronomicament.cat\/en\/wp-json\/wp\/v2\/comments?post=91127"}],"version-history":[{"count":0,"href":"https:\/\/gastronomicament.cat\/en\/wp-json\/wp\/v2\/posts\/91127\/revisions"}],"wp:featuredmedia":[{"embeddable":true,"href":"https:\/\/gastronomicament.cat\/en\/wp-json\/wp\/v2\/media\/91113"}],"wp:attachment":[{"href":"https:\/\/gastronomicament.cat\/en\/wp-json\/wp\/v2\/media?parent=91127"}],"wp:term":[{"taxonomy":"category","embeddable":true,"href":"https:\/\/gastronomicament.cat\/en\/wp-json\/wp\/v2\/categories?post=91127"},{"taxonomy":"post_tag","embeddable":true,"href":"https:\/\/gastronomicament.cat\/en\/wp-json\/wp\/v2\/tags?post=91127"},{"taxonomy":"author","embeddable":true,"href":"https:\/\/gastronomicament.cat\/en\/wp-json\/wp\/v2\/coauthors?post=91127"}],"curies":[{"name":"wp","href":"https:\/\/api.w.org\/{rel}","templated":true}]}}