{"id":91305,"date":"2024-09-30T10:48:03","date_gmt":"2024-09-30T08:48:03","guid":{"rendered":"https:\/\/gastronomicament.cat\/el-pas-de-lestudiant-2022"},"modified":"2024-09-30T11:08:53","modified_gmt":"2024-09-30T09:08:53","slug":"el-pas-de-lestudiant-2022","status":"publish","type":"post","link":"https:\/\/gastronomicament.cat\/en\/el-pas-de-lestudiant-2022","title":{"rendered":"El Pas de l&#8217;Estudiant 2022"},"content":{"rendered":"<p>Josep Grau va sentir l&#8217;impuls de tornar al seu origen des que va descobrir la seva passi\u00f3 pel vi. Va ser aix\u00ed com el 2003 es va assentar a Cap\u00e7anes (Catalunya), municipi en el qual va adquirir la seva primera vinya per elaborar vins emparats a la denominaci\u00f3 d&#8217;origen Montsant. Aquesta passi\u00f3, 21 anys despr\u00e9s, perdura i es torna m\u00e9s potent dia a dia. Ara, no sols atresora i recupera vinyes \u00faniques a Montsant i elabora vins que reflecteixen l&#8217;entorn, sin\u00f3 que tamb\u00e9 ho fa a la DOQ Priorat.<\/p>\n<p>Entre els vins amb els quals recupera el patrimoni vitivin\u00edcola de la DO Montsant hi ha\u00a0<strong>El Pas de l\u2019Estudiant<\/strong>, que, segons paraules de Josep Grau, \u00e9s fruit d\u2019\u201cun paratge de gran bellesa, a m\u00e9s de ser un dels m\u00e9s impactants del Priorat\u201d. El nom de la vinya, que tamb\u00e9 dona nom al vi, t\u00e9 el seu origen en el cam\u00ed que el creua per la seva part superior: un recorregut que feia di\u00e0riament a peu un nen de la Serra d\u2019Almos fins a Cap\u00e7anes per a anar a escola, a m\u00e9s de cinc quil\u00f2metres.<\/p>\n<p><strong>La nota de tast per Josep Grau<\/strong><\/p>\n<p>El vi El Pas de l&#8217;Estudiant 2022 est\u00e0 elaborat amb un 90% de garnatxa peluda, un 7 % de carinyena i un 3% de garnatxa blanca. &#8220;En la copa, el vi mostra una pres\u00e8ncia et\u00e8ria que ens embolica i ens omple d&#8217;aromes, fent present la fruita vermella que ens recorda les petites cireres del bosc que envolta el celler. A poc a poc, el vi creix fent-se absolutament gran, amb un equilibri meravell\u00f3s.<\/p>\n<p>\u00c9s un vi pur, net i vibrant, que ens mant\u00e9 atents a la seva evoluci\u00f3 en la copa i que desperta admiraci\u00f3 en cada minut que passa, per la seva complexitat. En boca, t\u00e9 gran profunditat, una cirera final que ens transmet la dimensi\u00f3 de la seva concentraci\u00f3, plena de finor&#8221;.<\/p>\n","protected":false},"excerpt":{"rendered":"<p>El Pas de l\u2019Estudiant \u00e9s el darrer projecte de recuperaci\u00f3 de Josep Grau, amb el qual&hellip;<\/p>\n","protected":false},"author":1,"featured_media":91312,"comment_status":"open","ping_status":"closed","sticky":false,"template":"","format":"gallery","meta":{"_acf_changed":false,"_swt_meta_header_display":false,"_swt_meta_footer_display":false,"_swt_meta_site_title_display":false,"_swt_meta_sticky_header":false,"_swt_meta_transparent_header":false,"footnotes":""},"categories":[1046,1512],"tags":[],"coauthors":[2053],"class_list":["post-91305","post","type-post","status-publish","format-gallery","has-post-thumbnail","hentry","category-actualitat-es-en","category-vinicola-actualitat-en","post_format-post-format-gallery"],"acf":{"gallery":null,"home_date":{"home_begin_date":null,"home_end_date":null}},"yoast_head":"<!-- This site is optimized with the Yoast SEO plugin v27.4 - https:\/\/yoast.com\/product\/yoast-seo-wordpress\/ -->\n<title>El Pas de l&#039;Estudiant 2022 - Gastron\u00f2micament<\/title>\n<meta name=\"description\" content=\"El Pas de l&#039;Estudiant 2022 Actualitat, Vin\u00edcola El Pas de l\u2019Estudiant \u00e9s el darrer projecte de recuperaci\u00f3 de Josep Grau, amb el qual demostra la seva implicaci\u00f3 amb el territori i amb la vinya\" \/>\n<meta name=\"robots\" content=\"index, follow, max-snippet:-1, max-image-preview:large, max-video-preview:-1\" \/>\n<link rel=\"canonical\" href=\"https:\/\/gastronomicament.cat\/en\/el-pas-de-lestudiant-2022\" \/>\n<meta property=\"og:locale\" content=\"en_US\" \/>\n<meta property=\"og:type\" content=\"article\" \/>\n<meta property=\"og:title\" content=\"El Pas de l&#039;Estudiant 2022 - Gastron\u00f2micament\" \/>\n<meta property=\"og:description\" content=\"El Pas de l&#039;Estudiant 2022 Actualitat, Vin\u00edcola El Pas de l\u2019Estudiant \u00e9s el darrer projecte de recuperaci\u00f3 de Josep Grau, amb el qual demostra la seva implicaci\u00f3 amb el territori i amb la vinya\" \/>\n<meta property=\"og:url\" content=\"https:\/\/gastronomicament.cat\/en\/el-pas-de-lestudiant-2022\" \/>\n<meta property=\"og:site_name\" content=\"Gastron\u00f2micament\" \/>\n<meta property=\"article:published_time\" content=\"2024-09-30T08:48:03+00:00\" \/>\n<meta property=\"article:modified_time\" content=\"2024-09-30T09:08:53+00:00\" \/>\n<meta property=\"og:image\" content=\"https:\/\/gastronomicament.cat\/wp-content\/uploads\/2024\/09\/resized-Vinicola-picture-1.jpg\" \/>\n\t<meta property=\"og:image:width\" content=\"1200\" \/>\n\t<meta property=\"og:image:height\" content=\"600\" \/>\n\t<meta property=\"og:image:type\" content=\"image\/jpeg\" \/>\n<meta name=\"author\" content=\"Redacci\u00f3\" \/>\n<meta name=\"twitter:card\" content=\"summary_large_image\" \/>\n<meta name=\"twitter:creator\" content=\"@gastronomicamen\" \/>\n<meta name=\"twitter:site\" content=\"@gastronomicamen\" \/>\n<meta name=\"twitter:label1\" content=\"Written by\" \/>\n\t<meta name=\"twitter:data1\" content=\"Redacci\u00f3\" \/>\n\t<meta name=\"twitter:label2\" content=\"Est. reading time\" \/>\n\t<meta name=\"twitter:data2\" content=\"2 minutes\" \/>\n<script type=\"application\/ld+json\" class=\"yoast-schema-graph\">{\"@context\":\"https:\\\/\\\/schema.org\",\"@graph\":[{\"@type\":\"Article\",\"@id\":\"https:\\\/\\\/gastronomicament.cat\\\/en\\\/el-pas-de-lestudiant-2022#article\",\"isPartOf\":{\"@id\":\"https:\\\/\\\/gastronomicament.cat\\\/en\\\/el-pas-de-lestudiant-2022\"},\"author\":{\"name\":\"Redacci\u00f3\",\"@id\":\"https:\\\/\\\/gastronomicament.cat\\\/en\\\/#\\\/schema\\\/person\\\/a7c85c537a1ed62799a5b8e0f686a37f\"},\"headline\":\"El Pas de l&#8217;Estudiant 2022\",\"datePublished\":\"2024-09-30T08:48:03+00:00\",\"dateModified\":\"2024-09-30T09:08:53+00:00\",\"mainEntityOfPage\":{\"@id\":\"https:\\\/\\\/gastronomicament.cat\\\/en\\\/el-pas-de-lestudiant-2022\"},\"wordCount\":328,\"commentCount\":0,\"publisher\":{\"@id\":\"https:\\\/\\\/gastronomicament.cat\\\/en\\\/#organization\"},\"image\":{\"@id\":\"https:\\\/\\\/gastronomicament.cat\\\/en\\\/el-pas-de-lestudiant-2022#primaryimage\"},\"thumbnailUrl\":\"https:\\\/\\\/gastronomicament.cat\\\/wp-content\\\/uploads\\\/2024\\\/09\\\/resized-Vinicola-picture-1.jpg\",\"articleSection\":[\"Actualitat\",\"Vin\u00edcola\"],\"inLanguage\":\"en-US\",\"potentialAction\":[{\"@type\":\"CommentAction\",\"name\":\"Comment\",\"target\":[\"https:\\\/\\\/gastronomicament.cat\\\/en\\\/el-pas-de-lestudiant-2022#respond\"]}]},{\"@type\":\"WebPage\",\"@id\":\"https:\\\/\\\/gastronomicament.cat\\\/en\\\/el-pas-de-lestudiant-2022\",\"url\":\"https:\\\/\\\/gastronomicament.cat\\\/en\\\/el-pas-de-lestudiant-2022\",\"name\":\"El Pas de l'Estudiant 2022 - Gastron\u00f2micament\",\"isPartOf\":{\"@id\":\"https:\\\/\\\/gastronomicament.cat\\\/en\\\/#website\"},\"primaryImageOfPage\":{\"@id\":\"https:\\\/\\\/gastronomicament.cat\\\/en\\\/el-pas-de-lestudiant-2022#primaryimage\"},\"image\":{\"@id\":\"https:\\\/\\\/gastronomicament.cat\\\/en\\\/el-pas-de-lestudiant-2022#primaryimage\"},\"thumbnailUrl\":\"https:\\\/\\\/gastronomicament.cat\\\/wp-content\\\/uploads\\\/2024\\\/09\\\/resized-Vinicola-picture-1.jpg\",\"datePublished\":\"2024-09-30T08:48:03+00:00\",\"dateModified\":\"2024-09-30T09:08:53+00:00\",\"description\":\"El Pas de l'Estudiant 2022 Actualitat, Vin\u00edcola El Pas de l\u2019Estudiant \u00e9s el darrer projecte de recuperaci\u00f3 de Josep Grau, amb el qual demostra la seva implicaci\u00f3 amb el territori i amb la vinya\",\"inLanguage\":\"en-US\",\"potentialAction\":[{\"@type\":\"ReadAction\",\"target\":[\"https:\\\/\\\/gastronomicament.cat\\\/en\\\/el-pas-de-lestudiant-2022\"]}]},{\"@type\":\"ImageObject\",\"inLanguage\":\"en-US\",\"@id\":\"https:\\\/\\\/gastronomicament.cat\\\/en\\\/el-pas-de-lestudiant-2022#primaryimage\",\"url\":\"https:\\\/\\\/gastronomicament.cat\\\/wp-content\\\/uploads\\\/2024\\\/09\\\/resized-Vinicola-picture-1.jpg\",\"contentUrl\":\"https:\\\/\\\/gastronomicament.cat\\\/wp-content\\\/uploads\\\/2024\\\/09\\\/resized-Vinicola-picture-1.jpg\",\"width\":1200,\"height\":600},{\"@type\":\"WebSite\",\"@id\":\"https:\\\/\\\/gastronomicament.cat\\\/en\\\/#website\",\"url\":\"https:\\\/\\\/gastronomicament.cat\\\/en\\\/\",\"name\":\"Gastron\u00f2micament\",\"description\":\"Portal de restaurants, receptes i actualitat gastron\u00f2mica\",\"publisher\":{\"@id\":\"https:\\\/\\\/gastronomicament.cat\\\/en\\\/#organization\"},\"potentialAction\":[{\"@type\":\"SearchAction\",\"target\":{\"@type\":\"EntryPoint\",\"urlTemplate\":\"https:\\\/\\\/gastronomicament.cat\\\/en\\\/?s={search_term_string}\"},\"query-input\":{\"@type\":\"PropertyValueSpecification\",\"valueRequired\":true,\"valueName\":\"search_term_string\"}}],\"inLanguage\":\"en-US\"},{\"@type\":\"Organization\",\"@id\":\"https:\\\/\\\/gastronomicament.cat\\\/en\\\/#organization\",\"name\":\"Gastron\u00f2micament\",\"url\":\"https:\\\/\\\/gastronomicament.cat\\\/en\\\/\",\"logo\":{\"@type\":\"ImageObject\",\"inLanguage\":\"en-US\",\"@id\":\"https:\\\/\\\/gastronomicament.cat\\\/en\\\/#\\\/schema\\\/logo\\\/image\\\/\",\"url\":\"https:\\\/\\\/gastronomicament.cat\\\/wp-content\\\/uploads\\\/2016\\\/09\\\/header-logo.jpg\",\"contentUrl\":\"https:\\\/\\\/gastronomicament.cat\\\/wp-content\\\/uploads\\\/2016\\\/09\\\/header-logo.jpg\",\"width\":277,\"height\":39,\"caption\":\"Gastron\u00f2micament\"},\"image\":{\"@id\":\"https:\\\/\\\/gastronomicament.cat\\\/en\\\/#\\\/schema\\\/logo\\\/image\\\/\"},\"sameAs\":[\"https:\\\/\\\/x.com\\\/gastronomicamen\"]},{\"@type\":\"Person\",\"@id\":\"https:\\\/\\\/gastronomicament.cat\\\/en\\\/#\\\/schema\\\/person\\\/a7c85c537a1ed62799a5b8e0f686a37f\",\"name\":\"Redacci\u00f3\",\"image\":{\"@type\":\"ImageObject\",\"inLanguage\":\"en-US\",\"@id\":\"https:\\\/\\\/secure.gravatar.com\\\/avatar\\\/9489a485c464fd611d33825daae651d13db70c4e74c65c94937a15a9d4c3ee14?s=96&d=mm&r=g69fea3cce3645dfa2166e7293e22955e\",\"url\":\"https:\\\/\\\/secure.gravatar.com\\\/avatar\\\/9489a485c464fd611d33825daae651d13db70c4e74c65c94937a15a9d4c3ee14?s=96&d=mm&r=g\",\"contentUrl\":\"https:\\\/\\\/secure.gravatar.com\\\/avatar\\\/9489a485c464fd611d33825daae651d13db70c4e74c65c94937a15a9d4c3ee14?s=96&d=mm&r=g\",\"caption\":\"Redacci\u00f3\"},\"sameAs\":[\"http:\\\/\\\/gastronomicament.cat\"],\"url\":\"https:\\\/\\\/gastronomicament.cat\\\/en\\\/author\\\/admin\"}]}<\/script>\n<!-- \/ Yoast SEO plugin. -->","yoast_head_json":{"title":"El Pas de l'Estudiant 2022 - Gastron\u00f2micament","description":"El Pas de l'Estudiant 2022 Actualitat, Vin\u00edcola El Pas de l\u2019Estudiant \u00e9s el darrer projecte de recuperaci\u00f3 de Josep Grau, amb el qual demostra la seva implicaci\u00f3 amb el territori i amb la vinya","robots":{"index":"index","follow":"follow","max-snippet":"max-snippet:-1","max-image-preview":"max-image-preview:large","max-video-preview":"max-video-preview:-1"},"canonical":"https:\/\/gastronomicament.cat\/en\/el-pas-de-lestudiant-2022","og_locale":"en_US","og_type":"article","og_title":"El Pas de l'Estudiant 2022 - Gastron\u00f2micament","og_description":"El Pas de l'Estudiant 2022 Actualitat, Vin\u00edcola El Pas de l\u2019Estudiant \u00e9s el darrer projecte de recuperaci\u00f3 de Josep Grau, amb el qual demostra la seva implicaci\u00f3 amb el territori i amb la vinya","og_url":"https:\/\/gastronomicament.cat\/en\/el-pas-de-lestudiant-2022","og_site_name":"Gastron\u00f2micament","article_published_time":"2024-09-30T08:48:03+00:00","article_modified_time":"2024-09-30T09:08:53+00:00","og_image":[{"width":1200,"height":600,"url":"https:\/\/gastronomicament.cat\/wp-content\/uploads\/2024\/09\/resized-Vinicola-picture-1.jpg","type":"image\/jpeg"}],"author":"Redacci\u00f3","twitter_card":"summary_large_image","twitter_creator":"@gastronomicamen","twitter_site":"@gastronomicamen","twitter_misc":{"Written by":"Redacci\u00f3","Est. reading time":"2 minutes"},"schema":{"@context":"https:\/\/schema.org","@graph":[{"@type":"Article","@id":"https:\/\/gastronomicament.cat\/en\/el-pas-de-lestudiant-2022#article","isPartOf":{"@id":"https:\/\/gastronomicament.cat\/en\/el-pas-de-lestudiant-2022"},"author":{"name":"Redacci\u00f3","@id":"https:\/\/gastronomicament.cat\/en\/#\/schema\/person\/a7c85c537a1ed62799a5b8e0f686a37f"},"headline":"El Pas de l&#8217;Estudiant 2022","datePublished":"2024-09-30T08:48:03+00:00","dateModified":"2024-09-30T09:08:53+00:00","mainEntityOfPage":{"@id":"https:\/\/gastronomicament.cat\/en\/el-pas-de-lestudiant-2022"},"wordCount":328,"commentCount":0,"publisher":{"@id":"https:\/\/gastronomicament.cat\/en\/#organization"},"image":{"@id":"https:\/\/gastronomicament.cat\/en\/el-pas-de-lestudiant-2022#primaryimage"},"thumbnailUrl":"https:\/\/gastronomicament.cat\/wp-content\/uploads\/2024\/09\/resized-Vinicola-picture-1.jpg","articleSection":["Actualitat","Vin\u00edcola"],"inLanguage":"en-US","potentialAction":[{"@type":"CommentAction","name":"Comment","target":["https:\/\/gastronomicament.cat\/en\/el-pas-de-lestudiant-2022#respond"]}]},{"@type":"WebPage","@id":"https:\/\/gastronomicament.cat\/en\/el-pas-de-lestudiant-2022","url":"https:\/\/gastronomicament.cat\/en\/el-pas-de-lestudiant-2022","name":"El Pas de l'Estudiant 2022 - Gastron\u00f2micament","isPartOf":{"@id":"https:\/\/gastronomicament.cat\/en\/#website"},"primaryImageOfPage":{"@id":"https:\/\/gastronomicament.cat\/en\/el-pas-de-lestudiant-2022#primaryimage"},"image":{"@id":"https:\/\/gastronomicament.cat\/en\/el-pas-de-lestudiant-2022#primaryimage"},"thumbnailUrl":"https:\/\/gastronomicament.cat\/wp-content\/uploads\/2024\/09\/resized-Vinicola-picture-1.jpg","datePublished":"2024-09-30T08:48:03+00:00","dateModified":"2024-09-30T09:08:53+00:00","description":"El Pas de l'Estudiant 2022 Actualitat, Vin\u00edcola El Pas de l\u2019Estudiant \u00e9s el darrer projecte de recuperaci\u00f3 de Josep Grau, amb el qual demostra la seva implicaci\u00f3 amb el territori i amb la vinya","inLanguage":"en-US","potentialAction":[{"@type":"ReadAction","target":["https:\/\/gastronomicament.cat\/en\/el-pas-de-lestudiant-2022"]}]},{"@type":"ImageObject","inLanguage":"en-US","@id":"https:\/\/gastronomicament.cat\/en\/el-pas-de-lestudiant-2022#primaryimage","url":"https:\/\/gastronomicament.cat\/wp-content\/uploads\/2024\/09\/resized-Vinicola-picture-1.jpg","contentUrl":"https:\/\/gastronomicament.cat\/wp-content\/uploads\/2024\/09\/resized-Vinicola-picture-1.jpg","width":1200,"height":600},{"@type":"WebSite","@id":"https:\/\/gastronomicament.cat\/en\/#website","url":"https:\/\/gastronomicament.cat\/en\/","name":"Gastron\u00f2micament","description":"Portal de restaurants, receptes i actualitat gastron\u00f2mica","publisher":{"@id":"https:\/\/gastronomicament.cat\/en\/#organization"},"potentialAction":[{"@type":"SearchAction","target":{"@type":"EntryPoint","urlTemplate":"https:\/\/gastronomicament.cat\/en\/?s={search_term_string}"},"query-input":{"@type":"PropertyValueSpecification","valueRequired":true,"valueName":"search_term_string"}}],"inLanguage":"en-US"},{"@type":"Organization","@id":"https:\/\/gastronomicament.cat\/en\/#organization","name":"Gastron\u00f2micament","url":"https:\/\/gastronomicament.cat\/en\/","logo":{"@type":"ImageObject","inLanguage":"en-US","@id":"https:\/\/gastronomicament.cat\/en\/#\/schema\/logo\/image\/","url":"https:\/\/gastronomicament.cat\/wp-content\/uploads\/2016\/09\/header-logo.jpg","contentUrl":"https:\/\/gastronomicament.cat\/wp-content\/uploads\/2016\/09\/header-logo.jpg","width":277,"height":39,"caption":"Gastron\u00f2micament"},"image":{"@id":"https:\/\/gastronomicament.cat\/en\/#\/schema\/logo\/image\/"},"sameAs":["https:\/\/x.com\/gastronomicamen"]},{"@type":"Person","@id":"https:\/\/gastronomicament.cat\/en\/#\/schema\/person\/a7c85c537a1ed62799a5b8e0f686a37f","name":"Redacci\u00f3","image":{"@type":"ImageObject","inLanguage":"en-US","@id":"https:\/\/secure.gravatar.com\/avatar\/9489a485c464fd611d33825daae651d13db70c4e74c65c94937a15a9d4c3ee14?s=96&d=mm&r=g69fea3cce3645dfa2166e7293e22955e","url":"https:\/\/secure.gravatar.com\/avatar\/9489a485c464fd611d33825daae651d13db70c4e74c65c94937a15a9d4c3ee14?s=96&d=mm&r=g","contentUrl":"https:\/\/secure.gravatar.com\/avatar\/9489a485c464fd611d33825daae651d13db70c4e74c65c94937a15a9d4c3ee14?s=96&d=mm&r=g","caption":"Redacci\u00f3"},"sameAs":["http:\/\/gastronomicament.cat"],"url":"https:\/\/gastronomicament.cat\/en\/author\/admin"}]}},"_links":{"self":[{"href":"https:\/\/gastronomicament.cat\/en\/wp-json\/wp\/v2\/posts\/91305","targetHints":{"allow":["GET"]}}],"collection":[{"href":"https:\/\/gastronomicament.cat\/en\/wp-json\/wp\/v2\/posts"}],"about":[{"href":"https:\/\/gastronomicament.cat\/en\/wp-json\/wp\/v2\/types\/post"}],"author":[{"embeddable":true,"href":"https:\/\/gastronomicament.cat\/en\/wp-json\/wp\/v2\/users\/1"}],"replies":[{"embeddable":true,"href":"https:\/\/gastronomicament.cat\/en\/wp-json\/wp\/v2\/comments?post=91305"}],"version-history":[{"count":0,"href":"https:\/\/gastronomicament.cat\/en\/wp-json\/wp\/v2\/posts\/91305\/revisions"}],"wp:featuredmedia":[{"embeddable":true,"href":"https:\/\/gastronomicament.cat\/en\/wp-json\/wp\/v2\/media\/91312"}],"wp:attachment":[{"href":"https:\/\/gastronomicament.cat\/en\/wp-json\/wp\/v2\/media?parent=91305"}],"wp:term":[{"taxonomy":"category","embeddable":true,"href":"https:\/\/gastronomicament.cat\/en\/wp-json\/wp\/v2\/categories?post=91305"},{"taxonomy":"post_tag","embeddable":true,"href":"https:\/\/gastronomicament.cat\/en\/wp-json\/wp\/v2\/tags?post=91305"},{"taxonomy":"author","embeddable":true,"href":"https:\/\/gastronomicament.cat\/en\/wp-json\/wp\/v2\/coauthors?post=91305"}],"curies":[{"name":"wp","href":"https:\/\/api.w.org\/{rel}","templated":true}]}}