{"id":91391,"date":"2024-10-03T10:16:06","date_gmt":"2024-10-03T08:16:06","guid":{"rendered":"https:\/\/gastronomicament.cat\/sus-a-la-mostra-calvia"},"modified":"2024-10-03T10:40:26","modified_gmt":"2024-10-03T08:40:26","slug":"sus-a-la-mostra-calvia","status":"publish","type":"post","link":"https:\/\/gastronomicament.cat\/en\/sus-a-la-mostra-calvia","title":{"rendered":"Sus a La Mostra Calvi\u00e0"},"content":{"rendered":"<p>Aquest cap de setmana, Calvi\u00e0 dona el sus a la <strong>Mostra Calvi\u00e0<\/strong>, una activitat que permet con\u00e8ixer la riquesa culin\u00e0ria del municipi a trav\u00e9s de men\u00fas que els restaurants elaboren expressament.<\/p>\n<p>La cita <strong>permet con\u00e8ixer l&#8217;oferta gastron\u00f2mica de Calvi\u00e0<\/strong> i fer un recorregut ben gust\u00f3s per les diferents zones i nuclis del municipi. L&#8217;Ajuntament de Calvi\u00e0 continua, d&#8217;aquesta manera, donant suport per desastacionalitzar la temporada i atreure tant el p\u00fablic local com el visitant.<\/p>\n<p>En aquesta edici\u00f3 2024, hi haur\u00e0 diferents modalitats perqu\u00e8 tant restaurants com clients puguin trobar l\u2019opci\u00f3 que millor s\u2019adapti a les seves prefer\u00e8ncies o necessitats. Aix\u00ed, les modalitats de La Mostra Calvi\u00e0 s\u00f3n:<\/p>\n<p>\u2022 <strong>Men\u00fa Mostra Calvi\u00e0<\/strong>: \u00e9s la modalitat cl\u00e0ssica. Aqu\u00ed hi haur\u00e0 men\u00fas complets (entrant, plat principal, postres i beguda) a un preu que pot ser de 18 \u20ac, 22 \u20ac o 35 \u20ac.<br \/>\n\u2022 <strong>Men\u00fa Mostra del Dia<\/strong>: amb aquesta nova modalitat s&#8217;oferiran men\u00fas composts per un plat del dia, postres i beguda a un preu inferior a 18 \u20ac.<br \/>\n\u2022 <strong>Men\u00fa Gastro Calvi\u00e0<\/strong>: odalitat que neix l&#8217;abril 2024 amb la intenci\u00f3 de donar cabuda als men\u00fas degustaci\u00f3, amb format a triar pel propi restaurant i amb un preu superior a 50\u20ac.<\/p>\n<p>La Mostra Calvi\u00e0 es dur\u00e0 a terme a 4 grans zones, cada cap de setmana del mes d&#8217;octubre. Les dates i localitzacions d\u2019aquesta edici\u00f3 de tardor 2024 s\u00f3n:<\/p>\n<p>\u2022 <strong>Zona 1<\/strong>. Del 4 al 6 d\u2019octubre 2024: Cas Catal\u00e0, Illetes, Bendinat, Portals Nous, Costa d\u2019en Blanes, Son Caliu<br \/>\n\u2022 <strong>Zona 2<\/strong>. De l\u201911 al 13 d\u2019octubre 2024: Palmanova, Magaluf<br \/>\n\u2022 <strong>Zona 3<\/strong>. Del 18 al 20 d\u2019octubre 2024: Santa Pon\u00e7a, Costa de la Calma, Son Bugadelles<br \/>\n\u2022 <strong>Zona 4<\/strong>. Del 25 al 27 d\u2019octubre 2024: Peguera, Cala Fornells, Calvi\u00e0, Es Capdell\u00e0, El Toro, Son Fe<\/p>\n<p>Teniu tota la informaci\u00f3 a: <a href=\"https:\/\/visitcalvia.org\/ca\/la-mostra-calvia\/\" target=\"_blank\" rel=\"noopener\">La mostra de Cuina de Calvi\u00e0<\/a><\/p>\n<p>A continuaci\u00f3 teniu els restaurants i els men\u00fas que s&#8217;ofereixen a la zona 1:<\/p>\n<div class=\"paper\"><strong>SMP BISTRO BAR<\/strong><br \/>\n<a href=\"https:\/\/www.google.cat\/maps\/place\/Smp+Bistr%C3%B3+Bar\/@39.5477404,2.5816223,538m\/data=!3m3!1e3!4b1!5s0x12978dd3d7e47b31:0xb1809cd47b25ff83!4m6!3m5!1s0x12978d084a94096d:0xfff03326ed9f577!8m2!3d39.5477363!4d2.5841972!16s%2Fg%2F11vm08rv7n?entry=ttu&amp;g_ep=EgoyMDI0MDkzMC4wIKXMDSoASAFQAw%3D%3D\">Carrer de Campoamor, 1. Cas Catal\u00e0. Calvi\u00e0 <\/a><br \/>\nTel\u00e8fon: +34 871 03 38 05<\/p>\n<p>Entrant<br \/>\n&#8211; T\u00e0rtar de salm\u00f3, ceba morada, tom\u00e0quet, mango, alvocat, alga cruixent i amaniment asi\u00e0tic.<br \/>\n&#8211; Steak t\u00e0rtar, adobats, mostassa i pa de vidre.<br \/>\n&#8211; Amanida de burrata, ruca, tomatigons, pernil ib\u00e8ric, pesto i pols de pistatxo<\/p>\n<p>Plat principal<br \/>\n&#8211; Galtes de porc en el seu suc sobre crem\u00f3s de patata<br \/>\n&#8211; Llu\u00e7 sobre guisat suau de verdures de temporada<br \/>\n&#8211; Fals rissoto de blat tendre amb bolets i esp\u00e0rrecs<\/p>\n<p>Postres<br \/>\n&#8211; Past\u00eds de formatge amb fruits vermells<\/p>\n<p>Beguda<br \/>\n&#8211; A triar<\/p>\n<p>Reservau amb antelaci\u00f3<br \/>\nPreu: 35 \u20ac<\/p>\n<\/div>\n<div class=\"paper\"><strong>MES\u00d3N SON CALIU<\/strong><br \/>\n<a href=\"http:\/\/av.%20son%20caliu%2C%201%20%28son%20caliu%29%20-%20971680086\/\">Av. Son Caliu, 1 (Son Caliu)<\/a><br \/>\nTel\u00e8fon: +34 971 68 00 86<\/p>\n<p>Entrant<br \/>\n&#8211; Involtini de carbass\u00f3 i bacall\u00e0 amb crema de formatge<br \/>\n&#8211; Mascarpone<\/p>\n<p>Plat principal<br \/>\n-Cuixa de cabrit cuinada 12 hores a roner a molt baixa temperatura<\/p>\n<p>Postres<br \/>\nPast\u00eds casol\u00e0 de tiramis\u00fa amb terra de xocolata belga<\/p>\n<p>Beguda<br \/>\nCopa de vi Rioja, aigua, canya o refresc<\/p>\n<p>Reservau amb antelaci\u00f3<br \/>\nPreu: 22 \u20ac<\/p><\/div>\n<div class=\"paper\"><strong>COLLINS<\/strong><br \/>\n<a href=\"https:\/\/www.google.cat\/maps\/place\/Collins\/@39.5377365,2.573133,17z\/data=!3m1!4b1!4m6!3m5!1s0x12978fc580b71333:0xbd635e871abccdcb!8m2!3d39.5377365!4d2.573133!16s%2Fg%2F11gtr8lyv9?entry=ttu&amp;g_ep=EgoyMDI0MDkzMC4wIKXMDSoASAFQAw%3D%3D\">Carrer\u00a0Segu\u00ed, 4 (Portals Nous)\u00a0<\/a><br \/>\nTel\u00e8fon: +34 971 67 90 40<\/p>\n<p>Entrant<br \/>\n&#8211; Amanida thai<\/p>\n<p>Principal<br \/>\n&#8211; 1\u20442 entrecot de rossa gallega amb arepa de blat de moro casol\u00e0.<br \/>\n&#8211; 1\u20442 Pop amb crem\u00f3s de parmentier<\/p>\n<p>Postres<br \/>\n&#8211; Pinya rostida a la llenya al rom vene\u00e7ol\u00e0<\/p>\n<p>Beguda<br \/>\n&#8211; 1 ampolla d&#8217;aigua + 1 copa de vi Mem\u00f2ries de Biniagual (blanc o negre)<\/p>\n<p>Tot el men\u00fa, a excepci\u00f3 de l&#8217;entrant, es cuina a la nostra BBQ OFYR amb llenya d&#8217;alzina<br \/>\nPreu: 50 \u20ac<\/p>\n<\/div>\n<div class=\"paper\"><strong>LA ESCAMA<\/strong><br \/>\n<a href=\"https:\/\/www.google.cat\/maps\/place\/Collins\/@39.5377365,2.573133,538m\/data=!3m2!1e3!4b1!4m6!3m5!1s0x12978fc580b71333:0xbd635e871abccdcb!8m2!3d39.5377365!4d2.573133!16s%2Fg%2F11gtr8lyv9?entry=ttu&amp;g_ep=EgoyMDI0MDkzMC4wIKXMDSoASAFQAw%3D%3D\">Passeig Illetes, 97 (Illetes)<\/a><br \/>\nTel\u00e8fon: +34 871 05 64 54<\/p>\n<p>Entrant<br \/>\n&#8211; Alberg\u00ednia torrada sobre hummus de ciurons amb guarnici\u00f3 de formatge feta, cebes adobades, llavors de s\u00e8sam i salsa de iogurt a les herbes (demanau per l&#8217;opci\u00f3 vegana)<br \/>\no<br \/>\n&#8211; Calamar en 2 textures amb guarniment acebitxat i base de carbassa rostida<\/p>\n<p>Principal<br \/>\n&#8211; Filets de llobarro a la planxa en un llit de verdures rostides, emulsi\u00f3 d&#8217;oli d&#8217;oliva verge extra amb all i julivert, rematat amb mantega a les fines herbes<br \/>\no<br \/>\n&#8211; Carr\u00e9 de xot a la graella en llit de pur\u00e9, sal maldon i roman\u00ed fresc<\/p>\n<p>Postres<br \/>\n&#8211; P\u00fading d&#8217;ensa\u00efmada o past\u00eds de formatge amb fruites del bosc<\/p>\n<p>Beguda<br \/>\n&#8211; Inclou una copa de vi blanc o negre<\/p>\n<p>Reservau amb antelaci\u00f3<br \/>\nPreu: 55 \u20ac<\/p><\/div>\n","protected":false},"excerpt":{"rendered":"<p>L&#8217;edici\u00f3 de tardor es dur\u00e0 a terme el mes d&#8217;octubre a quatre zones diferents del municipi<\/p>\n","protected":false},"author":1,"featured_media":91387,"comment_status":"open","ping_status":"closed","sticky":false,"template":"","format":"standard","meta":{"_acf_changed":false,"_swt_meta_header_display":false,"_swt_meta_footer_display":false,"_swt_meta_site_title_display":false,"_swt_meta_sticky_header":false,"_swt_meta_transparent_header":false,"footnotes":""},"categories":[1046,1475],"tags":[],"coauthors":[2053],"class_list":["post-91391","post","type-post","status-publish","format-standard","has-post-thumbnail","hentry","category-actualitat-es-en","category-reportatges-i-novetats-en"],"acf":{"gallery":null,"home_date":{"home_begin_date":null,"home_end_date":null}},"yoast_head":"<!-- This site is optimized with the Yoast SEO plugin v27.4 - https:\/\/yoast.com\/product\/yoast-seo-wordpress\/ -->\n<title>Sus a La Mostra Calvi\u00e0 - Gastron\u00f2micament<\/title>\n<meta name=\"description\" content=\"Sus a La Mostra Calvi\u00e0 Actualitat, Reportatges i novetats L&#039;edici\u00f3 de tardor es dur\u00e0 a terme el mes d&#039;octubre a quatre zones diferents del municipi\" \/>\n<meta name=\"robots\" content=\"index, follow, max-snippet:-1, max-image-preview:large, max-video-preview:-1\" \/>\n<link rel=\"canonical\" href=\"https:\/\/gastronomicament.cat\/en\/sus-a-la-mostra-calvia\" \/>\n<meta property=\"og:locale\" content=\"en_US\" \/>\n<meta property=\"og:type\" content=\"article\" \/>\n<meta property=\"og:title\" content=\"Sus a La Mostra Calvi\u00e0 - Gastron\u00f2micament\" \/>\n<meta property=\"og:description\" content=\"Sus a La Mostra Calvi\u00e0 Actualitat, Reportatges i novetats L&#039;edici\u00f3 de tardor es dur\u00e0 a terme el mes d&#039;octubre a quatre zones diferents del municipi\" \/>\n<meta property=\"og:url\" content=\"https:\/\/gastronomicament.cat\/en\/sus-a-la-mostra-calvia\" \/>\n<meta property=\"og:site_name\" content=\"Gastron\u00f2micament\" \/>\n<meta property=\"article:published_time\" content=\"2024-10-03T08:16:06+00:00\" \/>\n<meta property=\"article:modified_time\" content=\"2024-10-03T08:40:26+00:00\" \/>\n<meta property=\"og:image\" content=\"https:\/\/gastronomicament.cat\/wp-content\/uploads\/2024\/10\/La-Mostra-Calvia-2024-restaurants-menus.png\" \/>\n\t<meta property=\"og:image:width\" content=\"1280\" \/>\n\t<meta property=\"og:image:height\" content=\"580\" \/>\n\t<meta property=\"og:image:type\" content=\"image\/png\" \/>\n<meta name=\"author\" content=\"Redacci\u00f3\" \/>\n<meta name=\"twitter:card\" content=\"summary_large_image\" \/>\n<meta name=\"twitter:creator\" content=\"@gastronomicamen\" \/>\n<meta name=\"twitter:site\" content=\"@gastronomicamen\" \/>\n<meta name=\"twitter:label1\" content=\"Written by\" \/>\n\t<meta name=\"twitter:data1\" content=\"Redacci\u00f3\" \/>\n\t<meta name=\"twitter:label2\" content=\"Est. reading time\" \/>\n\t<meta name=\"twitter:data2\" content=\"4 minutes\" \/>\n<script type=\"application\/ld+json\" class=\"yoast-schema-graph\">{\"@context\":\"https:\\\/\\\/schema.org\",\"@graph\":[{\"@type\":\"Article\",\"@id\":\"https:\\\/\\\/gastronomicament.cat\\\/en\\\/sus-a-la-mostra-calvia#article\",\"isPartOf\":{\"@id\":\"https:\\\/\\\/gastronomicament.cat\\\/en\\\/sus-a-la-mostra-calvia\"},\"author\":{\"name\":\"Redacci\u00f3\",\"@id\":\"https:\\\/\\\/gastronomicament.cat\\\/en\\\/#\\\/schema\\\/person\\\/a7c85c537a1ed62799a5b8e0f686a37f\"},\"headline\":\"Sus a La Mostra Calvi\u00e0\",\"datePublished\":\"2024-10-03T08:16:06+00:00\",\"dateModified\":\"2024-10-03T08:40:26+00:00\",\"mainEntityOfPage\":{\"@id\":\"https:\\\/\\\/gastronomicament.cat\\\/en\\\/sus-a-la-mostra-calvia\"},\"wordCount\":680,\"commentCount\":0,\"publisher\":{\"@id\":\"https:\\\/\\\/gastronomicament.cat\\\/en\\\/#organization\"},\"image\":{\"@id\":\"https:\\\/\\\/gastronomicament.cat\\\/en\\\/sus-a-la-mostra-calvia#primaryimage\"},\"thumbnailUrl\":\"https:\\\/\\\/gastronomicament.cat\\\/wp-content\\\/uploads\\\/2024\\\/10\\\/La-Mostra-Calvia-2024-restaurants-menus.png\",\"articleSection\":[\"Actualitat\",\"Reportatges i novetats\"],\"inLanguage\":\"en-US\",\"potentialAction\":[{\"@type\":\"CommentAction\",\"name\":\"Comment\",\"target\":[\"https:\\\/\\\/gastronomicament.cat\\\/en\\\/sus-a-la-mostra-calvia#respond\"]}]},{\"@type\":\"WebPage\",\"@id\":\"https:\\\/\\\/gastronomicament.cat\\\/en\\\/sus-a-la-mostra-calvia\",\"url\":\"https:\\\/\\\/gastronomicament.cat\\\/en\\\/sus-a-la-mostra-calvia\",\"name\":\"Sus a La Mostra Calvi\u00e0 - Gastron\u00f2micament\",\"isPartOf\":{\"@id\":\"https:\\\/\\\/gastronomicament.cat\\\/en\\\/#website\"},\"primaryImageOfPage\":{\"@id\":\"https:\\\/\\\/gastronomicament.cat\\\/en\\\/sus-a-la-mostra-calvia#primaryimage\"},\"image\":{\"@id\":\"https:\\\/\\\/gastronomicament.cat\\\/en\\\/sus-a-la-mostra-calvia#primaryimage\"},\"thumbnailUrl\":\"https:\\\/\\\/gastronomicament.cat\\\/wp-content\\\/uploads\\\/2024\\\/10\\\/La-Mostra-Calvia-2024-restaurants-menus.png\",\"datePublished\":\"2024-10-03T08:16:06+00:00\",\"dateModified\":\"2024-10-03T08:40:26+00:00\",\"description\":\"Sus a La Mostra Calvi\u00e0 Actualitat, Reportatges i novetats L'edici\u00f3 de tardor es dur\u00e0 a terme el mes d'octubre a quatre zones diferents del municipi\",\"inLanguage\":\"en-US\",\"potentialAction\":[{\"@type\":\"ReadAction\",\"target\":[\"https:\\\/\\\/gastronomicament.cat\\\/en\\\/sus-a-la-mostra-calvia\"]}]},{\"@type\":\"ImageObject\",\"inLanguage\":\"en-US\",\"@id\":\"https:\\\/\\\/gastronomicament.cat\\\/en\\\/sus-a-la-mostra-calvia#primaryimage\",\"url\":\"https:\\\/\\\/gastronomicament.cat\\\/wp-content\\\/uploads\\\/2024\\\/10\\\/La-Mostra-Calvia-2024-restaurants-menus.png\",\"contentUrl\":\"https:\\\/\\\/gastronomicament.cat\\\/wp-content\\\/uploads\\\/2024\\\/10\\\/La-Mostra-Calvia-2024-restaurants-menus.png\",\"width\":1280,\"height\":580},{\"@type\":\"WebSite\",\"@id\":\"https:\\\/\\\/gastronomicament.cat\\\/en\\\/#website\",\"url\":\"https:\\\/\\\/gastronomicament.cat\\\/en\\\/\",\"name\":\"Gastron\u00f2micament\",\"description\":\"Portal de restaurants, receptes i actualitat gastron\u00f2mica\",\"publisher\":{\"@id\":\"https:\\\/\\\/gastronomicament.cat\\\/en\\\/#organization\"},\"potentialAction\":[{\"@type\":\"SearchAction\",\"target\":{\"@type\":\"EntryPoint\",\"urlTemplate\":\"https:\\\/\\\/gastronomicament.cat\\\/en\\\/?s={search_term_string}\"},\"query-input\":{\"@type\":\"PropertyValueSpecification\",\"valueRequired\":true,\"valueName\":\"search_term_string\"}}],\"inLanguage\":\"en-US\"},{\"@type\":\"Organization\",\"@id\":\"https:\\\/\\\/gastronomicament.cat\\\/en\\\/#organization\",\"name\":\"Gastron\u00f2micament\",\"url\":\"https:\\\/\\\/gastronomicament.cat\\\/en\\\/\",\"logo\":{\"@type\":\"ImageObject\",\"inLanguage\":\"en-US\",\"@id\":\"https:\\\/\\\/gastronomicament.cat\\\/en\\\/#\\\/schema\\\/logo\\\/image\\\/\",\"url\":\"https:\\\/\\\/gastronomicament.cat\\\/wp-content\\\/uploads\\\/2016\\\/09\\\/header-logo.jpg\",\"contentUrl\":\"https:\\\/\\\/gastronomicament.cat\\\/wp-content\\\/uploads\\\/2016\\\/09\\\/header-logo.jpg\",\"width\":277,\"height\":39,\"caption\":\"Gastron\u00f2micament\"},\"image\":{\"@id\":\"https:\\\/\\\/gastronomicament.cat\\\/en\\\/#\\\/schema\\\/logo\\\/image\\\/\"},\"sameAs\":[\"https:\\\/\\\/x.com\\\/gastronomicamen\"]},{\"@type\":\"Person\",\"@id\":\"https:\\\/\\\/gastronomicament.cat\\\/en\\\/#\\\/schema\\\/person\\\/a7c85c537a1ed62799a5b8e0f686a37f\",\"name\":\"Redacci\u00f3\",\"image\":{\"@type\":\"ImageObject\",\"inLanguage\":\"en-US\",\"@id\":\"https:\\\/\\\/secure.gravatar.com\\\/avatar\\\/9489a485c464fd611d33825daae651d13db70c4e74c65c94937a15a9d4c3ee14?s=96&d=mm&r=g69fea3cce3645dfa2166e7293e22955e\",\"url\":\"https:\\\/\\\/secure.gravatar.com\\\/avatar\\\/9489a485c464fd611d33825daae651d13db70c4e74c65c94937a15a9d4c3ee14?s=96&d=mm&r=g\",\"contentUrl\":\"https:\\\/\\\/secure.gravatar.com\\\/avatar\\\/9489a485c464fd611d33825daae651d13db70c4e74c65c94937a15a9d4c3ee14?s=96&d=mm&r=g\",\"caption\":\"Redacci\u00f3\"},\"sameAs\":[\"http:\\\/\\\/gastronomicament.cat\"],\"url\":\"https:\\\/\\\/gastronomicament.cat\\\/en\\\/author\\\/admin\"}]}<\/script>\n<!-- \/ Yoast SEO plugin. -->","yoast_head_json":{"title":"Sus a La Mostra Calvi\u00e0 - Gastron\u00f2micament","description":"Sus a La Mostra Calvi\u00e0 Actualitat, Reportatges i novetats L'edici\u00f3 de tardor es dur\u00e0 a terme el mes d'octubre a quatre zones diferents del municipi","robots":{"index":"index","follow":"follow","max-snippet":"max-snippet:-1","max-image-preview":"max-image-preview:large","max-video-preview":"max-video-preview:-1"},"canonical":"https:\/\/gastronomicament.cat\/en\/sus-a-la-mostra-calvia","og_locale":"en_US","og_type":"article","og_title":"Sus a La Mostra Calvi\u00e0 - Gastron\u00f2micament","og_description":"Sus a La Mostra Calvi\u00e0 Actualitat, Reportatges i novetats L'edici\u00f3 de tardor es dur\u00e0 a terme el mes d'octubre a quatre zones diferents del municipi","og_url":"https:\/\/gastronomicament.cat\/en\/sus-a-la-mostra-calvia","og_site_name":"Gastron\u00f2micament","article_published_time":"2024-10-03T08:16:06+00:00","article_modified_time":"2024-10-03T08:40:26+00:00","og_image":[{"width":1280,"height":580,"url":"https:\/\/gastronomicament.cat\/wp-content\/uploads\/2024\/10\/La-Mostra-Calvia-2024-restaurants-menus.png","type":"image\/png"}],"author":"Redacci\u00f3","twitter_card":"summary_large_image","twitter_creator":"@gastronomicamen","twitter_site":"@gastronomicamen","twitter_misc":{"Written by":"Redacci\u00f3","Est. reading time":"4 minutes"},"schema":{"@context":"https:\/\/schema.org","@graph":[{"@type":"Article","@id":"https:\/\/gastronomicament.cat\/en\/sus-a-la-mostra-calvia#article","isPartOf":{"@id":"https:\/\/gastronomicament.cat\/en\/sus-a-la-mostra-calvia"},"author":{"name":"Redacci\u00f3","@id":"https:\/\/gastronomicament.cat\/en\/#\/schema\/person\/a7c85c537a1ed62799a5b8e0f686a37f"},"headline":"Sus a La Mostra Calvi\u00e0","datePublished":"2024-10-03T08:16:06+00:00","dateModified":"2024-10-03T08:40:26+00:00","mainEntityOfPage":{"@id":"https:\/\/gastronomicament.cat\/en\/sus-a-la-mostra-calvia"},"wordCount":680,"commentCount":0,"publisher":{"@id":"https:\/\/gastronomicament.cat\/en\/#organization"},"image":{"@id":"https:\/\/gastronomicament.cat\/en\/sus-a-la-mostra-calvia#primaryimage"},"thumbnailUrl":"https:\/\/gastronomicament.cat\/wp-content\/uploads\/2024\/10\/La-Mostra-Calvia-2024-restaurants-menus.png","articleSection":["Actualitat","Reportatges i novetats"],"inLanguage":"en-US","potentialAction":[{"@type":"CommentAction","name":"Comment","target":["https:\/\/gastronomicament.cat\/en\/sus-a-la-mostra-calvia#respond"]}]},{"@type":"WebPage","@id":"https:\/\/gastronomicament.cat\/en\/sus-a-la-mostra-calvia","url":"https:\/\/gastronomicament.cat\/en\/sus-a-la-mostra-calvia","name":"Sus a La Mostra Calvi\u00e0 - Gastron\u00f2micament","isPartOf":{"@id":"https:\/\/gastronomicament.cat\/en\/#website"},"primaryImageOfPage":{"@id":"https:\/\/gastronomicament.cat\/en\/sus-a-la-mostra-calvia#primaryimage"},"image":{"@id":"https:\/\/gastronomicament.cat\/en\/sus-a-la-mostra-calvia#primaryimage"},"thumbnailUrl":"https:\/\/gastronomicament.cat\/wp-content\/uploads\/2024\/10\/La-Mostra-Calvia-2024-restaurants-menus.png","datePublished":"2024-10-03T08:16:06+00:00","dateModified":"2024-10-03T08:40:26+00:00","description":"Sus a La Mostra Calvi\u00e0 Actualitat, Reportatges i novetats L'edici\u00f3 de tardor es dur\u00e0 a terme el mes d'octubre a quatre zones diferents del municipi","inLanguage":"en-US","potentialAction":[{"@type":"ReadAction","target":["https:\/\/gastronomicament.cat\/en\/sus-a-la-mostra-calvia"]}]},{"@type":"ImageObject","inLanguage":"en-US","@id":"https:\/\/gastronomicament.cat\/en\/sus-a-la-mostra-calvia#primaryimage","url":"https:\/\/gastronomicament.cat\/wp-content\/uploads\/2024\/10\/La-Mostra-Calvia-2024-restaurants-menus.png","contentUrl":"https:\/\/gastronomicament.cat\/wp-content\/uploads\/2024\/10\/La-Mostra-Calvia-2024-restaurants-menus.png","width":1280,"height":580},{"@type":"WebSite","@id":"https:\/\/gastronomicament.cat\/en\/#website","url":"https:\/\/gastronomicament.cat\/en\/","name":"Gastron\u00f2micament","description":"Portal de restaurants, receptes i actualitat gastron\u00f2mica","publisher":{"@id":"https:\/\/gastronomicament.cat\/en\/#organization"},"potentialAction":[{"@type":"SearchAction","target":{"@type":"EntryPoint","urlTemplate":"https:\/\/gastronomicament.cat\/en\/?s={search_term_string}"},"query-input":{"@type":"PropertyValueSpecification","valueRequired":true,"valueName":"search_term_string"}}],"inLanguage":"en-US"},{"@type":"Organization","@id":"https:\/\/gastronomicament.cat\/en\/#organization","name":"Gastron\u00f2micament","url":"https:\/\/gastronomicament.cat\/en\/","logo":{"@type":"ImageObject","inLanguage":"en-US","@id":"https:\/\/gastronomicament.cat\/en\/#\/schema\/logo\/image\/","url":"https:\/\/gastronomicament.cat\/wp-content\/uploads\/2016\/09\/header-logo.jpg","contentUrl":"https:\/\/gastronomicament.cat\/wp-content\/uploads\/2016\/09\/header-logo.jpg","width":277,"height":39,"caption":"Gastron\u00f2micament"},"image":{"@id":"https:\/\/gastronomicament.cat\/en\/#\/schema\/logo\/image\/"},"sameAs":["https:\/\/x.com\/gastronomicamen"]},{"@type":"Person","@id":"https:\/\/gastronomicament.cat\/en\/#\/schema\/person\/a7c85c537a1ed62799a5b8e0f686a37f","name":"Redacci\u00f3","image":{"@type":"ImageObject","inLanguage":"en-US","@id":"https:\/\/secure.gravatar.com\/avatar\/9489a485c464fd611d33825daae651d13db70c4e74c65c94937a15a9d4c3ee14?s=96&d=mm&r=g69fea3cce3645dfa2166e7293e22955e","url":"https:\/\/secure.gravatar.com\/avatar\/9489a485c464fd611d33825daae651d13db70c4e74c65c94937a15a9d4c3ee14?s=96&d=mm&r=g","contentUrl":"https:\/\/secure.gravatar.com\/avatar\/9489a485c464fd611d33825daae651d13db70c4e74c65c94937a15a9d4c3ee14?s=96&d=mm&r=g","caption":"Redacci\u00f3"},"sameAs":["http:\/\/gastronomicament.cat"],"url":"https:\/\/gastronomicament.cat\/en\/author\/admin"}]}},"_links":{"self":[{"href":"https:\/\/gastronomicament.cat\/en\/wp-json\/wp\/v2\/posts\/91391","targetHints":{"allow":["GET"]}}],"collection":[{"href":"https:\/\/gastronomicament.cat\/en\/wp-json\/wp\/v2\/posts"}],"about":[{"href":"https:\/\/gastronomicament.cat\/en\/wp-json\/wp\/v2\/types\/post"}],"author":[{"embeddable":true,"href":"https:\/\/gastronomicament.cat\/en\/wp-json\/wp\/v2\/users\/1"}],"replies":[{"embeddable":true,"href":"https:\/\/gastronomicament.cat\/en\/wp-json\/wp\/v2\/comments?post=91391"}],"version-history":[{"count":0,"href":"https:\/\/gastronomicament.cat\/en\/wp-json\/wp\/v2\/posts\/91391\/revisions"}],"wp:featuredmedia":[{"embeddable":true,"href":"https:\/\/gastronomicament.cat\/en\/wp-json\/wp\/v2\/media\/91387"}],"wp:attachment":[{"href":"https:\/\/gastronomicament.cat\/en\/wp-json\/wp\/v2\/media?parent=91391"}],"wp:term":[{"taxonomy":"category","embeddable":true,"href":"https:\/\/gastronomicament.cat\/en\/wp-json\/wp\/v2\/categories?post=91391"},{"taxonomy":"post_tag","embeddable":true,"href":"https:\/\/gastronomicament.cat\/en\/wp-json\/wp\/v2\/tags?post=91391"},{"taxonomy":"author","embeddable":true,"href":"https:\/\/gastronomicament.cat\/en\/wp-json\/wp\/v2\/coauthors?post=91391"}],"curies":[{"name":"wp","href":"https:\/\/api.w.org\/{rel}","templated":true}]}}