{"id":91741,"date":"2024-10-15T14:28:15","date_gmt":"2024-10-15T12:28:15","guid":{"rendered":"https:\/\/gastronomicament.cat\/nova-campanya-de-cap-vermell-grand-hotel-per-a-residents-de-la-taula-al-llit-2"},"modified":"2024-10-15T14:45:47","modified_gmt":"2024-10-15T12:45:47","slug":"els-restaurants-de-santa-ponca-i-costa-de-la-calma-protagonizen-la-mostra-calvia","status":"publish","type":"post","link":"https:\/\/gastronomicament.cat\/en\/els-restaurants-de-santa-ponca-i-costa-de-la-calma-protagonizen-la-mostra-calvia","title":{"rendered":"Els restaurants de Santa Pon\u00e7a i Costa de la Calma protagonizen La Mostra Calvi\u00e0"},"content":{"rendered":"<p>La tercera sessi\u00f3 de\u00a0<strong>La Mostra Calvi\u00e0\u00a0<\/strong>se centrar\u00e0 en els restaurants dels nuclis de\u00a0<strong>Santa Pon\u00e7a<\/strong>\u00a0i de\u00a0<strong>Costa de la Calma<\/strong>. Es tracta de sis restaurants que ofereixen uns\u00a0<strong>men\u00fas que fan la boca aigua<\/strong>.<\/p>\n<p>Es podran tastar\u00a0<strong>del 18 al 20 d\u2019octubre<\/strong>\u00a0i els preus dels men\u00fas oscil\u00b7len\u00a0<strong>dels 22 als 35 euros<\/strong>. Es recomana reservar amb antelaci\u00f3.<\/p>\n<p>La Mostra Calvi\u00e0 2024 finalitzar\u00e0 la setmana vinent, del 25 al 27 d\u2019octubre 2024, i recorrer\u00e0 els nuclis de Peguera, Cala Fornells, Calvi\u00e0, es Capdell\u00e0, El Toro, Son Ferrer.<\/p>\n<p>Podeu consultar els men\u00fas d&#8217;aquesta setmana a continuaci\u00f3.<\/p>\n<div class=\"paper\"><strong>LA PORTE\u00d1A<\/strong><br \/>\n<em>C\/ Santa Pon\u00e7a, 4 (Costa de la Calma)\u00a0<\/em><br \/>\n<em>Tel\u00e8fon: <a href=\"tel:+34609839040\">+34609839040<\/a><\/em><\/p>\n<p><em>Entrant<\/em><br \/>\n&#8211; Panada argentina casolana de carn<\/p>\n<p><em>Plat principal<\/em><br \/>\n&#8211; Ull de bife (rib eye) argent\u00ed cuinat en graella amb carb\u00f3, acompanyat d&#8217;una patata rostida amb crema agra<\/p>\n<p><em>Postres<\/em><br \/>\n&#8211; Tiramis\u00fa casol\u00e0 o flam casol\u00e0 de dol\u00e7 de llet<\/p>\n<p><em>Beguda<\/em><br \/>\n&#8211; Copa de vi argent\u00ed Malbec, copa de cervesa o refresc.<br \/>\n&#8211; Copa de cava en comen\u00e7ar el dinar<\/p>\n<p>Preu: 35 euros<\/p>\n<\/div>\n<div class=\"paper\"><strong>PACIFIC SOUL KITCHEN<\/strong><br \/>\n<em>Pla\u00e7a Santa Pon\u00e7a, local 20 (Santa Pon\u00e7a)<\/em><br \/>\n<em>Tel\u00e8fon: <a href=\"tel:+34691022372\">+34691022372<\/a><\/em><\/p>\n<p><em>Entrant<\/em><br \/>\n&#8211; Torrada cruixent de blat de moro amb ceviche d&#8217;escorballo- Amanida asi\u00e0tica de col amb mango, alvocat i blat de moro<\/p>\n<p><em>Plat principal<\/em><br \/>\n&#8211; Taco de gambeta amb salsa Pac\u00edfico- Taco de tinga de pollastre amb chipotle<\/p>\n<p><em>Postres<\/em><br \/>\n&#8211; Brownie de xocolata negra amb gelat de vainilla<\/p>\n<p><em>Beguda<\/em><br \/>\n&#8211; Canya, copa de vi o refresc<\/p>\n<p>Preu: 22 euros<\/p>\n<\/div>\n<div class=\"paper\"><strong>LA BRASA<\/strong><br \/>\n<em>Via de la Creu, 15 (Santa Pon\u00e7a)\u00a0<\/em><br \/>\n<em>Tel\u00e8fon: <a href=\"tel:+34971691329\">+34971691329<\/a><\/em><\/p>\n<p><em>Entrant<\/em><br \/>\n&#8211; Tapes per triar: croquetes, pica-pica de pop, peus de porc, tacons i frit<\/p>\n<p><em>Plat principal<\/em><br \/>\n&#8211; Calamars a la planxa amb gambes i musclos o cua de toro amb vi negre<\/p>\n<p><em>Postres<\/em><br \/>\n&#8211; Pastissos variats<\/p>\n<p><em>Beguda<\/em><br \/>\n&#8211; Canya o refresc o aigua o copa viMen\u00fa vegetari\u00e0: consultau aquest men\u00fa alternatius amb el restaurant<\/p>\n<p>Preu: 22 euros<\/p>\n<\/div>\n<div class=\"paper\"><strong>EL CEIBO<\/strong><br \/>\n<em>Carrer de Ramon de Moncada, 24 (Santa Pon\u00e7a)\u00a0<\/em><br \/>\n<em>Tel\u00e8fon: <a href=\"tel:+34670932126\">+34670932126<\/a><\/em><\/p>\n<p><em>Entrant<\/em><br \/>\n&#8211; Picada (xori\u00e7o, botifarra, lleteroles) per a dues persones<\/p>\n<p><em>Plat principal<\/em><br \/>\n&#8211; Degustaci\u00f3 de carn uruguaiana (filet, entrecot i\u00a0<em>cuadril<\/em>) per a dues persones<\/p>\n<p><em>Postres<\/em><br \/>\n&#8211; Flam o creps de dol\u00e7 de llet<\/p>\n<p><em>Beguda<\/em><br \/>\n&#8211; Botella de vi de Rioja<\/p>\n<p>Preu: 35 euros<\/p><\/div>\n<div class=\"paper\"><strong>7FUEGOS<\/strong><br \/>\n<em>Via de la creu, s\/n. Club N\u00e0utic de Santa Pon\u00e7a<\/em><br \/>\n<em>Tel\u00e8fon: <a href=\"tel:+34685473469\">+34685473469<\/a><\/em><\/p>\n<p><em>Entrant<\/em><br \/>\n&#8211; T\u00e0rtar de vedella sobre pa brioix amb allioli de moll de l&#8217;os i cruixent de patata<\/p>\n<p><em>Plat principal<\/em><br \/>\n&#8211; Bacall\u00e0 cuinat a baixa temperatura amb roman\u00ed i all, sobre terra de festuc, pur\u00e9 de patata i porro, pesto d&#8217;herbes<\/p>\n<p><em>Postres<\/em><br \/>\n&#8211; Past\u00eds de figues amb gelat d&#8217;ametlles<\/p>\n<p><em>Beguda<\/em><br \/>\n&#8211; Copa de vi, cervesa, aigua o refresc<\/p>\n<p>Preu: 35 euros<\/p><\/div>\n<div class=\"paper\"><strong>ROYAL GARDEN<\/strong><br \/>\n<em>Carrer de Ramon de Montcada, 1. Costa de la Calma<\/em><br \/>\n<em>Tel\u00e8fon: <a href=\"tel:+34971693772\">+34971693772<\/a><\/em><\/p>\n<p><em>Entrant<\/em><br \/>\n&#8211; Amanida temperada de fulles verdes amb crem\u00f3s de burrata, figues, pernil salat i vinagreta de c\u00edtrics<\/p>\n<p><em>Plat principal<\/em><br \/>\n&#8211; Costelles de xot amb crosta de pistatxo i menta sobre parmentier de pebres del piquillo<\/p>\n<p><em>Postres<\/em><br \/>\n&#8211; Milfulls amb crema de mascarpone, compota de fruits de temporada i encenalls de xocolata<\/p>\n<p><em>Beguda<\/em><br \/>\n&#8211; Copa de vi negre de Rioja o copa de Verdejo o refresc o canya de cervesa o aigua<\/p>\n<p>Preu: 22 euros<\/p><\/div>\n","protected":false},"excerpt":{"rendered":"<p>Els men\u00fas d&#8217;aquest cap de setmana es poden tastar del 18 al 20 d&#8217;octubre<\/p>\n","protected":false},"author":1,"featured_media":91737,"comment_status":"open","ping_status":"closed","sticky":false,"template":"","format":"standard","meta":{"_acf_changed":false,"_swt_meta_header_display":false,"_swt_meta_footer_display":false,"_swt_meta_site_title_display":false,"_swt_meta_sticky_header":false,"_swt_meta_transparent_header":false,"footnotes":""},"categories":[1046,1475],"tags":[],"coauthors":[2053],"class_list":["post-91741","post","type-post","status-publish","format-standard","has-post-thumbnail","hentry","category-actualitat-es-en","category-reportatges-i-novetats-en"],"acf":{"gallery":null,"home_date":{"home_begin_date":null,"home_end_date":null}},"yoast_head":"<!-- This site is optimized with the Yoast SEO plugin v27.4 - https:\/\/yoast.com\/product\/yoast-seo-wordpress\/ -->\n<title>Els restaurants de Santa Pon\u00e7a i Costa de la Calma protagonizen La Mostra Calvi\u00e0 - Gastron\u00f2micament<\/title>\n<meta name=\"description\" content=\"Els restaurants de Santa Pon\u00e7a i Costa de la Calma protagonizen La Mostra Calvi\u00e0 Actualitat, Reportatges i novetats Els men\u00fas d&#039;aquest cap de setmana es poden tastar del 18 al 20 d&#039;octubre\" \/>\n<meta name=\"robots\" content=\"index, follow, max-snippet:-1, max-image-preview:large, max-video-preview:-1\" \/>\n<link rel=\"canonical\" href=\"https:\/\/gastronomicament.cat\/en\/els-restaurants-de-santa-ponca-i-costa-de-la-calma-protagonizen-la-mostra-calvia\" \/>\n<meta property=\"og:locale\" content=\"en_US\" \/>\n<meta property=\"og:type\" content=\"article\" \/>\n<meta property=\"og:title\" content=\"Els restaurants de Santa Pon\u00e7a i Costa de la Calma protagonizen La Mostra Calvi\u00e0 - Gastron\u00f2micament\" \/>\n<meta property=\"og:description\" content=\"Els restaurants de Santa Pon\u00e7a i Costa de la Calma protagonizen La Mostra Calvi\u00e0 Actualitat, Reportatges i novetats Els men\u00fas d&#039;aquest cap de setmana es poden tastar del 18 al 20 d&#039;octubre\" \/>\n<meta property=\"og:url\" content=\"https:\/\/gastronomicament.cat\/en\/els-restaurants-de-santa-ponca-i-costa-de-la-calma-protagonizen-la-mostra-calvia\" \/>\n<meta property=\"og:site_name\" content=\"Gastron\u00f2micament\" \/>\n<meta property=\"article:published_time\" content=\"2024-10-15T12:28:15+00:00\" \/>\n<meta property=\"article:modified_time\" content=\"2024-10-15T12:45:47+00:00\" \/>\n<meta property=\"og:image\" content=\"https:\/\/gastronomicament.cat\/wp-content\/uploads\/2024\/10\/La-Mostra-Calvia-2024-tardor-1.jpg\" \/>\n\t<meta property=\"og:image:width\" content=\"1000\" \/>\n\t<meta property=\"og:image:height\" content=\"548\" \/>\n\t<meta property=\"og:image:type\" content=\"image\/jpeg\" \/>\n<meta name=\"author\" content=\"Redacci\u00f3\" \/>\n<meta name=\"twitter:card\" content=\"summary_large_image\" \/>\n<meta name=\"twitter:creator\" content=\"@gastronomicamen\" \/>\n<meta name=\"twitter:site\" content=\"@gastronomicamen\" \/>\n<meta name=\"twitter:label1\" content=\"Written by\" \/>\n\t<meta name=\"twitter:data1\" content=\"Redacci\u00f3\" \/>\n\t<meta name=\"twitter:label2\" content=\"Est. reading time\" \/>\n\t<meta name=\"twitter:data2\" content=\"3 minutes\" \/>\n<script type=\"application\/ld+json\" class=\"yoast-schema-graph\">{\"@context\":\"https:\\\/\\\/schema.org\",\"@graph\":[{\"@type\":\"Article\",\"@id\":\"https:\\\/\\\/gastronomicament.cat\\\/en\\\/els-restaurants-de-santa-ponca-i-costa-de-la-calma-protagonizen-la-mostra-calvia#article\",\"isPartOf\":{\"@id\":\"https:\\\/\\\/gastronomicament.cat\\\/en\\\/els-restaurants-de-santa-ponca-i-costa-de-la-calma-protagonizen-la-mostra-calvia\"},\"author\":{\"name\":\"Redacci\u00f3\",\"@id\":\"https:\\\/\\\/gastronomicament.cat\\\/en\\\/#\\\/schema\\\/person\\\/a7c85c537a1ed62799a5b8e0f686a37f\"},\"headline\":\"Els restaurants de Santa Pon\u00e7a i Costa de la Calma protagonizen La Mostra Calvi\u00e0\",\"datePublished\":\"2024-10-15T12:28:15+00:00\",\"dateModified\":\"2024-10-15T12:45:47+00:00\",\"mainEntityOfPage\":{\"@id\":\"https:\\\/\\\/gastronomicament.cat\\\/en\\\/els-restaurants-de-santa-ponca-i-costa-de-la-calma-protagonizen-la-mostra-calvia\"},\"wordCount\":552,\"commentCount\":0,\"publisher\":{\"@id\":\"https:\\\/\\\/gastronomicament.cat\\\/en\\\/#organization\"},\"image\":{\"@id\":\"https:\\\/\\\/gastronomicament.cat\\\/en\\\/els-restaurants-de-santa-ponca-i-costa-de-la-calma-protagonizen-la-mostra-calvia#primaryimage\"},\"thumbnailUrl\":\"https:\\\/\\\/gastronomicament.cat\\\/wp-content\\\/uploads\\\/2024\\\/10\\\/La-Mostra-Calvia-2024-tardor-1.jpg\",\"articleSection\":[\"Actualitat\",\"Reportatges i novetats\"],\"inLanguage\":\"en-US\",\"potentialAction\":[{\"@type\":\"CommentAction\",\"name\":\"Comment\",\"target\":[\"https:\\\/\\\/gastronomicament.cat\\\/en\\\/els-restaurants-de-santa-ponca-i-costa-de-la-calma-protagonizen-la-mostra-calvia#respond\"]}]},{\"@type\":\"WebPage\",\"@id\":\"https:\\\/\\\/gastronomicament.cat\\\/en\\\/els-restaurants-de-santa-ponca-i-costa-de-la-calma-protagonizen-la-mostra-calvia\",\"url\":\"https:\\\/\\\/gastronomicament.cat\\\/en\\\/els-restaurants-de-santa-ponca-i-costa-de-la-calma-protagonizen-la-mostra-calvia\",\"name\":\"Els restaurants de Santa Pon\u00e7a i Costa de la Calma protagonizen La Mostra Calvi\u00e0 - Gastron\u00f2micament\",\"isPartOf\":{\"@id\":\"https:\\\/\\\/gastronomicament.cat\\\/en\\\/#website\"},\"primaryImageOfPage\":{\"@id\":\"https:\\\/\\\/gastronomicament.cat\\\/en\\\/els-restaurants-de-santa-ponca-i-costa-de-la-calma-protagonizen-la-mostra-calvia#primaryimage\"},\"image\":{\"@id\":\"https:\\\/\\\/gastronomicament.cat\\\/en\\\/els-restaurants-de-santa-ponca-i-costa-de-la-calma-protagonizen-la-mostra-calvia#primaryimage\"},\"thumbnailUrl\":\"https:\\\/\\\/gastronomicament.cat\\\/wp-content\\\/uploads\\\/2024\\\/10\\\/La-Mostra-Calvia-2024-tardor-1.jpg\",\"datePublished\":\"2024-10-15T12:28:15+00:00\",\"dateModified\":\"2024-10-15T12:45:47+00:00\",\"description\":\"Els restaurants de Santa Pon\u00e7a i Costa de la Calma protagonizen La Mostra Calvi\u00e0 Actualitat, Reportatges i novetats Els men\u00fas d'aquest cap de setmana es poden tastar del 18 al 20 d'octubre\",\"inLanguage\":\"en-US\",\"potentialAction\":[{\"@type\":\"ReadAction\",\"target\":[\"https:\\\/\\\/gastronomicament.cat\\\/en\\\/els-restaurants-de-santa-ponca-i-costa-de-la-calma-protagonizen-la-mostra-calvia\"]}]},{\"@type\":\"ImageObject\",\"inLanguage\":\"en-US\",\"@id\":\"https:\\\/\\\/gastronomicament.cat\\\/en\\\/els-restaurants-de-santa-ponca-i-costa-de-la-calma-protagonizen-la-mostra-calvia#primaryimage\",\"url\":\"https:\\\/\\\/gastronomicament.cat\\\/wp-content\\\/uploads\\\/2024\\\/10\\\/La-Mostra-Calvia-2024-tardor-1.jpg\",\"contentUrl\":\"https:\\\/\\\/gastronomicament.cat\\\/wp-content\\\/uploads\\\/2024\\\/10\\\/La-Mostra-Calvia-2024-tardor-1.jpg\",\"width\":1000,\"height\":548},{\"@type\":\"WebSite\",\"@id\":\"https:\\\/\\\/gastronomicament.cat\\\/en\\\/#website\",\"url\":\"https:\\\/\\\/gastronomicament.cat\\\/en\\\/\",\"name\":\"Gastron\u00f2micament\",\"description\":\"Portal de restaurants, receptes i actualitat gastron\u00f2mica\",\"publisher\":{\"@id\":\"https:\\\/\\\/gastronomicament.cat\\\/en\\\/#organization\"},\"potentialAction\":[{\"@type\":\"SearchAction\",\"target\":{\"@type\":\"EntryPoint\",\"urlTemplate\":\"https:\\\/\\\/gastronomicament.cat\\\/en\\\/?s={search_term_string}\"},\"query-input\":{\"@type\":\"PropertyValueSpecification\",\"valueRequired\":true,\"valueName\":\"search_term_string\"}}],\"inLanguage\":\"en-US\"},{\"@type\":\"Organization\",\"@id\":\"https:\\\/\\\/gastronomicament.cat\\\/en\\\/#organization\",\"name\":\"Gastron\u00f2micament\",\"url\":\"https:\\\/\\\/gastronomicament.cat\\\/en\\\/\",\"logo\":{\"@type\":\"ImageObject\",\"inLanguage\":\"en-US\",\"@id\":\"https:\\\/\\\/gastronomicament.cat\\\/en\\\/#\\\/schema\\\/logo\\\/image\\\/\",\"url\":\"https:\\\/\\\/gastronomicament.cat\\\/wp-content\\\/uploads\\\/2016\\\/09\\\/header-logo.jpg\",\"contentUrl\":\"https:\\\/\\\/gastronomicament.cat\\\/wp-content\\\/uploads\\\/2016\\\/09\\\/header-logo.jpg\",\"width\":277,\"height\":39,\"caption\":\"Gastron\u00f2micament\"},\"image\":{\"@id\":\"https:\\\/\\\/gastronomicament.cat\\\/en\\\/#\\\/schema\\\/logo\\\/image\\\/\"},\"sameAs\":[\"https:\\\/\\\/x.com\\\/gastronomicamen\"]},{\"@type\":\"Person\",\"@id\":\"https:\\\/\\\/gastronomicament.cat\\\/en\\\/#\\\/schema\\\/person\\\/a7c85c537a1ed62799a5b8e0f686a37f\",\"name\":\"Redacci\u00f3\",\"image\":{\"@type\":\"ImageObject\",\"inLanguage\":\"en-US\",\"@id\":\"https:\\\/\\\/secure.gravatar.com\\\/avatar\\\/9489a485c464fd611d33825daae651d13db70c4e74c65c94937a15a9d4c3ee14?s=96&d=mm&r=g69fea3cce3645dfa2166e7293e22955e\",\"url\":\"https:\\\/\\\/secure.gravatar.com\\\/avatar\\\/9489a485c464fd611d33825daae651d13db70c4e74c65c94937a15a9d4c3ee14?s=96&d=mm&r=g\",\"contentUrl\":\"https:\\\/\\\/secure.gravatar.com\\\/avatar\\\/9489a485c464fd611d33825daae651d13db70c4e74c65c94937a15a9d4c3ee14?s=96&d=mm&r=g\",\"caption\":\"Redacci\u00f3\"},\"sameAs\":[\"http:\\\/\\\/gastronomicament.cat\"],\"url\":\"https:\\\/\\\/gastronomicament.cat\\\/en\\\/author\\\/admin\"}]}<\/script>\n<!-- \/ Yoast SEO plugin. -->","yoast_head_json":{"title":"Els restaurants de Santa Pon\u00e7a i Costa de la Calma protagonizen La Mostra Calvi\u00e0 - Gastron\u00f2micament","description":"Els restaurants de Santa Pon\u00e7a i Costa de la Calma protagonizen La Mostra Calvi\u00e0 Actualitat, Reportatges i novetats Els men\u00fas d'aquest cap de setmana es poden tastar del 18 al 20 d'octubre","robots":{"index":"index","follow":"follow","max-snippet":"max-snippet:-1","max-image-preview":"max-image-preview:large","max-video-preview":"max-video-preview:-1"},"canonical":"https:\/\/gastronomicament.cat\/en\/els-restaurants-de-santa-ponca-i-costa-de-la-calma-protagonizen-la-mostra-calvia","og_locale":"en_US","og_type":"article","og_title":"Els restaurants de Santa Pon\u00e7a i Costa de la Calma protagonizen La Mostra Calvi\u00e0 - Gastron\u00f2micament","og_description":"Els restaurants de Santa Pon\u00e7a i Costa de la Calma protagonizen La Mostra Calvi\u00e0 Actualitat, Reportatges i novetats Els men\u00fas d'aquest cap de setmana es poden tastar del 18 al 20 d'octubre","og_url":"https:\/\/gastronomicament.cat\/en\/els-restaurants-de-santa-ponca-i-costa-de-la-calma-protagonizen-la-mostra-calvia","og_site_name":"Gastron\u00f2micament","article_published_time":"2024-10-15T12:28:15+00:00","article_modified_time":"2024-10-15T12:45:47+00:00","og_image":[{"width":1000,"height":548,"url":"https:\/\/gastronomicament.cat\/wp-content\/uploads\/2024\/10\/La-Mostra-Calvia-2024-tardor-1.jpg","type":"image\/jpeg"}],"author":"Redacci\u00f3","twitter_card":"summary_large_image","twitter_creator":"@gastronomicamen","twitter_site":"@gastronomicamen","twitter_misc":{"Written by":"Redacci\u00f3","Est. reading time":"3 minutes"},"schema":{"@context":"https:\/\/schema.org","@graph":[{"@type":"Article","@id":"https:\/\/gastronomicament.cat\/en\/els-restaurants-de-santa-ponca-i-costa-de-la-calma-protagonizen-la-mostra-calvia#article","isPartOf":{"@id":"https:\/\/gastronomicament.cat\/en\/els-restaurants-de-santa-ponca-i-costa-de-la-calma-protagonizen-la-mostra-calvia"},"author":{"name":"Redacci\u00f3","@id":"https:\/\/gastronomicament.cat\/en\/#\/schema\/person\/a7c85c537a1ed62799a5b8e0f686a37f"},"headline":"Els restaurants de Santa Pon\u00e7a i Costa de la Calma protagonizen La Mostra Calvi\u00e0","datePublished":"2024-10-15T12:28:15+00:00","dateModified":"2024-10-15T12:45:47+00:00","mainEntityOfPage":{"@id":"https:\/\/gastronomicament.cat\/en\/els-restaurants-de-santa-ponca-i-costa-de-la-calma-protagonizen-la-mostra-calvia"},"wordCount":552,"commentCount":0,"publisher":{"@id":"https:\/\/gastronomicament.cat\/en\/#organization"},"image":{"@id":"https:\/\/gastronomicament.cat\/en\/els-restaurants-de-santa-ponca-i-costa-de-la-calma-protagonizen-la-mostra-calvia#primaryimage"},"thumbnailUrl":"https:\/\/gastronomicament.cat\/wp-content\/uploads\/2024\/10\/La-Mostra-Calvia-2024-tardor-1.jpg","articleSection":["Actualitat","Reportatges i novetats"],"inLanguage":"en-US","potentialAction":[{"@type":"CommentAction","name":"Comment","target":["https:\/\/gastronomicament.cat\/en\/els-restaurants-de-santa-ponca-i-costa-de-la-calma-protagonizen-la-mostra-calvia#respond"]}]},{"@type":"WebPage","@id":"https:\/\/gastronomicament.cat\/en\/els-restaurants-de-santa-ponca-i-costa-de-la-calma-protagonizen-la-mostra-calvia","url":"https:\/\/gastronomicament.cat\/en\/els-restaurants-de-santa-ponca-i-costa-de-la-calma-protagonizen-la-mostra-calvia","name":"Els restaurants de Santa Pon\u00e7a i Costa de la Calma protagonizen La Mostra Calvi\u00e0 - Gastron\u00f2micament","isPartOf":{"@id":"https:\/\/gastronomicament.cat\/en\/#website"},"primaryImageOfPage":{"@id":"https:\/\/gastronomicament.cat\/en\/els-restaurants-de-santa-ponca-i-costa-de-la-calma-protagonizen-la-mostra-calvia#primaryimage"},"image":{"@id":"https:\/\/gastronomicament.cat\/en\/els-restaurants-de-santa-ponca-i-costa-de-la-calma-protagonizen-la-mostra-calvia#primaryimage"},"thumbnailUrl":"https:\/\/gastronomicament.cat\/wp-content\/uploads\/2024\/10\/La-Mostra-Calvia-2024-tardor-1.jpg","datePublished":"2024-10-15T12:28:15+00:00","dateModified":"2024-10-15T12:45:47+00:00","description":"Els restaurants de Santa Pon\u00e7a i Costa de la Calma protagonizen La Mostra Calvi\u00e0 Actualitat, Reportatges i novetats Els men\u00fas d'aquest cap de setmana es poden tastar del 18 al 20 d'octubre","inLanguage":"en-US","potentialAction":[{"@type":"ReadAction","target":["https:\/\/gastronomicament.cat\/en\/els-restaurants-de-santa-ponca-i-costa-de-la-calma-protagonizen-la-mostra-calvia"]}]},{"@type":"ImageObject","inLanguage":"en-US","@id":"https:\/\/gastronomicament.cat\/en\/els-restaurants-de-santa-ponca-i-costa-de-la-calma-protagonizen-la-mostra-calvia#primaryimage","url":"https:\/\/gastronomicament.cat\/wp-content\/uploads\/2024\/10\/La-Mostra-Calvia-2024-tardor-1.jpg","contentUrl":"https:\/\/gastronomicament.cat\/wp-content\/uploads\/2024\/10\/La-Mostra-Calvia-2024-tardor-1.jpg","width":1000,"height":548},{"@type":"WebSite","@id":"https:\/\/gastronomicament.cat\/en\/#website","url":"https:\/\/gastronomicament.cat\/en\/","name":"Gastron\u00f2micament","description":"Portal de restaurants, receptes i actualitat gastron\u00f2mica","publisher":{"@id":"https:\/\/gastronomicament.cat\/en\/#organization"},"potentialAction":[{"@type":"SearchAction","target":{"@type":"EntryPoint","urlTemplate":"https:\/\/gastronomicament.cat\/en\/?s={search_term_string}"},"query-input":{"@type":"PropertyValueSpecification","valueRequired":true,"valueName":"search_term_string"}}],"inLanguage":"en-US"},{"@type":"Organization","@id":"https:\/\/gastronomicament.cat\/en\/#organization","name":"Gastron\u00f2micament","url":"https:\/\/gastronomicament.cat\/en\/","logo":{"@type":"ImageObject","inLanguage":"en-US","@id":"https:\/\/gastronomicament.cat\/en\/#\/schema\/logo\/image\/","url":"https:\/\/gastronomicament.cat\/wp-content\/uploads\/2016\/09\/header-logo.jpg","contentUrl":"https:\/\/gastronomicament.cat\/wp-content\/uploads\/2016\/09\/header-logo.jpg","width":277,"height":39,"caption":"Gastron\u00f2micament"},"image":{"@id":"https:\/\/gastronomicament.cat\/en\/#\/schema\/logo\/image\/"},"sameAs":["https:\/\/x.com\/gastronomicamen"]},{"@type":"Person","@id":"https:\/\/gastronomicament.cat\/en\/#\/schema\/person\/a7c85c537a1ed62799a5b8e0f686a37f","name":"Redacci\u00f3","image":{"@type":"ImageObject","inLanguage":"en-US","@id":"https:\/\/secure.gravatar.com\/avatar\/9489a485c464fd611d33825daae651d13db70c4e74c65c94937a15a9d4c3ee14?s=96&d=mm&r=g69fea3cce3645dfa2166e7293e22955e","url":"https:\/\/secure.gravatar.com\/avatar\/9489a485c464fd611d33825daae651d13db70c4e74c65c94937a15a9d4c3ee14?s=96&d=mm&r=g","contentUrl":"https:\/\/secure.gravatar.com\/avatar\/9489a485c464fd611d33825daae651d13db70c4e74c65c94937a15a9d4c3ee14?s=96&d=mm&r=g","caption":"Redacci\u00f3"},"sameAs":["http:\/\/gastronomicament.cat"],"url":"https:\/\/gastronomicament.cat\/en\/author\/admin"}]}},"_links":{"self":[{"href":"https:\/\/gastronomicament.cat\/en\/wp-json\/wp\/v2\/posts\/91741","targetHints":{"allow":["GET"]}}],"collection":[{"href":"https:\/\/gastronomicament.cat\/en\/wp-json\/wp\/v2\/posts"}],"about":[{"href":"https:\/\/gastronomicament.cat\/en\/wp-json\/wp\/v2\/types\/post"}],"author":[{"embeddable":true,"href":"https:\/\/gastronomicament.cat\/en\/wp-json\/wp\/v2\/users\/1"}],"replies":[{"embeddable":true,"href":"https:\/\/gastronomicament.cat\/en\/wp-json\/wp\/v2\/comments?post=91741"}],"version-history":[{"count":0,"href":"https:\/\/gastronomicament.cat\/en\/wp-json\/wp\/v2\/posts\/91741\/revisions"}],"wp:featuredmedia":[{"embeddable":true,"href":"https:\/\/gastronomicament.cat\/en\/wp-json\/wp\/v2\/media\/91737"}],"wp:attachment":[{"href":"https:\/\/gastronomicament.cat\/en\/wp-json\/wp\/v2\/media?parent=91741"}],"wp:term":[{"taxonomy":"category","embeddable":true,"href":"https:\/\/gastronomicament.cat\/en\/wp-json\/wp\/v2\/categories?post=91741"},{"taxonomy":"post_tag","embeddable":true,"href":"https:\/\/gastronomicament.cat\/en\/wp-json\/wp\/v2\/tags?post=91741"},{"taxonomy":"author","embeddable":true,"href":"https:\/\/gastronomicament.cat\/en\/wp-json\/wp\/v2\/coauthors?post=91741"}],"curies":[{"name":"wp","href":"https:\/\/api.w.org\/{rel}","templated":true}]}}