{"id":92370,"date":"2024-11-18T09:42:12","date_gmt":"2024-11-18T08:42:12","guid":{"rendered":"https:\/\/gastronomicament.cat\/arriba-lesperada-fira-de-larros-pobler-i-les-jornada-menjar-be-a-sa-pobla"},"modified":"2024-11-18T09:42:31","modified_gmt":"2024-11-18T08:42:31","slug":"arriba-lesperada-fira-de-larros-pobler-i-les-jornada-menjar-be-a-sa-pobla","status":"publish","type":"post","link":"https:\/\/gastronomicament.cat\/en\/arriba-lesperada-fira-de-larros-pobler-i-les-jornada-menjar-be-a-sa-pobla","title":{"rendered":"Arriba l&#8217;esperada Fira de l&#8217;Arr\u00f2s Pobler i les jornada Menjar B\u00e9 a sa Pobla"},"content":{"rendered":"<p>Sempre \u00e9s un bon moment per visitar sa Pobla i per viure entre els poblers i les pobleres. Ara b\u00e9, hi ha moments en qu\u00e8 \u00e9s m\u00e9s especial, com ara durant la\u00a0<a href=\"https:\/\/gastronomicament.cat\/wp-content\/uploads\/2024\/11\/2393-AJSP-Fullet-Fira-2024.pdf\" target=\"_blank\" rel=\"noopener\"><strong>Fira de l&#8217;Arr\u00f2s Pobler<\/strong><\/a>, at\u00e8s\u00a0 que \u00e9s un aliment que ha marcat la vida de molta de gent d&#8217;aquest municipi.<\/p>\n<p>La novena edici\u00f3 de la Fira de l&#8217;Arr\u00f2s Pobler tendr\u00e0 lloc els dies 23 i 24 de novembre. El batle,\u00a0<strong>Biel Ferragut<\/strong>, recorda que pr\u00e8viament, sa Pobla ha celebrat la XXIX Trobada de Xeremiers i Fira de Lutiers, que dona rellev\u00e0ncia a la m\u00fasica popular, i la XXVII Trobada de Gegants.<\/p>\n<p>La regidora de Fires i Mercat,\u00a0<strong>Magdalena de la Fuente<\/strong>, remarca que la Fira de l&#8217;Arr\u00f2s poble &#8220;t\u00e9 una programaci\u00f3 molt variada, que tendr\u00e0 la col\u00b7laboraci\u00f3 de les associacions locals, les quals dinamitzaran la trobada amb activitats per a totes les edats\u201d. Tamb\u00e9 destaca que l&#8217;oferta culin\u00e0ria ser\u00e0 un dels grans atractius, amb el programa Menjar B\u00e9 a sa Pobla 2024, que oferir\u00e0 plats especials de la cuina tradicional mallorquina, elaborats amb l&#8217;arr\u00f2s pobler com a protagonista, una activitat en qu\u00e8 hi participen catorze establiments.<\/p>\n<p>A m\u00e9s, cal destacar que el cartell de la fira d\u2019enguany \u00e9s obra de l\u2019artista pobler\u00a0<strong>Juli\u00e1n Manzanares<\/strong>, qui tamb\u00e9 va ser reconegut a l\u2019edici\u00f3 d\u2019Art i Copes d\u2019enguany.<\/p>\n<p>Aquests s\u00f3n els restaurants que participen a\u00a0<strong>Menjar B\u00e9 a sa Pobla 2024\u00a0<\/strong>i els plats que ofereixen:<\/p>\n<p><strong>El Pulpo Loco<br \/>\n<\/strong>Pla\u00e7a Constituci\u00f3, 4 \u00b7 634 801 752<br \/>\n\u2022 Paella de marisc<br \/>\n<strong><br \/>\nBar Restaurant sa Fona<br \/>\n<\/strong>Carrer Fadrins, 87 baixos \u00b7 971 540 357<br \/>\n\u2022 Men\u00fa d\u2019arr\u00f2s brut (diumenge 24) amb reserva<br \/>\n\u2022 Pop a la brasa damunt llit de parmentier de moniato (amb reserva)<\/p>\n<p><strong>Capritxo Nostro<br \/>\n<\/strong>Placeta des Tren, s\/n \u00b7 628 170 902 &#8211; 971 188 922<\/p>\n<ul>\n<li>Per enc\u00e0rrec i m\u00ednim 2 persones:<br \/>\n&#8211; Arr\u00f2s brut o de peix i marisc<br \/>\n&#8211; Paelles: mixta, cega, peix i marisc i de verdura<\/li>\n<li>Dissabte 23:<br \/>\n&#8211; Plats a la carta<br \/>\n&#8211; Plat especial: Wok d\u2019arr\u00f2s i vedella amb salsa d\u2019ostres i teriyaki<\/li>\n<\/ul>\n<ul>\n<li>Diumenge 24, men\u00fa a 24 \u20ac. Inclou:<br \/>\n&#8211; Arr\u00f2s brut o caragols<br \/>\n&#8211; Porcella o bacall\u00e0 gratinat amb allioli<br \/>\n&#8211; Postres casolanes<\/li>\n<\/ul>\n<p><strong>Restaurant Pla\u00e7a Vuit<br \/>\n<\/strong>Pla\u00e7a Major, 8 \u00b7 971 544 400<br \/>\n\u2022 Risotto nero<\/p>\n<p><strong>Bar Sa Sini<br \/>\n<\/strong>Carrer General Marzo, 1 \u00b7 680 365 393 i 871 735 510<br \/>\n\u2022 Arr\u00f2s brut amb caragols<br \/>\n\u2022 Porcella<\/p>\n<p><strong>Bar Sa Placeta<br \/>\n<\/strong>Carrer Dr. G\u00f3mez Ulla, 2 \u00b7 971 540 538<\/p>\n<p>Men\u00fa de dissabte 16 i 23 vespres, pr\u00e8via reserva. Preu: 22 \u20ac. Inclou:<br \/>\n&#8211; Entrant: Poke bowl de pollastre<br \/>\n&#8211; Plat principal: Rellom de porc amb esclata-sangs o salm\u00f3 amb salsa holandesa, els dos plats amb guarnici\u00f3 de patata al forn i arr\u00f2s amb verdures saltejades.<\/p>\n<p>&#8211; Postres casolanes.<br \/>\n&#8211; Vi negre Rioja Hallazgo o blanc Verdejo i aigua<\/p>\n<p>Men\u00fa de diumenge 17 i 24 migdia, pr\u00e8via reserva. Preu: 26 \u20ac. Inclou:<br \/>\n&#8211; Arr\u00f2s brut o caragols<br \/>\n&#8211; Porcella o llom amb col o bacall\u00e0 gratinat amb allioli<br \/>\n&#8211;\u00a0Postres casolanes i caf\u00e8<br \/>\n&#8211; Vi negre Rioja Hallazgo o blanc Verdejo i aigua<\/p>\n<p>Del 15 al 24 de novembre es poden fer els 2 men\u00fas, pr\u00e8via reserva i amb un m\u00ednim de 8 persones<\/p>\n<p><strong>Restaurant Marina<br \/>\n<\/strong>Carrer Marina, 15 \u00b7 971 540 967<\/p>\n<p>\u2022 Arr\u00f2s Pobler<br \/>\n\u2022 Arr\u00f2s Brut<br \/>\n\u2022 Paella Mixta (Per enc\u00e0rrec)<br \/>\n\u2022 Arr\u00f2s Negre (Per enc\u00e0rrec)<br \/>\n\u2022 Tots els plats van acompanyats d\u2019arr\u00f2s opcionalment<\/p>\n<p><strong>Sa Fortalesa restaurant<br \/>\n<\/strong>Carrer Comer\u00e7, 55 \u00b7 971 540 285<br \/>\n\u2022 Men\u00fa tast de la fira de l\u2019arr\u00f2s pobler<\/p>\n<p><strong>Bar Toni Cotxer<br \/>\n<\/strong>Carrer Major, 4 \u00b7 610 771 506<br \/>\n\u2022 Tapes, arrebossats i banderilles<\/p>\n<p><strong>Bar Rapinya<br \/>\n<\/strong>Carrer Pla\u00e7a, 13 \u00b7 971 540 303<br \/>\n\u2022 Frit de me, de porc i de tardor<br \/>\n\u2022 Bacall\u00e0 amb porro<br \/>\n\u2022 Caragols<br \/>\n\u2022 Porcella<\/p>\n<p>&nbsp;<\/p>\n<p><strong>Poliesportiu sa Pobla<br \/>\n<\/strong>Mestre Arab\u00ed, s\/n \u00b7 971 187 884<br \/>\n\u2022 Arr\u00f2s Brut<br \/>\n\u2022 Arr\u00f2s mel\u00f3s amb bolets i pollastre<br \/>\n\u2022 Arr\u00f2s mel\u00f3s amb Bolets<br \/>\n\u2022 Arr\u00f2s negre de s\u00edpia i carxofes<br \/>\n\u2022 Carn a la Brasa<\/p>\n<p><strong>Bar Cristal<br \/>\n<\/strong>Carrer Lluc, 44 \u00b7 871 84 11 19 \/ 627 64 11 48<\/p>\n<ul>\n<li>Del 15 al 24 de novembre per berenar<br \/>\n&#8211; Callos, llengua, pilotes, frit de matances,\u00a0frit de me i ensalada russa<\/li>\n<li>Men\u00fa diumenge 17 de novembre. Inclou:<br \/>\n&#8211; Pa, allioli i olives<br \/>\n&#8211; Primer plat: Caragols a la mallorquina<br \/>\n&#8211; Plat principal: Arr\u00f2s negre de calamars i gambes o paella mixta<br \/>\n&#8211; Postres: Past\u00eds de formatge<br \/>\n&#8211; Beguda i caf\u00e8<\/li>\n<li>Men\u00fa del diumenge 24 de novembre. Inclou:<br \/>\n&#8211; Pa, allioli i olives<br \/>\n&#8211; Primer plat: Arr\u00f2s brut<br \/>\n&#8211; Plat principal: Galta de porc al vi amb guarnici\u00f3 de patates<br \/>\n&#8211; Postres: Tiramis\u00fa<br \/>\n&#8211; Beguda i caf\u00e8<\/li>\n<\/ul>\n<p><strong>BOET Gastrobar<br \/>\n<\/strong>Pla\u00e7a Major, 2 \u00b7 871 85 25 56 Servei a domicili a trav\u00e9s d&#8217;A taula<br \/>\n\u2022 Frit de carabassa<br \/>\n\u2022 Frit de matances<br \/>\n\u2022 Caragols<br \/>\n\u2022 Arr\u00f2s brut<br \/>\n\u2022 Filet de gall amb salsa verda i ceba cruixent<br \/>\n\u2022 Postres casolanes<\/p>\n<p><strong>Vaumar Caf\u00e8<br \/>\n<\/strong>Pla\u00e7a Major, 13 \u00b7 971 544 417<br \/>\n\u2022 Raviolis de carn amb crema d\u2019espinacs<\/p>\n","protected":false},"excerpt":{"rendered":"<p>Aquesta novena edici\u00f3 tendr\u00e0 lloc els dies 23 i 24 de novembre<\/p>\n","protected":false},"author":1,"featured_media":92366,"comment_status":"open","ping_status":"closed","sticky":false,"template":"","format":"standard","meta":{"_acf_changed":false,"_swt_meta_header_display":false,"_swt_meta_footer_display":false,"_swt_meta_site_title_display":false,"_swt_meta_sticky_header":false,"_swt_meta_transparent_header":false,"footnotes":""},"categories":[1046,1475],"tags":[],"coauthors":[2053],"class_list":["post-92370","post","type-post","status-publish","format-standard","has-post-thumbnail","hentry","category-actualitat-es-en","category-reportatges-i-novetats-en"],"acf":{"gallery":null,"home_date":{"home_begin_date":null,"home_end_date":null}},"yoast_head":"<!-- This site is optimized with the Yoast SEO plugin v27.4 - https:\/\/yoast.com\/product\/yoast-seo-wordpress\/ -->\n<title>Arriba l&#039;esperada Fira de l&#039;Arr\u00f2s Pobler i les jornada Menjar B\u00e9 a sa Pobla - Gastron\u00f2micament<\/title>\n<meta name=\"description\" content=\"Arriba l&#039;esperada Fira de l&#039;Arr\u00f2s Pobler i les jornada Menjar B\u00e9 a sa Pobla Actualitat, Reportatges i novetats Aquesta novena edici\u00f3 tendr\u00e0 lloc els dies 23 i 24 de novembre\" \/>\n<meta name=\"robots\" content=\"index, follow, max-snippet:-1, max-image-preview:large, max-video-preview:-1\" \/>\n<link rel=\"canonical\" href=\"https:\/\/gastronomicament.cat\/en\/arriba-lesperada-fira-de-larros-pobler-i-les-jornada-menjar-be-a-sa-pobla\" \/>\n<meta property=\"og:locale\" content=\"en_US\" \/>\n<meta property=\"og:type\" content=\"article\" \/>\n<meta property=\"og:title\" content=\"Arriba l&#039;esperada Fira de l&#039;Arr\u00f2s Pobler i les jornada Menjar B\u00e9 a sa Pobla - Gastron\u00f2micament\" \/>\n<meta property=\"og:description\" content=\"Arriba l&#039;esperada Fira de l&#039;Arr\u00f2s Pobler i les jornada Menjar B\u00e9 a sa Pobla Actualitat, Reportatges i novetats Aquesta novena edici\u00f3 tendr\u00e0 lloc els dies 23 i 24 de novembre\" \/>\n<meta property=\"og:url\" content=\"https:\/\/gastronomicament.cat\/en\/arriba-lesperada-fira-de-larros-pobler-i-les-jornada-menjar-be-a-sa-pobla\" \/>\n<meta property=\"og:site_name\" content=\"Gastron\u00f2micament\" \/>\n<meta property=\"article:published_time\" content=\"2024-11-18T08:42:12+00:00\" \/>\n<meta property=\"article:modified_time\" content=\"2024-11-18T08:42:31+00:00\" \/>\n<meta property=\"og:image\" content=\"https:\/\/gastronomicament.cat\/wp-content\/uploads\/2024\/11\/Fira-Arros-Pobler-2024-Menjar-Be-a-sa-Pobla.jpg\" \/>\n\t<meta property=\"og:image:width\" content=\"1024\" \/>\n\t<meta property=\"og:image:height\" content=\"768\" \/>\n\t<meta property=\"og:image:type\" content=\"image\/jpeg\" \/>\n<meta name=\"author\" content=\"Redacci\u00f3\" \/>\n<meta name=\"twitter:card\" content=\"summary_large_image\" \/>\n<meta name=\"twitter:creator\" content=\"@gastronomicamen\" \/>\n<meta name=\"twitter:site\" content=\"@gastronomicamen\" \/>\n<meta name=\"twitter:label1\" content=\"Written by\" \/>\n\t<meta name=\"twitter:data1\" content=\"Redacci\u00f3\" \/>\n\t<meta name=\"twitter:label2\" content=\"Est. reading time\" \/>\n\t<meta name=\"twitter:data2\" content=\"5 minutes\" \/>\n<script type=\"application\/ld+json\" class=\"yoast-schema-graph\">{\"@context\":\"https:\\\/\\\/schema.org\",\"@graph\":[{\"@type\":\"Article\",\"@id\":\"https:\\\/\\\/gastronomicament.cat\\\/en\\\/arriba-lesperada-fira-de-larros-pobler-i-les-jornada-menjar-be-a-sa-pobla#article\",\"isPartOf\":{\"@id\":\"https:\\\/\\\/gastronomicament.cat\\\/en\\\/arriba-lesperada-fira-de-larros-pobler-i-les-jornada-menjar-be-a-sa-pobla\"},\"author\":{\"name\":\"Redacci\u00f3\",\"@id\":\"https:\\\/\\\/gastronomicament.cat\\\/en\\\/#\\\/schema\\\/person\\\/a7c85c537a1ed62799a5b8e0f686a37f\"},\"headline\":\"Arriba l&#8217;esperada Fira de l&#8217;Arr\u00f2s Pobler i les jornada Menjar B\u00e9 a sa Pobla\",\"datePublished\":\"2024-11-18T08:42:12+00:00\",\"dateModified\":\"2024-11-18T08:42:31+00:00\",\"mainEntityOfPage\":{\"@id\":\"https:\\\/\\\/gastronomicament.cat\\\/en\\\/arriba-lesperada-fira-de-larros-pobler-i-les-jornada-menjar-be-a-sa-pobla\"},\"wordCount\":779,\"commentCount\":0,\"publisher\":{\"@id\":\"https:\\\/\\\/gastronomicament.cat\\\/en\\\/#organization\"},\"image\":{\"@id\":\"https:\\\/\\\/gastronomicament.cat\\\/en\\\/arriba-lesperada-fira-de-larros-pobler-i-les-jornada-menjar-be-a-sa-pobla#primaryimage\"},\"thumbnailUrl\":\"https:\\\/\\\/gastronomicament.cat\\\/wp-content\\\/uploads\\\/2024\\\/11\\\/Fira-Arros-Pobler-2024-Menjar-Be-a-sa-Pobla.jpg\",\"articleSection\":[\"Actualitat\",\"Reportatges i novetats\"],\"inLanguage\":\"en-US\",\"potentialAction\":[{\"@type\":\"CommentAction\",\"name\":\"Comment\",\"target\":[\"https:\\\/\\\/gastronomicament.cat\\\/en\\\/arriba-lesperada-fira-de-larros-pobler-i-les-jornada-menjar-be-a-sa-pobla#respond\"]}]},{\"@type\":\"WebPage\",\"@id\":\"https:\\\/\\\/gastronomicament.cat\\\/en\\\/arriba-lesperada-fira-de-larros-pobler-i-les-jornada-menjar-be-a-sa-pobla\",\"url\":\"https:\\\/\\\/gastronomicament.cat\\\/en\\\/arriba-lesperada-fira-de-larros-pobler-i-les-jornada-menjar-be-a-sa-pobla\",\"name\":\"Arriba l'esperada Fira de l'Arr\u00f2s Pobler i les jornada Menjar B\u00e9 a sa Pobla - Gastron\u00f2micament\",\"isPartOf\":{\"@id\":\"https:\\\/\\\/gastronomicament.cat\\\/en\\\/#website\"},\"primaryImageOfPage\":{\"@id\":\"https:\\\/\\\/gastronomicament.cat\\\/en\\\/arriba-lesperada-fira-de-larros-pobler-i-les-jornada-menjar-be-a-sa-pobla#primaryimage\"},\"image\":{\"@id\":\"https:\\\/\\\/gastronomicament.cat\\\/en\\\/arriba-lesperada-fira-de-larros-pobler-i-les-jornada-menjar-be-a-sa-pobla#primaryimage\"},\"thumbnailUrl\":\"https:\\\/\\\/gastronomicament.cat\\\/wp-content\\\/uploads\\\/2024\\\/11\\\/Fira-Arros-Pobler-2024-Menjar-Be-a-sa-Pobla.jpg\",\"datePublished\":\"2024-11-18T08:42:12+00:00\",\"dateModified\":\"2024-11-18T08:42:31+00:00\",\"description\":\"Arriba l'esperada Fira de l'Arr\u00f2s Pobler i les jornada Menjar B\u00e9 a sa Pobla Actualitat, Reportatges i novetats Aquesta novena edici\u00f3 tendr\u00e0 lloc els dies 23 i 24 de novembre\",\"inLanguage\":\"en-US\",\"potentialAction\":[{\"@type\":\"ReadAction\",\"target\":[\"https:\\\/\\\/gastronomicament.cat\\\/en\\\/arriba-lesperada-fira-de-larros-pobler-i-les-jornada-menjar-be-a-sa-pobla\"]}]},{\"@type\":\"ImageObject\",\"inLanguage\":\"en-US\",\"@id\":\"https:\\\/\\\/gastronomicament.cat\\\/en\\\/arriba-lesperada-fira-de-larros-pobler-i-les-jornada-menjar-be-a-sa-pobla#primaryimage\",\"url\":\"https:\\\/\\\/gastronomicament.cat\\\/wp-content\\\/uploads\\\/2024\\\/11\\\/Fira-Arros-Pobler-2024-Menjar-Be-a-sa-Pobla.jpg\",\"contentUrl\":\"https:\\\/\\\/gastronomicament.cat\\\/wp-content\\\/uploads\\\/2024\\\/11\\\/Fira-Arros-Pobler-2024-Menjar-Be-a-sa-Pobla.jpg\",\"width\":1024,\"height\":768},{\"@type\":\"WebSite\",\"@id\":\"https:\\\/\\\/gastronomicament.cat\\\/en\\\/#website\",\"url\":\"https:\\\/\\\/gastronomicament.cat\\\/en\\\/\",\"name\":\"Gastron\u00f2micament\",\"description\":\"Portal de restaurants, receptes i actualitat gastron\u00f2mica\",\"publisher\":{\"@id\":\"https:\\\/\\\/gastronomicament.cat\\\/en\\\/#organization\"},\"potentialAction\":[{\"@type\":\"SearchAction\",\"target\":{\"@type\":\"EntryPoint\",\"urlTemplate\":\"https:\\\/\\\/gastronomicament.cat\\\/en\\\/?s={search_term_string}\"},\"query-input\":{\"@type\":\"PropertyValueSpecification\",\"valueRequired\":true,\"valueName\":\"search_term_string\"}}],\"inLanguage\":\"en-US\"},{\"@type\":\"Organization\",\"@id\":\"https:\\\/\\\/gastronomicament.cat\\\/en\\\/#organization\",\"name\":\"Gastron\u00f2micament\",\"url\":\"https:\\\/\\\/gastronomicament.cat\\\/en\\\/\",\"logo\":{\"@type\":\"ImageObject\",\"inLanguage\":\"en-US\",\"@id\":\"https:\\\/\\\/gastronomicament.cat\\\/en\\\/#\\\/schema\\\/logo\\\/image\\\/\",\"url\":\"https:\\\/\\\/gastronomicament.cat\\\/wp-content\\\/uploads\\\/2016\\\/09\\\/header-logo.jpg\",\"contentUrl\":\"https:\\\/\\\/gastronomicament.cat\\\/wp-content\\\/uploads\\\/2016\\\/09\\\/header-logo.jpg\",\"width\":277,\"height\":39,\"caption\":\"Gastron\u00f2micament\"},\"image\":{\"@id\":\"https:\\\/\\\/gastronomicament.cat\\\/en\\\/#\\\/schema\\\/logo\\\/image\\\/\"},\"sameAs\":[\"https:\\\/\\\/x.com\\\/gastronomicamen\"]},{\"@type\":\"Person\",\"@id\":\"https:\\\/\\\/gastronomicament.cat\\\/en\\\/#\\\/schema\\\/person\\\/a7c85c537a1ed62799a5b8e0f686a37f\",\"name\":\"Redacci\u00f3\",\"image\":{\"@type\":\"ImageObject\",\"inLanguage\":\"en-US\",\"@id\":\"https:\\\/\\\/secure.gravatar.com\\\/avatar\\\/9489a485c464fd611d33825daae651d13db70c4e74c65c94937a15a9d4c3ee14?s=96&d=mm&r=g69fea3cce3645dfa2166e7293e22955e\",\"url\":\"https:\\\/\\\/secure.gravatar.com\\\/avatar\\\/9489a485c464fd611d33825daae651d13db70c4e74c65c94937a15a9d4c3ee14?s=96&d=mm&r=g\",\"contentUrl\":\"https:\\\/\\\/secure.gravatar.com\\\/avatar\\\/9489a485c464fd611d33825daae651d13db70c4e74c65c94937a15a9d4c3ee14?s=96&d=mm&r=g\",\"caption\":\"Redacci\u00f3\"},\"sameAs\":[\"http:\\\/\\\/gastronomicament.cat\"],\"url\":\"https:\\\/\\\/gastronomicament.cat\\\/en\\\/author\\\/admin\"}]}<\/script>\n<!-- \/ Yoast SEO plugin. -->","yoast_head_json":{"title":"Arriba l'esperada Fira de l'Arr\u00f2s Pobler i les jornada Menjar B\u00e9 a sa Pobla - Gastron\u00f2micament","description":"Arriba l'esperada Fira de l'Arr\u00f2s Pobler i les jornada Menjar B\u00e9 a sa Pobla Actualitat, Reportatges i novetats Aquesta novena edici\u00f3 tendr\u00e0 lloc els dies 23 i 24 de novembre","robots":{"index":"index","follow":"follow","max-snippet":"max-snippet:-1","max-image-preview":"max-image-preview:large","max-video-preview":"max-video-preview:-1"},"canonical":"https:\/\/gastronomicament.cat\/en\/arriba-lesperada-fira-de-larros-pobler-i-les-jornada-menjar-be-a-sa-pobla","og_locale":"en_US","og_type":"article","og_title":"Arriba l'esperada Fira de l'Arr\u00f2s Pobler i les jornada Menjar B\u00e9 a sa Pobla - Gastron\u00f2micament","og_description":"Arriba l'esperada Fira de l'Arr\u00f2s Pobler i les jornada Menjar B\u00e9 a sa Pobla Actualitat, Reportatges i novetats Aquesta novena edici\u00f3 tendr\u00e0 lloc els dies 23 i 24 de novembre","og_url":"https:\/\/gastronomicament.cat\/en\/arriba-lesperada-fira-de-larros-pobler-i-les-jornada-menjar-be-a-sa-pobla","og_site_name":"Gastron\u00f2micament","article_published_time":"2024-11-18T08:42:12+00:00","article_modified_time":"2024-11-18T08:42:31+00:00","og_image":[{"width":1024,"height":768,"url":"https:\/\/gastronomicament.cat\/wp-content\/uploads\/2024\/11\/Fira-Arros-Pobler-2024-Menjar-Be-a-sa-Pobla.jpg","type":"image\/jpeg"}],"author":"Redacci\u00f3","twitter_card":"summary_large_image","twitter_creator":"@gastronomicamen","twitter_site":"@gastronomicamen","twitter_misc":{"Written by":"Redacci\u00f3","Est. reading time":"5 minutes"},"schema":{"@context":"https:\/\/schema.org","@graph":[{"@type":"Article","@id":"https:\/\/gastronomicament.cat\/en\/arriba-lesperada-fira-de-larros-pobler-i-les-jornada-menjar-be-a-sa-pobla#article","isPartOf":{"@id":"https:\/\/gastronomicament.cat\/en\/arriba-lesperada-fira-de-larros-pobler-i-les-jornada-menjar-be-a-sa-pobla"},"author":{"name":"Redacci\u00f3","@id":"https:\/\/gastronomicament.cat\/en\/#\/schema\/person\/a7c85c537a1ed62799a5b8e0f686a37f"},"headline":"Arriba l&#8217;esperada Fira de l&#8217;Arr\u00f2s Pobler i les jornada Menjar B\u00e9 a sa Pobla","datePublished":"2024-11-18T08:42:12+00:00","dateModified":"2024-11-18T08:42:31+00:00","mainEntityOfPage":{"@id":"https:\/\/gastronomicament.cat\/en\/arriba-lesperada-fira-de-larros-pobler-i-les-jornada-menjar-be-a-sa-pobla"},"wordCount":779,"commentCount":0,"publisher":{"@id":"https:\/\/gastronomicament.cat\/en\/#organization"},"image":{"@id":"https:\/\/gastronomicament.cat\/en\/arriba-lesperada-fira-de-larros-pobler-i-les-jornada-menjar-be-a-sa-pobla#primaryimage"},"thumbnailUrl":"https:\/\/gastronomicament.cat\/wp-content\/uploads\/2024\/11\/Fira-Arros-Pobler-2024-Menjar-Be-a-sa-Pobla.jpg","articleSection":["Actualitat","Reportatges i novetats"],"inLanguage":"en-US","potentialAction":[{"@type":"CommentAction","name":"Comment","target":["https:\/\/gastronomicament.cat\/en\/arriba-lesperada-fira-de-larros-pobler-i-les-jornada-menjar-be-a-sa-pobla#respond"]}]},{"@type":"WebPage","@id":"https:\/\/gastronomicament.cat\/en\/arriba-lesperada-fira-de-larros-pobler-i-les-jornada-menjar-be-a-sa-pobla","url":"https:\/\/gastronomicament.cat\/en\/arriba-lesperada-fira-de-larros-pobler-i-les-jornada-menjar-be-a-sa-pobla","name":"Arriba l'esperada Fira de l'Arr\u00f2s Pobler i les jornada Menjar B\u00e9 a sa Pobla - Gastron\u00f2micament","isPartOf":{"@id":"https:\/\/gastronomicament.cat\/en\/#website"},"primaryImageOfPage":{"@id":"https:\/\/gastronomicament.cat\/en\/arriba-lesperada-fira-de-larros-pobler-i-les-jornada-menjar-be-a-sa-pobla#primaryimage"},"image":{"@id":"https:\/\/gastronomicament.cat\/en\/arriba-lesperada-fira-de-larros-pobler-i-les-jornada-menjar-be-a-sa-pobla#primaryimage"},"thumbnailUrl":"https:\/\/gastronomicament.cat\/wp-content\/uploads\/2024\/11\/Fira-Arros-Pobler-2024-Menjar-Be-a-sa-Pobla.jpg","datePublished":"2024-11-18T08:42:12+00:00","dateModified":"2024-11-18T08:42:31+00:00","description":"Arriba l'esperada Fira de l'Arr\u00f2s Pobler i les jornada Menjar B\u00e9 a sa Pobla Actualitat, Reportatges i novetats Aquesta novena edici\u00f3 tendr\u00e0 lloc els dies 23 i 24 de novembre","inLanguage":"en-US","potentialAction":[{"@type":"ReadAction","target":["https:\/\/gastronomicament.cat\/en\/arriba-lesperada-fira-de-larros-pobler-i-les-jornada-menjar-be-a-sa-pobla"]}]},{"@type":"ImageObject","inLanguage":"en-US","@id":"https:\/\/gastronomicament.cat\/en\/arriba-lesperada-fira-de-larros-pobler-i-les-jornada-menjar-be-a-sa-pobla#primaryimage","url":"https:\/\/gastronomicament.cat\/wp-content\/uploads\/2024\/11\/Fira-Arros-Pobler-2024-Menjar-Be-a-sa-Pobla.jpg","contentUrl":"https:\/\/gastronomicament.cat\/wp-content\/uploads\/2024\/11\/Fira-Arros-Pobler-2024-Menjar-Be-a-sa-Pobla.jpg","width":1024,"height":768},{"@type":"WebSite","@id":"https:\/\/gastronomicament.cat\/en\/#website","url":"https:\/\/gastronomicament.cat\/en\/","name":"Gastron\u00f2micament","description":"Portal de restaurants, receptes i actualitat gastron\u00f2mica","publisher":{"@id":"https:\/\/gastronomicament.cat\/en\/#organization"},"potentialAction":[{"@type":"SearchAction","target":{"@type":"EntryPoint","urlTemplate":"https:\/\/gastronomicament.cat\/en\/?s={search_term_string}"},"query-input":{"@type":"PropertyValueSpecification","valueRequired":true,"valueName":"search_term_string"}}],"inLanguage":"en-US"},{"@type":"Organization","@id":"https:\/\/gastronomicament.cat\/en\/#organization","name":"Gastron\u00f2micament","url":"https:\/\/gastronomicament.cat\/en\/","logo":{"@type":"ImageObject","inLanguage":"en-US","@id":"https:\/\/gastronomicament.cat\/en\/#\/schema\/logo\/image\/","url":"https:\/\/gastronomicament.cat\/wp-content\/uploads\/2016\/09\/header-logo.jpg","contentUrl":"https:\/\/gastronomicament.cat\/wp-content\/uploads\/2016\/09\/header-logo.jpg","width":277,"height":39,"caption":"Gastron\u00f2micament"},"image":{"@id":"https:\/\/gastronomicament.cat\/en\/#\/schema\/logo\/image\/"},"sameAs":["https:\/\/x.com\/gastronomicamen"]},{"@type":"Person","@id":"https:\/\/gastronomicament.cat\/en\/#\/schema\/person\/a7c85c537a1ed62799a5b8e0f686a37f","name":"Redacci\u00f3","image":{"@type":"ImageObject","inLanguage":"en-US","@id":"https:\/\/secure.gravatar.com\/avatar\/9489a485c464fd611d33825daae651d13db70c4e74c65c94937a15a9d4c3ee14?s=96&d=mm&r=g69fea3cce3645dfa2166e7293e22955e","url":"https:\/\/secure.gravatar.com\/avatar\/9489a485c464fd611d33825daae651d13db70c4e74c65c94937a15a9d4c3ee14?s=96&d=mm&r=g","contentUrl":"https:\/\/secure.gravatar.com\/avatar\/9489a485c464fd611d33825daae651d13db70c4e74c65c94937a15a9d4c3ee14?s=96&d=mm&r=g","caption":"Redacci\u00f3"},"sameAs":["http:\/\/gastronomicament.cat"],"url":"https:\/\/gastronomicament.cat\/en\/author\/admin"}]}},"_links":{"self":[{"href":"https:\/\/gastronomicament.cat\/en\/wp-json\/wp\/v2\/posts\/92370","targetHints":{"allow":["GET"]}}],"collection":[{"href":"https:\/\/gastronomicament.cat\/en\/wp-json\/wp\/v2\/posts"}],"about":[{"href":"https:\/\/gastronomicament.cat\/en\/wp-json\/wp\/v2\/types\/post"}],"author":[{"embeddable":true,"href":"https:\/\/gastronomicament.cat\/en\/wp-json\/wp\/v2\/users\/1"}],"replies":[{"embeddable":true,"href":"https:\/\/gastronomicament.cat\/en\/wp-json\/wp\/v2\/comments?post=92370"}],"version-history":[{"count":0,"href":"https:\/\/gastronomicament.cat\/en\/wp-json\/wp\/v2\/posts\/92370\/revisions"}],"wp:featuredmedia":[{"embeddable":true,"href":"https:\/\/gastronomicament.cat\/en\/wp-json\/wp\/v2\/media\/92366"}],"wp:attachment":[{"href":"https:\/\/gastronomicament.cat\/en\/wp-json\/wp\/v2\/media?parent=92370"}],"wp:term":[{"taxonomy":"category","embeddable":true,"href":"https:\/\/gastronomicament.cat\/en\/wp-json\/wp\/v2\/categories?post=92370"},{"taxonomy":"post_tag","embeddable":true,"href":"https:\/\/gastronomicament.cat\/en\/wp-json\/wp\/v2\/tags?post=92370"},{"taxonomy":"author","embeddable":true,"href":"https:\/\/gastronomicament.cat\/en\/wp-json\/wp\/v2\/coauthors?post=92370"}],"curies":[{"name":"wp","href":"https:\/\/api.w.org\/{rel}","templated":true}]}}