{"id":92389,"date":"2024-11-18T09:55:04","date_gmt":"2024-11-18T08:55:04","guid":{"rendered":"https:\/\/gastronomicament.cat\/flor-de-figa-es-vergonyos-que-ladministracio-no-hagi-fet-res-davant-la-perdua-de-milenars-dhectarees-de-cultius"},"modified":"2024-11-18T09:55:04","modified_gmt":"2024-11-18T08:55:04","slug":"flor-de-figa-es-vergonyos-que-ladministracio-no-hagi-fet-res-davant-la-perdua-de-milenars-dhectarees-de-cultius","status":"publish","type":"post","link":"https:\/\/gastronomicament.cat\/en\/flor-de-figa-es-vergonyos-que-ladministracio-no-hagi-fet-res-davant-la-perdua-de-milenars-dhectarees-de-cultius","title":{"rendered":"Flor de Figa: \u201c\u00c9s vergony\u00f3s que l\u2019Administraci\u00f3 no hagi fet res davant la p\u00e8rdua de milenars d\u2019hect\u00e0rees de cultius\u201d"},"content":{"rendered":"<p>L\u2019any 2023, APAEMA apuntava que aproximadament 110.000 hect\u00e0rees cultivables a Mallorca s\u00f3n en mans de persones i fam\u00edlies que es dediquen a foravila a temps parcial. Aix\u00f2 representa el 64% del terreny agr\u00edcola total. Hi ha molta gent que mant\u00e9 el paisatge i la biodiversitat agr\u00edcola sense cobrir ni tan sols les despeses.<\/p>\n<p>Tamb\u00e9 n&#8217;hi ha que no tenen un m\u00ednim reconeixement. La<strong>\u00a0fam\u00edlia Cloquell-Espases<\/strong>\u00a0era una d\u2019aquestes fins que el seu projecte\u00a0<strong>Flor de Figa<\/strong>\u00a0va rebre el Premi Relleu Generacional Rural Up 2023. Flor de Figa t\u00e9 com a objectiu\u00a0<strong>fomentar nous figuerals com a plantaci\u00f3 de petites finques<\/strong>. Reclamen \u201cque l\u2019\u00fas agrari sigui el prioritari al s\u00f2l r\u00fastic\u201d.<\/p>\n<p>Diu el pare de la fam\u00edlia que els pagesos l\u2019han vist sempre \u201ccom un pag\u00e8s de cap de setmana\u201d i que els seus companys de Palma \u201ccom un flipat\u201d del camp. El que queda, per moltes figues que tirin uns i altres, \u00e9s una fam\u00edlia que ha mantengut el seu lligam amb la terra, que viu com un deure gaireb\u00e9 moral sembrar de bell nou les faltes d\u2019arbres morts.<\/p>\n<p><strong>Veniu de fam\u00edlia pagesa?<br \/>\n<\/strong>S\u00ed i no. Als anys vint, la nostra fam\u00edlia va fer doblers amb la vinya i el vi. Sobretot el meu conco. Ell tenia finques i en duia d\u2019altra gent. Va ser l\u2019amo de Son Mesquida. El conco\u00a0tenia 42 quarterades, que es varen anar dividint. Mon pare feia el mateix que jo. No era pag\u00e8s professional, per\u00f2 venia aqu\u00ed cada dia. Tenia una altra feina, era aparellador als serveis \u00a0ferroviaris. Quan ens va arribar a nosaltres, els fills, es va tornar a dividir entre germans i cosins. Les terres es va mantenir a la fam\u00edlia fins a comen\u00e7ament dels 2000, quan es va vendre quasi tot. Nom\u00e9s queda el que tenim nosaltres.<\/p>\n<p><strong>Com aix\u00ed no les v\u00e0reu vendre?<br \/>\n<\/strong>Per la curolla de conservar la finca. Mon pare va lluitar per la finca una bestialitat. I jo trobava vendre-les per fer un xalet a sa R\u00e0pita no era una opci\u00f3 que m&#8217;atreia. Tot aix\u00f2 ha estat una decisi\u00f3 meva que els ha perjudicat a ells [diu en Pon\u00e7 mirant els seus fills]. Aqu\u00ed he fet moltes inversions. I tot ha sortit d\u2019un sou, ni de vendre altres propietats o de pegar pilotades per dur els doblers cap aqu\u00ed, ni del que donava la finca.<\/p>\n<p><strong>Fa uns anys v\u00e0reu decidir reformular totalment el maneig de la finca. Com aix\u00ed?<br \/>\n<\/strong>El meu model de finca s\u2019havia basat en tenir porcs en extensiu. Tenia una trentena de truges, dos verros i en venia els porcells. Primer a trav\u00e9s d\u2019una cooperativa, i despr\u00e9s a un mercader. Aix\u00f2 suposava estar sempre darrere els preus que marcaven els altres. Per aix\u00f2 v\u00e0rem comen\u00e7ar a llevar porcs i posar arbres: ametllers. Quan tengu\u00e9rem sembrat el primer redol, el preu de l\u2019ametlla se\u2019n va anar per avall. Es va enfonsar. De nou, era dependre d\u2019uns lobbies, ja globals, que tiren el mercat en terra quan volen. La conclusi\u00f3 va ser que hav\u00edem de cercar un distintiu i enfocar-nos en el mercat local. Manejar el preu nosaltres.<\/p>\n<p><strong>La vostra aposta ha estat la recuperaci\u00f3 del cultiu de figuera. En qu\u00e8 consisteix el vostre projecte?<\/strong><br \/>\nPer ara hem fet una plantaci\u00f3 experimental amb diverses varietats de figueres per veure quines s\u00f3n les que van m\u00e9s b\u00e9, quina resposta de venda hi ha i quina capacitat t\u00e9 el mercat d\u2019absorbir aquest producte. La base que hem decidit a camp \u00e9s que sigui a la seca i certificat en ecol\u00f2gic. A partir d\u2019aqu\u00ed con\u00e8ixer quins s\u00f3n aquells condicionants que hem d\u2019anar adaptant per poder fer que aquest projecte sigui rendible.<\/p>\n<p><strong>Pensau que la figa est\u00e0 ben valorada encara?<br \/>\n<\/strong>Ha baixat el consum a mesura que han anat succeint les generacions. Per\u00f2 si grates un poc \u00e9s una cosa que \u00e9s all\u00e0, que ens la sentim nostra. No s\u00e9 si \u00e9s per nost\u00e0lgia, per\u00f2 hi ha gent que va menjar moltes figues i que comen\u00e7a a veure que les noves generacions no han tengut aquesta sort. O, fins i tot, que ells ja no en troben a la venda. Cal tenir en compte que la figa \u00e9s una fruita delicada, suau, gustosa i dol\u00e7a que molta gent en gaudeix. I m\u00e9s, els seus pinyolets s\u00f3n cruixents. Ho t\u00e9 tot per ser una fruita que recuperem i posem de moda.<\/p>\n<p><strong>Un d\u2019aquests condicionats del mercat \u00e9s apostar pels elaborats i no nom\u00e9s per la figa fresca?<\/strong><br \/>\nS\u00ed. Sabem que hi ha molta demanda de figa seca al mercat. Per aix\u00f2, de moment hem habilitat un petit obrador a la finca. Ara tenim el registre sanitari per assecar figues i fer elaborats amb ametlla tamb\u00e9, perqu\u00e8 encara no hi hem perdut l\u2019esperan\u00e7a. L\u2019assecador tamb\u00e9 el plantejam per assecar altres productes, coordinats amb altres productors, fora de la temporada de la figa, com ara albercocs, tom\u00e0tigues o taronges, per exemple. Tamb\u00e9 confiam que una part dels nostres elaborats els volem fer a S\u2019Obrador d\u2019APAEMA. L\u2019any passat v\u00e0rem fer la primera confitura i v\u00e0rem quedar molt contents ha funcionat molt a les fires que hem fet.<\/p>\n<p><strong>I en fresc veneu una part de la producci\u00f3?<br \/>\n<\/strong>S\u00ed. La figa \u00e9s molt delicada. Per aix\u00f2 hem apostat per fer capsetes de cart\u00f3 semitancades en lloc de vendre-les dins caixons. No ens agrada veure caixons de figues plens de mosques. Volem vendre fruita fresca. Per aix\u00f2 nom\u00e9s comercialitzam en format de mig o un quilo. Amb aquestes capsetes ens asseguram que nom\u00e9s la tocam nosaltres una vegada, quan l\u2019agafam. \u00c9s un canvi en la comercialitzaci\u00f3, per\u00f2 l\u2019any passat els comer\u00e7os varen quedar molt contents perqu\u00e8 la p\u00e8rdua que tenen \u00e9s m\u00ednima. No han de llen\u00e7ar pr\u00e0cticament res. Aix\u00ed tamb\u00e9 el preu, que podem marcar nosaltres, \u00e9s m\u00e9s just per tothom i asseguram una qualitat alta, que s\u00f3n dos dels nostres objectius principals. Per ara nom\u00e9s venem a comer\u00e7os certificats en ecol\u00f2gic i la primera temporada consideram que va ser un \u00e8xit.<\/p>\n<p><strong>Tornant als elaborats, quines proves heu fet?<br \/>\n<\/strong>Les proves sanit\u00e0ries de figues seques ens han donat molt bon resultat i aviat estarem llestos per distribuir, enguany ser\u00e0 el primer any. Despr\u00e9s hem fet proves de pasta de figa seca, que aix\u00f2 est\u00e0 directament pensat per ser un ingredient i oferir-lo a ind\u00fastries. Els resultats tamb\u00e9 s\u00f3n interessants.<\/p>\n<p><strong>Com assecau les figues?<br \/>\n<\/strong>Tenim dues m\u00e0quines deshidratadores. Sanit\u00e0riament, et demanen que l\u2019\u00edndex d\u2019aigua de la fruita ha d\u2019haver baixat al 0,7 en tres dies. Al sol, com es feia antigament, es torba unes setmanes. Per tant, no podem fer-ho com es feia tradicionalment damunt els canyissos. Tamb\u00e9 volem continuar fent m\u00e9s proves i mirar de fer un proc\u00e9s mixt, per tal d\u2019exposar la figa al sol, amem si hi ha difer\u00e8ncies organol\u00e8ptiques o no.<\/p>\n<p><strong>Com v\u00e0reu triar les varietats de figueres per sembrar?<br \/>\n<\/strong>Aqu\u00ed, de viver, no trob\u00e0rem res. No hi havia ning\u00fa que estigu\u00e9s fent reproducci\u00f3 amb estaques. Tot s\u2019estava morint. La\u00a0<em>xylella\u00a0<\/em>estava pegant tamb\u00e9 a les figueres. V\u00e0rem trobar a Val\u00e8ncia un viver que s\u00ed que en tenia planter. Tenien varietats que donaven un bon rendiment. En aquell moment nom\u00e9s feien una varietat local d\u2019aqu\u00ed, ara ja en fan m\u00e9s. Vist en perspectiva ens hauria agradat tenir m\u00e9s arbres de varietat locals. Si miram quines s\u00f3n les varietats m\u00e9s se solen fer a la pen\u00ednsula (zona mediterr\u00e0nia de Catalunya i Val\u00e8ncia) dins projectes rendibles, tenim les mateixes.<\/p>\n<p><strong>Per qu\u00e8 v\u00e0reu decidir certificar-vos en ecol\u00f2gic?<br \/>\n<\/strong>Per consci\u00e8ncia. Vol\u00edem fer-ho a la seca i, ja que ho f\u00e8iem aix\u00ed vol\u00edem tamb\u00e9 que fos el m\u00e9s respectu\u00f3s possible amb el medi ambient. Sobretot pel que fa als tractaments dels ametllers, perqu\u00e8 les figueres no necessiten gaire cosa. Nom\u00e9s \u00e9s fer un canvi de xip, no curar sin\u00f3 fer prevenci\u00f3. No va ser un tema de marca.<\/p>\n<p><strong>Tot i que heu mantengut la finca molts d\u2019anys, quines dificultats heu trobat darrerament? On heu trobat m\u00e9s entrebancs? Per ventura a la part sanit\u00e0ria?<\/strong><br \/>\nNo. Amb el tema sanitari hem trobat molt bona predisposici\u00f3 per part de l\u2019Administraci\u00f3 corresponent. L&#8217;entrebanc l&#8217;hem trobat perqu\u00e8 hem hagut de fer unes inversions importants que no ten\u00edem previstes. Tamb\u00e9 on hem tengut m\u00e9s problemes ha estat amb la normativa agr\u00edcola. B\u00e9, sense por podem dir que el problema ha estat la Conselleria d\u2019Agricultura. Xerrant amb altres pagesos, veus que \u00e9s aqu\u00ed on tothom que vol fer agricultura acaba topant. Per fer inversions som professionals, per\u00f2 a l\u2019hora de ser reconeguts com a tals i poder optar a ajudes, tot s\u00f3n problemes. El model que s\u2019incentiva \u00e9s que els joves es facin professionals i tot d\u2019una \u201crebran molts de doblers. Aix\u00f2 est\u00e0 molt b\u00e9, per\u00f2 que passa si a la piscina no hi ha aigua?<\/p>\n<p><strong>Pensau que les finques petites haurien de rebre m\u00e9s ajuda per part de l\u2019Administraci\u00f3?<\/strong><br \/>\nEntenem que part de la normativa est\u00e0 pensada a Europa, per\u00f2 Mallorca t\u00e9 una realitat molt diferent. Seria interessant que finques relativament petites, com la nostra, puguin accedir a certes ajudes. Perqu\u00e8 aqu\u00ed molta gent, la majoria de fet, t\u00e9 finques petites. Foravila a Mallorca \u00e9s aix\u00ed. No podem funcionar nom\u00e9s amb les quatre finques grans que hi ha. Aix\u00f2 \u00e9s tot bocins de bocins. Si s\u2019exclouen els petits dels ajuts, com pretenen que comencem a fer a rodar projectes agr\u00edcoles? El m\u00e9s probable \u00e9s que s\u2019acabin venent o deixant com ha passat els darrers anys. No \u00e9s que sigui m\u00e9s f\u00e0cil vendre, \u00e9s que t\u2019espitgen a fer-ho si no tens esquena per comen\u00e7ar un projecte. I socialment, la gent que ha venut quedava com la intel\u00b7ligent i els que hem quedat cultivant un parell de quarterades com els tontos del poble. Que a Mallorca haguem perdut tants de millers d\u2019hect\u00e0rees de cultius els darrers deu anys \u00e9s greu. Ara b\u00e9, que ning\u00fa hagui fet res, que ning\u00fa hagui caigut de la cadira, que ning\u00fa s\u2019hagui pegat una bufetada amb la porta\u2026 \u00e9s vergony\u00f3s. I ells mateixos t\u2019ho diuen: \u201cnosotros trabajamos para los grandes\u201d. La resta, la majoria dels petits, seguim i continuarem sense esperar res d\u2019ells.<\/p>\n<p><strong>I el m\u00e9s satisfactori d\u2019haver comen\u00e7at el projecte que ha estat?<br \/>\n<\/strong>Sens dubte la resposta de la gent. Crec que si no hem perdut l\u2019esperan\u00e7a i pensam que el relleu generacional \u00e9s possible i que podrem arribar a viure d\u2019aquest projecte \u00e9s pel suport i \u00a0els \u00e0nims de molta gent.<\/p>\n<p><strong>Teniu la primera plantaci\u00f3 i l\u2019obrador. Quin \u00e9s el pla de futur? Heu de cr\u00e9ixer?<\/strong><br \/>\nS\u00ed, la nostra finca t\u00e9 un l\u00edmit. Per aix\u00f2, volem cr\u00e9ixer i estam cercant engrescar gent que, com nosaltres, tengui finques petites i que no s\u00e0piga com treure una rendibilitat. Volem que la gent torni a plantar figueres. La idea \u00e9s parlar i trobar una manera de col\u00b7laborar que ens encaixi. O b\u00e9 assegurant la compra de les produccions o b\u00e9 fent directament nosaltres el maneig de les plantacions. El projecte est\u00e0 pensat per acabar essent una cooperativa de petits propietaris. Nosaltres hem fet la prova pilot, digu\u00e9ssim, i amb tota la informaci\u00f3 i sabent que el cultiu \u00e9s rendible i amb una marca dins el mercat, ara ens veim amb cor d\u2019orientar la gent que no sap qu\u00e8 fer amb la seva finca. Si qualque soci d\u2019APAEMA ens ha de dir res, ja sap on som.<\/p>\n<p><strong>La figa \u00e9s una fruita una mica oblidada pels productors. Cada pocs anys un cultiu es posiciona com a salvador del sector. Quins comentaris vos fan altres companys pagesos quan els contau el vostre projecte?<\/strong><br \/>\nEls mallorquins estam sempre un poc darrere la roca. A nosaltres mateixos ens passa. Generalment, volem esperar a veure com van les coses. En part nosaltres feim aquesta prova, per aix\u00f2. Hem notat que hi ha inter\u00e8s, per\u00f2 que la gent espera. B\u00e9, s\u00ed d\u2019aqu\u00ed a dos anys seguim en marxa voldr\u00e0 dir que aix\u00f2 val la pena. Que \u00e9s rendible mantenir una finca petita amb aquest cultiu. Si posar vinya fa bo, respecte a tenir una finca en producci\u00f3, posar figueres tamb\u00e9 ho ha d\u2019arribar a significar.<\/p>\n<p><strong>Per qu\u00e8 vos v\u00e0reu fer socis d\u2019APAEMA, que vos aporta i que trobau a faltar?<br \/>\n<\/strong>Abans de donar-nos d\u2019alta al CBPAE ja ens v\u00e0rem fer socis d\u2019APAEMA. L\u2019inter\u00e8s en l\u2019agricultura ecol\u00f2gica ens hi va dur directes. Crec que aix\u00f2 ja diu bastant. Despr\u00e9s, els t\u00e8cnics sempre ens han donat suport en moltes q\u00fcestions, \u00e9s un equip molt atent i sempre est\u00e0 disposat a ajudar. S\u2019Obrador \u00e9s important tamb\u00e9 per a nosaltres. N&#8217;estam molt satisfests. Per ventura, ens agradaria que encara es fes m\u00e9s feina en crear xarxa entre productors i no sols amb els professionals o amb els que fan un mateix cultiu. Un altre vegada tornam all\u00e0 mateix: hi ha molts petits propietaris que junts i amb la visi\u00f3 de l\u2019agricultura d\u2019APAEMA podrien fer un bon canvi dins el sector. El creixement dels darrers anys de l\u2019entitat tamb\u00e9 ens t\u00e9 alerta i volem continuar participant activament de les assemblees perqu\u00e8 veim que estam en un moment delicat.<\/p>\n<p><strong>Com a patricarca, com heu viscut que els que us venen darrere (els fills)\u00a0s\u2019haguin implicat en una cosa a la qual has dedicat tant de temps?<br \/>\n<\/strong>No puc dir que jo no esper\u00e0s que la feina feta tengu\u00e9s continu\u00eftat. Ho he cercat, clar. Moltes vegades els dic que jo ja m\u2019hauria de llevar d\u2019enmig. Per\u00f2 com deia, si no hi ha aigua a la piscina, encara no els deixar\u00e9 que s\u2019hi tirin.<\/p>\n","protected":false},"excerpt":{"rendered":"<p>La fam\u00edlia Cloquell-Espases ha creat una projecte ben interessant amb la figa com a protagonista<\/p>\n","protected":false},"author":1,"featured_media":92385,"comment_status":"open","ping_status":"closed","sticky":false,"template":"","format":"gallery","meta":{"_acf_changed":false,"_swt_meta_header_display":false,"_swt_meta_footer_display":false,"_swt_meta_site_title_display":false,"_swt_meta_sticky_header":false,"_swt_meta_transparent_header":false,"footnotes":""},"categories":[1046,1475],"tags":[],"coauthors":[2053,2056],"class_list":["post-92389","post","type-post","status-publish","format-gallery","has-post-thumbnail","hentry","category-actualitat-es-en","category-reportatges-i-novetats-en","post_format-post-format-gallery"],"acf":{"gallery":null,"home_date":{"home_begin_date":null,"home_end_date":null}},"yoast_head":"<!-- This site is optimized with the Yoast SEO plugin v27.4 - https:\/\/yoast.com\/product\/yoast-seo-wordpress\/ -->\n<title>Flor de Figa: \u201c\u00c9s vergony\u00f3s que l\u2019Administraci\u00f3 no hagi fet res davant la p\u00e8rdua de milenars d\u2019hect\u00e0rees de cultius\u201d - Gastron\u00f2micament<\/title>\n<meta name=\"description\" content=\"Flor de Figa: \u201c\u00c9s vergony\u00f3s que l\u2019Administraci\u00f3 no hagi fet res davant la p\u00e8rdua de milenars d\u2019hect\u00e0rees de cultius\u201d Actualitat, Reportatges i novetats La fam\u00edlia Cloquell-Espases ha creat una projecte ben interessant amb la figa com a protagonista\" \/>\n<meta name=\"robots\" content=\"index, follow, max-snippet:-1, max-image-preview:large, max-video-preview:-1\" \/>\n<link rel=\"canonical\" href=\"https:\/\/gastronomicament.cat\/en\/flor-de-figa-es-vergonyos-que-ladministracio-no-hagi-fet-res-davant-la-perdua-de-milenars-dhectarees-de-cultius\" \/>\n<meta property=\"og:locale\" content=\"en_US\" \/>\n<meta property=\"og:type\" content=\"article\" \/>\n<meta property=\"og:title\" content=\"Flor de Figa: \u201c\u00c9s vergony\u00f3s que l\u2019Administraci\u00f3 no hagi fet res davant la p\u00e8rdua de milenars d\u2019hect\u00e0rees de cultius\u201d - Gastron\u00f2micament\" \/>\n<meta property=\"og:description\" content=\"Flor de Figa: \u201c\u00c9s vergony\u00f3s que l\u2019Administraci\u00f3 no hagi fet res davant la p\u00e8rdua de milenars d\u2019hect\u00e0rees de cultius\u201d Actualitat, Reportatges i novetats La fam\u00edlia Cloquell-Espases ha creat una projecte ben interessant amb la figa com a protagonista\" \/>\n<meta property=\"og:url\" content=\"https:\/\/gastronomicament.cat\/en\/flor-de-figa-es-vergonyos-que-ladministracio-no-hagi-fet-res-davant-la-perdua-de-milenars-dhectarees-de-cultius\" \/>\n<meta property=\"og:site_name\" content=\"Gastron\u00f2micament\" \/>\n<meta property=\"article:published_time\" content=\"2024-11-18T08:55:04+00:00\" \/>\n<meta property=\"og:image\" content=\"https:\/\/gastronomicament.cat\/wp-content\/uploads\/2024\/11\/Flor-de-figa-confitura-Mallorca.jpg\" \/>\n\t<meta property=\"og:image:width\" content=\"1200\" \/>\n\t<meta property=\"og:image:height\" content=\"676\" \/>\n\t<meta property=\"og:image:type\" content=\"image\/jpeg\" \/>\n<meta name=\"author\" content=\"Redacci\u00f3, APAEMA\" \/>\n<meta name=\"twitter:card\" content=\"summary_large_image\" \/>\n<meta name=\"twitter:creator\" content=\"@gastronomicamen\" \/>\n<meta name=\"twitter:site\" content=\"@gastronomicamen\" \/>\n<meta name=\"twitter:label1\" content=\"Written by\" \/>\n\t<meta name=\"twitter:data1\" content=\"Redacci\u00f3, APAEMA\" \/>\n\t<meta name=\"twitter:label2\" content=\"Est. reading time\" \/>\n\t<meta name=\"twitter:data2\" content=\"13 minutes\" \/>\n<script type=\"application\/ld+json\" class=\"yoast-schema-graph\">{\"@context\":\"https:\\\/\\\/schema.org\",\"@graph\":[{\"@type\":\"Article\",\"@id\":\"https:\\\/\\\/gastronomicament.cat\\\/en\\\/flor-de-figa-es-vergonyos-que-ladministracio-no-hagi-fet-res-davant-la-perdua-de-milenars-dhectarees-de-cultius#article\",\"isPartOf\":{\"@id\":\"https:\\\/\\\/gastronomicament.cat\\\/en\\\/flor-de-figa-es-vergonyos-que-ladministracio-no-hagi-fet-res-davant-la-perdua-de-milenars-dhectarees-de-cultius\"},\"author\":{\"name\":\"Redacci\u00f3\",\"@id\":\"https:\\\/\\\/gastronomicament.cat\\\/en\\\/#\\\/schema\\\/person\\\/a7c85c537a1ed62799a5b8e0f686a37f\"},\"headline\":\"Flor de Figa: \u201c\u00c9s vergony\u00f3s que l\u2019Administraci\u00f3 no hagi fet res davant la p\u00e8rdua de milenars d\u2019hect\u00e0rees de cultius\u201d\",\"datePublished\":\"2024-11-18T08:55:04+00:00\",\"mainEntityOfPage\":{\"@id\":\"https:\\\/\\\/gastronomicament.cat\\\/en\\\/flor-de-figa-es-vergonyos-que-ladministracio-no-hagi-fet-res-davant-la-perdua-de-milenars-dhectarees-de-cultius\"},\"wordCount\":2422,\"commentCount\":0,\"publisher\":{\"@id\":\"https:\\\/\\\/gastronomicament.cat\\\/en\\\/#organization\"},\"image\":{\"@id\":\"https:\\\/\\\/gastronomicament.cat\\\/en\\\/flor-de-figa-es-vergonyos-que-ladministracio-no-hagi-fet-res-davant-la-perdua-de-milenars-dhectarees-de-cultius#primaryimage\"},\"thumbnailUrl\":\"https:\\\/\\\/gastronomicament.cat\\\/wp-content\\\/uploads\\\/2024\\\/11\\\/Flor-de-figa-confitura-Mallorca.jpg\",\"articleSection\":[\"Actualitat\",\"Reportatges i novetats\"],\"inLanguage\":\"en-US\",\"potentialAction\":[{\"@type\":\"CommentAction\",\"name\":\"Comment\",\"target\":[\"https:\\\/\\\/gastronomicament.cat\\\/en\\\/flor-de-figa-es-vergonyos-que-ladministracio-no-hagi-fet-res-davant-la-perdua-de-milenars-dhectarees-de-cultius#respond\"]}]},{\"@type\":\"WebPage\",\"@id\":\"https:\\\/\\\/gastronomicament.cat\\\/en\\\/flor-de-figa-es-vergonyos-que-ladministracio-no-hagi-fet-res-davant-la-perdua-de-milenars-dhectarees-de-cultius\",\"url\":\"https:\\\/\\\/gastronomicament.cat\\\/en\\\/flor-de-figa-es-vergonyos-que-ladministracio-no-hagi-fet-res-davant-la-perdua-de-milenars-dhectarees-de-cultius\",\"name\":\"Flor de Figa: \u201c\u00c9s vergony\u00f3s que l\u2019Administraci\u00f3 no hagi fet res davant la p\u00e8rdua de milenars d\u2019hect\u00e0rees de cultius\u201d - Gastron\u00f2micament\",\"isPartOf\":{\"@id\":\"https:\\\/\\\/gastronomicament.cat\\\/en\\\/#website\"},\"primaryImageOfPage\":{\"@id\":\"https:\\\/\\\/gastronomicament.cat\\\/en\\\/flor-de-figa-es-vergonyos-que-ladministracio-no-hagi-fet-res-davant-la-perdua-de-milenars-dhectarees-de-cultius#primaryimage\"},\"image\":{\"@id\":\"https:\\\/\\\/gastronomicament.cat\\\/en\\\/flor-de-figa-es-vergonyos-que-ladministracio-no-hagi-fet-res-davant-la-perdua-de-milenars-dhectarees-de-cultius#primaryimage\"},\"thumbnailUrl\":\"https:\\\/\\\/gastronomicament.cat\\\/wp-content\\\/uploads\\\/2024\\\/11\\\/Flor-de-figa-confitura-Mallorca.jpg\",\"datePublished\":\"2024-11-18T08:55:04+00:00\",\"description\":\"Flor de Figa: \u201c\u00c9s vergony\u00f3s que l\u2019Administraci\u00f3 no hagi fet res davant la p\u00e8rdua de milenars d\u2019hect\u00e0rees de cultius\u201d Actualitat, Reportatges i novetats La fam\u00edlia Cloquell-Espases ha creat una projecte ben interessant amb la figa com a protagonista\",\"inLanguage\":\"en-US\",\"potentialAction\":[{\"@type\":\"ReadAction\",\"target\":[\"https:\\\/\\\/gastronomicament.cat\\\/en\\\/flor-de-figa-es-vergonyos-que-ladministracio-no-hagi-fet-res-davant-la-perdua-de-milenars-dhectarees-de-cultius\"]}]},{\"@type\":\"ImageObject\",\"inLanguage\":\"en-US\",\"@id\":\"https:\\\/\\\/gastronomicament.cat\\\/en\\\/flor-de-figa-es-vergonyos-que-ladministracio-no-hagi-fet-res-davant-la-perdua-de-milenars-dhectarees-de-cultius#primaryimage\",\"url\":\"https:\\\/\\\/gastronomicament.cat\\\/wp-content\\\/uploads\\\/2024\\\/11\\\/Flor-de-figa-confitura-Mallorca.jpg\",\"contentUrl\":\"https:\\\/\\\/gastronomicament.cat\\\/wp-content\\\/uploads\\\/2024\\\/11\\\/Flor-de-figa-confitura-Mallorca.jpg\",\"width\":1200,\"height\":676},{\"@type\":\"WebSite\",\"@id\":\"https:\\\/\\\/gastronomicament.cat\\\/en\\\/#website\",\"url\":\"https:\\\/\\\/gastronomicament.cat\\\/en\\\/\",\"name\":\"Gastron\u00f2micament\",\"description\":\"Portal de restaurants, receptes i actualitat gastron\u00f2mica\",\"publisher\":{\"@id\":\"https:\\\/\\\/gastronomicament.cat\\\/en\\\/#organization\"},\"potentialAction\":[{\"@type\":\"SearchAction\",\"target\":{\"@type\":\"EntryPoint\",\"urlTemplate\":\"https:\\\/\\\/gastronomicament.cat\\\/en\\\/?s={search_term_string}\"},\"query-input\":{\"@type\":\"PropertyValueSpecification\",\"valueRequired\":true,\"valueName\":\"search_term_string\"}}],\"inLanguage\":\"en-US\"},{\"@type\":\"Organization\",\"@id\":\"https:\\\/\\\/gastronomicament.cat\\\/en\\\/#organization\",\"name\":\"Gastron\u00f2micament\",\"url\":\"https:\\\/\\\/gastronomicament.cat\\\/en\\\/\",\"logo\":{\"@type\":\"ImageObject\",\"inLanguage\":\"en-US\",\"@id\":\"https:\\\/\\\/gastronomicament.cat\\\/en\\\/#\\\/schema\\\/logo\\\/image\\\/\",\"url\":\"https:\\\/\\\/gastronomicament.cat\\\/wp-content\\\/uploads\\\/2016\\\/09\\\/header-logo.jpg\",\"contentUrl\":\"https:\\\/\\\/gastronomicament.cat\\\/wp-content\\\/uploads\\\/2016\\\/09\\\/header-logo.jpg\",\"width\":277,\"height\":39,\"caption\":\"Gastron\u00f2micament\"},\"image\":{\"@id\":\"https:\\\/\\\/gastronomicament.cat\\\/en\\\/#\\\/schema\\\/logo\\\/image\\\/\"},\"sameAs\":[\"https:\\\/\\\/x.com\\\/gastronomicamen\"]},{\"@type\":\"Person\",\"@id\":\"https:\\\/\\\/gastronomicament.cat\\\/en\\\/#\\\/schema\\\/person\\\/a7c85c537a1ed62799a5b8e0f686a37f\",\"name\":\"Redacci\u00f3\",\"image\":{\"@type\":\"ImageObject\",\"inLanguage\":\"en-US\",\"@id\":\"https:\\\/\\\/secure.gravatar.com\\\/avatar\\\/9489a485c464fd611d33825daae651d13db70c4e74c65c94937a15a9d4c3ee14?s=96&d=mm&r=g69fea3cce3645dfa2166e7293e22955e\",\"url\":\"https:\\\/\\\/secure.gravatar.com\\\/avatar\\\/9489a485c464fd611d33825daae651d13db70c4e74c65c94937a15a9d4c3ee14?s=96&d=mm&r=g\",\"contentUrl\":\"https:\\\/\\\/secure.gravatar.com\\\/avatar\\\/9489a485c464fd611d33825daae651d13db70c4e74c65c94937a15a9d4c3ee14?s=96&d=mm&r=g\",\"caption\":\"Redacci\u00f3\"},\"sameAs\":[\"http:\\\/\\\/gastronomicament.cat\"],\"url\":\"https:\\\/\\\/gastronomicament.cat\\\/en\\\/author\\\/admin\"}]}<\/script>\n<!-- \/ Yoast SEO plugin. -->","yoast_head_json":{"title":"Flor de Figa: \u201c\u00c9s vergony\u00f3s que l\u2019Administraci\u00f3 no hagi fet res davant la p\u00e8rdua de milenars d\u2019hect\u00e0rees de cultius\u201d - Gastron\u00f2micament","description":"Flor de Figa: \u201c\u00c9s vergony\u00f3s que l\u2019Administraci\u00f3 no hagi fet res davant la p\u00e8rdua de milenars d\u2019hect\u00e0rees de cultius\u201d Actualitat, Reportatges i novetats La fam\u00edlia Cloquell-Espases ha creat una projecte ben interessant amb la figa com a protagonista","robots":{"index":"index","follow":"follow","max-snippet":"max-snippet:-1","max-image-preview":"max-image-preview:large","max-video-preview":"max-video-preview:-1"},"canonical":"https:\/\/gastronomicament.cat\/en\/flor-de-figa-es-vergonyos-que-ladministracio-no-hagi-fet-res-davant-la-perdua-de-milenars-dhectarees-de-cultius","og_locale":"en_US","og_type":"article","og_title":"Flor de Figa: \u201c\u00c9s vergony\u00f3s que l\u2019Administraci\u00f3 no hagi fet res davant la p\u00e8rdua de milenars d\u2019hect\u00e0rees de cultius\u201d - Gastron\u00f2micament","og_description":"Flor de Figa: \u201c\u00c9s vergony\u00f3s que l\u2019Administraci\u00f3 no hagi fet res davant la p\u00e8rdua de milenars d\u2019hect\u00e0rees de cultius\u201d Actualitat, Reportatges i novetats La fam\u00edlia Cloquell-Espases ha creat una projecte ben interessant amb la figa com a protagonista","og_url":"https:\/\/gastronomicament.cat\/en\/flor-de-figa-es-vergonyos-que-ladministracio-no-hagi-fet-res-davant-la-perdua-de-milenars-dhectarees-de-cultius","og_site_name":"Gastron\u00f2micament","article_published_time":"2024-11-18T08:55:04+00:00","og_image":[{"width":1200,"height":676,"url":"https:\/\/gastronomicament.cat\/wp-content\/uploads\/2024\/11\/Flor-de-figa-confitura-Mallorca.jpg","type":"image\/jpeg"}],"author":"Redacci\u00f3, APAEMA","twitter_card":"summary_large_image","twitter_creator":"@gastronomicamen","twitter_site":"@gastronomicamen","twitter_misc":{"Written by":"Redacci\u00f3, APAEMA","Est. reading time":"13 minutes"},"schema":{"@context":"https:\/\/schema.org","@graph":[{"@type":"Article","@id":"https:\/\/gastronomicament.cat\/en\/flor-de-figa-es-vergonyos-que-ladministracio-no-hagi-fet-res-davant-la-perdua-de-milenars-dhectarees-de-cultius#article","isPartOf":{"@id":"https:\/\/gastronomicament.cat\/en\/flor-de-figa-es-vergonyos-que-ladministracio-no-hagi-fet-res-davant-la-perdua-de-milenars-dhectarees-de-cultius"},"author":{"name":"Redacci\u00f3","@id":"https:\/\/gastronomicament.cat\/en\/#\/schema\/person\/a7c85c537a1ed62799a5b8e0f686a37f"},"headline":"Flor de Figa: \u201c\u00c9s vergony\u00f3s que l\u2019Administraci\u00f3 no hagi fet res davant la p\u00e8rdua de milenars d\u2019hect\u00e0rees de cultius\u201d","datePublished":"2024-11-18T08:55:04+00:00","mainEntityOfPage":{"@id":"https:\/\/gastronomicament.cat\/en\/flor-de-figa-es-vergonyos-que-ladministracio-no-hagi-fet-res-davant-la-perdua-de-milenars-dhectarees-de-cultius"},"wordCount":2422,"commentCount":0,"publisher":{"@id":"https:\/\/gastronomicament.cat\/en\/#organization"},"image":{"@id":"https:\/\/gastronomicament.cat\/en\/flor-de-figa-es-vergonyos-que-ladministracio-no-hagi-fet-res-davant-la-perdua-de-milenars-dhectarees-de-cultius#primaryimage"},"thumbnailUrl":"https:\/\/gastronomicament.cat\/wp-content\/uploads\/2024\/11\/Flor-de-figa-confitura-Mallorca.jpg","articleSection":["Actualitat","Reportatges i novetats"],"inLanguage":"en-US","potentialAction":[{"@type":"CommentAction","name":"Comment","target":["https:\/\/gastronomicament.cat\/en\/flor-de-figa-es-vergonyos-que-ladministracio-no-hagi-fet-res-davant-la-perdua-de-milenars-dhectarees-de-cultius#respond"]}]},{"@type":"WebPage","@id":"https:\/\/gastronomicament.cat\/en\/flor-de-figa-es-vergonyos-que-ladministracio-no-hagi-fet-res-davant-la-perdua-de-milenars-dhectarees-de-cultius","url":"https:\/\/gastronomicament.cat\/en\/flor-de-figa-es-vergonyos-que-ladministracio-no-hagi-fet-res-davant-la-perdua-de-milenars-dhectarees-de-cultius","name":"Flor de Figa: \u201c\u00c9s vergony\u00f3s que l\u2019Administraci\u00f3 no hagi fet res davant la p\u00e8rdua de milenars d\u2019hect\u00e0rees de cultius\u201d - Gastron\u00f2micament","isPartOf":{"@id":"https:\/\/gastronomicament.cat\/en\/#website"},"primaryImageOfPage":{"@id":"https:\/\/gastronomicament.cat\/en\/flor-de-figa-es-vergonyos-que-ladministracio-no-hagi-fet-res-davant-la-perdua-de-milenars-dhectarees-de-cultius#primaryimage"},"image":{"@id":"https:\/\/gastronomicament.cat\/en\/flor-de-figa-es-vergonyos-que-ladministracio-no-hagi-fet-res-davant-la-perdua-de-milenars-dhectarees-de-cultius#primaryimage"},"thumbnailUrl":"https:\/\/gastronomicament.cat\/wp-content\/uploads\/2024\/11\/Flor-de-figa-confitura-Mallorca.jpg","datePublished":"2024-11-18T08:55:04+00:00","description":"Flor de Figa: \u201c\u00c9s vergony\u00f3s que l\u2019Administraci\u00f3 no hagi fet res davant la p\u00e8rdua de milenars d\u2019hect\u00e0rees de cultius\u201d Actualitat, Reportatges i novetats La fam\u00edlia Cloquell-Espases ha creat una projecte ben interessant amb la figa com a protagonista","inLanguage":"en-US","potentialAction":[{"@type":"ReadAction","target":["https:\/\/gastronomicament.cat\/en\/flor-de-figa-es-vergonyos-que-ladministracio-no-hagi-fet-res-davant-la-perdua-de-milenars-dhectarees-de-cultius"]}]},{"@type":"ImageObject","inLanguage":"en-US","@id":"https:\/\/gastronomicament.cat\/en\/flor-de-figa-es-vergonyos-que-ladministracio-no-hagi-fet-res-davant-la-perdua-de-milenars-dhectarees-de-cultius#primaryimage","url":"https:\/\/gastronomicament.cat\/wp-content\/uploads\/2024\/11\/Flor-de-figa-confitura-Mallorca.jpg","contentUrl":"https:\/\/gastronomicament.cat\/wp-content\/uploads\/2024\/11\/Flor-de-figa-confitura-Mallorca.jpg","width":1200,"height":676},{"@type":"WebSite","@id":"https:\/\/gastronomicament.cat\/en\/#website","url":"https:\/\/gastronomicament.cat\/en\/","name":"Gastron\u00f2micament","description":"Portal de restaurants, receptes i actualitat gastron\u00f2mica","publisher":{"@id":"https:\/\/gastronomicament.cat\/en\/#organization"},"potentialAction":[{"@type":"SearchAction","target":{"@type":"EntryPoint","urlTemplate":"https:\/\/gastronomicament.cat\/en\/?s={search_term_string}"},"query-input":{"@type":"PropertyValueSpecification","valueRequired":true,"valueName":"search_term_string"}}],"inLanguage":"en-US"},{"@type":"Organization","@id":"https:\/\/gastronomicament.cat\/en\/#organization","name":"Gastron\u00f2micament","url":"https:\/\/gastronomicament.cat\/en\/","logo":{"@type":"ImageObject","inLanguage":"en-US","@id":"https:\/\/gastronomicament.cat\/en\/#\/schema\/logo\/image\/","url":"https:\/\/gastronomicament.cat\/wp-content\/uploads\/2016\/09\/header-logo.jpg","contentUrl":"https:\/\/gastronomicament.cat\/wp-content\/uploads\/2016\/09\/header-logo.jpg","width":277,"height":39,"caption":"Gastron\u00f2micament"},"image":{"@id":"https:\/\/gastronomicament.cat\/en\/#\/schema\/logo\/image\/"},"sameAs":["https:\/\/x.com\/gastronomicamen"]},{"@type":"Person","@id":"https:\/\/gastronomicament.cat\/en\/#\/schema\/person\/a7c85c537a1ed62799a5b8e0f686a37f","name":"Redacci\u00f3","image":{"@type":"ImageObject","inLanguage":"en-US","@id":"https:\/\/secure.gravatar.com\/avatar\/9489a485c464fd611d33825daae651d13db70c4e74c65c94937a15a9d4c3ee14?s=96&d=mm&r=g69fea3cce3645dfa2166e7293e22955e","url":"https:\/\/secure.gravatar.com\/avatar\/9489a485c464fd611d33825daae651d13db70c4e74c65c94937a15a9d4c3ee14?s=96&d=mm&r=g","contentUrl":"https:\/\/secure.gravatar.com\/avatar\/9489a485c464fd611d33825daae651d13db70c4e74c65c94937a15a9d4c3ee14?s=96&d=mm&r=g","caption":"Redacci\u00f3"},"sameAs":["http:\/\/gastronomicament.cat"],"url":"https:\/\/gastronomicament.cat\/en\/author\/admin"}]}},"_links":{"self":[{"href":"https:\/\/gastronomicament.cat\/en\/wp-json\/wp\/v2\/posts\/92389","targetHints":{"allow":["GET"]}}],"collection":[{"href":"https:\/\/gastronomicament.cat\/en\/wp-json\/wp\/v2\/posts"}],"about":[{"href":"https:\/\/gastronomicament.cat\/en\/wp-json\/wp\/v2\/types\/post"}],"author":[{"embeddable":true,"href":"https:\/\/gastronomicament.cat\/en\/wp-json\/wp\/v2\/users\/1"}],"replies":[{"embeddable":true,"href":"https:\/\/gastronomicament.cat\/en\/wp-json\/wp\/v2\/comments?post=92389"}],"version-history":[{"count":0,"href":"https:\/\/gastronomicament.cat\/en\/wp-json\/wp\/v2\/posts\/92389\/revisions"}],"wp:featuredmedia":[{"embeddable":true,"href":"https:\/\/gastronomicament.cat\/en\/wp-json\/wp\/v2\/media\/92385"}],"wp:attachment":[{"href":"https:\/\/gastronomicament.cat\/en\/wp-json\/wp\/v2\/media?parent=92389"}],"wp:term":[{"taxonomy":"category","embeddable":true,"href":"https:\/\/gastronomicament.cat\/en\/wp-json\/wp\/v2\/categories?post=92389"},{"taxonomy":"post_tag","embeddable":true,"href":"https:\/\/gastronomicament.cat\/en\/wp-json\/wp\/v2\/tags?post=92389"},{"taxonomy":"author","embeddable":true,"href":"https:\/\/gastronomicament.cat\/en\/wp-json\/wp\/v2\/coauthors?post=92389"}],"curies":[{"name":"wp","href":"https:\/\/api.w.org\/{rel}","templated":true}]}}