{"id":100477,"date":"2025-01-09T08:30:44","date_gmt":"2025-01-09T07:30:44","guid":{"rendered":"https:\/\/web2025.gastronomicament.cat\/festes-de-sant-antoni-a-sa-pobla-i-mostra-gastronomica-de-languila"},"modified":"2026-04-22T20:25:16","modified_gmt":"2026-04-22T18:25:16","slug":"festes-de-sant-antoni-a-sa-pobla-i-mostra-gastronomica-de-languila","status":"publish","type":"post","link":"https:\/\/gastronomicament.cat\/es\/festes-de-sant-antoni-a-sa-pobla-i-mostra-gastronomica-de-languila","title":{"rendered":"Festes de Sant Antoni a sa Pobla i Mostra Gastron\u00f2mica de l&#8217;Anguila"},"content":{"rendered":"\n<p>Tot Mallorca s&#8217;encendr\u00e0 per viure les festes de Sant Antoni. El poble de sa Pobla el foc dels foguerons ser\u00e0 especial perqu\u00e8 a m\u00e9s de les ximbombades i les gloses aquests dies tamb\u00e9 s&#8217;hi celebra la Mostra Gastron\u00f2mica de l&#8217;Anguila.<\/p>\n\n\n\n<p>D&#8217;entre els actes programats, hi trobareu el&nbsp;<a href=\"https:\/\/gastronomicament.cat\/es\/taller-despinagades-amb-pep-socies\" target=\"_blank\" rel=\"noopener\">taller d&#8217;espinagades amb Pep Socies<\/a>, el correfoc de dia 11, el campionat de tir de fona, un horabauxa, la cursa de sa Llego, ballada popular i molt m\u00e9s.<\/p>\n\n\n\n<p>Dia&nbsp;<strong>16<\/strong>, cal destacar el<strong>&nbsp;ball dels dimonis i dels caparrots i caparrots minyons, i espectacle pirot\u00e8cnic i musical<\/strong>, a les 21.15 hores, a la Pla\u00e7a Major. El mateix dia, a les 22 hores, a la pla\u00e7a Alexandre Ballester, hi trobareu el&nbsp;<strong>Foguer\u00f3 de sa Negreta<\/strong>, obert a tothom que vulgui gaudir de la festa m\u00e9s aut\u00e8ntica. Hi haur\u00e0 foc, caliu, menjar, beure i gloses. Hi haur\u00e0 men\u00fa de carn i\/o veg\u00e0, pa, vi o cervesa, taronges i cacauets per 13 euros.&nbsp;<a href=\"https:\/\/ticketib.com\/ca\/events\/vie-foguero-i-glosada-popular-sant-antoni-2024\" target=\"_blank\" rel=\"noopener\">En podeu comprar l&#8217;entrada aqu\u00ed<\/a>. Duis la vostra ximbomba! A les 22.15 hores, a la Pla\u00e7a Major, hi haur\u00e0 la 36a edici\u00f3 de la Trobada de Cantadors i Ximbombers i, a partir de les&nbsp;<strong>dotze i mitja de la mitjanit<\/strong>, a la pla\u00e7a d&#8217;Alexandre Ballester, hi haur\u00e0<strong>&nbsp;simbombada i glosada popular<\/strong>, tothom&nbsp;<strong>qui vulgui hi podr\u00e0 sonar el seu instrument i cantar!<\/strong><\/p>\n\n\n\n<p><strong>Podeu consultar el programa sencer de les&nbsp;<\/strong><strong><a href=\"https:\/\/gastronomicament.cat\/wp-content\/uploads\/2025\/01\/2423-AJSP-Sant-Antoni-fulleto-2025-2.0-1.pdf\" target=\"_blank\" rel=\"noopener\">festes de Sant Antoni a sa Pobla 2025 aqu\u00ed<\/a><\/strong><strong>.<\/strong><\/p>\n\n\n\n<p>D&#8217;altra banda,&nbsp;<strong>del 7 al 19 de gener de 2025<\/strong>, gaudireu de la&nbsp;<strong>Mostra Gastron\u00f2mica de l&#8217;Anguila<\/strong>. Podeu consultar-ne els plats i men\u00fas a continuaci\u00f3:<\/p>\n\n\n\n<p><strong>CAPRITXO NOSTRO&nbsp;<\/strong><\/p>\n\n\n\n<p><em>Placeta des tren s\/n, sa Pobla \u00b7 Tel. 628 170 902 &#8211; 685314890 &#8211; 971 188 922&nbsp;<\/em><\/p>\n\n\n\n<p><strong>Per enc\u00e0rrec:&nbsp;<\/strong><\/p>\n\n\n\n<p>Anguila ofegada<\/p>\n\n\n\n<p>Anguiles fregides amb salsa<\/p>\n\n\n\n<p>Espinagades d\u2019anguila<\/p>\n\n\n\n<p>Espinagades de llom<\/p>\n\n\n\n<p>Fideus amb anguila<\/p>\n\n\n\n<p>********<\/p>\n\n\n\n<p><strong>BAR CASA MISS&nbsp;<\/strong><\/p>\n\n\n\n<p><em>Pla\u00e7a Constituci\u00f3, 3 \u00b7 Tels. 696 479 710 \/ 971 540 023&nbsp;<\/em><\/p>\n\n\n\n<p>Anguiles ofegades amb salsa d\u2019ametlla<\/p>\n\n\n\n<p>********<\/p>\n\n\n\n<p><strong>CRISTAL&nbsp;<\/strong><\/p>\n\n\n\n<p><em>Carrer Lluc, 44. sa Pobla\u00b7 Tels. 871 841 119 \/ 627 641 148&nbsp;<\/em><\/p>\n\n\n\n<p><strong>Del 7 al 16 de gener per enc\u00e0rrec&nbsp;<\/strong><\/p>\n\n\n\n<p>Espinagades d\u2019anguiles Espinagades de llom i col<\/p>\n\n\n\n<p><strong>Men\u00fa diumenge 12 de gener<\/strong>&nbsp;(nom\u00e9s amb reserva)<\/p>\n\n\n\n<p>Pa, allioli i olives<\/p>\n\n\n\n<p>Primer: Fideus amb anguiles<\/p>\n\n\n\n<p>Segon: Anguiles fregides amb patata alls i pebres<\/p>\n\n\n\n<p>Postres: Ensa\u00efmada de xocolata blanc i nous<\/p>\n\n\n\n<p><strong>Men\u00fa diumenge 19 de gener&nbsp;<\/strong>(nom\u00e9s amb reserva)<\/p>\n\n\n\n<p>Pa, allioli i olives<\/p>\n\n\n\n<p>Plat principal: Anguiles ofegades<\/p>\n\n\n\n<p>Postres: Past\u00eds de formatge \u201cla vinya\u201d<\/p>\n\n\n\n<p>********<\/p>\n\n\n\n<p><strong>BAR RAPINYA&nbsp;<\/strong><\/p>\n\n\n\n<p><em>Carrer Pla\u00e7a, 13 \u00b7 Tel. 615 424 872&nbsp;<\/em><\/p>\n\n\n\n<p>Anguiles fregides amb salsa de tom\u00e0tiga<\/p>\n\n\n\n<p>Anguiles trampades<\/p>\n\n\n\n<p>Espinagada d\u2019anguiles<\/p>\n\n\n\n<p>Espinagada de llom i col<\/p>\n\n\n\n<p>********<\/p>\n\n\n\n<p><strong>BAR SA PLACETA&nbsp;<\/strong><\/p>\n\n\n\n<p>C\/ Doctor G\u00f3mez Ulla, 2, sa Pobla \u00b7 Tel. 971 540 538<\/p>\n\n\n\n<p><strong>Del 10 al 20 de gener Nom\u00e9s per enc\u00e0rrec (per endur i al bar):&nbsp;<\/strong><\/p>\n\n\n\n<p>Espinagades d\u2019anguiles<\/p>\n\n\n\n<p>Espinagades de llom i col<\/p>\n\n\n\n<p><strong>Men\u00fa dia 16, 17 i 20 de gener:&nbsp;<\/strong><\/p>\n\n\n\n<p>Primer :Fideus amb anguiles o arr\u00f2s brut<\/p>\n\n\n\n<p>Segon: Anguiles fregides o ofegades o porcella o bacall\u00e0 gratinat amb allioli. Vi rioja hallazgo, vi blanc verdejo Postre i caf\u00e8<\/p>\n\n\n\n<p>Del 7 al 20 de gener, anguiles fregides i ofegades per berenar, dinar o sopar.<\/p>\n\n\n\n<p>********<\/p>\n\n\n\n<p><strong>BOET GASTROBAR<\/strong><\/p>\n\n\n\n<p><em>Pla\u00e7a Major, 2, sa Pobla.\u00b7 Tel. 871 852 556&nbsp;<\/em><\/p>\n\n\n\n<p>Anguiles fregides<\/p>\n\n\n\n<p>Fideus amb anguiles (per enc\u00e0rrec)<\/p>\n\n\n\n<p>Espinagades amb anguila (per enc\u00e0rrec)<\/p>\n\n\n\n<p>Espinagades amb col i llom (per enc\u00e0rrec)<\/p>\n\n\n\n<p>********<\/p>\n","protected":false},"excerpt":{"rendered":"<p>L&#8217;Obreria i l&#8217;Ajuntament han organitzat un programa ben complet de propostes<\/p>\n","protected":false},"author":1,"featured_media":100478,"comment_status":"open","ping_status":"open","sticky":false,"template":"","format":"standard","meta":{"_acf_changed":false,"_swt_meta_header_display":false,"_swt_meta_footer_display":false,"_swt_meta_site_title_display":false,"_swt_meta_sticky_header":false,"_swt_meta_transparent_header":false,"footnotes":""},"categories":[692,955],"tags":[],"coauthors":[2053],"class_list":["post-100477","post","type-post","status-publish","format-standard","has-post-thumbnail","hentry","category-actualitat","category-reportatges-i-novetats"],"acf":{"gallery":"","home_date":{"home_begin_date":null,"home_end_date":null}},"yoast_head":"<!-- This site is optimized with the Yoast SEO plugin v27.4 - https:\/\/yoast.com\/product\/yoast-seo-wordpress\/ -->\n<title>Festes de Sant Antoni a sa Pobla i Mostra Gastron\u00f2mica de l&#039;Anguila - Gastron\u00f2micament<\/title>\n<meta name=\"description\" content=\"Festes de Sant Antoni a sa Pobla i Mostra Gastron\u00f2mica de l&#039;Anguila Actualitat, Reportatges i novetats L&#039;Obreria i l&#039;Ajuntament han organitzat un programa ben complet de propostes\" \/>\n<meta name=\"robots\" content=\"index, follow, max-snippet:-1, max-image-preview:large, max-video-preview:-1\" \/>\n<link rel=\"canonical\" href=\"https:\/\/gastronomicament.cat\/es\/festes-de-sant-antoni-a-sa-pobla-i-mostra-gastronomica-de-languila\" \/>\n<meta property=\"og:locale\" content=\"es_ES\" \/>\n<meta property=\"og:type\" content=\"article\" \/>\n<meta property=\"og:title\" content=\"Festes de Sant Antoni a sa Pobla i Mostra Gastron\u00f2mica de l&#039;Anguila - Gastron\u00f2micament\" \/>\n<meta property=\"og:description\" content=\"Festes de Sant Antoni a sa Pobla i Mostra Gastron\u00f2mica de l&#039;Anguila Actualitat, Reportatges i novetats L&#039;Obreria i l&#039;Ajuntament han organitzat un programa ben complet de propostes\" \/>\n<meta property=\"og:url\" content=\"https:\/\/gastronomicament.cat\/es\/festes-de-sant-antoni-a-sa-pobla-i-mostra-gastronomica-de-languila\" \/>\n<meta property=\"og:site_name\" content=\"Gastron\u00f2micament\" \/>\n<meta property=\"article:published_time\" content=\"2025-01-09T07:30:44+00:00\" \/>\n<meta property=\"article:modified_time\" content=\"2026-04-22T18:25:16+00:00\" \/>\n<meta property=\"og:image\" content=\"https:\/\/gastronomicament.cat\/wp-content\/uploads\/2025\/01\/Sant-Antoni-2025-sa-Pobla-scaled-1.jpg\" \/>\n\t<meta property=\"og:image:width\" content=\"2560\" \/>\n\t<meta property=\"og:image:height\" content=\"1527\" \/>\n\t<meta property=\"og:image:type\" content=\"image\/jpeg\" \/>\n<meta name=\"author\" content=\"Redacci\u00f3\" \/>\n<meta name=\"twitter:card\" content=\"summary_large_image\" \/>\n<meta name=\"twitter:creator\" content=\"@gastronomicamen\" \/>\n<meta name=\"twitter:site\" content=\"@gastronomicamen\" \/>\n<meta name=\"twitter:label1\" content=\"Escrito por\" \/>\n\t<meta name=\"twitter:data1\" content=\"Redacci\u00f3\" \/>\n\t<meta name=\"twitter:label2\" content=\"Tiempo de lectura\" \/>\n\t<meta name=\"twitter:data2\" content=\"3 minutos\" \/>\n\t<meta name=\"twitter:label3\" content=\"Written by\" \/>\n\t<meta name=\"twitter:data3\" content=\"Redacci\u00f3\" \/>\n<script type=\"application\/ld+json\" class=\"yoast-schema-graph\">{\"@context\":\"https:\\\/\\\/schema.org\",\"@graph\":[{\"@type\":\"Article\",\"@id\":\"https:\\\/\\\/gastronomicament.cat\\\/es\\\/festes-de-sant-antoni-a-sa-pobla-i-mostra-gastronomica-de-languila#article\",\"isPartOf\":{\"@id\":\"https:\\\/\\\/gastronomicament.cat\\\/es\\\/festes-de-sant-antoni-a-sa-pobla-i-mostra-gastronomica-de-languila\"},\"author\":{\"name\":\"Redacci\u00f3\",\"@id\":\"https:\\\/\\\/gastronomicament.cat\\\/es\\\/#\\\/schema\\\/person\\\/a7c85c537a1ed62799a5b8e0f686a37f\"},\"headline\":\"Festes de Sant Antoni a sa Pobla i Mostra Gastron\u00f2mica de l&#8217;Anguila\",\"datePublished\":\"2025-01-09T07:30:44+00:00\",\"dateModified\":\"2026-04-22T18:25:16+00:00\",\"mainEntityOfPage\":{\"@id\":\"https:\\\/\\\/gastronomicament.cat\\\/es\\\/festes-de-sant-antoni-a-sa-pobla-i-mostra-gastronomica-de-languila\"},\"wordCount\":555,\"commentCount\":0,\"publisher\":{\"@id\":\"https:\\\/\\\/gastronomicament.cat\\\/es\\\/#organization\"},\"image\":{\"@id\":\"https:\\\/\\\/gastronomicament.cat\\\/es\\\/festes-de-sant-antoni-a-sa-pobla-i-mostra-gastronomica-de-languila#primaryimage\"},\"thumbnailUrl\":\"https:\\\/\\\/gastronomicament.cat\\\/wp-content\\\/uploads\\\/2025\\\/01\\\/Sant-Antoni-2025-sa-Pobla-scaled-1.jpg\",\"articleSection\":[\"Actualitat\",\"Reportatges i novetats\"],\"inLanguage\":\"es\",\"potentialAction\":[{\"@type\":\"CommentAction\",\"name\":\"Comment\",\"target\":[\"https:\\\/\\\/gastronomicament.cat\\\/es\\\/festes-de-sant-antoni-a-sa-pobla-i-mostra-gastronomica-de-languila#respond\"]}]},{\"@type\":\"WebPage\",\"@id\":\"https:\\\/\\\/gastronomicament.cat\\\/es\\\/festes-de-sant-antoni-a-sa-pobla-i-mostra-gastronomica-de-languila\",\"url\":\"https:\\\/\\\/gastronomicament.cat\\\/es\\\/festes-de-sant-antoni-a-sa-pobla-i-mostra-gastronomica-de-languila\",\"name\":\"Festes de Sant Antoni a sa Pobla i Mostra Gastron\u00f2mica de l'Anguila - Gastron\u00f2micament\",\"isPartOf\":{\"@id\":\"https:\\\/\\\/gastronomicament.cat\\\/es\\\/#website\"},\"primaryImageOfPage\":{\"@id\":\"https:\\\/\\\/gastronomicament.cat\\\/es\\\/festes-de-sant-antoni-a-sa-pobla-i-mostra-gastronomica-de-languila#primaryimage\"},\"image\":{\"@id\":\"https:\\\/\\\/gastronomicament.cat\\\/es\\\/festes-de-sant-antoni-a-sa-pobla-i-mostra-gastronomica-de-languila#primaryimage\"},\"thumbnailUrl\":\"https:\\\/\\\/gastronomicament.cat\\\/wp-content\\\/uploads\\\/2025\\\/01\\\/Sant-Antoni-2025-sa-Pobla-scaled-1.jpg\",\"datePublished\":\"2025-01-09T07:30:44+00:00\",\"dateModified\":\"2026-04-22T18:25:16+00:00\",\"description\":\"Festes de Sant Antoni a sa Pobla i Mostra Gastron\u00f2mica de l'Anguila Actualitat, Reportatges i novetats L'Obreria i l'Ajuntament han organitzat un programa ben complet de propostes\",\"inLanguage\":\"es\",\"potentialAction\":[{\"@type\":\"ReadAction\",\"target\":[\"https:\\\/\\\/gastronomicament.cat\\\/es\\\/festes-de-sant-antoni-a-sa-pobla-i-mostra-gastronomica-de-languila\"]}]},{\"@type\":\"ImageObject\",\"inLanguage\":\"es\",\"@id\":\"https:\\\/\\\/gastronomicament.cat\\\/es\\\/festes-de-sant-antoni-a-sa-pobla-i-mostra-gastronomica-de-languila#primaryimage\",\"url\":\"https:\\\/\\\/gastronomicament.cat\\\/wp-content\\\/uploads\\\/2025\\\/01\\\/Sant-Antoni-2025-sa-Pobla-scaled-1.jpg\",\"contentUrl\":\"https:\\\/\\\/gastronomicament.cat\\\/wp-content\\\/uploads\\\/2025\\\/01\\\/Sant-Antoni-2025-sa-Pobla-scaled-1.jpg\",\"width\":2560,\"height\":1527},{\"@type\":\"WebSite\",\"@id\":\"https:\\\/\\\/gastronomicament.cat\\\/es\\\/#website\",\"url\":\"https:\\\/\\\/gastronomicament.cat\\\/es\\\/\",\"name\":\"Gastron\u00f2micament\",\"description\":\"Portal de restaurants, receptes i actualitat gastron\u00f2mica\",\"publisher\":{\"@id\":\"https:\\\/\\\/gastronomicament.cat\\\/es\\\/#organization\"},\"potentialAction\":[{\"@type\":\"SearchAction\",\"target\":{\"@type\":\"EntryPoint\",\"urlTemplate\":\"https:\\\/\\\/gastronomicament.cat\\\/es\\\/?s={search_term_string}\"},\"query-input\":{\"@type\":\"PropertyValueSpecification\",\"valueRequired\":true,\"valueName\":\"search_term_string\"}}],\"inLanguage\":\"es\"},{\"@type\":\"Organization\",\"@id\":\"https:\\\/\\\/gastronomicament.cat\\\/es\\\/#organization\",\"name\":\"Gastron\u00f2micament\",\"url\":\"https:\\\/\\\/gastronomicament.cat\\\/es\\\/\",\"logo\":{\"@type\":\"ImageObject\",\"inLanguage\":\"es\",\"@id\":\"https:\\\/\\\/gastronomicament.cat\\\/es\\\/#\\\/schema\\\/logo\\\/image\\\/\",\"url\":\"https:\\\/\\\/gastronomicament.cat\\\/wp-content\\\/uploads\\\/2016\\\/09\\\/header-logo.jpg\",\"contentUrl\":\"https:\\\/\\\/gastronomicament.cat\\\/wp-content\\\/uploads\\\/2016\\\/09\\\/header-logo.jpg\",\"width\":277,\"height\":39,\"caption\":\"Gastron\u00f2micament\"},\"image\":{\"@id\":\"https:\\\/\\\/gastronomicament.cat\\\/es\\\/#\\\/schema\\\/logo\\\/image\\\/\"},\"sameAs\":[\"https:\\\/\\\/x.com\\\/gastronomicamen\"]},{\"@type\":\"Person\",\"@id\":\"https:\\\/\\\/gastronomicament.cat\\\/es\\\/#\\\/schema\\\/person\\\/a7c85c537a1ed62799a5b8e0f686a37f\",\"name\":\"Redacci\u00f3\",\"image\":{\"@type\":\"ImageObject\",\"inLanguage\":\"es\",\"@id\":\"https:\\\/\\\/secure.gravatar.com\\\/avatar\\\/9489a485c464fd611d33825daae651d13db70c4e74c65c94937a15a9d4c3ee14?s=96&d=mm&r=g69fea3cce3645dfa2166e7293e22955e\",\"url\":\"https:\\\/\\\/secure.gravatar.com\\\/avatar\\\/9489a485c464fd611d33825daae651d13db70c4e74c65c94937a15a9d4c3ee14?s=96&d=mm&r=g\",\"contentUrl\":\"https:\\\/\\\/secure.gravatar.com\\\/avatar\\\/9489a485c464fd611d33825daae651d13db70c4e74c65c94937a15a9d4c3ee14?s=96&d=mm&r=g\",\"caption\":\"Redacci\u00f3\"},\"sameAs\":[\"http:\\\/\\\/gastronomicament.cat\"],\"url\":\"https:\\\/\\\/gastronomicament.cat\\\/es\\\/author\\\/admin\"}]}<\/script>\n<!-- \/ Yoast SEO plugin. -->","yoast_head_json":{"title":"Festes de Sant Antoni a sa Pobla i Mostra Gastron\u00f2mica de l'Anguila - Gastron\u00f2micament","description":"Festes de Sant Antoni a sa Pobla i Mostra Gastron\u00f2mica de l'Anguila Actualitat, Reportatges i novetats L'Obreria i l'Ajuntament han organitzat un programa ben complet de propostes","robots":{"index":"index","follow":"follow","max-snippet":"max-snippet:-1","max-image-preview":"max-image-preview:large","max-video-preview":"max-video-preview:-1"},"canonical":"https:\/\/gastronomicament.cat\/es\/festes-de-sant-antoni-a-sa-pobla-i-mostra-gastronomica-de-languila","og_locale":"es_ES","og_type":"article","og_title":"Festes de Sant Antoni a sa Pobla i Mostra Gastron\u00f2mica de l'Anguila - Gastron\u00f2micament","og_description":"Festes de Sant Antoni a sa Pobla i Mostra Gastron\u00f2mica de l'Anguila Actualitat, Reportatges i novetats L'Obreria i l'Ajuntament han organitzat un programa ben complet de propostes","og_url":"https:\/\/gastronomicament.cat\/es\/festes-de-sant-antoni-a-sa-pobla-i-mostra-gastronomica-de-languila","og_site_name":"Gastron\u00f2micament","article_published_time":"2025-01-09T07:30:44+00:00","article_modified_time":"2026-04-22T18:25:16+00:00","og_image":[{"width":2560,"height":1527,"url":"https:\/\/gastronomicament.cat\/wp-content\/uploads\/2025\/01\/Sant-Antoni-2025-sa-Pobla-scaled-1.jpg","type":"image\/jpeg"}],"author":"Redacci\u00f3","twitter_card":"summary_large_image","twitter_creator":"@gastronomicamen","twitter_site":"@gastronomicamen","twitter_misc":{"Escrito por":"Redacci\u00f3","Tiempo de lectura":"3 minutos","Written by":"Redacci\u00f3"},"schema":{"@context":"https:\/\/schema.org","@graph":[{"@type":"Article","@id":"https:\/\/gastronomicament.cat\/es\/festes-de-sant-antoni-a-sa-pobla-i-mostra-gastronomica-de-languila#article","isPartOf":{"@id":"https:\/\/gastronomicament.cat\/es\/festes-de-sant-antoni-a-sa-pobla-i-mostra-gastronomica-de-languila"},"author":{"name":"Redacci\u00f3","@id":"https:\/\/gastronomicament.cat\/es\/#\/schema\/person\/a7c85c537a1ed62799a5b8e0f686a37f"},"headline":"Festes de Sant Antoni a sa Pobla i Mostra Gastron\u00f2mica de l&#8217;Anguila","datePublished":"2025-01-09T07:30:44+00:00","dateModified":"2026-04-22T18:25:16+00:00","mainEntityOfPage":{"@id":"https:\/\/gastronomicament.cat\/es\/festes-de-sant-antoni-a-sa-pobla-i-mostra-gastronomica-de-languila"},"wordCount":555,"commentCount":0,"publisher":{"@id":"https:\/\/gastronomicament.cat\/es\/#organization"},"image":{"@id":"https:\/\/gastronomicament.cat\/es\/festes-de-sant-antoni-a-sa-pobla-i-mostra-gastronomica-de-languila#primaryimage"},"thumbnailUrl":"https:\/\/gastronomicament.cat\/wp-content\/uploads\/2025\/01\/Sant-Antoni-2025-sa-Pobla-scaled-1.jpg","articleSection":["Actualitat","Reportatges i novetats"],"inLanguage":"es","potentialAction":[{"@type":"CommentAction","name":"Comment","target":["https:\/\/gastronomicament.cat\/es\/festes-de-sant-antoni-a-sa-pobla-i-mostra-gastronomica-de-languila#respond"]}]},{"@type":"WebPage","@id":"https:\/\/gastronomicament.cat\/es\/festes-de-sant-antoni-a-sa-pobla-i-mostra-gastronomica-de-languila","url":"https:\/\/gastronomicament.cat\/es\/festes-de-sant-antoni-a-sa-pobla-i-mostra-gastronomica-de-languila","name":"Festes de Sant Antoni a sa Pobla i Mostra Gastron\u00f2mica de l'Anguila - Gastron\u00f2micament","isPartOf":{"@id":"https:\/\/gastronomicament.cat\/es\/#website"},"primaryImageOfPage":{"@id":"https:\/\/gastronomicament.cat\/es\/festes-de-sant-antoni-a-sa-pobla-i-mostra-gastronomica-de-languila#primaryimage"},"image":{"@id":"https:\/\/gastronomicament.cat\/es\/festes-de-sant-antoni-a-sa-pobla-i-mostra-gastronomica-de-languila#primaryimage"},"thumbnailUrl":"https:\/\/gastronomicament.cat\/wp-content\/uploads\/2025\/01\/Sant-Antoni-2025-sa-Pobla-scaled-1.jpg","datePublished":"2025-01-09T07:30:44+00:00","dateModified":"2026-04-22T18:25:16+00:00","description":"Festes de Sant Antoni a sa Pobla i Mostra Gastron\u00f2mica de l'Anguila Actualitat, Reportatges i novetats L'Obreria i l'Ajuntament han organitzat un programa ben complet de propostes","inLanguage":"es","potentialAction":[{"@type":"ReadAction","target":["https:\/\/gastronomicament.cat\/es\/festes-de-sant-antoni-a-sa-pobla-i-mostra-gastronomica-de-languila"]}]},{"@type":"ImageObject","inLanguage":"es","@id":"https:\/\/gastronomicament.cat\/es\/festes-de-sant-antoni-a-sa-pobla-i-mostra-gastronomica-de-languila#primaryimage","url":"https:\/\/gastronomicament.cat\/wp-content\/uploads\/2025\/01\/Sant-Antoni-2025-sa-Pobla-scaled-1.jpg","contentUrl":"https:\/\/gastronomicament.cat\/wp-content\/uploads\/2025\/01\/Sant-Antoni-2025-sa-Pobla-scaled-1.jpg","width":2560,"height":1527},{"@type":"WebSite","@id":"https:\/\/gastronomicament.cat\/es\/#website","url":"https:\/\/gastronomicament.cat\/es\/","name":"Gastron\u00f2micament","description":"Portal de restaurants, receptes i actualitat gastron\u00f2mica","publisher":{"@id":"https:\/\/gastronomicament.cat\/es\/#organization"},"potentialAction":[{"@type":"SearchAction","target":{"@type":"EntryPoint","urlTemplate":"https:\/\/gastronomicament.cat\/es\/?s={search_term_string}"},"query-input":{"@type":"PropertyValueSpecification","valueRequired":true,"valueName":"search_term_string"}}],"inLanguage":"es"},{"@type":"Organization","@id":"https:\/\/gastronomicament.cat\/es\/#organization","name":"Gastron\u00f2micament","url":"https:\/\/gastronomicament.cat\/es\/","logo":{"@type":"ImageObject","inLanguage":"es","@id":"https:\/\/gastronomicament.cat\/es\/#\/schema\/logo\/image\/","url":"https:\/\/gastronomicament.cat\/wp-content\/uploads\/2016\/09\/header-logo.jpg","contentUrl":"https:\/\/gastronomicament.cat\/wp-content\/uploads\/2016\/09\/header-logo.jpg","width":277,"height":39,"caption":"Gastron\u00f2micament"},"image":{"@id":"https:\/\/gastronomicament.cat\/es\/#\/schema\/logo\/image\/"},"sameAs":["https:\/\/x.com\/gastronomicamen"]},{"@type":"Person","@id":"https:\/\/gastronomicament.cat\/es\/#\/schema\/person\/a7c85c537a1ed62799a5b8e0f686a37f","name":"Redacci\u00f3","image":{"@type":"ImageObject","inLanguage":"es","@id":"https:\/\/secure.gravatar.com\/avatar\/9489a485c464fd611d33825daae651d13db70c4e74c65c94937a15a9d4c3ee14?s=96&d=mm&r=g69fea3cce3645dfa2166e7293e22955e","url":"https:\/\/secure.gravatar.com\/avatar\/9489a485c464fd611d33825daae651d13db70c4e74c65c94937a15a9d4c3ee14?s=96&d=mm&r=g","contentUrl":"https:\/\/secure.gravatar.com\/avatar\/9489a485c464fd611d33825daae651d13db70c4e74c65c94937a15a9d4c3ee14?s=96&d=mm&r=g","caption":"Redacci\u00f3"},"sameAs":["http:\/\/gastronomicament.cat"],"url":"https:\/\/gastronomicament.cat\/es\/author\/admin"}]}},"_links":{"self":[{"href":"https:\/\/gastronomicament.cat\/es\/wp-json\/wp\/v2\/posts\/100477","targetHints":{"allow":["GET"]}}],"collection":[{"href":"https:\/\/gastronomicament.cat\/es\/wp-json\/wp\/v2\/posts"}],"about":[{"href":"https:\/\/gastronomicament.cat\/es\/wp-json\/wp\/v2\/types\/post"}],"author":[{"embeddable":true,"href":"https:\/\/gastronomicament.cat\/es\/wp-json\/wp\/v2\/users\/1"}],"replies":[{"embeddable":true,"href":"https:\/\/gastronomicament.cat\/es\/wp-json\/wp\/v2\/comments?post=100477"}],"version-history":[{"count":0,"href":"https:\/\/gastronomicament.cat\/es\/wp-json\/wp\/v2\/posts\/100477\/revisions"}],"wp:featuredmedia":[{"embeddable":true,"href":"https:\/\/gastronomicament.cat\/es\/wp-json\/wp\/v2\/media\/100478"}],"wp:attachment":[{"href":"https:\/\/gastronomicament.cat\/es\/wp-json\/wp\/v2\/media?parent=100477"}],"wp:term":[{"taxonomy":"category","embeddable":true,"href":"https:\/\/gastronomicament.cat\/es\/wp-json\/wp\/v2\/categories?post=100477"},{"taxonomy":"post_tag","embeddable":true,"href":"https:\/\/gastronomicament.cat\/es\/wp-json\/wp\/v2\/tags?post=100477"},{"taxonomy":"author","embeddable":true,"href":"https:\/\/gastronomicament.cat\/es\/wp-json\/wp\/v2\/coauthors?post=100477"}],"curies":[{"name":"wp","href":"https:\/\/api.w.org\/{rel}","templated":true}]}}