{"id":100936,"date":"2025-04-02T08:10:29","date_gmt":"2025-04-02T06:10:29","guid":{"rendered":"https:\/\/web2025.gastronomicament.cat\/passau-gust-de-menjar-amb-les-jornades-gastronomiques-de-peix-de-menorca"},"modified":"2026-04-12T19:37:29","modified_gmt":"2026-04-12T17:37:29","slug":"passau-gust-de-menjar-amb-les-jornades-gastronomiques-de-peix-de-menorca","status":"publish","type":"post","link":"https:\/\/gastronomicament.cat\/es\/passau-gust-de-menjar-amb-les-jornades-gastronomiques-de-peix-de-menorca","title":{"rendered":"Passau gust de menjar amb les Jornades Gastron\u00f2miques de Peix de Menorca"},"content":{"rendered":"<p>L\u2019Associaci\u00f3 Menorquina de Cafeteries, Bars i Restaurants, adherida a PIME Menorca, organitza una nova edici\u00f3 de les\u00a0<strong>Jornades Gastron\u00f2miques de Peix<\/strong>, en les quals el peix i el marisc s\u00f3n els ingredients protagonistes dels men\u00fas que ofereixen els restaurants.<\/p>\n<p>Aquesta cita gastron\u00f2mica es far\u00e0\u00a0<strong>durant dos caps de setmana<\/strong>. El primer ser\u00e0 el dels dies\u00a0<strong>4, 5 i 6 d&#8217;abril<\/strong>, i el segon es far\u00e0 els dies\u00a0<strong>11, 12 i 13<\/strong>\u00a0d&#8217;aquest mateix mes.<\/p>\n<p>Despr\u00e9s de la bona acollida de les edicions anteriors s\u2019ha mantingut la iniciativa de fer les jornades tamb\u00e9 entre setmana. Amb un men\u00fa especial de migdia a base de peix i\/o marisc com a ingredients principals.<\/p>\n<p>El men\u00fa ser\u00e0 diferent a cadascun dels catorze restaurants que hi participen, la qual cosa permet fer una volta gastron\u00f2mica per diferents municipis de l\u2019illa, com ara Ciutadella, Ferreries, es Mercadal, Fornells i Sant Llu\u00eds.<\/p>\n<p>Es recomanable que en reservar taula es consulti el men\u00fa de cada dia, ja que els aliments s\u00f3n frescs. Alguns dels plats que s\u2019hi podran tastar s\u00f3n: musclos de Menorca, past\u00eds de cap roig, t\u00e0rtar de gamba vermella menorquina, arr\u00f2s sec de moll i gamba de Menorca.<\/p>\n<p>Els establiments participants per poblacions s\u00f3n els seg\u00fcents:<\/p>\n<ul>\n<li><strong>Aquarium Port Ciutadella<\/strong>\u2013 Ciutadella. Tel\u00e8fon: 971386700. Horari: dimarts tancat. De dimecres a dilluns, de 13:00 a 15:30 i de 00 a 22.30 hores.<\/li>\n<li><strong>Caf\u00e8 Balear<\/strong>\u2013 Ciutadella. Tel\u00e9fon: 971380005. Horari: Obert tot l\u2019any d\u201911.00 al tancament. Horari de cuina de 13:00 a 16:00 i 20:00 a 24:00 hores<\/li>\n<li><strong>Pins 46\u00a0<\/strong>\u2013 Ciutadella. Tel\u00e8fon: 971481674. Horari: Obert tot l\u00b4any d\u00b411:00 al tancament. Horari de cuina: de 13:00 a 16:00 i de 20:00 a 24:00 hores<\/li>\n<li><strong>Mes\u00f3n R\u00edas Baixas<\/strong>\u2013 Ferreries. Tel\u00e8fon: 971 374 558. Horari d\u2019estiu (1 d\u2019abril al 31 d\u2019octubre): obert cada dia migdia i vespre.<\/li>\n<li><strong>Hostal Restaurant Jeni<\/strong>\u2013 es Mercadal. Tel\u00e8fon: 971375059<\/li>\n<li><strong>Meson Can Jaume<\/strong>\u2013 es Mercadal. Tel\u00e8fon: 971017717.<\/li>\n<li><strong>Mol\u00ed d\u2019es Rac\u00f3<\/strong>\u2013 es Mercadal. Tel\u00e8fon: \u00a0971375392. Horari d&#8217;hivern: de 13:00 a 16:00 i de 19:00 a 23:00 h Horari d&#8217;estiu: de 12:30 a 16:30 i de 19:00 a 00:30 hores.<\/li>\n<li><strong>Tast\u00a0<\/strong>\u2013 es Mercadal. Tel\u00e8fon: 971 375 587. Horari: de 13:00h \u2013 16:00h \/ 20:00h \u2013 23:00 hores. Dilluns tancat.<\/li>\n<li><strong>Sa Parereta d\u2019en Doro\u00a0<\/strong>\u2013 Sant Llu\u00eds. Tel\u00e8fon: 971150353<\/li>\n<li><strong>Hostal la Palma<\/strong>\u2013\u00a0 Fornells. Tel\u00e8fon: 971 37 66 34<\/li>\n<\/ul>\n<p><iframe src=\"https:\/\/www.google.com\/maps\/d\/embed?mid=1zZPVGOEQNWEL1oh1fMOFFfKqXDPHo-0&amp;hl=ca&amp;ehbc=2E312F\" width=\"640\" height=\"480\"><\/iframe><\/p>\n<p>Aquest esdeveniment culinari t\u00e9 patrocini de la Fundaci\u00f3 Foment de Turisme de Menorca i la col\u00b7laboraci\u00f3 de PIME Menorca, Menorca Regi\u00f3 Gastron\u00f2mica Europea, Foodies on Menorca i l\u2019Associaci\u00f3 de Periodistes i Escriptors Gastron\u00f2mics de les Illes Balears.<\/p>\n<pre>Imatge: <a href=\"https:\/\/pixabay.com\/es\/users\/misskursovie2013-6341223\/\" target=\"_blank\" rel=\"noopener nofollow\">misskursovie2013 - Pixabay<\/a><\/pre>\n","protected":false},"excerpt":{"rendered":"<p>Es faran els dies 3, 4, 5, 11, 12 i 13 d&#8217;abril a una desena de&hellip;<\/p>\n","protected":false},"author":1,"featured_media":100937,"comment_status":"open","ping_status":"open","sticky":false,"template":"","format":"standard","meta":{"_acf_changed":false,"_swt_meta_header_display":false,"_swt_meta_footer_display":false,"_swt_meta_site_title_display":false,"_swt_meta_sticky_header":false,"_swt_meta_transparent_header":false,"footnotes":""},"categories":[692,955],"tags":[],"coauthors":[2053],"class_list":["post-100936","post","type-post","status-publish","format-standard","has-post-thumbnail","hentry","category-actualitat","category-reportatges-i-novetats"],"acf":{"gallery":null,"home_date":{"home_begin_date":null,"home_end_date":null}},"yoast_head":"<!-- This site is optimized with the Yoast SEO plugin v27.4 - https:\/\/yoast.com\/product\/yoast-seo-wordpress\/ -->\n<title>Passau gust de menjar amb les Jornades Gastron\u00f2miques de Peix de Menorca - Gastron\u00f2micament<\/title>\n<meta name=\"description\" content=\"Passau gust de menjar amb les Jornades Gastron\u00f2miques de Peix de Menorca Actualitat, Reportatges i novetats Es faran els dies 3, 4, 5, 11, 12 i 13 d&#039;abril a una desena de restaurants\" \/>\n<meta name=\"robots\" content=\"index, follow, max-snippet:-1, max-image-preview:large, max-video-preview:-1\" \/>\n<link rel=\"canonical\" href=\"https:\/\/gastronomicament.cat\/es\/passau-gust-de-menjar-amb-les-jornades-gastronomiques-de-peix-de-menorca\" \/>\n<meta property=\"og:locale\" content=\"es_ES\" \/>\n<meta property=\"og:type\" content=\"article\" \/>\n<meta property=\"og:title\" content=\"Passau gust de menjar amb les Jornades Gastron\u00f2miques de Peix de Menorca - Gastron\u00f2micament\" \/>\n<meta property=\"og:description\" content=\"Passau gust de menjar amb les Jornades Gastron\u00f2miques de Peix de Menorca Actualitat, Reportatges i novetats Es faran els dies 3, 4, 5, 11, 12 i 13 d&#039;abril a una desena de restaurants\" \/>\n<meta property=\"og:url\" content=\"https:\/\/gastronomicament.cat\/es\/passau-gust-de-menjar-amb-les-jornades-gastronomiques-de-peix-de-menorca\" \/>\n<meta property=\"og:site_name\" content=\"Gastron\u00f2micament\" \/>\n<meta property=\"article:published_time\" content=\"2025-04-02T06:10:29+00:00\" \/>\n<meta property=\"article:modified_time\" content=\"2026-04-12T17:37:29+00:00\" \/>\n<meta property=\"og:image\" content=\"https:\/\/gastronomicament.cat\/wp-content\/uploads\/2025\/04\/food-4548170_1280.jpg\" \/>\n\t<meta property=\"og:image:width\" content=\"1280\" \/>\n\t<meta property=\"og:image:height\" content=\"854\" \/>\n\t<meta property=\"og:image:type\" content=\"image\/jpeg\" \/>\n<meta name=\"author\" content=\"Redacci\u00f3\" \/>\n<meta name=\"twitter:card\" content=\"summary_large_image\" \/>\n<meta name=\"twitter:creator\" content=\"@gastronomicamen\" \/>\n<meta name=\"twitter:site\" content=\"@gastronomicamen\" \/>\n<meta name=\"twitter:label1\" content=\"Escrito por\" \/>\n\t<meta name=\"twitter:data1\" content=\"Redacci\u00f3\" \/>\n\t<meta name=\"twitter:label2\" content=\"Tiempo de lectura\" \/>\n\t<meta name=\"twitter:data2\" content=\"2 minutos\" \/>\n\t<meta name=\"twitter:label3\" content=\"Written by\" \/>\n\t<meta name=\"twitter:data3\" content=\"Redacci\u00f3\" \/>\n<script type=\"application\/ld+json\" class=\"yoast-schema-graph\">{\"@context\":\"https:\\\/\\\/schema.org\",\"@graph\":[{\"@type\":\"Article\",\"@id\":\"https:\\\/\\\/gastronomicament.cat\\\/es\\\/passau-gust-de-menjar-amb-les-jornades-gastronomiques-de-peix-de-menorca#article\",\"isPartOf\":{\"@id\":\"https:\\\/\\\/gastronomicament.cat\\\/es\\\/passau-gust-de-menjar-amb-les-jornades-gastronomiques-de-peix-de-menorca\"},\"author\":{\"name\":\"Redacci\u00f3\",\"@id\":\"https:\\\/\\\/gastronomicament.cat\\\/es\\\/#\\\/schema\\\/person\\\/a7c85c537a1ed62799a5b8e0f686a37f\"},\"headline\":\"Passau gust de menjar amb les Jornades Gastron\u00f2miques de Peix de Menorca\",\"datePublished\":\"2025-04-02T06:10:29+00:00\",\"dateModified\":\"2026-04-12T17:37:29+00:00\",\"mainEntityOfPage\":{\"@id\":\"https:\\\/\\\/gastronomicament.cat\\\/es\\\/passau-gust-de-menjar-amb-les-jornades-gastronomiques-de-peix-de-menorca\"},\"wordCount\":417,\"commentCount\":0,\"publisher\":{\"@id\":\"https:\\\/\\\/gastronomicament.cat\\\/es\\\/#organization\"},\"image\":{\"@id\":\"https:\\\/\\\/gastronomicament.cat\\\/es\\\/passau-gust-de-menjar-amb-les-jornades-gastronomiques-de-peix-de-menorca#primaryimage\"},\"thumbnailUrl\":\"https:\\\/\\\/gastronomicament.cat\\\/wp-content\\\/uploads\\\/2025\\\/04\\\/food-4548170_1280.jpg\",\"articleSection\":[\"Actualitat\",\"Reportatges i novetats\"],\"inLanguage\":\"es\",\"potentialAction\":[{\"@type\":\"CommentAction\",\"name\":\"Comment\",\"target\":[\"https:\\\/\\\/gastronomicament.cat\\\/es\\\/passau-gust-de-menjar-amb-les-jornades-gastronomiques-de-peix-de-menorca#respond\"]}]},{\"@type\":\"WebPage\",\"@id\":\"https:\\\/\\\/gastronomicament.cat\\\/es\\\/passau-gust-de-menjar-amb-les-jornades-gastronomiques-de-peix-de-menorca\",\"url\":\"https:\\\/\\\/gastronomicament.cat\\\/es\\\/passau-gust-de-menjar-amb-les-jornades-gastronomiques-de-peix-de-menorca\",\"name\":\"Passau gust de menjar amb les Jornades Gastron\u00f2miques de Peix de Menorca - Gastron\u00f2micament\",\"isPartOf\":{\"@id\":\"https:\\\/\\\/gastronomicament.cat\\\/es\\\/#website\"},\"primaryImageOfPage\":{\"@id\":\"https:\\\/\\\/gastronomicament.cat\\\/es\\\/passau-gust-de-menjar-amb-les-jornades-gastronomiques-de-peix-de-menorca#primaryimage\"},\"image\":{\"@id\":\"https:\\\/\\\/gastronomicament.cat\\\/es\\\/passau-gust-de-menjar-amb-les-jornades-gastronomiques-de-peix-de-menorca#primaryimage\"},\"thumbnailUrl\":\"https:\\\/\\\/gastronomicament.cat\\\/wp-content\\\/uploads\\\/2025\\\/04\\\/food-4548170_1280.jpg\",\"datePublished\":\"2025-04-02T06:10:29+00:00\",\"dateModified\":\"2026-04-12T17:37:29+00:00\",\"description\":\"Passau gust de menjar amb les Jornades Gastron\u00f2miques de Peix de Menorca Actualitat, Reportatges i novetats Es faran els dies 3, 4, 5, 11, 12 i 13 d'abril a una desena de restaurants\",\"inLanguage\":\"es\",\"potentialAction\":[{\"@type\":\"ReadAction\",\"target\":[\"https:\\\/\\\/gastronomicament.cat\\\/es\\\/passau-gust-de-menjar-amb-les-jornades-gastronomiques-de-peix-de-menorca\"]}]},{\"@type\":\"ImageObject\",\"inLanguage\":\"es\",\"@id\":\"https:\\\/\\\/gastronomicament.cat\\\/es\\\/passau-gust-de-menjar-amb-les-jornades-gastronomiques-de-peix-de-menorca#primaryimage\",\"url\":\"https:\\\/\\\/gastronomicament.cat\\\/wp-content\\\/uploads\\\/2025\\\/04\\\/food-4548170_1280.jpg\",\"contentUrl\":\"https:\\\/\\\/gastronomicament.cat\\\/wp-content\\\/uploads\\\/2025\\\/04\\\/food-4548170_1280.jpg\",\"width\":1280,\"height\":854},{\"@type\":\"WebSite\",\"@id\":\"https:\\\/\\\/gastronomicament.cat\\\/es\\\/#website\",\"url\":\"https:\\\/\\\/gastronomicament.cat\\\/es\\\/\",\"name\":\"Gastron\u00f2micament\",\"description\":\"Portal de restaurants, receptes i actualitat gastron\u00f2mica\",\"publisher\":{\"@id\":\"https:\\\/\\\/gastronomicament.cat\\\/es\\\/#organization\"},\"potentialAction\":[{\"@type\":\"SearchAction\",\"target\":{\"@type\":\"EntryPoint\",\"urlTemplate\":\"https:\\\/\\\/gastronomicament.cat\\\/es\\\/?s={search_term_string}\"},\"query-input\":{\"@type\":\"PropertyValueSpecification\",\"valueRequired\":true,\"valueName\":\"search_term_string\"}}],\"inLanguage\":\"es\"},{\"@type\":\"Organization\",\"@id\":\"https:\\\/\\\/gastronomicament.cat\\\/es\\\/#organization\",\"name\":\"Gastron\u00f2micament\",\"url\":\"https:\\\/\\\/gastronomicament.cat\\\/es\\\/\",\"logo\":{\"@type\":\"ImageObject\",\"inLanguage\":\"es\",\"@id\":\"https:\\\/\\\/gastronomicament.cat\\\/es\\\/#\\\/schema\\\/logo\\\/image\\\/\",\"url\":\"https:\\\/\\\/gastronomicament.cat\\\/wp-content\\\/uploads\\\/2016\\\/09\\\/header-logo.jpg\",\"contentUrl\":\"https:\\\/\\\/gastronomicament.cat\\\/wp-content\\\/uploads\\\/2016\\\/09\\\/header-logo.jpg\",\"width\":277,\"height\":39,\"caption\":\"Gastron\u00f2micament\"},\"image\":{\"@id\":\"https:\\\/\\\/gastronomicament.cat\\\/es\\\/#\\\/schema\\\/logo\\\/image\\\/\"},\"sameAs\":[\"https:\\\/\\\/x.com\\\/gastronomicamen\"]},{\"@type\":\"Person\",\"@id\":\"https:\\\/\\\/gastronomicament.cat\\\/es\\\/#\\\/schema\\\/person\\\/a7c85c537a1ed62799a5b8e0f686a37f\",\"name\":\"Redacci\u00f3\",\"image\":{\"@type\":\"ImageObject\",\"inLanguage\":\"es\",\"@id\":\"https:\\\/\\\/secure.gravatar.com\\\/avatar\\\/9489a485c464fd611d33825daae651d13db70c4e74c65c94937a15a9d4c3ee14?s=96&d=mm&r=g69fea3cce3645dfa2166e7293e22955e\",\"url\":\"https:\\\/\\\/secure.gravatar.com\\\/avatar\\\/9489a485c464fd611d33825daae651d13db70c4e74c65c94937a15a9d4c3ee14?s=96&d=mm&r=g\",\"contentUrl\":\"https:\\\/\\\/secure.gravatar.com\\\/avatar\\\/9489a485c464fd611d33825daae651d13db70c4e74c65c94937a15a9d4c3ee14?s=96&d=mm&r=g\",\"caption\":\"Redacci\u00f3\"},\"sameAs\":[\"http:\\\/\\\/gastronomicament.cat\"],\"url\":\"https:\\\/\\\/gastronomicament.cat\\\/es\\\/author\\\/admin\"}]}<\/script>\n<!-- \/ Yoast SEO plugin. -->","yoast_head_json":{"title":"Passau gust de menjar amb les Jornades Gastron\u00f2miques de Peix de Menorca - Gastron\u00f2micament","description":"Passau gust de menjar amb les Jornades Gastron\u00f2miques de Peix de Menorca Actualitat, Reportatges i novetats Es faran els dies 3, 4, 5, 11, 12 i 13 d'abril a una desena de restaurants","robots":{"index":"index","follow":"follow","max-snippet":"max-snippet:-1","max-image-preview":"max-image-preview:large","max-video-preview":"max-video-preview:-1"},"canonical":"https:\/\/gastronomicament.cat\/es\/passau-gust-de-menjar-amb-les-jornades-gastronomiques-de-peix-de-menorca","og_locale":"es_ES","og_type":"article","og_title":"Passau gust de menjar amb les Jornades Gastron\u00f2miques de Peix de Menorca - Gastron\u00f2micament","og_description":"Passau gust de menjar amb les Jornades Gastron\u00f2miques de Peix de Menorca Actualitat, Reportatges i novetats Es faran els dies 3, 4, 5, 11, 12 i 13 d'abril a una desena de restaurants","og_url":"https:\/\/gastronomicament.cat\/es\/passau-gust-de-menjar-amb-les-jornades-gastronomiques-de-peix-de-menorca","og_site_name":"Gastron\u00f2micament","article_published_time":"2025-04-02T06:10:29+00:00","article_modified_time":"2026-04-12T17:37:29+00:00","og_image":[{"width":1280,"height":854,"url":"https:\/\/gastronomicament.cat\/wp-content\/uploads\/2025\/04\/food-4548170_1280.jpg","type":"image\/jpeg"}],"author":"Redacci\u00f3","twitter_card":"summary_large_image","twitter_creator":"@gastronomicamen","twitter_site":"@gastronomicamen","twitter_misc":{"Escrito por":"Redacci\u00f3","Tiempo de lectura":"2 minutos","Written by":"Redacci\u00f3"},"schema":{"@context":"https:\/\/schema.org","@graph":[{"@type":"Article","@id":"https:\/\/gastronomicament.cat\/es\/passau-gust-de-menjar-amb-les-jornades-gastronomiques-de-peix-de-menorca#article","isPartOf":{"@id":"https:\/\/gastronomicament.cat\/es\/passau-gust-de-menjar-amb-les-jornades-gastronomiques-de-peix-de-menorca"},"author":{"name":"Redacci\u00f3","@id":"https:\/\/gastronomicament.cat\/es\/#\/schema\/person\/a7c85c537a1ed62799a5b8e0f686a37f"},"headline":"Passau gust de menjar amb les Jornades Gastron\u00f2miques de Peix de Menorca","datePublished":"2025-04-02T06:10:29+00:00","dateModified":"2026-04-12T17:37:29+00:00","mainEntityOfPage":{"@id":"https:\/\/gastronomicament.cat\/es\/passau-gust-de-menjar-amb-les-jornades-gastronomiques-de-peix-de-menorca"},"wordCount":417,"commentCount":0,"publisher":{"@id":"https:\/\/gastronomicament.cat\/es\/#organization"},"image":{"@id":"https:\/\/gastronomicament.cat\/es\/passau-gust-de-menjar-amb-les-jornades-gastronomiques-de-peix-de-menorca#primaryimage"},"thumbnailUrl":"https:\/\/gastronomicament.cat\/wp-content\/uploads\/2025\/04\/food-4548170_1280.jpg","articleSection":["Actualitat","Reportatges i novetats"],"inLanguage":"es","potentialAction":[{"@type":"CommentAction","name":"Comment","target":["https:\/\/gastronomicament.cat\/es\/passau-gust-de-menjar-amb-les-jornades-gastronomiques-de-peix-de-menorca#respond"]}]},{"@type":"WebPage","@id":"https:\/\/gastronomicament.cat\/es\/passau-gust-de-menjar-amb-les-jornades-gastronomiques-de-peix-de-menorca","url":"https:\/\/gastronomicament.cat\/es\/passau-gust-de-menjar-amb-les-jornades-gastronomiques-de-peix-de-menorca","name":"Passau gust de menjar amb les Jornades Gastron\u00f2miques de Peix de Menorca - Gastron\u00f2micament","isPartOf":{"@id":"https:\/\/gastronomicament.cat\/es\/#website"},"primaryImageOfPage":{"@id":"https:\/\/gastronomicament.cat\/es\/passau-gust-de-menjar-amb-les-jornades-gastronomiques-de-peix-de-menorca#primaryimage"},"image":{"@id":"https:\/\/gastronomicament.cat\/es\/passau-gust-de-menjar-amb-les-jornades-gastronomiques-de-peix-de-menorca#primaryimage"},"thumbnailUrl":"https:\/\/gastronomicament.cat\/wp-content\/uploads\/2025\/04\/food-4548170_1280.jpg","datePublished":"2025-04-02T06:10:29+00:00","dateModified":"2026-04-12T17:37:29+00:00","description":"Passau gust de menjar amb les Jornades Gastron\u00f2miques de Peix de Menorca Actualitat, Reportatges i novetats Es faran els dies 3, 4, 5, 11, 12 i 13 d'abril a una desena de restaurants","inLanguage":"es","potentialAction":[{"@type":"ReadAction","target":["https:\/\/gastronomicament.cat\/es\/passau-gust-de-menjar-amb-les-jornades-gastronomiques-de-peix-de-menorca"]}]},{"@type":"ImageObject","inLanguage":"es","@id":"https:\/\/gastronomicament.cat\/es\/passau-gust-de-menjar-amb-les-jornades-gastronomiques-de-peix-de-menorca#primaryimage","url":"https:\/\/gastronomicament.cat\/wp-content\/uploads\/2025\/04\/food-4548170_1280.jpg","contentUrl":"https:\/\/gastronomicament.cat\/wp-content\/uploads\/2025\/04\/food-4548170_1280.jpg","width":1280,"height":854},{"@type":"WebSite","@id":"https:\/\/gastronomicament.cat\/es\/#website","url":"https:\/\/gastronomicament.cat\/es\/","name":"Gastron\u00f2micament","description":"Portal de restaurants, receptes i actualitat gastron\u00f2mica","publisher":{"@id":"https:\/\/gastronomicament.cat\/es\/#organization"},"potentialAction":[{"@type":"SearchAction","target":{"@type":"EntryPoint","urlTemplate":"https:\/\/gastronomicament.cat\/es\/?s={search_term_string}"},"query-input":{"@type":"PropertyValueSpecification","valueRequired":true,"valueName":"search_term_string"}}],"inLanguage":"es"},{"@type":"Organization","@id":"https:\/\/gastronomicament.cat\/es\/#organization","name":"Gastron\u00f2micament","url":"https:\/\/gastronomicament.cat\/es\/","logo":{"@type":"ImageObject","inLanguage":"es","@id":"https:\/\/gastronomicament.cat\/es\/#\/schema\/logo\/image\/","url":"https:\/\/gastronomicament.cat\/wp-content\/uploads\/2016\/09\/header-logo.jpg","contentUrl":"https:\/\/gastronomicament.cat\/wp-content\/uploads\/2016\/09\/header-logo.jpg","width":277,"height":39,"caption":"Gastron\u00f2micament"},"image":{"@id":"https:\/\/gastronomicament.cat\/es\/#\/schema\/logo\/image\/"},"sameAs":["https:\/\/x.com\/gastronomicamen"]},{"@type":"Person","@id":"https:\/\/gastronomicament.cat\/es\/#\/schema\/person\/a7c85c537a1ed62799a5b8e0f686a37f","name":"Redacci\u00f3","image":{"@type":"ImageObject","inLanguage":"es","@id":"https:\/\/secure.gravatar.com\/avatar\/9489a485c464fd611d33825daae651d13db70c4e74c65c94937a15a9d4c3ee14?s=96&d=mm&r=g69fea3cce3645dfa2166e7293e22955e","url":"https:\/\/secure.gravatar.com\/avatar\/9489a485c464fd611d33825daae651d13db70c4e74c65c94937a15a9d4c3ee14?s=96&d=mm&r=g","contentUrl":"https:\/\/secure.gravatar.com\/avatar\/9489a485c464fd611d33825daae651d13db70c4e74c65c94937a15a9d4c3ee14?s=96&d=mm&r=g","caption":"Redacci\u00f3"},"sameAs":["http:\/\/gastronomicament.cat"],"url":"https:\/\/gastronomicament.cat\/es\/author\/admin"}]}},"_links":{"self":[{"href":"https:\/\/gastronomicament.cat\/es\/wp-json\/wp\/v2\/posts\/100936","targetHints":{"allow":["GET"]}}],"collection":[{"href":"https:\/\/gastronomicament.cat\/es\/wp-json\/wp\/v2\/posts"}],"about":[{"href":"https:\/\/gastronomicament.cat\/es\/wp-json\/wp\/v2\/types\/post"}],"author":[{"embeddable":true,"href":"https:\/\/gastronomicament.cat\/es\/wp-json\/wp\/v2\/users\/1"}],"replies":[{"embeddable":true,"href":"https:\/\/gastronomicament.cat\/es\/wp-json\/wp\/v2\/comments?post=100936"}],"version-history":[{"count":0,"href":"https:\/\/gastronomicament.cat\/es\/wp-json\/wp\/v2\/posts\/100936\/revisions"}],"wp:featuredmedia":[{"embeddable":true,"href":"https:\/\/gastronomicament.cat\/es\/wp-json\/wp\/v2\/media\/100937"}],"wp:attachment":[{"href":"https:\/\/gastronomicament.cat\/es\/wp-json\/wp\/v2\/media?parent=100936"}],"wp:term":[{"taxonomy":"category","embeddable":true,"href":"https:\/\/gastronomicament.cat\/es\/wp-json\/wp\/v2\/categories?post=100936"},{"taxonomy":"post_tag","embeddable":true,"href":"https:\/\/gastronomicament.cat\/es\/wp-json\/wp\/v2\/tags?post=100936"},{"taxonomy":"author","embeddable":true,"href":"https:\/\/gastronomicament.cat\/es\/wp-json\/wp\/v2\/coauthors?post=100936"}],"curies":[{"name":"wp","href":"https:\/\/api.w.org\/{rel}","templated":true}]}}