{"id":101564,"date":"2025-05-20T08:12:48","date_gmt":"2025-05-20T06:12:48","guid":{"rendered":"https:\/\/web2025.gastronomicament.cat\/un-dels-millors-restaurants-japonesos-del-mon-torna-a-mallorca"},"modified":"2026-04-16T17:40:45","modified_gmt":"2026-04-16T15:40:45","slug":"un-dels-millors-restaurants-japonesos-del-mon-torna-a-mallorca","status":"publish","type":"post","link":"https:\/\/gastronomicament.cat\/es\/un-dels-millors-restaurants-japonesos-del-mon-torna-a-mallorca","title":{"rendered":"Un dels millors restaurants japonesos del m\u00f3n torna a Mallorca"},"content":{"rendered":"\n<p>D&#8217;aqu\u00ed a 1 mes, Roka, el prestigi\u00f3s restaurant japon\u00e8s de cuina robatayaki obrir\u00e0 les portes al prestigi\u00f3s Cap Vermell Grand Hotel, ubicat a Canyamel. Aix\u00ed torna a Mallorca, per un temps limitat, un dels restaurants japonesos m\u00e9s famosos del m\u00f3n.<\/p>\n\n\n\n<p>Roka obrir\u00e0 les portes el 19 de juny i romandr\u00e0 obert fins el 7 de setembre. Durant aquests mesos, oferir\u00e0 a residents i visitants, una oportunitat \u00fanica de gaudir d&#8217;una de les experi\u00e8ncies gastron\u00f2miques nipones m\u00e9s exclusives d&#8217;\u00e0mbit internacional sense sortir de Mallorca.<\/p>\n\n\n\n<p><strong>Molta d&#8217;expectaci\u00f3<\/strong><\/p>\n\n\n\n<p>En la darrera edici\u00f3, el restaurant va registrar llargues llistes d&#8217;espera, i va esdevenir un dels espais m\u00e9s anhelats de l&#8217;estiu mallorqu\u00ed. Nom\u00e9s durant 12 setmanes, residents i visitants tindran l&#8217;oportunitat de viure aquesta experi\u00e8ncia \u00fanica sense necessitat de viatjar a destins com Londres, Dubai o Riad, on la marca t\u00e9 seus permanents.<\/p>\n\n\n\n<p>Precisament per aix\u00f2 i despr\u00e9s de l&#8217;\u00e8xit de les edicions anteriors, diuen des de l&#8217;hotel, \u201c<strong>recomanam fer la reserva tan aviat&nbsp;com sigui possible perqu\u00e8 \u00e9s una experi\u00e8ncia ef\u00edmera que nom\u00e9s es podr\u00e0 gaudir durant dos mesos i mig i, atesa l&#8217;alta demanda, \u00e9s una oportunitat \u00fanica que cal aprofitar al m\u00e0xim<\/strong>\u201d. El nostre objectiu, afegeixen, \u201c\u00e9s oferir a residents i visitants una proposta gastron\u00f2mica \u00fanica, en un entorn \u00fanic com \u00e9s Cap Vermell Grand Hotel\u201d.<\/p>\n\n\n\n<p>Amb la seva ic\u00f2nica graella robata,&nbsp;<strong>Roka Mallorca destaca per fusionar t\u00e8cniques ancestrals amb una visi\u00f3 contempor\u00e0nia<\/strong>, que ofereix plats com el&nbsp;<strong>bacall\u00e0 negre marinat en miso de yuzu<\/strong>&nbsp;o les&nbsp;<strong>costelles de xot amb esp\u00e8cies coreanes<\/strong>. Tot aix\u00f2, en un ambient vibrant que combina gastronomia, cocteleria i m\u00fasica en viu que, un any m\u00e9s, comptar\u00e0 amb T-Mark com a punxadiscos resident de Roka Mallorca.<\/p>\n\n\n\n<p>La seva reobertura a Cap Vermell Grand Hotel, un dels enclavaments m\u00e9s exclusius de la Mediterr\u00e0nia, refor\u00e7a la posici\u00f3 de l&#8217;hotel com una destinaci\u00f3 gastron\u00f2mica de refer\u00e8ncia a Europa. Amb la pres\u00e8ncia de Voro, l&#8217;\u00fanic restaurant de les Illes Balears amb dues estrelles Michelin i altres propostes de primer nivell com Tapas Bar, Balearic, Ses Oliveres i Hedonist, l&#8217;hotel es consolida com un epicentre culinari d&#8217;alt nivell.<\/p>\n","protected":false},"excerpt":{"rendered":"<p>Roka reobre en format ef\u00edmer a Cap Vermell Grand Hotel<\/p>\n","protected":false},"author":1,"featured_media":101566,"comment_status":"open","ping_status":"open","sticky":false,"template":"","format":"gallery","meta":{"_acf_changed":false,"_swt_meta_header_display":false,"_swt_meta_footer_display":false,"_swt_meta_site_title_display":false,"_swt_meta_sticky_header":false,"_swt_meta_transparent_header":false,"footnotes":""},"categories":[692,955],"tags":[],"coauthors":[2053],"class_list":["post-101564","post","type-post","status-publish","format-gallery","has-post-thumbnail","hentry","category-actualitat","category-reportatges-i-novetats","post_format-post-format-gallery"],"acf":{"gallery":[101574,101569],"home_date":{"home_begin_date":null,"home_end_date":null}},"yoast_head":"<!-- This site is optimized with the Yoast SEO plugin v27.4 - https:\/\/yoast.com\/product\/yoast-seo-wordpress\/ -->\n<title>Un dels millors restaurants japonesos del m\u00f3n torna a Mallorca - Gastron\u00f2micament<\/title>\n<meta name=\"description\" content=\"Un dels millors restaurants japonesos del m\u00f3n torna a Mallorca Actualitat, Reportatges i novetats Roka reobre en format ef\u00edmer a Cap Vermell Grand Hotel\" \/>\n<meta name=\"robots\" content=\"index, follow, max-snippet:-1, max-image-preview:large, max-video-preview:-1\" \/>\n<link rel=\"canonical\" href=\"https:\/\/gastronomicament.cat\/es\/un-dels-millors-restaurants-japonesos-del-mon-torna-a-mallorca\" \/>\n<meta property=\"og:locale\" content=\"es_ES\" \/>\n<meta property=\"og:type\" content=\"article\" \/>\n<meta property=\"og:title\" content=\"Un dels millors restaurants japonesos del m\u00f3n torna a Mallorca - Gastron\u00f2micament\" \/>\n<meta property=\"og:description\" content=\"Un dels millors restaurants japonesos del m\u00f3n torna a Mallorca Actualitat, Reportatges i novetats Roka reobre en format ef\u00edmer a Cap Vermell Grand Hotel\" \/>\n<meta property=\"og:url\" content=\"https:\/\/gastronomicament.cat\/es\/un-dels-millors-restaurants-japonesos-del-mon-torna-a-mallorca\" \/>\n<meta property=\"og:site_name\" content=\"Gastron\u00f2micament\" \/>\n<meta property=\"article:published_time\" content=\"2025-05-20T06:12:48+00:00\" \/>\n<meta property=\"article:modified_time\" content=\"2026-04-16T15:40:45+00:00\" \/>\n<meta property=\"og:image\" content=\"https:\/\/gastronomicament.cat\/wp-content\/uploads\/2025\/05\/Roka-restaurant-Cap-Vermell-Hotel.jpg\" \/>\n\t<meta property=\"og:image:width\" content=\"1600\" \/>\n\t<meta property=\"og:image:height\" content=\"1066\" \/>\n\t<meta property=\"og:image:type\" content=\"image\/jpeg\" \/>\n<meta name=\"author\" content=\"Redacci\u00f3\" \/>\n<meta name=\"twitter:card\" content=\"summary_large_image\" \/>\n<meta name=\"twitter:creator\" content=\"@gastronomicamen\" \/>\n<meta name=\"twitter:site\" content=\"@gastronomicamen\" \/>\n<meta name=\"twitter:label1\" content=\"Escrito por\" \/>\n\t<meta name=\"twitter:data1\" content=\"Redacci\u00f3\" \/>\n\t<meta name=\"twitter:label2\" content=\"Tiempo de lectura\" \/>\n\t<meta name=\"twitter:data2\" content=\"3 minutos\" \/>\n\t<meta name=\"twitter:label3\" content=\"Written by\" \/>\n\t<meta name=\"twitter:data3\" content=\"Redacci\u00f3\" \/>\n<script type=\"application\/ld+json\" class=\"yoast-schema-graph\">{\"@context\":\"https:\\\/\\\/schema.org\",\"@graph\":[{\"@type\":\"Article\",\"@id\":\"https:\\\/\\\/gastronomicament.cat\\\/es\\\/un-dels-millors-restaurants-japonesos-del-mon-torna-a-mallorca#article\",\"isPartOf\":{\"@id\":\"https:\\\/\\\/gastronomicament.cat\\\/es\\\/un-dels-millors-restaurants-japonesos-del-mon-torna-a-mallorca\"},\"author\":{\"name\":\"Redacci\u00f3\",\"@id\":\"https:\\\/\\\/gastronomicament.cat\\\/es\\\/#\\\/schema\\\/person\\\/a7c85c537a1ed62799a5b8e0f686a37f\"},\"headline\":\"Un dels millors restaurants japonesos del m\u00f3n torna a Mallorca\",\"datePublished\":\"2025-05-20T06:12:48+00:00\",\"dateModified\":\"2026-04-16T15:40:45+00:00\",\"mainEntityOfPage\":{\"@id\":\"https:\\\/\\\/gastronomicament.cat\\\/es\\\/un-dels-millors-restaurants-japonesos-del-mon-torna-a-mallorca\"},\"wordCount\":390,\"commentCount\":0,\"publisher\":{\"@id\":\"https:\\\/\\\/gastronomicament.cat\\\/es\\\/#organization\"},\"image\":{\"@id\":\"https:\\\/\\\/gastronomicament.cat\\\/es\\\/un-dels-millors-restaurants-japonesos-del-mon-torna-a-mallorca#primaryimage\"},\"thumbnailUrl\":\"https:\\\/\\\/gastronomicament.cat\\\/wp-content\\\/uploads\\\/2025\\\/05\\\/Roka-restaurant-Cap-Vermell-Hotel.jpg\",\"articleSection\":[\"Actualitat\",\"Reportatges i novetats\"],\"inLanguage\":\"es\",\"potentialAction\":[{\"@type\":\"CommentAction\",\"name\":\"Comment\",\"target\":[\"https:\\\/\\\/gastronomicament.cat\\\/es\\\/un-dels-millors-restaurants-japonesos-del-mon-torna-a-mallorca#respond\"]}]},{\"@type\":\"WebPage\",\"@id\":\"https:\\\/\\\/gastronomicament.cat\\\/es\\\/un-dels-millors-restaurants-japonesos-del-mon-torna-a-mallorca\",\"url\":\"https:\\\/\\\/gastronomicament.cat\\\/es\\\/un-dels-millors-restaurants-japonesos-del-mon-torna-a-mallorca\",\"name\":\"Un dels millors restaurants japonesos del m\u00f3n torna a Mallorca - Gastron\u00f2micament\",\"isPartOf\":{\"@id\":\"https:\\\/\\\/gastronomicament.cat\\\/es\\\/#website\"},\"primaryImageOfPage\":{\"@id\":\"https:\\\/\\\/gastronomicament.cat\\\/es\\\/un-dels-millors-restaurants-japonesos-del-mon-torna-a-mallorca#primaryimage\"},\"image\":{\"@id\":\"https:\\\/\\\/gastronomicament.cat\\\/es\\\/un-dels-millors-restaurants-japonesos-del-mon-torna-a-mallorca#primaryimage\"},\"thumbnailUrl\":\"https:\\\/\\\/gastronomicament.cat\\\/wp-content\\\/uploads\\\/2025\\\/05\\\/Roka-restaurant-Cap-Vermell-Hotel.jpg\",\"datePublished\":\"2025-05-20T06:12:48+00:00\",\"dateModified\":\"2026-04-16T15:40:45+00:00\",\"description\":\"Un dels millors restaurants japonesos del m\u00f3n torna a Mallorca Actualitat, Reportatges i novetats Roka reobre en format ef\u00edmer a Cap Vermell Grand Hotel\",\"inLanguage\":\"es\",\"potentialAction\":[{\"@type\":\"ReadAction\",\"target\":[\"https:\\\/\\\/gastronomicament.cat\\\/es\\\/un-dels-millors-restaurants-japonesos-del-mon-torna-a-mallorca\"]}]},{\"@type\":\"ImageObject\",\"inLanguage\":\"es\",\"@id\":\"https:\\\/\\\/gastronomicament.cat\\\/es\\\/un-dels-millors-restaurants-japonesos-del-mon-torna-a-mallorca#primaryimage\",\"url\":\"https:\\\/\\\/gastronomicament.cat\\\/wp-content\\\/uploads\\\/2025\\\/05\\\/Roka-restaurant-Cap-Vermell-Hotel.jpg\",\"contentUrl\":\"https:\\\/\\\/gastronomicament.cat\\\/wp-content\\\/uploads\\\/2025\\\/05\\\/Roka-restaurant-Cap-Vermell-Hotel.jpg\",\"width\":1600,\"height\":1066},{\"@type\":\"WebSite\",\"@id\":\"https:\\\/\\\/gastronomicament.cat\\\/es\\\/#website\",\"url\":\"https:\\\/\\\/gastronomicament.cat\\\/es\\\/\",\"name\":\"Gastron\u00f2micament\",\"description\":\"Portal de restaurants, receptes i actualitat gastron\u00f2mica\",\"publisher\":{\"@id\":\"https:\\\/\\\/gastronomicament.cat\\\/es\\\/#organization\"},\"potentialAction\":[{\"@type\":\"SearchAction\",\"target\":{\"@type\":\"EntryPoint\",\"urlTemplate\":\"https:\\\/\\\/gastronomicament.cat\\\/es\\\/?s={search_term_string}\"},\"query-input\":{\"@type\":\"PropertyValueSpecification\",\"valueRequired\":true,\"valueName\":\"search_term_string\"}}],\"inLanguage\":\"es\"},{\"@type\":\"Organization\",\"@id\":\"https:\\\/\\\/gastronomicament.cat\\\/es\\\/#organization\",\"name\":\"Gastron\u00f2micament\",\"url\":\"https:\\\/\\\/gastronomicament.cat\\\/es\\\/\",\"logo\":{\"@type\":\"ImageObject\",\"inLanguage\":\"es\",\"@id\":\"https:\\\/\\\/gastronomicament.cat\\\/es\\\/#\\\/schema\\\/logo\\\/image\\\/\",\"url\":\"https:\\\/\\\/gastronomicament.cat\\\/wp-content\\\/uploads\\\/2016\\\/09\\\/header-logo.jpg\",\"contentUrl\":\"https:\\\/\\\/gastronomicament.cat\\\/wp-content\\\/uploads\\\/2016\\\/09\\\/header-logo.jpg\",\"width\":277,\"height\":39,\"caption\":\"Gastron\u00f2micament\"},\"image\":{\"@id\":\"https:\\\/\\\/gastronomicament.cat\\\/es\\\/#\\\/schema\\\/logo\\\/image\\\/\"},\"sameAs\":[\"https:\\\/\\\/x.com\\\/gastronomicamen\"]},{\"@type\":\"Person\",\"@id\":\"https:\\\/\\\/gastronomicament.cat\\\/es\\\/#\\\/schema\\\/person\\\/a7c85c537a1ed62799a5b8e0f686a37f\",\"name\":\"Redacci\u00f3\",\"image\":{\"@type\":\"ImageObject\",\"inLanguage\":\"es\",\"@id\":\"https:\\\/\\\/secure.gravatar.com\\\/avatar\\\/9489a485c464fd611d33825daae651d13db70c4e74c65c94937a15a9d4c3ee14?s=96&d=mm&r=g69fea3cce3645dfa2166e7293e22955e\",\"url\":\"https:\\\/\\\/secure.gravatar.com\\\/avatar\\\/9489a485c464fd611d33825daae651d13db70c4e74c65c94937a15a9d4c3ee14?s=96&d=mm&r=g\",\"contentUrl\":\"https:\\\/\\\/secure.gravatar.com\\\/avatar\\\/9489a485c464fd611d33825daae651d13db70c4e74c65c94937a15a9d4c3ee14?s=96&d=mm&r=g\",\"caption\":\"Redacci\u00f3\"},\"sameAs\":[\"http:\\\/\\\/gastronomicament.cat\"],\"url\":\"https:\\\/\\\/gastronomicament.cat\\\/es\\\/author\\\/admin\"}]}<\/script>\n<!-- \/ Yoast SEO plugin. -->","yoast_head_json":{"title":"Un dels millors restaurants japonesos del m\u00f3n torna a Mallorca - Gastron\u00f2micament","description":"Un dels millors restaurants japonesos del m\u00f3n torna a Mallorca Actualitat, Reportatges i novetats Roka reobre en format ef\u00edmer a Cap Vermell Grand Hotel","robots":{"index":"index","follow":"follow","max-snippet":"max-snippet:-1","max-image-preview":"max-image-preview:large","max-video-preview":"max-video-preview:-1"},"canonical":"https:\/\/gastronomicament.cat\/es\/un-dels-millors-restaurants-japonesos-del-mon-torna-a-mallorca","og_locale":"es_ES","og_type":"article","og_title":"Un dels millors restaurants japonesos del m\u00f3n torna a Mallorca - Gastron\u00f2micament","og_description":"Un dels millors restaurants japonesos del m\u00f3n torna a Mallorca Actualitat, Reportatges i novetats Roka reobre en format ef\u00edmer a Cap Vermell Grand Hotel","og_url":"https:\/\/gastronomicament.cat\/es\/un-dels-millors-restaurants-japonesos-del-mon-torna-a-mallorca","og_site_name":"Gastron\u00f2micament","article_published_time":"2025-05-20T06:12:48+00:00","article_modified_time":"2026-04-16T15:40:45+00:00","og_image":[{"width":1600,"height":1066,"url":"https:\/\/gastronomicament.cat\/wp-content\/uploads\/2025\/05\/Roka-restaurant-Cap-Vermell-Hotel.jpg","type":"image\/jpeg"}],"author":"Redacci\u00f3","twitter_card":"summary_large_image","twitter_creator":"@gastronomicamen","twitter_site":"@gastronomicamen","twitter_misc":{"Escrito por":"Redacci\u00f3","Tiempo de lectura":"3 minutos","Written by":"Redacci\u00f3"},"schema":{"@context":"https:\/\/schema.org","@graph":[{"@type":"Article","@id":"https:\/\/gastronomicament.cat\/es\/un-dels-millors-restaurants-japonesos-del-mon-torna-a-mallorca#article","isPartOf":{"@id":"https:\/\/gastronomicament.cat\/es\/un-dels-millors-restaurants-japonesos-del-mon-torna-a-mallorca"},"author":{"name":"Redacci\u00f3","@id":"https:\/\/gastronomicament.cat\/es\/#\/schema\/person\/a7c85c537a1ed62799a5b8e0f686a37f"},"headline":"Un dels millors restaurants japonesos del m\u00f3n torna a Mallorca","datePublished":"2025-05-20T06:12:48+00:00","dateModified":"2026-04-16T15:40:45+00:00","mainEntityOfPage":{"@id":"https:\/\/gastronomicament.cat\/es\/un-dels-millors-restaurants-japonesos-del-mon-torna-a-mallorca"},"wordCount":390,"commentCount":0,"publisher":{"@id":"https:\/\/gastronomicament.cat\/es\/#organization"},"image":{"@id":"https:\/\/gastronomicament.cat\/es\/un-dels-millors-restaurants-japonesos-del-mon-torna-a-mallorca#primaryimage"},"thumbnailUrl":"https:\/\/gastronomicament.cat\/wp-content\/uploads\/2025\/05\/Roka-restaurant-Cap-Vermell-Hotel.jpg","articleSection":["Actualitat","Reportatges i novetats"],"inLanguage":"es","potentialAction":[{"@type":"CommentAction","name":"Comment","target":["https:\/\/gastronomicament.cat\/es\/un-dels-millors-restaurants-japonesos-del-mon-torna-a-mallorca#respond"]}]},{"@type":"WebPage","@id":"https:\/\/gastronomicament.cat\/es\/un-dels-millors-restaurants-japonesos-del-mon-torna-a-mallorca","url":"https:\/\/gastronomicament.cat\/es\/un-dels-millors-restaurants-japonesos-del-mon-torna-a-mallorca","name":"Un dels millors restaurants japonesos del m\u00f3n torna a Mallorca - Gastron\u00f2micament","isPartOf":{"@id":"https:\/\/gastronomicament.cat\/es\/#website"},"primaryImageOfPage":{"@id":"https:\/\/gastronomicament.cat\/es\/un-dels-millors-restaurants-japonesos-del-mon-torna-a-mallorca#primaryimage"},"image":{"@id":"https:\/\/gastronomicament.cat\/es\/un-dels-millors-restaurants-japonesos-del-mon-torna-a-mallorca#primaryimage"},"thumbnailUrl":"https:\/\/gastronomicament.cat\/wp-content\/uploads\/2025\/05\/Roka-restaurant-Cap-Vermell-Hotel.jpg","datePublished":"2025-05-20T06:12:48+00:00","dateModified":"2026-04-16T15:40:45+00:00","description":"Un dels millors restaurants japonesos del m\u00f3n torna a Mallorca Actualitat, Reportatges i novetats Roka reobre en format ef\u00edmer a Cap Vermell Grand Hotel","inLanguage":"es","potentialAction":[{"@type":"ReadAction","target":["https:\/\/gastronomicament.cat\/es\/un-dels-millors-restaurants-japonesos-del-mon-torna-a-mallorca"]}]},{"@type":"ImageObject","inLanguage":"es","@id":"https:\/\/gastronomicament.cat\/es\/un-dels-millors-restaurants-japonesos-del-mon-torna-a-mallorca#primaryimage","url":"https:\/\/gastronomicament.cat\/wp-content\/uploads\/2025\/05\/Roka-restaurant-Cap-Vermell-Hotel.jpg","contentUrl":"https:\/\/gastronomicament.cat\/wp-content\/uploads\/2025\/05\/Roka-restaurant-Cap-Vermell-Hotel.jpg","width":1600,"height":1066},{"@type":"WebSite","@id":"https:\/\/gastronomicament.cat\/es\/#website","url":"https:\/\/gastronomicament.cat\/es\/","name":"Gastron\u00f2micament","description":"Portal de restaurants, receptes i actualitat gastron\u00f2mica","publisher":{"@id":"https:\/\/gastronomicament.cat\/es\/#organization"},"potentialAction":[{"@type":"SearchAction","target":{"@type":"EntryPoint","urlTemplate":"https:\/\/gastronomicament.cat\/es\/?s={search_term_string}"},"query-input":{"@type":"PropertyValueSpecification","valueRequired":true,"valueName":"search_term_string"}}],"inLanguage":"es"},{"@type":"Organization","@id":"https:\/\/gastronomicament.cat\/es\/#organization","name":"Gastron\u00f2micament","url":"https:\/\/gastronomicament.cat\/es\/","logo":{"@type":"ImageObject","inLanguage":"es","@id":"https:\/\/gastronomicament.cat\/es\/#\/schema\/logo\/image\/","url":"https:\/\/gastronomicament.cat\/wp-content\/uploads\/2016\/09\/header-logo.jpg","contentUrl":"https:\/\/gastronomicament.cat\/wp-content\/uploads\/2016\/09\/header-logo.jpg","width":277,"height":39,"caption":"Gastron\u00f2micament"},"image":{"@id":"https:\/\/gastronomicament.cat\/es\/#\/schema\/logo\/image\/"},"sameAs":["https:\/\/x.com\/gastronomicamen"]},{"@type":"Person","@id":"https:\/\/gastronomicament.cat\/es\/#\/schema\/person\/a7c85c537a1ed62799a5b8e0f686a37f","name":"Redacci\u00f3","image":{"@type":"ImageObject","inLanguage":"es","@id":"https:\/\/secure.gravatar.com\/avatar\/9489a485c464fd611d33825daae651d13db70c4e74c65c94937a15a9d4c3ee14?s=96&d=mm&r=g69fea3cce3645dfa2166e7293e22955e","url":"https:\/\/secure.gravatar.com\/avatar\/9489a485c464fd611d33825daae651d13db70c4e74c65c94937a15a9d4c3ee14?s=96&d=mm&r=g","contentUrl":"https:\/\/secure.gravatar.com\/avatar\/9489a485c464fd611d33825daae651d13db70c4e74c65c94937a15a9d4c3ee14?s=96&d=mm&r=g","caption":"Redacci\u00f3"},"sameAs":["http:\/\/gastronomicament.cat"],"url":"https:\/\/gastronomicament.cat\/es\/author\/admin"}]}},"_links":{"self":[{"href":"https:\/\/gastronomicament.cat\/es\/wp-json\/wp\/v2\/posts\/101564","targetHints":{"allow":["GET"]}}],"collection":[{"href":"https:\/\/gastronomicament.cat\/es\/wp-json\/wp\/v2\/posts"}],"about":[{"href":"https:\/\/gastronomicament.cat\/es\/wp-json\/wp\/v2\/types\/post"}],"author":[{"embeddable":true,"href":"https:\/\/gastronomicament.cat\/es\/wp-json\/wp\/v2\/users\/1"}],"replies":[{"embeddable":true,"href":"https:\/\/gastronomicament.cat\/es\/wp-json\/wp\/v2\/comments?post=101564"}],"version-history":[{"count":0,"href":"https:\/\/gastronomicament.cat\/es\/wp-json\/wp\/v2\/posts\/101564\/revisions"}],"acf:attachment":[{"embeddable":true,"href":"https:\/\/gastronomicament.cat\/es\/wp-json\/wp\/v2\/media\/101569"},{"embeddable":true,"href":"https:\/\/gastronomicament.cat\/es\/wp-json\/wp\/v2\/media\/101574"}],"wp:featuredmedia":[{"embeddable":true,"href":"https:\/\/gastronomicament.cat\/es\/wp-json\/wp\/v2\/media\/101566"}],"wp:attachment":[{"href":"https:\/\/gastronomicament.cat\/es\/wp-json\/wp\/v2\/media?parent=101564"}],"wp:term":[{"taxonomy":"category","embeddable":true,"href":"https:\/\/gastronomicament.cat\/es\/wp-json\/wp\/v2\/categories?post=101564"},{"taxonomy":"post_tag","embeddable":true,"href":"https:\/\/gastronomicament.cat\/es\/wp-json\/wp\/v2\/tags?post=101564"},{"taxonomy":"author","embeddable":true,"href":"https:\/\/gastronomicament.cat\/es\/wp-json\/wp\/v2\/coauthors?post=101564"}],"curies":[{"name":"wp","href":"https:\/\/api.w.org\/{rel}","templated":true}]}}