{"id":102692,"date":"2025-09-24T08:00:15","date_gmt":"2025-09-24T06:00:15","guid":{"rendered":"https:\/\/web2025.gastronomicament.cat\/guia-definitiva-de-la-fira-del-variat-de-palma"},"modified":"2026-04-16T15:05:20","modified_gmt":"2026-04-16T13:05:20","slug":"guia-definitiva-de-la-fira-del-variat-de-palma","status":"publish","type":"post","link":"https:\/\/gastronomicament.cat\/es\/guia-definitiva-de-la-fira-del-variat-de-palma","title":{"rendered":"Guia definitiva de la Fira del Variat de Palma"},"content":{"rendered":"\n<p>La&nbsp;<strong>Fira del Variat de Palma<\/strong>&nbsp;de celebrar\u00e0 els dies 27 i 28, i hi participaran vuit restaurants que oferiran aquest plat t\u00edpic. Els participants s\u00f3n:&nbsp;<strong>La Llubinense, Bar M\u00f3naco, Nuevo Balear, Ca Na Martina, Can Pometa, Es Rotlet, Bocatas y Bocados i Es Born Events<\/strong>, a m\u00e9s de dues&nbsp;<em>foodtrucks<\/em>&nbsp;i dues parades de dol\u00e7os<\/p>\n\n\n\n<p>La Fira del Variat \u00e9s una iniciativa que neix per reivindicar un dels plats m\u00e9s populars de l\u2019illa, avui consolidat com a emblema de la cuina tradicional mallorquina, i el producte local i de proximitat<\/p>\n\n\n\n<p>La programaci\u00f3 inclour\u00e0, a m\u00e9s de les casetes gastron\u00f2miques amb variats elaborats per bars i restaurants de l\u2019illa, un escenari central amb activitats per a totes les edats des de dissabte a les 20 hores, amb la revetla inaugural, fins diumenge a les 22 hores amb els concerts que tancaran aquesta primera edici\u00f3.<\/p>\n\n\n\n<p>La programaci\u00f3 \u00e9s la seg\u00fcent:<\/p>\n\n\n\n<p><strong>DISSABTE, 27 DE SETEMBRE, de 20 a 24 h<\/strong><\/p>\n\n\n\n<p>20:00h \u2013 DJ Juanmi Esteban<\/p>\n\n\n\n<p>22:00h \u2013 CIRKO<\/p>\n\n\n\n<p><strong>DIUMENGE, 28 DE SETEMBRE, de&nbsp;9 a 23 h<\/strong><\/p>\n\n\n\n<p>10:00h \u2013 Contacontes infantil<\/p>\n\n\n\n<p>10:00h \u2013 Venta del llibre \u201c100 variats\u201d<\/p>\n\n\n\n<p>Firma de llibres de 11.30h a 13h i de 16 a 17h<\/p>\n\n\n\n<p>11:00h \u2013 Inaguraci\u00f3 a c\u00e0rrec de Jaime Mart\u00ednez, batle de Palma , Pilar Amate, Consell de Mallorca i Paquita Bonnin, Pla\u00e7a Pere Garau.<\/p>\n\n\n\n<p>11:15h \u2013 Gegants i xeremies<\/p>\n\n\n\n<p>11:30h \u2013 Pintacares i ballada popular de ball de bot amb Puig de Bonany<\/p>\n\n\n\n<p>13:00h \u2013 Vermutada amb la xaranga Los Estupendos Burru\u00f1os<\/p>\n\n\n\n<p>14:00h \u2013 Taller de circ per a infants \u201cEs Taller espai de circ\u201d<\/p>\n\n\n\n<p>14:30h \u2013 La Filharm\u00f2nica Porrerenca<\/p>\n\n\n\n<p>16:30h \u2013 DJ Juan Campos<\/p>\n\n\n\n<p>19:00h \u2013 Grup de m\u00fasica The Bowins<\/p>\n\n\n\n<p>20:30h \u2013 Actuaci\u00f3 musical de Paco Mart\u00edn<\/p>\n\n\n\n<p>22:00h \u2013 Lolita Khaos i Chris Mental<\/p>\n\n\n\n<p>L\u2019Agrupaci\u00f3 de Venedors de la Pla\u00e7a de Pere Garau va presentar dimarts la primera edici\u00f3 de la Fira del Variat Mallorqu\u00ed, amb la col\u00b7laboraci\u00f3 de l\u2019Ajuntament de Palma i el Consell de Mallorca.<\/p>\n\n\n\n<p>La fira t\u00e9 com a objectiu dinamitzar el barri, refor\u00e7ar l\u2019activitat dels comerciants locals i impulsar el consum de producte de mercat, contribuint a consolidar Pere Garau com un referent cultural i gastron\u00f2mic dins el calendari anual de Palma.<\/p>\n\n\n\n<p><strong>Presentaci\u00f3 amb les autoritats&nbsp;<\/strong><\/p>\n\n\n\n<p>L\u2019acte de presentaci\u00f3, que va tenir lloc al Mercat de Pere Garau, ha comptat amb l\u2019assist\u00e8ncia de la consellera executiva de Promoci\u00f3 Econ\u00f2mica i Desenvolupament Local, Pilar Amate; el director general de Promoci\u00f3 Econ\u00f2mica, Producte Local i Comer\u00e7, \u00c1lvaro Roca; el tinent de batle i regidor de Mercats de l\u2019Ajuntament de Palma, Lloren\u00e7 Bau\u00e7\u00e0, i la presidenta del Mercat de Pere Garau, Paquita Bonnin.<\/p>\n\n\n\n<p>La presidenta del Mercat de Pere Garau, Paquita Bonnin, ha assegurat que \u201cdes de l\u2019Agrupaci\u00f3 de Venedors de la pla\u00e7a de Pere Garau v\u00e0rem voler atreure la gent jove al mercat, que el nom del Mercat de Pere Garau se sent\u00eds per tota Palma, i gr\u00e0cies a aquesta Fira la gent s\u2019hi acostar\u00e0 i segur que gaudir\u00e0 del producte local\u201d.<\/p>\n\n\n\n<p>A m\u00e9s, Bonnin ha definit el plat estrella de la Fira com un &#8216;barrejat&#8217; de gastronomia ben nostra, ben mallorquina, \u00e9s una mescla molt interessant, i quan l\u2019has acabat i suques pa dins la salsa, no hi ha res millor. Animam tothom a venir a aquesta fira i a gaudir d\u2019un dels nostres productes estrella\u201d.<\/p>\n\n\n\n<p>Per la seva banda, el tinent de batle i regidor de Mercats de l\u2019Ajuntament de Palma, Lloren\u00e7 Bau\u00e7\u00e0, ha afirmat que \u201cel Mercat de Pere Garau \u00e9s l\u2019ingredient perfecte per dur a terme aquesta primera Fira del Variat, que esperam que vengui per quedar-se, perqu\u00e8 un mercat tan arrelat a la cultura i la gastronomia de la ciutat dona espai per aglutinar tots aquests productes tan interessants que cont\u00e9 aquest plat tan tradicional i tan nostre com \u00e9s el variat\u201d.<\/p>\n\n\n\n<p>\u201cPer a l\u2019Ajuntament de Palma l\u2019aposta per Pere Garau \u00e9s ferma, perqu\u00e8 aquests establiments emblem\u00e0tics, com s\u00f3n els mercats municipals, posen de manifest el comprom\u00eds amb el producte local\u201d, ha afegit.<\/p>\n\n\n\n<p>Finalment, la consellera executiva de Promoci\u00f3 Econ\u00f2mica i Desenvolupament Local, Pilar Amate, ha expressat que \u201cdes del Consell de Mallorca hem apostat per aquest esdeveniment perqu\u00e8 el Mercat de Pere Garau \u00e9s una uni\u00f3 entre comer\u00e7 de proximitat i producte mallorqu\u00ed. El variat \u00e9s un plat \u00fanic de Mallorca i aquesta fira \u00e9s un projecte innovador i molt ben organitzat, i \u00e9s per aix\u00f2 que apostam per aquest tipus de projectes, que promocionen el producte mallorqu\u00ed i el comer\u00e7 de proximitat\u201d.<\/p>\n\n\n\n<p><strong>Pere Garau, referent cultural i gastron\u00f2mic<\/strong><\/p>\n\n\n\n<p>M\u00e9s enll\u00e0 del seu vessant festiu, la fira vol esdevenir una eina per dinamitzar el barri i refor\u00e7ar l\u2019activitat dels comerciants locals, alhora que impulsa el consum de producte fresc i de mercat. L\u2019escenari triat, la pla\u00e7a de Pere Garau, \u00e9s un dels enclavaments m\u00e9s din\u00e0mics de la ciutat, amb un mercat municipal on destaca el producte fresc de proximitat i un entorn multicultural on conviuen comer\u00e7os i restaurants de diferents proced\u00e8ncies. La fira vol aprofitar aquesta vitalitat per convertir-se en un espai de trobada on la gastronomia actua com a nexe cultural i social.<\/p>\n\n\n\n<p><strong>Programaci\u00f3 diversa per a totes les edats&nbsp;<\/strong><\/p>\n\n\n\n<p>La Fira del Variat Mallorqu\u00ed comen\u00e7ar\u00e0 dissabte 27 de setembre amb la revetla inaugural, que s\u2019allargar\u00e0 des de les vuit del vespre fins a mitjanit. La jornada arrancar\u00e0 amb una sessi\u00f3 de DJ Juanmi Esteban i culminar\u00e0 amb el concert en directe del grup Cirko, que posar\u00e0 ritme a la primera nit de festa a la pla\u00e7a de Pere Garau.<\/p>\n\n\n\n<p>Diumenge 28 tendr\u00e0 lloc la jornada principal, des de les nou del mat\u00ed fins a les onze del vespre, amb un programa variat i adre\u00e7at a tots els p\u00fablics. El dia comen\u00e7ar\u00e0 amb un contacontes infantil i la signatura del llibre 100 variats, que es podr\u00e0 adquirir a la mateixa fira, i continuar\u00e0 amb l\u2019acte inaugural a c\u00e0rrec del batle de Palma, Jaime Mart\u00ednez; de Pilar Amate, en representaci\u00f3 del Consell de Mallorca, i de Paquita Bonnin, presidenta de l\u2019Agrupaci\u00f3 de Venedors de la Pla\u00e7a de Pere Garau.<\/p>\n\n\n\n<p>La festa seguir\u00e0 amb gegants i xeremies, tallers infantils, ball de bot i una vermutada amb la xaranga Los Estupendos Burru\u00f1os. A l\u2019horabaixa hi haur\u00e0 un taller de circ per a infants amb \u201cEs Taller espai de circ\u201d, l\u2019actuaci\u00f3 de la Filharm\u00f2nica Porrerenca, noves sessions de DJ, concerts de The Bowins i Paco Mart\u00edn, i la cloenda amb Lolita Khaos i Chris Mental a partir de les deu de la nit.<\/p>\n\n\n\n<p>Amb aquesta primera edici\u00f3, Palma incorpora al seu calendari una nova cita que aspira a consolidar-se cada any com a referent cultural i gastron\u00f2mic, reivindicant el variat no nom\u00e9s com a plat ic\u00f2nic, sin\u00f3 tamb\u00e9 com a part essencial de la identitat de l\u2019illa.<\/p>\n\n\n\n<p><strong>Patrocinadors organitzadors i col\u00b7laboradors<\/strong><\/p>\n\n\n\n<p>La I Fira del Variat Mallorqu\u00ed \u00e9s organitzada per l\u2019Agrupaci\u00f3 de Venedors de la Pla\u00e7a de Pere Garau, amb la col\u00b7laboraci\u00f3 de l\u2019Ajuntament de Palma i el Consell de Mallorca, i compta amb el suport de Fires i Festes, Puig, San Miguel, Net Palma, Vermut Muntaner, vi Ses Nines de Tianna Negre, Taste Mallorca i ZINE Hosteleria com a entitats col\u00b7laboradores i patrocinadores.<\/p>\n","protected":false},"excerpt":{"rendered":"<p>Se celebrar\u00e0 els dies 27 i 28 a la Pla\u00e7a de Pere Garau<\/p>\n","protected":false},"author":1,"featured_media":102694,"comment_status":"open","ping_status":"open","sticky":false,"template":"","format":"gallery","meta":{"_acf_changed":false,"_swt_meta_header_display":false,"_swt_meta_footer_display":false,"_swt_meta_site_title_display":false,"_swt_meta_sticky_header":false,"_swt_meta_transparent_header":false,"footnotes":""},"categories":[692,954],"tags":[],"coauthors":[2053],"class_list":["post-102692","post","type-post","status-publish","format-gallery","has-post-thumbnail","hentry","category-actualitat","category-fires-i-rutes","post_format-post-format-gallery"],"acf":{"gallery":[102702,102697],"home_date":{"home_begin_date":null,"home_end_date":null}},"yoast_head":"<!-- This site is optimized with the Yoast SEO plugin v27.4 - https:\/\/yoast.com\/product\/yoast-seo-wordpress\/ -->\n<title>Guia definitiva de la Fira del Variat de Palma - Gastron\u00f2micament<\/title>\n<meta name=\"description\" content=\"Guia definitiva de la Fira del Variat de Palma Actualitat, Fires i rutes Se celebrar\u00e0 els dies 27 i 28 a la Pla\u00e7a de Pere Garau\" \/>\n<meta name=\"robots\" content=\"index, follow, max-snippet:-1, max-image-preview:large, max-video-preview:-1\" \/>\n<link rel=\"canonical\" href=\"https:\/\/gastronomicament.cat\/es\/guia-definitiva-de-la-fira-del-variat-de-palma\" \/>\n<meta property=\"og:locale\" content=\"es_ES\" \/>\n<meta property=\"og:type\" content=\"article\" \/>\n<meta property=\"og:title\" content=\"Guia definitiva de la Fira del Variat de Palma - Gastron\u00f2micament\" \/>\n<meta property=\"og:description\" content=\"Guia definitiva de la Fira del Variat de Palma Actualitat, Fires i rutes Se celebrar\u00e0 els dies 27 i 28 a la Pla\u00e7a de Pere Garau\" \/>\n<meta property=\"og:url\" content=\"https:\/\/gastronomicament.cat\/es\/guia-definitiva-de-la-fira-del-variat-de-palma\" \/>\n<meta property=\"og:site_name\" content=\"Gastron\u00f2micament\" \/>\n<meta property=\"article:published_time\" content=\"2025-09-24T06:00:15+00:00\" \/>\n<meta property=\"article:modified_time\" content=\"2026-04-16T13:05:20+00:00\" \/>\n<meta property=\"og:image\" content=\"https:\/\/gastronomicament.cat\/wp-content\/uploads\/2025\/09\/Fira-del-Variat-pic-1.jpg\" \/>\n\t<meta property=\"og:image:width\" content=\"1600\" \/>\n\t<meta property=\"og:image:height\" content=\"880\" \/>\n\t<meta property=\"og:image:type\" content=\"image\/jpeg\" \/>\n<meta name=\"author\" content=\"Redacci\u00f3\" \/>\n<meta name=\"twitter:card\" content=\"summary_large_image\" \/>\n<meta name=\"twitter:creator\" content=\"@gastronomicamen\" \/>\n<meta name=\"twitter:site\" content=\"@gastronomicamen\" \/>\n<meta name=\"twitter:label1\" content=\"Escrito por\" \/>\n\t<meta name=\"twitter:data1\" content=\"Redacci\u00f3\" \/>\n\t<meta name=\"twitter:label2\" content=\"Tiempo de lectura\" \/>\n\t<meta name=\"twitter:data2\" content=\"7 minutos\" \/>\n\t<meta name=\"twitter:label3\" content=\"Written by\" \/>\n\t<meta name=\"twitter:data3\" content=\"Redacci\u00f3\" \/>\n<script type=\"application\/ld+json\" class=\"yoast-schema-graph\">{\"@context\":\"https:\\\/\\\/schema.org\",\"@graph\":[{\"@type\":\"Article\",\"@id\":\"https:\\\/\\\/gastronomicament.cat\\\/es\\\/guia-definitiva-de-la-fira-del-variat-de-palma#article\",\"isPartOf\":{\"@id\":\"https:\\\/\\\/gastronomicament.cat\\\/es\\\/guia-definitiva-de-la-fira-del-variat-de-palma\"},\"author\":{\"name\":\"Redacci\u00f3\",\"@id\":\"https:\\\/\\\/gastronomicament.cat\\\/es\\\/#\\\/schema\\\/person\\\/a7c85c537a1ed62799a5b8e0f686a37f\"},\"headline\":\"Guia definitiva de la Fira del Variat de Palma\",\"datePublished\":\"2025-09-24T06:00:15+00:00\",\"dateModified\":\"2026-04-16T13:05:20+00:00\",\"mainEntityOfPage\":{\"@id\":\"https:\\\/\\\/gastronomicament.cat\\\/es\\\/guia-definitiva-de-la-fira-del-variat-de-palma\"},\"wordCount\":1249,\"commentCount\":0,\"publisher\":{\"@id\":\"https:\\\/\\\/gastronomicament.cat\\\/es\\\/#organization\"},\"image\":{\"@id\":\"https:\\\/\\\/gastronomicament.cat\\\/es\\\/guia-definitiva-de-la-fira-del-variat-de-palma#primaryimage\"},\"thumbnailUrl\":\"https:\\\/\\\/gastronomicament.cat\\\/wp-content\\\/uploads\\\/2025\\\/09\\\/Fira-del-Variat-pic-1.jpg\",\"articleSection\":[\"Actualitat\",\"Fires i rutes\"],\"inLanguage\":\"es\",\"potentialAction\":[{\"@type\":\"CommentAction\",\"name\":\"Comment\",\"target\":[\"https:\\\/\\\/gastronomicament.cat\\\/es\\\/guia-definitiva-de-la-fira-del-variat-de-palma#respond\"]}]},{\"@type\":\"WebPage\",\"@id\":\"https:\\\/\\\/gastronomicament.cat\\\/es\\\/guia-definitiva-de-la-fira-del-variat-de-palma\",\"url\":\"https:\\\/\\\/gastronomicament.cat\\\/es\\\/guia-definitiva-de-la-fira-del-variat-de-palma\",\"name\":\"Guia definitiva de la Fira del Variat de Palma - Gastron\u00f2micament\",\"isPartOf\":{\"@id\":\"https:\\\/\\\/gastronomicament.cat\\\/es\\\/#website\"},\"primaryImageOfPage\":{\"@id\":\"https:\\\/\\\/gastronomicament.cat\\\/es\\\/guia-definitiva-de-la-fira-del-variat-de-palma#primaryimage\"},\"image\":{\"@id\":\"https:\\\/\\\/gastronomicament.cat\\\/es\\\/guia-definitiva-de-la-fira-del-variat-de-palma#primaryimage\"},\"thumbnailUrl\":\"https:\\\/\\\/gastronomicament.cat\\\/wp-content\\\/uploads\\\/2025\\\/09\\\/Fira-del-Variat-pic-1.jpg\",\"datePublished\":\"2025-09-24T06:00:15+00:00\",\"dateModified\":\"2026-04-16T13:05:20+00:00\",\"description\":\"Guia definitiva de la Fira del Variat de Palma Actualitat, Fires i rutes Se celebrar\u00e0 els dies 27 i 28 a la Pla\u00e7a de Pere Garau\",\"inLanguage\":\"es\",\"potentialAction\":[{\"@type\":\"ReadAction\",\"target\":[\"https:\\\/\\\/gastronomicament.cat\\\/es\\\/guia-definitiva-de-la-fira-del-variat-de-palma\"]}]},{\"@type\":\"ImageObject\",\"inLanguage\":\"es\",\"@id\":\"https:\\\/\\\/gastronomicament.cat\\\/es\\\/guia-definitiva-de-la-fira-del-variat-de-palma#primaryimage\",\"url\":\"https:\\\/\\\/gastronomicament.cat\\\/wp-content\\\/uploads\\\/2025\\\/09\\\/Fira-del-Variat-pic-1.jpg\",\"contentUrl\":\"https:\\\/\\\/gastronomicament.cat\\\/wp-content\\\/uploads\\\/2025\\\/09\\\/Fira-del-Variat-pic-1.jpg\",\"width\":1600,\"height\":880},{\"@type\":\"WebSite\",\"@id\":\"https:\\\/\\\/gastronomicament.cat\\\/es\\\/#website\",\"url\":\"https:\\\/\\\/gastronomicament.cat\\\/es\\\/\",\"name\":\"Gastron\u00f2micament\",\"description\":\"Portal de restaurants, receptes i actualitat gastron\u00f2mica\",\"publisher\":{\"@id\":\"https:\\\/\\\/gastronomicament.cat\\\/es\\\/#organization\"},\"potentialAction\":[{\"@type\":\"SearchAction\",\"target\":{\"@type\":\"EntryPoint\",\"urlTemplate\":\"https:\\\/\\\/gastronomicament.cat\\\/es\\\/?s={search_term_string}\"},\"query-input\":{\"@type\":\"PropertyValueSpecification\",\"valueRequired\":true,\"valueName\":\"search_term_string\"}}],\"inLanguage\":\"es\"},{\"@type\":\"Organization\",\"@id\":\"https:\\\/\\\/gastronomicament.cat\\\/es\\\/#organization\",\"name\":\"Gastron\u00f2micament\",\"url\":\"https:\\\/\\\/gastronomicament.cat\\\/es\\\/\",\"logo\":{\"@type\":\"ImageObject\",\"inLanguage\":\"es\",\"@id\":\"https:\\\/\\\/gastronomicament.cat\\\/es\\\/#\\\/schema\\\/logo\\\/image\\\/\",\"url\":\"https:\\\/\\\/gastronomicament.cat\\\/wp-content\\\/uploads\\\/2016\\\/09\\\/header-logo.jpg\",\"contentUrl\":\"https:\\\/\\\/gastronomicament.cat\\\/wp-content\\\/uploads\\\/2016\\\/09\\\/header-logo.jpg\",\"width\":277,\"height\":39,\"caption\":\"Gastron\u00f2micament\"},\"image\":{\"@id\":\"https:\\\/\\\/gastronomicament.cat\\\/es\\\/#\\\/schema\\\/logo\\\/image\\\/\"},\"sameAs\":[\"https:\\\/\\\/x.com\\\/gastronomicamen\"]},{\"@type\":\"Person\",\"@id\":\"https:\\\/\\\/gastronomicament.cat\\\/es\\\/#\\\/schema\\\/person\\\/a7c85c537a1ed62799a5b8e0f686a37f\",\"name\":\"Redacci\u00f3\",\"image\":{\"@type\":\"ImageObject\",\"inLanguage\":\"es\",\"@id\":\"https:\\\/\\\/secure.gravatar.com\\\/avatar\\\/9489a485c464fd611d33825daae651d13db70c4e74c65c94937a15a9d4c3ee14?s=96&d=mm&r=g69fea3cce3645dfa2166e7293e22955e\",\"url\":\"https:\\\/\\\/secure.gravatar.com\\\/avatar\\\/9489a485c464fd611d33825daae651d13db70c4e74c65c94937a15a9d4c3ee14?s=96&d=mm&r=g\",\"contentUrl\":\"https:\\\/\\\/secure.gravatar.com\\\/avatar\\\/9489a485c464fd611d33825daae651d13db70c4e74c65c94937a15a9d4c3ee14?s=96&d=mm&r=g\",\"caption\":\"Redacci\u00f3\"},\"sameAs\":[\"http:\\\/\\\/gastronomicament.cat\"],\"url\":\"https:\\\/\\\/gastronomicament.cat\\\/es\\\/author\\\/admin\"}]}<\/script>\n<!-- \/ Yoast SEO plugin. -->","yoast_head_json":{"title":"Guia definitiva de la Fira del Variat de Palma - Gastron\u00f2micament","description":"Guia definitiva de la Fira del Variat de Palma Actualitat, Fires i rutes Se celebrar\u00e0 els dies 27 i 28 a la Pla\u00e7a de Pere Garau","robots":{"index":"index","follow":"follow","max-snippet":"max-snippet:-1","max-image-preview":"max-image-preview:large","max-video-preview":"max-video-preview:-1"},"canonical":"https:\/\/gastronomicament.cat\/es\/guia-definitiva-de-la-fira-del-variat-de-palma","og_locale":"es_ES","og_type":"article","og_title":"Guia definitiva de la Fira del Variat de Palma - Gastron\u00f2micament","og_description":"Guia definitiva de la Fira del Variat de Palma Actualitat, Fires i rutes Se celebrar\u00e0 els dies 27 i 28 a la Pla\u00e7a de Pere Garau","og_url":"https:\/\/gastronomicament.cat\/es\/guia-definitiva-de-la-fira-del-variat-de-palma","og_site_name":"Gastron\u00f2micament","article_published_time":"2025-09-24T06:00:15+00:00","article_modified_time":"2026-04-16T13:05:20+00:00","og_image":[{"width":1600,"height":880,"url":"https:\/\/gastronomicament.cat\/wp-content\/uploads\/2025\/09\/Fira-del-Variat-pic-1.jpg","type":"image\/jpeg"}],"author":"Redacci\u00f3","twitter_card":"summary_large_image","twitter_creator":"@gastronomicamen","twitter_site":"@gastronomicamen","twitter_misc":{"Escrito por":"Redacci\u00f3","Tiempo de lectura":"7 minutos","Written by":"Redacci\u00f3"},"schema":{"@context":"https:\/\/schema.org","@graph":[{"@type":"Article","@id":"https:\/\/gastronomicament.cat\/es\/guia-definitiva-de-la-fira-del-variat-de-palma#article","isPartOf":{"@id":"https:\/\/gastronomicament.cat\/es\/guia-definitiva-de-la-fira-del-variat-de-palma"},"author":{"name":"Redacci\u00f3","@id":"https:\/\/gastronomicament.cat\/es\/#\/schema\/person\/a7c85c537a1ed62799a5b8e0f686a37f"},"headline":"Guia definitiva de la Fira del Variat de Palma","datePublished":"2025-09-24T06:00:15+00:00","dateModified":"2026-04-16T13:05:20+00:00","mainEntityOfPage":{"@id":"https:\/\/gastronomicament.cat\/es\/guia-definitiva-de-la-fira-del-variat-de-palma"},"wordCount":1249,"commentCount":0,"publisher":{"@id":"https:\/\/gastronomicament.cat\/es\/#organization"},"image":{"@id":"https:\/\/gastronomicament.cat\/es\/guia-definitiva-de-la-fira-del-variat-de-palma#primaryimage"},"thumbnailUrl":"https:\/\/gastronomicament.cat\/wp-content\/uploads\/2025\/09\/Fira-del-Variat-pic-1.jpg","articleSection":["Actualitat","Fires i rutes"],"inLanguage":"es","potentialAction":[{"@type":"CommentAction","name":"Comment","target":["https:\/\/gastronomicament.cat\/es\/guia-definitiva-de-la-fira-del-variat-de-palma#respond"]}]},{"@type":"WebPage","@id":"https:\/\/gastronomicament.cat\/es\/guia-definitiva-de-la-fira-del-variat-de-palma","url":"https:\/\/gastronomicament.cat\/es\/guia-definitiva-de-la-fira-del-variat-de-palma","name":"Guia definitiva de la Fira del Variat de Palma - Gastron\u00f2micament","isPartOf":{"@id":"https:\/\/gastronomicament.cat\/es\/#website"},"primaryImageOfPage":{"@id":"https:\/\/gastronomicament.cat\/es\/guia-definitiva-de-la-fira-del-variat-de-palma#primaryimage"},"image":{"@id":"https:\/\/gastronomicament.cat\/es\/guia-definitiva-de-la-fira-del-variat-de-palma#primaryimage"},"thumbnailUrl":"https:\/\/gastronomicament.cat\/wp-content\/uploads\/2025\/09\/Fira-del-Variat-pic-1.jpg","datePublished":"2025-09-24T06:00:15+00:00","dateModified":"2026-04-16T13:05:20+00:00","description":"Guia definitiva de la Fira del Variat de Palma Actualitat, Fires i rutes Se celebrar\u00e0 els dies 27 i 28 a la Pla\u00e7a de Pere Garau","inLanguage":"es","potentialAction":[{"@type":"ReadAction","target":["https:\/\/gastronomicament.cat\/es\/guia-definitiva-de-la-fira-del-variat-de-palma"]}]},{"@type":"ImageObject","inLanguage":"es","@id":"https:\/\/gastronomicament.cat\/es\/guia-definitiva-de-la-fira-del-variat-de-palma#primaryimage","url":"https:\/\/gastronomicament.cat\/wp-content\/uploads\/2025\/09\/Fira-del-Variat-pic-1.jpg","contentUrl":"https:\/\/gastronomicament.cat\/wp-content\/uploads\/2025\/09\/Fira-del-Variat-pic-1.jpg","width":1600,"height":880},{"@type":"WebSite","@id":"https:\/\/gastronomicament.cat\/es\/#website","url":"https:\/\/gastronomicament.cat\/es\/","name":"Gastron\u00f2micament","description":"Portal de restaurants, receptes i actualitat gastron\u00f2mica","publisher":{"@id":"https:\/\/gastronomicament.cat\/es\/#organization"},"potentialAction":[{"@type":"SearchAction","target":{"@type":"EntryPoint","urlTemplate":"https:\/\/gastronomicament.cat\/es\/?s={search_term_string}"},"query-input":{"@type":"PropertyValueSpecification","valueRequired":true,"valueName":"search_term_string"}}],"inLanguage":"es"},{"@type":"Organization","@id":"https:\/\/gastronomicament.cat\/es\/#organization","name":"Gastron\u00f2micament","url":"https:\/\/gastronomicament.cat\/es\/","logo":{"@type":"ImageObject","inLanguage":"es","@id":"https:\/\/gastronomicament.cat\/es\/#\/schema\/logo\/image\/","url":"https:\/\/gastronomicament.cat\/wp-content\/uploads\/2016\/09\/header-logo.jpg","contentUrl":"https:\/\/gastronomicament.cat\/wp-content\/uploads\/2016\/09\/header-logo.jpg","width":277,"height":39,"caption":"Gastron\u00f2micament"},"image":{"@id":"https:\/\/gastronomicament.cat\/es\/#\/schema\/logo\/image\/"},"sameAs":["https:\/\/x.com\/gastronomicamen"]},{"@type":"Person","@id":"https:\/\/gastronomicament.cat\/es\/#\/schema\/person\/a7c85c537a1ed62799a5b8e0f686a37f","name":"Redacci\u00f3","image":{"@type":"ImageObject","inLanguage":"es","@id":"https:\/\/secure.gravatar.com\/avatar\/9489a485c464fd611d33825daae651d13db70c4e74c65c94937a15a9d4c3ee14?s=96&d=mm&r=g69fea3cce3645dfa2166e7293e22955e","url":"https:\/\/secure.gravatar.com\/avatar\/9489a485c464fd611d33825daae651d13db70c4e74c65c94937a15a9d4c3ee14?s=96&d=mm&r=g","contentUrl":"https:\/\/secure.gravatar.com\/avatar\/9489a485c464fd611d33825daae651d13db70c4e74c65c94937a15a9d4c3ee14?s=96&d=mm&r=g","caption":"Redacci\u00f3"},"sameAs":["http:\/\/gastronomicament.cat"],"url":"https:\/\/gastronomicament.cat\/es\/author\/admin"}]}},"_links":{"self":[{"href":"https:\/\/gastronomicament.cat\/es\/wp-json\/wp\/v2\/posts\/102692","targetHints":{"allow":["GET"]}}],"collection":[{"href":"https:\/\/gastronomicament.cat\/es\/wp-json\/wp\/v2\/posts"}],"about":[{"href":"https:\/\/gastronomicament.cat\/es\/wp-json\/wp\/v2\/types\/post"}],"author":[{"embeddable":true,"href":"https:\/\/gastronomicament.cat\/es\/wp-json\/wp\/v2\/users\/1"}],"replies":[{"embeddable":true,"href":"https:\/\/gastronomicament.cat\/es\/wp-json\/wp\/v2\/comments?post=102692"}],"version-history":[{"count":0,"href":"https:\/\/gastronomicament.cat\/es\/wp-json\/wp\/v2\/posts\/102692\/revisions"}],"acf:attachment":[{"embeddable":true,"href":"https:\/\/gastronomicament.cat\/es\/wp-json\/wp\/v2\/media\/102697"},{"embeddable":true,"href":"https:\/\/gastronomicament.cat\/es\/wp-json\/wp\/v2\/media\/102702"}],"wp:featuredmedia":[{"embeddable":true,"href":"https:\/\/gastronomicament.cat\/es\/wp-json\/wp\/v2\/media\/102694"}],"wp:attachment":[{"href":"https:\/\/gastronomicament.cat\/es\/wp-json\/wp\/v2\/media?parent=102692"}],"wp:term":[{"taxonomy":"category","embeddable":true,"href":"https:\/\/gastronomicament.cat\/es\/wp-json\/wp\/v2\/categories?post=102692"},{"taxonomy":"post_tag","embeddable":true,"href":"https:\/\/gastronomicament.cat\/es\/wp-json\/wp\/v2\/tags?post=102692"},{"taxonomy":"author","embeddable":true,"href":"https:\/\/gastronomicament.cat\/es\/wp-json\/wp\/v2\/coauthors?post=102692"}],"curies":[{"name":"wp","href":"https:\/\/api.w.org\/{rel}","templated":true}]}}