{"id":104599,"date":"2026-04-30T10:27:50","date_gmt":"2026-04-30T08:27:50","guid":{"rendered":"https:\/\/gastronomicament.cat\/?p=104599"},"modified":"2026-04-30T11:32:38","modified_gmt":"2026-04-30T09:32:38","slug":"es-llombards-fusiona-lart-contemporani-i-les-arrels-rurals-en-un-cap-de-setmana-de-festa-major","status":"publish","type":"post","link":"https:\/\/gastronomicament.cat\/es\/es-llombards-fusiona-lart-contemporani-i-les-arrels-rurals-en-un-cap-de-setmana-de-festa-major","title":{"rendered":"Es Llombards fusiona l\u2019art contemporani i les arrels rurals en un cap de setmana de festa major"},"content":{"rendered":"\n<p>El nucli d<strong>es<\/strong>\u00a0<strong>Llombards\u00a0<\/strong>es prepara per viure un cap de setmana d\u2019intensa activitat social i cultural. Entre\u00a0<strong>el 2 i el 3 de maig<\/strong>, el poble es convertir\u00e0 en l\u2019epicentre de la combinaci\u00f3 entre la creaci\u00f3 art\u00edstica m\u00e9s actual i la preservaci\u00f3 de les feines tradicionals del camp mallorqu\u00ed, en una programaci\u00f3 que promet atreure ve\u00efnats i visitants de tota la comarca.<br><br><strong>Dissabte: La m\u00e0gia de l\u2019art i la gastronomia<br><\/strong>El sus a la festa ser\u00e0 aquest dissabte, 2 de maig, a partir de les 19.00 hores amb la celebraci\u00f3 de l\u2019<strong>Es LlombART!<\/strong>, la\u00a0<strong>Nit de l\u2019Art<\/strong>\u00a0i\u00a0<strong>Ruta de Tapes<\/strong>. L&#8217;esdeveniment tindr\u00e0 com a escenari principal la clastra i el carrer de Son Amer, on s&#8217;exhibir\u00e0 una \u00e0mplia mostra de pintura, cer\u00e0mica, fotografia, escultura i artesania. L&#8217;ambient estar\u00e0 amenitzat per la m\u00fasica en directe de Nick Lore.<br><br><strong>Miquel Cabrer<\/strong>, batle d&#8217;es Llombards, ha remarcat la consolidaci\u00f3 d&#8217;aquesta iniciativa que enguany arriba a la seva tercera edici\u00f3: \u00ab\u00c9s un vespre m\u00e0gic, preci\u00f3s, en qu\u00e8 hi podem veure el talent art\u00edstic dels artistes llombarders o que estan vinculats al poble. Tamb\u00e9 hi haur\u00e0 la ruta de tapes als restaurants del poble, que dona, encara m\u00e9s, un ambient festiu al vespre\u00bb.<br><br><strong>Diumenge: Tradici\u00f3 i horabauxa al camp de futbol<br><\/strong>L\u2019endem\u00e0, diumenge 3 de maig, el protagonisme es despla\u00e7ar\u00e0 al\u00a0<strong>camp de futbol de Ca\u2019n Martina per a la celebraci\u00f3 de la Festa d\u2019es Tondre<\/strong>. La jornada comen\u00e7ar\u00e0 a les 9.00 h amb l&#8217;arribada dels xeremiers i una cercavila, donant pas a un dels actes m\u00e9s esperats: la tosa d\u2019ovelles a l\u2019antiga (amb tisores).<br><br>Segons ha explicat Cabrer, aquesta cita \u00e9s una de les m\u00e9s estimades del calendari, ja que la tosa \u00abes complementar\u00e0 amb paradetes d&#8217;artesans i jocs tradicionals i populars; a m\u00e9s de l&#8217;horabauxa que far\u00e0 ballar a tothom que vulgui gaudir d&#8217;una bona bauxa\u00bb. El programa dominical inclou tamb\u00e9 un espectacle eq\u00fcestre a c\u00e0rrec dels Amics del Cavall de Santany\u00ed (11.30 h), el lliurament de trofeus als tonedors i el\u00a0<strong>Tondreo<\/strong>, un horabauxa musical amb el\u00a0<strong>Dj Joan Rigo<\/strong>.<br><br><strong>Un poble amb identitat<br><\/strong>La batlessa de Santany\u00ed,\u00a0<strong>Maria Pons<\/strong>, ha elogiat la capacitat del nucli per mantenir vives les seves arrels: \u00abEs Llombards demostra una vitalitat extraordin\u00e0ria unint la preservaci\u00f3 de les nostres tradicions m\u00e9s nostrades, com \u00e9s es tondre a l&#8217;antiga, amb propostes culturals modernes com la Nit de l&#8217;Art. \u00c9s una combinaci\u00f3 que defineix perfectament el car\u00e0cter del nostre municipi\u00bb.<br><br>En la mateixa l\u00ednia, Miquel Cabrer ha refermat l&#8217;orgull de la comunitat: \u00abLa Festa d\u2019es Tondre \u00e9s un homenatge al nostre passat pag\u00e8s i un moment de germanor indispensable per al poble, on petits i grans gaudim de la nostra identitat i de les nostres arrels\u00bb.<br><br>La celebraci\u00f3 conclour\u00e0 amb un dinar de germanor a base de paella per a tot el poble. L\u2019Ajuntament de Santany\u00ed recorda que els tiquets es poden adquirir fins al dia 1 de maig a Ca\u2019n Rita, al Forn del Mol\u00ed, a la secretaria de la batlessa o al local de Cas Monges.<\/p>\n","protected":false},"excerpt":{"rendered":"<p>El nucli santanyiner celebra la tercera edici\u00f3 del LlombArt aquest dissabte i la tradicional Festa d\u2019es&hellip;<\/p>\n","protected":false},"author":1,"featured_media":104600,"comment_status":"open","ping_status":"closed","sticky":false,"template":"","format":"standard","meta":{"_acf_changed":false,"_swt_meta_header_display":false,"_swt_meta_footer_display":false,"_swt_meta_site_title_display":false,"_swt_meta_sticky_header":false,"_swt_meta_transparent_header":false,"footnotes":""},"categories":[692,954,940,990],"tags":[],"coauthors":[2053],"class_list":["post-104599","post","type-post","status-publish","format-standard","has-post-thumbnail","hentry","category-actualitat","category-fires-i-rutes","category-inici","category-sense-categoria"],"acf":{"gallery":"","home_date":{"home_begin_date":null,"home_end_date":"20260503"}},"yoast_head":"<!-- This site is optimized with the Yoast SEO plugin v27.4 - https:\/\/yoast.com\/product\/yoast-seo-wordpress\/ -->\n<title>Es Llombards fusiona l\u2019art contemporani i les arrels rurals en un cap de setmana de festa major - Gastron\u00f2micament<\/title>\n<meta name=\"description\" content=\"Es Llombards fusiona l\u2019art contemporani i les arrels rurals en un cap de setmana de festa major Actualitat, Fires i rutes, Portada, Sense categoria El nucli santanyiner celebra la tercera edici\u00f3 del LlombArt aquest dissabte i la tradicional Festa d\u2019es Tondre diumenge amb la tosa d\u2019ovelles a l\u2019antiga\" \/>\n<meta name=\"robots\" content=\"index, follow, max-snippet:-1, max-image-preview:large, max-video-preview:-1\" \/>\n<link rel=\"canonical\" href=\"https:\/\/gastronomicament.cat\/es\/es-llombards-fusiona-lart-contemporani-i-les-arrels-rurals-en-un-cap-de-setmana-de-festa-major\" \/>\n<meta property=\"og:locale\" content=\"es_ES\" \/>\n<meta property=\"og:type\" content=\"article\" \/>\n<meta property=\"og:title\" content=\"Es Llombards fusiona l\u2019art contemporani i les arrels rurals en un cap de setmana de festa major - Gastron\u00f2micament\" \/>\n<meta property=\"og:description\" content=\"Es Llombards fusiona l\u2019art contemporani i les arrels rurals en un cap de setmana de festa major Actualitat, Fires i rutes, Portada, Sense categoria El nucli santanyiner celebra la tercera edici\u00f3 del LlombArt aquest dissabte i la tradicional Festa d\u2019es Tondre diumenge amb la tosa d\u2019ovelles a l\u2019antiga\" \/>\n<meta property=\"og:url\" content=\"https:\/\/gastronomicament.cat\/es\/es-llombards-fusiona-lart-contemporani-i-les-arrels-rurals-en-un-cap-de-setmana-de-festa-major\" \/>\n<meta property=\"og:site_name\" content=\"Gastron\u00f2micament\" \/>\n<meta property=\"article:published_time\" content=\"2026-04-30T08:27:50+00:00\" \/>\n<meta property=\"article:modified_time\" content=\"2026-04-30T09:32:38+00:00\" \/>\n<meta property=\"og:image\" content=\"https:\/\/gastronomicament.cat\/wp-content\/uploads\/2026\/04\/Festa-des-Tondre-2026-es-Llombards-i-nit-de-l-art.jpg\" \/>\n\t<meta property=\"og:image:width\" content=\"1268\" \/>\n\t<meta property=\"og:image:height\" content=\"774\" \/>\n\t<meta property=\"og:image:type\" content=\"image\/jpeg\" \/>\n<meta name=\"author\" content=\"Redacci\u00f3\" \/>\n<meta name=\"twitter:card\" content=\"summary_large_image\" \/>\n<meta name=\"twitter:creator\" content=\"@gastronomicamen\" \/>\n<meta name=\"twitter:site\" content=\"@gastronomicamen\" \/>\n<meta name=\"twitter:label1\" content=\"Escrito por\" \/>\n\t<meta name=\"twitter:data1\" content=\"Redacci\u00f3\" \/>\n\t<meta name=\"twitter:label2\" content=\"Tiempo de lectura\" \/>\n\t<meta name=\"twitter:data2\" content=\"3 minutos\" \/>\n\t<meta name=\"twitter:label3\" content=\"Written by\" \/>\n\t<meta name=\"twitter:data3\" content=\"Redacci\u00f3\" \/>\n<script type=\"application\/ld+json\" class=\"yoast-schema-graph\">{\"@context\":\"https:\\\/\\\/schema.org\",\"@graph\":[{\"@type\":\"Article\",\"@id\":\"https:\\\/\\\/gastronomicament.cat\\\/es\\\/es-llombards-fusiona-lart-contemporani-i-les-arrels-rurals-en-un-cap-de-setmana-de-festa-major#article\",\"isPartOf\":{\"@id\":\"https:\\\/\\\/gastronomicament.cat\\\/es\\\/es-llombards-fusiona-lart-contemporani-i-les-arrels-rurals-en-un-cap-de-setmana-de-festa-major\"},\"author\":{\"name\":\"Redacci\u00f3\",\"@id\":\"https:\\\/\\\/gastronomicament.cat\\\/es\\\/#\\\/schema\\\/person\\\/a7c85c537a1ed62799a5b8e0f686a37f\"},\"headline\":\"Es Llombards fusiona l\u2019art contemporani i les arrels rurals en un cap de setmana de festa major\",\"datePublished\":\"2026-04-30T08:27:50+00:00\",\"dateModified\":\"2026-04-30T09:32:38+00:00\",\"mainEntityOfPage\":{\"@id\":\"https:\\\/\\\/gastronomicament.cat\\\/es\\\/es-llombards-fusiona-lart-contemporani-i-les-arrels-rurals-en-un-cap-de-setmana-de-festa-major\"},\"wordCount\":546,\"commentCount\":0,\"publisher\":{\"@id\":\"https:\\\/\\\/gastronomicament.cat\\\/es\\\/#organization\"},\"image\":{\"@id\":\"https:\\\/\\\/gastronomicament.cat\\\/es\\\/es-llombards-fusiona-lart-contemporani-i-les-arrels-rurals-en-un-cap-de-setmana-de-festa-major#primaryimage\"},\"thumbnailUrl\":\"https:\\\/\\\/gastronomicament.cat\\\/wp-content\\\/uploads\\\/2026\\\/04\\\/Festa-des-Tondre-2026-es-Llombards-i-nit-de-l-art.jpg\",\"articleSection\":[\"Actualitat\",\"Fires i rutes\",\"Portada\",\"Sense categoria\"],\"inLanguage\":\"es\",\"potentialAction\":[{\"@type\":\"CommentAction\",\"name\":\"Comment\",\"target\":[\"https:\\\/\\\/gastronomicament.cat\\\/es\\\/es-llombards-fusiona-lart-contemporani-i-les-arrels-rurals-en-un-cap-de-setmana-de-festa-major#respond\"]}]},{\"@type\":\"WebPage\",\"@id\":\"https:\\\/\\\/gastronomicament.cat\\\/es\\\/es-llombards-fusiona-lart-contemporani-i-les-arrels-rurals-en-un-cap-de-setmana-de-festa-major\",\"url\":\"https:\\\/\\\/gastronomicament.cat\\\/es\\\/es-llombards-fusiona-lart-contemporani-i-les-arrels-rurals-en-un-cap-de-setmana-de-festa-major\",\"name\":\"Es Llombards fusiona l\u2019art contemporani i les arrels rurals en un cap de setmana de festa major - Gastron\u00f2micament\",\"isPartOf\":{\"@id\":\"https:\\\/\\\/gastronomicament.cat\\\/es\\\/#website\"},\"primaryImageOfPage\":{\"@id\":\"https:\\\/\\\/gastronomicament.cat\\\/es\\\/es-llombards-fusiona-lart-contemporani-i-les-arrels-rurals-en-un-cap-de-setmana-de-festa-major#primaryimage\"},\"image\":{\"@id\":\"https:\\\/\\\/gastronomicament.cat\\\/es\\\/es-llombards-fusiona-lart-contemporani-i-les-arrels-rurals-en-un-cap-de-setmana-de-festa-major#primaryimage\"},\"thumbnailUrl\":\"https:\\\/\\\/gastronomicament.cat\\\/wp-content\\\/uploads\\\/2026\\\/04\\\/Festa-des-Tondre-2026-es-Llombards-i-nit-de-l-art.jpg\",\"datePublished\":\"2026-04-30T08:27:50+00:00\",\"dateModified\":\"2026-04-30T09:32:38+00:00\",\"description\":\"Es Llombards fusiona l\u2019art contemporani i les arrels rurals en un cap de setmana de festa major Actualitat, Fires i rutes, Portada, Sense categoria El nucli santanyiner celebra la tercera edici\u00f3 del LlombArt aquest dissabte i la tradicional Festa d\u2019es Tondre diumenge amb la tosa d\u2019ovelles a l\u2019antiga\",\"inLanguage\":\"es\",\"potentialAction\":[{\"@type\":\"ReadAction\",\"target\":[\"https:\\\/\\\/gastronomicament.cat\\\/es\\\/es-llombards-fusiona-lart-contemporani-i-les-arrels-rurals-en-un-cap-de-setmana-de-festa-major\"]}]},{\"@type\":\"ImageObject\",\"inLanguage\":\"es\",\"@id\":\"https:\\\/\\\/gastronomicament.cat\\\/es\\\/es-llombards-fusiona-lart-contemporani-i-les-arrels-rurals-en-un-cap-de-setmana-de-festa-major#primaryimage\",\"url\":\"https:\\\/\\\/gastronomicament.cat\\\/wp-content\\\/uploads\\\/2026\\\/04\\\/Festa-des-Tondre-2026-es-Llombards-i-nit-de-l-art.jpg\",\"contentUrl\":\"https:\\\/\\\/gastronomicament.cat\\\/wp-content\\\/uploads\\\/2026\\\/04\\\/Festa-des-Tondre-2026-es-Llombards-i-nit-de-l-art.jpg\",\"width\":1268,\"height\":774},{\"@type\":\"WebSite\",\"@id\":\"https:\\\/\\\/gastronomicament.cat\\\/es\\\/#website\",\"url\":\"https:\\\/\\\/gastronomicament.cat\\\/es\\\/\",\"name\":\"Gastron\u00f2micament\",\"description\":\"Portal de restaurants, receptes i actualitat gastron\u00f2mica\",\"publisher\":{\"@id\":\"https:\\\/\\\/gastronomicament.cat\\\/es\\\/#organization\"},\"potentialAction\":[{\"@type\":\"SearchAction\",\"target\":{\"@type\":\"EntryPoint\",\"urlTemplate\":\"https:\\\/\\\/gastronomicament.cat\\\/es\\\/?s={search_term_string}\"},\"query-input\":{\"@type\":\"PropertyValueSpecification\",\"valueRequired\":true,\"valueName\":\"search_term_string\"}}],\"inLanguage\":\"es\"},{\"@type\":\"Organization\",\"@id\":\"https:\\\/\\\/gastronomicament.cat\\\/es\\\/#organization\",\"name\":\"Gastron\u00f2micament\",\"url\":\"https:\\\/\\\/gastronomicament.cat\\\/es\\\/\",\"logo\":{\"@type\":\"ImageObject\",\"inLanguage\":\"es\",\"@id\":\"https:\\\/\\\/gastronomicament.cat\\\/es\\\/#\\\/schema\\\/logo\\\/image\\\/\",\"url\":\"https:\\\/\\\/gastronomicament.cat\\\/wp-content\\\/uploads\\\/2016\\\/09\\\/header-logo.jpg\",\"contentUrl\":\"https:\\\/\\\/gastronomicament.cat\\\/wp-content\\\/uploads\\\/2016\\\/09\\\/header-logo.jpg\",\"width\":277,\"height\":39,\"caption\":\"Gastron\u00f2micament\"},\"image\":{\"@id\":\"https:\\\/\\\/gastronomicament.cat\\\/es\\\/#\\\/schema\\\/logo\\\/image\\\/\"},\"sameAs\":[\"https:\\\/\\\/x.com\\\/gastronomicamen\"]},{\"@type\":\"Person\",\"@id\":\"https:\\\/\\\/gastronomicament.cat\\\/es\\\/#\\\/schema\\\/person\\\/a7c85c537a1ed62799a5b8e0f686a37f\",\"name\":\"Redacci\u00f3\",\"image\":{\"@type\":\"ImageObject\",\"inLanguage\":\"es\",\"@id\":\"https:\\\/\\\/secure.gravatar.com\\\/avatar\\\/9489a485c464fd611d33825daae651d13db70c4e74c65c94937a15a9d4c3ee14?s=96&d=mm&r=g69fea3cce3645dfa2166e7293e22955e\",\"url\":\"https:\\\/\\\/secure.gravatar.com\\\/avatar\\\/9489a485c464fd611d33825daae651d13db70c4e74c65c94937a15a9d4c3ee14?s=96&d=mm&r=g\",\"contentUrl\":\"https:\\\/\\\/secure.gravatar.com\\\/avatar\\\/9489a485c464fd611d33825daae651d13db70c4e74c65c94937a15a9d4c3ee14?s=96&d=mm&r=g\",\"caption\":\"Redacci\u00f3\"},\"sameAs\":[\"http:\\\/\\\/gastronomicament.cat\"],\"url\":\"https:\\\/\\\/gastronomicament.cat\\\/es\\\/author\\\/admin\"}]}<\/script>\n<!-- \/ Yoast SEO plugin. -->","yoast_head_json":{"title":"Es Llombards fusiona l\u2019art contemporani i les arrels rurals en un cap de setmana de festa major - Gastron\u00f2micament","description":"Es Llombards fusiona l\u2019art contemporani i les arrels rurals en un cap de setmana de festa major Actualitat, Fires i rutes, Portada, Sense categoria El nucli santanyiner celebra la tercera edici\u00f3 del LlombArt aquest dissabte i la tradicional Festa d\u2019es Tondre diumenge amb la tosa d\u2019ovelles a l\u2019antiga","robots":{"index":"index","follow":"follow","max-snippet":"max-snippet:-1","max-image-preview":"max-image-preview:large","max-video-preview":"max-video-preview:-1"},"canonical":"https:\/\/gastronomicament.cat\/es\/es-llombards-fusiona-lart-contemporani-i-les-arrels-rurals-en-un-cap-de-setmana-de-festa-major","og_locale":"es_ES","og_type":"article","og_title":"Es Llombards fusiona l\u2019art contemporani i les arrels rurals en un cap de setmana de festa major - Gastron\u00f2micament","og_description":"Es Llombards fusiona l\u2019art contemporani i les arrels rurals en un cap de setmana de festa major Actualitat, Fires i rutes, Portada, Sense categoria El nucli santanyiner celebra la tercera edici\u00f3 del LlombArt aquest dissabte i la tradicional Festa d\u2019es Tondre diumenge amb la tosa d\u2019ovelles a l\u2019antiga","og_url":"https:\/\/gastronomicament.cat\/es\/es-llombards-fusiona-lart-contemporani-i-les-arrels-rurals-en-un-cap-de-setmana-de-festa-major","og_site_name":"Gastron\u00f2micament","article_published_time":"2026-04-30T08:27:50+00:00","article_modified_time":"2026-04-30T09:32:38+00:00","og_image":[{"width":1268,"height":774,"url":"https:\/\/gastronomicament.cat\/wp-content\/uploads\/2026\/04\/Festa-des-Tondre-2026-es-Llombards-i-nit-de-l-art.jpg","type":"image\/jpeg"}],"author":"Redacci\u00f3","twitter_card":"summary_large_image","twitter_creator":"@gastronomicamen","twitter_site":"@gastronomicamen","twitter_misc":{"Escrito por":"Redacci\u00f3","Tiempo de lectura":"3 minutos","Written by":"Redacci\u00f3"},"schema":{"@context":"https:\/\/schema.org","@graph":[{"@type":"Article","@id":"https:\/\/gastronomicament.cat\/es\/es-llombards-fusiona-lart-contemporani-i-les-arrels-rurals-en-un-cap-de-setmana-de-festa-major#article","isPartOf":{"@id":"https:\/\/gastronomicament.cat\/es\/es-llombards-fusiona-lart-contemporani-i-les-arrels-rurals-en-un-cap-de-setmana-de-festa-major"},"author":{"name":"Redacci\u00f3","@id":"https:\/\/gastronomicament.cat\/es\/#\/schema\/person\/a7c85c537a1ed62799a5b8e0f686a37f"},"headline":"Es Llombards fusiona l\u2019art contemporani i les arrels rurals en un cap de setmana de festa major","datePublished":"2026-04-30T08:27:50+00:00","dateModified":"2026-04-30T09:32:38+00:00","mainEntityOfPage":{"@id":"https:\/\/gastronomicament.cat\/es\/es-llombards-fusiona-lart-contemporani-i-les-arrels-rurals-en-un-cap-de-setmana-de-festa-major"},"wordCount":546,"commentCount":0,"publisher":{"@id":"https:\/\/gastronomicament.cat\/es\/#organization"},"image":{"@id":"https:\/\/gastronomicament.cat\/es\/es-llombards-fusiona-lart-contemporani-i-les-arrels-rurals-en-un-cap-de-setmana-de-festa-major#primaryimage"},"thumbnailUrl":"https:\/\/gastronomicament.cat\/wp-content\/uploads\/2026\/04\/Festa-des-Tondre-2026-es-Llombards-i-nit-de-l-art.jpg","articleSection":["Actualitat","Fires i rutes","Portada","Sense categoria"],"inLanguage":"es","potentialAction":[{"@type":"CommentAction","name":"Comment","target":["https:\/\/gastronomicament.cat\/es\/es-llombards-fusiona-lart-contemporani-i-les-arrels-rurals-en-un-cap-de-setmana-de-festa-major#respond"]}]},{"@type":"WebPage","@id":"https:\/\/gastronomicament.cat\/es\/es-llombards-fusiona-lart-contemporani-i-les-arrels-rurals-en-un-cap-de-setmana-de-festa-major","url":"https:\/\/gastronomicament.cat\/es\/es-llombards-fusiona-lart-contemporani-i-les-arrels-rurals-en-un-cap-de-setmana-de-festa-major","name":"Es Llombards fusiona l\u2019art contemporani i les arrels rurals en un cap de setmana de festa major - Gastron\u00f2micament","isPartOf":{"@id":"https:\/\/gastronomicament.cat\/es\/#website"},"primaryImageOfPage":{"@id":"https:\/\/gastronomicament.cat\/es\/es-llombards-fusiona-lart-contemporani-i-les-arrels-rurals-en-un-cap-de-setmana-de-festa-major#primaryimage"},"image":{"@id":"https:\/\/gastronomicament.cat\/es\/es-llombards-fusiona-lart-contemporani-i-les-arrels-rurals-en-un-cap-de-setmana-de-festa-major#primaryimage"},"thumbnailUrl":"https:\/\/gastronomicament.cat\/wp-content\/uploads\/2026\/04\/Festa-des-Tondre-2026-es-Llombards-i-nit-de-l-art.jpg","datePublished":"2026-04-30T08:27:50+00:00","dateModified":"2026-04-30T09:32:38+00:00","description":"Es Llombards fusiona l\u2019art contemporani i les arrels rurals en un cap de setmana de festa major Actualitat, Fires i rutes, Portada, Sense categoria El nucli santanyiner celebra la tercera edici\u00f3 del LlombArt aquest dissabte i la tradicional Festa d\u2019es Tondre diumenge amb la tosa d\u2019ovelles a l\u2019antiga","inLanguage":"es","potentialAction":[{"@type":"ReadAction","target":["https:\/\/gastronomicament.cat\/es\/es-llombards-fusiona-lart-contemporani-i-les-arrels-rurals-en-un-cap-de-setmana-de-festa-major"]}]},{"@type":"ImageObject","inLanguage":"es","@id":"https:\/\/gastronomicament.cat\/es\/es-llombards-fusiona-lart-contemporani-i-les-arrels-rurals-en-un-cap-de-setmana-de-festa-major#primaryimage","url":"https:\/\/gastronomicament.cat\/wp-content\/uploads\/2026\/04\/Festa-des-Tondre-2026-es-Llombards-i-nit-de-l-art.jpg","contentUrl":"https:\/\/gastronomicament.cat\/wp-content\/uploads\/2026\/04\/Festa-des-Tondre-2026-es-Llombards-i-nit-de-l-art.jpg","width":1268,"height":774},{"@type":"WebSite","@id":"https:\/\/gastronomicament.cat\/es\/#website","url":"https:\/\/gastronomicament.cat\/es\/","name":"Gastron\u00f2micament","description":"Portal de restaurants, receptes i actualitat gastron\u00f2mica","publisher":{"@id":"https:\/\/gastronomicament.cat\/es\/#organization"},"potentialAction":[{"@type":"SearchAction","target":{"@type":"EntryPoint","urlTemplate":"https:\/\/gastronomicament.cat\/es\/?s={search_term_string}"},"query-input":{"@type":"PropertyValueSpecification","valueRequired":true,"valueName":"search_term_string"}}],"inLanguage":"es"},{"@type":"Organization","@id":"https:\/\/gastronomicament.cat\/es\/#organization","name":"Gastron\u00f2micament","url":"https:\/\/gastronomicament.cat\/es\/","logo":{"@type":"ImageObject","inLanguage":"es","@id":"https:\/\/gastronomicament.cat\/es\/#\/schema\/logo\/image\/","url":"https:\/\/gastronomicament.cat\/wp-content\/uploads\/2016\/09\/header-logo.jpg","contentUrl":"https:\/\/gastronomicament.cat\/wp-content\/uploads\/2016\/09\/header-logo.jpg","width":277,"height":39,"caption":"Gastron\u00f2micament"},"image":{"@id":"https:\/\/gastronomicament.cat\/es\/#\/schema\/logo\/image\/"},"sameAs":["https:\/\/x.com\/gastronomicamen"]},{"@type":"Person","@id":"https:\/\/gastronomicament.cat\/es\/#\/schema\/person\/a7c85c537a1ed62799a5b8e0f686a37f","name":"Redacci\u00f3","image":{"@type":"ImageObject","inLanguage":"es","@id":"https:\/\/secure.gravatar.com\/avatar\/9489a485c464fd611d33825daae651d13db70c4e74c65c94937a15a9d4c3ee14?s=96&d=mm&r=g69fea3cce3645dfa2166e7293e22955e","url":"https:\/\/secure.gravatar.com\/avatar\/9489a485c464fd611d33825daae651d13db70c4e74c65c94937a15a9d4c3ee14?s=96&d=mm&r=g","contentUrl":"https:\/\/secure.gravatar.com\/avatar\/9489a485c464fd611d33825daae651d13db70c4e74c65c94937a15a9d4c3ee14?s=96&d=mm&r=g","caption":"Redacci\u00f3"},"sameAs":["http:\/\/gastronomicament.cat"],"url":"https:\/\/gastronomicament.cat\/es\/author\/admin"}]}},"_links":{"self":[{"href":"https:\/\/gastronomicament.cat\/es\/wp-json\/wp\/v2\/posts\/104599","targetHints":{"allow":["GET"]}}],"collection":[{"href":"https:\/\/gastronomicament.cat\/es\/wp-json\/wp\/v2\/posts"}],"about":[{"href":"https:\/\/gastronomicament.cat\/es\/wp-json\/wp\/v2\/types\/post"}],"author":[{"embeddable":true,"href":"https:\/\/gastronomicament.cat\/es\/wp-json\/wp\/v2\/users\/1"}],"replies":[{"embeddable":true,"href":"https:\/\/gastronomicament.cat\/es\/wp-json\/wp\/v2\/comments?post=104599"}],"version-history":[{"count":0,"href":"https:\/\/gastronomicament.cat\/es\/wp-json\/wp\/v2\/posts\/104599\/revisions"}],"wp:featuredmedia":[{"embeddable":true,"href":"https:\/\/gastronomicament.cat\/es\/wp-json\/wp\/v2\/media\/104600"}],"wp:attachment":[{"href":"https:\/\/gastronomicament.cat\/es\/wp-json\/wp\/v2\/media?parent=104599"}],"wp:term":[{"taxonomy":"category","embeddable":true,"href":"https:\/\/gastronomicament.cat\/es\/wp-json\/wp\/v2\/categories?post=104599"},{"taxonomy":"post_tag","embeddable":true,"href":"https:\/\/gastronomicament.cat\/es\/wp-json\/wp\/v2\/tags?post=104599"},{"taxonomy":"author","embeddable":true,"href":"https:\/\/gastronomicament.cat\/es\/wp-json\/wp\/v2\/coauthors?post=104599"}],"curies":[{"name":"wp","href":"https:\/\/api.w.org\/{rel}","templated":true}]}}