{"id":56958,"date":"2022-02-22T22:13:24","date_gmt":"2022-02-22T21:13:24","guid":{"rendered":"https:\/\/gastronomicament.cat\/els-cellers-de-la-do-pla-i-llevant-presenten-els-vins-de-2021"},"modified":"2022-02-22T22:13:24","modified_gmt":"2022-02-22T21:13:24","slug":"els-cellers-de-la-do-pla-i-llevant-presenten-els-vins-de-2021","status":"publish","type":"post","link":"https:\/\/gastronomicament.cat\/es\/els-cellers-de-la-do-pla-i-llevant-presenten-els-vins-de-2021","title":{"rendered":"Els cellers de la DO Pla i Llevant presenten els vins de 2021"},"content":{"rendered":"<p>Una de les cites m\u00e9s interessants d&#8217;aquest cap de setmana \u00e9s la\u00a0<strong>presentaci\u00f3\u00a0<\/strong>que faran els cellers de la\u00a0<strong>denominaci\u00f3 d&#8217;origen Pla i Llevant\u00a0<\/strong>dels vins de 2021.<\/p>\n<p>La cita tendr\u00e0\u00a0lloc el dijous,<strong>\u00a024 de febrer<\/strong>, a l&#8217;hotel\u00a0<strong>GPRO Valpara\u00edso de Palma<\/strong>\u00a0(situat al carrer Francesc Vidal i Sureda, 23 de la Bonanova).<\/p>\n<p>Els 14 cellers que integren la DO Pla i Llevant oferiran\u00a0<strong>m\u00e9s de 50 refer\u00e8ncies<\/strong>\u00a0de vi, de manera que ser\u00e0 una<strong>\u00a0excel\u00b7lent oportunitat per tastar una de les agrupacions de qualitat amb m\u00e9s prestigi de Mallorca<\/strong>.<\/p>\n<p>El preu de l&#8217;<strong>entrada<\/strong>\u00a0\u00e9s de tan sols\u00a0<strong>5 euros<\/strong>, que s&#8217;han d&#8217;abonar a l&#8217;entrada. Per mor de les mesures covid-19, hi haur\u00e0 tres torns d&#8217;<strong>horari<\/strong>:<\/p>\n<ul>\n<li>De 17 a 18.15 hores<\/li>\n<li>De 18.30 a 19.45 hores<\/li>\n<li>De 20 a 21.15 hores<\/li>\n<\/ul>\n<p>Per assistir-hi\u00a0<a href=\"http:\/\/doplaillevant.com\/presentacio-de-les-novetats-de-les-bodegues-de-la-dop-pla-i-llevant\/?lang=ca\" rel=\"nofollow\">\u00e9s imprescindible reservar pla\u00e7a aqu\u00ed\u00a0(clica-hi)<\/a>.<\/p>\n","protected":false},"excerpt":{"rendered":"<p>Una de les cites m\u00e9s interessants d&#8217;aquest cap de setmana \u00e9s la\u00a0presentaci\u00f3\u00a0que faran els cellers de&hellip;<\/p>\n","protected":false},"author":1,"featured_media":43931,"comment_status":"open","ping_status":"closed","sticky":false,"template":"","format":"standard","meta":{"_acf_changed":false,"_swt_meta_header_display":false,"_swt_meta_footer_display":false,"_swt_meta_site_title_display":false,"_swt_meta_sticky_header":false,"_swt_meta_transparent_header":false,"footnotes":""},"categories":[1003,1477],"tags":[],"coauthors":[],"class_list":["post-56958","post","type-post","status-publish","format-standard","has-post-thumbnail","hentry","category-actualitat-es","category-reportatges-i-novetats-es"],"acf":{"gallery":null,"home_date":{"home_begin_date":null,"home_end_date":null}},"yoast_head":"<!-- This site is optimized with the Yoast SEO plugin v27.4 - https:\/\/yoast.com\/product\/yoast-seo-wordpress\/ -->\n<title>Els cellers de la DO Pla i Llevant presenten els vins de 2021 - Gastron\u00f2micament<\/title>\n<meta name=\"description\" content=\"Els cellers de la DO Pla i Llevant presenten els vins de 2021 Actualitat, Reportatges i novetats Una de les cites m\u00e9s interessants d&#039;aquest cap de setmana \u00e9s la\u00a0presentaci\u00f3\u00a0que faran els cellers de la\u00a0denominaci\u00f3 d&#039;origen Pla i Llevant\u00a0dels vins de 2021.\" \/>\n<meta name=\"robots\" content=\"index, follow, max-snippet:-1, max-image-preview:large, max-video-preview:-1\" \/>\n<link rel=\"canonical\" href=\"https:\/\/gastronomicament.cat\/es\/els-cellers-de-la-do-pla-i-llevant-presenten-els-vins-de-2021\" \/>\n<meta property=\"og:locale\" content=\"es_ES\" \/>\n<meta property=\"og:type\" content=\"article\" \/>\n<meta property=\"og:title\" content=\"Els cellers de la DO Pla i Llevant presenten els vins de 2021 - Gastron\u00f2micament\" \/>\n<meta property=\"og:description\" content=\"Els cellers de la DO Pla i Llevant presenten els vins de 2021 Actualitat, Reportatges i novetats Una de les cites m\u00e9s interessants d&#039;aquest cap de setmana \u00e9s la\u00a0presentaci\u00f3\u00a0que faran els cellers de la\u00a0denominaci\u00f3 d&#039;origen Pla i Llevant\u00a0dels vins de 2021.\" \/>\n<meta property=\"og:url\" content=\"https:\/\/gastronomicament.cat\/es\/els-cellers-de-la-do-pla-i-llevant-presenten-els-vins-de-2021\" \/>\n<meta property=\"og:site_name\" content=\"Gastron\u00f2micament\" \/>\n<meta property=\"article:published_time\" content=\"2022-02-22T21:13:24+00:00\" \/>\n<meta property=\"og:image\" content=\"https:\/\/gastronomicament.cat\/wp-content\/uploads\/2022\/02\/Presentacio-vins-DO-Pla-i-Llevant-2021.jpg\" \/>\n\t<meta property=\"og:image:width\" content=\"714\" \/>\n\t<meta property=\"og:image:height\" content=\"475\" \/>\n\t<meta property=\"og:image:type\" content=\"image\/jpeg\" \/>\n<meta name=\"author\" content=\"Redacci\u00f3\" \/>\n<meta name=\"twitter:card\" content=\"summary_large_image\" \/>\n<meta name=\"twitter:creator\" content=\"@gastronomicamen\" \/>\n<meta name=\"twitter:site\" content=\"@gastronomicamen\" \/>\n<meta name=\"twitter:label1\" content=\"Escrito por\" \/>\n\t<meta name=\"twitter:data1\" content=\"Redacci\u00f3\" \/>\n\t<meta name=\"twitter:label2\" content=\"Tiempo de lectura\" \/>\n\t<meta name=\"twitter:data2\" content=\"1 minuto\" \/>\n\t<meta name=\"twitter:label3\" content=\"Written by\" \/>\n\t<meta name=\"twitter:data3\" content=\"Redacci\u00f3\" \/>\n<script type=\"application\/ld+json\" class=\"yoast-schema-graph\">{\"@context\":\"https:\\\/\\\/schema.org\",\"@graph\":[{\"@type\":\"Article\",\"@id\":\"https:\\\/\\\/gastronomicament.cat\\\/es\\\/els-cellers-de-la-do-pla-i-llevant-presenten-els-vins-de-2021#article\",\"isPartOf\":{\"@id\":\"https:\\\/\\\/gastronomicament.cat\\\/es\\\/els-cellers-de-la-do-pla-i-llevant-presenten-els-vins-de-2021\"},\"author\":{\"name\":\"Redacci\u00f3\",\"@id\":\"https:\\\/\\\/gastronomicament.cat\\\/es\\\/#\\\/schema\\\/person\\\/a7c85c537a1ed62799a5b8e0f686a37f\"},\"headline\":\"Els cellers de la DO Pla i Llevant presenten els vins de 2021\",\"datePublished\":\"2022-02-22T21:13:24+00:00\",\"mainEntityOfPage\":{\"@id\":\"https:\\\/\\\/gastronomicament.cat\\\/es\\\/els-cellers-de-la-do-pla-i-llevant-presenten-els-vins-de-2021\"},\"wordCount\":147,\"commentCount\":0,\"publisher\":{\"@id\":\"https:\\\/\\\/gastronomicament.cat\\\/es\\\/#organization\"},\"image\":{\"@id\":\"https:\\\/\\\/gastronomicament.cat\\\/es\\\/els-cellers-de-la-do-pla-i-llevant-presenten-els-vins-de-2021#primaryimage\"},\"thumbnailUrl\":\"https:\\\/\\\/gastronomicament.cat\\\/wp-content\\\/uploads\\\/2022\\\/02\\\/Presentacio-vins-DO-Pla-i-Llevant-2021.jpg\",\"articleSection\":[\"Actualitat\",\"Reportatges i novetats\"],\"inLanguage\":\"es\",\"potentialAction\":[{\"@type\":\"CommentAction\",\"name\":\"Comment\",\"target\":[\"https:\\\/\\\/gastronomicament.cat\\\/es\\\/els-cellers-de-la-do-pla-i-llevant-presenten-els-vins-de-2021#respond\"]}]},{\"@type\":\"WebPage\",\"@id\":\"https:\\\/\\\/gastronomicament.cat\\\/es\\\/els-cellers-de-la-do-pla-i-llevant-presenten-els-vins-de-2021\",\"url\":\"https:\\\/\\\/gastronomicament.cat\\\/es\\\/els-cellers-de-la-do-pla-i-llevant-presenten-els-vins-de-2021\",\"name\":\"Els cellers de la DO Pla i Llevant presenten els vins de 2021 - Gastron\u00f2micament\",\"isPartOf\":{\"@id\":\"https:\\\/\\\/gastronomicament.cat\\\/es\\\/#website\"},\"primaryImageOfPage\":{\"@id\":\"https:\\\/\\\/gastronomicament.cat\\\/es\\\/els-cellers-de-la-do-pla-i-llevant-presenten-els-vins-de-2021#primaryimage\"},\"image\":{\"@id\":\"https:\\\/\\\/gastronomicament.cat\\\/es\\\/els-cellers-de-la-do-pla-i-llevant-presenten-els-vins-de-2021#primaryimage\"},\"thumbnailUrl\":\"https:\\\/\\\/gastronomicament.cat\\\/wp-content\\\/uploads\\\/2022\\\/02\\\/Presentacio-vins-DO-Pla-i-Llevant-2021.jpg\",\"datePublished\":\"2022-02-22T21:13:24+00:00\",\"description\":\"Els cellers de la DO Pla i Llevant presenten els vins de 2021 Actualitat, Reportatges i novetats Una de les cites m\u00e9s interessants d'aquest cap de setmana \u00e9s la\u00a0presentaci\u00f3\u00a0que faran els cellers de la\u00a0denominaci\u00f3 d'origen Pla i Llevant\u00a0dels vins de 2021.\",\"inLanguage\":\"es\",\"potentialAction\":[{\"@type\":\"ReadAction\",\"target\":[\"https:\\\/\\\/gastronomicament.cat\\\/es\\\/els-cellers-de-la-do-pla-i-llevant-presenten-els-vins-de-2021\"]}]},{\"@type\":\"ImageObject\",\"inLanguage\":\"es\",\"@id\":\"https:\\\/\\\/gastronomicament.cat\\\/es\\\/els-cellers-de-la-do-pla-i-llevant-presenten-els-vins-de-2021#primaryimage\",\"url\":\"https:\\\/\\\/gastronomicament.cat\\\/wp-content\\\/uploads\\\/2022\\\/02\\\/Presentacio-vins-DO-Pla-i-Llevant-2021.jpg\",\"contentUrl\":\"https:\\\/\\\/gastronomicament.cat\\\/wp-content\\\/uploads\\\/2022\\\/02\\\/Presentacio-vins-DO-Pla-i-Llevant-2021.jpg\",\"width\":714,\"height\":475},{\"@type\":\"WebSite\",\"@id\":\"https:\\\/\\\/gastronomicament.cat\\\/es\\\/#website\",\"url\":\"https:\\\/\\\/gastronomicament.cat\\\/es\\\/\",\"name\":\"Gastron\u00f2micament\",\"description\":\"Portal de restaurants, receptes i actualitat gastron\u00f2mica\",\"publisher\":{\"@id\":\"https:\\\/\\\/gastronomicament.cat\\\/es\\\/#organization\"},\"potentialAction\":[{\"@type\":\"SearchAction\",\"target\":{\"@type\":\"EntryPoint\",\"urlTemplate\":\"https:\\\/\\\/gastronomicament.cat\\\/es\\\/?s={search_term_string}\"},\"query-input\":{\"@type\":\"PropertyValueSpecification\",\"valueRequired\":true,\"valueName\":\"search_term_string\"}}],\"inLanguage\":\"es\"},{\"@type\":\"Organization\",\"@id\":\"https:\\\/\\\/gastronomicament.cat\\\/es\\\/#organization\",\"name\":\"Gastron\u00f2micament\",\"url\":\"https:\\\/\\\/gastronomicament.cat\\\/es\\\/\",\"logo\":{\"@type\":\"ImageObject\",\"inLanguage\":\"es\",\"@id\":\"https:\\\/\\\/gastronomicament.cat\\\/es\\\/#\\\/schema\\\/logo\\\/image\\\/\",\"url\":\"https:\\\/\\\/gastronomicament.cat\\\/wp-content\\\/uploads\\\/2016\\\/09\\\/header-logo.jpg\",\"contentUrl\":\"https:\\\/\\\/gastronomicament.cat\\\/wp-content\\\/uploads\\\/2016\\\/09\\\/header-logo.jpg\",\"width\":277,\"height\":39,\"caption\":\"Gastron\u00f2micament\"},\"image\":{\"@id\":\"https:\\\/\\\/gastronomicament.cat\\\/es\\\/#\\\/schema\\\/logo\\\/image\\\/\"},\"sameAs\":[\"https:\\\/\\\/x.com\\\/gastronomicamen\"]},{\"@type\":\"Person\",\"@id\":\"https:\\\/\\\/gastronomicament.cat\\\/es\\\/#\\\/schema\\\/person\\\/a7c85c537a1ed62799a5b8e0f686a37f\",\"name\":\"Redacci\u00f3\",\"image\":{\"@type\":\"ImageObject\",\"inLanguage\":\"es\",\"@id\":\"https:\\\/\\\/secure.gravatar.com\\\/avatar\\\/9489a485c464fd611d33825daae651d13db70c4e74c65c94937a15a9d4c3ee14?s=96&d=mm&r=g69fea3cce3645dfa2166e7293e22955e\",\"url\":\"https:\\\/\\\/secure.gravatar.com\\\/avatar\\\/9489a485c464fd611d33825daae651d13db70c4e74c65c94937a15a9d4c3ee14?s=96&d=mm&r=g\",\"contentUrl\":\"https:\\\/\\\/secure.gravatar.com\\\/avatar\\\/9489a485c464fd611d33825daae651d13db70c4e74c65c94937a15a9d4c3ee14?s=96&d=mm&r=g\",\"caption\":\"Redacci\u00f3\"},\"sameAs\":[\"http:\\\/\\\/gastronomicament.cat\"],\"url\":\"https:\\\/\\\/gastronomicament.cat\\\/es\\\/author\\\/admin\"}]}<\/script>\n<!-- \/ Yoast SEO plugin. -->","yoast_head_json":{"title":"Els cellers de la DO Pla i Llevant presenten els vins de 2021 - Gastron\u00f2micament","description":"Els cellers de la DO Pla i Llevant presenten els vins de 2021 Actualitat, Reportatges i novetats Una de les cites m\u00e9s interessants d'aquest cap de setmana \u00e9s la\u00a0presentaci\u00f3\u00a0que faran els cellers de la\u00a0denominaci\u00f3 d'origen Pla i Llevant\u00a0dels vins de 2021.","robots":{"index":"index","follow":"follow","max-snippet":"max-snippet:-1","max-image-preview":"max-image-preview:large","max-video-preview":"max-video-preview:-1"},"canonical":"https:\/\/gastronomicament.cat\/es\/els-cellers-de-la-do-pla-i-llevant-presenten-els-vins-de-2021","og_locale":"es_ES","og_type":"article","og_title":"Els cellers de la DO Pla i Llevant presenten els vins de 2021 - Gastron\u00f2micament","og_description":"Els cellers de la DO Pla i Llevant presenten els vins de 2021 Actualitat, Reportatges i novetats Una de les cites m\u00e9s interessants d'aquest cap de setmana \u00e9s la\u00a0presentaci\u00f3\u00a0que faran els cellers de la\u00a0denominaci\u00f3 d'origen Pla i Llevant\u00a0dels vins de 2021.","og_url":"https:\/\/gastronomicament.cat\/es\/els-cellers-de-la-do-pla-i-llevant-presenten-els-vins-de-2021","og_site_name":"Gastron\u00f2micament","article_published_time":"2022-02-22T21:13:24+00:00","og_image":[{"width":714,"height":475,"url":"https:\/\/gastronomicament.cat\/wp-content\/uploads\/2022\/02\/Presentacio-vins-DO-Pla-i-Llevant-2021.jpg","type":"image\/jpeg"}],"author":"Redacci\u00f3","twitter_card":"summary_large_image","twitter_creator":"@gastronomicamen","twitter_site":"@gastronomicamen","twitter_misc":{"Escrito por":"Redacci\u00f3","Tiempo de lectura":"1 minuto","Written by":"Redacci\u00f3"},"schema":{"@context":"https:\/\/schema.org","@graph":[{"@type":"Article","@id":"https:\/\/gastronomicament.cat\/es\/els-cellers-de-la-do-pla-i-llevant-presenten-els-vins-de-2021#article","isPartOf":{"@id":"https:\/\/gastronomicament.cat\/es\/els-cellers-de-la-do-pla-i-llevant-presenten-els-vins-de-2021"},"author":{"name":"Redacci\u00f3","@id":"https:\/\/gastronomicament.cat\/es\/#\/schema\/person\/a7c85c537a1ed62799a5b8e0f686a37f"},"headline":"Els cellers de la DO Pla i Llevant presenten els vins de 2021","datePublished":"2022-02-22T21:13:24+00:00","mainEntityOfPage":{"@id":"https:\/\/gastronomicament.cat\/es\/els-cellers-de-la-do-pla-i-llevant-presenten-els-vins-de-2021"},"wordCount":147,"commentCount":0,"publisher":{"@id":"https:\/\/gastronomicament.cat\/es\/#organization"},"image":{"@id":"https:\/\/gastronomicament.cat\/es\/els-cellers-de-la-do-pla-i-llevant-presenten-els-vins-de-2021#primaryimage"},"thumbnailUrl":"https:\/\/gastronomicament.cat\/wp-content\/uploads\/2022\/02\/Presentacio-vins-DO-Pla-i-Llevant-2021.jpg","articleSection":["Actualitat","Reportatges i novetats"],"inLanguage":"es","potentialAction":[{"@type":"CommentAction","name":"Comment","target":["https:\/\/gastronomicament.cat\/es\/els-cellers-de-la-do-pla-i-llevant-presenten-els-vins-de-2021#respond"]}]},{"@type":"WebPage","@id":"https:\/\/gastronomicament.cat\/es\/els-cellers-de-la-do-pla-i-llevant-presenten-els-vins-de-2021","url":"https:\/\/gastronomicament.cat\/es\/els-cellers-de-la-do-pla-i-llevant-presenten-els-vins-de-2021","name":"Els cellers de la DO Pla i Llevant presenten els vins de 2021 - Gastron\u00f2micament","isPartOf":{"@id":"https:\/\/gastronomicament.cat\/es\/#website"},"primaryImageOfPage":{"@id":"https:\/\/gastronomicament.cat\/es\/els-cellers-de-la-do-pla-i-llevant-presenten-els-vins-de-2021#primaryimage"},"image":{"@id":"https:\/\/gastronomicament.cat\/es\/els-cellers-de-la-do-pla-i-llevant-presenten-els-vins-de-2021#primaryimage"},"thumbnailUrl":"https:\/\/gastronomicament.cat\/wp-content\/uploads\/2022\/02\/Presentacio-vins-DO-Pla-i-Llevant-2021.jpg","datePublished":"2022-02-22T21:13:24+00:00","description":"Els cellers de la DO Pla i Llevant presenten els vins de 2021 Actualitat, Reportatges i novetats Una de les cites m\u00e9s interessants d'aquest cap de setmana \u00e9s la\u00a0presentaci\u00f3\u00a0que faran els cellers de la\u00a0denominaci\u00f3 d'origen Pla i Llevant\u00a0dels vins de 2021.","inLanguage":"es","potentialAction":[{"@type":"ReadAction","target":["https:\/\/gastronomicament.cat\/es\/els-cellers-de-la-do-pla-i-llevant-presenten-els-vins-de-2021"]}]},{"@type":"ImageObject","inLanguage":"es","@id":"https:\/\/gastronomicament.cat\/es\/els-cellers-de-la-do-pla-i-llevant-presenten-els-vins-de-2021#primaryimage","url":"https:\/\/gastronomicament.cat\/wp-content\/uploads\/2022\/02\/Presentacio-vins-DO-Pla-i-Llevant-2021.jpg","contentUrl":"https:\/\/gastronomicament.cat\/wp-content\/uploads\/2022\/02\/Presentacio-vins-DO-Pla-i-Llevant-2021.jpg","width":714,"height":475},{"@type":"WebSite","@id":"https:\/\/gastronomicament.cat\/es\/#website","url":"https:\/\/gastronomicament.cat\/es\/","name":"Gastron\u00f2micament","description":"Portal de restaurants, receptes i actualitat gastron\u00f2mica","publisher":{"@id":"https:\/\/gastronomicament.cat\/es\/#organization"},"potentialAction":[{"@type":"SearchAction","target":{"@type":"EntryPoint","urlTemplate":"https:\/\/gastronomicament.cat\/es\/?s={search_term_string}"},"query-input":{"@type":"PropertyValueSpecification","valueRequired":true,"valueName":"search_term_string"}}],"inLanguage":"es"},{"@type":"Organization","@id":"https:\/\/gastronomicament.cat\/es\/#organization","name":"Gastron\u00f2micament","url":"https:\/\/gastronomicament.cat\/es\/","logo":{"@type":"ImageObject","inLanguage":"es","@id":"https:\/\/gastronomicament.cat\/es\/#\/schema\/logo\/image\/","url":"https:\/\/gastronomicament.cat\/wp-content\/uploads\/2016\/09\/header-logo.jpg","contentUrl":"https:\/\/gastronomicament.cat\/wp-content\/uploads\/2016\/09\/header-logo.jpg","width":277,"height":39,"caption":"Gastron\u00f2micament"},"image":{"@id":"https:\/\/gastronomicament.cat\/es\/#\/schema\/logo\/image\/"},"sameAs":["https:\/\/x.com\/gastronomicamen"]},{"@type":"Person","@id":"https:\/\/gastronomicament.cat\/es\/#\/schema\/person\/a7c85c537a1ed62799a5b8e0f686a37f","name":"Redacci\u00f3","image":{"@type":"ImageObject","inLanguage":"es","@id":"https:\/\/secure.gravatar.com\/avatar\/9489a485c464fd611d33825daae651d13db70c4e74c65c94937a15a9d4c3ee14?s=96&d=mm&r=g69fea3cce3645dfa2166e7293e22955e","url":"https:\/\/secure.gravatar.com\/avatar\/9489a485c464fd611d33825daae651d13db70c4e74c65c94937a15a9d4c3ee14?s=96&d=mm&r=g","contentUrl":"https:\/\/secure.gravatar.com\/avatar\/9489a485c464fd611d33825daae651d13db70c4e74c65c94937a15a9d4c3ee14?s=96&d=mm&r=g","caption":"Redacci\u00f3"},"sameAs":["http:\/\/gastronomicament.cat"],"url":"https:\/\/gastronomicament.cat\/es\/author\/admin"}]}},"_links":{"self":[{"href":"https:\/\/gastronomicament.cat\/es\/wp-json\/wp\/v2\/posts\/56958","targetHints":{"allow":["GET"]}}],"collection":[{"href":"https:\/\/gastronomicament.cat\/es\/wp-json\/wp\/v2\/posts"}],"about":[{"href":"https:\/\/gastronomicament.cat\/es\/wp-json\/wp\/v2\/types\/post"}],"author":[{"embeddable":true,"href":"https:\/\/gastronomicament.cat\/es\/wp-json\/wp\/v2\/users\/1"}],"replies":[{"embeddable":true,"href":"https:\/\/gastronomicament.cat\/es\/wp-json\/wp\/v2\/comments?post=56958"}],"version-history":[{"count":0,"href":"https:\/\/gastronomicament.cat\/es\/wp-json\/wp\/v2\/posts\/56958\/revisions"}],"wp:featuredmedia":[{"embeddable":true,"href":"https:\/\/gastronomicament.cat\/es\/wp-json\/wp\/v2\/media\/43931"}],"wp:attachment":[{"href":"https:\/\/gastronomicament.cat\/es\/wp-json\/wp\/v2\/media?parent=56958"}],"wp:term":[{"taxonomy":"category","embeddable":true,"href":"https:\/\/gastronomicament.cat\/es\/wp-json\/wp\/v2\/categories?post=56958"},{"taxonomy":"post_tag","embeddable":true,"href":"https:\/\/gastronomicament.cat\/es\/wp-json\/wp\/v2\/tags?post=56958"},{"taxonomy":"author","embeddable":true,"href":"https:\/\/gastronomicament.cat\/es\/wp-json\/wp\/v2\/coauthors?post=56958"}],"curies":[{"name":"wp","href":"https:\/\/api.w.org\/{rel}","templated":true}]}}