{"id":57028,"date":"2022-02-03T09:21:56","date_gmt":"2022-02-03T08:21:56","guid":{"rendered":"https:\/\/gastronomicament.cat\/japo-reconeix-la-denominacio-dorigen-oli-de-mallorca"},"modified":"2022-02-03T09:21:56","modified_gmt":"2022-02-03T08:21:56","slug":"japo-reconeix-la-denominacio-dorigen-oli-de-mallorca","status":"publish","type":"post","link":"https:\/\/gastronomicament.cat\/es\/japo-reconeix-la-denominacio-dorigen-oli-de-mallorca","title":{"rendered":"Jap\u00f3 reconeix la denominaci\u00f3 d&#8217;origen Oli de Mallorca"},"content":{"rendered":"<p>El segell de qualitat\u00a0<strong>Oli de Mallorca<\/strong>\u00a0suma reconeixements internacionals. Aquesta setmana,\u00a0<strong>Jap\u00f3\u00a0<\/strong>ha declarat que reconeix la denominaci\u00f3 d&#8217;origen (DO) Oli de Mallorca i que\u00a0<strong>la protegir\u00e0 dins el seu territori<\/strong>.<\/p>\n<p>D&#8217;aquesta manera, la denominaci\u00f3 d\u2019origen Oli de Mallorca \u00e9s\u00a0<strong>una de les cinc denominacions\u00a0d&#8217;origen protegides (DOP) europees de l\u2019Estat espanyol\u00a0<\/strong>que s\u2019han sumat aquest 2022 a l\u2019Acord de l\u2019Associaci\u00f3 Econ\u00f2mica UE-Jap\u00f3, signat al 2019 amb l\u2019objectiu de reduir les barreres comercials amb el pa\u00eds asi\u00e0tic.<\/p>\n<p>El reconeixement de la marca de qualitat Oli de Mallorca al Jap\u00f3 <strong>ser\u00e0 de gran ajuda per donar impuls a la comercialitzaci\u00f3<\/strong>\u00a0tant dels elaboradors que ja operen al pa\u00eds nip\u00f3 com per als que es plantegen introduir-se a aquest mercat.<\/p>\n<p>Amb Oli de Mallorca s\u2019han incl\u00f2s tamb\u00e9 Aceite Montes de Toledo, Jam\u00f3n de Tr\u00e9velez, \u00a0Jam\u00f3n de Los Pedroches i Piment\u00f3n de la Vera.<\/p>\n","protected":false},"excerpt":{"rendered":"<p>El segell de qualitat\u00a0Oli de Mallorca\u00a0suma reconeixements internacionals. Aquesta setmana,\u00a0Jap\u00f3\u00a0ha declarat que reconeix la denominaci\u00f3 d&#8217;origen&hellip;<\/p>\n","protected":false},"author":1,"featured_media":43914,"comment_status":"open","ping_status":"closed","sticky":false,"template":"","format":"standard","meta":{"_acf_changed":false,"_swt_meta_header_display":false,"_swt_meta_footer_display":false,"_swt_meta_site_title_display":false,"_swt_meta_sticky_header":false,"_swt_meta_transparent_header":false,"footnotes":""},"categories":[1003,1477],"tags":[],"coauthors":[],"class_list":["post-57028","post","type-post","status-publish","format-standard","has-post-thumbnail","hentry","category-actualitat-es","category-reportatges-i-novetats-es"],"acf":{"gallery":null,"home_date":{"home_begin_date":null,"home_end_date":null}},"yoast_head":"<!-- This site is optimized with the Yoast SEO plugin v27.4 - https:\/\/yoast.com\/product\/yoast-seo-wordpress\/ -->\n<title>Jap\u00f3 reconeix la denominaci\u00f3 d&#039;origen Oli de Mallorca - Gastron\u00f2micament<\/title>\n<meta name=\"description\" content=\"Jap\u00f3 reconeix la denominaci\u00f3 d&#039;origen Oli de Mallorca Actualitat, Reportatges i novetats El segell de qualitat\u00a0Oli de Mallorca\u00a0suma reconeixements internacionals. Aquesta setmana,\u00a0Jap\u00f3\u00a0ha declarat que reconeix la denominaci\u00f3 d&#039;origen (DO) Oli de Mallorca i que\u00a0la protegir\u00e0 dins el seu territori.\" \/>\n<meta name=\"robots\" content=\"index, follow, max-snippet:-1, max-image-preview:large, max-video-preview:-1\" \/>\n<link rel=\"canonical\" href=\"https:\/\/gastronomicament.cat\/es\/japo-reconeix-la-denominacio-dorigen-oli-de-mallorca\" \/>\n<meta property=\"og:locale\" content=\"es_ES\" \/>\n<meta property=\"og:type\" content=\"article\" \/>\n<meta property=\"og:title\" content=\"Jap\u00f3 reconeix la denominaci\u00f3 d&#039;origen Oli de Mallorca - Gastron\u00f2micament\" \/>\n<meta property=\"og:description\" content=\"Jap\u00f3 reconeix la denominaci\u00f3 d&#039;origen Oli de Mallorca Actualitat, Reportatges i novetats El segell de qualitat\u00a0Oli de Mallorca\u00a0suma reconeixements internacionals. Aquesta setmana,\u00a0Jap\u00f3\u00a0ha declarat que reconeix la denominaci\u00f3 d&#039;origen (DO) Oli de Mallorca i que\u00a0la protegir\u00e0 dins el seu territori.\" \/>\n<meta property=\"og:url\" content=\"https:\/\/gastronomicament.cat\/es\/japo-reconeix-la-denominacio-dorigen-oli-de-mallorca\" \/>\n<meta property=\"og:site_name\" content=\"Gastron\u00f2micament\" \/>\n<meta property=\"article:published_time\" content=\"2022-02-03T08:21:56+00:00\" \/>\n<meta property=\"og:image\" content=\"https:\/\/gastronomicament.cat\/wp-content\/uploads\/2022\/02\/DO-Oli-de-Mallorca-2022.jpg\" \/>\n\t<meta property=\"og:image:width\" content=\"1200\" \/>\n\t<meta property=\"og:image:height\" content=\"846\" \/>\n\t<meta property=\"og:image:type\" content=\"image\/jpeg\" \/>\n<meta name=\"author\" content=\"Redacci\u00f3\" \/>\n<meta name=\"twitter:card\" content=\"summary_large_image\" \/>\n<meta name=\"twitter:creator\" content=\"@gastronomicamen\" \/>\n<meta name=\"twitter:site\" content=\"@gastronomicamen\" \/>\n<meta name=\"twitter:label1\" content=\"Escrito por\" \/>\n\t<meta name=\"twitter:data1\" content=\"Redacci\u00f3\" \/>\n\t<meta name=\"twitter:label2\" content=\"Tiempo de lectura\" \/>\n\t<meta name=\"twitter:data2\" content=\"1 minuto\" \/>\n\t<meta name=\"twitter:label3\" content=\"Written by\" \/>\n\t<meta name=\"twitter:data3\" content=\"Redacci\u00f3\" \/>\n<script type=\"application\/ld+json\" class=\"yoast-schema-graph\">{\"@context\":\"https:\\\/\\\/schema.org\",\"@graph\":[{\"@type\":\"Article\",\"@id\":\"https:\\\/\\\/gastronomicament.cat\\\/es\\\/japo-reconeix-la-denominacio-dorigen-oli-de-mallorca#article\",\"isPartOf\":{\"@id\":\"https:\\\/\\\/gastronomicament.cat\\\/es\\\/japo-reconeix-la-denominacio-dorigen-oli-de-mallorca\"},\"author\":{\"name\":\"Redacci\u00f3\",\"@id\":\"https:\\\/\\\/gastronomicament.cat\\\/es\\\/#\\\/schema\\\/person\\\/a7c85c537a1ed62799a5b8e0f686a37f\"},\"headline\":\"Jap\u00f3 reconeix la denominaci\u00f3 d&#8217;origen Oli de Mallorca\",\"datePublished\":\"2022-02-03T08:21:56+00:00\",\"mainEntityOfPage\":{\"@id\":\"https:\\\/\\\/gastronomicament.cat\\\/es\\\/japo-reconeix-la-denominacio-dorigen-oli-de-mallorca\"},\"wordCount\":164,\"commentCount\":0,\"publisher\":{\"@id\":\"https:\\\/\\\/gastronomicament.cat\\\/es\\\/#organization\"},\"image\":{\"@id\":\"https:\\\/\\\/gastronomicament.cat\\\/es\\\/japo-reconeix-la-denominacio-dorigen-oli-de-mallorca#primaryimage\"},\"thumbnailUrl\":\"https:\\\/\\\/gastronomicament.cat\\\/wp-content\\\/uploads\\\/2022\\\/02\\\/DO-Oli-de-Mallorca-2022.jpg\",\"articleSection\":[\"Actualitat\",\"Reportatges i novetats\"],\"inLanguage\":\"es\",\"potentialAction\":[{\"@type\":\"CommentAction\",\"name\":\"Comment\",\"target\":[\"https:\\\/\\\/gastronomicament.cat\\\/es\\\/japo-reconeix-la-denominacio-dorigen-oli-de-mallorca#respond\"]}]},{\"@type\":\"WebPage\",\"@id\":\"https:\\\/\\\/gastronomicament.cat\\\/es\\\/japo-reconeix-la-denominacio-dorigen-oli-de-mallorca\",\"url\":\"https:\\\/\\\/gastronomicament.cat\\\/es\\\/japo-reconeix-la-denominacio-dorigen-oli-de-mallorca\",\"name\":\"Jap\u00f3 reconeix la denominaci\u00f3 d'origen Oli de Mallorca - Gastron\u00f2micament\",\"isPartOf\":{\"@id\":\"https:\\\/\\\/gastronomicament.cat\\\/es\\\/#website\"},\"primaryImageOfPage\":{\"@id\":\"https:\\\/\\\/gastronomicament.cat\\\/es\\\/japo-reconeix-la-denominacio-dorigen-oli-de-mallorca#primaryimage\"},\"image\":{\"@id\":\"https:\\\/\\\/gastronomicament.cat\\\/es\\\/japo-reconeix-la-denominacio-dorigen-oli-de-mallorca#primaryimage\"},\"thumbnailUrl\":\"https:\\\/\\\/gastronomicament.cat\\\/wp-content\\\/uploads\\\/2022\\\/02\\\/DO-Oli-de-Mallorca-2022.jpg\",\"datePublished\":\"2022-02-03T08:21:56+00:00\",\"description\":\"Jap\u00f3 reconeix la denominaci\u00f3 d'origen Oli de Mallorca Actualitat, Reportatges i novetats El segell de qualitat\u00a0Oli de Mallorca\u00a0suma reconeixements internacionals. Aquesta setmana,\u00a0Jap\u00f3\u00a0ha declarat que reconeix la denominaci\u00f3 d'origen (DO) Oli de Mallorca i que\u00a0la protegir\u00e0 dins el seu territori.\",\"inLanguage\":\"es\",\"potentialAction\":[{\"@type\":\"ReadAction\",\"target\":[\"https:\\\/\\\/gastronomicament.cat\\\/es\\\/japo-reconeix-la-denominacio-dorigen-oli-de-mallorca\"]}]},{\"@type\":\"ImageObject\",\"inLanguage\":\"es\",\"@id\":\"https:\\\/\\\/gastronomicament.cat\\\/es\\\/japo-reconeix-la-denominacio-dorigen-oli-de-mallorca#primaryimage\",\"url\":\"https:\\\/\\\/gastronomicament.cat\\\/wp-content\\\/uploads\\\/2022\\\/02\\\/DO-Oli-de-Mallorca-2022.jpg\",\"contentUrl\":\"https:\\\/\\\/gastronomicament.cat\\\/wp-content\\\/uploads\\\/2022\\\/02\\\/DO-Oli-de-Mallorca-2022.jpg\",\"width\":1200,\"height\":846},{\"@type\":\"WebSite\",\"@id\":\"https:\\\/\\\/gastronomicament.cat\\\/es\\\/#website\",\"url\":\"https:\\\/\\\/gastronomicament.cat\\\/es\\\/\",\"name\":\"Gastron\u00f2micament\",\"description\":\"Portal de restaurants, receptes i actualitat gastron\u00f2mica\",\"publisher\":{\"@id\":\"https:\\\/\\\/gastronomicament.cat\\\/es\\\/#organization\"},\"potentialAction\":[{\"@type\":\"SearchAction\",\"target\":{\"@type\":\"EntryPoint\",\"urlTemplate\":\"https:\\\/\\\/gastronomicament.cat\\\/es\\\/?s={search_term_string}\"},\"query-input\":{\"@type\":\"PropertyValueSpecification\",\"valueRequired\":true,\"valueName\":\"search_term_string\"}}],\"inLanguage\":\"es\"},{\"@type\":\"Organization\",\"@id\":\"https:\\\/\\\/gastronomicament.cat\\\/es\\\/#organization\",\"name\":\"Gastron\u00f2micament\",\"url\":\"https:\\\/\\\/gastronomicament.cat\\\/es\\\/\",\"logo\":{\"@type\":\"ImageObject\",\"inLanguage\":\"es\",\"@id\":\"https:\\\/\\\/gastronomicament.cat\\\/es\\\/#\\\/schema\\\/logo\\\/image\\\/\",\"url\":\"https:\\\/\\\/gastronomicament.cat\\\/wp-content\\\/uploads\\\/2016\\\/09\\\/header-logo.jpg\",\"contentUrl\":\"https:\\\/\\\/gastronomicament.cat\\\/wp-content\\\/uploads\\\/2016\\\/09\\\/header-logo.jpg\",\"width\":277,\"height\":39,\"caption\":\"Gastron\u00f2micament\"},\"image\":{\"@id\":\"https:\\\/\\\/gastronomicament.cat\\\/es\\\/#\\\/schema\\\/logo\\\/image\\\/\"},\"sameAs\":[\"https:\\\/\\\/x.com\\\/gastronomicamen\"]},{\"@type\":\"Person\",\"@id\":\"https:\\\/\\\/gastronomicament.cat\\\/es\\\/#\\\/schema\\\/person\\\/a7c85c537a1ed62799a5b8e0f686a37f\",\"name\":\"Redacci\u00f3\",\"image\":{\"@type\":\"ImageObject\",\"inLanguage\":\"es\",\"@id\":\"https:\\\/\\\/secure.gravatar.com\\\/avatar\\\/9489a485c464fd611d33825daae651d13db70c4e74c65c94937a15a9d4c3ee14?s=96&d=mm&r=g69fea3cce3645dfa2166e7293e22955e\",\"url\":\"https:\\\/\\\/secure.gravatar.com\\\/avatar\\\/9489a485c464fd611d33825daae651d13db70c4e74c65c94937a15a9d4c3ee14?s=96&d=mm&r=g\",\"contentUrl\":\"https:\\\/\\\/secure.gravatar.com\\\/avatar\\\/9489a485c464fd611d33825daae651d13db70c4e74c65c94937a15a9d4c3ee14?s=96&d=mm&r=g\",\"caption\":\"Redacci\u00f3\"},\"sameAs\":[\"http:\\\/\\\/gastronomicament.cat\"],\"url\":\"https:\\\/\\\/gastronomicament.cat\\\/es\\\/author\\\/admin\"}]}<\/script>\n<!-- \/ Yoast SEO plugin. -->","yoast_head_json":{"title":"Jap\u00f3 reconeix la denominaci\u00f3 d'origen Oli de Mallorca - Gastron\u00f2micament","description":"Jap\u00f3 reconeix la denominaci\u00f3 d'origen Oli de Mallorca Actualitat, Reportatges i novetats El segell de qualitat\u00a0Oli de Mallorca\u00a0suma reconeixements internacionals. Aquesta setmana,\u00a0Jap\u00f3\u00a0ha declarat que reconeix la denominaci\u00f3 d'origen (DO) Oli de Mallorca i que\u00a0la protegir\u00e0 dins el seu territori.","robots":{"index":"index","follow":"follow","max-snippet":"max-snippet:-1","max-image-preview":"max-image-preview:large","max-video-preview":"max-video-preview:-1"},"canonical":"https:\/\/gastronomicament.cat\/es\/japo-reconeix-la-denominacio-dorigen-oli-de-mallorca","og_locale":"es_ES","og_type":"article","og_title":"Jap\u00f3 reconeix la denominaci\u00f3 d'origen Oli de Mallorca - Gastron\u00f2micament","og_description":"Jap\u00f3 reconeix la denominaci\u00f3 d'origen Oli de Mallorca Actualitat, Reportatges i novetats El segell de qualitat\u00a0Oli de Mallorca\u00a0suma reconeixements internacionals. Aquesta setmana,\u00a0Jap\u00f3\u00a0ha declarat que reconeix la denominaci\u00f3 d'origen (DO) Oli de Mallorca i que\u00a0la protegir\u00e0 dins el seu territori.","og_url":"https:\/\/gastronomicament.cat\/es\/japo-reconeix-la-denominacio-dorigen-oli-de-mallorca","og_site_name":"Gastron\u00f2micament","article_published_time":"2022-02-03T08:21:56+00:00","og_image":[{"width":1200,"height":846,"url":"https:\/\/gastronomicament.cat\/wp-content\/uploads\/2022\/02\/DO-Oli-de-Mallorca-2022.jpg","type":"image\/jpeg"}],"author":"Redacci\u00f3","twitter_card":"summary_large_image","twitter_creator":"@gastronomicamen","twitter_site":"@gastronomicamen","twitter_misc":{"Escrito por":"Redacci\u00f3","Tiempo de lectura":"1 minuto","Written by":"Redacci\u00f3"},"schema":{"@context":"https:\/\/schema.org","@graph":[{"@type":"Article","@id":"https:\/\/gastronomicament.cat\/es\/japo-reconeix-la-denominacio-dorigen-oli-de-mallorca#article","isPartOf":{"@id":"https:\/\/gastronomicament.cat\/es\/japo-reconeix-la-denominacio-dorigen-oli-de-mallorca"},"author":{"name":"Redacci\u00f3","@id":"https:\/\/gastronomicament.cat\/es\/#\/schema\/person\/a7c85c537a1ed62799a5b8e0f686a37f"},"headline":"Jap\u00f3 reconeix la denominaci\u00f3 d&#8217;origen Oli de Mallorca","datePublished":"2022-02-03T08:21:56+00:00","mainEntityOfPage":{"@id":"https:\/\/gastronomicament.cat\/es\/japo-reconeix-la-denominacio-dorigen-oli-de-mallorca"},"wordCount":164,"commentCount":0,"publisher":{"@id":"https:\/\/gastronomicament.cat\/es\/#organization"},"image":{"@id":"https:\/\/gastronomicament.cat\/es\/japo-reconeix-la-denominacio-dorigen-oli-de-mallorca#primaryimage"},"thumbnailUrl":"https:\/\/gastronomicament.cat\/wp-content\/uploads\/2022\/02\/DO-Oli-de-Mallorca-2022.jpg","articleSection":["Actualitat","Reportatges i novetats"],"inLanguage":"es","potentialAction":[{"@type":"CommentAction","name":"Comment","target":["https:\/\/gastronomicament.cat\/es\/japo-reconeix-la-denominacio-dorigen-oli-de-mallorca#respond"]}]},{"@type":"WebPage","@id":"https:\/\/gastronomicament.cat\/es\/japo-reconeix-la-denominacio-dorigen-oli-de-mallorca","url":"https:\/\/gastronomicament.cat\/es\/japo-reconeix-la-denominacio-dorigen-oli-de-mallorca","name":"Jap\u00f3 reconeix la denominaci\u00f3 d'origen Oli de Mallorca - Gastron\u00f2micament","isPartOf":{"@id":"https:\/\/gastronomicament.cat\/es\/#website"},"primaryImageOfPage":{"@id":"https:\/\/gastronomicament.cat\/es\/japo-reconeix-la-denominacio-dorigen-oli-de-mallorca#primaryimage"},"image":{"@id":"https:\/\/gastronomicament.cat\/es\/japo-reconeix-la-denominacio-dorigen-oli-de-mallorca#primaryimage"},"thumbnailUrl":"https:\/\/gastronomicament.cat\/wp-content\/uploads\/2022\/02\/DO-Oli-de-Mallorca-2022.jpg","datePublished":"2022-02-03T08:21:56+00:00","description":"Jap\u00f3 reconeix la denominaci\u00f3 d'origen Oli de Mallorca Actualitat, Reportatges i novetats El segell de qualitat\u00a0Oli de Mallorca\u00a0suma reconeixements internacionals. Aquesta setmana,\u00a0Jap\u00f3\u00a0ha declarat que reconeix la denominaci\u00f3 d'origen (DO) Oli de Mallorca i que\u00a0la protegir\u00e0 dins el seu territori.","inLanguage":"es","potentialAction":[{"@type":"ReadAction","target":["https:\/\/gastronomicament.cat\/es\/japo-reconeix-la-denominacio-dorigen-oli-de-mallorca"]}]},{"@type":"ImageObject","inLanguage":"es","@id":"https:\/\/gastronomicament.cat\/es\/japo-reconeix-la-denominacio-dorigen-oli-de-mallorca#primaryimage","url":"https:\/\/gastronomicament.cat\/wp-content\/uploads\/2022\/02\/DO-Oli-de-Mallorca-2022.jpg","contentUrl":"https:\/\/gastronomicament.cat\/wp-content\/uploads\/2022\/02\/DO-Oli-de-Mallorca-2022.jpg","width":1200,"height":846},{"@type":"WebSite","@id":"https:\/\/gastronomicament.cat\/es\/#website","url":"https:\/\/gastronomicament.cat\/es\/","name":"Gastron\u00f2micament","description":"Portal de restaurants, receptes i actualitat gastron\u00f2mica","publisher":{"@id":"https:\/\/gastronomicament.cat\/es\/#organization"},"potentialAction":[{"@type":"SearchAction","target":{"@type":"EntryPoint","urlTemplate":"https:\/\/gastronomicament.cat\/es\/?s={search_term_string}"},"query-input":{"@type":"PropertyValueSpecification","valueRequired":true,"valueName":"search_term_string"}}],"inLanguage":"es"},{"@type":"Organization","@id":"https:\/\/gastronomicament.cat\/es\/#organization","name":"Gastron\u00f2micament","url":"https:\/\/gastronomicament.cat\/es\/","logo":{"@type":"ImageObject","inLanguage":"es","@id":"https:\/\/gastronomicament.cat\/es\/#\/schema\/logo\/image\/","url":"https:\/\/gastronomicament.cat\/wp-content\/uploads\/2016\/09\/header-logo.jpg","contentUrl":"https:\/\/gastronomicament.cat\/wp-content\/uploads\/2016\/09\/header-logo.jpg","width":277,"height":39,"caption":"Gastron\u00f2micament"},"image":{"@id":"https:\/\/gastronomicament.cat\/es\/#\/schema\/logo\/image\/"},"sameAs":["https:\/\/x.com\/gastronomicamen"]},{"@type":"Person","@id":"https:\/\/gastronomicament.cat\/es\/#\/schema\/person\/a7c85c537a1ed62799a5b8e0f686a37f","name":"Redacci\u00f3","image":{"@type":"ImageObject","inLanguage":"es","@id":"https:\/\/secure.gravatar.com\/avatar\/9489a485c464fd611d33825daae651d13db70c4e74c65c94937a15a9d4c3ee14?s=96&d=mm&r=g69fea3cce3645dfa2166e7293e22955e","url":"https:\/\/secure.gravatar.com\/avatar\/9489a485c464fd611d33825daae651d13db70c4e74c65c94937a15a9d4c3ee14?s=96&d=mm&r=g","contentUrl":"https:\/\/secure.gravatar.com\/avatar\/9489a485c464fd611d33825daae651d13db70c4e74c65c94937a15a9d4c3ee14?s=96&d=mm&r=g","caption":"Redacci\u00f3"},"sameAs":["http:\/\/gastronomicament.cat"],"url":"https:\/\/gastronomicament.cat\/es\/author\/admin"}]}},"_links":{"self":[{"href":"https:\/\/gastronomicament.cat\/es\/wp-json\/wp\/v2\/posts\/57028","targetHints":{"allow":["GET"]}}],"collection":[{"href":"https:\/\/gastronomicament.cat\/es\/wp-json\/wp\/v2\/posts"}],"about":[{"href":"https:\/\/gastronomicament.cat\/es\/wp-json\/wp\/v2\/types\/post"}],"author":[{"embeddable":true,"href":"https:\/\/gastronomicament.cat\/es\/wp-json\/wp\/v2\/users\/1"}],"replies":[{"embeddable":true,"href":"https:\/\/gastronomicament.cat\/es\/wp-json\/wp\/v2\/comments?post=57028"}],"version-history":[{"count":0,"href":"https:\/\/gastronomicament.cat\/es\/wp-json\/wp\/v2\/posts\/57028\/revisions"}],"wp:featuredmedia":[{"embeddable":true,"href":"https:\/\/gastronomicament.cat\/es\/wp-json\/wp\/v2\/media\/43914"}],"wp:attachment":[{"href":"https:\/\/gastronomicament.cat\/es\/wp-json\/wp\/v2\/media?parent=57028"}],"wp:term":[{"taxonomy":"category","embeddable":true,"href":"https:\/\/gastronomicament.cat\/es\/wp-json\/wp\/v2\/categories?post=57028"},{"taxonomy":"post_tag","embeddable":true,"href":"https:\/\/gastronomicament.cat\/es\/wp-json\/wp\/v2\/tags?post=57028"},{"taxonomy":"author","embeddable":true,"href":"https:\/\/gastronomicament.cat\/es\/wp-json\/wp\/v2\/coauthors?post=57028"}],"curies":[{"name":"wp","href":"https:\/\/api.w.org\/{rel}","templated":true}]}}