{"id":57842,"date":"2021-09-23T11:04:13","date_gmt":"2021-09-23T09:04:13","guid":{"rendered":"https:\/\/gastronomicament.cat\/can-picafort-acull-el-concurs-internacional-de-cerveses-artesanes"},"modified":"2022-04-09T09:23:54","modified_gmt":"2022-04-09T07:23:54","slug":"can-picafort-acull-el-concurs-internacional-de-cerveses-artesanes","status":"publish","type":"post","link":"https:\/\/gastronomicament.cat\/es\/can-picafort-acull-el-concurs-internacional-de-cerveses-artesanes","title":{"rendered":"Can Picafort acull el Concurs Internacional de Cerveses Artesanes"},"content":{"rendered":"<p>Els<strong>\u00a0dies 25 i 26 de setembre<\/strong>, la poblaci\u00f3 mallorquina de<strong>\u00a0Can Picafort\u00a0<\/strong>acollir\u00e0 el\u00a0<strong>Concurs Internacional de Cervesa Artesana\u00a0<\/strong>(CICA). Es tracta de la sisena edici\u00f3 d&#8217;aquesta competici\u00f3, en qu\u00e8 hi participen m\u00e9s de 300 cerveses diferents.<\/p>\n<p>La sisena edici\u00f3 del CICA est\u00e0 organitzada per LVG Eventos i Momentos Cerveceros i, a m\u00e9s, t\u00e9 el suport de l&#8217;Ajuntamnet de Santa Margalida i l&#8217;Associaci\u00f3 Hotelera de Can Picafort.\u00a0Un dels punts diferenciadors d&#8217;aquesta edici\u00f3 \u00e9s la menci\u00f3 especial a la millor cervesera artesana de les Illes Balears. Tamb\u00e9 hi haur\u00e0 una menci\u00f3 especial a la traject\u00f2ria professional.\u00a0El lliurament de premis es far\u00e0 el dissabte 9 d&#8217;octubre a les 18 hores, durant la celebraci\u00f3 de la Beermad, a Madrid (Mercat de la Cervesa Artesana de Madrid).<\/p>\n<p><strong>Fira de la Cervesa Artesanal Balear<br \/>\n<\/strong>Paral\u00b7lelament, tamb\u00e9 acollir\u00e0 la primera edici\u00f3 de la\u00a0<strong>Fira de la Cervesa Artesanal Balear<\/strong>, aquest acte es far\u00e0 a la fresca,\u00a0<strong>a la Pla\u00e7a Marina<\/strong>\u00a0(zona de vianants del carrer d&#8217;Isaac Peral, devora les oficines municipals). All\u00e0, s&#8217;hi podran tastar les cerveses artesanes balears presentades al concurs, durant l&#8217;horabaixa-vespre del\u00a0<strong>dissabte 25 i el diumenge 26 de setembre, de 18.30 a 23.30 hores<\/strong>.<\/p>\n<p>L&#8217;entrada tindr\u00e0 un cost simb\u00f2lic d&#8217;1 euro, amb el qual els assistents podran aconseguir un tass\u00f3 de vidre serigrafiat. Una vegada dins el recinte, amb aquest tass\u00f3, es podran visitar els 10 espais de cervesa artesana balear i tastar la que vulguin, a partir de 2 euros la cervesa, que es podran acompanyar amb la proposta culin\u00e0ria de diverses\u00a0<em>food trucks<\/em>. Part de la recaptaci\u00f3 de les entrades es destinar\u00e0 a finalitats socials.<\/p>\n","protected":false},"excerpt":{"rendered":"<p>Els\u00a0dies 25 i 26 de setembre, la poblaci\u00f3 mallorquina de\u00a0Can Picafort\u00a0acollir\u00e0 el\u00a0Concurs Internacional de Cervesa Artesana\u00a0(CICA).&hellip;<\/p>\n","protected":false},"author":1,"featured_media":43672,"comment_status":"open","ping_status":"closed","sticky":false,"template":"","format":"gallery","meta":{"_acf_changed":false,"_swt_meta_header_display":false,"_swt_meta_footer_display":false,"_swt_meta_site_title_display":false,"_swt_meta_sticky_header":false,"_swt_meta_transparent_header":false,"footnotes":""},"categories":[1003,1478,1004],"tags":[],"coauthors":[],"class_list":["post-57842","post","type-post","status-publish","format-gallery","has-post-thumbnail","hentry","category-actualitat-es","category-concursos-i-premis-es","category-fires-i-rutes-es","post_format-post-format-gallery"],"acf":{"gallery":null,"home_date":{"home_begin_date":null,"home_end_date":null}},"yoast_head":"<!-- This site is optimized with the Yoast SEO plugin v27.4 - https:\/\/yoast.com\/product\/yoast-seo-wordpress\/ -->\n<title>Can Picafort acull el Concurs Internacional de Cerveses Artesanes - Gastron\u00f2micament<\/title>\n<meta name=\"description\" content=\"Can Picafort acull el Concurs Internacional de Cerveses Artesanes Actualitat, Concursos i premis, Fires i rutes Els\u00a0dies 25 i 26 de setembre, la poblaci\u00f3 mallorquina de\u00a0Can Picafort\u00a0acollir\u00e0 el\u00a0Concurs Internacional de Cervesa Artesana\u00a0(CICA). Es tracta de la sisena edici\u00f3 d&#039;aquesta competici\u00f3, en qu\u00e8 hi participen m\u00e9s de 300 cerveses diferents\" \/>\n<meta name=\"robots\" content=\"index, follow, max-snippet:-1, max-image-preview:large, max-video-preview:-1\" \/>\n<link rel=\"canonical\" href=\"https:\/\/gastronomicament.cat\/es\/can-picafort-acull-el-concurs-internacional-de-cerveses-artesanes\" \/>\n<meta property=\"og:locale\" content=\"es_ES\" \/>\n<meta property=\"og:type\" content=\"article\" \/>\n<meta property=\"og:title\" content=\"Can Picafort acull el Concurs Internacional de Cerveses Artesanes - Gastron\u00f2micament\" \/>\n<meta property=\"og:description\" content=\"Can Picafort acull el Concurs Internacional de Cerveses Artesanes Actualitat, Concursos i premis, Fires i rutes Els\u00a0dies 25 i 26 de setembre, la poblaci\u00f3 mallorquina de\u00a0Can Picafort\u00a0acollir\u00e0 el\u00a0Concurs Internacional de Cervesa Artesana\u00a0(CICA). Es tracta de la sisena edici\u00f3 d&#039;aquesta competici\u00f3, en qu\u00e8 hi participen m\u00e9s de 300 cerveses diferents\" \/>\n<meta property=\"og:url\" content=\"https:\/\/gastronomicament.cat\/es\/can-picafort-acull-el-concurs-internacional-de-cerveses-artesanes\" \/>\n<meta property=\"og:site_name\" content=\"Gastron\u00f2micament\" \/>\n<meta property=\"article:published_time\" content=\"2021-09-23T09:04:13+00:00\" \/>\n<meta property=\"article:modified_time\" content=\"2022-04-09T07:23:54+00:00\" \/>\n<meta property=\"og:image\" content=\"https:\/\/gastronomicament.cat\/wp-content\/uploads\/2021\/09\/Concurs-Internacional-Cervesa-Artesana-Can-Picafort.jpg\" \/>\n\t<meta property=\"og:image:width\" content=\"1486\" \/>\n\t<meta property=\"og:image:height\" content=\"772\" \/>\n\t<meta property=\"og:image:type\" content=\"image\/jpeg\" \/>\n<meta name=\"author\" content=\"Redacci\u00f3\" \/>\n<meta name=\"twitter:card\" content=\"summary_large_image\" \/>\n<meta name=\"twitter:creator\" content=\"@gastronomicamen\" \/>\n<meta name=\"twitter:site\" content=\"@gastronomicamen\" \/>\n<meta name=\"twitter:label1\" content=\"Escrito por\" \/>\n\t<meta name=\"twitter:data1\" content=\"Redacci\u00f3\" \/>\n\t<meta name=\"twitter:label2\" content=\"Tiempo de lectura\" \/>\n\t<meta name=\"twitter:data2\" content=\"2 minutos\" \/>\n\t<meta name=\"twitter:label3\" content=\"Written by\" \/>\n\t<meta name=\"twitter:data3\" content=\"Redacci\u00f3\" \/>\n<script type=\"application\/ld+json\" class=\"yoast-schema-graph\">{\"@context\":\"https:\\\/\\\/schema.org\",\"@graph\":[{\"@type\":\"Article\",\"@id\":\"https:\\\/\\\/gastronomicament.cat\\\/es\\\/can-picafort-acull-el-concurs-internacional-de-cerveses-artesanes#article\",\"isPartOf\":{\"@id\":\"https:\\\/\\\/gastronomicament.cat\\\/es\\\/can-picafort-acull-el-concurs-internacional-de-cerveses-artesanes\"},\"author\":{\"name\":\"Redacci\u00f3\",\"@id\":\"https:\\\/\\\/gastronomicament.cat\\\/es\\\/#\\\/schema\\\/person\\\/a7c85c537a1ed62799a5b8e0f686a37f\"},\"headline\":\"Can Picafort acull el Concurs Internacional de Cerveses Artesanes\",\"datePublished\":\"2021-09-23T09:04:13+00:00\",\"dateModified\":\"2022-04-09T07:23:54+00:00\",\"mainEntityOfPage\":{\"@id\":\"https:\\\/\\\/gastronomicament.cat\\\/es\\\/can-picafort-acull-el-concurs-internacional-de-cerveses-artesanes\"},\"wordCount\":273,\"commentCount\":0,\"publisher\":{\"@id\":\"https:\\\/\\\/gastronomicament.cat\\\/es\\\/#organization\"},\"image\":{\"@id\":\"https:\\\/\\\/gastronomicament.cat\\\/es\\\/can-picafort-acull-el-concurs-internacional-de-cerveses-artesanes#primaryimage\"},\"thumbnailUrl\":\"https:\\\/\\\/gastronomicament.cat\\\/wp-content\\\/uploads\\\/2021\\\/09\\\/Concurs-Internacional-Cervesa-Artesana-Can-Picafort.jpg\",\"articleSection\":[\"Actualitat\",\"Concursos i premis\",\"Fires i rutes\"],\"inLanguage\":\"es\",\"potentialAction\":[{\"@type\":\"CommentAction\",\"name\":\"Comment\",\"target\":[\"https:\\\/\\\/gastronomicament.cat\\\/es\\\/can-picafort-acull-el-concurs-internacional-de-cerveses-artesanes#respond\"]}]},{\"@type\":\"WebPage\",\"@id\":\"https:\\\/\\\/gastronomicament.cat\\\/es\\\/can-picafort-acull-el-concurs-internacional-de-cerveses-artesanes\",\"url\":\"https:\\\/\\\/gastronomicament.cat\\\/es\\\/can-picafort-acull-el-concurs-internacional-de-cerveses-artesanes\",\"name\":\"Can Picafort acull el Concurs Internacional de Cerveses Artesanes - Gastron\u00f2micament\",\"isPartOf\":{\"@id\":\"https:\\\/\\\/gastronomicament.cat\\\/es\\\/#website\"},\"primaryImageOfPage\":{\"@id\":\"https:\\\/\\\/gastronomicament.cat\\\/es\\\/can-picafort-acull-el-concurs-internacional-de-cerveses-artesanes#primaryimage\"},\"image\":{\"@id\":\"https:\\\/\\\/gastronomicament.cat\\\/es\\\/can-picafort-acull-el-concurs-internacional-de-cerveses-artesanes#primaryimage\"},\"thumbnailUrl\":\"https:\\\/\\\/gastronomicament.cat\\\/wp-content\\\/uploads\\\/2021\\\/09\\\/Concurs-Internacional-Cervesa-Artesana-Can-Picafort.jpg\",\"datePublished\":\"2021-09-23T09:04:13+00:00\",\"dateModified\":\"2022-04-09T07:23:54+00:00\",\"description\":\"Can Picafort acull el Concurs Internacional de Cerveses Artesanes Actualitat, Concursos i premis, Fires i rutes Els\u00a0dies 25 i 26 de setembre, la poblaci\u00f3 mallorquina de\u00a0Can Picafort\u00a0acollir\u00e0 el\u00a0Concurs Internacional de Cervesa Artesana\u00a0(CICA). Es tracta de la sisena edici\u00f3 d'aquesta competici\u00f3, en qu\u00e8 hi participen m\u00e9s de 300 cerveses diferents\",\"inLanguage\":\"es\",\"potentialAction\":[{\"@type\":\"ReadAction\",\"target\":[\"https:\\\/\\\/gastronomicament.cat\\\/es\\\/can-picafort-acull-el-concurs-internacional-de-cerveses-artesanes\"]}]},{\"@type\":\"ImageObject\",\"inLanguage\":\"es\",\"@id\":\"https:\\\/\\\/gastronomicament.cat\\\/es\\\/can-picafort-acull-el-concurs-internacional-de-cerveses-artesanes#primaryimage\",\"url\":\"https:\\\/\\\/gastronomicament.cat\\\/wp-content\\\/uploads\\\/2021\\\/09\\\/Concurs-Internacional-Cervesa-Artesana-Can-Picafort.jpg\",\"contentUrl\":\"https:\\\/\\\/gastronomicament.cat\\\/wp-content\\\/uploads\\\/2021\\\/09\\\/Concurs-Internacional-Cervesa-Artesana-Can-Picafort.jpg\",\"width\":1486,\"height\":772},{\"@type\":\"WebSite\",\"@id\":\"https:\\\/\\\/gastronomicament.cat\\\/es\\\/#website\",\"url\":\"https:\\\/\\\/gastronomicament.cat\\\/es\\\/\",\"name\":\"Gastron\u00f2micament\",\"description\":\"Portal de restaurants, receptes i actualitat gastron\u00f2mica\",\"publisher\":{\"@id\":\"https:\\\/\\\/gastronomicament.cat\\\/es\\\/#organization\"},\"potentialAction\":[{\"@type\":\"SearchAction\",\"target\":{\"@type\":\"EntryPoint\",\"urlTemplate\":\"https:\\\/\\\/gastronomicament.cat\\\/es\\\/?s={search_term_string}\"},\"query-input\":{\"@type\":\"PropertyValueSpecification\",\"valueRequired\":true,\"valueName\":\"search_term_string\"}}],\"inLanguage\":\"es\"},{\"@type\":\"Organization\",\"@id\":\"https:\\\/\\\/gastronomicament.cat\\\/es\\\/#organization\",\"name\":\"Gastron\u00f2micament\",\"url\":\"https:\\\/\\\/gastronomicament.cat\\\/es\\\/\",\"logo\":{\"@type\":\"ImageObject\",\"inLanguage\":\"es\",\"@id\":\"https:\\\/\\\/gastronomicament.cat\\\/es\\\/#\\\/schema\\\/logo\\\/image\\\/\",\"url\":\"https:\\\/\\\/gastronomicament.cat\\\/wp-content\\\/uploads\\\/2016\\\/09\\\/header-logo.jpg\",\"contentUrl\":\"https:\\\/\\\/gastronomicament.cat\\\/wp-content\\\/uploads\\\/2016\\\/09\\\/header-logo.jpg\",\"width\":277,\"height\":39,\"caption\":\"Gastron\u00f2micament\"},\"image\":{\"@id\":\"https:\\\/\\\/gastronomicament.cat\\\/es\\\/#\\\/schema\\\/logo\\\/image\\\/\"},\"sameAs\":[\"https:\\\/\\\/x.com\\\/gastronomicamen\"]},{\"@type\":\"Person\",\"@id\":\"https:\\\/\\\/gastronomicament.cat\\\/es\\\/#\\\/schema\\\/person\\\/a7c85c537a1ed62799a5b8e0f686a37f\",\"name\":\"Redacci\u00f3\",\"image\":{\"@type\":\"ImageObject\",\"inLanguage\":\"es\",\"@id\":\"https:\\\/\\\/secure.gravatar.com\\\/avatar\\\/9489a485c464fd611d33825daae651d13db70c4e74c65c94937a15a9d4c3ee14?s=96&d=mm&r=g69fea3cce3645dfa2166e7293e22955e\",\"url\":\"https:\\\/\\\/secure.gravatar.com\\\/avatar\\\/9489a485c464fd611d33825daae651d13db70c4e74c65c94937a15a9d4c3ee14?s=96&d=mm&r=g\",\"contentUrl\":\"https:\\\/\\\/secure.gravatar.com\\\/avatar\\\/9489a485c464fd611d33825daae651d13db70c4e74c65c94937a15a9d4c3ee14?s=96&d=mm&r=g\",\"caption\":\"Redacci\u00f3\"},\"sameAs\":[\"http:\\\/\\\/gastronomicament.cat\"],\"url\":\"https:\\\/\\\/gastronomicament.cat\\\/es\\\/author\\\/admin\"}]}<\/script>\n<!-- \/ Yoast SEO plugin. -->","yoast_head_json":{"title":"Can Picafort acull el Concurs Internacional de Cerveses Artesanes - Gastron\u00f2micament","description":"Can Picafort acull el Concurs Internacional de Cerveses Artesanes Actualitat, Concursos i premis, Fires i rutes Els\u00a0dies 25 i 26 de setembre, la poblaci\u00f3 mallorquina de\u00a0Can Picafort\u00a0acollir\u00e0 el\u00a0Concurs Internacional de Cervesa Artesana\u00a0(CICA). Es tracta de la sisena edici\u00f3 d'aquesta competici\u00f3, en qu\u00e8 hi participen m\u00e9s de 300 cerveses diferents","robots":{"index":"index","follow":"follow","max-snippet":"max-snippet:-1","max-image-preview":"max-image-preview:large","max-video-preview":"max-video-preview:-1"},"canonical":"https:\/\/gastronomicament.cat\/es\/can-picafort-acull-el-concurs-internacional-de-cerveses-artesanes","og_locale":"es_ES","og_type":"article","og_title":"Can Picafort acull el Concurs Internacional de Cerveses Artesanes - Gastron\u00f2micament","og_description":"Can Picafort acull el Concurs Internacional de Cerveses Artesanes Actualitat, Concursos i premis, Fires i rutes Els\u00a0dies 25 i 26 de setembre, la poblaci\u00f3 mallorquina de\u00a0Can Picafort\u00a0acollir\u00e0 el\u00a0Concurs Internacional de Cervesa Artesana\u00a0(CICA). Es tracta de la sisena edici\u00f3 d'aquesta competici\u00f3, en qu\u00e8 hi participen m\u00e9s de 300 cerveses diferents","og_url":"https:\/\/gastronomicament.cat\/es\/can-picafort-acull-el-concurs-internacional-de-cerveses-artesanes","og_site_name":"Gastron\u00f2micament","article_published_time":"2021-09-23T09:04:13+00:00","article_modified_time":"2022-04-09T07:23:54+00:00","og_image":[{"width":1486,"height":772,"url":"https:\/\/gastronomicament.cat\/wp-content\/uploads\/2021\/09\/Concurs-Internacional-Cervesa-Artesana-Can-Picafort.jpg","type":"image\/jpeg"}],"author":"Redacci\u00f3","twitter_card":"summary_large_image","twitter_creator":"@gastronomicamen","twitter_site":"@gastronomicamen","twitter_misc":{"Escrito por":"Redacci\u00f3","Tiempo de lectura":"2 minutos","Written by":"Redacci\u00f3"},"schema":{"@context":"https:\/\/schema.org","@graph":[{"@type":"Article","@id":"https:\/\/gastronomicament.cat\/es\/can-picafort-acull-el-concurs-internacional-de-cerveses-artesanes#article","isPartOf":{"@id":"https:\/\/gastronomicament.cat\/es\/can-picafort-acull-el-concurs-internacional-de-cerveses-artesanes"},"author":{"name":"Redacci\u00f3","@id":"https:\/\/gastronomicament.cat\/es\/#\/schema\/person\/a7c85c537a1ed62799a5b8e0f686a37f"},"headline":"Can Picafort acull el Concurs Internacional de Cerveses Artesanes","datePublished":"2021-09-23T09:04:13+00:00","dateModified":"2022-04-09T07:23:54+00:00","mainEntityOfPage":{"@id":"https:\/\/gastronomicament.cat\/es\/can-picafort-acull-el-concurs-internacional-de-cerveses-artesanes"},"wordCount":273,"commentCount":0,"publisher":{"@id":"https:\/\/gastronomicament.cat\/es\/#organization"},"image":{"@id":"https:\/\/gastronomicament.cat\/es\/can-picafort-acull-el-concurs-internacional-de-cerveses-artesanes#primaryimage"},"thumbnailUrl":"https:\/\/gastronomicament.cat\/wp-content\/uploads\/2021\/09\/Concurs-Internacional-Cervesa-Artesana-Can-Picafort.jpg","articleSection":["Actualitat","Concursos i premis","Fires i rutes"],"inLanguage":"es","potentialAction":[{"@type":"CommentAction","name":"Comment","target":["https:\/\/gastronomicament.cat\/es\/can-picafort-acull-el-concurs-internacional-de-cerveses-artesanes#respond"]}]},{"@type":"WebPage","@id":"https:\/\/gastronomicament.cat\/es\/can-picafort-acull-el-concurs-internacional-de-cerveses-artesanes","url":"https:\/\/gastronomicament.cat\/es\/can-picafort-acull-el-concurs-internacional-de-cerveses-artesanes","name":"Can Picafort acull el Concurs Internacional de Cerveses Artesanes - Gastron\u00f2micament","isPartOf":{"@id":"https:\/\/gastronomicament.cat\/es\/#website"},"primaryImageOfPage":{"@id":"https:\/\/gastronomicament.cat\/es\/can-picafort-acull-el-concurs-internacional-de-cerveses-artesanes#primaryimage"},"image":{"@id":"https:\/\/gastronomicament.cat\/es\/can-picafort-acull-el-concurs-internacional-de-cerveses-artesanes#primaryimage"},"thumbnailUrl":"https:\/\/gastronomicament.cat\/wp-content\/uploads\/2021\/09\/Concurs-Internacional-Cervesa-Artesana-Can-Picafort.jpg","datePublished":"2021-09-23T09:04:13+00:00","dateModified":"2022-04-09T07:23:54+00:00","description":"Can Picafort acull el Concurs Internacional de Cerveses Artesanes Actualitat, Concursos i premis, Fires i rutes Els\u00a0dies 25 i 26 de setembre, la poblaci\u00f3 mallorquina de\u00a0Can Picafort\u00a0acollir\u00e0 el\u00a0Concurs Internacional de Cervesa Artesana\u00a0(CICA). Es tracta de la sisena edici\u00f3 d'aquesta competici\u00f3, en qu\u00e8 hi participen m\u00e9s de 300 cerveses diferents","inLanguage":"es","potentialAction":[{"@type":"ReadAction","target":["https:\/\/gastronomicament.cat\/es\/can-picafort-acull-el-concurs-internacional-de-cerveses-artesanes"]}]},{"@type":"ImageObject","inLanguage":"es","@id":"https:\/\/gastronomicament.cat\/es\/can-picafort-acull-el-concurs-internacional-de-cerveses-artesanes#primaryimage","url":"https:\/\/gastronomicament.cat\/wp-content\/uploads\/2021\/09\/Concurs-Internacional-Cervesa-Artesana-Can-Picafort.jpg","contentUrl":"https:\/\/gastronomicament.cat\/wp-content\/uploads\/2021\/09\/Concurs-Internacional-Cervesa-Artesana-Can-Picafort.jpg","width":1486,"height":772},{"@type":"WebSite","@id":"https:\/\/gastronomicament.cat\/es\/#website","url":"https:\/\/gastronomicament.cat\/es\/","name":"Gastron\u00f2micament","description":"Portal de restaurants, receptes i actualitat gastron\u00f2mica","publisher":{"@id":"https:\/\/gastronomicament.cat\/es\/#organization"},"potentialAction":[{"@type":"SearchAction","target":{"@type":"EntryPoint","urlTemplate":"https:\/\/gastronomicament.cat\/es\/?s={search_term_string}"},"query-input":{"@type":"PropertyValueSpecification","valueRequired":true,"valueName":"search_term_string"}}],"inLanguage":"es"},{"@type":"Organization","@id":"https:\/\/gastronomicament.cat\/es\/#organization","name":"Gastron\u00f2micament","url":"https:\/\/gastronomicament.cat\/es\/","logo":{"@type":"ImageObject","inLanguage":"es","@id":"https:\/\/gastronomicament.cat\/es\/#\/schema\/logo\/image\/","url":"https:\/\/gastronomicament.cat\/wp-content\/uploads\/2016\/09\/header-logo.jpg","contentUrl":"https:\/\/gastronomicament.cat\/wp-content\/uploads\/2016\/09\/header-logo.jpg","width":277,"height":39,"caption":"Gastron\u00f2micament"},"image":{"@id":"https:\/\/gastronomicament.cat\/es\/#\/schema\/logo\/image\/"},"sameAs":["https:\/\/x.com\/gastronomicamen"]},{"@type":"Person","@id":"https:\/\/gastronomicament.cat\/es\/#\/schema\/person\/a7c85c537a1ed62799a5b8e0f686a37f","name":"Redacci\u00f3","image":{"@type":"ImageObject","inLanguage":"es","@id":"https:\/\/secure.gravatar.com\/avatar\/9489a485c464fd611d33825daae651d13db70c4e74c65c94937a15a9d4c3ee14?s=96&d=mm&r=g69fea3cce3645dfa2166e7293e22955e","url":"https:\/\/secure.gravatar.com\/avatar\/9489a485c464fd611d33825daae651d13db70c4e74c65c94937a15a9d4c3ee14?s=96&d=mm&r=g","contentUrl":"https:\/\/secure.gravatar.com\/avatar\/9489a485c464fd611d33825daae651d13db70c4e74c65c94937a15a9d4c3ee14?s=96&d=mm&r=g","caption":"Redacci\u00f3"},"sameAs":["http:\/\/gastronomicament.cat"],"url":"https:\/\/gastronomicament.cat\/es\/author\/admin"}]}},"_links":{"self":[{"href":"https:\/\/gastronomicament.cat\/es\/wp-json\/wp\/v2\/posts\/57842","targetHints":{"allow":["GET"]}}],"collection":[{"href":"https:\/\/gastronomicament.cat\/es\/wp-json\/wp\/v2\/posts"}],"about":[{"href":"https:\/\/gastronomicament.cat\/es\/wp-json\/wp\/v2\/types\/post"}],"author":[{"embeddable":true,"href":"https:\/\/gastronomicament.cat\/es\/wp-json\/wp\/v2\/users\/1"}],"replies":[{"embeddable":true,"href":"https:\/\/gastronomicament.cat\/es\/wp-json\/wp\/v2\/comments?post=57842"}],"version-history":[{"count":0,"href":"https:\/\/gastronomicament.cat\/es\/wp-json\/wp\/v2\/posts\/57842\/revisions"}],"wp:featuredmedia":[{"embeddable":true,"href":"https:\/\/gastronomicament.cat\/es\/wp-json\/wp\/v2\/media\/43672"}],"wp:attachment":[{"href":"https:\/\/gastronomicament.cat\/es\/wp-json\/wp\/v2\/media?parent=57842"}],"wp:term":[{"taxonomy":"category","embeddable":true,"href":"https:\/\/gastronomicament.cat\/es\/wp-json\/wp\/v2\/categories?post=57842"},{"taxonomy":"post_tag","embeddable":true,"href":"https:\/\/gastronomicament.cat\/es\/wp-json\/wp\/v2\/tags?post=57842"},{"taxonomy":"author","embeddable":true,"href":"https:\/\/gastronomicament.cat\/es\/wp-json\/wp\/v2\/coauthors?post=57842"}],"curies":[{"name":"wp","href":"https:\/\/api.w.org\/{rel}","templated":true}]}}