{"id":57860,"date":"2021-09-21T12:50:22","date_gmt":"2021-09-21T10:50:22","guid":{"rendered":"https:\/\/gastronomicament.cat\/raul-linares-guanya-el-concurs-internacional-de-cuina-amb-gamba-de-soller"},"modified":"2021-09-21T12:50:22","modified_gmt":"2021-09-21T10:50:22","slug":"raul-linares-guanya-el-concurs-internacional-de-cuina-amb-gamba-de-soller","status":"publish","type":"post","link":"https:\/\/gastronomicament.cat\/es\/raul-linares-guanya-el-concurs-internacional-de-cuina-amb-gamba-de-soller","title":{"rendered":"Ra\u00fal Linares guanya el Concurs Internacional de Cuina amb Gamba de S\u00f3ller"},"content":{"rendered":"<p>El jove cuiner\u00a0<strong>Ra\u00fal Linares Pinz\u00f3n<\/strong>\u00a0(Palma, 1997) \u00e9s el\u00a0<strong>guanyador\u00a0<\/strong>de la primera edici\u00f3 del\u00a0<strong>Concurs Internacional de Cuina amb Gamba de S\u00f3ller<\/strong>. La cita est\u00e0 organitzada\u00a0 per la regidoria de Promoci\u00f3 Econ\u00f2mica i Turisme de l\u2019Ajuntament de S\u00f3ller i es va celebrar dilluns 20 de setembre al restaurant Suculenta.<\/p>\n<p>Linares s&#8217;ha imposat als sis finalistes amb el plat<strong>\u00a0Tr\u00edada de gamba<\/strong>, que m\u00e9s que un plat dividit en tres parts:\u00a0<strong>gamba vermella temperada en el seu propi suc, en versi\u00f3 d\u2019ous trencats i en croqueta coronada per un tartar<\/strong>. El cuiner ha presentat la recepta en diversos suports amb l&#8217;objectiu de \u201cconcentrar al m\u00e0xim tot el que el producte protagonista pot oferir, presentar-lo gaireb\u00e9 en estat pur, nom\u00e9s amb lleugers matisos de safr\u00e0 o de pebre bord de Tap de Quart\u00ed\u201d.\u00a0\u00a0<strong>Linares treballa actualment al restaurant Voro<\/strong>\u00a0(Canyamel, Mallorca) i s&#8217;ha format com a cuiner als instituts Guillem Colom i Casasnovas (S\u00f3ller) i a l&#8217;IES Jun\u00edper Serra (Palma), com tamb\u00e9 a hotels destacats de Mallorca i de Li\u00f3.<\/p>\n<p>El\u00a0<strong>segon premi<\/strong>\u00a0ha estat per a\u00a0<strong>Javier Ruiz, de la Rioja<\/strong>, que ha competit amb una gamba vermella de S\u00f3ller al vapor de \u2018palo cortado\u2019 (vi de Xer\u00e8s) amb fonoll (semienvinagrat i en vichyssoise),\u00a0<em>salprieta\u00a0<\/em>de gambes i espagueti de \u2018palo cortado\u2019. Aquest cuiner ha cercat amb el seu plat \u201cun mos que su\u00e0s Mediterrani, amb accents molts frescs (fonoll, mandarina), i que aprofit\u00e0s tots els elements de la gamba\u201d. Amb 34 anys, Javier Ruiz va comen\u00e7ar a estudiar Cuina i, alhora, treballava com a educador social, la seva primera vocaci\u00f3. En l\u2019actualitat, \u00e9s segon cap de cuina de Delicious Gastronom\u00eda, l\u2019empresa de catering m\u00e9s important de Logro\u00f1o.<\/p>\n<p>El comit\u00e8 avaluador estava format per Lourdes Plana, presidenta de la Real Academia de Gastronom\u00eda, pels cuiners Ricard Camarena, Kristian Lutaud, Marc Fosh i Maca de Castro. Tots han valorat el \u00edtemsseg\u00fcents: gust, elaboraci\u00f3 general, tractament de la gamba, originalitat i presentaci\u00f3.<\/p>\n<p>La dotaci\u00f3 econ\u00f2mica dels\u00a0<strong>premis \u00e9s de 1.500 euros per al guanyador i de 500 euros per al segon classificat<\/strong>. L\u2019equip organitzador del concurs est\u00e0 format per\u00a0<strong>Sebasti\u00e0 Aguil\u00f3<\/strong>, regidor de Promoci\u00f3 Econ\u00f2mica i Turisme de S\u00f3ller;\u00a0<strong>Aina Pons<\/strong>, de Tres Cultura, com a coordinadora general; el cuiner\u00a0<strong>Kiko Martorell<\/strong>, de Can Boqueta, com a assessor culinari, i el periodista\u00a0<strong>Andoni Sarriegi\u00a0<\/strong>(Grupo Gourmets i Ajonegro), com a director gastron\u00f2mic de l\u2019esdeveniment.<\/p>\n<pre>Fotografies:\u00a0Virginia Galiano - ag\u00e8ncia Vivir del Cuento<\/pre>\n","protected":false},"excerpt":{"rendered":"<p>La cita est\u00e0 organitzada\u00a0 per la regidoria de Promoci\u00f3 Econ\u00f2mica i Turisme de l\u2019Ajuntament de S\u00f3ller&hellip;<\/p>\n","protected":false},"author":1,"featured_media":43669,"comment_status":"open","ping_status":"closed","sticky":false,"template":"","format":"gallery","meta":{"_acf_changed":false,"_swt_meta_header_display":false,"_swt_meta_footer_display":false,"_swt_meta_site_title_display":false,"_swt_meta_sticky_header":false,"_swt_meta_transparent_header":false,"footnotes":""},"categories":[1003,1478],"tags":[],"coauthors":[],"class_list":["post-57860","post","type-post","status-publish","format-gallery","has-post-thumbnail","hentry","category-actualitat-es","category-concursos-i-premis-es","post_format-post-format-gallery"],"acf":{"gallery":null,"home_date":{"home_begin_date":null,"home_end_date":null}},"yoast_head":"<!-- This site is optimized with the Yoast SEO plugin v27.4 - https:\/\/yoast.com\/product\/yoast-seo-wordpress\/ -->\n<title>Ra\u00fal Linares guanya el Concurs Internacional de Cuina amb Gamba de S\u00f3ller - Gastron\u00f2micament<\/title>\n<meta name=\"description\" content=\"Ra\u00fal Linares guanya el Concurs Internacional de Cuina amb Gamba de S\u00f3ller Actualitat, Concursos i premis La cita est\u00e0 organitzada\u00a0 per la regidoria de Promoci\u00f3 Econ\u00f2mica i Turisme de l\u2019Ajuntament de S\u00f3ller i es va celebrar dilluns 20 de setembre al restaurant Suculenta\" \/>\n<meta name=\"robots\" content=\"index, follow, max-snippet:-1, max-image-preview:large, max-video-preview:-1\" \/>\n<link rel=\"canonical\" href=\"https:\/\/gastronomicament.cat\/es\/raul-linares-guanya-el-concurs-internacional-de-cuina-amb-gamba-de-soller\" \/>\n<meta property=\"og:locale\" content=\"es_ES\" \/>\n<meta property=\"og:type\" content=\"article\" \/>\n<meta property=\"og:title\" content=\"Ra\u00fal Linares guanya el Concurs Internacional de Cuina amb Gamba de S\u00f3ller - Gastron\u00f2micament\" \/>\n<meta property=\"og:description\" content=\"Ra\u00fal Linares guanya el Concurs Internacional de Cuina amb Gamba de S\u00f3ller Actualitat, Concursos i premis La cita est\u00e0 organitzada\u00a0 per la regidoria de Promoci\u00f3 Econ\u00f2mica i Turisme de l\u2019Ajuntament de S\u00f3ller i es va celebrar dilluns 20 de setembre al restaurant Suculenta\" \/>\n<meta property=\"og:url\" content=\"https:\/\/gastronomicament.cat\/es\/raul-linares-guanya-el-concurs-internacional-de-cuina-amb-gamba-de-soller\" \/>\n<meta property=\"og:site_name\" content=\"Gastron\u00f2micament\" \/>\n<meta property=\"article:published_time\" content=\"2021-09-21T10:50:22+00:00\" \/>\n<meta property=\"og:image\" content=\"https:\/\/gastronomicament.cat\/wp-content\/uploads\/2021\/09\/Raul-Linares-Concurs-Internacional-Gamba-Soller.jpg\" \/>\n\t<meta property=\"og:image:width\" content=\"1200\" \/>\n\t<meta property=\"og:image:height\" content=\"807\" \/>\n\t<meta property=\"og:image:type\" content=\"image\/jpeg\" \/>\n<meta name=\"author\" content=\"Redacci\u00f3\" \/>\n<meta name=\"twitter:card\" content=\"summary_large_image\" \/>\n<meta name=\"twitter:creator\" content=\"@gastronomicamen\" \/>\n<meta name=\"twitter:site\" content=\"@gastronomicamen\" \/>\n<meta name=\"twitter:label1\" content=\"Escrito por\" \/>\n\t<meta name=\"twitter:data1\" content=\"Redacci\u00f3\" \/>\n\t<meta name=\"twitter:label2\" content=\"Tiempo de lectura\" \/>\n\t<meta name=\"twitter:data2\" content=\"2 minutos\" \/>\n\t<meta name=\"twitter:label3\" content=\"Written by\" \/>\n\t<meta name=\"twitter:data3\" content=\"Redacci\u00f3\" \/>\n<script type=\"application\/ld+json\" class=\"yoast-schema-graph\">{\"@context\":\"https:\\\/\\\/schema.org\",\"@graph\":[{\"@type\":\"Article\",\"@id\":\"https:\\\/\\\/gastronomicament.cat\\\/es\\\/raul-linares-guanya-el-concurs-internacional-de-cuina-amb-gamba-de-soller#article\",\"isPartOf\":{\"@id\":\"https:\\\/\\\/gastronomicament.cat\\\/es\\\/raul-linares-guanya-el-concurs-internacional-de-cuina-amb-gamba-de-soller\"},\"author\":{\"name\":\"Redacci\u00f3\",\"@id\":\"https:\\\/\\\/gastronomicament.cat\\\/es\\\/#\\\/schema\\\/person\\\/a7c85c537a1ed62799a5b8e0f686a37f\"},\"headline\":\"Ra\u00fal Linares guanya el Concurs Internacional de Cuina amb Gamba de S\u00f3ller\",\"datePublished\":\"2021-09-21T10:50:22+00:00\",\"mainEntityOfPage\":{\"@id\":\"https:\\\/\\\/gastronomicament.cat\\\/es\\\/raul-linares-guanya-el-concurs-internacional-de-cuina-amb-gamba-de-soller\"},\"wordCount\":433,\"commentCount\":0,\"publisher\":{\"@id\":\"https:\\\/\\\/gastronomicament.cat\\\/es\\\/#organization\"},\"image\":{\"@id\":\"https:\\\/\\\/gastronomicament.cat\\\/es\\\/raul-linares-guanya-el-concurs-internacional-de-cuina-amb-gamba-de-soller#primaryimage\"},\"thumbnailUrl\":\"https:\\\/\\\/gastronomicament.cat\\\/wp-content\\\/uploads\\\/2021\\\/09\\\/Raul-Linares-Concurs-Internacional-Gamba-Soller.jpg\",\"articleSection\":[\"Actualitat\",\"Concursos i premis\"],\"inLanguage\":\"es\",\"potentialAction\":[{\"@type\":\"CommentAction\",\"name\":\"Comment\",\"target\":[\"https:\\\/\\\/gastronomicament.cat\\\/es\\\/raul-linares-guanya-el-concurs-internacional-de-cuina-amb-gamba-de-soller#respond\"]}]},{\"@type\":\"WebPage\",\"@id\":\"https:\\\/\\\/gastronomicament.cat\\\/es\\\/raul-linares-guanya-el-concurs-internacional-de-cuina-amb-gamba-de-soller\",\"url\":\"https:\\\/\\\/gastronomicament.cat\\\/es\\\/raul-linares-guanya-el-concurs-internacional-de-cuina-amb-gamba-de-soller\",\"name\":\"Ra\u00fal Linares guanya el Concurs Internacional de Cuina amb Gamba de S\u00f3ller - Gastron\u00f2micament\",\"isPartOf\":{\"@id\":\"https:\\\/\\\/gastronomicament.cat\\\/es\\\/#website\"},\"primaryImageOfPage\":{\"@id\":\"https:\\\/\\\/gastronomicament.cat\\\/es\\\/raul-linares-guanya-el-concurs-internacional-de-cuina-amb-gamba-de-soller#primaryimage\"},\"image\":{\"@id\":\"https:\\\/\\\/gastronomicament.cat\\\/es\\\/raul-linares-guanya-el-concurs-internacional-de-cuina-amb-gamba-de-soller#primaryimage\"},\"thumbnailUrl\":\"https:\\\/\\\/gastronomicament.cat\\\/wp-content\\\/uploads\\\/2021\\\/09\\\/Raul-Linares-Concurs-Internacional-Gamba-Soller.jpg\",\"datePublished\":\"2021-09-21T10:50:22+00:00\",\"description\":\"Ra\u00fal Linares guanya el Concurs Internacional de Cuina amb Gamba de S\u00f3ller Actualitat, Concursos i premis La cita est\u00e0 organitzada\u00a0 per la regidoria de Promoci\u00f3 Econ\u00f2mica i Turisme de l\u2019Ajuntament de S\u00f3ller i es va celebrar dilluns 20 de setembre al restaurant Suculenta\",\"inLanguage\":\"es\",\"potentialAction\":[{\"@type\":\"ReadAction\",\"target\":[\"https:\\\/\\\/gastronomicament.cat\\\/es\\\/raul-linares-guanya-el-concurs-internacional-de-cuina-amb-gamba-de-soller\"]}]},{\"@type\":\"ImageObject\",\"inLanguage\":\"es\",\"@id\":\"https:\\\/\\\/gastronomicament.cat\\\/es\\\/raul-linares-guanya-el-concurs-internacional-de-cuina-amb-gamba-de-soller#primaryimage\",\"url\":\"https:\\\/\\\/gastronomicament.cat\\\/wp-content\\\/uploads\\\/2021\\\/09\\\/Raul-Linares-Concurs-Internacional-Gamba-Soller.jpg\",\"contentUrl\":\"https:\\\/\\\/gastronomicament.cat\\\/wp-content\\\/uploads\\\/2021\\\/09\\\/Raul-Linares-Concurs-Internacional-Gamba-Soller.jpg\",\"width\":1200,\"height\":807},{\"@type\":\"WebSite\",\"@id\":\"https:\\\/\\\/gastronomicament.cat\\\/es\\\/#website\",\"url\":\"https:\\\/\\\/gastronomicament.cat\\\/es\\\/\",\"name\":\"Gastron\u00f2micament\",\"description\":\"Portal de restaurants, receptes i actualitat gastron\u00f2mica\",\"publisher\":{\"@id\":\"https:\\\/\\\/gastronomicament.cat\\\/es\\\/#organization\"},\"potentialAction\":[{\"@type\":\"SearchAction\",\"target\":{\"@type\":\"EntryPoint\",\"urlTemplate\":\"https:\\\/\\\/gastronomicament.cat\\\/es\\\/?s={search_term_string}\"},\"query-input\":{\"@type\":\"PropertyValueSpecification\",\"valueRequired\":true,\"valueName\":\"search_term_string\"}}],\"inLanguage\":\"es\"},{\"@type\":\"Organization\",\"@id\":\"https:\\\/\\\/gastronomicament.cat\\\/es\\\/#organization\",\"name\":\"Gastron\u00f2micament\",\"url\":\"https:\\\/\\\/gastronomicament.cat\\\/es\\\/\",\"logo\":{\"@type\":\"ImageObject\",\"inLanguage\":\"es\",\"@id\":\"https:\\\/\\\/gastronomicament.cat\\\/es\\\/#\\\/schema\\\/logo\\\/image\\\/\",\"url\":\"https:\\\/\\\/gastronomicament.cat\\\/wp-content\\\/uploads\\\/2016\\\/09\\\/header-logo.jpg\",\"contentUrl\":\"https:\\\/\\\/gastronomicament.cat\\\/wp-content\\\/uploads\\\/2016\\\/09\\\/header-logo.jpg\",\"width\":277,\"height\":39,\"caption\":\"Gastron\u00f2micament\"},\"image\":{\"@id\":\"https:\\\/\\\/gastronomicament.cat\\\/es\\\/#\\\/schema\\\/logo\\\/image\\\/\"},\"sameAs\":[\"https:\\\/\\\/x.com\\\/gastronomicamen\"]},{\"@type\":\"Person\",\"@id\":\"https:\\\/\\\/gastronomicament.cat\\\/es\\\/#\\\/schema\\\/person\\\/a7c85c537a1ed62799a5b8e0f686a37f\",\"name\":\"Redacci\u00f3\",\"image\":{\"@type\":\"ImageObject\",\"inLanguage\":\"es\",\"@id\":\"https:\\\/\\\/secure.gravatar.com\\\/avatar\\\/9489a485c464fd611d33825daae651d13db70c4e74c65c94937a15a9d4c3ee14?s=96&d=mm&r=g69fea3cce3645dfa2166e7293e22955e\",\"url\":\"https:\\\/\\\/secure.gravatar.com\\\/avatar\\\/9489a485c464fd611d33825daae651d13db70c4e74c65c94937a15a9d4c3ee14?s=96&d=mm&r=g\",\"contentUrl\":\"https:\\\/\\\/secure.gravatar.com\\\/avatar\\\/9489a485c464fd611d33825daae651d13db70c4e74c65c94937a15a9d4c3ee14?s=96&d=mm&r=g\",\"caption\":\"Redacci\u00f3\"},\"sameAs\":[\"http:\\\/\\\/gastronomicament.cat\"],\"url\":\"https:\\\/\\\/gastronomicament.cat\\\/es\\\/author\\\/admin\"}]}<\/script>\n<!-- \/ Yoast SEO plugin. -->","yoast_head_json":{"title":"Ra\u00fal Linares guanya el Concurs Internacional de Cuina amb Gamba de S\u00f3ller - Gastron\u00f2micament","description":"Ra\u00fal Linares guanya el Concurs Internacional de Cuina amb Gamba de S\u00f3ller Actualitat, Concursos i premis La cita est\u00e0 organitzada\u00a0 per la regidoria de Promoci\u00f3 Econ\u00f2mica i Turisme de l\u2019Ajuntament de S\u00f3ller i es va celebrar dilluns 20 de setembre al restaurant Suculenta","robots":{"index":"index","follow":"follow","max-snippet":"max-snippet:-1","max-image-preview":"max-image-preview:large","max-video-preview":"max-video-preview:-1"},"canonical":"https:\/\/gastronomicament.cat\/es\/raul-linares-guanya-el-concurs-internacional-de-cuina-amb-gamba-de-soller","og_locale":"es_ES","og_type":"article","og_title":"Ra\u00fal Linares guanya el Concurs Internacional de Cuina amb Gamba de S\u00f3ller - Gastron\u00f2micament","og_description":"Ra\u00fal Linares guanya el Concurs Internacional de Cuina amb Gamba de S\u00f3ller Actualitat, Concursos i premis La cita est\u00e0 organitzada\u00a0 per la regidoria de Promoci\u00f3 Econ\u00f2mica i Turisme de l\u2019Ajuntament de S\u00f3ller i es va celebrar dilluns 20 de setembre al restaurant Suculenta","og_url":"https:\/\/gastronomicament.cat\/es\/raul-linares-guanya-el-concurs-internacional-de-cuina-amb-gamba-de-soller","og_site_name":"Gastron\u00f2micament","article_published_time":"2021-09-21T10:50:22+00:00","og_image":[{"width":1200,"height":807,"url":"https:\/\/gastronomicament.cat\/wp-content\/uploads\/2021\/09\/Raul-Linares-Concurs-Internacional-Gamba-Soller.jpg","type":"image\/jpeg"}],"author":"Redacci\u00f3","twitter_card":"summary_large_image","twitter_creator":"@gastronomicamen","twitter_site":"@gastronomicamen","twitter_misc":{"Escrito por":"Redacci\u00f3","Tiempo de lectura":"2 minutos","Written by":"Redacci\u00f3"},"schema":{"@context":"https:\/\/schema.org","@graph":[{"@type":"Article","@id":"https:\/\/gastronomicament.cat\/es\/raul-linares-guanya-el-concurs-internacional-de-cuina-amb-gamba-de-soller#article","isPartOf":{"@id":"https:\/\/gastronomicament.cat\/es\/raul-linares-guanya-el-concurs-internacional-de-cuina-amb-gamba-de-soller"},"author":{"name":"Redacci\u00f3","@id":"https:\/\/gastronomicament.cat\/es\/#\/schema\/person\/a7c85c537a1ed62799a5b8e0f686a37f"},"headline":"Ra\u00fal Linares guanya el Concurs Internacional de Cuina amb Gamba de S\u00f3ller","datePublished":"2021-09-21T10:50:22+00:00","mainEntityOfPage":{"@id":"https:\/\/gastronomicament.cat\/es\/raul-linares-guanya-el-concurs-internacional-de-cuina-amb-gamba-de-soller"},"wordCount":433,"commentCount":0,"publisher":{"@id":"https:\/\/gastronomicament.cat\/es\/#organization"},"image":{"@id":"https:\/\/gastronomicament.cat\/es\/raul-linares-guanya-el-concurs-internacional-de-cuina-amb-gamba-de-soller#primaryimage"},"thumbnailUrl":"https:\/\/gastronomicament.cat\/wp-content\/uploads\/2021\/09\/Raul-Linares-Concurs-Internacional-Gamba-Soller.jpg","articleSection":["Actualitat","Concursos i premis"],"inLanguage":"es","potentialAction":[{"@type":"CommentAction","name":"Comment","target":["https:\/\/gastronomicament.cat\/es\/raul-linares-guanya-el-concurs-internacional-de-cuina-amb-gamba-de-soller#respond"]}]},{"@type":"WebPage","@id":"https:\/\/gastronomicament.cat\/es\/raul-linares-guanya-el-concurs-internacional-de-cuina-amb-gamba-de-soller","url":"https:\/\/gastronomicament.cat\/es\/raul-linares-guanya-el-concurs-internacional-de-cuina-amb-gamba-de-soller","name":"Ra\u00fal Linares guanya el Concurs Internacional de Cuina amb Gamba de S\u00f3ller - Gastron\u00f2micament","isPartOf":{"@id":"https:\/\/gastronomicament.cat\/es\/#website"},"primaryImageOfPage":{"@id":"https:\/\/gastronomicament.cat\/es\/raul-linares-guanya-el-concurs-internacional-de-cuina-amb-gamba-de-soller#primaryimage"},"image":{"@id":"https:\/\/gastronomicament.cat\/es\/raul-linares-guanya-el-concurs-internacional-de-cuina-amb-gamba-de-soller#primaryimage"},"thumbnailUrl":"https:\/\/gastronomicament.cat\/wp-content\/uploads\/2021\/09\/Raul-Linares-Concurs-Internacional-Gamba-Soller.jpg","datePublished":"2021-09-21T10:50:22+00:00","description":"Ra\u00fal Linares guanya el Concurs Internacional de Cuina amb Gamba de S\u00f3ller Actualitat, Concursos i premis La cita est\u00e0 organitzada\u00a0 per la regidoria de Promoci\u00f3 Econ\u00f2mica i Turisme de l\u2019Ajuntament de S\u00f3ller i es va celebrar dilluns 20 de setembre al restaurant Suculenta","inLanguage":"es","potentialAction":[{"@type":"ReadAction","target":["https:\/\/gastronomicament.cat\/es\/raul-linares-guanya-el-concurs-internacional-de-cuina-amb-gamba-de-soller"]}]},{"@type":"ImageObject","inLanguage":"es","@id":"https:\/\/gastronomicament.cat\/es\/raul-linares-guanya-el-concurs-internacional-de-cuina-amb-gamba-de-soller#primaryimage","url":"https:\/\/gastronomicament.cat\/wp-content\/uploads\/2021\/09\/Raul-Linares-Concurs-Internacional-Gamba-Soller.jpg","contentUrl":"https:\/\/gastronomicament.cat\/wp-content\/uploads\/2021\/09\/Raul-Linares-Concurs-Internacional-Gamba-Soller.jpg","width":1200,"height":807},{"@type":"WebSite","@id":"https:\/\/gastronomicament.cat\/es\/#website","url":"https:\/\/gastronomicament.cat\/es\/","name":"Gastron\u00f2micament","description":"Portal de restaurants, receptes i actualitat gastron\u00f2mica","publisher":{"@id":"https:\/\/gastronomicament.cat\/es\/#organization"},"potentialAction":[{"@type":"SearchAction","target":{"@type":"EntryPoint","urlTemplate":"https:\/\/gastronomicament.cat\/es\/?s={search_term_string}"},"query-input":{"@type":"PropertyValueSpecification","valueRequired":true,"valueName":"search_term_string"}}],"inLanguage":"es"},{"@type":"Organization","@id":"https:\/\/gastronomicament.cat\/es\/#organization","name":"Gastron\u00f2micament","url":"https:\/\/gastronomicament.cat\/es\/","logo":{"@type":"ImageObject","inLanguage":"es","@id":"https:\/\/gastronomicament.cat\/es\/#\/schema\/logo\/image\/","url":"https:\/\/gastronomicament.cat\/wp-content\/uploads\/2016\/09\/header-logo.jpg","contentUrl":"https:\/\/gastronomicament.cat\/wp-content\/uploads\/2016\/09\/header-logo.jpg","width":277,"height":39,"caption":"Gastron\u00f2micament"},"image":{"@id":"https:\/\/gastronomicament.cat\/es\/#\/schema\/logo\/image\/"},"sameAs":["https:\/\/x.com\/gastronomicamen"]},{"@type":"Person","@id":"https:\/\/gastronomicament.cat\/es\/#\/schema\/person\/a7c85c537a1ed62799a5b8e0f686a37f","name":"Redacci\u00f3","image":{"@type":"ImageObject","inLanguage":"es","@id":"https:\/\/secure.gravatar.com\/avatar\/9489a485c464fd611d33825daae651d13db70c4e74c65c94937a15a9d4c3ee14?s=96&d=mm&r=g69fea3cce3645dfa2166e7293e22955e","url":"https:\/\/secure.gravatar.com\/avatar\/9489a485c464fd611d33825daae651d13db70c4e74c65c94937a15a9d4c3ee14?s=96&d=mm&r=g","contentUrl":"https:\/\/secure.gravatar.com\/avatar\/9489a485c464fd611d33825daae651d13db70c4e74c65c94937a15a9d4c3ee14?s=96&d=mm&r=g","caption":"Redacci\u00f3"},"sameAs":["http:\/\/gastronomicament.cat"],"url":"https:\/\/gastronomicament.cat\/es\/author\/admin"}]}},"_links":{"self":[{"href":"https:\/\/gastronomicament.cat\/es\/wp-json\/wp\/v2\/posts\/57860","targetHints":{"allow":["GET"]}}],"collection":[{"href":"https:\/\/gastronomicament.cat\/es\/wp-json\/wp\/v2\/posts"}],"about":[{"href":"https:\/\/gastronomicament.cat\/es\/wp-json\/wp\/v2\/types\/post"}],"author":[{"embeddable":true,"href":"https:\/\/gastronomicament.cat\/es\/wp-json\/wp\/v2\/users\/1"}],"replies":[{"embeddable":true,"href":"https:\/\/gastronomicament.cat\/es\/wp-json\/wp\/v2\/comments?post=57860"}],"version-history":[{"count":0,"href":"https:\/\/gastronomicament.cat\/es\/wp-json\/wp\/v2\/posts\/57860\/revisions"}],"wp:featuredmedia":[{"embeddable":true,"href":"https:\/\/gastronomicament.cat\/es\/wp-json\/wp\/v2\/media\/43669"}],"wp:attachment":[{"href":"https:\/\/gastronomicament.cat\/es\/wp-json\/wp\/v2\/media?parent=57860"}],"wp:term":[{"taxonomy":"category","embeddable":true,"href":"https:\/\/gastronomicament.cat\/es\/wp-json\/wp\/v2\/categories?post=57860"},{"taxonomy":"post_tag","embeddable":true,"href":"https:\/\/gastronomicament.cat\/es\/wp-json\/wp\/v2\/tags?post=57860"},{"taxonomy":"author","embeddable":true,"href":"https:\/\/gastronomicament.cat\/es\/wp-json\/wp\/v2\/coauthors?post=57860"}],"curies":[{"name":"wp","href":"https:\/\/api.w.org\/{rel}","templated":true}]}}