{"id":58247,"date":"2021-07-08T10:14:22","date_gmt":"2021-07-08T08:14:22","guid":{"rendered":"https:\/\/gastronomicament.cat\/lolivera-de-can-det-la-mes-antiga-de-lestat-espanyol"},"modified":"2021-07-08T10:14:22","modified_gmt":"2021-07-08T08:14:22","slug":"lolivera-de-can-det-la-mes-antiga-de-lestat-espanyol","status":"publish","type":"post","link":"https:\/\/gastronomicament.cat\/es\/lolivera-de-can-det-la-mes-antiga-de-lestat-espanyol","title":{"rendered":"L&#8217;olivera de Can Det, la m\u00e9s antiga de l&#8217;Estat espanyol"},"content":{"rendered":"<p>La\u00a0<strong>millor olivera monumental\u00a0<\/strong>d&#8217;Estat espanyol de l&#8217;any\u00a0<strong>2020\u00a0<\/strong>\u00e9s a\u00a0<strong>Fornalutx<\/strong>. Aix\u00ed ho considera\u00a0l\u2019Associaci\u00f3 Espanyola de Municipis de l\u2019Olivera (AEMO) que ha atorgat a una olivera mil\u00b7len\u00e0ria de la finca de\u00a0<strong>Can Det<\/strong>, a Fornalutx, aquesta distinci\u00f3.<\/p>\n<p>Segons la resoluci\u00f3 del jurat,<strong>\u00a0l\u2019olivera de Can Det \u00e9s de la varietat aut\u00f2ctona Empeltre i probablement t\u00e9 m\u00e9s de 1.100 anys<\/strong>. Destaca per la seva soca espectacular, el seu tronc, que \u00e9s molt volumin\u00f3s, arribant a fer m\u00e9s de 6,5 metres de per\u00edmetre, i les seves cavitats.\u00a0<strong>Segurament, va ser sembrada pels musulmans devers el segle IX<\/strong>. Actualment, les seves olives serveixen per fer oli a la tafona de Can Det, la m\u00e9s antiga de Mallorca que utilitza el m\u00e8tode tradicional de producci\u00f3.<\/p>\n<p>A l\u2019acte\u00a0del lliurament del premi, hi han estat presents\u00a0<strong>Bartomeu Dey\u00e0<\/strong>,\u00a0propietari de la finca; Ana Mar\u00eda Romero, i Jos\u00e9 Mar\u00eda Penco, presidenta i director de l&#8217;AEMO; Francina Armengol, presidenta del Govern de les Illes Balears; Mae de la Concha,\u00a0 consellera d\u2019Agricultura, Pesca i Alimentaci\u00f3; i Francesc Marroig, batle de Fornalutx.<\/p>\n","protected":false},"excerpt":{"rendered":"<p>La\u00a0millor olivera monumental\u00a0d&#8217;Estat espanyol de l&#8217;any\u00a02020\u00a0\u00e9s a\u00a0Fornalutx<\/p>\n","protected":false},"author":1,"featured_media":43536,"comment_status":"open","ping_status":"closed","sticky":false,"template":"","format":"standard","meta":{"_acf_changed":false,"_swt_meta_header_display":false,"_swt_meta_footer_display":false,"_swt_meta_site_title_display":false,"_swt_meta_sticky_header":false,"_swt_meta_transparent_header":false,"footnotes":""},"categories":[1003,1478],"tags":[],"coauthors":[],"class_list":["post-58247","post","type-post","status-publish","format-standard","has-post-thumbnail","hentry","category-actualitat-es","category-concursos-i-premis-es"],"acf":{"gallery":null,"home_date":{"home_begin_date":null,"home_end_date":null}},"yoast_head":"<!-- This site is optimized with the Yoast SEO plugin v27.4 - https:\/\/yoast.com\/product\/yoast-seo-wordpress\/ -->\n<title>L&#039;olivera de Can Det, la m\u00e9s antiga de l&#039;Estat espanyol - Gastron\u00f2micament<\/title>\n<meta name=\"description\" content=\"L&#039;olivera de Can Det, la m\u00e9s antiga de l&#039;Estat espanyol Actualitat, Concursos i premis La\u00a0millor olivera monumental\u00a0d&#039;Estat espanyol de l&#039;any\u00a02020\u00a0\u00e9s a\u00a0Fornalutx\" \/>\n<meta name=\"robots\" content=\"index, follow, max-snippet:-1, max-image-preview:large, max-video-preview:-1\" \/>\n<link rel=\"canonical\" href=\"https:\/\/gastronomicament.cat\/es\/lolivera-de-can-det-la-mes-antiga-de-lestat-espanyol\" \/>\n<meta property=\"og:locale\" content=\"es_ES\" \/>\n<meta property=\"og:type\" content=\"article\" \/>\n<meta property=\"og:title\" content=\"L&#039;olivera de Can Det, la m\u00e9s antiga de l&#039;Estat espanyol - Gastron\u00f2micament\" \/>\n<meta property=\"og:description\" content=\"L&#039;olivera de Can Det, la m\u00e9s antiga de l&#039;Estat espanyol Actualitat, Concursos i premis La\u00a0millor olivera monumental\u00a0d&#039;Estat espanyol de l&#039;any\u00a02020\u00a0\u00e9s a\u00a0Fornalutx\" \/>\n<meta property=\"og:url\" content=\"https:\/\/gastronomicament.cat\/es\/lolivera-de-can-det-la-mes-antiga-de-lestat-espanyol\" \/>\n<meta property=\"og:site_name\" content=\"Gastron\u00f2micament\" \/>\n<meta property=\"article:published_time\" content=\"2021-07-08T08:14:22+00:00\" \/>\n<meta property=\"og:image\" content=\"https:\/\/gastronomicament.cat\/wp-content\/uploads\/2021\/07\/Premi-olivera-Can-Det-Fornalutx-Mallorca.jpg\" \/>\n\t<meta property=\"og:image:width\" content=\"1200\" \/>\n\t<meta property=\"og:image:height\" content=\"801\" \/>\n\t<meta property=\"og:image:type\" content=\"image\/jpeg\" \/>\n<meta name=\"author\" content=\"Redacci\u00f3\" \/>\n<meta name=\"twitter:card\" content=\"summary_large_image\" \/>\n<meta name=\"twitter:creator\" content=\"@gastronomicamen\" \/>\n<meta name=\"twitter:site\" content=\"@gastronomicamen\" \/>\n<meta name=\"twitter:label1\" content=\"Escrito por\" \/>\n\t<meta name=\"twitter:data1\" content=\"Redacci\u00f3\" \/>\n\t<meta name=\"twitter:label2\" content=\"Tiempo de lectura\" \/>\n\t<meta name=\"twitter:data2\" content=\"1 minuto\" \/>\n\t<meta name=\"twitter:label3\" content=\"Written by\" \/>\n\t<meta name=\"twitter:data3\" content=\"Redacci\u00f3\" \/>\n<script type=\"application\/ld+json\" class=\"yoast-schema-graph\">{\"@context\":\"https:\\\/\\\/schema.org\",\"@graph\":[{\"@type\":\"Article\",\"@id\":\"https:\\\/\\\/gastronomicament.cat\\\/es\\\/lolivera-de-can-det-la-mes-antiga-de-lestat-espanyol#article\",\"isPartOf\":{\"@id\":\"https:\\\/\\\/gastronomicament.cat\\\/es\\\/lolivera-de-can-det-la-mes-antiga-de-lestat-espanyol\"},\"author\":{\"name\":\"Redacci\u00f3\",\"@id\":\"https:\\\/\\\/gastronomicament.cat\\\/es\\\/#\\\/schema\\\/person\\\/a7c85c537a1ed62799a5b8e0f686a37f\"},\"headline\":\"L&#8217;olivera de Can Det, la m\u00e9s antiga de l&#8217;Estat espanyol\",\"datePublished\":\"2021-07-08T08:14:22+00:00\",\"mainEntityOfPage\":{\"@id\":\"https:\\\/\\\/gastronomicament.cat\\\/es\\\/lolivera-de-can-det-la-mes-antiga-de-lestat-espanyol\"},\"wordCount\":199,\"commentCount\":0,\"publisher\":{\"@id\":\"https:\\\/\\\/gastronomicament.cat\\\/es\\\/#organization\"},\"image\":{\"@id\":\"https:\\\/\\\/gastronomicament.cat\\\/es\\\/lolivera-de-can-det-la-mes-antiga-de-lestat-espanyol#primaryimage\"},\"thumbnailUrl\":\"https:\\\/\\\/gastronomicament.cat\\\/wp-content\\\/uploads\\\/2021\\\/07\\\/Premi-olivera-Can-Det-Fornalutx-Mallorca.jpg\",\"articleSection\":[\"Actualitat\",\"Concursos i premis\"],\"inLanguage\":\"es\",\"potentialAction\":[{\"@type\":\"CommentAction\",\"name\":\"Comment\",\"target\":[\"https:\\\/\\\/gastronomicament.cat\\\/es\\\/lolivera-de-can-det-la-mes-antiga-de-lestat-espanyol#respond\"]}]},{\"@type\":\"WebPage\",\"@id\":\"https:\\\/\\\/gastronomicament.cat\\\/es\\\/lolivera-de-can-det-la-mes-antiga-de-lestat-espanyol\",\"url\":\"https:\\\/\\\/gastronomicament.cat\\\/es\\\/lolivera-de-can-det-la-mes-antiga-de-lestat-espanyol\",\"name\":\"L'olivera de Can Det, la m\u00e9s antiga de l'Estat espanyol - Gastron\u00f2micament\",\"isPartOf\":{\"@id\":\"https:\\\/\\\/gastronomicament.cat\\\/es\\\/#website\"},\"primaryImageOfPage\":{\"@id\":\"https:\\\/\\\/gastronomicament.cat\\\/es\\\/lolivera-de-can-det-la-mes-antiga-de-lestat-espanyol#primaryimage\"},\"image\":{\"@id\":\"https:\\\/\\\/gastronomicament.cat\\\/es\\\/lolivera-de-can-det-la-mes-antiga-de-lestat-espanyol#primaryimage\"},\"thumbnailUrl\":\"https:\\\/\\\/gastronomicament.cat\\\/wp-content\\\/uploads\\\/2021\\\/07\\\/Premi-olivera-Can-Det-Fornalutx-Mallorca.jpg\",\"datePublished\":\"2021-07-08T08:14:22+00:00\",\"description\":\"L'olivera de Can Det, la m\u00e9s antiga de l'Estat espanyol Actualitat, Concursos i premis La\u00a0millor olivera monumental\u00a0d'Estat espanyol de l'any\u00a02020\u00a0\u00e9s a\u00a0Fornalutx\",\"inLanguage\":\"es\",\"potentialAction\":[{\"@type\":\"ReadAction\",\"target\":[\"https:\\\/\\\/gastronomicament.cat\\\/es\\\/lolivera-de-can-det-la-mes-antiga-de-lestat-espanyol\"]}]},{\"@type\":\"ImageObject\",\"inLanguage\":\"es\",\"@id\":\"https:\\\/\\\/gastronomicament.cat\\\/es\\\/lolivera-de-can-det-la-mes-antiga-de-lestat-espanyol#primaryimage\",\"url\":\"https:\\\/\\\/gastronomicament.cat\\\/wp-content\\\/uploads\\\/2021\\\/07\\\/Premi-olivera-Can-Det-Fornalutx-Mallorca.jpg\",\"contentUrl\":\"https:\\\/\\\/gastronomicament.cat\\\/wp-content\\\/uploads\\\/2021\\\/07\\\/Premi-olivera-Can-Det-Fornalutx-Mallorca.jpg\",\"width\":1200,\"height\":801},{\"@type\":\"WebSite\",\"@id\":\"https:\\\/\\\/gastronomicament.cat\\\/es\\\/#website\",\"url\":\"https:\\\/\\\/gastronomicament.cat\\\/es\\\/\",\"name\":\"Gastron\u00f2micament\",\"description\":\"Portal de restaurants, receptes i actualitat gastron\u00f2mica\",\"publisher\":{\"@id\":\"https:\\\/\\\/gastronomicament.cat\\\/es\\\/#organization\"},\"potentialAction\":[{\"@type\":\"SearchAction\",\"target\":{\"@type\":\"EntryPoint\",\"urlTemplate\":\"https:\\\/\\\/gastronomicament.cat\\\/es\\\/?s={search_term_string}\"},\"query-input\":{\"@type\":\"PropertyValueSpecification\",\"valueRequired\":true,\"valueName\":\"search_term_string\"}}],\"inLanguage\":\"es\"},{\"@type\":\"Organization\",\"@id\":\"https:\\\/\\\/gastronomicament.cat\\\/es\\\/#organization\",\"name\":\"Gastron\u00f2micament\",\"url\":\"https:\\\/\\\/gastronomicament.cat\\\/es\\\/\",\"logo\":{\"@type\":\"ImageObject\",\"inLanguage\":\"es\",\"@id\":\"https:\\\/\\\/gastronomicament.cat\\\/es\\\/#\\\/schema\\\/logo\\\/image\\\/\",\"url\":\"https:\\\/\\\/gastronomicament.cat\\\/wp-content\\\/uploads\\\/2016\\\/09\\\/header-logo.jpg\",\"contentUrl\":\"https:\\\/\\\/gastronomicament.cat\\\/wp-content\\\/uploads\\\/2016\\\/09\\\/header-logo.jpg\",\"width\":277,\"height\":39,\"caption\":\"Gastron\u00f2micament\"},\"image\":{\"@id\":\"https:\\\/\\\/gastronomicament.cat\\\/es\\\/#\\\/schema\\\/logo\\\/image\\\/\"},\"sameAs\":[\"https:\\\/\\\/x.com\\\/gastronomicamen\"]},{\"@type\":\"Person\",\"@id\":\"https:\\\/\\\/gastronomicament.cat\\\/es\\\/#\\\/schema\\\/person\\\/a7c85c537a1ed62799a5b8e0f686a37f\",\"name\":\"Redacci\u00f3\",\"image\":{\"@type\":\"ImageObject\",\"inLanguage\":\"es\",\"@id\":\"https:\\\/\\\/secure.gravatar.com\\\/avatar\\\/9489a485c464fd611d33825daae651d13db70c4e74c65c94937a15a9d4c3ee14?s=96&d=mm&r=g69fea3cce3645dfa2166e7293e22955e\",\"url\":\"https:\\\/\\\/secure.gravatar.com\\\/avatar\\\/9489a485c464fd611d33825daae651d13db70c4e74c65c94937a15a9d4c3ee14?s=96&d=mm&r=g\",\"contentUrl\":\"https:\\\/\\\/secure.gravatar.com\\\/avatar\\\/9489a485c464fd611d33825daae651d13db70c4e74c65c94937a15a9d4c3ee14?s=96&d=mm&r=g\",\"caption\":\"Redacci\u00f3\"},\"sameAs\":[\"http:\\\/\\\/gastronomicament.cat\"],\"url\":\"https:\\\/\\\/gastronomicament.cat\\\/es\\\/author\\\/admin\"}]}<\/script>\n<!-- \/ Yoast SEO plugin. -->","yoast_head_json":{"title":"L'olivera de Can Det, la m\u00e9s antiga de l'Estat espanyol - Gastron\u00f2micament","description":"L'olivera de Can Det, la m\u00e9s antiga de l'Estat espanyol Actualitat, Concursos i premis La\u00a0millor olivera monumental\u00a0d'Estat espanyol de l'any\u00a02020\u00a0\u00e9s a\u00a0Fornalutx","robots":{"index":"index","follow":"follow","max-snippet":"max-snippet:-1","max-image-preview":"max-image-preview:large","max-video-preview":"max-video-preview:-1"},"canonical":"https:\/\/gastronomicament.cat\/es\/lolivera-de-can-det-la-mes-antiga-de-lestat-espanyol","og_locale":"es_ES","og_type":"article","og_title":"L'olivera de Can Det, la m\u00e9s antiga de l'Estat espanyol - Gastron\u00f2micament","og_description":"L'olivera de Can Det, la m\u00e9s antiga de l'Estat espanyol Actualitat, Concursos i premis La\u00a0millor olivera monumental\u00a0d'Estat espanyol de l'any\u00a02020\u00a0\u00e9s a\u00a0Fornalutx","og_url":"https:\/\/gastronomicament.cat\/es\/lolivera-de-can-det-la-mes-antiga-de-lestat-espanyol","og_site_name":"Gastron\u00f2micament","article_published_time":"2021-07-08T08:14:22+00:00","og_image":[{"width":1200,"height":801,"url":"https:\/\/gastronomicament.cat\/wp-content\/uploads\/2021\/07\/Premi-olivera-Can-Det-Fornalutx-Mallorca.jpg","type":"image\/jpeg"}],"author":"Redacci\u00f3","twitter_card":"summary_large_image","twitter_creator":"@gastronomicamen","twitter_site":"@gastronomicamen","twitter_misc":{"Escrito por":"Redacci\u00f3","Tiempo de lectura":"1 minuto","Written by":"Redacci\u00f3"},"schema":{"@context":"https:\/\/schema.org","@graph":[{"@type":"Article","@id":"https:\/\/gastronomicament.cat\/es\/lolivera-de-can-det-la-mes-antiga-de-lestat-espanyol#article","isPartOf":{"@id":"https:\/\/gastronomicament.cat\/es\/lolivera-de-can-det-la-mes-antiga-de-lestat-espanyol"},"author":{"name":"Redacci\u00f3","@id":"https:\/\/gastronomicament.cat\/es\/#\/schema\/person\/a7c85c537a1ed62799a5b8e0f686a37f"},"headline":"L&#8217;olivera de Can Det, la m\u00e9s antiga de l&#8217;Estat espanyol","datePublished":"2021-07-08T08:14:22+00:00","mainEntityOfPage":{"@id":"https:\/\/gastronomicament.cat\/es\/lolivera-de-can-det-la-mes-antiga-de-lestat-espanyol"},"wordCount":199,"commentCount":0,"publisher":{"@id":"https:\/\/gastronomicament.cat\/es\/#organization"},"image":{"@id":"https:\/\/gastronomicament.cat\/es\/lolivera-de-can-det-la-mes-antiga-de-lestat-espanyol#primaryimage"},"thumbnailUrl":"https:\/\/gastronomicament.cat\/wp-content\/uploads\/2021\/07\/Premi-olivera-Can-Det-Fornalutx-Mallorca.jpg","articleSection":["Actualitat","Concursos i premis"],"inLanguage":"es","potentialAction":[{"@type":"CommentAction","name":"Comment","target":["https:\/\/gastronomicament.cat\/es\/lolivera-de-can-det-la-mes-antiga-de-lestat-espanyol#respond"]}]},{"@type":"WebPage","@id":"https:\/\/gastronomicament.cat\/es\/lolivera-de-can-det-la-mes-antiga-de-lestat-espanyol","url":"https:\/\/gastronomicament.cat\/es\/lolivera-de-can-det-la-mes-antiga-de-lestat-espanyol","name":"L'olivera de Can Det, la m\u00e9s antiga de l'Estat espanyol - Gastron\u00f2micament","isPartOf":{"@id":"https:\/\/gastronomicament.cat\/es\/#website"},"primaryImageOfPage":{"@id":"https:\/\/gastronomicament.cat\/es\/lolivera-de-can-det-la-mes-antiga-de-lestat-espanyol#primaryimage"},"image":{"@id":"https:\/\/gastronomicament.cat\/es\/lolivera-de-can-det-la-mes-antiga-de-lestat-espanyol#primaryimage"},"thumbnailUrl":"https:\/\/gastronomicament.cat\/wp-content\/uploads\/2021\/07\/Premi-olivera-Can-Det-Fornalutx-Mallorca.jpg","datePublished":"2021-07-08T08:14:22+00:00","description":"L'olivera de Can Det, la m\u00e9s antiga de l'Estat espanyol Actualitat, Concursos i premis La\u00a0millor olivera monumental\u00a0d'Estat espanyol de l'any\u00a02020\u00a0\u00e9s a\u00a0Fornalutx","inLanguage":"es","potentialAction":[{"@type":"ReadAction","target":["https:\/\/gastronomicament.cat\/es\/lolivera-de-can-det-la-mes-antiga-de-lestat-espanyol"]}]},{"@type":"ImageObject","inLanguage":"es","@id":"https:\/\/gastronomicament.cat\/es\/lolivera-de-can-det-la-mes-antiga-de-lestat-espanyol#primaryimage","url":"https:\/\/gastronomicament.cat\/wp-content\/uploads\/2021\/07\/Premi-olivera-Can-Det-Fornalutx-Mallorca.jpg","contentUrl":"https:\/\/gastronomicament.cat\/wp-content\/uploads\/2021\/07\/Premi-olivera-Can-Det-Fornalutx-Mallorca.jpg","width":1200,"height":801},{"@type":"WebSite","@id":"https:\/\/gastronomicament.cat\/es\/#website","url":"https:\/\/gastronomicament.cat\/es\/","name":"Gastron\u00f2micament","description":"Portal de restaurants, receptes i actualitat gastron\u00f2mica","publisher":{"@id":"https:\/\/gastronomicament.cat\/es\/#organization"},"potentialAction":[{"@type":"SearchAction","target":{"@type":"EntryPoint","urlTemplate":"https:\/\/gastronomicament.cat\/es\/?s={search_term_string}"},"query-input":{"@type":"PropertyValueSpecification","valueRequired":true,"valueName":"search_term_string"}}],"inLanguage":"es"},{"@type":"Organization","@id":"https:\/\/gastronomicament.cat\/es\/#organization","name":"Gastron\u00f2micament","url":"https:\/\/gastronomicament.cat\/es\/","logo":{"@type":"ImageObject","inLanguage":"es","@id":"https:\/\/gastronomicament.cat\/es\/#\/schema\/logo\/image\/","url":"https:\/\/gastronomicament.cat\/wp-content\/uploads\/2016\/09\/header-logo.jpg","contentUrl":"https:\/\/gastronomicament.cat\/wp-content\/uploads\/2016\/09\/header-logo.jpg","width":277,"height":39,"caption":"Gastron\u00f2micament"},"image":{"@id":"https:\/\/gastronomicament.cat\/es\/#\/schema\/logo\/image\/"},"sameAs":["https:\/\/x.com\/gastronomicamen"]},{"@type":"Person","@id":"https:\/\/gastronomicament.cat\/es\/#\/schema\/person\/a7c85c537a1ed62799a5b8e0f686a37f","name":"Redacci\u00f3","image":{"@type":"ImageObject","inLanguage":"es","@id":"https:\/\/secure.gravatar.com\/avatar\/9489a485c464fd611d33825daae651d13db70c4e74c65c94937a15a9d4c3ee14?s=96&d=mm&r=g69fea3cce3645dfa2166e7293e22955e","url":"https:\/\/secure.gravatar.com\/avatar\/9489a485c464fd611d33825daae651d13db70c4e74c65c94937a15a9d4c3ee14?s=96&d=mm&r=g","contentUrl":"https:\/\/secure.gravatar.com\/avatar\/9489a485c464fd611d33825daae651d13db70c4e74c65c94937a15a9d4c3ee14?s=96&d=mm&r=g","caption":"Redacci\u00f3"},"sameAs":["http:\/\/gastronomicament.cat"],"url":"https:\/\/gastronomicament.cat\/es\/author\/admin"}]}},"_links":{"self":[{"href":"https:\/\/gastronomicament.cat\/es\/wp-json\/wp\/v2\/posts\/58247","targetHints":{"allow":["GET"]}}],"collection":[{"href":"https:\/\/gastronomicament.cat\/es\/wp-json\/wp\/v2\/posts"}],"about":[{"href":"https:\/\/gastronomicament.cat\/es\/wp-json\/wp\/v2\/types\/post"}],"author":[{"embeddable":true,"href":"https:\/\/gastronomicament.cat\/es\/wp-json\/wp\/v2\/users\/1"}],"replies":[{"embeddable":true,"href":"https:\/\/gastronomicament.cat\/es\/wp-json\/wp\/v2\/comments?post=58247"}],"version-history":[{"count":0,"href":"https:\/\/gastronomicament.cat\/es\/wp-json\/wp\/v2\/posts\/58247\/revisions"}],"wp:featuredmedia":[{"embeddable":true,"href":"https:\/\/gastronomicament.cat\/es\/wp-json\/wp\/v2\/media\/43536"}],"wp:attachment":[{"href":"https:\/\/gastronomicament.cat\/es\/wp-json\/wp\/v2\/media?parent=58247"}],"wp:term":[{"taxonomy":"category","embeddable":true,"href":"https:\/\/gastronomicament.cat\/es\/wp-json\/wp\/v2\/categories?post=58247"},{"taxonomy":"post_tag","embeddable":true,"href":"https:\/\/gastronomicament.cat\/es\/wp-json\/wp\/v2\/tags?post=58247"},{"taxonomy":"author","embeddable":true,"href":"https:\/\/gastronomicament.cat\/es\/wp-json\/wp\/v2\/coauthors?post=58247"}],"curies":[{"name":"wp","href":"https:\/\/api.w.org\/{rel}","templated":true}]}}