{"id":58607,"date":"2021-05-27T10:47:50","date_gmt":"2021-05-27T08:47:50","guid":{"rendered":"https:\/\/gastronomicament.cat\/torna-la-mostra-gastronomica-de-la-patata-a-sa-pobla"},"modified":"2021-05-27T10:47:50","modified_gmt":"2021-05-27T08:47:50","slug":"torna-la-mostra-gastronomica-de-la-patata-a-sa-pobla","status":"publish","type":"post","link":"https:\/\/gastronomicament.cat\/es\/torna-la-mostra-gastronomica-de-la-patata-a-sa-pobla","title":{"rendered":"Torna la Mostra Gastron\u00f2mica de la Patata a sa Pobla"},"content":{"rendered":"<p>La covid-19 ha provocat que l&#8217;any passat i aquest no hi pugui haver Fira Nocturna de la Patata. Ara b\u00e9, enguany hi ha novetats perqu\u00e8 la regidoria de Fires i Participaci\u00f3 Ciutadana de l&#8217;Ajuntament de<strong>\u00a0sa Pobla<\/strong>\u00a0ha organitzat la<strong>\u00a0Mostra Gastron\u00f2mica de la Patata<\/strong>, una cita que permetr\u00e0 gaudir de la bona cuina de diversos restaurants del municipi.<\/p>\n<p>La regidora\u00a0<strong>Magdalena de la Fuente<\/strong>\u00a0explica que un total de\u00a0<strong>12 bars i restaurants de sa Pobla\u00a0<\/strong>oferiran tapes, plats, racions o men\u00fas elaborats amb\u00a0<strong>la patata com a ingredient principal<\/strong>. La Mostra Gastron\u00f2mica de la Patata 2021<strong>\u00a0se celebrar\u00e0 els dies 4, 5, 6, 11, 12 i 13 de juny<\/strong>.<\/p>\n<p>Els establiments de restauraci\u00f3 que hi participen a demanen als clients que sol\u00b7licitin informaci\u00f3 si tenen algun dubte sobre els plats que ofereixen i, aix\u00ed mateix, recomanen que es facin les reserves, comandes per endurse o servei a domicili amb antelaci\u00f3, per poder oferir un millor servei.<\/p>\n<p><strong>RESTAURANTS PARTICIPANTS A LA MOSTRA GASTRON\u00d2MICA DE LA PATATA DE SA POBLA 2021<\/strong><\/p>\n<div class=\"paper\">\n<p><strong>CAPRITXO NOSTRO<\/strong><\/p>\n<p><em>Placeta des tren s\/n<br \/>\n<\/em><em>Berenar, dinar i sopar<\/em><\/p>\n<ul>\n<li>Frit de porc<\/li>\n<li>Ensalada russa<\/li>\n<li>Patates braves<\/li>\n<li>Patata farcida de s\u00edpia amb un toc de pistatxo i formatge gratinat<\/li>\n<li>Patata bomba<\/li>\n<\/ul>\n<p>Reserves: 628 170 902 &#8211;\u00a0971 188 922<br \/>\nObert els dies 4, 5, 6, 11, 12 i 13 de juny<\/p>\n<\/div>\n<div class=\"paper\">\n<p><strong>CA NA LUC\u00cdA<\/strong><\/p>\n<p><em>Isaac Peral, 30<br \/>\n<\/em><em>Berenar, dinar i sopar<\/em><\/p>\n<ul>\n<li>Frit de verdura<\/li>\n<li>Patates braves amb dues salses a triar entre: allioli, dimoni, brava i mango amb curri<\/li>\n<li>Bomba de patata farcida de coa de bou<\/li>\n<li>Patata farcida de marisc<\/li>\n<\/ul>\n<p>Reserves: 625 648 927<br \/>\nObert els dies 4, 5, 6, 11, 12 i 13 de juny<\/p>\n<\/div>\n<div class=\"paper\">\n<p><strong>BAR RAPINYA<\/strong><\/p>\n<p><em>Carrer Pla\u00e7a, 13<br \/>\nBerenar, dinar i sopar\u00a0\u00a0<\/em><strong><br \/>\n<\/strong><\/p>\n<ul>\n<li>Frit de me<\/li>\n<li>Greixonera d\u2019anguiles<\/li>\n<li>Caragols amb allioli de patata<\/li>\n<li>Frit de porc<\/li>\n<\/ul>\n<p>Reserves:\u00a0971 540 303<br \/>\nObert els dies 4, 5, 6, 11, 12 i 13 de juny<\/p>\n<\/div>\n<div class=\"paper\">\n<p><strong>\u00c0NIMA RESTO-BAR<\/strong><\/p>\n<p><em>Alb\u00e9niz 24, baixos<br \/>\nDinar i sopar<\/em><strong>\u00a0\u00a0<\/strong><br \/>\nTots els plats seran en forma de tapa de 250 gr<\/p>\n<ul>\n<li>Frit de porc<\/li>\n<li>Frit de verdures<\/li>\n<li>Frit de marisc<\/li>\n<li>Frit de me<\/li>\n<li>Patates farcides<\/li>\n<\/ul>\n<p>Reserves: 686 690 320<br \/>\nObert els dies 4, 5, 11 i 12 de juny<\/p>\n<\/div>\n<div class=\"paper\">\n<p><strong>SA PICADA\u00a0<\/strong><\/p>\n<p><em>Pla\u00e7a Major, 19<br \/>\n<\/em><em>Dinar i sopar<\/em><\/p>\n<ul>\n<li>Frit de pop de barca<\/li>\n<li>Cachopo<\/li>\n<\/ul>\n<p>Obert els dies 4, 5, 11 i 12 de juny<br \/>\nReserves: 971 539 649<\/p>\n<\/div>\n<div class=\"paper\">\n<p><strong>BAR SA PLACETA<\/strong><\/p>\n<p><em>Dr. G\u00f3mez Ulla, 2<br \/>\n<\/em><em>Berenar, dinar i sopar<\/em><\/p>\n<ul>\n<li>Raci\u00f3 de frit de me<\/li>\n<li>Raci\u00f3 de frit de verdures<\/li>\n<li>Raci\u00f3 de frit mariner<\/li>\n<\/ul>\n<p>Els mateixos dies es far\u00e0 un men\u00fa en qu\u00e8 la protagonista ser\u00e0 la patata, es publicaran al Facebook del Bar sa Placeta<br \/>\nObert els dies 4, 5, 6, 11, 12 i 13 de juny<br \/>\nReserves: 971 540 538<\/p>\n<\/div>\n<div class=\"paper\">\n<p><strong>BAR TONI COTXER<\/strong><\/p>\n<p><em>Major, 4<br \/>\n<\/em><em>Berenar, dinar i sopar<\/em><\/p>\n<ul>\n<li>Ensalada russa amb popets<\/li>\n<li>Ensalada russa amb variat<\/li>\n<li>Ensalada russa amb banderilles<\/li>\n<\/ul>\n<p>Reserves: 971 540 005 \/ 610 771 506<br \/>\nObert els dies 4, 5, 6, 11, 12 i 13 de juny<\/p>\n<\/div>\n<div class=\"paper\">\n<p><strong>RESTAURANT MARINA<\/strong><\/p>\n<p><em>Marina, 15<br \/>\n<\/em><em>Dinar i sopar\u00a0<\/em><br \/>\nMen\u00fa Fira de sa Patata:<\/p>\n<ul>\n<li>Canelons de carabassa i patata amb formatge parmes\u00e0<\/li>\n<li>Pop a la llauna amb patata parmentine al forn<\/li>\n<li>Coca de patata amb gelat d\u2019ametlla<\/li>\n<\/ul>\n<p>El preu del men\u00fa complet \u00e9s de 18 \u20ac<br \/>\nReserves: 971 540 967 \/ 635 514 824 \/ 615 315 976<\/p>\n<\/div>\n<div class=\"paper\">\n<p><strong>BAR CASA MISS<br \/>\n<\/strong><\/p>\n<p><em>Pla\u00e7a de la Constituci\u00f3, 3<br \/>\n<\/em><em>Berenar, dinar i sopar<\/em><\/p>\n<ul>\n<li>Pop a feira<\/li>\n<li>Patates braves<\/li>\n<li>Palomes amb ensalada russa i banderilla<\/li>\n<\/ul>\n<p>Reserves: 696 479 710<br \/>\nObert els dies: 4, 5, 6, 11, 12 i 13 de juny<\/p>\n<\/div>\n<div class=\"paper\">\n<p><strong>SALA REX C\u00c0TERING<\/strong><\/p>\n<p><em>Capit\u00e0 Pere, 2<br \/>\nBerenar, dinar i sopar<\/em><\/p>\n<ul>\n<li>Croquet\u00f3 balear amb crema de formatge maon\u00e8s<\/li>\n<li>Taco de patata amb salsa BBQ coenta i formatge cheddar<\/li>\n<li>Bomba de patata amb pesto, ceba caramelitzada amb taronja\u00a0\u00a0i formatge de cabra<\/li>\n<\/ul>\n<p>Reserves: 971 862 094<br \/>\nObert els dies 4, 5, 6, 11, 12 i 13 de juny<\/p>\n<\/div>\n<div class=\"paper\">\n<p><strong>BAR DES TREN+<\/strong><\/p>\n<p><em>Pla\u00e7a del Tren, 6<br \/>\nSopar\u00a0\u00a0<\/em><strong><br \/>\n<\/strong><\/p>\n<ul>\n<li>Frit de matances<\/li>\n<li>Pop torrat amb crema de patata morada<\/li>\n<li>Milfulls d\u2019alberg\u00ednia amb crema de patata (plat vegetari\u00e0)<\/li>\n<li>Patata marinada amb salsa thai sriracha<\/li>\n<li>Coulant de patata morada amb salsa de reducci\u00f3 de vedella<\/li>\n<\/ul>\n<p>Reserves: 971 540 022<br \/>\nObertels dies 4, 5, 11 i 12 de juny<\/p>\n<p><strong>CAF\u00c8 PLA\u00c7A<\/strong><\/p>\n<p><em>Pla\u00e7a Major, 4<br \/>\n<\/em><em>Dinar i sopar<\/em><\/p>\n<ul>\n<li>Ses braves del Caf\u00e8 Pla\u00e7a<\/li>\n<li>Bombetes pobleres<\/li>\n<\/ul>\n<p>Reserves: 647 069 261<br \/>\nObert els dies 4, 5, 6, 11, 12 i 13 de juny<\/p>\n<\/div>\n","protected":false},"excerpt":{"rendered":"<p>[:en]Sa Pobla\u00a0ha organitzat la\u00a0Mostra Gastron\u00f2mica de la Patata, una cita que permetr\u00e0 gaudir de la bona&hellip;<\/p>\n","protected":false},"author":1,"featured_media":43446,"comment_status":"open","ping_status":"closed","sticky":false,"template":"","format":"standard","meta":{"_acf_changed":false,"_swt_meta_header_display":false,"_swt_meta_footer_display":false,"_swt_meta_site_title_display":false,"_swt_meta_sticky_header":false,"_swt_meta_transparent_header":false,"footnotes":""},"categories":[1003,1004],"tags":[],"coauthors":[],"class_list":["post-58607","post","type-post","status-publish","format-standard","has-post-thumbnail","hentry","category-actualitat-es","category-fires-i-rutes-es"],"acf":{"gallery":null,"home_date":{"home_begin_date":null,"home_end_date":null}},"yoast_head":"<!-- This site is optimized with the Yoast SEO plugin v27.4 - https:\/\/yoast.com\/product\/yoast-seo-wordpress\/ -->\n<title>Torna la Mostra Gastron\u00f2mica de la Patata a sa Pobla - Gastron\u00f2micament<\/title>\n<meta name=\"description\" content=\"Torna la Mostra Gastron\u00f2mica de la Patata a sa Pobla Actualitat, Fires i rutes Sa Pobla\u00a0ha organitzat la\u00a0Mostra Gastron\u00f2mica de la Patata, una cita que permetr\u00e0 gaudir de la bona cuina de diversos restaurants del municipi\" \/>\n<meta name=\"robots\" content=\"index, follow, max-snippet:-1, max-image-preview:large, max-video-preview:-1\" \/>\n<link rel=\"canonical\" href=\"https:\/\/gastronomicament.cat\/es\/torna-la-mostra-gastronomica-de-la-patata-a-sa-pobla\" \/>\n<meta property=\"og:locale\" content=\"es_ES\" \/>\n<meta property=\"og:type\" content=\"article\" \/>\n<meta property=\"og:title\" content=\"Torna la Mostra Gastron\u00f2mica de la Patata a sa Pobla - Gastron\u00f2micament\" \/>\n<meta property=\"og:description\" content=\"Torna la Mostra Gastron\u00f2mica de la Patata a sa Pobla Actualitat, Fires i rutes Sa Pobla\u00a0ha organitzat la\u00a0Mostra Gastron\u00f2mica de la Patata, una cita que permetr\u00e0 gaudir de la bona cuina de diversos restaurants del municipi\" \/>\n<meta property=\"og:url\" content=\"https:\/\/gastronomicament.cat\/es\/torna-la-mostra-gastronomica-de-la-patata-a-sa-pobla\" \/>\n<meta property=\"og:site_name\" content=\"Gastron\u00f2micament\" \/>\n<meta property=\"article:published_time\" content=\"2021-05-27T08:47:50+00:00\" \/>\n<meta property=\"og:image\" content=\"https:\/\/gastronomicament.cat\/wp-content\/uploads\/2021\/05\/Mostra-Gastronomica-Patata-sa-Pobla.jpg\" \/>\n\t<meta property=\"og:image:width\" content=\"1036\" \/>\n\t<meta property=\"og:image:height\" content=\"558\" \/>\n\t<meta property=\"og:image:type\" content=\"image\/jpeg\" \/>\n<meta name=\"author\" content=\"Redacci\u00f3\" \/>\n<meta name=\"twitter:card\" content=\"summary_large_image\" \/>\n<meta name=\"twitter:creator\" content=\"@gastronomicamen\" \/>\n<meta name=\"twitter:site\" content=\"@gastronomicamen\" \/>\n<meta name=\"twitter:label1\" content=\"Escrito por\" \/>\n\t<meta name=\"twitter:data1\" content=\"Redacci\u00f3\" \/>\n\t<meta name=\"twitter:label2\" content=\"Written by\" \/>\n\t<meta name=\"twitter:data2\" content=\"Redacci\u00f3\" \/>\n<script type=\"application\/ld+json\" class=\"yoast-schema-graph\">{\"@context\":\"https:\\\/\\\/schema.org\",\"@graph\":[{\"@type\":\"Article\",\"@id\":\"https:\\\/\\\/gastronomicament.cat\\\/es\\\/torna-la-mostra-gastronomica-de-la-patata-a-sa-pobla#article\",\"isPartOf\":{\"@id\":\"https:\\\/\\\/gastronomicament.cat\\\/es\\\/torna-la-mostra-gastronomica-de-la-patata-a-sa-pobla\"},\"author\":{\"name\":\"Redacci\u00f3\",\"@id\":\"https:\\\/\\\/gastronomicament.cat\\\/es\\\/#\\\/schema\\\/person\\\/a7c85c537a1ed62799a5b8e0f686a37f\"},\"headline\":\"Torna la Mostra Gastron\u00f2mica de la Patata a sa Pobla\",\"datePublished\":\"2021-05-27T08:47:50+00:00\",\"mainEntityOfPage\":{\"@id\":\"https:\\\/\\\/gastronomicament.cat\\\/es\\\/torna-la-mostra-gastronomica-de-la-patata-a-sa-pobla\"},\"wordCount\":632,\"commentCount\":0,\"publisher\":{\"@id\":\"https:\\\/\\\/gastronomicament.cat\\\/es\\\/#organization\"},\"image\":{\"@id\":\"https:\\\/\\\/gastronomicament.cat\\\/es\\\/torna-la-mostra-gastronomica-de-la-patata-a-sa-pobla#primaryimage\"},\"thumbnailUrl\":\"https:\\\/\\\/gastronomicament.cat\\\/wp-content\\\/uploads\\\/2021\\\/05\\\/Mostra-Gastronomica-Patata-sa-Pobla.jpg\",\"articleSection\":[\"Actualitat\",\"Fires i rutes\"],\"inLanguage\":\"es\",\"potentialAction\":[{\"@type\":\"CommentAction\",\"name\":\"Comment\",\"target\":[\"https:\\\/\\\/gastronomicament.cat\\\/es\\\/torna-la-mostra-gastronomica-de-la-patata-a-sa-pobla#respond\"]}]},{\"@type\":\"WebPage\",\"@id\":\"https:\\\/\\\/gastronomicament.cat\\\/es\\\/torna-la-mostra-gastronomica-de-la-patata-a-sa-pobla\",\"url\":\"https:\\\/\\\/gastronomicament.cat\\\/es\\\/torna-la-mostra-gastronomica-de-la-patata-a-sa-pobla\",\"name\":\"Torna la Mostra Gastron\u00f2mica de la Patata a sa Pobla - Gastron\u00f2micament\",\"isPartOf\":{\"@id\":\"https:\\\/\\\/gastronomicament.cat\\\/es\\\/#website\"},\"primaryImageOfPage\":{\"@id\":\"https:\\\/\\\/gastronomicament.cat\\\/es\\\/torna-la-mostra-gastronomica-de-la-patata-a-sa-pobla#primaryimage\"},\"image\":{\"@id\":\"https:\\\/\\\/gastronomicament.cat\\\/es\\\/torna-la-mostra-gastronomica-de-la-patata-a-sa-pobla#primaryimage\"},\"thumbnailUrl\":\"https:\\\/\\\/gastronomicament.cat\\\/wp-content\\\/uploads\\\/2021\\\/05\\\/Mostra-Gastronomica-Patata-sa-Pobla.jpg\",\"datePublished\":\"2021-05-27T08:47:50+00:00\",\"description\":\"Torna la Mostra Gastron\u00f2mica de la Patata a sa Pobla Actualitat, Fires i rutes Sa Pobla\u00a0ha organitzat la\u00a0Mostra Gastron\u00f2mica de la Patata, una cita que permetr\u00e0 gaudir de la bona cuina de diversos restaurants del municipi\",\"inLanguage\":\"es\",\"potentialAction\":[{\"@type\":\"ReadAction\",\"target\":[\"https:\\\/\\\/gastronomicament.cat\\\/es\\\/torna-la-mostra-gastronomica-de-la-patata-a-sa-pobla\"]}]},{\"@type\":\"ImageObject\",\"inLanguage\":\"es\",\"@id\":\"https:\\\/\\\/gastronomicament.cat\\\/es\\\/torna-la-mostra-gastronomica-de-la-patata-a-sa-pobla#primaryimage\",\"url\":\"https:\\\/\\\/gastronomicament.cat\\\/wp-content\\\/uploads\\\/2021\\\/05\\\/Mostra-Gastronomica-Patata-sa-Pobla.jpg\",\"contentUrl\":\"https:\\\/\\\/gastronomicament.cat\\\/wp-content\\\/uploads\\\/2021\\\/05\\\/Mostra-Gastronomica-Patata-sa-Pobla.jpg\",\"width\":1036,\"height\":558},{\"@type\":\"WebSite\",\"@id\":\"https:\\\/\\\/gastronomicament.cat\\\/es\\\/#website\",\"url\":\"https:\\\/\\\/gastronomicament.cat\\\/es\\\/\",\"name\":\"Gastron\u00f2micament\",\"description\":\"Portal de restaurants, receptes i actualitat gastron\u00f2mica\",\"publisher\":{\"@id\":\"https:\\\/\\\/gastronomicament.cat\\\/es\\\/#organization\"},\"potentialAction\":[{\"@type\":\"SearchAction\",\"target\":{\"@type\":\"EntryPoint\",\"urlTemplate\":\"https:\\\/\\\/gastronomicament.cat\\\/es\\\/?s={search_term_string}\"},\"query-input\":{\"@type\":\"PropertyValueSpecification\",\"valueRequired\":true,\"valueName\":\"search_term_string\"}}],\"inLanguage\":\"es\"},{\"@type\":\"Organization\",\"@id\":\"https:\\\/\\\/gastronomicament.cat\\\/es\\\/#organization\",\"name\":\"Gastron\u00f2micament\",\"url\":\"https:\\\/\\\/gastronomicament.cat\\\/es\\\/\",\"logo\":{\"@type\":\"ImageObject\",\"inLanguage\":\"es\",\"@id\":\"https:\\\/\\\/gastronomicament.cat\\\/es\\\/#\\\/schema\\\/logo\\\/image\\\/\",\"url\":\"https:\\\/\\\/gastronomicament.cat\\\/wp-content\\\/uploads\\\/2016\\\/09\\\/header-logo.jpg\",\"contentUrl\":\"https:\\\/\\\/gastronomicament.cat\\\/wp-content\\\/uploads\\\/2016\\\/09\\\/header-logo.jpg\",\"width\":277,\"height\":39,\"caption\":\"Gastron\u00f2micament\"},\"image\":{\"@id\":\"https:\\\/\\\/gastronomicament.cat\\\/es\\\/#\\\/schema\\\/logo\\\/image\\\/\"},\"sameAs\":[\"https:\\\/\\\/x.com\\\/gastronomicamen\"]},{\"@type\":\"Person\",\"@id\":\"https:\\\/\\\/gastronomicament.cat\\\/es\\\/#\\\/schema\\\/person\\\/a7c85c537a1ed62799a5b8e0f686a37f\",\"name\":\"Redacci\u00f3\",\"image\":{\"@type\":\"ImageObject\",\"inLanguage\":\"es\",\"@id\":\"https:\\\/\\\/secure.gravatar.com\\\/avatar\\\/9489a485c464fd611d33825daae651d13db70c4e74c65c94937a15a9d4c3ee14?s=96&d=mm&r=g69fea3cce3645dfa2166e7293e22955e\",\"url\":\"https:\\\/\\\/secure.gravatar.com\\\/avatar\\\/9489a485c464fd611d33825daae651d13db70c4e74c65c94937a15a9d4c3ee14?s=96&d=mm&r=g\",\"contentUrl\":\"https:\\\/\\\/secure.gravatar.com\\\/avatar\\\/9489a485c464fd611d33825daae651d13db70c4e74c65c94937a15a9d4c3ee14?s=96&d=mm&r=g\",\"caption\":\"Redacci\u00f3\"},\"sameAs\":[\"http:\\\/\\\/gastronomicament.cat\"],\"url\":\"https:\\\/\\\/gastronomicament.cat\\\/es\\\/author\\\/admin\"}]}<\/script>\n<!-- \/ Yoast SEO plugin. -->","yoast_head_json":{"title":"Torna la Mostra Gastron\u00f2mica de la Patata a sa Pobla - Gastron\u00f2micament","description":"Torna la Mostra Gastron\u00f2mica de la Patata a sa Pobla Actualitat, Fires i rutes Sa Pobla\u00a0ha organitzat la\u00a0Mostra Gastron\u00f2mica de la Patata, una cita que permetr\u00e0 gaudir de la bona cuina de diversos restaurants del municipi","robots":{"index":"index","follow":"follow","max-snippet":"max-snippet:-1","max-image-preview":"max-image-preview:large","max-video-preview":"max-video-preview:-1"},"canonical":"https:\/\/gastronomicament.cat\/es\/torna-la-mostra-gastronomica-de-la-patata-a-sa-pobla","og_locale":"es_ES","og_type":"article","og_title":"Torna la Mostra Gastron\u00f2mica de la Patata a sa Pobla - Gastron\u00f2micament","og_description":"Torna la Mostra Gastron\u00f2mica de la Patata a sa Pobla Actualitat, Fires i rutes Sa Pobla\u00a0ha organitzat la\u00a0Mostra Gastron\u00f2mica de la Patata, una cita que permetr\u00e0 gaudir de la bona cuina de diversos restaurants del municipi","og_url":"https:\/\/gastronomicament.cat\/es\/torna-la-mostra-gastronomica-de-la-patata-a-sa-pobla","og_site_name":"Gastron\u00f2micament","article_published_time":"2021-05-27T08:47:50+00:00","og_image":[{"width":1036,"height":558,"url":"https:\/\/gastronomicament.cat\/wp-content\/uploads\/2021\/05\/Mostra-Gastronomica-Patata-sa-Pobla.jpg","type":"image\/jpeg"}],"author":"Redacci\u00f3","twitter_card":"summary_large_image","twitter_creator":"@gastronomicamen","twitter_site":"@gastronomicamen","twitter_misc":{"Escrito por":"Redacci\u00f3","Written by":"Redacci\u00f3"},"schema":{"@context":"https:\/\/schema.org","@graph":[{"@type":"Article","@id":"https:\/\/gastronomicament.cat\/es\/torna-la-mostra-gastronomica-de-la-patata-a-sa-pobla#article","isPartOf":{"@id":"https:\/\/gastronomicament.cat\/es\/torna-la-mostra-gastronomica-de-la-patata-a-sa-pobla"},"author":{"name":"Redacci\u00f3","@id":"https:\/\/gastronomicament.cat\/es\/#\/schema\/person\/a7c85c537a1ed62799a5b8e0f686a37f"},"headline":"Torna la Mostra Gastron\u00f2mica de la Patata a sa Pobla","datePublished":"2021-05-27T08:47:50+00:00","mainEntityOfPage":{"@id":"https:\/\/gastronomicament.cat\/es\/torna-la-mostra-gastronomica-de-la-patata-a-sa-pobla"},"wordCount":632,"commentCount":0,"publisher":{"@id":"https:\/\/gastronomicament.cat\/es\/#organization"},"image":{"@id":"https:\/\/gastronomicament.cat\/es\/torna-la-mostra-gastronomica-de-la-patata-a-sa-pobla#primaryimage"},"thumbnailUrl":"https:\/\/gastronomicament.cat\/wp-content\/uploads\/2021\/05\/Mostra-Gastronomica-Patata-sa-Pobla.jpg","articleSection":["Actualitat","Fires i rutes"],"inLanguage":"es","potentialAction":[{"@type":"CommentAction","name":"Comment","target":["https:\/\/gastronomicament.cat\/es\/torna-la-mostra-gastronomica-de-la-patata-a-sa-pobla#respond"]}]},{"@type":"WebPage","@id":"https:\/\/gastronomicament.cat\/es\/torna-la-mostra-gastronomica-de-la-patata-a-sa-pobla","url":"https:\/\/gastronomicament.cat\/es\/torna-la-mostra-gastronomica-de-la-patata-a-sa-pobla","name":"Torna la Mostra Gastron\u00f2mica de la Patata a sa Pobla - Gastron\u00f2micament","isPartOf":{"@id":"https:\/\/gastronomicament.cat\/es\/#website"},"primaryImageOfPage":{"@id":"https:\/\/gastronomicament.cat\/es\/torna-la-mostra-gastronomica-de-la-patata-a-sa-pobla#primaryimage"},"image":{"@id":"https:\/\/gastronomicament.cat\/es\/torna-la-mostra-gastronomica-de-la-patata-a-sa-pobla#primaryimage"},"thumbnailUrl":"https:\/\/gastronomicament.cat\/wp-content\/uploads\/2021\/05\/Mostra-Gastronomica-Patata-sa-Pobla.jpg","datePublished":"2021-05-27T08:47:50+00:00","description":"Torna la Mostra Gastron\u00f2mica de la Patata a sa Pobla Actualitat, Fires i rutes Sa Pobla\u00a0ha organitzat la\u00a0Mostra Gastron\u00f2mica de la Patata, una cita que permetr\u00e0 gaudir de la bona cuina de diversos restaurants del municipi","inLanguage":"es","potentialAction":[{"@type":"ReadAction","target":["https:\/\/gastronomicament.cat\/es\/torna-la-mostra-gastronomica-de-la-patata-a-sa-pobla"]}]},{"@type":"ImageObject","inLanguage":"es","@id":"https:\/\/gastronomicament.cat\/es\/torna-la-mostra-gastronomica-de-la-patata-a-sa-pobla#primaryimage","url":"https:\/\/gastronomicament.cat\/wp-content\/uploads\/2021\/05\/Mostra-Gastronomica-Patata-sa-Pobla.jpg","contentUrl":"https:\/\/gastronomicament.cat\/wp-content\/uploads\/2021\/05\/Mostra-Gastronomica-Patata-sa-Pobla.jpg","width":1036,"height":558},{"@type":"WebSite","@id":"https:\/\/gastronomicament.cat\/es\/#website","url":"https:\/\/gastronomicament.cat\/es\/","name":"Gastron\u00f2micament","description":"Portal de restaurants, receptes i actualitat gastron\u00f2mica","publisher":{"@id":"https:\/\/gastronomicament.cat\/es\/#organization"},"potentialAction":[{"@type":"SearchAction","target":{"@type":"EntryPoint","urlTemplate":"https:\/\/gastronomicament.cat\/es\/?s={search_term_string}"},"query-input":{"@type":"PropertyValueSpecification","valueRequired":true,"valueName":"search_term_string"}}],"inLanguage":"es"},{"@type":"Organization","@id":"https:\/\/gastronomicament.cat\/es\/#organization","name":"Gastron\u00f2micament","url":"https:\/\/gastronomicament.cat\/es\/","logo":{"@type":"ImageObject","inLanguage":"es","@id":"https:\/\/gastronomicament.cat\/es\/#\/schema\/logo\/image\/","url":"https:\/\/gastronomicament.cat\/wp-content\/uploads\/2016\/09\/header-logo.jpg","contentUrl":"https:\/\/gastronomicament.cat\/wp-content\/uploads\/2016\/09\/header-logo.jpg","width":277,"height":39,"caption":"Gastron\u00f2micament"},"image":{"@id":"https:\/\/gastronomicament.cat\/es\/#\/schema\/logo\/image\/"},"sameAs":["https:\/\/x.com\/gastronomicamen"]},{"@type":"Person","@id":"https:\/\/gastronomicament.cat\/es\/#\/schema\/person\/a7c85c537a1ed62799a5b8e0f686a37f","name":"Redacci\u00f3","image":{"@type":"ImageObject","inLanguage":"es","@id":"https:\/\/secure.gravatar.com\/avatar\/9489a485c464fd611d33825daae651d13db70c4e74c65c94937a15a9d4c3ee14?s=96&d=mm&r=g69fea3cce3645dfa2166e7293e22955e","url":"https:\/\/secure.gravatar.com\/avatar\/9489a485c464fd611d33825daae651d13db70c4e74c65c94937a15a9d4c3ee14?s=96&d=mm&r=g","contentUrl":"https:\/\/secure.gravatar.com\/avatar\/9489a485c464fd611d33825daae651d13db70c4e74c65c94937a15a9d4c3ee14?s=96&d=mm&r=g","caption":"Redacci\u00f3"},"sameAs":["http:\/\/gastronomicament.cat"],"url":"https:\/\/gastronomicament.cat\/es\/author\/admin"}]}},"_links":{"self":[{"href":"https:\/\/gastronomicament.cat\/es\/wp-json\/wp\/v2\/posts\/58607","targetHints":{"allow":["GET"]}}],"collection":[{"href":"https:\/\/gastronomicament.cat\/es\/wp-json\/wp\/v2\/posts"}],"about":[{"href":"https:\/\/gastronomicament.cat\/es\/wp-json\/wp\/v2\/types\/post"}],"author":[{"embeddable":true,"href":"https:\/\/gastronomicament.cat\/es\/wp-json\/wp\/v2\/users\/1"}],"replies":[{"embeddable":true,"href":"https:\/\/gastronomicament.cat\/es\/wp-json\/wp\/v2\/comments?post=58607"}],"version-history":[{"count":0,"href":"https:\/\/gastronomicament.cat\/es\/wp-json\/wp\/v2\/posts\/58607\/revisions"}],"wp:featuredmedia":[{"embeddable":true,"href":"https:\/\/gastronomicament.cat\/es\/wp-json\/wp\/v2\/media\/43446"}],"wp:attachment":[{"href":"https:\/\/gastronomicament.cat\/es\/wp-json\/wp\/v2\/media?parent=58607"}],"wp:term":[{"taxonomy":"category","embeddable":true,"href":"https:\/\/gastronomicament.cat\/es\/wp-json\/wp\/v2\/categories?post=58607"},{"taxonomy":"post_tag","embeddable":true,"href":"https:\/\/gastronomicament.cat\/es\/wp-json\/wp\/v2\/tags?post=58607"},{"taxonomy":"author","embeddable":true,"href":"https:\/\/gastronomicament.cat\/es\/wp-json\/wp\/v2\/coauthors?post=58607"}],"curies":[{"name":"wp","href":"https:\/\/api.w.org\/{rel}","templated":true}]}}