{"id":59385,"date":"2020-12-22T11:10:03","date_gmt":"2020-12-22T10:10:03","guid":{"rendered":"https:\/\/gastronomicament.cat\/el-cuiner-miquel-calent-tafoner-major-de-la-do-oli-de-mallorca"},"modified":"2020-12-22T11:10:03","modified_gmt":"2020-12-22T10:10:03","slug":"el-cuiner-miquel-calent-tafoner-major-de-la-do-oli-de-mallorca","status":"publish","type":"post","link":"https:\/\/gastronomicament.cat\/es\/el-cuiner-miquel-calent-tafoner-major-de-la-do-oli-de-mallorca","title":{"rendered":"El cuiner Miquel Calent, Tafoner Major de la DO Oli de Mallorca"},"content":{"rendered":"<p>El consell regulador de la Denominaci\u00f3 d&#8217;Origen Oli de Mallorca ha nomenat\u00a0\u00a0<strong>Tafoner Major 2020-2021<\/strong>\u00a0el cuiner Miquel Calent.<\/p>\n<p>Amb aquesta figura, la DO Oli de Mallorca reconeix anualment la contribuci\u00f3 de persones o entitats a la difusi\u00f3 de la cultura de l&#8217;oli d&#8217;oliva. En el cas de\u00a0<strong>Miquel Calent<\/strong>, ho fa des dels fogons dels restaurants Can Calent (Palma) i Cuit (Campos) i com a comunicador al programa televisiu &#8216;Fred i Calent&#8217; (IB3 Televisi\u00f3) i com a columnista de premsa a\u00a0<em>Ara Balears<\/em>\u00a0i\u00a0<em>\u00daltima Hora<\/em>, des d&#8217;on predica la import\u00e0ncia i bonan\u00e7a de l&#8217;Oli de Mallorca, ingredient que reconeix com un dels pilars de la cuina de Mallorca, i del sector primari en general.<\/p>\n<p>El president de la DO Oli de Mallorca,\u00a0<strong>Joan\u00a0Mayol<\/strong>, i\u00a0<strong>Tiffany\u00a0Blackman<\/strong>, en representaci\u00f3 del consell regulador han lliurat al xef Miquel Calent el quart\u00e0 (antiga mesura usada a les tafones), i tamb\u00e9 li han presentat l&#8217;olis novell de l&#8217;anyada d&#8217;enguany.<\/p>\n","protected":false},"excerpt":{"rendered":"<p>El consell regulador de la Denominaci\u00f3 d&#8217;Origen Oli de Mallorca ha nomenat\u00a0\u00a0Tafoner Major 2020-2021\u00a0el cuiner Miquel&hellip;<\/p>\n","protected":false},"author":1,"featured_media":43208,"comment_status":"open","ping_status":"closed","sticky":false,"template":"","format":"gallery","meta":{"_acf_changed":false,"_swt_meta_header_display":false,"_swt_meta_footer_display":false,"_swt_meta_site_title_display":false,"_swt_meta_sticky_header":false,"_swt_meta_transparent_header":false,"footnotes":""},"categories":[1003,1478],"tags":[],"coauthors":[],"class_list":["post-59385","post","type-post","status-publish","format-gallery","has-post-thumbnail","hentry","category-actualitat-es","category-concursos-i-premis-es","post_format-post-format-gallery"],"acf":{"gallery":null,"home_date":{"home_begin_date":null,"home_end_date":null}},"yoast_head":"<!-- This site is optimized with the Yoast SEO plugin v27.4 - https:\/\/yoast.com\/product\/yoast-seo-wordpress\/ -->\n<title>El cuiner Miquel Calent, Tafoner Major de la DO Oli de Mallorca - Gastron\u00f2micament<\/title>\n<meta name=\"description\" content=\"El cuiner Miquel Calent, Tafoner Major de la DO Oli de Mallorca Actualitat, Concursos i premis El consell regulador de la Denominaci\u00f3 d&#039;Origen Oli de Mallorca ha nomenat\u00a0\u00a0Tafoner Major 2020-2021\u00a0el cuiner Miquel Calent\" \/>\n<meta name=\"robots\" content=\"index, follow, max-snippet:-1, max-image-preview:large, max-video-preview:-1\" \/>\n<link rel=\"canonical\" href=\"https:\/\/gastronomicament.cat\/es\/el-cuiner-miquel-calent-tafoner-major-de-la-do-oli-de-mallorca\" \/>\n<meta property=\"og:locale\" content=\"es_ES\" \/>\n<meta property=\"og:type\" content=\"article\" \/>\n<meta property=\"og:title\" content=\"El cuiner Miquel Calent, Tafoner Major de la DO Oli de Mallorca - Gastron\u00f2micament\" \/>\n<meta property=\"og:description\" content=\"El cuiner Miquel Calent, Tafoner Major de la DO Oli de Mallorca Actualitat, Concursos i premis El consell regulador de la Denominaci\u00f3 d&#039;Origen Oli de Mallorca ha nomenat\u00a0\u00a0Tafoner Major 2020-2021\u00a0el cuiner Miquel Calent\" \/>\n<meta property=\"og:url\" content=\"https:\/\/gastronomicament.cat\/es\/el-cuiner-miquel-calent-tafoner-major-de-la-do-oli-de-mallorca\" \/>\n<meta property=\"og:site_name\" content=\"Gastron\u00f2micament\" \/>\n<meta property=\"article:published_time\" content=\"2020-12-22T10:10:03+00:00\" \/>\n<meta property=\"og:image\" content=\"https:\/\/gastronomicament.cat\/wp-content\/uploads\/2020\/12\/Tafoner-major-2020.jpg\" \/>\n\t<meta property=\"og:image:width\" content=\"1200\" \/>\n\t<meta property=\"og:image:height\" content=\"901\" \/>\n\t<meta property=\"og:image:type\" content=\"image\/jpeg\" \/>\n<meta name=\"author\" content=\"Redacci\u00f3\" \/>\n<meta name=\"twitter:card\" content=\"summary_large_image\" \/>\n<meta name=\"twitter:creator\" content=\"@gastronomicamen\" \/>\n<meta name=\"twitter:site\" content=\"@gastronomicamen\" \/>\n<meta name=\"twitter:label1\" content=\"Escrito por\" \/>\n\t<meta name=\"twitter:data1\" content=\"Redacci\u00f3\" \/>\n\t<meta name=\"twitter:label2\" content=\"Tiempo de lectura\" \/>\n\t<meta name=\"twitter:data2\" content=\"1 minuto\" \/>\n\t<meta name=\"twitter:label3\" content=\"Written by\" \/>\n\t<meta name=\"twitter:data3\" content=\"Redacci\u00f3\" \/>\n<script type=\"application\/ld+json\" class=\"yoast-schema-graph\">{\"@context\":\"https:\\\/\\\/schema.org\",\"@graph\":[{\"@type\":\"Article\",\"@id\":\"https:\\\/\\\/gastronomicament.cat\\\/es\\\/el-cuiner-miquel-calent-tafoner-major-de-la-do-oli-de-mallorca#article\",\"isPartOf\":{\"@id\":\"https:\\\/\\\/gastronomicament.cat\\\/es\\\/el-cuiner-miquel-calent-tafoner-major-de-la-do-oli-de-mallorca\"},\"author\":{\"name\":\"Redacci\u00f3\",\"@id\":\"https:\\\/\\\/gastronomicament.cat\\\/es\\\/#\\\/schema\\\/person\\\/a7c85c537a1ed62799a5b8e0f686a37f\"},\"headline\":\"El cuiner Miquel Calent, Tafoner Major de la DO Oli de Mallorca\",\"datePublished\":\"2020-12-22T10:10:03+00:00\",\"mainEntityOfPage\":{\"@id\":\"https:\\\/\\\/gastronomicament.cat\\\/es\\\/el-cuiner-miquel-calent-tafoner-major-de-la-do-oli-de-mallorca\"},\"wordCount\":172,\"commentCount\":0,\"publisher\":{\"@id\":\"https:\\\/\\\/gastronomicament.cat\\\/es\\\/#organization\"},\"image\":{\"@id\":\"https:\\\/\\\/gastronomicament.cat\\\/es\\\/el-cuiner-miquel-calent-tafoner-major-de-la-do-oli-de-mallorca#primaryimage\"},\"thumbnailUrl\":\"https:\\\/\\\/gastronomicament.cat\\\/wp-content\\\/uploads\\\/2020\\\/12\\\/Tafoner-major-2020.jpg\",\"articleSection\":[\"Actualitat\",\"Concursos i premis\"],\"inLanguage\":\"es\",\"potentialAction\":[{\"@type\":\"CommentAction\",\"name\":\"Comment\",\"target\":[\"https:\\\/\\\/gastronomicament.cat\\\/es\\\/el-cuiner-miquel-calent-tafoner-major-de-la-do-oli-de-mallorca#respond\"]}]},{\"@type\":\"WebPage\",\"@id\":\"https:\\\/\\\/gastronomicament.cat\\\/es\\\/el-cuiner-miquel-calent-tafoner-major-de-la-do-oli-de-mallorca\",\"url\":\"https:\\\/\\\/gastronomicament.cat\\\/es\\\/el-cuiner-miquel-calent-tafoner-major-de-la-do-oli-de-mallorca\",\"name\":\"El cuiner Miquel Calent, Tafoner Major de la DO Oli de Mallorca - Gastron\u00f2micament\",\"isPartOf\":{\"@id\":\"https:\\\/\\\/gastronomicament.cat\\\/es\\\/#website\"},\"primaryImageOfPage\":{\"@id\":\"https:\\\/\\\/gastronomicament.cat\\\/es\\\/el-cuiner-miquel-calent-tafoner-major-de-la-do-oli-de-mallorca#primaryimage\"},\"image\":{\"@id\":\"https:\\\/\\\/gastronomicament.cat\\\/es\\\/el-cuiner-miquel-calent-tafoner-major-de-la-do-oli-de-mallorca#primaryimage\"},\"thumbnailUrl\":\"https:\\\/\\\/gastronomicament.cat\\\/wp-content\\\/uploads\\\/2020\\\/12\\\/Tafoner-major-2020.jpg\",\"datePublished\":\"2020-12-22T10:10:03+00:00\",\"description\":\"El cuiner Miquel Calent, Tafoner Major de la DO Oli de Mallorca Actualitat, Concursos i premis El consell regulador de la Denominaci\u00f3 d'Origen Oli de Mallorca ha nomenat\u00a0\u00a0Tafoner Major 2020-2021\u00a0el cuiner Miquel Calent\",\"inLanguage\":\"es\",\"potentialAction\":[{\"@type\":\"ReadAction\",\"target\":[\"https:\\\/\\\/gastronomicament.cat\\\/es\\\/el-cuiner-miquel-calent-tafoner-major-de-la-do-oli-de-mallorca\"]}]},{\"@type\":\"ImageObject\",\"inLanguage\":\"es\",\"@id\":\"https:\\\/\\\/gastronomicament.cat\\\/es\\\/el-cuiner-miquel-calent-tafoner-major-de-la-do-oli-de-mallorca#primaryimage\",\"url\":\"https:\\\/\\\/gastronomicament.cat\\\/wp-content\\\/uploads\\\/2020\\\/12\\\/Tafoner-major-2020.jpg\",\"contentUrl\":\"https:\\\/\\\/gastronomicament.cat\\\/wp-content\\\/uploads\\\/2020\\\/12\\\/Tafoner-major-2020.jpg\",\"width\":1200,\"height\":901},{\"@type\":\"WebSite\",\"@id\":\"https:\\\/\\\/gastronomicament.cat\\\/es\\\/#website\",\"url\":\"https:\\\/\\\/gastronomicament.cat\\\/es\\\/\",\"name\":\"Gastron\u00f2micament\",\"description\":\"Portal de restaurants, receptes i actualitat gastron\u00f2mica\",\"publisher\":{\"@id\":\"https:\\\/\\\/gastronomicament.cat\\\/es\\\/#organization\"},\"potentialAction\":[{\"@type\":\"SearchAction\",\"target\":{\"@type\":\"EntryPoint\",\"urlTemplate\":\"https:\\\/\\\/gastronomicament.cat\\\/es\\\/?s={search_term_string}\"},\"query-input\":{\"@type\":\"PropertyValueSpecification\",\"valueRequired\":true,\"valueName\":\"search_term_string\"}}],\"inLanguage\":\"es\"},{\"@type\":\"Organization\",\"@id\":\"https:\\\/\\\/gastronomicament.cat\\\/es\\\/#organization\",\"name\":\"Gastron\u00f2micament\",\"url\":\"https:\\\/\\\/gastronomicament.cat\\\/es\\\/\",\"logo\":{\"@type\":\"ImageObject\",\"inLanguage\":\"es\",\"@id\":\"https:\\\/\\\/gastronomicament.cat\\\/es\\\/#\\\/schema\\\/logo\\\/image\\\/\",\"url\":\"https:\\\/\\\/gastronomicament.cat\\\/wp-content\\\/uploads\\\/2016\\\/09\\\/header-logo.jpg\",\"contentUrl\":\"https:\\\/\\\/gastronomicament.cat\\\/wp-content\\\/uploads\\\/2016\\\/09\\\/header-logo.jpg\",\"width\":277,\"height\":39,\"caption\":\"Gastron\u00f2micament\"},\"image\":{\"@id\":\"https:\\\/\\\/gastronomicament.cat\\\/es\\\/#\\\/schema\\\/logo\\\/image\\\/\"},\"sameAs\":[\"https:\\\/\\\/x.com\\\/gastronomicamen\"]},{\"@type\":\"Person\",\"@id\":\"https:\\\/\\\/gastronomicament.cat\\\/es\\\/#\\\/schema\\\/person\\\/a7c85c537a1ed62799a5b8e0f686a37f\",\"name\":\"Redacci\u00f3\",\"image\":{\"@type\":\"ImageObject\",\"inLanguage\":\"es\",\"@id\":\"https:\\\/\\\/secure.gravatar.com\\\/avatar\\\/9489a485c464fd611d33825daae651d13db70c4e74c65c94937a15a9d4c3ee14?s=96&d=mm&r=g69fea3cce3645dfa2166e7293e22955e\",\"url\":\"https:\\\/\\\/secure.gravatar.com\\\/avatar\\\/9489a485c464fd611d33825daae651d13db70c4e74c65c94937a15a9d4c3ee14?s=96&d=mm&r=g\",\"contentUrl\":\"https:\\\/\\\/secure.gravatar.com\\\/avatar\\\/9489a485c464fd611d33825daae651d13db70c4e74c65c94937a15a9d4c3ee14?s=96&d=mm&r=g\",\"caption\":\"Redacci\u00f3\"},\"sameAs\":[\"http:\\\/\\\/gastronomicament.cat\"],\"url\":\"https:\\\/\\\/gastronomicament.cat\\\/es\\\/author\\\/admin\"}]}<\/script>\n<!-- \/ Yoast SEO plugin. -->","yoast_head_json":{"title":"El cuiner Miquel Calent, Tafoner Major de la DO Oli de Mallorca - Gastron\u00f2micament","description":"El cuiner Miquel Calent, Tafoner Major de la DO Oli de Mallorca Actualitat, Concursos i premis El consell regulador de la Denominaci\u00f3 d'Origen Oli de Mallorca ha nomenat\u00a0\u00a0Tafoner Major 2020-2021\u00a0el cuiner Miquel Calent","robots":{"index":"index","follow":"follow","max-snippet":"max-snippet:-1","max-image-preview":"max-image-preview:large","max-video-preview":"max-video-preview:-1"},"canonical":"https:\/\/gastronomicament.cat\/es\/el-cuiner-miquel-calent-tafoner-major-de-la-do-oli-de-mallorca","og_locale":"es_ES","og_type":"article","og_title":"El cuiner Miquel Calent, Tafoner Major de la DO Oli de Mallorca - Gastron\u00f2micament","og_description":"El cuiner Miquel Calent, Tafoner Major de la DO Oli de Mallorca Actualitat, Concursos i premis El consell regulador de la Denominaci\u00f3 d'Origen Oli de Mallorca ha nomenat\u00a0\u00a0Tafoner Major 2020-2021\u00a0el cuiner Miquel Calent","og_url":"https:\/\/gastronomicament.cat\/es\/el-cuiner-miquel-calent-tafoner-major-de-la-do-oli-de-mallorca","og_site_name":"Gastron\u00f2micament","article_published_time":"2020-12-22T10:10:03+00:00","og_image":[{"width":1200,"height":901,"url":"https:\/\/gastronomicament.cat\/wp-content\/uploads\/2020\/12\/Tafoner-major-2020.jpg","type":"image\/jpeg"}],"author":"Redacci\u00f3","twitter_card":"summary_large_image","twitter_creator":"@gastronomicamen","twitter_site":"@gastronomicamen","twitter_misc":{"Escrito por":"Redacci\u00f3","Tiempo de lectura":"1 minuto","Written by":"Redacci\u00f3"},"schema":{"@context":"https:\/\/schema.org","@graph":[{"@type":"Article","@id":"https:\/\/gastronomicament.cat\/es\/el-cuiner-miquel-calent-tafoner-major-de-la-do-oli-de-mallorca#article","isPartOf":{"@id":"https:\/\/gastronomicament.cat\/es\/el-cuiner-miquel-calent-tafoner-major-de-la-do-oli-de-mallorca"},"author":{"name":"Redacci\u00f3","@id":"https:\/\/gastronomicament.cat\/es\/#\/schema\/person\/a7c85c537a1ed62799a5b8e0f686a37f"},"headline":"El cuiner Miquel Calent, Tafoner Major de la DO Oli de Mallorca","datePublished":"2020-12-22T10:10:03+00:00","mainEntityOfPage":{"@id":"https:\/\/gastronomicament.cat\/es\/el-cuiner-miquel-calent-tafoner-major-de-la-do-oli-de-mallorca"},"wordCount":172,"commentCount":0,"publisher":{"@id":"https:\/\/gastronomicament.cat\/es\/#organization"},"image":{"@id":"https:\/\/gastronomicament.cat\/es\/el-cuiner-miquel-calent-tafoner-major-de-la-do-oli-de-mallorca#primaryimage"},"thumbnailUrl":"https:\/\/gastronomicament.cat\/wp-content\/uploads\/2020\/12\/Tafoner-major-2020.jpg","articleSection":["Actualitat","Concursos i premis"],"inLanguage":"es","potentialAction":[{"@type":"CommentAction","name":"Comment","target":["https:\/\/gastronomicament.cat\/es\/el-cuiner-miquel-calent-tafoner-major-de-la-do-oli-de-mallorca#respond"]}]},{"@type":"WebPage","@id":"https:\/\/gastronomicament.cat\/es\/el-cuiner-miquel-calent-tafoner-major-de-la-do-oli-de-mallorca","url":"https:\/\/gastronomicament.cat\/es\/el-cuiner-miquel-calent-tafoner-major-de-la-do-oli-de-mallorca","name":"El cuiner Miquel Calent, Tafoner Major de la DO Oli de Mallorca - Gastron\u00f2micament","isPartOf":{"@id":"https:\/\/gastronomicament.cat\/es\/#website"},"primaryImageOfPage":{"@id":"https:\/\/gastronomicament.cat\/es\/el-cuiner-miquel-calent-tafoner-major-de-la-do-oli-de-mallorca#primaryimage"},"image":{"@id":"https:\/\/gastronomicament.cat\/es\/el-cuiner-miquel-calent-tafoner-major-de-la-do-oli-de-mallorca#primaryimage"},"thumbnailUrl":"https:\/\/gastronomicament.cat\/wp-content\/uploads\/2020\/12\/Tafoner-major-2020.jpg","datePublished":"2020-12-22T10:10:03+00:00","description":"El cuiner Miquel Calent, Tafoner Major de la DO Oli de Mallorca Actualitat, Concursos i premis El consell regulador de la Denominaci\u00f3 d'Origen Oli de Mallorca ha nomenat\u00a0\u00a0Tafoner Major 2020-2021\u00a0el cuiner Miquel Calent","inLanguage":"es","potentialAction":[{"@type":"ReadAction","target":["https:\/\/gastronomicament.cat\/es\/el-cuiner-miquel-calent-tafoner-major-de-la-do-oli-de-mallorca"]}]},{"@type":"ImageObject","inLanguage":"es","@id":"https:\/\/gastronomicament.cat\/es\/el-cuiner-miquel-calent-tafoner-major-de-la-do-oli-de-mallorca#primaryimage","url":"https:\/\/gastronomicament.cat\/wp-content\/uploads\/2020\/12\/Tafoner-major-2020.jpg","contentUrl":"https:\/\/gastronomicament.cat\/wp-content\/uploads\/2020\/12\/Tafoner-major-2020.jpg","width":1200,"height":901},{"@type":"WebSite","@id":"https:\/\/gastronomicament.cat\/es\/#website","url":"https:\/\/gastronomicament.cat\/es\/","name":"Gastron\u00f2micament","description":"Portal de restaurants, receptes i actualitat gastron\u00f2mica","publisher":{"@id":"https:\/\/gastronomicament.cat\/es\/#organization"},"potentialAction":[{"@type":"SearchAction","target":{"@type":"EntryPoint","urlTemplate":"https:\/\/gastronomicament.cat\/es\/?s={search_term_string}"},"query-input":{"@type":"PropertyValueSpecification","valueRequired":true,"valueName":"search_term_string"}}],"inLanguage":"es"},{"@type":"Organization","@id":"https:\/\/gastronomicament.cat\/es\/#organization","name":"Gastron\u00f2micament","url":"https:\/\/gastronomicament.cat\/es\/","logo":{"@type":"ImageObject","inLanguage":"es","@id":"https:\/\/gastronomicament.cat\/es\/#\/schema\/logo\/image\/","url":"https:\/\/gastronomicament.cat\/wp-content\/uploads\/2016\/09\/header-logo.jpg","contentUrl":"https:\/\/gastronomicament.cat\/wp-content\/uploads\/2016\/09\/header-logo.jpg","width":277,"height":39,"caption":"Gastron\u00f2micament"},"image":{"@id":"https:\/\/gastronomicament.cat\/es\/#\/schema\/logo\/image\/"},"sameAs":["https:\/\/x.com\/gastronomicamen"]},{"@type":"Person","@id":"https:\/\/gastronomicament.cat\/es\/#\/schema\/person\/a7c85c537a1ed62799a5b8e0f686a37f","name":"Redacci\u00f3","image":{"@type":"ImageObject","inLanguage":"es","@id":"https:\/\/secure.gravatar.com\/avatar\/9489a485c464fd611d33825daae651d13db70c4e74c65c94937a15a9d4c3ee14?s=96&d=mm&r=g69fea3cce3645dfa2166e7293e22955e","url":"https:\/\/secure.gravatar.com\/avatar\/9489a485c464fd611d33825daae651d13db70c4e74c65c94937a15a9d4c3ee14?s=96&d=mm&r=g","contentUrl":"https:\/\/secure.gravatar.com\/avatar\/9489a485c464fd611d33825daae651d13db70c4e74c65c94937a15a9d4c3ee14?s=96&d=mm&r=g","caption":"Redacci\u00f3"},"sameAs":["http:\/\/gastronomicament.cat"],"url":"https:\/\/gastronomicament.cat\/es\/author\/admin"}]}},"_links":{"self":[{"href":"https:\/\/gastronomicament.cat\/es\/wp-json\/wp\/v2\/posts\/59385","targetHints":{"allow":["GET"]}}],"collection":[{"href":"https:\/\/gastronomicament.cat\/es\/wp-json\/wp\/v2\/posts"}],"about":[{"href":"https:\/\/gastronomicament.cat\/es\/wp-json\/wp\/v2\/types\/post"}],"author":[{"embeddable":true,"href":"https:\/\/gastronomicament.cat\/es\/wp-json\/wp\/v2\/users\/1"}],"replies":[{"embeddable":true,"href":"https:\/\/gastronomicament.cat\/es\/wp-json\/wp\/v2\/comments?post=59385"}],"version-history":[{"count":0,"href":"https:\/\/gastronomicament.cat\/es\/wp-json\/wp\/v2\/posts\/59385\/revisions"}],"wp:featuredmedia":[{"embeddable":true,"href":"https:\/\/gastronomicament.cat\/es\/wp-json\/wp\/v2\/media\/43208"}],"wp:attachment":[{"href":"https:\/\/gastronomicament.cat\/es\/wp-json\/wp\/v2\/media?parent=59385"}],"wp:term":[{"taxonomy":"category","embeddable":true,"href":"https:\/\/gastronomicament.cat\/es\/wp-json\/wp\/v2\/categories?post=59385"},{"taxonomy":"post_tag","embeddable":true,"href":"https:\/\/gastronomicament.cat\/es\/wp-json\/wp\/v2\/tags?post=59385"},{"taxonomy":"author","embeddable":true,"href":"https:\/\/gastronomicament.cat\/es\/wp-json\/wp\/v2\/coauthors?post=59385"}],"curies":[{"name":"wp","href":"https:\/\/api.w.org\/{rel}","templated":true}]}}