{"id":59398,"date":"2020-12-17T11:27:04","date_gmt":"2020-12-17T10:27:04","guid":{"rendered":"https:\/\/gastronomicament.cat\/loli-verge-de-mallorca-comenca-a-arribar-als-comercos"},"modified":"2022-04-09T09:32:24","modified_gmt":"2022-04-09T07:32:24","slug":"loli-verge-de-mallorca-comenca-a-arribar-als-comercos","status":"publish","type":"post","link":"https:\/\/gastronomicament.cat\/es\/loli-verge-de-mallorca-comenca-a-arribar-als-comercos","title":{"rendered":"L&#8217;oli verge de Mallorca comen\u00e7a a arribar als comer\u00e7os"},"content":{"rendered":"<p>L&#8217;oli d\u2019oliva verge extra novell amb Denominaci\u00f3 d\u2019Origen Oli de Mallorca d\u2019aquesta campanya 2020-2021 comen\u00e7a a arribar a comer\u00e7os i establiments de restauraci\u00f3. Es tracta d&#8217;un oli de qualitat considerable, afruitat i equilibrat.<\/p>\n<p>Encara hi ha tafones que fan oli actualment, per\u00f2 es pot afirmar que han entrat als establiments inscrits a la DO Oli de Mallorca m\u00e9s de 3.000 tones d\u2019oliva de les varietats emparades sota el segell de qualitat: Mallorquina, Arbequina, Piqual i Empeltre, i s&#8217;ha aconseguit una anyada lleugerament inferior a la de la campanya anterior. El motiu \u00e9s que aquesta campanya ha estat marcada per la maduraci\u00f3 primerenca de l\u2019oliva, de manera que la collita s\u2019ha avan\u00e7at unes setmanes. A m\u00e9s, alguns olivars han patit danys per la tempesta del mes d\u2019agost i \u00a0altres (principalment a la Serra de Tramuntana) han vist limitada la producci\u00f3 pel corc de capoll.<\/p>\n<p>A la DO Oli de Mallorca, hi ha inscrits m\u00e9s de 700 olivicultors que gestionen m\u00e9s de mig mili\u00f3 d\u2019oliveres arreu l\u2019illa. A m\u00e9s enguany s\u2019han sumat al segell de qualitat dues noves tafones: Ca n\u2019Axartell i Pedro G\u00f3mez i dues envasadores: Fet a S\u00f3ller i Indesinenter.<\/p>\n<p>L&#8217;Oli de Mallorca, per tant, torna ser una producci\u00f3 molt valuosa, que arriba puntual a la seva cita amb les fam\u00edlies i els establiments que vulguin gaudir d&#8217;un producte local i saludable, essencial per al manteniment del m\u00f3n rural de Mallorca.<\/p>\n","protected":false},"excerpt":{"rendered":"<p>L&#8217;oli d\u2019oliva verge extra novell amb Denominaci\u00f3 d\u2019Origen Oli de Mallorca d\u2019aquesta campanya 2020-2021 comen\u00e7a a&hellip;<\/p>\n","protected":false},"author":1,"featured_media":43204,"comment_status":"open","ping_status":"closed","sticky":false,"template":"","format":"gallery","meta":{"_acf_changed":false,"_swt_meta_header_display":false,"_swt_meta_footer_display":false,"_swt_meta_site_title_display":false,"_swt_meta_sticky_header":false,"_swt_meta_transparent_header":false,"footnotes":""},"categories":[1003,1477],"tags":[],"coauthors":[],"class_list":["post-59398","post","type-post","status-publish","format-gallery","has-post-thumbnail","hentry","category-actualitat-es","category-reportatges-i-novetats-es","post_format-post-format-gallery"],"acf":{"gallery":null,"home_date":{"home_begin_date":null,"home_end_date":null}},"yoast_head":"<!-- This site is optimized with the Yoast SEO plugin v27.4 - https:\/\/yoast.com\/product\/yoast-seo-wordpress\/ -->\n<title>L&#039;oli verge de Mallorca comen\u00e7a a arribar als comer\u00e7os - Gastron\u00f2micament<\/title>\n<meta name=\"description\" content=\"L&#039;oli verge de Mallorca comen\u00e7a a arribar als comer\u00e7os Actualitat, Reportatges i novetats L&#039;oli d\u2019oliva verge extra novell amb Denominaci\u00f3 d\u2019Origen Oli de Mallorca d\u2019aquesta campanya 2020-2021 comen\u00e7a a arribar a comer\u00e7os i establiments de restauraci\u00f3. Es tracta d&#039;un oli de qualitat considerable, afruitat i equilibrat\" \/>\n<meta name=\"robots\" content=\"index, follow, max-snippet:-1, max-image-preview:large, max-video-preview:-1\" \/>\n<link rel=\"canonical\" href=\"https:\/\/gastronomicament.cat\/es\/loli-verge-de-mallorca-comenca-a-arribar-als-comercos\" \/>\n<meta property=\"og:locale\" content=\"es_ES\" \/>\n<meta property=\"og:type\" content=\"article\" \/>\n<meta property=\"og:title\" content=\"L&#039;oli verge de Mallorca comen\u00e7a a arribar als comer\u00e7os - Gastron\u00f2micament\" \/>\n<meta property=\"og:description\" content=\"L&#039;oli verge de Mallorca comen\u00e7a a arribar als comer\u00e7os Actualitat, Reportatges i novetats L&#039;oli d\u2019oliva verge extra novell amb Denominaci\u00f3 d\u2019Origen Oli de Mallorca d\u2019aquesta campanya 2020-2021 comen\u00e7a a arribar a comer\u00e7os i establiments de restauraci\u00f3. Es tracta d&#039;un oli de qualitat considerable, afruitat i equilibrat\" \/>\n<meta property=\"og:url\" content=\"https:\/\/gastronomicament.cat\/es\/loli-verge-de-mallorca-comenca-a-arribar-als-comercos\" \/>\n<meta property=\"og:site_name\" content=\"Gastron\u00f2micament\" \/>\n<meta property=\"article:published_time\" content=\"2020-12-17T10:27:04+00:00\" \/>\n<meta property=\"article:modified_time\" content=\"2022-04-09T07:32:24+00:00\" \/>\n<meta property=\"og:image\" content=\"https:\/\/gastronomicament.cat\/wp-content\/uploads\/2020\/12\/Oli-de-Mallorca-2020.jpg\" \/>\n\t<meta property=\"og:image:width\" content=\"2000\" \/>\n\t<meta property=\"og:image:height\" content=\"1333\" \/>\n\t<meta property=\"og:image:type\" content=\"image\/jpeg\" \/>\n<meta name=\"author\" content=\"Redacci\u00f3\" \/>\n<meta name=\"twitter:card\" content=\"summary_large_image\" \/>\n<meta name=\"twitter:creator\" content=\"@gastronomicamen\" \/>\n<meta name=\"twitter:site\" content=\"@gastronomicamen\" \/>\n<meta name=\"twitter:label1\" content=\"Escrito por\" \/>\n\t<meta name=\"twitter:data1\" content=\"Redacci\u00f3\" \/>\n\t<meta name=\"twitter:label2\" content=\"Tiempo de lectura\" \/>\n\t<meta name=\"twitter:data2\" content=\"1 minuto\" \/>\n\t<meta name=\"twitter:label3\" content=\"Written by\" \/>\n\t<meta name=\"twitter:data3\" content=\"Redacci\u00f3\" \/>\n<script type=\"application\/ld+json\" class=\"yoast-schema-graph\">{\"@context\":\"https:\\\/\\\/schema.org\",\"@graph\":[{\"@type\":\"Article\",\"@id\":\"https:\\\/\\\/gastronomicament.cat\\\/es\\\/loli-verge-de-mallorca-comenca-a-arribar-als-comercos#article\",\"isPartOf\":{\"@id\":\"https:\\\/\\\/gastronomicament.cat\\\/es\\\/loli-verge-de-mallorca-comenca-a-arribar-als-comercos\"},\"author\":{\"name\":\"Redacci\u00f3\",\"@id\":\"https:\\\/\\\/gastronomicament.cat\\\/es\\\/#\\\/schema\\\/person\\\/a7c85c537a1ed62799a5b8e0f686a37f\"},\"headline\":\"L&#8217;oli verge de Mallorca comen\u00e7a a arribar als comer\u00e7os\",\"datePublished\":\"2020-12-17T10:27:04+00:00\",\"dateModified\":\"2022-04-09T07:32:24+00:00\",\"mainEntityOfPage\":{\"@id\":\"https:\\\/\\\/gastronomicament.cat\\\/es\\\/loli-verge-de-mallorca-comenca-a-arribar-als-comercos\"},\"wordCount\":263,\"commentCount\":0,\"publisher\":{\"@id\":\"https:\\\/\\\/gastronomicament.cat\\\/es\\\/#organization\"},\"image\":{\"@id\":\"https:\\\/\\\/gastronomicament.cat\\\/es\\\/loli-verge-de-mallorca-comenca-a-arribar-als-comercos#primaryimage\"},\"thumbnailUrl\":\"https:\\\/\\\/gastronomicament.cat\\\/wp-content\\\/uploads\\\/2020\\\/12\\\/Oli-de-Mallorca-2020.jpg\",\"articleSection\":[\"Actualitat\",\"Reportatges i novetats\"],\"inLanguage\":\"es\",\"potentialAction\":[{\"@type\":\"CommentAction\",\"name\":\"Comment\",\"target\":[\"https:\\\/\\\/gastronomicament.cat\\\/es\\\/loli-verge-de-mallorca-comenca-a-arribar-als-comercos#respond\"]}]},{\"@type\":\"WebPage\",\"@id\":\"https:\\\/\\\/gastronomicament.cat\\\/es\\\/loli-verge-de-mallorca-comenca-a-arribar-als-comercos\",\"url\":\"https:\\\/\\\/gastronomicament.cat\\\/es\\\/loli-verge-de-mallorca-comenca-a-arribar-als-comercos\",\"name\":\"L'oli verge de Mallorca comen\u00e7a a arribar als comer\u00e7os - Gastron\u00f2micament\",\"isPartOf\":{\"@id\":\"https:\\\/\\\/gastronomicament.cat\\\/es\\\/#website\"},\"primaryImageOfPage\":{\"@id\":\"https:\\\/\\\/gastronomicament.cat\\\/es\\\/loli-verge-de-mallorca-comenca-a-arribar-als-comercos#primaryimage\"},\"image\":{\"@id\":\"https:\\\/\\\/gastronomicament.cat\\\/es\\\/loli-verge-de-mallorca-comenca-a-arribar-als-comercos#primaryimage\"},\"thumbnailUrl\":\"https:\\\/\\\/gastronomicament.cat\\\/wp-content\\\/uploads\\\/2020\\\/12\\\/Oli-de-Mallorca-2020.jpg\",\"datePublished\":\"2020-12-17T10:27:04+00:00\",\"dateModified\":\"2022-04-09T07:32:24+00:00\",\"description\":\"L'oli verge de Mallorca comen\u00e7a a arribar als comer\u00e7os Actualitat, Reportatges i novetats L'oli d\u2019oliva verge extra novell amb Denominaci\u00f3 d\u2019Origen Oli de Mallorca d\u2019aquesta campanya 2020-2021 comen\u00e7a a arribar a comer\u00e7os i establiments de restauraci\u00f3. Es tracta d'un oli de qualitat considerable, afruitat i equilibrat\",\"inLanguage\":\"es\",\"potentialAction\":[{\"@type\":\"ReadAction\",\"target\":[\"https:\\\/\\\/gastronomicament.cat\\\/es\\\/loli-verge-de-mallorca-comenca-a-arribar-als-comercos\"]}]},{\"@type\":\"ImageObject\",\"inLanguage\":\"es\",\"@id\":\"https:\\\/\\\/gastronomicament.cat\\\/es\\\/loli-verge-de-mallorca-comenca-a-arribar-als-comercos#primaryimage\",\"url\":\"https:\\\/\\\/gastronomicament.cat\\\/wp-content\\\/uploads\\\/2020\\\/12\\\/Oli-de-Mallorca-2020.jpg\",\"contentUrl\":\"https:\\\/\\\/gastronomicament.cat\\\/wp-content\\\/uploads\\\/2020\\\/12\\\/Oli-de-Mallorca-2020.jpg\",\"width\":2000,\"height\":1333},{\"@type\":\"WebSite\",\"@id\":\"https:\\\/\\\/gastronomicament.cat\\\/es\\\/#website\",\"url\":\"https:\\\/\\\/gastronomicament.cat\\\/es\\\/\",\"name\":\"Gastron\u00f2micament\",\"description\":\"Portal de restaurants, receptes i actualitat gastron\u00f2mica\",\"publisher\":{\"@id\":\"https:\\\/\\\/gastronomicament.cat\\\/es\\\/#organization\"},\"potentialAction\":[{\"@type\":\"SearchAction\",\"target\":{\"@type\":\"EntryPoint\",\"urlTemplate\":\"https:\\\/\\\/gastronomicament.cat\\\/es\\\/?s={search_term_string}\"},\"query-input\":{\"@type\":\"PropertyValueSpecification\",\"valueRequired\":true,\"valueName\":\"search_term_string\"}}],\"inLanguage\":\"es\"},{\"@type\":\"Organization\",\"@id\":\"https:\\\/\\\/gastronomicament.cat\\\/es\\\/#organization\",\"name\":\"Gastron\u00f2micament\",\"url\":\"https:\\\/\\\/gastronomicament.cat\\\/es\\\/\",\"logo\":{\"@type\":\"ImageObject\",\"inLanguage\":\"es\",\"@id\":\"https:\\\/\\\/gastronomicament.cat\\\/es\\\/#\\\/schema\\\/logo\\\/image\\\/\",\"url\":\"https:\\\/\\\/gastronomicament.cat\\\/wp-content\\\/uploads\\\/2016\\\/09\\\/header-logo.jpg\",\"contentUrl\":\"https:\\\/\\\/gastronomicament.cat\\\/wp-content\\\/uploads\\\/2016\\\/09\\\/header-logo.jpg\",\"width\":277,\"height\":39,\"caption\":\"Gastron\u00f2micament\"},\"image\":{\"@id\":\"https:\\\/\\\/gastronomicament.cat\\\/es\\\/#\\\/schema\\\/logo\\\/image\\\/\"},\"sameAs\":[\"https:\\\/\\\/x.com\\\/gastronomicamen\"]},{\"@type\":\"Person\",\"@id\":\"https:\\\/\\\/gastronomicament.cat\\\/es\\\/#\\\/schema\\\/person\\\/a7c85c537a1ed62799a5b8e0f686a37f\",\"name\":\"Redacci\u00f3\",\"image\":{\"@type\":\"ImageObject\",\"inLanguage\":\"es\",\"@id\":\"https:\\\/\\\/secure.gravatar.com\\\/avatar\\\/9489a485c464fd611d33825daae651d13db70c4e74c65c94937a15a9d4c3ee14?s=96&d=mm&r=g69fea3cce3645dfa2166e7293e22955e\",\"url\":\"https:\\\/\\\/secure.gravatar.com\\\/avatar\\\/9489a485c464fd611d33825daae651d13db70c4e74c65c94937a15a9d4c3ee14?s=96&d=mm&r=g\",\"contentUrl\":\"https:\\\/\\\/secure.gravatar.com\\\/avatar\\\/9489a485c464fd611d33825daae651d13db70c4e74c65c94937a15a9d4c3ee14?s=96&d=mm&r=g\",\"caption\":\"Redacci\u00f3\"},\"sameAs\":[\"http:\\\/\\\/gastronomicament.cat\"],\"url\":\"https:\\\/\\\/gastronomicament.cat\\\/es\\\/author\\\/admin\"}]}<\/script>\n<!-- \/ Yoast SEO plugin. -->","yoast_head_json":{"title":"L'oli verge de Mallorca comen\u00e7a a arribar als comer\u00e7os - Gastron\u00f2micament","description":"L'oli verge de Mallorca comen\u00e7a a arribar als comer\u00e7os Actualitat, Reportatges i novetats L'oli d\u2019oliva verge extra novell amb Denominaci\u00f3 d\u2019Origen Oli de Mallorca d\u2019aquesta campanya 2020-2021 comen\u00e7a a arribar a comer\u00e7os i establiments de restauraci\u00f3. Es tracta d'un oli de qualitat considerable, afruitat i equilibrat","robots":{"index":"index","follow":"follow","max-snippet":"max-snippet:-1","max-image-preview":"max-image-preview:large","max-video-preview":"max-video-preview:-1"},"canonical":"https:\/\/gastronomicament.cat\/es\/loli-verge-de-mallorca-comenca-a-arribar-als-comercos","og_locale":"es_ES","og_type":"article","og_title":"L'oli verge de Mallorca comen\u00e7a a arribar als comer\u00e7os - Gastron\u00f2micament","og_description":"L'oli verge de Mallorca comen\u00e7a a arribar als comer\u00e7os Actualitat, Reportatges i novetats L'oli d\u2019oliva verge extra novell amb Denominaci\u00f3 d\u2019Origen Oli de Mallorca d\u2019aquesta campanya 2020-2021 comen\u00e7a a arribar a comer\u00e7os i establiments de restauraci\u00f3. Es tracta d'un oli de qualitat considerable, afruitat i equilibrat","og_url":"https:\/\/gastronomicament.cat\/es\/loli-verge-de-mallorca-comenca-a-arribar-als-comercos","og_site_name":"Gastron\u00f2micament","article_published_time":"2020-12-17T10:27:04+00:00","article_modified_time":"2022-04-09T07:32:24+00:00","og_image":[{"width":2000,"height":1333,"url":"https:\/\/gastronomicament.cat\/wp-content\/uploads\/2020\/12\/Oli-de-Mallorca-2020.jpg","type":"image\/jpeg"}],"author":"Redacci\u00f3","twitter_card":"summary_large_image","twitter_creator":"@gastronomicamen","twitter_site":"@gastronomicamen","twitter_misc":{"Escrito por":"Redacci\u00f3","Tiempo de lectura":"1 minuto","Written by":"Redacci\u00f3"},"schema":{"@context":"https:\/\/schema.org","@graph":[{"@type":"Article","@id":"https:\/\/gastronomicament.cat\/es\/loli-verge-de-mallorca-comenca-a-arribar-als-comercos#article","isPartOf":{"@id":"https:\/\/gastronomicament.cat\/es\/loli-verge-de-mallorca-comenca-a-arribar-als-comercos"},"author":{"name":"Redacci\u00f3","@id":"https:\/\/gastronomicament.cat\/es\/#\/schema\/person\/a7c85c537a1ed62799a5b8e0f686a37f"},"headline":"L&#8217;oli verge de Mallorca comen\u00e7a a arribar als comer\u00e7os","datePublished":"2020-12-17T10:27:04+00:00","dateModified":"2022-04-09T07:32:24+00:00","mainEntityOfPage":{"@id":"https:\/\/gastronomicament.cat\/es\/loli-verge-de-mallorca-comenca-a-arribar-als-comercos"},"wordCount":263,"commentCount":0,"publisher":{"@id":"https:\/\/gastronomicament.cat\/es\/#organization"},"image":{"@id":"https:\/\/gastronomicament.cat\/es\/loli-verge-de-mallorca-comenca-a-arribar-als-comercos#primaryimage"},"thumbnailUrl":"https:\/\/gastronomicament.cat\/wp-content\/uploads\/2020\/12\/Oli-de-Mallorca-2020.jpg","articleSection":["Actualitat","Reportatges i novetats"],"inLanguage":"es","potentialAction":[{"@type":"CommentAction","name":"Comment","target":["https:\/\/gastronomicament.cat\/es\/loli-verge-de-mallorca-comenca-a-arribar-als-comercos#respond"]}]},{"@type":"WebPage","@id":"https:\/\/gastronomicament.cat\/es\/loli-verge-de-mallorca-comenca-a-arribar-als-comercos","url":"https:\/\/gastronomicament.cat\/es\/loli-verge-de-mallorca-comenca-a-arribar-als-comercos","name":"L'oli verge de Mallorca comen\u00e7a a arribar als comer\u00e7os - Gastron\u00f2micament","isPartOf":{"@id":"https:\/\/gastronomicament.cat\/es\/#website"},"primaryImageOfPage":{"@id":"https:\/\/gastronomicament.cat\/es\/loli-verge-de-mallorca-comenca-a-arribar-als-comercos#primaryimage"},"image":{"@id":"https:\/\/gastronomicament.cat\/es\/loli-verge-de-mallorca-comenca-a-arribar-als-comercos#primaryimage"},"thumbnailUrl":"https:\/\/gastronomicament.cat\/wp-content\/uploads\/2020\/12\/Oli-de-Mallorca-2020.jpg","datePublished":"2020-12-17T10:27:04+00:00","dateModified":"2022-04-09T07:32:24+00:00","description":"L'oli verge de Mallorca comen\u00e7a a arribar als comer\u00e7os Actualitat, Reportatges i novetats L'oli d\u2019oliva verge extra novell amb Denominaci\u00f3 d\u2019Origen Oli de Mallorca d\u2019aquesta campanya 2020-2021 comen\u00e7a a arribar a comer\u00e7os i establiments de restauraci\u00f3. Es tracta d'un oli de qualitat considerable, afruitat i equilibrat","inLanguage":"es","potentialAction":[{"@type":"ReadAction","target":["https:\/\/gastronomicament.cat\/es\/loli-verge-de-mallorca-comenca-a-arribar-als-comercos"]}]},{"@type":"ImageObject","inLanguage":"es","@id":"https:\/\/gastronomicament.cat\/es\/loli-verge-de-mallorca-comenca-a-arribar-als-comercos#primaryimage","url":"https:\/\/gastronomicament.cat\/wp-content\/uploads\/2020\/12\/Oli-de-Mallorca-2020.jpg","contentUrl":"https:\/\/gastronomicament.cat\/wp-content\/uploads\/2020\/12\/Oli-de-Mallorca-2020.jpg","width":2000,"height":1333},{"@type":"WebSite","@id":"https:\/\/gastronomicament.cat\/es\/#website","url":"https:\/\/gastronomicament.cat\/es\/","name":"Gastron\u00f2micament","description":"Portal de restaurants, receptes i actualitat gastron\u00f2mica","publisher":{"@id":"https:\/\/gastronomicament.cat\/es\/#organization"},"potentialAction":[{"@type":"SearchAction","target":{"@type":"EntryPoint","urlTemplate":"https:\/\/gastronomicament.cat\/es\/?s={search_term_string}"},"query-input":{"@type":"PropertyValueSpecification","valueRequired":true,"valueName":"search_term_string"}}],"inLanguage":"es"},{"@type":"Organization","@id":"https:\/\/gastronomicament.cat\/es\/#organization","name":"Gastron\u00f2micament","url":"https:\/\/gastronomicament.cat\/es\/","logo":{"@type":"ImageObject","inLanguage":"es","@id":"https:\/\/gastronomicament.cat\/es\/#\/schema\/logo\/image\/","url":"https:\/\/gastronomicament.cat\/wp-content\/uploads\/2016\/09\/header-logo.jpg","contentUrl":"https:\/\/gastronomicament.cat\/wp-content\/uploads\/2016\/09\/header-logo.jpg","width":277,"height":39,"caption":"Gastron\u00f2micament"},"image":{"@id":"https:\/\/gastronomicament.cat\/es\/#\/schema\/logo\/image\/"},"sameAs":["https:\/\/x.com\/gastronomicamen"]},{"@type":"Person","@id":"https:\/\/gastronomicament.cat\/es\/#\/schema\/person\/a7c85c537a1ed62799a5b8e0f686a37f","name":"Redacci\u00f3","image":{"@type":"ImageObject","inLanguage":"es","@id":"https:\/\/secure.gravatar.com\/avatar\/9489a485c464fd611d33825daae651d13db70c4e74c65c94937a15a9d4c3ee14?s=96&d=mm&r=g69fea3cce3645dfa2166e7293e22955e","url":"https:\/\/secure.gravatar.com\/avatar\/9489a485c464fd611d33825daae651d13db70c4e74c65c94937a15a9d4c3ee14?s=96&d=mm&r=g","contentUrl":"https:\/\/secure.gravatar.com\/avatar\/9489a485c464fd611d33825daae651d13db70c4e74c65c94937a15a9d4c3ee14?s=96&d=mm&r=g","caption":"Redacci\u00f3"},"sameAs":["http:\/\/gastronomicament.cat"],"url":"https:\/\/gastronomicament.cat\/es\/author\/admin"}]}},"_links":{"self":[{"href":"https:\/\/gastronomicament.cat\/es\/wp-json\/wp\/v2\/posts\/59398","targetHints":{"allow":["GET"]}}],"collection":[{"href":"https:\/\/gastronomicament.cat\/es\/wp-json\/wp\/v2\/posts"}],"about":[{"href":"https:\/\/gastronomicament.cat\/es\/wp-json\/wp\/v2\/types\/post"}],"author":[{"embeddable":true,"href":"https:\/\/gastronomicament.cat\/es\/wp-json\/wp\/v2\/users\/1"}],"replies":[{"embeddable":true,"href":"https:\/\/gastronomicament.cat\/es\/wp-json\/wp\/v2\/comments?post=59398"}],"version-history":[{"count":0,"href":"https:\/\/gastronomicament.cat\/es\/wp-json\/wp\/v2\/posts\/59398\/revisions"}],"wp:featuredmedia":[{"embeddable":true,"href":"https:\/\/gastronomicament.cat\/es\/wp-json\/wp\/v2\/media\/43204"}],"wp:attachment":[{"href":"https:\/\/gastronomicament.cat\/es\/wp-json\/wp\/v2\/media?parent=59398"}],"wp:term":[{"taxonomy":"category","embeddable":true,"href":"https:\/\/gastronomicament.cat\/es\/wp-json\/wp\/v2\/categories?post=59398"},{"taxonomy":"post_tag","embeddable":true,"href":"https:\/\/gastronomicament.cat\/es\/wp-json\/wp\/v2\/tags?post=59398"},{"taxonomy":"author","embeddable":true,"href":"https:\/\/gastronomicament.cat\/es\/wp-json\/wp\/v2\/coauthors?post=59398"}],"curies":[{"name":"wp","href":"https:\/\/api.w.org\/{rel}","templated":true}]}}