{"id":59653,"date":"2020-11-19T09:53:19","date_gmt":"2020-11-19T08:53:19","guid":{"rendered":"https:\/\/gastronomicament.cat\/tapalma-tendra-22-restaurants-participants-al-concurs-i-a-la-ruta-de-tapes"},"modified":"2020-11-19T09:53:19","modified_gmt":"2020-11-19T08:53:19","slug":"tapalma-tendra-22-restaurants-participants-al-concurs-i-a-la-ruta-de-tapes","status":"publish","type":"post","link":"https:\/\/gastronomicament.cat\/es\/tapalma-tendra-22-restaurants-participants-al-concurs-i-a-la-ruta-de-tapes","title":{"rendered":"Tapalma tendr\u00e1 22 restaurants participants al concurs i a la ruta de tapes"},"content":{"rendered":"<p><span style=\"font-weight: 400;\">Dilluns <\/span><b>23 de novembre<\/b><span style=\"font-weight: 400;\"> comencen els actes emmarcats a Tapalma 2020. La primera cita \u00e9s el <\/span><b>concurs de tapes i c\u00f2ctels<\/b><span style=\"font-weight: 400;\">, mentre que la segona es far\u00e0 del <\/span><b>25 al 29 de novembre<\/b><span style=\"font-weight: 400;\"> amb la<\/span><b> ruta de tapes i barquetes<\/b><span style=\"font-weight: 400;\">. En aquesta edici\u00f3 hi participen 22 restaurants i t\u00e9 com a objectiu ajudar a dinamitzar el sector de la restauraci\u00f3 en un moment complicad\u00edssim.<\/span><\/p>\n<p><span style=\"font-weight: 400;\">Els <\/span><b>restaurants que participen a Tapalma 2020<\/b><span style=\"font-weight: 400;\"> s\u00f3n:\u00a0<\/span><\/p>\n<ul>\n<li style=\"font-weight: 400;\"><span style=\"font-weight: 400;\">Vervin<\/span><\/li>\n<li style=\"font-weight: 400;\"><span style=\"font-weight: 400;\">Prosecco de Santa Catalina<\/span><\/li>\n<li style=\"font-weight: 400;\"><span style=\"font-weight: 400;\">Caoba<\/span><\/li>\n<li style=\"font-weight: 400;\"><span style=\"font-weight: 400;\">Shawa deli<\/span><\/li>\n<li style=\"font-weight: 400;\"><span style=\"font-weight: 400;\">Alexander Lounge Bar<\/span><\/li>\n<li style=\"font-weight: 400;\"><span style=\"font-weight: 400;\">Marechiaro<\/span><\/li>\n<li style=\"font-weight: 400;\"><span style=\"font-weight: 400;\">Tasca arrocer\u00eda El Puente<\/span><\/li>\n<li style=\"font-weight: 400;\"><span style=\"font-weight: 400;\">Nola<\/span><\/li>\n<li style=\"font-weight: 400;\"><span style=\"font-weight: 400;\">L&#8217;Informal Tacos<\/span><\/li>\n<li style=\"font-weight: 400;\"><span style=\"font-weight: 400;\">Blu \u00c1gave<\/span><\/li>\n<li style=\"font-weight: 400;\"><span style=\"font-weight: 400;\">Pachamama C\u00f3ctel Bar<\/span><\/li>\n<li style=\"font-weight: 400;\"><span style=\"font-weight: 400;\">La Trastienda<\/span><\/li>\n<li style=\"font-weight: 400;\"><span style=\"font-weight: 400;\">El Bandarra<\/span><\/li>\n<li style=\"font-weight: 400;\"><span style=\"font-weight: 400;\">Assaona<\/span><\/li>\n<li style=\"font-weight: 400;\"><span style=\"font-weight: 400;\">Maleva<\/span><\/li>\n<li style=\"font-weight: 400;\"><span style=\"font-weight: 400;\">Shaka<\/span><\/li>\n<li style=\"font-weight: 400;\"><span style=\"font-weight: 400;\">Ses Coves de G\u00e9nova<\/span><\/li>\n<li style=\"font-weight: 400;\"><span style=\"font-weight: 400;\">Catalina La Fina<\/span><\/li>\n<li style=\"font-weight: 400;\"><span style=\"font-weight: 400;\">La Bohemia<\/span><\/li>\n<li style=\"font-weight: 400;\"><span style=\"font-weight: 400;\">Malamadre<\/span><\/li>\n<li style=\"font-weight: 400;\"><span style=\"font-weight: 400;\">Emblem\u00e0tic\u00a0<\/span><\/li>\n<li style=\"font-weight: 400;\"><span style=\"font-weight: 400;\">Jazminthing\u00a0\u00a0<\/span><\/li>\n<\/ul>\n<p><span style=\"font-weight: 400;\">Sobre el concurs, l&#8217;organitzaci\u00f3 ha anunciat que ser\u00e0 molt segur perqu\u00e8 es faran tests d&#8217;ant\u00edgens a tots els participants i p\u00fablic assistent abans d&#8217;accedir a al Palau de Congressos, gr\u00e0cies a l&#8217;acord que la establert amb Quir\u00f3n Palmaplanas. A l&#8217;interior del recinte, a m\u00e9s, s&#8217;han d&#8217;extremar les precaucions i s&#8217;aplicar\u00e0 un exigent protocol de neteja higienicosanit\u00e0ria per evitar, d&#8217;aquesta manera, qualsevol risc.<\/span><\/p>\n<p><b>Acte solidari<\/b><\/p>\n<p><span style=\"font-weight: 400;\">Tamb\u00e9 en els actes de Tapalma 2020, dimarts<\/span><b> 24 de novembre<\/b><span style=\"font-weight: 400;\"> es far\u00e0 una acci\u00f3 solid\u00e0ria al <\/span><b>menjador social Zaqueo<\/b><span style=\"font-weight: 400;\">, que tendr\u00e0 el suport de\u00a0 la Fundaci\u00f3 La Caixa i Caixabank. Aquesta acci\u00f3 consistir\u00e0 en qu\u00e8 el xef Koldo Royo, president de ASCAIB, i Alfonso Robledo, president de Restauraci\u00f3 CAEB, cuinaran per als usuaris del menjador social Zaqueo que acull unes 250 persones cada dia.<\/span><\/p>\n","protected":false},"excerpt":{"rendered":"<p>Dilluns 23 de novembre comencen els actes emmarcats a Tapalma 2020. La primera cita \u00e9s el&hellip;<\/p>\n","protected":false},"author":1,"featured_media":43096,"comment_status":"open","ping_status":"closed","sticky":false,"template":"","format":"standard","meta":{"_acf_changed":false,"_swt_meta_header_display":false,"_swt_meta_footer_display":false,"_swt_meta_site_title_display":false,"_swt_meta_sticky_header":false,"_swt_meta_transparent_header":false,"footnotes":""},"categories":[1003,1478,1004],"tags":[],"coauthors":[],"class_list":["post-59653","post","type-post","status-publish","format-standard","has-post-thumbnail","hentry","category-actualitat-es","category-concursos-i-premis-es","category-fires-i-rutes-es"],"acf":{"gallery":null,"home_date":{"home_begin_date":null,"home_end_date":null}},"yoast_head":"<!-- This site is optimized with the Yoast SEO plugin v27.4 - https:\/\/yoast.com\/product\/yoast-seo-wordpress\/ -->\n<title>Tapalma tendr\u00e1 22 restaurants participants al concurs i a la ruta de tapes - Gastron\u00f2micament<\/title>\n<meta name=\"description\" content=\"Tapalma tendr\u00e1 22 restaurants participants al concurs i a la ruta de tapes Actualitat, Concursos i premis, Fires i rutes Dilluns 23 de novembre comencen els actes emmarcats a Tapalma 2020. La primera cita \u00e9s el concurs de tapes i c\u00f2ctels, mentre que la segona es far\u00e0 del 25 al 29 de novembre amb la ruta de tapes i barquetes\" \/>\n<meta name=\"robots\" content=\"index, follow, max-snippet:-1, max-image-preview:large, max-video-preview:-1\" \/>\n<link rel=\"canonical\" href=\"https:\/\/gastronomicament.cat\/es\/tapalma-tendra-22-restaurants-participants-al-concurs-i-a-la-ruta-de-tapes\" \/>\n<meta property=\"og:locale\" content=\"es_ES\" \/>\n<meta property=\"og:type\" content=\"article\" \/>\n<meta property=\"og:title\" content=\"Tapalma tendr\u00e1 22 restaurants participants al concurs i a la ruta de tapes - Gastron\u00f2micament\" \/>\n<meta property=\"og:description\" content=\"Tapalma tendr\u00e1 22 restaurants participants al concurs i a la ruta de tapes Actualitat, Concursos i premis, Fires i rutes Dilluns 23 de novembre comencen els actes emmarcats a Tapalma 2020. La primera cita \u00e9s el concurs de tapes i c\u00f2ctels, mentre que la segona es far\u00e0 del 25 al 29 de novembre amb la ruta de tapes i barquetes\" \/>\n<meta property=\"og:url\" content=\"https:\/\/gastronomicament.cat\/es\/tapalma-tendra-22-restaurants-participants-al-concurs-i-a-la-ruta-de-tapes\" \/>\n<meta property=\"og:site_name\" content=\"Gastron\u00f2micament\" \/>\n<meta property=\"article:published_time\" content=\"2020-11-19T08:53:19+00:00\" \/>\n<meta property=\"og:image\" content=\"https:\/\/gastronomicament.cat\/wp-content\/uploads\/2020\/11\/Tapalma-2020.jpg\" \/>\n\t<meta property=\"og:image:width\" content=\"1200\" \/>\n\t<meta property=\"og:image:height\" content=\"525\" \/>\n\t<meta property=\"og:image:type\" content=\"image\/jpeg\" \/>\n<meta name=\"author\" content=\"Redacci\u00f3\" \/>\n<meta name=\"twitter:card\" content=\"summary_large_image\" \/>\n<meta name=\"twitter:creator\" content=\"@gastronomicamen\" \/>\n<meta name=\"twitter:site\" content=\"@gastronomicamen\" \/>\n<meta name=\"twitter:label1\" content=\"Escrito por\" \/>\n\t<meta name=\"twitter:data1\" content=\"Redacci\u00f3\" \/>\n\t<meta name=\"twitter:label2\" content=\"Tiempo de lectura\" \/>\n\t<meta name=\"twitter:data2\" content=\"1 minuto\" \/>\n\t<meta name=\"twitter:label3\" content=\"Written by\" \/>\n\t<meta name=\"twitter:data3\" content=\"Redacci\u00f3\" \/>\n<script type=\"application\/ld+json\" class=\"yoast-schema-graph\">{\"@context\":\"https:\\\/\\\/schema.org\",\"@graph\":[{\"@type\":\"Article\",\"@id\":\"https:\\\/\\\/gastronomicament.cat\\\/es\\\/tapalma-tendra-22-restaurants-participants-al-concurs-i-a-la-ruta-de-tapes#article\",\"isPartOf\":{\"@id\":\"https:\\\/\\\/gastronomicament.cat\\\/es\\\/tapalma-tendra-22-restaurants-participants-al-concurs-i-a-la-ruta-de-tapes\"},\"author\":{\"name\":\"Redacci\u00f3\",\"@id\":\"https:\\\/\\\/gastronomicament.cat\\\/es\\\/#\\\/schema\\\/person\\\/a7c85c537a1ed62799a5b8e0f686a37f\"},\"headline\":\"Tapalma tendr\u00e1 22 restaurants participants al concurs i a la ruta de tapes\",\"datePublished\":\"2020-11-19T08:53:19+00:00\",\"mainEntityOfPage\":{\"@id\":\"https:\\\/\\\/gastronomicament.cat\\\/es\\\/tapalma-tendra-22-restaurants-participants-al-concurs-i-a-la-ruta-de-tapes\"},\"wordCount\":261,\"commentCount\":0,\"publisher\":{\"@id\":\"https:\\\/\\\/gastronomicament.cat\\\/es\\\/#organization\"},\"image\":{\"@id\":\"https:\\\/\\\/gastronomicament.cat\\\/es\\\/tapalma-tendra-22-restaurants-participants-al-concurs-i-a-la-ruta-de-tapes#primaryimage\"},\"thumbnailUrl\":\"https:\\\/\\\/gastronomicament.cat\\\/wp-content\\\/uploads\\\/2020\\\/11\\\/Tapalma-2020.jpg\",\"articleSection\":[\"Actualitat\",\"Concursos i premis\",\"Fires i rutes\"],\"inLanguage\":\"es\",\"potentialAction\":[{\"@type\":\"CommentAction\",\"name\":\"Comment\",\"target\":[\"https:\\\/\\\/gastronomicament.cat\\\/es\\\/tapalma-tendra-22-restaurants-participants-al-concurs-i-a-la-ruta-de-tapes#respond\"]}]},{\"@type\":\"WebPage\",\"@id\":\"https:\\\/\\\/gastronomicament.cat\\\/es\\\/tapalma-tendra-22-restaurants-participants-al-concurs-i-a-la-ruta-de-tapes\",\"url\":\"https:\\\/\\\/gastronomicament.cat\\\/es\\\/tapalma-tendra-22-restaurants-participants-al-concurs-i-a-la-ruta-de-tapes\",\"name\":\"Tapalma tendr\u00e1 22 restaurants participants al concurs i a la ruta de tapes - Gastron\u00f2micament\",\"isPartOf\":{\"@id\":\"https:\\\/\\\/gastronomicament.cat\\\/es\\\/#website\"},\"primaryImageOfPage\":{\"@id\":\"https:\\\/\\\/gastronomicament.cat\\\/es\\\/tapalma-tendra-22-restaurants-participants-al-concurs-i-a-la-ruta-de-tapes#primaryimage\"},\"image\":{\"@id\":\"https:\\\/\\\/gastronomicament.cat\\\/es\\\/tapalma-tendra-22-restaurants-participants-al-concurs-i-a-la-ruta-de-tapes#primaryimage\"},\"thumbnailUrl\":\"https:\\\/\\\/gastronomicament.cat\\\/wp-content\\\/uploads\\\/2020\\\/11\\\/Tapalma-2020.jpg\",\"datePublished\":\"2020-11-19T08:53:19+00:00\",\"description\":\"Tapalma tendr\u00e1 22 restaurants participants al concurs i a la ruta de tapes Actualitat, Concursos i premis, Fires i rutes Dilluns 23 de novembre comencen els actes emmarcats a Tapalma 2020. La primera cita \u00e9s el concurs de tapes i c\u00f2ctels, mentre que la segona es far\u00e0 del 25 al 29 de novembre amb la ruta de tapes i barquetes\",\"inLanguage\":\"es\",\"potentialAction\":[{\"@type\":\"ReadAction\",\"target\":[\"https:\\\/\\\/gastronomicament.cat\\\/es\\\/tapalma-tendra-22-restaurants-participants-al-concurs-i-a-la-ruta-de-tapes\"]}]},{\"@type\":\"ImageObject\",\"inLanguage\":\"es\",\"@id\":\"https:\\\/\\\/gastronomicament.cat\\\/es\\\/tapalma-tendra-22-restaurants-participants-al-concurs-i-a-la-ruta-de-tapes#primaryimage\",\"url\":\"https:\\\/\\\/gastronomicament.cat\\\/wp-content\\\/uploads\\\/2020\\\/11\\\/Tapalma-2020.jpg\",\"contentUrl\":\"https:\\\/\\\/gastronomicament.cat\\\/wp-content\\\/uploads\\\/2020\\\/11\\\/Tapalma-2020.jpg\",\"width\":1200,\"height\":525},{\"@type\":\"WebSite\",\"@id\":\"https:\\\/\\\/gastronomicament.cat\\\/es\\\/#website\",\"url\":\"https:\\\/\\\/gastronomicament.cat\\\/es\\\/\",\"name\":\"Gastron\u00f2micament\",\"description\":\"Portal de restaurants, receptes i actualitat gastron\u00f2mica\",\"publisher\":{\"@id\":\"https:\\\/\\\/gastronomicament.cat\\\/es\\\/#organization\"},\"potentialAction\":[{\"@type\":\"SearchAction\",\"target\":{\"@type\":\"EntryPoint\",\"urlTemplate\":\"https:\\\/\\\/gastronomicament.cat\\\/es\\\/?s={search_term_string}\"},\"query-input\":{\"@type\":\"PropertyValueSpecification\",\"valueRequired\":true,\"valueName\":\"search_term_string\"}}],\"inLanguage\":\"es\"},{\"@type\":\"Organization\",\"@id\":\"https:\\\/\\\/gastronomicament.cat\\\/es\\\/#organization\",\"name\":\"Gastron\u00f2micament\",\"url\":\"https:\\\/\\\/gastronomicament.cat\\\/es\\\/\",\"logo\":{\"@type\":\"ImageObject\",\"inLanguage\":\"es\",\"@id\":\"https:\\\/\\\/gastronomicament.cat\\\/es\\\/#\\\/schema\\\/logo\\\/image\\\/\",\"url\":\"https:\\\/\\\/gastronomicament.cat\\\/wp-content\\\/uploads\\\/2016\\\/09\\\/header-logo.jpg\",\"contentUrl\":\"https:\\\/\\\/gastronomicament.cat\\\/wp-content\\\/uploads\\\/2016\\\/09\\\/header-logo.jpg\",\"width\":277,\"height\":39,\"caption\":\"Gastron\u00f2micament\"},\"image\":{\"@id\":\"https:\\\/\\\/gastronomicament.cat\\\/es\\\/#\\\/schema\\\/logo\\\/image\\\/\"},\"sameAs\":[\"https:\\\/\\\/x.com\\\/gastronomicamen\"]},{\"@type\":\"Person\",\"@id\":\"https:\\\/\\\/gastronomicament.cat\\\/es\\\/#\\\/schema\\\/person\\\/a7c85c537a1ed62799a5b8e0f686a37f\",\"name\":\"Redacci\u00f3\",\"image\":{\"@type\":\"ImageObject\",\"inLanguage\":\"es\",\"@id\":\"https:\\\/\\\/secure.gravatar.com\\\/avatar\\\/9489a485c464fd611d33825daae651d13db70c4e74c65c94937a15a9d4c3ee14?s=96&d=mm&r=g69fea3cce3645dfa2166e7293e22955e\",\"url\":\"https:\\\/\\\/secure.gravatar.com\\\/avatar\\\/9489a485c464fd611d33825daae651d13db70c4e74c65c94937a15a9d4c3ee14?s=96&d=mm&r=g\",\"contentUrl\":\"https:\\\/\\\/secure.gravatar.com\\\/avatar\\\/9489a485c464fd611d33825daae651d13db70c4e74c65c94937a15a9d4c3ee14?s=96&d=mm&r=g\",\"caption\":\"Redacci\u00f3\"},\"sameAs\":[\"http:\\\/\\\/gastronomicament.cat\"],\"url\":\"https:\\\/\\\/gastronomicament.cat\\\/es\\\/author\\\/admin\"}]}<\/script>\n<!-- \/ Yoast SEO plugin. -->","yoast_head_json":{"title":"Tapalma tendr\u00e1 22 restaurants participants al concurs i a la ruta de tapes - Gastron\u00f2micament","description":"Tapalma tendr\u00e1 22 restaurants participants al concurs i a la ruta de tapes Actualitat, Concursos i premis, Fires i rutes Dilluns 23 de novembre comencen els actes emmarcats a Tapalma 2020. La primera cita \u00e9s el concurs de tapes i c\u00f2ctels, mentre que la segona es far\u00e0 del 25 al 29 de novembre amb la ruta de tapes i barquetes","robots":{"index":"index","follow":"follow","max-snippet":"max-snippet:-1","max-image-preview":"max-image-preview:large","max-video-preview":"max-video-preview:-1"},"canonical":"https:\/\/gastronomicament.cat\/es\/tapalma-tendra-22-restaurants-participants-al-concurs-i-a-la-ruta-de-tapes","og_locale":"es_ES","og_type":"article","og_title":"Tapalma tendr\u00e1 22 restaurants participants al concurs i a la ruta de tapes - Gastron\u00f2micament","og_description":"Tapalma tendr\u00e1 22 restaurants participants al concurs i a la ruta de tapes Actualitat, Concursos i premis, Fires i rutes Dilluns 23 de novembre comencen els actes emmarcats a Tapalma 2020. La primera cita \u00e9s el concurs de tapes i c\u00f2ctels, mentre que la segona es far\u00e0 del 25 al 29 de novembre amb la ruta de tapes i barquetes","og_url":"https:\/\/gastronomicament.cat\/es\/tapalma-tendra-22-restaurants-participants-al-concurs-i-a-la-ruta-de-tapes","og_site_name":"Gastron\u00f2micament","article_published_time":"2020-11-19T08:53:19+00:00","og_image":[{"width":1200,"height":525,"url":"https:\/\/gastronomicament.cat\/wp-content\/uploads\/2020\/11\/Tapalma-2020.jpg","type":"image\/jpeg"}],"author":"Redacci\u00f3","twitter_card":"summary_large_image","twitter_creator":"@gastronomicamen","twitter_site":"@gastronomicamen","twitter_misc":{"Escrito por":"Redacci\u00f3","Tiempo de lectura":"1 minuto","Written by":"Redacci\u00f3"},"schema":{"@context":"https:\/\/schema.org","@graph":[{"@type":"Article","@id":"https:\/\/gastronomicament.cat\/es\/tapalma-tendra-22-restaurants-participants-al-concurs-i-a-la-ruta-de-tapes#article","isPartOf":{"@id":"https:\/\/gastronomicament.cat\/es\/tapalma-tendra-22-restaurants-participants-al-concurs-i-a-la-ruta-de-tapes"},"author":{"name":"Redacci\u00f3","@id":"https:\/\/gastronomicament.cat\/es\/#\/schema\/person\/a7c85c537a1ed62799a5b8e0f686a37f"},"headline":"Tapalma tendr\u00e1 22 restaurants participants al concurs i a la ruta de tapes","datePublished":"2020-11-19T08:53:19+00:00","mainEntityOfPage":{"@id":"https:\/\/gastronomicament.cat\/es\/tapalma-tendra-22-restaurants-participants-al-concurs-i-a-la-ruta-de-tapes"},"wordCount":261,"commentCount":0,"publisher":{"@id":"https:\/\/gastronomicament.cat\/es\/#organization"},"image":{"@id":"https:\/\/gastronomicament.cat\/es\/tapalma-tendra-22-restaurants-participants-al-concurs-i-a-la-ruta-de-tapes#primaryimage"},"thumbnailUrl":"https:\/\/gastronomicament.cat\/wp-content\/uploads\/2020\/11\/Tapalma-2020.jpg","articleSection":["Actualitat","Concursos i premis","Fires i rutes"],"inLanguage":"es","potentialAction":[{"@type":"CommentAction","name":"Comment","target":["https:\/\/gastronomicament.cat\/es\/tapalma-tendra-22-restaurants-participants-al-concurs-i-a-la-ruta-de-tapes#respond"]}]},{"@type":"WebPage","@id":"https:\/\/gastronomicament.cat\/es\/tapalma-tendra-22-restaurants-participants-al-concurs-i-a-la-ruta-de-tapes","url":"https:\/\/gastronomicament.cat\/es\/tapalma-tendra-22-restaurants-participants-al-concurs-i-a-la-ruta-de-tapes","name":"Tapalma tendr\u00e1 22 restaurants participants al concurs i a la ruta de tapes - Gastron\u00f2micament","isPartOf":{"@id":"https:\/\/gastronomicament.cat\/es\/#website"},"primaryImageOfPage":{"@id":"https:\/\/gastronomicament.cat\/es\/tapalma-tendra-22-restaurants-participants-al-concurs-i-a-la-ruta-de-tapes#primaryimage"},"image":{"@id":"https:\/\/gastronomicament.cat\/es\/tapalma-tendra-22-restaurants-participants-al-concurs-i-a-la-ruta-de-tapes#primaryimage"},"thumbnailUrl":"https:\/\/gastronomicament.cat\/wp-content\/uploads\/2020\/11\/Tapalma-2020.jpg","datePublished":"2020-11-19T08:53:19+00:00","description":"Tapalma tendr\u00e1 22 restaurants participants al concurs i a la ruta de tapes Actualitat, Concursos i premis, Fires i rutes Dilluns 23 de novembre comencen els actes emmarcats a Tapalma 2020. La primera cita \u00e9s el concurs de tapes i c\u00f2ctels, mentre que la segona es far\u00e0 del 25 al 29 de novembre amb la ruta de tapes i barquetes","inLanguage":"es","potentialAction":[{"@type":"ReadAction","target":["https:\/\/gastronomicament.cat\/es\/tapalma-tendra-22-restaurants-participants-al-concurs-i-a-la-ruta-de-tapes"]}]},{"@type":"ImageObject","inLanguage":"es","@id":"https:\/\/gastronomicament.cat\/es\/tapalma-tendra-22-restaurants-participants-al-concurs-i-a-la-ruta-de-tapes#primaryimage","url":"https:\/\/gastronomicament.cat\/wp-content\/uploads\/2020\/11\/Tapalma-2020.jpg","contentUrl":"https:\/\/gastronomicament.cat\/wp-content\/uploads\/2020\/11\/Tapalma-2020.jpg","width":1200,"height":525},{"@type":"WebSite","@id":"https:\/\/gastronomicament.cat\/es\/#website","url":"https:\/\/gastronomicament.cat\/es\/","name":"Gastron\u00f2micament","description":"Portal de restaurants, receptes i actualitat gastron\u00f2mica","publisher":{"@id":"https:\/\/gastronomicament.cat\/es\/#organization"},"potentialAction":[{"@type":"SearchAction","target":{"@type":"EntryPoint","urlTemplate":"https:\/\/gastronomicament.cat\/es\/?s={search_term_string}"},"query-input":{"@type":"PropertyValueSpecification","valueRequired":true,"valueName":"search_term_string"}}],"inLanguage":"es"},{"@type":"Organization","@id":"https:\/\/gastronomicament.cat\/es\/#organization","name":"Gastron\u00f2micament","url":"https:\/\/gastronomicament.cat\/es\/","logo":{"@type":"ImageObject","inLanguage":"es","@id":"https:\/\/gastronomicament.cat\/es\/#\/schema\/logo\/image\/","url":"https:\/\/gastronomicament.cat\/wp-content\/uploads\/2016\/09\/header-logo.jpg","contentUrl":"https:\/\/gastronomicament.cat\/wp-content\/uploads\/2016\/09\/header-logo.jpg","width":277,"height":39,"caption":"Gastron\u00f2micament"},"image":{"@id":"https:\/\/gastronomicament.cat\/es\/#\/schema\/logo\/image\/"},"sameAs":["https:\/\/x.com\/gastronomicamen"]},{"@type":"Person","@id":"https:\/\/gastronomicament.cat\/es\/#\/schema\/person\/a7c85c537a1ed62799a5b8e0f686a37f","name":"Redacci\u00f3","image":{"@type":"ImageObject","inLanguage":"es","@id":"https:\/\/secure.gravatar.com\/avatar\/9489a485c464fd611d33825daae651d13db70c4e74c65c94937a15a9d4c3ee14?s=96&d=mm&r=g69fea3cce3645dfa2166e7293e22955e","url":"https:\/\/secure.gravatar.com\/avatar\/9489a485c464fd611d33825daae651d13db70c4e74c65c94937a15a9d4c3ee14?s=96&d=mm&r=g","contentUrl":"https:\/\/secure.gravatar.com\/avatar\/9489a485c464fd611d33825daae651d13db70c4e74c65c94937a15a9d4c3ee14?s=96&d=mm&r=g","caption":"Redacci\u00f3"},"sameAs":["http:\/\/gastronomicament.cat"],"url":"https:\/\/gastronomicament.cat\/es\/author\/admin"}]}},"_links":{"self":[{"href":"https:\/\/gastronomicament.cat\/es\/wp-json\/wp\/v2\/posts\/59653","targetHints":{"allow":["GET"]}}],"collection":[{"href":"https:\/\/gastronomicament.cat\/es\/wp-json\/wp\/v2\/posts"}],"about":[{"href":"https:\/\/gastronomicament.cat\/es\/wp-json\/wp\/v2\/types\/post"}],"author":[{"embeddable":true,"href":"https:\/\/gastronomicament.cat\/es\/wp-json\/wp\/v2\/users\/1"}],"replies":[{"embeddable":true,"href":"https:\/\/gastronomicament.cat\/es\/wp-json\/wp\/v2\/comments?post=59653"}],"version-history":[{"count":0,"href":"https:\/\/gastronomicament.cat\/es\/wp-json\/wp\/v2\/posts\/59653\/revisions"}],"wp:featuredmedia":[{"embeddable":true,"href":"https:\/\/gastronomicament.cat\/es\/wp-json\/wp\/v2\/media\/43096"}],"wp:attachment":[{"href":"https:\/\/gastronomicament.cat\/es\/wp-json\/wp\/v2\/media?parent=59653"}],"wp:term":[{"taxonomy":"category","embeddable":true,"href":"https:\/\/gastronomicament.cat\/es\/wp-json\/wp\/v2\/categories?post=59653"},{"taxonomy":"post_tag","embeddable":true,"href":"https:\/\/gastronomicament.cat\/es\/wp-json\/wp\/v2\/tags?post=59653"},{"taxonomy":"author","embeddable":true,"href":"https:\/\/gastronomicament.cat\/es\/wp-json\/wp\/v2\/coauthors?post=59653"}],"curies":[{"name":"wp","href":"https:\/\/api.w.org\/{rel}","templated":true}]}}