{"id":59665,"date":"2020-11-19T09:46:59","date_gmt":"2020-11-19T08:46:59","guid":{"rendered":"https:\/\/gastronomicament.cat\/la-cocteleria-chapeau-1987-guanya-el-premi-a-millor-carta-despanya"},"modified":"2022-04-09T09:34:22","modified_gmt":"2022-04-09T07:34:22","slug":"la-cocteleria-chapeau-1987-guanya-el-premi-a-millor-carta-despanya","status":"publish","type":"post","link":"https:\/\/gastronomicament.cat\/es\/la-cocteleria-chapeau-1987-guanya-el-premi-a-millor-carta-despanya","title":{"rendered":"La cocteleria Chapeau 1987 guanya el premi a Millor Carta d&#8217;Espanya"},"content":{"rendered":"<p><span style=\"font-weight: 400;\">Enmig de la desgr\u00e0cia causada pel coronavirus, tamb\u00e9 hi ha alegries. Bon exemple \u00e9s l&#8217;anunci que es va fer el dimecres 18 de novembre, quan es va proclamar <\/span><b>Chapeau 1987<\/b><span style=\"font-weight: 400;\"> com a millor carta de c\u00f2ctels d&#8217;Espanya, un concurs celebrat en el marc de <\/span><b>FIBAR Valladolid 202<\/b><span style=\"font-weight: 400;\">0, una fira internacional anual especialitzada en el sector de bars i cocteleria.<\/span><\/p>\n<p><b>Matias Iriarte<\/b><span style=\"font-weight: 400;\"> i el seu equip (format per <\/span><b>Charles<\/b><span style=\"font-weight: 400;\">, <\/span><b>Rodrigo<\/b><span style=\"font-weight: 400;\">, <\/span><b>Jasmine <\/b><span style=\"font-weight: 400;\">i <\/span><b>Nahuel<\/b><span style=\"font-weight: 400;\">) han rebut la not\u00edcia amb molta d&#8217;alegria, especialment perqu\u00e8 varen presentar la carta de c\u00f2ctels per la qual han estat guardonats just despr\u00e9s de sortir del confinament.\u00a0<\/span><\/p>\n<p><span style=\"font-weight: 400;\">Aquesta carta es titula <\/span><a href=\"https:\/\/gastronomicament.cat\/chapeau-1987-presenta-paisatges-de-mallorca\"><b>Paisatges de Mallorca<\/b><\/a><span style=\"font-weight: 400;\"> i consisteix en 12 c\u00f2ctels dividits en tres tem\u00e0tiques: Mar, Pla i Serra de Tramuntana \u201cS\u00f3n c\u00f2ctels inspirats en Mallorca, que tenen el producte local com a protagonista. El repte que ens v\u00e0rem proposar des de Chapeau 1987 era <\/span><b>traslladar aliments s\u00f2lids i sensacions a l\u00edquid<\/b><span style=\"font-weight: 400;\">\u201d, va explicar Iriarte. Per aix\u00f2 tamb\u00e9 han optat per col\u00b7laborar amb mestres artesans com el <\/span><b>ceramista Pere Coll <\/b><span style=\"font-weight: 400;\">i els vidriers de <\/span><b>Lafiore<\/b><span style=\"font-weight: 400;\">, que amb els recipients i copes creades contribueixen a traslladar el paisatge a la copa, que ha retratat el fot\u00f2graf <\/span><b>Nando Esteva<\/b><span style=\"font-weight: 400;\">.<\/span><\/p>\n","protected":false},"excerpt":{"rendered":"<p>Enmig de la desgr\u00e0cia causada pel coronavirus, tamb\u00e9 hi ha alegries. Bon exemple \u00e9s l&#8217;anunci que&hellip;<\/p>\n","protected":false},"author":1,"featured_media":43093,"comment_status":"open","ping_status":"closed","sticky":false,"template":"","format":"gallery","meta":{"_acf_changed":false,"_swt_meta_header_display":false,"_swt_meta_footer_display":false,"_swt_meta_site_title_display":false,"_swt_meta_sticky_header":false,"_swt_meta_transparent_header":false,"footnotes":""},"categories":[1003,1478],"tags":[],"coauthors":[],"class_list":["post-59665","post","type-post","status-publish","format-gallery","has-post-thumbnail","hentry","category-actualitat-es","category-concursos-i-premis-es","post_format-post-format-gallery"],"acf":{"gallery":null,"home_date":{"home_begin_date":null,"home_end_date":null}},"yoast_head":"<!-- This site is optimized with the Yoast SEO plugin v27.4 - https:\/\/yoast.com\/product\/yoast-seo-wordpress\/ -->\n<title>La cocteleria Chapeau 1987 guanya el premi a Millor Carta d&#039;Espanya - Gastron\u00f2micament<\/title>\n<meta name=\"description\" content=\"La cocteleria Chapeau 1987 guanya el premi a Millor Carta d&#039;Espanya Actualitat, Concursos i premis Enmig de la desgr\u00e0cia causada pel coronavirus, tamb\u00e9 hi ha alegries. Bon exemple \u00e9s l&#039;anunci que es va fer el dimecres 18 de novembre, quan es va proclamar Chapeau 1987 com a millor carta de c\u00f2ctels d&#039;Espanya\" \/>\n<meta name=\"robots\" content=\"index, follow, max-snippet:-1, max-image-preview:large, max-video-preview:-1\" \/>\n<link rel=\"canonical\" href=\"https:\/\/gastronomicament.cat\/es\/la-cocteleria-chapeau-1987-guanya-el-premi-a-millor-carta-despanya\" \/>\n<meta property=\"og:locale\" content=\"es_ES\" \/>\n<meta property=\"og:type\" content=\"article\" \/>\n<meta property=\"og:title\" content=\"La cocteleria Chapeau 1987 guanya el premi a Millor Carta d&#039;Espanya - Gastron\u00f2micament\" \/>\n<meta property=\"og:description\" content=\"La cocteleria Chapeau 1987 guanya el premi a Millor Carta d&#039;Espanya Actualitat, Concursos i premis Enmig de la desgr\u00e0cia causada pel coronavirus, tamb\u00e9 hi ha alegries. Bon exemple \u00e9s l&#039;anunci que es va fer el dimecres 18 de novembre, quan es va proclamar Chapeau 1987 com a millor carta de c\u00f2ctels d&#039;Espanya\" \/>\n<meta property=\"og:url\" content=\"https:\/\/gastronomicament.cat\/es\/la-cocteleria-chapeau-1987-guanya-el-premi-a-millor-carta-despanya\" \/>\n<meta property=\"og:site_name\" content=\"Gastron\u00f2micament\" \/>\n<meta property=\"article:published_time\" content=\"2020-11-19T08:46:59+00:00\" \/>\n<meta property=\"article:modified_time\" content=\"2022-04-09T07:34:22+00:00\" \/>\n<meta property=\"og:image\" content=\"https:\/\/gastronomicament.cat\/wp-content\/uploads\/2020\/11\/Chapeau-1987-Millor-Carta-de-Coctels-2020.jpg\" \/>\n\t<meta property=\"og:image:width\" content=\"1205\" \/>\n\t<meta property=\"og:image:height\" content=\"607\" \/>\n\t<meta property=\"og:image:type\" content=\"image\/jpeg\" \/>\n<meta name=\"author\" content=\"Redacci\u00f3\" \/>\n<meta name=\"twitter:card\" content=\"summary_large_image\" \/>\n<meta name=\"twitter:creator\" content=\"@gastronomicamen\" \/>\n<meta name=\"twitter:site\" content=\"@gastronomicamen\" \/>\n<meta name=\"twitter:label1\" content=\"Escrito por\" \/>\n\t<meta name=\"twitter:data1\" content=\"Redacci\u00f3\" \/>\n\t<meta name=\"twitter:label2\" content=\"Tiempo de lectura\" \/>\n\t<meta name=\"twitter:data2\" content=\"1 minuto\" \/>\n\t<meta name=\"twitter:label3\" content=\"Written by\" \/>\n\t<meta name=\"twitter:data3\" content=\"Redacci\u00f3\" \/>\n<script type=\"application\/ld+json\" class=\"yoast-schema-graph\">{\"@context\":\"https:\\\/\\\/schema.org\",\"@graph\":[{\"@type\":\"Article\",\"@id\":\"https:\\\/\\\/gastronomicament.cat\\\/es\\\/la-cocteleria-chapeau-1987-guanya-el-premi-a-millor-carta-despanya#article\",\"isPartOf\":{\"@id\":\"https:\\\/\\\/gastronomicament.cat\\\/es\\\/la-cocteleria-chapeau-1987-guanya-el-premi-a-millor-carta-despanya\"},\"author\":{\"name\":\"Redacci\u00f3\",\"@id\":\"https:\\\/\\\/gastronomicament.cat\\\/es\\\/#\\\/schema\\\/person\\\/a7c85c537a1ed62799a5b8e0f686a37f\"},\"headline\":\"La cocteleria Chapeau 1987 guanya el premi a Millor Carta d&#8217;Espanya\",\"datePublished\":\"2020-11-19T08:46:59+00:00\",\"dateModified\":\"2022-04-09T07:34:22+00:00\",\"mainEntityOfPage\":{\"@id\":\"https:\\\/\\\/gastronomicament.cat\\\/es\\\/la-cocteleria-chapeau-1987-guanya-el-premi-a-millor-carta-despanya\"},\"wordCount\":216,\"commentCount\":0,\"publisher\":{\"@id\":\"https:\\\/\\\/gastronomicament.cat\\\/es\\\/#organization\"},\"image\":{\"@id\":\"https:\\\/\\\/gastronomicament.cat\\\/es\\\/la-cocteleria-chapeau-1987-guanya-el-premi-a-millor-carta-despanya#primaryimage\"},\"thumbnailUrl\":\"https:\\\/\\\/gastronomicament.cat\\\/wp-content\\\/uploads\\\/2020\\\/11\\\/Chapeau-1987-Millor-Carta-de-Coctels-2020.jpg\",\"articleSection\":[\"Actualitat\",\"Concursos i premis\"],\"inLanguage\":\"es\",\"potentialAction\":[{\"@type\":\"CommentAction\",\"name\":\"Comment\",\"target\":[\"https:\\\/\\\/gastronomicament.cat\\\/es\\\/la-cocteleria-chapeau-1987-guanya-el-premi-a-millor-carta-despanya#respond\"]}]},{\"@type\":\"WebPage\",\"@id\":\"https:\\\/\\\/gastronomicament.cat\\\/es\\\/la-cocteleria-chapeau-1987-guanya-el-premi-a-millor-carta-despanya\",\"url\":\"https:\\\/\\\/gastronomicament.cat\\\/es\\\/la-cocteleria-chapeau-1987-guanya-el-premi-a-millor-carta-despanya\",\"name\":\"La cocteleria Chapeau 1987 guanya el premi a Millor Carta d'Espanya - Gastron\u00f2micament\",\"isPartOf\":{\"@id\":\"https:\\\/\\\/gastronomicament.cat\\\/es\\\/#website\"},\"primaryImageOfPage\":{\"@id\":\"https:\\\/\\\/gastronomicament.cat\\\/es\\\/la-cocteleria-chapeau-1987-guanya-el-premi-a-millor-carta-despanya#primaryimage\"},\"image\":{\"@id\":\"https:\\\/\\\/gastronomicament.cat\\\/es\\\/la-cocteleria-chapeau-1987-guanya-el-premi-a-millor-carta-despanya#primaryimage\"},\"thumbnailUrl\":\"https:\\\/\\\/gastronomicament.cat\\\/wp-content\\\/uploads\\\/2020\\\/11\\\/Chapeau-1987-Millor-Carta-de-Coctels-2020.jpg\",\"datePublished\":\"2020-11-19T08:46:59+00:00\",\"dateModified\":\"2022-04-09T07:34:22+00:00\",\"description\":\"La cocteleria Chapeau 1987 guanya el premi a Millor Carta d'Espanya Actualitat, Concursos i premis Enmig de la desgr\u00e0cia causada pel coronavirus, tamb\u00e9 hi ha alegries. Bon exemple \u00e9s l'anunci que es va fer el dimecres 18 de novembre, quan es va proclamar Chapeau 1987 com a millor carta de c\u00f2ctels d'Espanya\",\"inLanguage\":\"es\",\"potentialAction\":[{\"@type\":\"ReadAction\",\"target\":[\"https:\\\/\\\/gastronomicament.cat\\\/es\\\/la-cocteleria-chapeau-1987-guanya-el-premi-a-millor-carta-despanya\"]}]},{\"@type\":\"ImageObject\",\"inLanguage\":\"es\",\"@id\":\"https:\\\/\\\/gastronomicament.cat\\\/es\\\/la-cocteleria-chapeau-1987-guanya-el-premi-a-millor-carta-despanya#primaryimage\",\"url\":\"https:\\\/\\\/gastronomicament.cat\\\/wp-content\\\/uploads\\\/2020\\\/11\\\/Chapeau-1987-Millor-Carta-de-Coctels-2020.jpg\",\"contentUrl\":\"https:\\\/\\\/gastronomicament.cat\\\/wp-content\\\/uploads\\\/2020\\\/11\\\/Chapeau-1987-Millor-Carta-de-Coctels-2020.jpg\",\"width\":1205,\"height\":607},{\"@type\":\"WebSite\",\"@id\":\"https:\\\/\\\/gastronomicament.cat\\\/es\\\/#website\",\"url\":\"https:\\\/\\\/gastronomicament.cat\\\/es\\\/\",\"name\":\"Gastron\u00f2micament\",\"description\":\"Portal de restaurants, receptes i actualitat gastron\u00f2mica\",\"publisher\":{\"@id\":\"https:\\\/\\\/gastronomicament.cat\\\/es\\\/#organization\"},\"potentialAction\":[{\"@type\":\"SearchAction\",\"target\":{\"@type\":\"EntryPoint\",\"urlTemplate\":\"https:\\\/\\\/gastronomicament.cat\\\/es\\\/?s={search_term_string}\"},\"query-input\":{\"@type\":\"PropertyValueSpecification\",\"valueRequired\":true,\"valueName\":\"search_term_string\"}}],\"inLanguage\":\"es\"},{\"@type\":\"Organization\",\"@id\":\"https:\\\/\\\/gastronomicament.cat\\\/es\\\/#organization\",\"name\":\"Gastron\u00f2micament\",\"url\":\"https:\\\/\\\/gastronomicament.cat\\\/es\\\/\",\"logo\":{\"@type\":\"ImageObject\",\"inLanguage\":\"es\",\"@id\":\"https:\\\/\\\/gastronomicament.cat\\\/es\\\/#\\\/schema\\\/logo\\\/image\\\/\",\"url\":\"https:\\\/\\\/gastronomicament.cat\\\/wp-content\\\/uploads\\\/2016\\\/09\\\/header-logo.jpg\",\"contentUrl\":\"https:\\\/\\\/gastronomicament.cat\\\/wp-content\\\/uploads\\\/2016\\\/09\\\/header-logo.jpg\",\"width\":277,\"height\":39,\"caption\":\"Gastron\u00f2micament\"},\"image\":{\"@id\":\"https:\\\/\\\/gastronomicament.cat\\\/es\\\/#\\\/schema\\\/logo\\\/image\\\/\"},\"sameAs\":[\"https:\\\/\\\/x.com\\\/gastronomicamen\"]},{\"@type\":\"Person\",\"@id\":\"https:\\\/\\\/gastronomicament.cat\\\/es\\\/#\\\/schema\\\/person\\\/a7c85c537a1ed62799a5b8e0f686a37f\",\"name\":\"Redacci\u00f3\",\"image\":{\"@type\":\"ImageObject\",\"inLanguage\":\"es\",\"@id\":\"https:\\\/\\\/secure.gravatar.com\\\/avatar\\\/9489a485c464fd611d33825daae651d13db70c4e74c65c94937a15a9d4c3ee14?s=96&d=mm&r=g69fea3cce3645dfa2166e7293e22955e\",\"url\":\"https:\\\/\\\/secure.gravatar.com\\\/avatar\\\/9489a485c464fd611d33825daae651d13db70c4e74c65c94937a15a9d4c3ee14?s=96&d=mm&r=g\",\"contentUrl\":\"https:\\\/\\\/secure.gravatar.com\\\/avatar\\\/9489a485c464fd611d33825daae651d13db70c4e74c65c94937a15a9d4c3ee14?s=96&d=mm&r=g\",\"caption\":\"Redacci\u00f3\"},\"sameAs\":[\"http:\\\/\\\/gastronomicament.cat\"],\"url\":\"https:\\\/\\\/gastronomicament.cat\\\/es\\\/author\\\/admin\"}]}<\/script>\n<!-- \/ Yoast SEO plugin. -->","yoast_head_json":{"title":"La cocteleria Chapeau 1987 guanya el premi a Millor Carta d'Espanya - Gastron\u00f2micament","description":"La cocteleria Chapeau 1987 guanya el premi a Millor Carta d'Espanya Actualitat, Concursos i premis Enmig de la desgr\u00e0cia causada pel coronavirus, tamb\u00e9 hi ha alegries. Bon exemple \u00e9s l'anunci que es va fer el dimecres 18 de novembre, quan es va proclamar Chapeau 1987 com a millor carta de c\u00f2ctels d'Espanya","robots":{"index":"index","follow":"follow","max-snippet":"max-snippet:-1","max-image-preview":"max-image-preview:large","max-video-preview":"max-video-preview:-1"},"canonical":"https:\/\/gastronomicament.cat\/es\/la-cocteleria-chapeau-1987-guanya-el-premi-a-millor-carta-despanya","og_locale":"es_ES","og_type":"article","og_title":"La cocteleria Chapeau 1987 guanya el premi a Millor Carta d'Espanya - Gastron\u00f2micament","og_description":"La cocteleria Chapeau 1987 guanya el premi a Millor Carta d'Espanya Actualitat, Concursos i premis Enmig de la desgr\u00e0cia causada pel coronavirus, tamb\u00e9 hi ha alegries. Bon exemple \u00e9s l'anunci que es va fer el dimecres 18 de novembre, quan es va proclamar Chapeau 1987 com a millor carta de c\u00f2ctels d'Espanya","og_url":"https:\/\/gastronomicament.cat\/es\/la-cocteleria-chapeau-1987-guanya-el-premi-a-millor-carta-despanya","og_site_name":"Gastron\u00f2micament","article_published_time":"2020-11-19T08:46:59+00:00","article_modified_time":"2022-04-09T07:34:22+00:00","og_image":[{"width":1205,"height":607,"url":"https:\/\/gastronomicament.cat\/wp-content\/uploads\/2020\/11\/Chapeau-1987-Millor-Carta-de-Coctels-2020.jpg","type":"image\/jpeg"}],"author":"Redacci\u00f3","twitter_card":"summary_large_image","twitter_creator":"@gastronomicamen","twitter_site":"@gastronomicamen","twitter_misc":{"Escrito por":"Redacci\u00f3","Tiempo de lectura":"1 minuto","Written by":"Redacci\u00f3"},"schema":{"@context":"https:\/\/schema.org","@graph":[{"@type":"Article","@id":"https:\/\/gastronomicament.cat\/es\/la-cocteleria-chapeau-1987-guanya-el-premi-a-millor-carta-despanya#article","isPartOf":{"@id":"https:\/\/gastronomicament.cat\/es\/la-cocteleria-chapeau-1987-guanya-el-premi-a-millor-carta-despanya"},"author":{"name":"Redacci\u00f3","@id":"https:\/\/gastronomicament.cat\/es\/#\/schema\/person\/a7c85c537a1ed62799a5b8e0f686a37f"},"headline":"La cocteleria Chapeau 1987 guanya el premi a Millor Carta d&#8217;Espanya","datePublished":"2020-11-19T08:46:59+00:00","dateModified":"2022-04-09T07:34:22+00:00","mainEntityOfPage":{"@id":"https:\/\/gastronomicament.cat\/es\/la-cocteleria-chapeau-1987-guanya-el-premi-a-millor-carta-despanya"},"wordCount":216,"commentCount":0,"publisher":{"@id":"https:\/\/gastronomicament.cat\/es\/#organization"},"image":{"@id":"https:\/\/gastronomicament.cat\/es\/la-cocteleria-chapeau-1987-guanya-el-premi-a-millor-carta-despanya#primaryimage"},"thumbnailUrl":"https:\/\/gastronomicament.cat\/wp-content\/uploads\/2020\/11\/Chapeau-1987-Millor-Carta-de-Coctels-2020.jpg","articleSection":["Actualitat","Concursos i premis"],"inLanguage":"es","potentialAction":[{"@type":"CommentAction","name":"Comment","target":["https:\/\/gastronomicament.cat\/es\/la-cocteleria-chapeau-1987-guanya-el-premi-a-millor-carta-despanya#respond"]}]},{"@type":"WebPage","@id":"https:\/\/gastronomicament.cat\/es\/la-cocteleria-chapeau-1987-guanya-el-premi-a-millor-carta-despanya","url":"https:\/\/gastronomicament.cat\/es\/la-cocteleria-chapeau-1987-guanya-el-premi-a-millor-carta-despanya","name":"La cocteleria Chapeau 1987 guanya el premi a Millor Carta d'Espanya - Gastron\u00f2micament","isPartOf":{"@id":"https:\/\/gastronomicament.cat\/es\/#website"},"primaryImageOfPage":{"@id":"https:\/\/gastronomicament.cat\/es\/la-cocteleria-chapeau-1987-guanya-el-premi-a-millor-carta-despanya#primaryimage"},"image":{"@id":"https:\/\/gastronomicament.cat\/es\/la-cocteleria-chapeau-1987-guanya-el-premi-a-millor-carta-despanya#primaryimage"},"thumbnailUrl":"https:\/\/gastronomicament.cat\/wp-content\/uploads\/2020\/11\/Chapeau-1987-Millor-Carta-de-Coctels-2020.jpg","datePublished":"2020-11-19T08:46:59+00:00","dateModified":"2022-04-09T07:34:22+00:00","description":"La cocteleria Chapeau 1987 guanya el premi a Millor Carta d'Espanya Actualitat, Concursos i premis Enmig de la desgr\u00e0cia causada pel coronavirus, tamb\u00e9 hi ha alegries. Bon exemple \u00e9s l'anunci que es va fer el dimecres 18 de novembre, quan es va proclamar Chapeau 1987 com a millor carta de c\u00f2ctels d'Espanya","inLanguage":"es","potentialAction":[{"@type":"ReadAction","target":["https:\/\/gastronomicament.cat\/es\/la-cocteleria-chapeau-1987-guanya-el-premi-a-millor-carta-despanya"]}]},{"@type":"ImageObject","inLanguage":"es","@id":"https:\/\/gastronomicament.cat\/es\/la-cocteleria-chapeau-1987-guanya-el-premi-a-millor-carta-despanya#primaryimage","url":"https:\/\/gastronomicament.cat\/wp-content\/uploads\/2020\/11\/Chapeau-1987-Millor-Carta-de-Coctels-2020.jpg","contentUrl":"https:\/\/gastronomicament.cat\/wp-content\/uploads\/2020\/11\/Chapeau-1987-Millor-Carta-de-Coctels-2020.jpg","width":1205,"height":607},{"@type":"WebSite","@id":"https:\/\/gastronomicament.cat\/es\/#website","url":"https:\/\/gastronomicament.cat\/es\/","name":"Gastron\u00f2micament","description":"Portal de restaurants, receptes i actualitat gastron\u00f2mica","publisher":{"@id":"https:\/\/gastronomicament.cat\/es\/#organization"},"potentialAction":[{"@type":"SearchAction","target":{"@type":"EntryPoint","urlTemplate":"https:\/\/gastronomicament.cat\/es\/?s={search_term_string}"},"query-input":{"@type":"PropertyValueSpecification","valueRequired":true,"valueName":"search_term_string"}}],"inLanguage":"es"},{"@type":"Organization","@id":"https:\/\/gastronomicament.cat\/es\/#organization","name":"Gastron\u00f2micament","url":"https:\/\/gastronomicament.cat\/es\/","logo":{"@type":"ImageObject","inLanguage":"es","@id":"https:\/\/gastronomicament.cat\/es\/#\/schema\/logo\/image\/","url":"https:\/\/gastronomicament.cat\/wp-content\/uploads\/2016\/09\/header-logo.jpg","contentUrl":"https:\/\/gastronomicament.cat\/wp-content\/uploads\/2016\/09\/header-logo.jpg","width":277,"height":39,"caption":"Gastron\u00f2micament"},"image":{"@id":"https:\/\/gastronomicament.cat\/es\/#\/schema\/logo\/image\/"},"sameAs":["https:\/\/x.com\/gastronomicamen"]},{"@type":"Person","@id":"https:\/\/gastronomicament.cat\/es\/#\/schema\/person\/a7c85c537a1ed62799a5b8e0f686a37f","name":"Redacci\u00f3","image":{"@type":"ImageObject","inLanguage":"es","@id":"https:\/\/secure.gravatar.com\/avatar\/9489a485c464fd611d33825daae651d13db70c4e74c65c94937a15a9d4c3ee14?s=96&d=mm&r=g69fea3cce3645dfa2166e7293e22955e","url":"https:\/\/secure.gravatar.com\/avatar\/9489a485c464fd611d33825daae651d13db70c4e74c65c94937a15a9d4c3ee14?s=96&d=mm&r=g","contentUrl":"https:\/\/secure.gravatar.com\/avatar\/9489a485c464fd611d33825daae651d13db70c4e74c65c94937a15a9d4c3ee14?s=96&d=mm&r=g","caption":"Redacci\u00f3"},"sameAs":["http:\/\/gastronomicament.cat"],"url":"https:\/\/gastronomicament.cat\/es\/author\/admin"}]}},"_links":{"self":[{"href":"https:\/\/gastronomicament.cat\/es\/wp-json\/wp\/v2\/posts\/59665","targetHints":{"allow":["GET"]}}],"collection":[{"href":"https:\/\/gastronomicament.cat\/es\/wp-json\/wp\/v2\/posts"}],"about":[{"href":"https:\/\/gastronomicament.cat\/es\/wp-json\/wp\/v2\/types\/post"}],"author":[{"embeddable":true,"href":"https:\/\/gastronomicament.cat\/es\/wp-json\/wp\/v2\/users\/1"}],"replies":[{"embeddable":true,"href":"https:\/\/gastronomicament.cat\/es\/wp-json\/wp\/v2\/comments?post=59665"}],"version-history":[{"count":0,"href":"https:\/\/gastronomicament.cat\/es\/wp-json\/wp\/v2\/posts\/59665\/revisions"}],"wp:featuredmedia":[{"embeddable":true,"href":"https:\/\/gastronomicament.cat\/es\/wp-json\/wp\/v2\/media\/43093"}],"wp:attachment":[{"href":"https:\/\/gastronomicament.cat\/es\/wp-json\/wp\/v2\/media?parent=59665"}],"wp:term":[{"taxonomy":"category","embeddable":true,"href":"https:\/\/gastronomicament.cat\/es\/wp-json\/wp\/v2\/categories?post=59665"},{"taxonomy":"post_tag","embeddable":true,"href":"https:\/\/gastronomicament.cat\/es\/wp-json\/wp\/v2\/tags?post=59665"},{"taxonomy":"author","embeddable":true,"href":"https:\/\/gastronomicament.cat\/es\/wp-json\/wp\/v2\/coauthors?post=59665"}],"curies":[{"name":"wp","href":"https:\/\/api.w.org\/{rel}","templated":true}]}}