{"id":59739,"date":"2020-10-22T09:25:50","date_gmt":"2020-10-22T07:25:50","guid":{"rendered":"https:\/\/gastronomicament.cat\/comenca-la-mostra-gastronomica-dalgaida"},"modified":"2020-10-22T09:25:50","modified_gmt":"2020-10-22T07:25:50","slug":"comenca-la-mostra-gastronomica-dalgaida","status":"publish","type":"post","link":"https:\/\/gastronomicament.cat\/es\/comenca-la-mostra-gastronomica-dalgaida","title":{"rendered":"Comen\u00e7a la Mostra Gastron\u00f2mica d&#8217;Algaida"},"content":{"rendered":"<p>Durant 10 dies teniu l&#8217;oportunitat de gaudir dels millors plats que es cuinen a Algaida. Els\u00a0<strong>vuit restaurants<\/strong>\u00a0destacats del municipi oferiran del\u00a0<strong>23 d&#8217;octubfre\u00a0a l&#8217;1 de novembre<\/strong>, men\u00fas especials.<\/p>\n<p>Es tracta d&#8217;una iniciativa impulsada per l&#8217;Ajuntament d&#8217;Algaida, encap\u00e7alat per\u00a0<strong>Maria Ant\u00f2nia Mulet<\/strong>, que enguany arriba a la 14a edici\u00f3.<\/p>\n<p>Per mor de les mesures contra la covid-19,\u00a0<strong>\u00e9s obligatori reservar pr\u00e8viament al restaurant<\/strong>. Cal dir que les begudes no s\u00f3n incloses en el preu, per\u00f2 podreu gaudir del vi dels cellers d&#8217;Algaida,\u00a0<strong>Can Majoral i Oliver Moragues al preu especial de 12 euros la botella.<\/strong><\/p>\n<p>A m\u00e9s a m\u00e9s, tothom que participi en la mostra, entrar\u00e0 en un <strong>sorteig<\/strong>\u00a0de 8 sopars per a dues persones a un dels restaurants participants (validesa fins al 30\/11\/20).<\/p>\n<p><strong>Els restaurants que hi participen s\u00f3n<\/strong>:\u00a0Santuari de Cura, Sa Talaieta, S&#8217;Espiga, Pizzeria Pepe Nero, S&#8217;Hostal d&#8217;Algaida, Es 4 Vents, Celler de Randa i Can Sant Caf\u00e8.<\/p>\n<p>Consultau, a continuaci\u00f3, els men\u00fas, tel\u00e8fon i horaris dels establiments que participen a la 14a Mostra Gastron\u00f2mica d&#8217;Algaida:<\/p>\n<div class=\"paper\">\n<p><strong>Can Sant Caf\u00e8<br \/>\n<\/strong><\/p>\n<p>Sa Pla\u00e7a, 15.\u00a0Tel. 971 594 582<br \/>\n<em>Dimarts tancat<\/em><\/p>\n<ul>\n<li>Primers:\u00a0\u00a0Ravioli de carabass\u00f3\u00a0farcit de bolets i foie-gras \/\u00a0S\u00e8pia farcida de rap i llagostins amb salsa de marisc<\/li>\n<li>Segons:\u00a0Llobarro amb fonoll amb arr\u00f2s negre i espinacs \/\u00a0Ploma de porc ib\u00e8ric amb fruites vermelles i verdures amb fines herbes<\/li>\n<li>Postres: Peres amb vi negre amb xocolata calenta \/ Past\u00eds Velvet casol\u00e0<\/li>\n<\/ul>\n<p>Preu: 21 \u20ac<\/p>\n<\/div>\n<div class=\"paper\">\n<p><strong>Celler de Randa<br \/>\n<\/strong><\/p>\n<p>C\/ Esgl\u00e9sia, 24 (Randa). Tel. 971 660 989<br \/>\n<em>Dilluns i dimarts tancat<\/em><\/p>\n<ul>\n<li>Primers:\u00a0Caragols\u00a0\/\u00a0\u00a0Frit\u00a0<em>loco<\/em><\/li>\n<li>Segons:\u00a0Calamar farcit \/\u00a0Conill amb ceba<\/li>\n<li>Postres:\u00a0P\u00fading d\u2019ensa\u00efmada i coco \/\u00a0Gat\u00f3 amb gelat o granissat d\u2019ametla<\/li>\n<\/ul>\n<p>Preu: 22 \u20ac<\/p>\n<\/div>\n<div class=\"paper\">\n<p><strong>Es 4 Vents\u00a0<\/strong><\/p>\n<p>Ctra. de Manacor Km 21,7 Tel. 971 665 173 \/ 647 151 645<br \/>\n<em>Diumenge i dilluns vespre, i dimarts tot el dia tancat\u00a0<\/em><\/p>\n<ul>\n<li>Primers: Canelons d\u2019\u00e0nec\u00a0\/ Fideus de vermar<\/li>\n<li>Segons: Bacall\u00e0 a la mallorquina \/ Aguiat de vedella de gra amb bolets<\/li>\n<li>Postres Greixonera de brossat \/ Palo de crema de Can Salem (Pastisseria d\u2019autor)<\/li>\n<\/ul>\n<p>Preu: 22 euros<\/p>\n<\/div>\n<div class=\"paper\">\n<p><strong>S\u2019Hostal d\u2019Algaida\u00a0<\/strong><\/p>\n<p>Ctra. de Manacor, km 21 Tel. 971 665 109 \/ 617 378 584<br \/>\n<em>Nom\u00e9s del 26 al 31 octubre\u00a0<\/em><\/p>\n<ul>\n<li>Primers Croquetes variades \/ Fideus de caseta amb g\u00edrgoles i caragols<\/li>\n<li>Segons: Llom amb tombet\u00a0\/ Escaldums de pollastre de camp amb pilotes<\/li>\n<li>Postres:\u00a0P\u00fading d\u2019ensa\u00efmada\u00a0\/ Granissat de llimona<\/li>\n<\/ul>\n<p>Preu: 22 \u20ac<\/p>\n<\/div>\n<div class=\"paper\">\n<p><strong>Pizzeria Pepe Nero\u00a0<\/strong><\/p>\n<p>Sa Pla\u00e7a, 4 Tel. 611 324 300<br \/>\n<em>Dimecres tancat\u00a0<\/em><\/p>\n<ul>\n<li>Primers: Vedella amb salsa de tonyina \/ T\u00e0rtar de gambes amb alvocat<\/li>\n<li>Segons: Ravioli farcit de trufa amb salsa de parmes\u00e0 \/ Tallarines amb salsa de ceps<\/li>\n<li>Postres: Tiramis\u00fa \/\u00a0Pannacotta<\/li>\n<\/ul>\n<p>Preu: 20 \u20ac<\/p>\n<\/div>\n<div class=\"paper\">\n<p><strong>S\u2019Espiga\u00a0<\/strong><\/p>\n<p>Palma, 93 Tel. 669 486 385<br \/>\n<em>Divendres vespre, dissabte vespre i diumenge migdia\u00a0<\/em><\/p>\n<ul>\n<li>Primers: Amanida amb formatge de cabra \/ Caldereta de marisc<\/li>\n<li>Segons: Gall amb ceba \/ Galtes de vedella estofada<\/li>\n<li>Postres: Ensa\u00efmada de Can Floquet \/ Brownie blau<\/li>\n<\/ul>\n<p>Preu: 20 \u20ac<\/p>\n<\/div>\n<div class=\"paper\">\n<p><strong>Sa Talaieta\u00a0<\/strong><\/p>\n<p>Ctra de Manacor, km 20 Tel. 971 067 776<br \/>\n<em>Dilluns tancat\u00a0<\/em><\/p>\n<ul>\n<li>Primers: Croquetes variades (sobrassada, botifarr\u00f3 i pollastre) amb pur\u00e9 de moniato \/ Crema de verdures amb crostons<\/li>\n<li>Segons: Greixera de me \/ Llom amb tombet i ou fregit<\/li>\n<li>Postres: Granissat d\u2019ametlla amb gat\u00f3 \/ Brownie amb gelat d\u2019alm\u00edvar de llet<\/li>\n<\/ul>\n<p>Preu: 20 \u20ac<\/p>\n<\/div>\n<div class=\"paper\">\n<p><strong>Santuari de Cura\u00a0<\/strong><\/p>\n<p>Puig de Randa Tel. 971 120 260 &#8211; 678 804 020<br \/>\n<em>Dissabte i diumenge migdia obert\u00a0<\/em><\/p>\n<ul>\n<li>Primers Arr\u00f2s mel\u00f3s de pollas-tre de corral i bolets \/\u00a0Caragols amb allioli casol\u00e0<\/li>\n<li>Segons: Bacall\u00e0 confitat amb salsa sobrassada i mel \/ Cuixa de xot al forn aromatitzada amb roman\u00ed<\/li>\n<li>Postres: Puig de Randa: Gelat d\u2019avellana cobert de salsa de xocolata calenta \/ Aut\u00e8ntic cardenal de Lloseta amb gelat de vainilla<\/li>\n<\/ul>\n<p>Preu: 22 \u20ac<\/p>\n<\/div>\n","protected":false},"excerpt":{"rendered":"<p>Durant 10 dies teniu l&#8217;oportunitat de gaudir dels millors plats que es cuinen a Algaida. Els\u00a0vuit&hellip;<\/p>\n","protected":false},"author":1,"featured_media":43058,"comment_status":"open","ping_status":"closed","sticky":false,"template":"","format":"standard","meta":{"_acf_changed":false,"_swt_meta_header_display":false,"_swt_meta_footer_display":false,"_swt_meta_site_title_display":false,"_swt_meta_sticky_header":false,"_swt_meta_transparent_header":false,"footnotes":""},"categories":[1003,1004],"tags":[],"coauthors":[],"class_list":["post-59739","post","type-post","status-publish","format-standard","has-post-thumbnail","hentry","category-actualitat-es","category-fires-i-rutes-es"],"acf":{"gallery":null,"home_date":{"home_begin_date":null,"home_end_date":null}},"yoast_head":"<!-- This site is optimized with the Yoast SEO plugin v27.4 - https:\/\/yoast.com\/product\/yoast-seo-wordpress\/ -->\n<title>Comen\u00e7a la Mostra Gastron\u00f2mica d&#039;Algaida - Gastron\u00f2micament<\/title>\n<meta name=\"description\" content=\"Comen\u00e7a la Mostra Gastron\u00f2mica d&#039;Algaida Actualitat, Fires i rutes Durant 10 dies teniu l&#039;oportunitat de gaudir dels millors plats que es cuinen a Algaida. Els\u00a0vuit restaurants\u00a0destacats del municipi oferiran del\u00a023 d&#039;octubfre\u00a0a l&#039;1 de novembre, men\u00fas especials\" \/>\n<meta name=\"robots\" content=\"index, follow, max-snippet:-1, max-image-preview:large, max-video-preview:-1\" \/>\n<link rel=\"canonical\" href=\"https:\/\/gastronomicament.cat\/es\/comenca-la-mostra-gastronomica-dalgaida\" \/>\n<meta property=\"og:locale\" content=\"es_ES\" \/>\n<meta property=\"og:type\" content=\"article\" \/>\n<meta property=\"og:title\" content=\"Comen\u00e7a la Mostra Gastron\u00f2mica d&#039;Algaida - Gastron\u00f2micament\" \/>\n<meta property=\"og:description\" content=\"Comen\u00e7a la Mostra Gastron\u00f2mica d&#039;Algaida Actualitat, Fires i rutes Durant 10 dies teniu l&#039;oportunitat de gaudir dels millors plats que es cuinen a Algaida. Els\u00a0vuit restaurants\u00a0destacats del municipi oferiran del\u00a023 d&#039;octubfre\u00a0a l&#039;1 de novembre, men\u00fas especials\" \/>\n<meta property=\"og:url\" content=\"https:\/\/gastronomicament.cat\/es\/comenca-la-mostra-gastronomica-dalgaida\" \/>\n<meta property=\"og:site_name\" content=\"Gastron\u00f2micament\" \/>\n<meta property=\"article:published_time\" content=\"2020-10-22T07:25:50+00:00\" \/>\n<meta property=\"og:image\" content=\"https:\/\/gastronomicament.cat\/wp-content\/uploads\/2020\/10\/Mostra-Gastronomica-Algaida-2020-menus.jpg\" \/>\n\t<meta property=\"og:image:width\" content=\"763\" \/>\n\t<meta property=\"og:image:height\" content=\"443\" \/>\n\t<meta property=\"og:image:type\" content=\"image\/jpeg\" \/>\n<meta name=\"author\" content=\"Redacci\u00f3\" \/>\n<meta name=\"twitter:card\" content=\"summary_large_image\" \/>\n<meta name=\"twitter:creator\" content=\"@gastronomicamen\" \/>\n<meta name=\"twitter:site\" content=\"@gastronomicamen\" \/>\n<meta name=\"twitter:label1\" content=\"Escrito por\" \/>\n\t<meta name=\"twitter:data1\" content=\"Redacci\u00f3\" \/>\n\t<meta name=\"twitter:label2\" content=\"Tiempo de lectura\" \/>\n\t<meta name=\"twitter:data2\" content=\"3 minutos\" \/>\n\t<meta name=\"twitter:label3\" content=\"Written by\" \/>\n\t<meta name=\"twitter:data3\" content=\"Redacci\u00f3\" \/>\n<script type=\"application\/ld+json\" class=\"yoast-schema-graph\">{\"@context\":\"https:\\\/\\\/schema.org\",\"@graph\":[{\"@type\":\"Article\",\"@id\":\"https:\\\/\\\/gastronomicament.cat\\\/es\\\/comenca-la-mostra-gastronomica-dalgaida#article\",\"isPartOf\":{\"@id\":\"https:\\\/\\\/gastronomicament.cat\\\/es\\\/comenca-la-mostra-gastronomica-dalgaida\"},\"author\":{\"name\":\"Redacci\u00f3\",\"@id\":\"https:\\\/\\\/gastronomicament.cat\\\/es\\\/#\\\/schema\\\/person\\\/a7c85c537a1ed62799a5b8e0f686a37f\"},\"headline\":\"Comen\u00e7a la Mostra Gastron\u00f2mica d&#8217;Algaida\",\"datePublished\":\"2020-10-22T07:25:50+00:00\",\"mainEntityOfPage\":{\"@id\":\"https:\\\/\\\/gastronomicament.cat\\\/es\\\/comenca-la-mostra-gastronomica-dalgaida\"},\"wordCount\":577,\"commentCount\":0,\"publisher\":{\"@id\":\"https:\\\/\\\/gastronomicament.cat\\\/es\\\/#organization\"},\"image\":{\"@id\":\"https:\\\/\\\/gastronomicament.cat\\\/es\\\/comenca-la-mostra-gastronomica-dalgaida#primaryimage\"},\"thumbnailUrl\":\"https:\\\/\\\/gastronomicament.cat\\\/wp-content\\\/uploads\\\/2020\\\/10\\\/Mostra-Gastronomica-Algaida-2020-menus.jpg\",\"articleSection\":[\"Actualitat\",\"Fires i rutes\"],\"inLanguage\":\"es\",\"potentialAction\":[{\"@type\":\"CommentAction\",\"name\":\"Comment\",\"target\":[\"https:\\\/\\\/gastronomicament.cat\\\/es\\\/comenca-la-mostra-gastronomica-dalgaida#respond\"]}]},{\"@type\":\"WebPage\",\"@id\":\"https:\\\/\\\/gastronomicament.cat\\\/es\\\/comenca-la-mostra-gastronomica-dalgaida\",\"url\":\"https:\\\/\\\/gastronomicament.cat\\\/es\\\/comenca-la-mostra-gastronomica-dalgaida\",\"name\":\"Comen\u00e7a la Mostra Gastron\u00f2mica d'Algaida - Gastron\u00f2micament\",\"isPartOf\":{\"@id\":\"https:\\\/\\\/gastronomicament.cat\\\/es\\\/#website\"},\"primaryImageOfPage\":{\"@id\":\"https:\\\/\\\/gastronomicament.cat\\\/es\\\/comenca-la-mostra-gastronomica-dalgaida#primaryimage\"},\"image\":{\"@id\":\"https:\\\/\\\/gastronomicament.cat\\\/es\\\/comenca-la-mostra-gastronomica-dalgaida#primaryimage\"},\"thumbnailUrl\":\"https:\\\/\\\/gastronomicament.cat\\\/wp-content\\\/uploads\\\/2020\\\/10\\\/Mostra-Gastronomica-Algaida-2020-menus.jpg\",\"datePublished\":\"2020-10-22T07:25:50+00:00\",\"description\":\"Comen\u00e7a la Mostra Gastron\u00f2mica d'Algaida Actualitat, Fires i rutes Durant 10 dies teniu l'oportunitat de gaudir dels millors plats que es cuinen a Algaida. Els\u00a0vuit restaurants\u00a0destacats del municipi oferiran del\u00a023 d'octubfre\u00a0a l'1 de novembre, men\u00fas especials\",\"inLanguage\":\"es\",\"potentialAction\":[{\"@type\":\"ReadAction\",\"target\":[\"https:\\\/\\\/gastronomicament.cat\\\/es\\\/comenca-la-mostra-gastronomica-dalgaida\"]}]},{\"@type\":\"ImageObject\",\"inLanguage\":\"es\",\"@id\":\"https:\\\/\\\/gastronomicament.cat\\\/es\\\/comenca-la-mostra-gastronomica-dalgaida#primaryimage\",\"url\":\"https:\\\/\\\/gastronomicament.cat\\\/wp-content\\\/uploads\\\/2020\\\/10\\\/Mostra-Gastronomica-Algaida-2020-menus.jpg\",\"contentUrl\":\"https:\\\/\\\/gastronomicament.cat\\\/wp-content\\\/uploads\\\/2020\\\/10\\\/Mostra-Gastronomica-Algaida-2020-menus.jpg\",\"width\":763,\"height\":443},{\"@type\":\"WebSite\",\"@id\":\"https:\\\/\\\/gastronomicament.cat\\\/es\\\/#website\",\"url\":\"https:\\\/\\\/gastronomicament.cat\\\/es\\\/\",\"name\":\"Gastron\u00f2micament\",\"description\":\"Portal de restaurants, receptes i actualitat gastron\u00f2mica\",\"publisher\":{\"@id\":\"https:\\\/\\\/gastronomicament.cat\\\/es\\\/#organization\"},\"potentialAction\":[{\"@type\":\"SearchAction\",\"target\":{\"@type\":\"EntryPoint\",\"urlTemplate\":\"https:\\\/\\\/gastronomicament.cat\\\/es\\\/?s={search_term_string}\"},\"query-input\":{\"@type\":\"PropertyValueSpecification\",\"valueRequired\":true,\"valueName\":\"search_term_string\"}}],\"inLanguage\":\"es\"},{\"@type\":\"Organization\",\"@id\":\"https:\\\/\\\/gastronomicament.cat\\\/es\\\/#organization\",\"name\":\"Gastron\u00f2micament\",\"url\":\"https:\\\/\\\/gastronomicament.cat\\\/es\\\/\",\"logo\":{\"@type\":\"ImageObject\",\"inLanguage\":\"es\",\"@id\":\"https:\\\/\\\/gastronomicament.cat\\\/es\\\/#\\\/schema\\\/logo\\\/image\\\/\",\"url\":\"https:\\\/\\\/gastronomicament.cat\\\/wp-content\\\/uploads\\\/2016\\\/09\\\/header-logo.jpg\",\"contentUrl\":\"https:\\\/\\\/gastronomicament.cat\\\/wp-content\\\/uploads\\\/2016\\\/09\\\/header-logo.jpg\",\"width\":277,\"height\":39,\"caption\":\"Gastron\u00f2micament\"},\"image\":{\"@id\":\"https:\\\/\\\/gastronomicament.cat\\\/es\\\/#\\\/schema\\\/logo\\\/image\\\/\"},\"sameAs\":[\"https:\\\/\\\/x.com\\\/gastronomicamen\"]},{\"@type\":\"Person\",\"@id\":\"https:\\\/\\\/gastronomicament.cat\\\/es\\\/#\\\/schema\\\/person\\\/a7c85c537a1ed62799a5b8e0f686a37f\",\"name\":\"Redacci\u00f3\",\"image\":{\"@type\":\"ImageObject\",\"inLanguage\":\"es\",\"@id\":\"https:\\\/\\\/secure.gravatar.com\\\/avatar\\\/9489a485c464fd611d33825daae651d13db70c4e74c65c94937a15a9d4c3ee14?s=96&d=mm&r=g69fea3cce3645dfa2166e7293e22955e\",\"url\":\"https:\\\/\\\/secure.gravatar.com\\\/avatar\\\/9489a485c464fd611d33825daae651d13db70c4e74c65c94937a15a9d4c3ee14?s=96&d=mm&r=g\",\"contentUrl\":\"https:\\\/\\\/secure.gravatar.com\\\/avatar\\\/9489a485c464fd611d33825daae651d13db70c4e74c65c94937a15a9d4c3ee14?s=96&d=mm&r=g\",\"caption\":\"Redacci\u00f3\"},\"sameAs\":[\"http:\\\/\\\/gastronomicament.cat\"],\"url\":\"https:\\\/\\\/gastronomicament.cat\\\/es\\\/author\\\/admin\"}]}<\/script>\n<!-- \/ Yoast SEO plugin. -->","yoast_head_json":{"title":"Comen\u00e7a la Mostra Gastron\u00f2mica d'Algaida - Gastron\u00f2micament","description":"Comen\u00e7a la Mostra Gastron\u00f2mica d'Algaida Actualitat, Fires i rutes Durant 10 dies teniu l'oportunitat de gaudir dels millors plats que es cuinen a Algaida. Els\u00a0vuit restaurants\u00a0destacats del municipi oferiran del\u00a023 d'octubfre\u00a0a l'1 de novembre, men\u00fas especials","robots":{"index":"index","follow":"follow","max-snippet":"max-snippet:-1","max-image-preview":"max-image-preview:large","max-video-preview":"max-video-preview:-1"},"canonical":"https:\/\/gastronomicament.cat\/es\/comenca-la-mostra-gastronomica-dalgaida","og_locale":"es_ES","og_type":"article","og_title":"Comen\u00e7a la Mostra Gastron\u00f2mica d'Algaida - Gastron\u00f2micament","og_description":"Comen\u00e7a la Mostra Gastron\u00f2mica d'Algaida Actualitat, Fires i rutes Durant 10 dies teniu l'oportunitat de gaudir dels millors plats que es cuinen a Algaida. Els\u00a0vuit restaurants\u00a0destacats del municipi oferiran del\u00a023 d'octubfre\u00a0a l'1 de novembre, men\u00fas especials","og_url":"https:\/\/gastronomicament.cat\/es\/comenca-la-mostra-gastronomica-dalgaida","og_site_name":"Gastron\u00f2micament","article_published_time":"2020-10-22T07:25:50+00:00","og_image":[{"width":763,"height":443,"url":"https:\/\/gastronomicament.cat\/wp-content\/uploads\/2020\/10\/Mostra-Gastronomica-Algaida-2020-menus.jpg","type":"image\/jpeg"}],"author":"Redacci\u00f3","twitter_card":"summary_large_image","twitter_creator":"@gastronomicamen","twitter_site":"@gastronomicamen","twitter_misc":{"Escrito por":"Redacci\u00f3","Tiempo de lectura":"3 minutos","Written by":"Redacci\u00f3"},"schema":{"@context":"https:\/\/schema.org","@graph":[{"@type":"Article","@id":"https:\/\/gastronomicament.cat\/es\/comenca-la-mostra-gastronomica-dalgaida#article","isPartOf":{"@id":"https:\/\/gastronomicament.cat\/es\/comenca-la-mostra-gastronomica-dalgaida"},"author":{"name":"Redacci\u00f3","@id":"https:\/\/gastronomicament.cat\/es\/#\/schema\/person\/a7c85c537a1ed62799a5b8e0f686a37f"},"headline":"Comen\u00e7a la Mostra Gastron\u00f2mica d&#8217;Algaida","datePublished":"2020-10-22T07:25:50+00:00","mainEntityOfPage":{"@id":"https:\/\/gastronomicament.cat\/es\/comenca-la-mostra-gastronomica-dalgaida"},"wordCount":577,"commentCount":0,"publisher":{"@id":"https:\/\/gastronomicament.cat\/es\/#organization"},"image":{"@id":"https:\/\/gastronomicament.cat\/es\/comenca-la-mostra-gastronomica-dalgaida#primaryimage"},"thumbnailUrl":"https:\/\/gastronomicament.cat\/wp-content\/uploads\/2020\/10\/Mostra-Gastronomica-Algaida-2020-menus.jpg","articleSection":["Actualitat","Fires i rutes"],"inLanguage":"es","potentialAction":[{"@type":"CommentAction","name":"Comment","target":["https:\/\/gastronomicament.cat\/es\/comenca-la-mostra-gastronomica-dalgaida#respond"]}]},{"@type":"WebPage","@id":"https:\/\/gastronomicament.cat\/es\/comenca-la-mostra-gastronomica-dalgaida","url":"https:\/\/gastronomicament.cat\/es\/comenca-la-mostra-gastronomica-dalgaida","name":"Comen\u00e7a la Mostra Gastron\u00f2mica d'Algaida - Gastron\u00f2micament","isPartOf":{"@id":"https:\/\/gastronomicament.cat\/es\/#website"},"primaryImageOfPage":{"@id":"https:\/\/gastronomicament.cat\/es\/comenca-la-mostra-gastronomica-dalgaida#primaryimage"},"image":{"@id":"https:\/\/gastronomicament.cat\/es\/comenca-la-mostra-gastronomica-dalgaida#primaryimage"},"thumbnailUrl":"https:\/\/gastronomicament.cat\/wp-content\/uploads\/2020\/10\/Mostra-Gastronomica-Algaida-2020-menus.jpg","datePublished":"2020-10-22T07:25:50+00:00","description":"Comen\u00e7a la Mostra Gastron\u00f2mica d'Algaida Actualitat, Fires i rutes Durant 10 dies teniu l'oportunitat de gaudir dels millors plats que es cuinen a Algaida. Els\u00a0vuit restaurants\u00a0destacats del municipi oferiran del\u00a023 d'octubfre\u00a0a l'1 de novembre, men\u00fas especials","inLanguage":"es","potentialAction":[{"@type":"ReadAction","target":["https:\/\/gastronomicament.cat\/es\/comenca-la-mostra-gastronomica-dalgaida"]}]},{"@type":"ImageObject","inLanguage":"es","@id":"https:\/\/gastronomicament.cat\/es\/comenca-la-mostra-gastronomica-dalgaida#primaryimage","url":"https:\/\/gastronomicament.cat\/wp-content\/uploads\/2020\/10\/Mostra-Gastronomica-Algaida-2020-menus.jpg","contentUrl":"https:\/\/gastronomicament.cat\/wp-content\/uploads\/2020\/10\/Mostra-Gastronomica-Algaida-2020-menus.jpg","width":763,"height":443},{"@type":"WebSite","@id":"https:\/\/gastronomicament.cat\/es\/#website","url":"https:\/\/gastronomicament.cat\/es\/","name":"Gastron\u00f2micament","description":"Portal de restaurants, receptes i actualitat gastron\u00f2mica","publisher":{"@id":"https:\/\/gastronomicament.cat\/es\/#organization"},"potentialAction":[{"@type":"SearchAction","target":{"@type":"EntryPoint","urlTemplate":"https:\/\/gastronomicament.cat\/es\/?s={search_term_string}"},"query-input":{"@type":"PropertyValueSpecification","valueRequired":true,"valueName":"search_term_string"}}],"inLanguage":"es"},{"@type":"Organization","@id":"https:\/\/gastronomicament.cat\/es\/#organization","name":"Gastron\u00f2micament","url":"https:\/\/gastronomicament.cat\/es\/","logo":{"@type":"ImageObject","inLanguage":"es","@id":"https:\/\/gastronomicament.cat\/es\/#\/schema\/logo\/image\/","url":"https:\/\/gastronomicament.cat\/wp-content\/uploads\/2016\/09\/header-logo.jpg","contentUrl":"https:\/\/gastronomicament.cat\/wp-content\/uploads\/2016\/09\/header-logo.jpg","width":277,"height":39,"caption":"Gastron\u00f2micament"},"image":{"@id":"https:\/\/gastronomicament.cat\/es\/#\/schema\/logo\/image\/"},"sameAs":["https:\/\/x.com\/gastronomicamen"]},{"@type":"Person","@id":"https:\/\/gastronomicament.cat\/es\/#\/schema\/person\/a7c85c537a1ed62799a5b8e0f686a37f","name":"Redacci\u00f3","image":{"@type":"ImageObject","inLanguage":"es","@id":"https:\/\/secure.gravatar.com\/avatar\/9489a485c464fd611d33825daae651d13db70c4e74c65c94937a15a9d4c3ee14?s=96&d=mm&r=g69fea3cce3645dfa2166e7293e22955e","url":"https:\/\/secure.gravatar.com\/avatar\/9489a485c464fd611d33825daae651d13db70c4e74c65c94937a15a9d4c3ee14?s=96&d=mm&r=g","contentUrl":"https:\/\/secure.gravatar.com\/avatar\/9489a485c464fd611d33825daae651d13db70c4e74c65c94937a15a9d4c3ee14?s=96&d=mm&r=g","caption":"Redacci\u00f3"},"sameAs":["http:\/\/gastronomicament.cat"],"url":"https:\/\/gastronomicament.cat\/es\/author\/admin"}]}},"_links":{"self":[{"href":"https:\/\/gastronomicament.cat\/es\/wp-json\/wp\/v2\/posts\/59739","targetHints":{"allow":["GET"]}}],"collection":[{"href":"https:\/\/gastronomicament.cat\/es\/wp-json\/wp\/v2\/posts"}],"about":[{"href":"https:\/\/gastronomicament.cat\/es\/wp-json\/wp\/v2\/types\/post"}],"author":[{"embeddable":true,"href":"https:\/\/gastronomicament.cat\/es\/wp-json\/wp\/v2\/users\/1"}],"replies":[{"embeddable":true,"href":"https:\/\/gastronomicament.cat\/es\/wp-json\/wp\/v2\/comments?post=59739"}],"version-history":[{"count":0,"href":"https:\/\/gastronomicament.cat\/es\/wp-json\/wp\/v2\/posts\/59739\/revisions"}],"wp:featuredmedia":[{"embeddable":true,"href":"https:\/\/gastronomicament.cat\/es\/wp-json\/wp\/v2\/media\/43058"}],"wp:attachment":[{"href":"https:\/\/gastronomicament.cat\/es\/wp-json\/wp\/v2\/media?parent=59739"}],"wp:term":[{"taxonomy":"category","embeddable":true,"href":"https:\/\/gastronomicament.cat\/es\/wp-json\/wp\/v2\/categories?post=59739"},{"taxonomy":"post_tag","embeddable":true,"href":"https:\/\/gastronomicament.cat\/es\/wp-json\/wp\/v2\/tags?post=59739"},{"taxonomy":"author","embeddable":true,"href":"https:\/\/gastronomicament.cat\/es\/wp-json\/wp\/v2\/coauthors?post=59739"}],"curies":[{"name":"wp","href":"https:\/\/api.w.org\/{rel}","templated":true}]}}