{"id":59815,"date":"2020-10-06T20:14:57","date_gmt":"2020-10-06T18:14:57","guid":{"rendered":"https:\/\/gastronomicament.cat\/vi-i-opera-al-celler-de-son-prim"},"modified":"2022-04-09T09:35:06","modified_gmt":"2022-04-09T07:35:06","slug":"vi-i-opera-al-celler-de-son-prim","status":"publish","type":"post","link":"https:\/\/gastronomicament.cat\/es\/vi-i-opera-al-celler-de-son-prim","title":{"rendered":"Vi i \u00f2pera al celler de Son Prim"},"content":{"rendered":"<p>El celler de<strong>\u00a0Son Prim<\/strong>\u00a0(Sencelles) ser\u00e0 l&#8217;escenari d&#8217;una nova edici\u00f3 de<strong>\u00a0Vi i \u00d2pera<\/strong>. La cita tendr\u00e0 lloc el dissabte,\u00a0<strong>9 d&#8217;octubre, a les 20 hores<\/strong>,i est\u00e0 organitzada per Eurocl\u00e0ssics.<\/p>\n<p>A m\u00e9s a m\u00e9s, quan finanitzi l&#8217;acte, hi haur\u00e0 sopar amb les barquetes i picada elaborada pel\u00a0<a href=\"https:\/\/gastronomicament.cat\/en\/restaurant\/bar-can-prim-santa-eugenia\"><strong>restaurant Can Prim<\/strong>\u00a0de Santa Eug\u00e8nia<\/a>.<\/p>\n<p>En la part musical, hi actuaran el<strong>\u00a0tenor Jos\u00e9 Manuel S\u00e1nchez<\/strong>\u00a0y la\u00a0<strong>pianista Maria Vict\u00f2ria Cort\u00e8s<\/strong>.\u00a0 El preu de l&#8217;esdeveniment \u00e9s de 15 euros i es pot comprar a\u00a0<a href=\"https:\/\/ticketib.com\/ca\/events\/maridatge-de-vi-i-opera-a-son-prim\" rel=\"nofollow\">https:\/\/ticketib.com\/ca\/events\/maridatge-de-vi-i-opera-a-son-prim<\/a><\/p>\n<p>El programa musical \u00e9s el seg\u00fcent:<\/p>\n<ul>\n<li>Vinyes verdes vora el mar &#8211; E. Toldr\u00e0<\/li>\n<li>Can\u00e7o de la taverna &#8211; \u00a0B. Samper<\/li>\n<li>Per entrar en els teus ulls &#8211; A. Parera Fons<\/li>\n<li>Mascetemi il vino &#8211; G. Verdi<\/li>\n<li>La donna \u00e8 mobile. Rigoletto &#8211;\u00a0G. Verdi<\/li>\n<li>Una furtiva lagrima. Elisir d\u2019amore. &#8211; G. Donizetti<\/li>\n<li>Salut demeure chaste et pure. Faust &#8211;\u00a0 Ch. Gounod<\/li>\n<li>Che gelida manina. La Boh\u00e8me &#8211; G. Puccini<\/li>\n<li>Dein ist mein ganzes Herz.\u00a0 Das Land des L\u00e4chelns &#8211; F. Leh\u00e1r<\/li>\n<li>La fleur que tu m\u2019avais jet\u00e9e. Carmen &#8211; G. Bizet<\/li>\n<li>Bella enamorada. El \u00faltimo rom\u00e1ntico &#8211; R. Soutullo y J. Vert<\/li>\n<li>Por el humo se sabe. Do\u00f1a Francisquita &#8211;\u00a0P. Soroz\u00e1bal<\/li>\n<\/ul>\n","protected":false},"excerpt":{"rendered":"<p>El celler de\u00a0Son Prim\u00a0(Sencelles) ser\u00e0 l&#8217;escenari d&#8217;una nova edici\u00f3 de\u00a0Vi i \u00d2pera. La cita tendr\u00e0 lloc el dissabte,\u00a09 d&#8217;octubre, a les 20 hores,i est\u00e0 organitzada per Eurocl\u00e0ssics. A m\u00e9s a m\u00e9s, quan finanitzi l&#8217;acte, hi haur\u00e0 sopar amb les barquetes i picada elaborada pel\u00a0restaurant Can Prim\u00a0de Santa Eug\u00e8nia. En la part musical, hi actuaran el\u00a0tenor [&hellip;]<\/p>\n","protected":false},"author":1,"featured_media":43037,"comment_status":"open","ping_status":"closed","sticky":false,"template":"","format":"standard","meta":{"_acf_changed":false,"_swt_meta_header_display":false,"_swt_meta_footer_display":false,"_swt_meta_site_title_display":false,"_swt_meta_sticky_header":false,"_swt_meta_transparent_header":false,"footnotes":""},"categories":[1003,1004],"tags":[],"coauthors":[],"class_list":["post-59815","post","type-post","status-publish","format-standard","has-post-thumbnail","hentry","category-actualitat-es","category-fires-i-rutes-es"],"acf":{"gallery":null,"home_date":{"home_begin_date":null,"home_end_date":null}},"yoast_head":"<!-- This site is optimized with the Yoast SEO plugin v27.4 - https:\/\/yoast.com\/product\/yoast-seo-wordpress\/ -->\n<title>Vi i \u00f2pera al celler de Son Prim - Gastron\u00f2micament<\/title>\n<meta name=\"description\" content=\"Vi i \u00f2pera al celler de Son Prim Actualitat, Fires i rutes El celler de\u00a0Son Prim\u00a0(Sencelles) ser\u00e0 l&#039;escenari d&#039;una nova edici\u00f3 de\u00a0Vi i \u00d2pera. La cita tendr\u00e0 lloc el dissabte,\u00a09 d&#039;octubre, a les 20 hores,i est\u00e0\" \/>\n<meta name=\"robots\" content=\"index, follow, max-snippet:-1, max-image-preview:large, max-video-preview:-1\" \/>\n<link rel=\"canonical\" href=\"https:\/\/gastronomicament.cat\/es\/vi-i-opera-al-celler-de-son-prim\" \/>\n<meta property=\"og:locale\" content=\"es_ES\" \/>\n<meta property=\"og:type\" content=\"article\" \/>\n<meta property=\"og:title\" content=\"Vi i \u00f2pera al celler de Son Prim - Gastron\u00f2micament\" \/>\n<meta property=\"og:description\" content=\"Vi i \u00f2pera al celler de Son Prim Actualitat, Fires i rutes El celler de\u00a0Son Prim\u00a0(Sencelles) ser\u00e0 l&#039;escenari d&#039;una nova edici\u00f3 de\u00a0Vi i \u00d2pera. La cita tendr\u00e0 lloc el dissabte,\u00a09 d&#039;octubre, a les 20 hores,i est\u00e0\" \/>\n<meta property=\"og:url\" content=\"https:\/\/gastronomicament.cat\/es\/vi-i-opera-al-celler-de-son-prim\" \/>\n<meta property=\"og:site_name\" content=\"Gastron\u00f2micament\" \/>\n<meta property=\"article:published_time\" content=\"2020-10-06T18:14:57+00:00\" \/>\n<meta property=\"article:modified_time\" content=\"2022-04-09T07:35:06+00:00\" \/>\n<meta property=\"og:image\" content=\"https:\/\/gastronomicament.cat\/wp-content\/uploads\/2020\/10\/Opera-i-vi-Son-Prim-2020.jpg\" \/>\n\t<meta property=\"og:image:width\" content=\"1580\" \/>\n\t<meta property=\"og:image:height\" content=\"966\" \/>\n\t<meta property=\"og:image:type\" content=\"image\/jpeg\" \/>\n<meta name=\"author\" content=\"Redacci\u00f3\" \/>\n<meta name=\"twitter:card\" content=\"summary_large_image\" \/>\n<meta name=\"twitter:creator\" content=\"@gastronomicamen\" \/>\n<meta name=\"twitter:site\" content=\"@gastronomicamen\" \/>\n<meta name=\"twitter:label1\" content=\"Escrito por\" \/>\n\t<meta name=\"twitter:data1\" content=\"Redacci\u00f3\" \/>\n\t<meta name=\"twitter:label2\" content=\"Tiempo de lectura\" \/>\n\t<meta name=\"twitter:data2\" content=\"1 minuto\" \/>\n\t<meta name=\"twitter:label3\" content=\"Written by\" \/>\n\t<meta name=\"twitter:data3\" content=\"Redacci\u00f3\" \/>\n<script type=\"application\/ld+json\" class=\"yoast-schema-graph\">{\"@context\":\"https:\\\/\\\/schema.org\",\"@graph\":[{\"@type\":\"Article\",\"@id\":\"https:\\\/\\\/gastronomicament.cat\\\/es\\\/vi-i-opera-al-celler-de-son-prim#article\",\"isPartOf\":{\"@id\":\"https:\\\/\\\/gastronomicament.cat\\\/es\\\/vi-i-opera-al-celler-de-son-prim\"},\"author\":{\"name\":\"Redacci\u00f3\",\"@id\":\"https:\\\/\\\/gastronomicament.cat\\\/es\\\/#\\\/schema\\\/person\\\/a7c85c537a1ed62799a5b8e0f686a37f\"},\"headline\":\"Vi i \u00f2pera al celler de Son Prim\",\"datePublished\":\"2020-10-06T18:14:57+00:00\",\"dateModified\":\"2022-04-09T07:35:06+00:00\",\"mainEntityOfPage\":{\"@id\":\"https:\\\/\\\/gastronomicament.cat\\\/es\\\/vi-i-opera-al-celler-de-son-prim\"},\"wordCount\":226,\"commentCount\":0,\"publisher\":{\"@id\":\"https:\\\/\\\/gastronomicament.cat\\\/es\\\/#organization\"},\"image\":{\"@id\":\"https:\\\/\\\/gastronomicament.cat\\\/es\\\/vi-i-opera-al-celler-de-son-prim#primaryimage\"},\"thumbnailUrl\":\"https:\\\/\\\/gastronomicament.cat\\\/wp-content\\\/uploads\\\/2020\\\/10\\\/Opera-i-vi-Son-Prim-2020.jpg\",\"articleSection\":[\"Actualitat\",\"Fires i rutes\"],\"inLanguage\":\"es\",\"potentialAction\":[{\"@type\":\"CommentAction\",\"name\":\"Comment\",\"target\":[\"https:\\\/\\\/gastronomicament.cat\\\/es\\\/vi-i-opera-al-celler-de-son-prim#respond\"]}]},{\"@type\":\"WebPage\",\"@id\":\"https:\\\/\\\/gastronomicament.cat\\\/es\\\/vi-i-opera-al-celler-de-son-prim\",\"url\":\"https:\\\/\\\/gastronomicament.cat\\\/es\\\/vi-i-opera-al-celler-de-son-prim\",\"name\":\"Vi i \u00f2pera al celler de Son Prim - Gastron\u00f2micament\",\"isPartOf\":{\"@id\":\"https:\\\/\\\/gastronomicament.cat\\\/es\\\/#website\"},\"primaryImageOfPage\":{\"@id\":\"https:\\\/\\\/gastronomicament.cat\\\/es\\\/vi-i-opera-al-celler-de-son-prim#primaryimage\"},\"image\":{\"@id\":\"https:\\\/\\\/gastronomicament.cat\\\/es\\\/vi-i-opera-al-celler-de-son-prim#primaryimage\"},\"thumbnailUrl\":\"https:\\\/\\\/gastronomicament.cat\\\/wp-content\\\/uploads\\\/2020\\\/10\\\/Opera-i-vi-Son-Prim-2020.jpg\",\"datePublished\":\"2020-10-06T18:14:57+00:00\",\"dateModified\":\"2022-04-09T07:35:06+00:00\",\"description\":\"Vi i \u00f2pera al celler de Son Prim Actualitat, Fires i rutes El celler de\u00a0Son Prim\u00a0(Sencelles) ser\u00e0 l'escenari d'una nova edici\u00f3 de\u00a0Vi i \u00d2pera. La cita tendr\u00e0 lloc el dissabte,\u00a09 d'octubre, a les 20 hores,i est\u00e0\",\"inLanguage\":\"es\",\"potentialAction\":[{\"@type\":\"ReadAction\",\"target\":[\"https:\\\/\\\/gastronomicament.cat\\\/es\\\/vi-i-opera-al-celler-de-son-prim\"]}]},{\"@type\":\"ImageObject\",\"inLanguage\":\"es\",\"@id\":\"https:\\\/\\\/gastronomicament.cat\\\/es\\\/vi-i-opera-al-celler-de-son-prim#primaryimage\",\"url\":\"https:\\\/\\\/gastronomicament.cat\\\/wp-content\\\/uploads\\\/2020\\\/10\\\/Opera-i-vi-Son-Prim-2020.jpg\",\"contentUrl\":\"https:\\\/\\\/gastronomicament.cat\\\/wp-content\\\/uploads\\\/2020\\\/10\\\/Opera-i-vi-Son-Prim-2020.jpg\",\"width\":1580,\"height\":966},{\"@type\":\"WebSite\",\"@id\":\"https:\\\/\\\/gastronomicament.cat\\\/es\\\/#website\",\"url\":\"https:\\\/\\\/gastronomicament.cat\\\/es\\\/\",\"name\":\"Gastron\u00f2micament\",\"description\":\"Portal de restaurants, receptes i actualitat gastron\u00f2mica\",\"publisher\":{\"@id\":\"https:\\\/\\\/gastronomicament.cat\\\/es\\\/#organization\"},\"potentialAction\":[{\"@type\":\"SearchAction\",\"target\":{\"@type\":\"EntryPoint\",\"urlTemplate\":\"https:\\\/\\\/gastronomicament.cat\\\/es\\\/?s={search_term_string}\"},\"query-input\":{\"@type\":\"PropertyValueSpecification\",\"valueRequired\":true,\"valueName\":\"search_term_string\"}}],\"inLanguage\":\"es\"},{\"@type\":\"Organization\",\"@id\":\"https:\\\/\\\/gastronomicament.cat\\\/es\\\/#organization\",\"name\":\"Gastron\u00f2micament\",\"url\":\"https:\\\/\\\/gastronomicament.cat\\\/es\\\/\",\"logo\":{\"@type\":\"ImageObject\",\"inLanguage\":\"es\",\"@id\":\"https:\\\/\\\/gastronomicament.cat\\\/es\\\/#\\\/schema\\\/logo\\\/image\\\/\",\"url\":\"https:\\\/\\\/gastronomicament.cat\\\/wp-content\\\/uploads\\\/2016\\\/09\\\/header-logo.jpg\",\"contentUrl\":\"https:\\\/\\\/gastronomicament.cat\\\/wp-content\\\/uploads\\\/2016\\\/09\\\/header-logo.jpg\",\"width\":277,\"height\":39,\"caption\":\"Gastron\u00f2micament\"},\"image\":{\"@id\":\"https:\\\/\\\/gastronomicament.cat\\\/es\\\/#\\\/schema\\\/logo\\\/image\\\/\"},\"sameAs\":[\"https:\\\/\\\/x.com\\\/gastronomicamen\"]},{\"@type\":\"Person\",\"@id\":\"https:\\\/\\\/gastronomicament.cat\\\/es\\\/#\\\/schema\\\/person\\\/a7c85c537a1ed62799a5b8e0f686a37f\",\"name\":\"Redacci\u00f3\",\"image\":{\"@type\":\"ImageObject\",\"inLanguage\":\"es\",\"@id\":\"https:\\\/\\\/secure.gravatar.com\\\/avatar\\\/9489a485c464fd611d33825daae651d13db70c4e74c65c94937a15a9d4c3ee14?s=96&d=mm&r=g69fea3cce3645dfa2166e7293e22955e\",\"url\":\"https:\\\/\\\/secure.gravatar.com\\\/avatar\\\/9489a485c464fd611d33825daae651d13db70c4e74c65c94937a15a9d4c3ee14?s=96&d=mm&r=g\",\"contentUrl\":\"https:\\\/\\\/secure.gravatar.com\\\/avatar\\\/9489a485c464fd611d33825daae651d13db70c4e74c65c94937a15a9d4c3ee14?s=96&d=mm&r=g\",\"caption\":\"Redacci\u00f3\"},\"sameAs\":[\"http:\\\/\\\/gastronomicament.cat\"],\"url\":\"https:\\\/\\\/gastronomicament.cat\\\/es\\\/author\\\/admin\"}]}<\/script>\n<!-- \/ Yoast SEO plugin. -->","yoast_head_json":{"title":"Vi i \u00f2pera al celler de Son Prim - Gastron\u00f2micament","description":"Vi i \u00f2pera al celler de Son Prim Actualitat, Fires i rutes El celler de\u00a0Son Prim\u00a0(Sencelles) ser\u00e0 l'escenari d'una nova edici\u00f3 de\u00a0Vi i \u00d2pera. La cita tendr\u00e0 lloc el dissabte,\u00a09 d'octubre, a les 20 hores,i est\u00e0","robots":{"index":"index","follow":"follow","max-snippet":"max-snippet:-1","max-image-preview":"max-image-preview:large","max-video-preview":"max-video-preview:-1"},"canonical":"https:\/\/gastronomicament.cat\/es\/vi-i-opera-al-celler-de-son-prim","og_locale":"es_ES","og_type":"article","og_title":"Vi i \u00f2pera al celler de Son Prim - Gastron\u00f2micament","og_description":"Vi i \u00f2pera al celler de Son Prim Actualitat, Fires i rutes El celler de\u00a0Son Prim\u00a0(Sencelles) ser\u00e0 l'escenari d'una nova edici\u00f3 de\u00a0Vi i \u00d2pera. La cita tendr\u00e0 lloc el dissabte,\u00a09 d'octubre, a les 20 hores,i est\u00e0","og_url":"https:\/\/gastronomicament.cat\/es\/vi-i-opera-al-celler-de-son-prim","og_site_name":"Gastron\u00f2micament","article_published_time":"2020-10-06T18:14:57+00:00","article_modified_time":"2022-04-09T07:35:06+00:00","og_image":[{"width":1580,"height":966,"url":"https:\/\/gastronomicament.cat\/wp-content\/uploads\/2020\/10\/Opera-i-vi-Son-Prim-2020.jpg","type":"image\/jpeg"}],"author":"Redacci\u00f3","twitter_card":"summary_large_image","twitter_creator":"@gastronomicamen","twitter_site":"@gastronomicamen","twitter_misc":{"Escrito por":"Redacci\u00f3","Tiempo de lectura":"1 minuto","Written by":"Redacci\u00f3"},"schema":{"@context":"https:\/\/schema.org","@graph":[{"@type":"Article","@id":"https:\/\/gastronomicament.cat\/es\/vi-i-opera-al-celler-de-son-prim#article","isPartOf":{"@id":"https:\/\/gastronomicament.cat\/es\/vi-i-opera-al-celler-de-son-prim"},"author":{"name":"Redacci\u00f3","@id":"https:\/\/gastronomicament.cat\/es\/#\/schema\/person\/a7c85c537a1ed62799a5b8e0f686a37f"},"headline":"Vi i \u00f2pera al celler de Son Prim","datePublished":"2020-10-06T18:14:57+00:00","dateModified":"2022-04-09T07:35:06+00:00","mainEntityOfPage":{"@id":"https:\/\/gastronomicament.cat\/es\/vi-i-opera-al-celler-de-son-prim"},"wordCount":226,"commentCount":0,"publisher":{"@id":"https:\/\/gastronomicament.cat\/es\/#organization"},"image":{"@id":"https:\/\/gastronomicament.cat\/es\/vi-i-opera-al-celler-de-son-prim#primaryimage"},"thumbnailUrl":"https:\/\/gastronomicament.cat\/wp-content\/uploads\/2020\/10\/Opera-i-vi-Son-Prim-2020.jpg","articleSection":["Actualitat","Fires i rutes"],"inLanguage":"es","potentialAction":[{"@type":"CommentAction","name":"Comment","target":["https:\/\/gastronomicament.cat\/es\/vi-i-opera-al-celler-de-son-prim#respond"]}]},{"@type":"WebPage","@id":"https:\/\/gastronomicament.cat\/es\/vi-i-opera-al-celler-de-son-prim","url":"https:\/\/gastronomicament.cat\/es\/vi-i-opera-al-celler-de-son-prim","name":"Vi i \u00f2pera al celler de Son Prim - Gastron\u00f2micament","isPartOf":{"@id":"https:\/\/gastronomicament.cat\/es\/#website"},"primaryImageOfPage":{"@id":"https:\/\/gastronomicament.cat\/es\/vi-i-opera-al-celler-de-son-prim#primaryimage"},"image":{"@id":"https:\/\/gastronomicament.cat\/es\/vi-i-opera-al-celler-de-son-prim#primaryimage"},"thumbnailUrl":"https:\/\/gastronomicament.cat\/wp-content\/uploads\/2020\/10\/Opera-i-vi-Son-Prim-2020.jpg","datePublished":"2020-10-06T18:14:57+00:00","dateModified":"2022-04-09T07:35:06+00:00","description":"Vi i \u00f2pera al celler de Son Prim Actualitat, Fires i rutes El celler de\u00a0Son Prim\u00a0(Sencelles) ser\u00e0 l'escenari d'una nova edici\u00f3 de\u00a0Vi i \u00d2pera. La cita tendr\u00e0 lloc el dissabte,\u00a09 d'octubre, a les 20 hores,i est\u00e0","inLanguage":"es","potentialAction":[{"@type":"ReadAction","target":["https:\/\/gastronomicament.cat\/es\/vi-i-opera-al-celler-de-son-prim"]}]},{"@type":"ImageObject","inLanguage":"es","@id":"https:\/\/gastronomicament.cat\/es\/vi-i-opera-al-celler-de-son-prim#primaryimage","url":"https:\/\/gastronomicament.cat\/wp-content\/uploads\/2020\/10\/Opera-i-vi-Son-Prim-2020.jpg","contentUrl":"https:\/\/gastronomicament.cat\/wp-content\/uploads\/2020\/10\/Opera-i-vi-Son-Prim-2020.jpg","width":1580,"height":966},{"@type":"WebSite","@id":"https:\/\/gastronomicament.cat\/es\/#website","url":"https:\/\/gastronomicament.cat\/es\/","name":"Gastron\u00f2micament","description":"Portal de restaurants, receptes i actualitat gastron\u00f2mica","publisher":{"@id":"https:\/\/gastronomicament.cat\/es\/#organization"},"potentialAction":[{"@type":"SearchAction","target":{"@type":"EntryPoint","urlTemplate":"https:\/\/gastronomicament.cat\/es\/?s={search_term_string}"},"query-input":{"@type":"PropertyValueSpecification","valueRequired":true,"valueName":"search_term_string"}}],"inLanguage":"es"},{"@type":"Organization","@id":"https:\/\/gastronomicament.cat\/es\/#organization","name":"Gastron\u00f2micament","url":"https:\/\/gastronomicament.cat\/es\/","logo":{"@type":"ImageObject","inLanguage":"es","@id":"https:\/\/gastronomicament.cat\/es\/#\/schema\/logo\/image\/","url":"https:\/\/gastronomicament.cat\/wp-content\/uploads\/2016\/09\/header-logo.jpg","contentUrl":"https:\/\/gastronomicament.cat\/wp-content\/uploads\/2016\/09\/header-logo.jpg","width":277,"height":39,"caption":"Gastron\u00f2micament"},"image":{"@id":"https:\/\/gastronomicament.cat\/es\/#\/schema\/logo\/image\/"},"sameAs":["https:\/\/x.com\/gastronomicamen"]},{"@type":"Person","@id":"https:\/\/gastronomicament.cat\/es\/#\/schema\/person\/a7c85c537a1ed62799a5b8e0f686a37f","name":"Redacci\u00f3","image":{"@type":"ImageObject","inLanguage":"es","@id":"https:\/\/secure.gravatar.com\/avatar\/9489a485c464fd611d33825daae651d13db70c4e74c65c94937a15a9d4c3ee14?s=96&d=mm&r=g69fea3cce3645dfa2166e7293e22955e","url":"https:\/\/secure.gravatar.com\/avatar\/9489a485c464fd611d33825daae651d13db70c4e74c65c94937a15a9d4c3ee14?s=96&d=mm&r=g","contentUrl":"https:\/\/secure.gravatar.com\/avatar\/9489a485c464fd611d33825daae651d13db70c4e74c65c94937a15a9d4c3ee14?s=96&d=mm&r=g","caption":"Redacci\u00f3"},"sameAs":["http:\/\/gastronomicament.cat"],"url":"https:\/\/gastronomicament.cat\/es\/author\/admin"}]}},"_links":{"self":[{"href":"https:\/\/gastronomicament.cat\/es\/wp-json\/wp\/v2\/posts\/59815","targetHints":{"allow":["GET"]}}],"collection":[{"href":"https:\/\/gastronomicament.cat\/es\/wp-json\/wp\/v2\/posts"}],"about":[{"href":"https:\/\/gastronomicament.cat\/es\/wp-json\/wp\/v2\/types\/post"}],"author":[{"embeddable":true,"href":"https:\/\/gastronomicament.cat\/es\/wp-json\/wp\/v2\/users\/1"}],"replies":[{"embeddable":true,"href":"https:\/\/gastronomicament.cat\/es\/wp-json\/wp\/v2\/comments?post=59815"}],"version-history":[{"count":0,"href":"https:\/\/gastronomicament.cat\/es\/wp-json\/wp\/v2\/posts\/59815\/revisions"}],"wp:featuredmedia":[{"embeddable":true,"href":"https:\/\/gastronomicament.cat\/es\/wp-json\/wp\/v2\/media\/43037"}],"wp:attachment":[{"href":"https:\/\/gastronomicament.cat\/es\/wp-json\/wp\/v2\/media?parent=59815"}],"wp:term":[{"taxonomy":"category","embeddable":true,"href":"https:\/\/gastronomicament.cat\/es\/wp-json\/wp\/v2\/categories?post=59815"},{"taxonomy":"post_tag","embeddable":true,"href":"https:\/\/gastronomicament.cat\/es\/wp-json\/wp\/v2\/tags?post=59815"},{"taxonomy":"author","embeddable":true,"href":"https:\/\/gastronomicament.cat\/es\/wp-json\/wp\/v2\/coauthors?post=59815"}],"curies":[{"name":"wp","href":"https:\/\/api.w.org\/{rel}","templated":true}]}}