{"id":60255,"date":"2020-07-14T11:17:58","date_gmt":"2020-07-14T09:17:58","guid":{"rendered":"https:\/\/gastronomicament.cat\/estrella-damm-deixa-dusar-anelles-de-plastic"},"modified":"2020-07-14T11:17:58","modified_gmt":"2020-07-14T09:17:58","slug":"estrella-damm-deixa-dusar-anelles-de-plastic","status":"publish","type":"post","link":"https:\/\/gastronomicament.cat\/es\/estrella-damm-deixa-dusar-anelles-de-plastic","title":{"rendered":"Estrella Damm deixa d&#8217;usar anelles de pl\u00e0stic"},"content":{"rendered":"<p>Si l&#8217;ess\u00e8ncia de les primeres campanyes promocionals d&#8217;<strong>Estrella Damm<\/strong> era passar-ho b\u00e9 partint de l&#8217;ess\u00e8ncia mediterr\u00e0nia de la cervesa, l&#8217;empresa ha decidit centrar-se en la sostenibilitat per reivindicar-se com a marca.<\/p>\n<p>Aix\u00ed ho demostra aquest 2020 amb un anunci rodat a\u00a0<strong>Formentera<\/strong>,\u00a0<strong>Eivissa\u00a0<\/strong>i el\u00a0<strong>Baix Empord\u00e0<\/strong>, en el qual afirma que deixen d&#8217;usar les anelles de pl\u00e0stic dels\u00a0<strong>packs de cervesa de llauna<\/strong>.\u00a0Per aix\u00f2, adoptaran un\u00a0<strong>nou sistema de cart\u00f3 100% biodegradable<\/strong>, que s&#8217;acabar\u00e0 d&#8217;implementar a final d&#8217;any.<\/p>\n<p>Entre altres mesures,<strong>\u00a0Estrella Damm<\/strong>\u00a0tamb\u00e9 remarca que en els darrers 10 anys hem redu\u00eft el consum d\u2019aigua\u00a0a les f\u00e0briques de cervesa en un 34%.<\/p>\n<p>La can\u00e7\u00f3, titulada &#8216;Una altra manera de viure&#8217;, \u00e9s de\u00a0\u00a0<strong>Joan Daus\u00e0<\/strong>\u00a0i\u00a0<strong>Magal\u00ed Sare<\/strong>.<\/p>\n<p>Podeu veure l&#8217;anunci aqu\u00ed:<\/p>\n<p><iframe src=\"https:\/\/www.youtube.com\/embed\/A9HW3YlR1EI\" width=\"560\" height=\"315\" frameborder=\"0\" allowfullscreen=\"allowfullscreen\"><\/iframe><\/p>\n<p>Pr\u00e8viament, v\u00e0ren\u00a0fer aquests dos v\u00eddeos:<\/p>\n<p><iframe src=\"https:\/\/www.youtube.com\/embed\/QvQ-hbiwjZ0\" width=\"560\" height=\"315\" frameborder=\"0\" allowfullscreen=\"allowfullscreen\"><\/iframe><\/p>\n<p><iframe src=\"https:\/\/www.youtube.com\/embed\/cauhyjZNGrA\" width=\"560\" height=\"315\" frameborder=\"0\" allowfullscreen=\"allowfullscreen\"><\/iframe><\/p>\n","protected":false},"excerpt":{"rendered":"<p>Adoptaran un\u00a0nou sistema de cart\u00f3 100% biodegradable, que s&#8217;acabar\u00e0 d&#8217;implementar a final d&#8217;any<\/p>\n","protected":false},"author":1,"featured_media":42860,"comment_status":"open","ping_status":"closed","sticky":false,"template":"","format":"standard","meta":{"_acf_changed":false,"_swt_meta_header_display":false,"_swt_meta_footer_display":false,"_swt_meta_site_title_display":false,"_swt_meta_sticky_header":false,"_swt_meta_transparent_header":false,"footnotes":""},"categories":[1003,1477],"tags":[],"coauthors":[],"class_list":["post-60255","post","type-post","status-publish","format-standard","has-post-thumbnail","hentry","category-actualitat-es","category-reportatges-i-novetats-es"],"acf":{"gallery":null,"home_date":{"home_begin_date":null,"home_end_date":null}},"yoast_head":"<!-- This site is optimized with the Yoast SEO plugin v27.4 - https:\/\/yoast.com\/product\/yoast-seo-wordpress\/ -->\n<title>Estrella Damm deixa d&#039;usar anelles de pl\u00e0stic - Gastron\u00f2micament<\/title>\n<meta name=\"description\" content=\"Estrella Damm deixa d&#039;usar anelles de pl\u00e0stic Actualitat, Reportatges i novetats Adoptaran un\u00a0nou sistema de cart\u00f3 100% biodegradable, que s&#039;acabar\u00e0 d&#039;implementar a final d&#039;any\" \/>\n<meta name=\"robots\" content=\"index, follow, max-snippet:-1, max-image-preview:large, max-video-preview:-1\" \/>\n<link rel=\"canonical\" href=\"https:\/\/gastronomicament.cat\/es\/estrella-damm-deixa-dusar-anelles-de-plastic\" \/>\n<meta property=\"og:locale\" content=\"es_ES\" \/>\n<meta property=\"og:type\" content=\"article\" \/>\n<meta property=\"og:title\" content=\"Estrella Damm deixa d&#039;usar anelles de pl\u00e0stic - Gastron\u00f2micament\" \/>\n<meta property=\"og:description\" content=\"Estrella Damm deixa d&#039;usar anelles de pl\u00e0stic Actualitat, Reportatges i novetats Adoptaran un\u00a0nou sistema de cart\u00f3 100% biodegradable, que s&#039;acabar\u00e0 d&#039;implementar a final d&#039;any\" \/>\n<meta property=\"og:url\" content=\"https:\/\/gastronomicament.cat\/es\/estrella-damm-deixa-dusar-anelles-de-plastic\" \/>\n<meta property=\"og:site_name\" content=\"Gastron\u00f2micament\" \/>\n<meta property=\"article:published_time\" content=\"2020-07-14T09:17:58+00:00\" \/>\n<meta property=\"og:image\" content=\"https:\/\/gastronomicament.cat\/wp-content\/uploads\/2020\/07\/Estrella-Damm-Anelles.jpg\" \/>\n\t<meta property=\"og:image:width\" content=\"708\" \/>\n\t<meta property=\"og:image:height\" content=\"371\" \/>\n\t<meta property=\"og:image:type\" content=\"image\/jpeg\" \/>\n<meta name=\"author\" content=\"Redacci\u00f3\" \/>\n<meta name=\"twitter:card\" content=\"summary_large_image\" \/>\n<meta name=\"twitter:creator\" content=\"@gastronomicamen\" \/>\n<meta name=\"twitter:site\" content=\"@gastronomicamen\" \/>\n<meta name=\"twitter:label1\" content=\"Escrito por\" \/>\n\t<meta name=\"twitter:data1\" content=\"Redacci\u00f3\" \/>\n\t<meta name=\"twitter:label2\" content=\"Tiempo de lectura\" \/>\n\t<meta name=\"twitter:data2\" content=\"1 minuto\" \/>\n\t<meta name=\"twitter:label3\" content=\"Written by\" \/>\n\t<meta name=\"twitter:data3\" content=\"Redacci\u00f3\" \/>\n<script type=\"application\/ld+json\" class=\"yoast-schema-graph\">{\"@context\":\"https:\\\/\\\/schema.org\",\"@graph\":[{\"@type\":\"Article\",\"@id\":\"https:\\\/\\\/gastronomicament.cat\\\/es\\\/estrella-damm-deixa-dusar-anelles-de-plastic#article\",\"isPartOf\":{\"@id\":\"https:\\\/\\\/gastronomicament.cat\\\/es\\\/estrella-damm-deixa-dusar-anelles-de-plastic\"},\"author\":{\"name\":\"Redacci\u00f3\",\"@id\":\"https:\\\/\\\/gastronomicament.cat\\\/es\\\/#\\\/schema\\\/person\\\/a7c85c537a1ed62799a5b8e0f686a37f\"},\"headline\":\"Estrella Damm deixa d&#8217;usar anelles de pl\u00e0stic\",\"datePublished\":\"2020-07-14T09:17:58+00:00\",\"mainEntityOfPage\":{\"@id\":\"https:\\\/\\\/gastronomicament.cat\\\/es\\\/estrella-damm-deixa-dusar-anelles-de-plastic\"},\"wordCount\":145,\"commentCount\":0,\"publisher\":{\"@id\":\"https:\\\/\\\/gastronomicament.cat\\\/es\\\/#organization\"},\"image\":{\"@id\":\"https:\\\/\\\/gastronomicament.cat\\\/es\\\/estrella-damm-deixa-dusar-anelles-de-plastic#primaryimage\"},\"thumbnailUrl\":\"https:\\\/\\\/gastronomicament.cat\\\/wp-content\\\/uploads\\\/2020\\\/07\\\/Estrella-Damm-Anelles.jpg\",\"articleSection\":[\"Actualitat\",\"Reportatges i novetats\"],\"inLanguage\":\"es\",\"potentialAction\":[{\"@type\":\"CommentAction\",\"name\":\"Comment\",\"target\":[\"https:\\\/\\\/gastronomicament.cat\\\/es\\\/estrella-damm-deixa-dusar-anelles-de-plastic#respond\"]}]},{\"@type\":\"WebPage\",\"@id\":\"https:\\\/\\\/gastronomicament.cat\\\/es\\\/estrella-damm-deixa-dusar-anelles-de-plastic\",\"url\":\"https:\\\/\\\/gastronomicament.cat\\\/es\\\/estrella-damm-deixa-dusar-anelles-de-plastic\",\"name\":\"Estrella Damm deixa d'usar anelles de pl\u00e0stic - Gastron\u00f2micament\",\"isPartOf\":{\"@id\":\"https:\\\/\\\/gastronomicament.cat\\\/es\\\/#website\"},\"primaryImageOfPage\":{\"@id\":\"https:\\\/\\\/gastronomicament.cat\\\/es\\\/estrella-damm-deixa-dusar-anelles-de-plastic#primaryimage\"},\"image\":{\"@id\":\"https:\\\/\\\/gastronomicament.cat\\\/es\\\/estrella-damm-deixa-dusar-anelles-de-plastic#primaryimage\"},\"thumbnailUrl\":\"https:\\\/\\\/gastronomicament.cat\\\/wp-content\\\/uploads\\\/2020\\\/07\\\/Estrella-Damm-Anelles.jpg\",\"datePublished\":\"2020-07-14T09:17:58+00:00\",\"description\":\"Estrella Damm deixa d'usar anelles de pl\u00e0stic Actualitat, Reportatges i novetats Adoptaran un\u00a0nou sistema de cart\u00f3 100% biodegradable, que s'acabar\u00e0 d'implementar a final d'any\",\"inLanguage\":\"es\",\"potentialAction\":[{\"@type\":\"ReadAction\",\"target\":[\"https:\\\/\\\/gastronomicament.cat\\\/es\\\/estrella-damm-deixa-dusar-anelles-de-plastic\"]}]},{\"@type\":\"ImageObject\",\"inLanguage\":\"es\",\"@id\":\"https:\\\/\\\/gastronomicament.cat\\\/es\\\/estrella-damm-deixa-dusar-anelles-de-plastic#primaryimage\",\"url\":\"https:\\\/\\\/gastronomicament.cat\\\/wp-content\\\/uploads\\\/2020\\\/07\\\/Estrella-Damm-Anelles.jpg\",\"contentUrl\":\"https:\\\/\\\/gastronomicament.cat\\\/wp-content\\\/uploads\\\/2020\\\/07\\\/Estrella-Damm-Anelles.jpg\",\"width\":708,\"height\":371},{\"@type\":\"WebSite\",\"@id\":\"https:\\\/\\\/gastronomicament.cat\\\/es\\\/#website\",\"url\":\"https:\\\/\\\/gastronomicament.cat\\\/es\\\/\",\"name\":\"Gastron\u00f2micament\",\"description\":\"Portal de restaurants, receptes i actualitat gastron\u00f2mica\",\"publisher\":{\"@id\":\"https:\\\/\\\/gastronomicament.cat\\\/es\\\/#organization\"},\"potentialAction\":[{\"@type\":\"SearchAction\",\"target\":{\"@type\":\"EntryPoint\",\"urlTemplate\":\"https:\\\/\\\/gastronomicament.cat\\\/es\\\/?s={search_term_string}\"},\"query-input\":{\"@type\":\"PropertyValueSpecification\",\"valueRequired\":true,\"valueName\":\"search_term_string\"}}],\"inLanguage\":\"es\"},{\"@type\":\"Organization\",\"@id\":\"https:\\\/\\\/gastronomicament.cat\\\/es\\\/#organization\",\"name\":\"Gastron\u00f2micament\",\"url\":\"https:\\\/\\\/gastronomicament.cat\\\/es\\\/\",\"logo\":{\"@type\":\"ImageObject\",\"inLanguage\":\"es\",\"@id\":\"https:\\\/\\\/gastronomicament.cat\\\/es\\\/#\\\/schema\\\/logo\\\/image\\\/\",\"url\":\"https:\\\/\\\/gastronomicament.cat\\\/wp-content\\\/uploads\\\/2016\\\/09\\\/header-logo.jpg\",\"contentUrl\":\"https:\\\/\\\/gastronomicament.cat\\\/wp-content\\\/uploads\\\/2016\\\/09\\\/header-logo.jpg\",\"width\":277,\"height\":39,\"caption\":\"Gastron\u00f2micament\"},\"image\":{\"@id\":\"https:\\\/\\\/gastronomicament.cat\\\/es\\\/#\\\/schema\\\/logo\\\/image\\\/\"},\"sameAs\":[\"https:\\\/\\\/x.com\\\/gastronomicamen\"]},{\"@type\":\"Person\",\"@id\":\"https:\\\/\\\/gastronomicament.cat\\\/es\\\/#\\\/schema\\\/person\\\/a7c85c537a1ed62799a5b8e0f686a37f\",\"name\":\"Redacci\u00f3\",\"image\":{\"@type\":\"ImageObject\",\"inLanguage\":\"es\",\"@id\":\"https:\\\/\\\/secure.gravatar.com\\\/avatar\\\/9489a485c464fd611d33825daae651d13db70c4e74c65c94937a15a9d4c3ee14?s=96&d=mm&r=g69fea3cce3645dfa2166e7293e22955e\",\"url\":\"https:\\\/\\\/secure.gravatar.com\\\/avatar\\\/9489a485c464fd611d33825daae651d13db70c4e74c65c94937a15a9d4c3ee14?s=96&d=mm&r=g\",\"contentUrl\":\"https:\\\/\\\/secure.gravatar.com\\\/avatar\\\/9489a485c464fd611d33825daae651d13db70c4e74c65c94937a15a9d4c3ee14?s=96&d=mm&r=g\",\"caption\":\"Redacci\u00f3\"},\"sameAs\":[\"http:\\\/\\\/gastronomicament.cat\"],\"url\":\"https:\\\/\\\/gastronomicament.cat\\\/es\\\/author\\\/admin\"}]}<\/script>\n<!-- \/ Yoast SEO plugin. -->","yoast_head_json":{"title":"Estrella Damm deixa d'usar anelles de pl\u00e0stic - Gastron\u00f2micament","description":"Estrella Damm deixa d'usar anelles de pl\u00e0stic Actualitat, Reportatges i novetats Adoptaran un\u00a0nou sistema de cart\u00f3 100% biodegradable, que s'acabar\u00e0 d'implementar a final d'any","robots":{"index":"index","follow":"follow","max-snippet":"max-snippet:-1","max-image-preview":"max-image-preview:large","max-video-preview":"max-video-preview:-1"},"canonical":"https:\/\/gastronomicament.cat\/es\/estrella-damm-deixa-dusar-anelles-de-plastic","og_locale":"es_ES","og_type":"article","og_title":"Estrella Damm deixa d'usar anelles de pl\u00e0stic - Gastron\u00f2micament","og_description":"Estrella Damm deixa d'usar anelles de pl\u00e0stic Actualitat, Reportatges i novetats Adoptaran un\u00a0nou sistema de cart\u00f3 100% biodegradable, que s'acabar\u00e0 d'implementar a final d'any","og_url":"https:\/\/gastronomicament.cat\/es\/estrella-damm-deixa-dusar-anelles-de-plastic","og_site_name":"Gastron\u00f2micament","article_published_time":"2020-07-14T09:17:58+00:00","og_image":[{"width":708,"height":371,"url":"https:\/\/gastronomicament.cat\/wp-content\/uploads\/2020\/07\/Estrella-Damm-Anelles.jpg","type":"image\/jpeg"}],"author":"Redacci\u00f3","twitter_card":"summary_large_image","twitter_creator":"@gastronomicamen","twitter_site":"@gastronomicamen","twitter_misc":{"Escrito por":"Redacci\u00f3","Tiempo de lectura":"1 minuto","Written by":"Redacci\u00f3"},"schema":{"@context":"https:\/\/schema.org","@graph":[{"@type":"Article","@id":"https:\/\/gastronomicament.cat\/es\/estrella-damm-deixa-dusar-anelles-de-plastic#article","isPartOf":{"@id":"https:\/\/gastronomicament.cat\/es\/estrella-damm-deixa-dusar-anelles-de-plastic"},"author":{"name":"Redacci\u00f3","@id":"https:\/\/gastronomicament.cat\/es\/#\/schema\/person\/a7c85c537a1ed62799a5b8e0f686a37f"},"headline":"Estrella Damm deixa d&#8217;usar anelles de pl\u00e0stic","datePublished":"2020-07-14T09:17:58+00:00","mainEntityOfPage":{"@id":"https:\/\/gastronomicament.cat\/es\/estrella-damm-deixa-dusar-anelles-de-plastic"},"wordCount":145,"commentCount":0,"publisher":{"@id":"https:\/\/gastronomicament.cat\/es\/#organization"},"image":{"@id":"https:\/\/gastronomicament.cat\/es\/estrella-damm-deixa-dusar-anelles-de-plastic#primaryimage"},"thumbnailUrl":"https:\/\/gastronomicament.cat\/wp-content\/uploads\/2020\/07\/Estrella-Damm-Anelles.jpg","articleSection":["Actualitat","Reportatges i novetats"],"inLanguage":"es","potentialAction":[{"@type":"CommentAction","name":"Comment","target":["https:\/\/gastronomicament.cat\/es\/estrella-damm-deixa-dusar-anelles-de-plastic#respond"]}]},{"@type":"WebPage","@id":"https:\/\/gastronomicament.cat\/es\/estrella-damm-deixa-dusar-anelles-de-plastic","url":"https:\/\/gastronomicament.cat\/es\/estrella-damm-deixa-dusar-anelles-de-plastic","name":"Estrella Damm deixa d'usar anelles de pl\u00e0stic - Gastron\u00f2micament","isPartOf":{"@id":"https:\/\/gastronomicament.cat\/es\/#website"},"primaryImageOfPage":{"@id":"https:\/\/gastronomicament.cat\/es\/estrella-damm-deixa-dusar-anelles-de-plastic#primaryimage"},"image":{"@id":"https:\/\/gastronomicament.cat\/es\/estrella-damm-deixa-dusar-anelles-de-plastic#primaryimage"},"thumbnailUrl":"https:\/\/gastronomicament.cat\/wp-content\/uploads\/2020\/07\/Estrella-Damm-Anelles.jpg","datePublished":"2020-07-14T09:17:58+00:00","description":"Estrella Damm deixa d'usar anelles de pl\u00e0stic Actualitat, Reportatges i novetats Adoptaran un\u00a0nou sistema de cart\u00f3 100% biodegradable, que s'acabar\u00e0 d'implementar a final d'any","inLanguage":"es","potentialAction":[{"@type":"ReadAction","target":["https:\/\/gastronomicament.cat\/es\/estrella-damm-deixa-dusar-anelles-de-plastic"]}]},{"@type":"ImageObject","inLanguage":"es","@id":"https:\/\/gastronomicament.cat\/es\/estrella-damm-deixa-dusar-anelles-de-plastic#primaryimage","url":"https:\/\/gastronomicament.cat\/wp-content\/uploads\/2020\/07\/Estrella-Damm-Anelles.jpg","contentUrl":"https:\/\/gastronomicament.cat\/wp-content\/uploads\/2020\/07\/Estrella-Damm-Anelles.jpg","width":708,"height":371},{"@type":"WebSite","@id":"https:\/\/gastronomicament.cat\/es\/#website","url":"https:\/\/gastronomicament.cat\/es\/","name":"Gastron\u00f2micament","description":"Portal de restaurants, receptes i actualitat gastron\u00f2mica","publisher":{"@id":"https:\/\/gastronomicament.cat\/es\/#organization"},"potentialAction":[{"@type":"SearchAction","target":{"@type":"EntryPoint","urlTemplate":"https:\/\/gastronomicament.cat\/es\/?s={search_term_string}"},"query-input":{"@type":"PropertyValueSpecification","valueRequired":true,"valueName":"search_term_string"}}],"inLanguage":"es"},{"@type":"Organization","@id":"https:\/\/gastronomicament.cat\/es\/#organization","name":"Gastron\u00f2micament","url":"https:\/\/gastronomicament.cat\/es\/","logo":{"@type":"ImageObject","inLanguage":"es","@id":"https:\/\/gastronomicament.cat\/es\/#\/schema\/logo\/image\/","url":"https:\/\/gastronomicament.cat\/wp-content\/uploads\/2016\/09\/header-logo.jpg","contentUrl":"https:\/\/gastronomicament.cat\/wp-content\/uploads\/2016\/09\/header-logo.jpg","width":277,"height":39,"caption":"Gastron\u00f2micament"},"image":{"@id":"https:\/\/gastronomicament.cat\/es\/#\/schema\/logo\/image\/"},"sameAs":["https:\/\/x.com\/gastronomicamen"]},{"@type":"Person","@id":"https:\/\/gastronomicament.cat\/es\/#\/schema\/person\/a7c85c537a1ed62799a5b8e0f686a37f","name":"Redacci\u00f3","image":{"@type":"ImageObject","inLanguage":"es","@id":"https:\/\/secure.gravatar.com\/avatar\/9489a485c464fd611d33825daae651d13db70c4e74c65c94937a15a9d4c3ee14?s=96&d=mm&r=g69fea3cce3645dfa2166e7293e22955e","url":"https:\/\/secure.gravatar.com\/avatar\/9489a485c464fd611d33825daae651d13db70c4e74c65c94937a15a9d4c3ee14?s=96&d=mm&r=g","contentUrl":"https:\/\/secure.gravatar.com\/avatar\/9489a485c464fd611d33825daae651d13db70c4e74c65c94937a15a9d4c3ee14?s=96&d=mm&r=g","caption":"Redacci\u00f3"},"sameAs":["http:\/\/gastronomicament.cat"],"url":"https:\/\/gastronomicament.cat\/es\/author\/admin"}]}},"_links":{"self":[{"href":"https:\/\/gastronomicament.cat\/es\/wp-json\/wp\/v2\/posts\/60255","targetHints":{"allow":["GET"]}}],"collection":[{"href":"https:\/\/gastronomicament.cat\/es\/wp-json\/wp\/v2\/posts"}],"about":[{"href":"https:\/\/gastronomicament.cat\/es\/wp-json\/wp\/v2\/types\/post"}],"author":[{"embeddable":true,"href":"https:\/\/gastronomicament.cat\/es\/wp-json\/wp\/v2\/users\/1"}],"replies":[{"embeddable":true,"href":"https:\/\/gastronomicament.cat\/es\/wp-json\/wp\/v2\/comments?post=60255"}],"version-history":[{"count":0,"href":"https:\/\/gastronomicament.cat\/es\/wp-json\/wp\/v2\/posts\/60255\/revisions"}],"wp:featuredmedia":[{"embeddable":true,"href":"https:\/\/gastronomicament.cat\/es\/wp-json\/wp\/v2\/media\/42860"}],"wp:attachment":[{"href":"https:\/\/gastronomicament.cat\/es\/wp-json\/wp\/v2\/media?parent=60255"}],"wp:term":[{"taxonomy":"category","embeddable":true,"href":"https:\/\/gastronomicament.cat\/es\/wp-json\/wp\/v2\/categories?post=60255"},{"taxonomy":"post_tag","embeddable":true,"href":"https:\/\/gastronomicament.cat\/es\/wp-json\/wp\/v2\/tags?post=60255"},{"taxonomy":"author","embeddable":true,"href":"https:\/\/gastronomicament.cat\/es\/wp-json\/wp\/v2\/coauthors?post=60255"}],"curies":[{"name":"wp","href":"https:\/\/api.w.org\/{rel}","templated":true}]}}