{"id":60438,"date":"2020-06-11T13:41:14","date_gmt":"2020-06-11T11:41:14","guid":{"rendered":"https:\/\/gastronomicament.cat\/chapeau-1987-presenta-paisatges-de-mallorca"},"modified":"2022-04-09T09:37:42","modified_gmt":"2022-04-09T07:37:42","slug":"chapeau-1987-presenta-paisatges-de-mallorca","status":"publish","type":"post","link":"https:\/\/gastronomicament.cat\/es\/chapeau-1987-presenta-paisatges-de-mallorca","title":{"rendered":"Chapeau 1987 presenta Paisatges de Mallorca"},"content":{"rendered":"<p>La cocteleria de Palma\u00a0<strong>Chapeau 1987<\/strong>\u00a0va presentar dilluns la nova carta de c\u00f2ctels que ha batiat amb el nom de\u00a0<strong>Paisatges de Mallorca<\/strong>. Es tracta d&#8217;una oferta de 12 c\u00f2ctels dividits en tres tem\u00e0tiques: Mar, Pla i Serra de Tramuntana.<\/p>\n<p>Segons explica Matias Iriarte, responsable del pub, hi varen comen\u00e7ar a treballar el mes d&#8217;octubre de l&#8217;any passat i, arran de la crisi sanit\u00e0ria de la covid-19, han hagut de retardar-ne la presentaci\u00f3.<\/p>\n<p>\u00abS\u00f3n c\u00f2ctels inspirats en Mallorca, que tenen el producte local com a protagonista. El repte que ens v\u00e0rem proposar des de Chapeau 1987 era traslladar aliments s\u00f2lids i sensacions a l\u00edquid\u00bb, explica Iriarte. Per aix\u00f2 tamb\u00e9 han optat per col\u00b7laborar amb mestres artesans com el ceramista Pere Coll i els vidriers de Lafiore, que amb els recipients i copes creades contribueixen a traslladar el paisatge a la copa.<\/p>\n<p>Arran de les mesures higi\u00e8niques, des de Chapeau 1987 han decidit penjar la carta a Instagram per fer-la arribar a tothom interessat: \u00ab\u00e9s la xarxa m\u00e9s vista, finsi tot per davant de grans cadenes de televisi\u00f3\u00bb, comenta Iriarte. Per traslladar la carta en imatge han apostat per un fot\u00f2graf publicitari de refer\u00e8ncia, Nando Esteva, que ha retratat tots els c\u00f2ctels.<\/p>\n<p>Algunes dels c\u00f2ctels s\u00f3n:<\/p>\n<p><strong>Laid on the Beach<\/strong>: Els aromes tenen la capacitat de transportar-nos a altres llocs i a altres moments de la nostra vida. Si et diem &#8216;tombat a la platja, all\u00f2 que et ve al cap \u00e9s l&#8217;aroma dol\u00e7 de la crema solar, amb perfum de coco, per\u00f2 segurament tamb\u00e9 t&#8217;arriba l&#8217;aroma del mel\u00f3 acabat de tallar. Aix\u00ed \u00e9s Laid on the Beach, un c\u00f2ctel refrescant i tropical servit en una pe\u00e7a de cer\u00e0mica feta a m\u00e0 pel mestre artes\u00e0 Pere Coll, el tacte de la qual recorda l&#8217;arena de la platja entre els dits.<\/p>\n<p><em>Ingredients: Bacard\u00ed Maestros, mel\u00f3 de temporada, coco salat, tepache de Mel\u00f3 i perfum de hawaian tropic.<\/em><\/p>\n<p><strong>Mar i Muntanya<\/strong>: Les ones es rompen on volen. De vegades ho fan a l&#8217;arena d&#8217;una platge, per\u00f2 d&#8217;altres, ho fan contra les muntanyes, concretament contra els penya-segats del nor-est de l&#8217;illa de Mallorca. Ens agrada especialment l&#8217;aroma c\u00edtric i dol\u00e7 que despr\u00e8n S\u00f3ller quan atravesses la vall en tren. Un punt sal\u00ed de fonoll mar\u00ed, un toc transparent del centrifugat de les taronges i aquesta mescla servida en coupete riedel com un gimlet sec de Sipsmith gin, amb el seu punt mar\u00ed i c\u00edtric, que uneix la mar i la muntanya.<\/p>\n<p><em>Ingredients: Spismith gin, palo cortado sherry, taronja de S\u00f3ller i fonoll mar\u00ed.<\/em><\/p>\n<p><strong>Son Mut<\/strong>: La finca de Son Mut de Llucmajor \u00e9s un referent internacinal de figueres, amb 162 varietats, que ha inspirat aquest c\u00f2ctel fet amb whisky amb pa de figa i acompanyat d&#8217;herbes, palo i kombutxa feta per Brilla (Llub\u00ed), servit en una copa de Pere Coll.<\/p>\n<p><em>Ingredients: Macallan 12, figues de Son Mut, vi dol\u00e7 Oloroso, Palo, kombutxa de temporada<\/em><\/p>\n<p><strong>Tremp\u00f3 T\u00f2nic<\/strong>: L&#8217;estiu \u00e9s sin\u00f2nim de la mar, per\u00f2 tamb\u00e9 \u00e9s temps de caminar descal\u00e7 i de dinar o sopar de tremp\u00f3. Aquest plat concentra quasi tots els gustos del camp de la temporada, un glop vegetal, refrescant i, sobre tot, molt sabor\u00f3s.<\/p>\n<p><em>Ingredients: Gin suau de pebre blanc, tom\u00e0tiga de ramellet, vi fino, t\u00f2nica, ceba envinagrada.<\/em><\/p>\n<p><strong>Consultau la carta completa a<\/strong><em>:\u00a0<\/em><a href=\"https:\/\/www.instagram.com\/lacartadechapeau\/\" rel=\"nofollow\">https:\/\/www.instagram.com\/lacartadechapeau\/<\/a><\/p>\n","protected":false},"excerpt":{"rendered":"<p>Es tracta d&#8217;una oferta de 12 c\u00f2ctels dividits en tres tem\u00e0tiques: Mar, Pla i Serra de&hellip;<\/p>\n","protected":false},"author":1,"featured_media":42805,"comment_status":"open","ping_status":"closed","sticky":false,"template":"","format":"gallery","meta":{"_acf_changed":false,"_swt_meta_header_display":false,"_swt_meta_footer_display":false,"_swt_meta_site_title_display":false,"_swt_meta_sticky_header":false,"_swt_meta_transparent_header":false,"footnotes":""},"categories":[1003,1477],"tags":[],"coauthors":[],"class_list":["post-60438","post","type-post","status-publish","format-gallery","has-post-thumbnail","hentry","category-actualitat-es","category-reportatges-i-novetats-es","post_format-post-format-gallery"],"acf":{"gallery":null,"home_date":{"home_begin_date":null,"home_end_date":null}},"yoast_head":"<!-- This site is optimized with the Yoast SEO plugin v27.4 - https:\/\/yoast.com\/product\/yoast-seo-wordpress\/ -->\n<title>Chapeau 1987 presenta Paisatges de Mallorca - Gastron\u00f2micament<\/title>\n<meta name=\"description\" content=\"Chapeau 1987 presenta Paisatges de Mallorca Actualitat, Reportatges i novetats Es tracta d&#039;una oferta de 12 c\u00f2ctels dividits en tres tem\u00e0tiques: Mar, Pla i Serra de Tramuntana\" \/>\n<meta name=\"robots\" content=\"index, follow, max-snippet:-1, max-image-preview:large, max-video-preview:-1\" \/>\n<link rel=\"canonical\" href=\"https:\/\/gastronomicament.cat\/es\/chapeau-1987-presenta-paisatges-de-mallorca\" \/>\n<meta property=\"og:locale\" content=\"es_ES\" \/>\n<meta property=\"og:type\" content=\"article\" \/>\n<meta property=\"og:title\" content=\"Chapeau 1987 presenta Paisatges de Mallorca - Gastron\u00f2micament\" \/>\n<meta property=\"og:description\" content=\"Chapeau 1987 presenta Paisatges de Mallorca Actualitat, Reportatges i novetats Es tracta d&#039;una oferta de 12 c\u00f2ctels dividits en tres tem\u00e0tiques: Mar, Pla i Serra de Tramuntana\" \/>\n<meta property=\"og:url\" content=\"https:\/\/gastronomicament.cat\/es\/chapeau-1987-presenta-paisatges-de-mallorca\" \/>\n<meta property=\"og:site_name\" content=\"Gastron\u00f2micament\" \/>\n<meta property=\"article:published_time\" content=\"2020-06-11T11:41:14+00:00\" \/>\n<meta property=\"article:modified_time\" content=\"2022-04-09T07:37:42+00:00\" \/>\n<meta property=\"og:image\" content=\"https:\/\/gastronomicament.cat\/wp-content\/uploads\/2020\/06\/Chapeau-1987-Pub-Palma.jpg\" \/>\n\t<meta property=\"og:image:width\" content=\"1200\" \/>\n\t<meta property=\"og:image:height\" content=\"900\" \/>\n\t<meta property=\"og:image:type\" content=\"image\/jpeg\" \/>\n<meta name=\"author\" content=\"Redacci\u00f3\" \/>\n<meta name=\"twitter:card\" content=\"summary_large_image\" \/>\n<meta name=\"twitter:creator\" content=\"@gastronomicamen\" \/>\n<meta name=\"twitter:site\" content=\"@gastronomicamen\" \/>\n<meta name=\"twitter:label1\" content=\"Escrito por\" \/>\n\t<meta name=\"twitter:data1\" content=\"Redacci\u00f3\" \/>\n\t<meta name=\"twitter:label2\" content=\"Tiempo de lectura\" \/>\n\t<meta name=\"twitter:data2\" content=\"3 minutos\" \/>\n\t<meta name=\"twitter:label3\" content=\"Written by\" \/>\n\t<meta name=\"twitter:data3\" content=\"Redacci\u00f3\" \/>\n<script type=\"application\/ld+json\" class=\"yoast-schema-graph\">{\"@context\":\"https:\\\/\\\/schema.org\",\"@graph\":[{\"@type\":\"Article\",\"@id\":\"https:\\\/\\\/gastronomicament.cat\\\/es\\\/chapeau-1987-presenta-paisatges-de-mallorca#article\",\"isPartOf\":{\"@id\":\"https:\\\/\\\/gastronomicament.cat\\\/es\\\/chapeau-1987-presenta-paisatges-de-mallorca\"},\"author\":{\"name\":\"Redacci\u00f3\",\"@id\":\"https:\\\/\\\/gastronomicament.cat\\\/es\\\/#\\\/schema\\\/person\\\/a7c85c537a1ed62799a5b8e0f686a37f\"},\"headline\":\"Chapeau 1987 presenta Paisatges de Mallorca\",\"datePublished\":\"2020-06-11T11:41:14+00:00\",\"dateModified\":\"2022-04-09T07:37:42+00:00\",\"mainEntityOfPage\":{\"@id\":\"https:\\\/\\\/gastronomicament.cat\\\/es\\\/chapeau-1987-presenta-paisatges-de-mallorca\"},\"wordCount\":579,\"commentCount\":0,\"publisher\":{\"@id\":\"https:\\\/\\\/gastronomicament.cat\\\/es\\\/#organization\"},\"image\":{\"@id\":\"https:\\\/\\\/gastronomicament.cat\\\/es\\\/chapeau-1987-presenta-paisatges-de-mallorca#primaryimage\"},\"thumbnailUrl\":\"https:\\\/\\\/gastronomicament.cat\\\/wp-content\\\/uploads\\\/2020\\\/06\\\/Chapeau-1987-Pub-Palma.jpg\",\"articleSection\":[\"Actualitat\",\"Reportatges i novetats\"],\"inLanguage\":\"es\",\"potentialAction\":[{\"@type\":\"CommentAction\",\"name\":\"Comment\",\"target\":[\"https:\\\/\\\/gastronomicament.cat\\\/es\\\/chapeau-1987-presenta-paisatges-de-mallorca#respond\"]}]},{\"@type\":\"WebPage\",\"@id\":\"https:\\\/\\\/gastronomicament.cat\\\/es\\\/chapeau-1987-presenta-paisatges-de-mallorca\",\"url\":\"https:\\\/\\\/gastronomicament.cat\\\/es\\\/chapeau-1987-presenta-paisatges-de-mallorca\",\"name\":\"Chapeau 1987 presenta Paisatges de Mallorca - Gastron\u00f2micament\",\"isPartOf\":{\"@id\":\"https:\\\/\\\/gastronomicament.cat\\\/es\\\/#website\"},\"primaryImageOfPage\":{\"@id\":\"https:\\\/\\\/gastronomicament.cat\\\/es\\\/chapeau-1987-presenta-paisatges-de-mallorca#primaryimage\"},\"image\":{\"@id\":\"https:\\\/\\\/gastronomicament.cat\\\/es\\\/chapeau-1987-presenta-paisatges-de-mallorca#primaryimage\"},\"thumbnailUrl\":\"https:\\\/\\\/gastronomicament.cat\\\/wp-content\\\/uploads\\\/2020\\\/06\\\/Chapeau-1987-Pub-Palma.jpg\",\"datePublished\":\"2020-06-11T11:41:14+00:00\",\"dateModified\":\"2022-04-09T07:37:42+00:00\",\"description\":\"Chapeau 1987 presenta Paisatges de Mallorca Actualitat, Reportatges i novetats Es tracta d'una oferta de 12 c\u00f2ctels dividits en tres tem\u00e0tiques: Mar, Pla i Serra de Tramuntana\",\"inLanguage\":\"es\",\"potentialAction\":[{\"@type\":\"ReadAction\",\"target\":[\"https:\\\/\\\/gastronomicament.cat\\\/es\\\/chapeau-1987-presenta-paisatges-de-mallorca\"]}]},{\"@type\":\"ImageObject\",\"inLanguage\":\"es\",\"@id\":\"https:\\\/\\\/gastronomicament.cat\\\/es\\\/chapeau-1987-presenta-paisatges-de-mallorca#primaryimage\",\"url\":\"https:\\\/\\\/gastronomicament.cat\\\/wp-content\\\/uploads\\\/2020\\\/06\\\/Chapeau-1987-Pub-Palma.jpg\",\"contentUrl\":\"https:\\\/\\\/gastronomicament.cat\\\/wp-content\\\/uploads\\\/2020\\\/06\\\/Chapeau-1987-Pub-Palma.jpg\",\"width\":1200,\"height\":900},{\"@type\":\"WebSite\",\"@id\":\"https:\\\/\\\/gastronomicament.cat\\\/es\\\/#website\",\"url\":\"https:\\\/\\\/gastronomicament.cat\\\/es\\\/\",\"name\":\"Gastron\u00f2micament\",\"description\":\"Portal de restaurants, receptes i actualitat gastron\u00f2mica\",\"publisher\":{\"@id\":\"https:\\\/\\\/gastronomicament.cat\\\/es\\\/#organization\"},\"potentialAction\":[{\"@type\":\"SearchAction\",\"target\":{\"@type\":\"EntryPoint\",\"urlTemplate\":\"https:\\\/\\\/gastronomicament.cat\\\/es\\\/?s={search_term_string}\"},\"query-input\":{\"@type\":\"PropertyValueSpecification\",\"valueRequired\":true,\"valueName\":\"search_term_string\"}}],\"inLanguage\":\"es\"},{\"@type\":\"Organization\",\"@id\":\"https:\\\/\\\/gastronomicament.cat\\\/es\\\/#organization\",\"name\":\"Gastron\u00f2micament\",\"url\":\"https:\\\/\\\/gastronomicament.cat\\\/es\\\/\",\"logo\":{\"@type\":\"ImageObject\",\"inLanguage\":\"es\",\"@id\":\"https:\\\/\\\/gastronomicament.cat\\\/es\\\/#\\\/schema\\\/logo\\\/image\\\/\",\"url\":\"https:\\\/\\\/gastronomicament.cat\\\/wp-content\\\/uploads\\\/2016\\\/09\\\/header-logo.jpg\",\"contentUrl\":\"https:\\\/\\\/gastronomicament.cat\\\/wp-content\\\/uploads\\\/2016\\\/09\\\/header-logo.jpg\",\"width\":277,\"height\":39,\"caption\":\"Gastron\u00f2micament\"},\"image\":{\"@id\":\"https:\\\/\\\/gastronomicament.cat\\\/es\\\/#\\\/schema\\\/logo\\\/image\\\/\"},\"sameAs\":[\"https:\\\/\\\/x.com\\\/gastronomicamen\"]},{\"@type\":\"Person\",\"@id\":\"https:\\\/\\\/gastronomicament.cat\\\/es\\\/#\\\/schema\\\/person\\\/a7c85c537a1ed62799a5b8e0f686a37f\",\"name\":\"Redacci\u00f3\",\"image\":{\"@type\":\"ImageObject\",\"inLanguage\":\"es\",\"@id\":\"https:\\\/\\\/secure.gravatar.com\\\/avatar\\\/9489a485c464fd611d33825daae651d13db70c4e74c65c94937a15a9d4c3ee14?s=96&d=mm&r=g69fea3cce3645dfa2166e7293e22955e\",\"url\":\"https:\\\/\\\/secure.gravatar.com\\\/avatar\\\/9489a485c464fd611d33825daae651d13db70c4e74c65c94937a15a9d4c3ee14?s=96&d=mm&r=g\",\"contentUrl\":\"https:\\\/\\\/secure.gravatar.com\\\/avatar\\\/9489a485c464fd611d33825daae651d13db70c4e74c65c94937a15a9d4c3ee14?s=96&d=mm&r=g\",\"caption\":\"Redacci\u00f3\"},\"sameAs\":[\"http:\\\/\\\/gastronomicament.cat\"],\"url\":\"https:\\\/\\\/gastronomicament.cat\\\/es\\\/author\\\/admin\"}]}<\/script>\n<!-- \/ Yoast SEO plugin. -->","yoast_head_json":{"title":"Chapeau 1987 presenta Paisatges de Mallorca - Gastron\u00f2micament","description":"Chapeau 1987 presenta Paisatges de Mallorca Actualitat, Reportatges i novetats Es tracta d'una oferta de 12 c\u00f2ctels dividits en tres tem\u00e0tiques: Mar, Pla i Serra de Tramuntana","robots":{"index":"index","follow":"follow","max-snippet":"max-snippet:-1","max-image-preview":"max-image-preview:large","max-video-preview":"max-video-preview:-1"},"canonical":"https:\/\/gastronomicament.cat\/es\/chapeau-1987-presenta-paisatges-de-mallorca","og_locale":"es_ES","og_type":"article","og_title":"Chapeau 1987 presenta Paisatges de Mallorca - Gastron\u00f2micament","og_description":"Chapeau 1987 presenta Paisatges de Mallorca Actualitat, Reportatges i novetats Es tracta d'una oferta de 12 c\u00f2ctels dividits en tres tem\u00e0tiques: Mar, Pla i Serra de Tramuntana","og_url":"https:\/\/gastronomicament.cat\/es\/chapeau-1987-presenta-paisatges-de-mallorca","og_site_name":"Gastron\u00f2micament","article_published_time":"2020-06-11T11:41:14+00:00","article_modified_time":"2022-04-09T07:37:42+00:00","og_image":[{"width":1200,"height":900,"url":"https:\/\/gastronomicament.cat\/wp-content\/uploads\/2020\/06\/Chapeau-1987-Pub-Palma.jpg","type":"image\/jpeg"}],"author":"Redacci\u00f3","twitter_card":"summary_large_image","twitter_creator":"@gastronomicamen","twitter_site":"@gastronomicamen","twitter_misc":{"Escrito por":"Redacci\u00f3","Tiempo de lectura":"3 minutos","Written by":"Redacci\u00f3"},"schema":{"@context":"https:\/\/schema.org","@graph":[{"@type":"Article","@id":"https:\/\/gastronomicament.cat\/es\/chapeau-1987-presenta-paisatges-de-mallorca#article","isPartOf":{"@id":"https:\/\/gastronomicament.cat\/es\/chapeau-1987-presenta-paisatges-de-mallorca"},"author":{"name":"Redacci\u00f3","@id":"https:\/\/gastronomicament.cat\/es\/#\/schema\/person\/a7c85c537a1ed62799a5b8e0f686a37f"},"headline":"Chapeau 1987 presenta Paisatges de Mallorca","datePublished":"2020-06-11T11:41:14+00:00","dateModified":"2022-04-09T07:37:42+00:00","mainEntityOfPage":{"@id":"https:\/\/gastronomicament.cat\/es\/chapeau-1987-presenta-paisatges-de-mallorca"},"wordCount":579,"commentCount":0,"publisher":{"@id":"https:\/\/gastronomicament.cat\/es\/#organization"},"image":{"@id":"https:\/\/gastronomicament.cat\/es\/chapeau-1987-presenta-paisatges-de-mallorca#primaryimage"},"thumbnailUrl":"https:\/\/gastronomicament.cat\/wp-content\/uploads\/2020\/06\/Chapeau-1987-Pub-Palma.jpg","articleSection":["Actualitat","Reportatges i novetats"],"inLanguage":"es","potentialAction":[{"@type":"CommentAction","name":"Comment","target":["https:\/\/gastronomicament.cat\/es\/chapeau-1987-presenta-paisatges-de-mallorca#respond"]}]},{"@type":"WebPage","@id":"https:\/\/gastronomicament.cat\/es\/chapeau-1987-presenta-paisatges-de-mallorca","url":"https:\/\/gastronomicament.cat\/es\/chapeau-1987-presenta-paisatges-de-mallorca","name":"Chapeau 1987 presenta Paisatges de Mallorca - Gastron\u00f2micament","isPartOf":{"@id":"https:\/\/gastronomicament.cat\/es\/#website"},"primaryImageOfPage":{"@id":"https:\/\/gastronomicament.cat\/es\/chapeau-1987-presenta-paisatges-de-mallorca#primaryimage"},"image":{"@id":"https:\/\/gastronomicament.cat\/es\/chapeau-1987-presenta-paisatges-de-mallorca#primaryimage"},"thumbnailUrl":"https:\/\/gastronomicament.cat\/wp-content\/uploads\/2020\/06\/Chapeau-1987-Pub-Palma.jpg","datePublished":"2020-06-11T11:41:14+00:00","dateModified":"2022-04-09T07:37:42+00:00","description":"Chapeau 1987 presenta Paisatges de Mallorca Actualitat, Reportatges i novetats Es tracta d'una oferta de 12 c\u00f2ctels dividits en tres tem\u00e0tiques: Mar, Pla i Serra de Tramuntana","inLanguage":"es","potentialAction":[{"@type":"ReadAction","target":["https:\/\/gastronomicament.cat\/es\/chapeau-1987-presenta-paisatges-de-mallorca"]}]},{"@type":"ImageObject","inLanguage":"es","@id":"https:\/\/gastronomicament.cat\/es\/chapeau-1987-presenta-paisatges-de-mallorca#primaryimage","url":"https:\/\/gastronomicament.cat\/wp-content\/uploads\/2020\/06\/Chapeau-1987-Pub-Palma.jpg","contentUrl":"https:\/\/gastronomicament.cat\/wp-content\/uploads\/2020\/06\/Chapeau-1987-Pub-Palma.jpg","width":1200,"height":900},{"@type":"WebSite","@id":"https:\/\/gastronomicament.cat\/es\/#website","url":"https:\/\/gastronomicament.cat\/es\/","name":"Gastron\u00f2micament","description":"Portal de restaurants, receptes i actualitat gastron\u00f2mica","publisher":{"@id":"https:\/\/gastronomicament.cat\/es\/#organization"},"potentialAction":[{"@type":"SearchAction","target":{"@type":"EntryPoint","urlTemplate":"https:\/\/gastronomicament.cat\/es\/?s={search_term_string}"},"query-input":{"@type":"PropertyValueSpecification","valueRequired":true,"valueName":"search_term_string"}}],"inLanguage":"es"},{"@type":"Organization","@id":"https:\/\/gastronomicament.cat\/es\/#organization","name":"Gastron\u00f2micament","url":"https:\/\/gastronomicament.cat\/es\/","logo":{"@type":"ImageObject","inLanguage":"es","@id":"https:\/\/gastronomicament.cat\/es\/#\/schema\/logo\/image\/","url":"https:\/\/gastronomicament.cat\/wp-content\/uploads\/2016\/09\/header-logo.jpg","contentUrl":"https:\/\/gastronomicament.cat\/wp-content\/uploads\/2016\/09\/header-logo.jpg","width":277,"height":39,"caption":"Gastron\u00f2micament"},"image":{"@id":"https:\/\/gastronomicament.cat\/es\/#\/schema\/logo\/image\/"},"sameAs":["https:\/\/x.com\/gastronomicamen"]},{"@type":"Person","@id":"https:\/\/gastronomicament.cat\/es\/#\/schema\/person\/a7c85c537a1ed62799a5b8e0f686a37f","name":"Redacci\u00f3","image":{"@type":"ImageObject","inLanguage":"es","@id":"https:\/\/secure.gravatar.com\/avatar\/9489a485c464fd611d33825daae651d13db70c4e74c65c94937a15a9d4c3ee14?s=96&d=mm&r=g69fea3cce3645dfa2166e7293e22955e","url":"https:\/\/secure.gravatar.com\/avatar\/9489a485c464fd611d33825daae651d13db70c4e74c65c94937a15a9d4c3ee14?s=96&d=mm&r=g","contentUrl":"https:\/\/secure.gravatar.com\/avatar\/9489a485c464fd611d33825daae651d13db70c4e74c65c94937a15a9d4c3ee14?s=96&d=mm&r=g","caption":"Redacci\u00f3"},"sameAs":["http:\/\/gastronomicament.cat"],"url":"https:\/\/gastronomicament.cat\/es\/author\/admin"}]}},"_links":{"self":[{"href":"https:\/\/gastronomicament.cat\/es\/wp-json\/wp\/v2\/posts\/60438","targetHints":{"allow":["GET"]}}],"collection":[{"href":"https:\/\/gastronomicament.cat\/es\/wp-json\/wp\/v2\/posts"}],"about":[{"href":"https:\/\/gastronomicament.cat\/es\/wp-json\/wp\/v2\/types\/post"}],"author":[{"embeddable":true,"href":"https:\/\/gastronomicament.cat\/es\/wp-json\/wp\/v2\/users\/1"}],"replies":[{"embeddable":true,"href":"https:\/\/gastronomicament.cat\/es\/wp-json\/wp\/v2\/comments?post=60438"}],"version-history":[{"count":0,"href":"https:\/\/gastronomicament.cat\/es\/wp-json\/wp\/v2\/posts\/60438\/revisions"}],"wp:featuredmedia":[{"embeddable":true,"href":"https:\/\/gastronomicament.cat\/es\/wp-json\/wp\/v2\/media\/42805"}],"wp:attachment":[{"href":"https:\/\/gastronomicament.cat\/es\/wp-json\/wp\/v2\/media?parent=60438"}],"wp:term":[{"taxonomy":"category","embeddable":true,"href":"https:\/\/gastronomicament.cat\/es\/wp-json\/wp\/v2\/categories?post=60438"},{"taxonomy":"post_tag","embeddable":true,"href":"https:\/\/gastronomicament.cat\/es\/wp-json\/wp\/v2\/tags?post=60438"},{"taxonomy":"author","embeddable":true,"href":"https:\/\/gastronomicament.cat\/es\/wp-json\/wp\/v2\/coauthors?post=60438"}],"curies":[{"name":"wp","href":"https:\/\/api.w.org\/{rel}","templated":true}]}}