{"id":61366,"date":"2020-03-04T10:27:04","date_gmt":"2020-03-04T09:27:04","guid":{"rendered":"https:\/\/gastronomicament.cat\/ceramica-i-cuina-estrelles-de-la-fira-del-fang-de-marratxi"},"modified":"2020-03-04T10:27:04","modified_gmt":"2020-03-04T09:27:04","slug":"ceramica-i-cuina-estrelles-de-la-fira-del-fang-de-marratxi","status":"publish","type":"post","link":"https:\/\/gastronomicament.cat\/es\/ceramica-i-cuina-estrelles-de-la-fira-del-fang-de-marratxi","title":{"rendered":"Cer\u00e0mica i cuina, estrelles de la Fira del Fang de Marratx\u00ed"},"content":{"rendered":"<p>Una de les cites m\u00e9s esperades just abans que comenci la primavera, \u00e9s la<strong>\u00a0Fira del Fang<\/strong>, que enguany se celebra<strong>\u00a0del 7 al 15 de mar\u00e7<\/strong>.<\/p>\n<p>Per a l&#8217;edici\u00f3 2020, el tema central ser\u00e0\u00a0<strong>Cuines del m\u00f3n amb cer\u00e0mica<\/strong>. Hi assistiran 40 firaires de les Balears i d&#8217;arreu del m\u00f3n, en una de les cites m\u00e9s destacades del sector a nivell estatal i internacional.<\/p>\n<p>Circ, ball de bot, tallers per a infants, m\u00fasica i cuina es combinaran amb les peces de fang i de cer\u00e0mica per oferir un programa complet als visitants.<\/p>\n<p>L&#8217;<strong>horari de la Fira del Fang 2020<\/strong>, de s\u2019Escorxador de Marratx\u00ed i del\u00a0 Museu del Fang \u00e9s el seg\u00fcent:<\/p>\n<ul>\n<li>De dilluns a divendres de 10 a 13.30 i de 16 a 19 hores.<\/li>\n<li>Dissabtes i diumenges de 10 a 20 hores.<\/li>\n<\/ul>\n<p>Entre les<strong>\u00a0activitats relacionades amb la gastronomia i la cer\u00e0mica\u00a0<\/strong>cal destacar:<\/p>\n<p><strong>Dilluns, 9 de mar\u00e7<\/strong><\/p>\n<ul>\n<li>17 h. Visita guiada a l\u2019exposici\u00f3 &#8216;Cuines del m\u00f3n amb cer\u00e0mica&#8217;, de la m\u00e0 de Toni Vich. Concentraci\u00f3 davant de l\u2019estand de l\u2019Ajuntament.<\/li>\n<\/ul>\n<p><strong>Dimecres, 11 de mar\u00e7<\/strong><\/p>\n<ul>\n<li>De 16.30 a 18.30 hores: Crespells de fang. Taller familiar de crespells decoratius de cer\u00e0mica a c\u00e0rrec de Virginia Massagu\u00e8. Inscripcions a l\u2019\u00c0rea de Cultura al tel\u00e8fon 971 797 624 o a l\u2019adre\u00e7a cultura [arrova] marratxi [punt] es. Envelat principal.<\/li>\n<\/ul>\n<p><strong>Dijous, 12 de mar\u00e7<\/strong><\/p>\n<ul>\n<li>17.30 hores: Confer\u00e8ncia Hist\u00f2ria de la cuina mallorquina, a c\u00e0rrec del xef Miquel Calent. Envelat principal.<\/li>\n<\/ul>\n<p><strong>Divendres, 13 de mar\u00e7<\/strong><\/p>\n<ul>\n<li>19.30 hores: Gustatio Romana. Experi\u00e8ncia gastron\u00f2mica amb cuina i cer\u00e0miques de l\u2019Antiga Roma. Inscripcions a l\u2019\u00c0rea de Cultura al tel\u00e8fon 971 797 624 o a l\u2019adre\u00e7a cultura [arrova] marratxi [punt] es . Amb la col\u00b7laboraci\u00f3 del Cat\u00e0leg d\u2019Activitats Culturals del Consell de Mallorca. Carpa de Tallers.<\/li>\n<\/ul>\n<p><strong>Dissabte, 14 de mar\u00e7<\/strong><\/p>\n<ul>\n<li>De 11 a 13 hores: Pizzes de fang. Taller familiar de pizzes decoratives de cer\u00e0mica a c\u00e0rrec de Virginia Massagu\u00e8. Inscripcions a l\u2019\u00c0rea de Cultura al tel\u00e8fon 971 797 624 o a l\u2019adre\u00e7a cultura [arrova] marratxi [punt] es . Envelat principal.<\/li>\n<li>18 hores: Demostraci\u00f3 de cuines del m\u00f3n amb cer\u00e0mica, a c\u00e0rrec del xef Pedro Suau i la col\u00b7laboraci\u00f3 del Museu del Fang. Envelat principal.<\/li>\n<\/ul>\n<p><strong>Diumenge, 15 de mar\u00e7<br \/>\n<\/strong><\/p>\n<ul>\n<li>14.30 hores: Peccata Minuta Especial Cuines del m\u00f3n amb Cer\u00e0mica de la m\u00e0 de Chefs(in), amb els xefs Miquel Calent, Edu Mart\u00ednez Gil, Tomeu Mart\u00ed i David Moreno. Envelat principal.<\/li>\n<\/ul>\n<p><strong>Fang Cuina 2020<\/strong><\/p>\n<p>Tamb\u00e9 hi ha prevista la segona edici\u00f3 de Fang Cuina, que enguany inclou 17 restaurants del municipi. Tots els plats seserveixen amb cer\u00e0mica local.<\/p>\n<p>Consultau el programa de la Fira del Fang de Marratx\u00ed 2020 a:\u00a0<a href=\"https:\/\/viu.marratxi.es\/viure-a-mtxi\/comerc-i-mercats\/fires\/fira-del-fang\" rel=\"nofollow\">https:\/\/viu.marratxi.es\/viure-a-mtxi\/comerc-i-mercats\/fires\/fira-del-fang<\/a><\/p>\n<p><iframe src=\"https:\/\/www.youtube.com\/embed\/h0vPki3eUoc\" width=\"560\" height=\"315\" frameborder=\"0\" allowfullscreen=\"allowfullscreen\"><\/iframe><\/p>\n","protected":false},"excerpt":{"rendered":"<p>Una de les cites m\u00e9s esperades just abans que comenci la primavera, \u00e9s la\u00a0Fira del Fang,&hellip;<\/p>\n","protected":false},"author":1,"featured_media":42673,"comment_status":"open","ping_status":"closed","sticky":false,"template":"","format":"gallery","meta":{"_acf_changed":false,"_swt_meta_header_display":false,"_swt_meta_footer_display":false,"_swt_meta_site_title_display":false,"_swt_meta_sticky_header":false,"_swt_meta_transparent_header":false,"footnotes":""},"categories":[1003,1004],"tags":[],"coauthors":[],"class_list":["post-61366","post","type-post","status-publish","format-gallery","has-post-thumbnail","hentry","category-actualitat-es","category-fires-i-rutes-es","post_format-post-format-gallery"],"acf":{"gallery":null,"home_date":{"home_begin_date":null,"home_end_date":null}},"yoast_head":"<!-- This site is optimized with the Yoast SEO plugin v27.4 - https:\/\/yoast.com\/product\/yoast-seo-wordpress\/ -->\n<title>Cer\u00e0mica i cuina, estrelles de la Fira del Fang de Marratx\u00ed - Gastron\u00f2micament<\/title>\n<meta name=\"description\" content=\"Cer\u00e0mica i cuina, estrelles de la Fira del Fang de Marratx\u00ed Actualitat, Fires i rutes Una de les cites m\u00e9s esperades just abans que comenci la primavera, \u00e9s la\u00a0Fira del Fang, que enguany se celebra\u00a0del 7 al 15 de mar\u00e7\" \/>\n<meta name=\"robots\" content=\"index, follow, max-snippet:-1, max-image-preview:large, max-video-preview:-1\" \/>\n<link rel=\"canonical\" href=\"https:\/\/gastronomicament.cat\/es\/ceramica-i-cuina-estrelles-de-la-fira-del-fang-de-marratxi\" \/>\n<meta property=\"og:locale\" content=\"es_ES\" \/>\n<meta property=\"og:type\" content=\"article\" \/>\n<meta property=\"og:title\" content=\"Cer\u00e0mica i cuina, estrelles de la Fira del Fang de Marratx\u00ed - Gastron\u00f2micament\" \/>\n<meta property=\"og:description\" content=\"Cer\u00e0mica i cuina, estrelles de la Fira del Fang de Marratx\u00ed Actualitat, Fires i rutes Una de les cites m\u00e9s esperades just abans que comenci la primavera, \u00e9s la\u00a0Fira del Fang, que enguany se celebra\u00a0del 7 al 15 de mar\u00e7\" \/>\n<meta property=\"og:url\" content=\"https:\/\/gastronomicament.cat\/es\/ceramica-i-cuina-estrelles-de-la-fira-del-fang-de-marratxi\" \/>\n<meta property=\"og:site_name\" content=\"Gastron\u00f2micament\" \/>\n<meta property=\"article:published_time\" content=\"2020-03-04T09:27:04+00:00\" \/>\n<meta property=\"og:image\" content=\"https:\/\/gastronomicament.cat\/wp-content\/uploads\/2020\/03\/Fira-del-Fang-Marratxi-2020.jpg\" \/>\n\t<meta property=\"og:image:width\" content=\"1800\" \/>\n\t<meta property=\"og:image:height\" content=\"962\" \/>\n\t<meta property=\"og:image:type\" content=\"image\/jpeg\" \/>\n<meta name=\"author\" content=\"Redacci\u00f3\" \/>\n<meta name=\"twitter:card\" content=\"summary_large_image\" \/>\n<meta name=\"twitter:creator\" content=\"@gastronomicamen\" \/>\n<meta name=\"twitter:site\" content=\"@gastronomicamen\" \/>\n<meta name=\"twitter:label1\" content=\"Escrito por\" \/>\n\t<meta name=\"twitter:data1\" content=\"Redacci\u00f3\" \/>\n\t<meta name=\"twitter:label2\" content=\"Tiempo de lectura\" \/>\n\t<meta name=\"twitter:data2\" content=\"2 minutos\" \/>\n\t<meta name=\"twitter:label3\" content=\"Written by\" \/>\n\t<meta name=\"twitter:data3\" content=\"Redacci\u00f3\" \/>\n<script type=\"application\/ld+json\" class=\"yoast-schema-graph\">{\"@context\":\"https:\\\/\\\/schema.org\",\"@graph\":[{\"@type\":\"Article\",\"@id\":\"https:\\\/\\\/gastronomicament.cat\\\/es\\\/ceramica-i-cuina-estrelles-de-la-fira-del-fang-de-marratxi#article\",\"isPartOf\":{\"@id\":\"https:\\\/\\\/gastronomicament.cat\\\/es\\\/ceramica-i-cuina-estrelles-de-la-fira-del-fang-de-marratxi\"},\"author\":{\"name\":\"Redacci\u00f3\",\"@id\":\"https:\\\/\\\/gastronomicament.cat\\\/es\\\/#\\\/schema\\\/person\\\/a7c85c537a1ed62799a5b8e0f686a37f\"},\"headline\":\"Cer\u00e0mica i cuina, estrelles de la Fira del Fang de Marratx\u00ed\",\"datePublished\":\"2020-03-04T09:27:04+00:00\",\"mainEntityOfPage\":{\"@id\":\"https:\\\/\\\/gastronomicament.cat\\\/es\\\/ceramica-i-cuina-estrelles-de-la-fira-del-fang-de-marratxi\"},\"wordCount\":459,\"commentCount\":0,\"publisher\":{\"@id\":\"https:\\\/\\\/gastronomicament.cat\\\/es\\\/#organization\"},\"image\":{\"@id\":\"https:\\\/\\\/gastronomicament.cat\\\/es\\\/ceramica-i-cuina-estrelles-de-la-fira-del-fang-de-marratxi#primaryimage\"},\"thumbnailUrl\":\"https:\\\/\\\/gastronomicament.cat\\\/wp-content\\\/uploads\\\/2020\\\/03\\\/Fira-del-Fang-Marratxi-2020.jpg\",\"articleSection\":[\"Actualitat\",\"Fires i rutes\"],\"inLanguage\":\"es\",\"potentialAction\":[{\"@type\":\"CommentAction\",\"name\":\"Comment\",\"target\":[\"https:\\\/\\\/gastronomicament.cat\\\/es\\\/ceramica-i-cuina-estrelles-de-la-fira-del-fang-de-marratxi#respond\"]}]},{\"@type\":\"WebPage\",\"@id\":\"https:\\\/\\\/gastronomicament.cat\\\/es\\\/ceramica-i-cuina-estrelles-de-la-fira-del-fang-de-marratxi\",\"url\":\"https:\\\/\\\/gastronomicament.cat\\\/es\\\/ceramica-i-cuina-estrelles-de-la-fira-del-fang-de-marratxi\",\"name\":\"Cer\u00e0mica i cuina, estrelles de la Fira del Fang de Marratx\u00ed - Gastron\u00f2micament\",\"isPartOf\":{\"@id\":\"https:\\\/\\\/gastronomicament.cat\\\/es\\\/#website\"},\"primaryImageOfPage\":{\"@id\":\"https:\\\/\\\/gastronomicament.cat\\\/es\\\/ceramica-i-cuina-estrelles-de-la-fira-del-fang-de-marratxi#primaryimage\"},\"image\":{\"@id\":\"https:\\\/\\\/gastronomicament.cat\\\/es\\\/ceramica-i-cuina-estrelles-de-la-fira-del-fang-de-marratxi#primaryimage\"},\"thumbnailUrl\":\"https:\\\/\\\/gastronomicament.cat\\\/wp-content\\\/uploads\\\/2020\\\/03\\\/Fira-del-Fang-Marratxi-2020.jpg\",\"datePublished\":\"2020-03-04T09:27:04+00:00\",\"description\":\"Cer\u00e0mica i cuina, estrelles de la Fira del Fang de Marratx\u00ed Actualitat, Fires i rutes Una de les cites m\u00e9s esperades just abans que comenci la primavera, \u00e9s la\u00a0Fira del Fang, que enguany se celebra\u00a0del 7 al 15 de mar\u00e7\",\"inLanguage\":\"es\",\"potentialAction\":[{\"@type\":\"ReadAction\",\"target\":[\"https:\\\/\\\/gastronomicament.cat\\\/es\\\/ceramica-i-cuina-estrelles-de-la-fira-del-fang-de-marratxi\"]}]},{\"@type\":\"ImageObject\",\"inLanguage\":\"es\",\"@id\":\"https:\\\/\\\/gastronomicament.cat\\\/es\\\/ceramica-i-cuina-estrelles-de-la-fira-del-fang-de-marratxi#primaryimage\",\"url\":\"https:\\\/\\\/gastronomicament.cat\\\/wp-content\\\/uploads\\\/2020\\\/03\\\/Fira-del-Fang-Marratxi-2020.jpg\",\"contentUrl\":\"https:\\\/\\\/gastronomicament.cat\\\/wp-content\\\/uploads\\\/2020\\\/03\\\/Fira-del-Fang-Marratxi-2020.jpg\",\"width\":1800,\"height\":962},{\"@type\":\"WebSite\",\"@id\":\"https:\\\/\\\/gastronomicament.cat\\\/es\\\/#website\",\"url\":\"https:\\\/\\\/gastronomicament.cat\\\/es\\\/\",\"name\":\"Gastron\u00f2micament\",\"description\":\"Portal de restaurants, receptes i actualitat gastron\u00f2mica\",\"publisher\":{\"@id\":\"https:\\\/\\\/gastronomicament.cat\\\/es\\\/#organization\"},\"potentialAction\":[{\"@type\":\"SearchAction\",\"target\":{\"@type\":\"EntryPoint\",\"urlTemplate\":\"https:\\\/\\\/gastronomicament.cat\\\/es\\\/?s={search_term_string}\"},\"query-input\":{\"@type\":\"PropertyValueSpecification\",\"valueRequired\":true,\"valueName\":\"search_term_string\"}}],\"inLanguage\":\"es\"},{\"@type\":\"Organization\",\"@id\":\"https:\\\/\\\/gastronomicament.cat\\\/es\\\/#organization\",\"name\":\"Gastron\u00f2micament\",\"url\":\"https:\\\/\\\/gastronomicament.cat\\\/es\\\/\",\"logo\":{\"@type\":\"ImageObject\",\"inLanguage\":\"es\",\"@id\":\"https:\\\/\\\/gastronomicament.cat\\\/es\\\/#\\\/schema\\\/logo\\\/image\\\/\",\"url\":\"https:\\\/\\\/gastronomicament.cat\\\/wp-content\\\/uploads\\\/2016\\\/09\\\/header-logo.jpg\",\"contentUrl\":\"https:\\\/\\\/gastronomicament.cat\\\/wp-content\\\/uploads\\\/2016\\\/09\\\/header-logo.jpg\",\"width\":277,\"height\":39,\"caption\":\"Gastron\u00f2micament\"},\"image\":{\"@id\":\"https:\\\/\\\/gastronomicament.cat\\\/es\\\/#\\\/schema\\\/logo\\\/image\\\/\"},\"sameAs\":[\"https:\\\/\\\/x.com\\\/gastronomicamen\"]},{\"@type\":\"Person\",\"@id\":\"https:\\\/\\\/gastronomicament.cat\\\/es\\\/#\\\/schema\\\/person\\\/a7c85c537a1ed62799a5b8e0f686a37f\",\"name\":\"Redacci\u00f3\",\"image\":{\"@type\":\"ImageObject\",\"inLanguage\":\"es\",\"@id\":\"https:\\\/\\\/secure.gravatar.com\\\/avatar\\\/9489a485c464fd611d33825daae651d13db70c4e74c65c94937a15a9d4c3ee14?s=96&d=mm&r=g69fea3cce3645dfa2166e7293e22955e\",\"url\":\"https:\\\/\\\/secure.gravatar.com\\\/avatar\\\/9489a485c464fd611d33825daae651d13db70c4e74c65c94937a15a9d4c3ee14?s=96&d=mm&r=g\",\"contentUrl\":\"https:\\\/\\\/secure.gravatar.com\\\/avatar\\\/9489a485c464fd611d33825daae651d13db70c4e74c65c94937a15a9d4c3ee14?s=96&d=mm&r=g\",\"caption\":\"Redacci\u00f3\"},\"sameAs\":[\"http:\\\/\\\/gastronomicament.cat\"],\"url\":\"https:\\\/\\\/gastronomicament.cat\\\/es\\\/author\\\/admin\"}]}<\/script>\n<!-- \/ Yoast SEO plugin. -->","yoast_head_json":{"title":"Cer\u00e0mica i cuina, estrelles de la Fira del Fang de Marratx\u00ed - Gastron\u00f2micament","description":"Cer\u00e0mica i cuina, estrelles de la Fira del Fang de Marratx\u00ed Actualitat, Fires i rutes Una de les cites m\u00e9s esperades just abans que comenci la primavera, \u00e9s la\u00a0Fira del Fang, que enguany se celebra\u00a0del 7 al 15 de mar\u00e7","robots":{"index":"index","follow":"follow","max-snippet":"max-snippet:-1","max-image-preview":"max-image-preview:large","max-video-preview":"max-video-preview:-1"},"canonical":"https:\/\/gastronomicament.cat\/es\/ceramica-i-cuina-estrelles-de-la-fira-del-fang-de-marratxi","og_locale":"es_ES","og_type":"article","og_title":"Cer\u00e0mica i cuina, estrelles de la Fira del Fang de Marratx\u00ed - Gastron\u00f2micament","og_description":"Cer\u00e0mica i cuina, estrelles de la Fira del Fang de Marratx\u00ed Actualitat, Fires i rutes Una de les cites m\u00e9s esperades just abans que comenci la primavera, \u00e9s la\u00a0Fira del Fang, que enguany se celebra\u00a0del 7 al 15 de mar\u00e7","og_url":"https:\/\/gastronomicament.cat\/es\/ceramica-i-cuina-estrelles-de-la-fira-del-fang-de-marratxi","og_site_name":"Gastron\u00f2micament","article_published_time":"2020-03-04T09:27:04+00:00","og_image":[{"width":1800,"height":962,"url":"https:\/\/gastronomicament.cat\/wp-content\/uploads\/2020\/03\/Fira-del-Fang-Marratxi-2020.jpg","type":"image\/jpeg"}],"author":"Redacci\u00f3","twitter_card":"summary_large_image","twitter_creator":"@gastronomicamen","twitter_site":"@gastronomicamen","twitter_misc":{"Escrito por":"Redacci\u00f3","Tiempo de lectura":"2 minutos","Written by":"Redacci\u00f3"},"schema":{"@context":"https:\/\/schema.org","@graph":[{"@type":"Article","@id":"https:\/\/gastronomicament.cat\/es\/ceramica-i-cuina-estrelles-de-la-fira-del-fang-de-marratxi#article","isPartOf":{"@id":"https:\/\/gastronomicament.cat\/es\/ceramica-i-cuina-estrelles-de-la-fira-del-fang-de-marratxi"},"author":{"name":"Redacci\u00f3","@id":"https:\/\/gastronomicament.cat\/es\/#\/schema\/person\/a7c85c537a1ed62799a5b8e0f686a37f"},"headline":"Cer\u00e0mica i cuina, estrelles de la Fira del Fang de Marratx\u00ed","datePublished":"2020-03-04T09:27:04+00:00","mainEntityOfPage":{"@id":"https:\/\/gastronomicament.cat\/es\/ceramica-i-cuina-estrelles-de-la-fira-del-fang-de-marratxi"},"wordCount":459,"commentCount":0,"publisher":{"@id":"https:\/\/gastronomicament.cat\/es\/#organization"},"image":{"@id":"https:\/\/gastronomicament.cat\/es\/ceramica-i-cuina-estrelles-de-la-fira-del-fang-de-marratxi#primaryimage"},"thumbnailUrl":"https:\/\/gastronomicament.cat\/wp-content\/uploads\/2020\/03\/Fira-del-Fang-Marratxi-2020.jpg","articleSection":["Actualitat","Fires i rutes"],"inLanguage":"es","potentialAction":[{"@type":"CommentAction","name":"Comment","target":["https:\/\/gastronomicament.cat\/es\/ceramica-i-cuina-estrelles-de-la-fira-del-fang-de-marratxi#respond"]}]},{"@type":"WebPage","@id":"https:\/\/gastronomicament.cat\/es\/ceramica-i-cuina-estrelles-de-la-fira-del-fang-de-marratxi","url":"https:\/\/gastronomicament.cat\/es\/ceramica-i-cuina-estrelles-de-la-fira-del-fang-de-marratxi","name":"Cer\u00e0mica i cuina, estrelles de la Fira del Fang de Marratx\u00ed - Gastron\u00f2micament","isPartOf":{"@id":"https:\/\/gastronomicament.cat\/es\/#website"},"primaryImageOfPage":{"@id":"https:\/\/gastronomicament.cat\/es\/ceramica-i-cuina-estrelles-de-la-fira-del-fang-de-marratxi#primaryimage"},"image":{"@id":"https:\/\/gastronomicament.cat\/es\/ceramica-i-cuina-estrelles-de-la-fira-del-fang-de-marratxi#primaryimage"},"thumbnailUrl":"https:\/\/gastronomicament.cat\/wp-content\/uploads\/2020\/03\/Fira-del-Fang-Marratxi-2020.jpg","datePublished":"2020-03-04T09:27:04+00:00","description":"Cer\u00e0mica i cuina, estrelles de la Fira del Fang de Marratx\u00ed Actualitat, Fires i rutes Una de les cites m\u00e9s esperades just abans que comenci la primavera, \u00e9s la\u00a0Fira del Fang, que enguany se celebra\u00a0del 7 al 15 de mar\u00e7","inLanguage":"es","potentialAction":[{"@type":"ReadAction","target":["https:\/\/gastronomicament.cat\/es\/ceramica-i-cuina-estrelles-de-la-fira-del-fang-de-marratxi"]}]},{"@type":"ImageObject","inLanguage":"es","@id":"https:\/\/gastronomicament.cat\/es\/ceramica-i-cuina-estrelles-de-la-fira-del-fang-de-marratxi#primaryimage","url":"https:\/\/gastronomicament.cat\/wp-content\/uploads\/2020\/03\/Fira-del-Fang-Marratxi-2020.jpg","contentUrl":"https:\/\/gastronomicament.cat\/wp-content\/uploads\/2020\/03\/Fira-del-Fang-Marratxi-2020.jpg","width":1800,"height":962},{"@type":"WebSite","@id":"https:\/\/gastronomicament.cat\/es\/#website","url":"https:\/\/gastronomicament.cat\/es\/","name":"Gastron\u00f2micament","description":"Portal de restaurants, receptes i actualitat gastron\u00f2mica","publisher":{"@id":"https:\/\/gastronomicament.cat\/es\/#organization"},"potentialAction":[{"@type":"SearchAction","target":{"@type":"EntryPoint","urlTemplate":"https:\/\/gastronomicament.cat\/es\/?s={search_term_string}"},"query-input":{"@type":"PropertyValueSpecification","valueRequired":true,"valueName":"search_term_string"}}],"inLanguage":"es"},{"@type":"Organization","@id":"https:\/\/gastronomicament.cat\/es\/#organization","name":"Gastron\u00f2micament","url":"https:\/\/gastronomicament.cat\/es\/","logo":{"@type":"ImageObject","inLanguage":"es","@id":"https:\/\/gastronomicament.cat\/es\/#\/schema\/logo\/image\/","url":"https:\/\/gastronomicament.cat\/wp-content\/uploads\/2016\/09\/header-logo.jpg","contentUrl":"https:\/\/gastronomicament.cat\/wp-content\/uploads\/2016\/09\/header-logo.jpg","width":277,"height":39,"caption":"Gastron\u00f2micament"},"image":{"@id":"https:\/\/gastronomicament.cat\/es\/#\/schema\/logo\/image\/"},"sameAs":["https:\/\/x.com\/gastronomicamen"]},{"@type":"Person","@id":"https:\/\/gastronomicament.cat\/es\/#\/schema\/person\/a7c85c537a1ed62799a5b8e0f686a37f","name":"Redacci\u00f3","image":{"@type":"ImageObject","inLanguage":"es","@id":"https:\/\/secure.gravatar.com\/avatar\/9489a485c464fd611d33825daae651d13db70c4e74c65c94937a15a9d4c3ee14?s=96&d=mm&r=g69fea3cce3645dfa2166e7293e22955e","url":"https:\/\/secure.gravatar.com\/avatar\/9489a485c464fd611d33825daae651d13db70c4e74c65c94937a15a9d4c3ee14?s=96&d=mm&r=g","contentUrl":"https:\/\/secure.gravatar.com\/avatar\/9489a485c464fd611d33825daae651d13db70c4e74c65c94937a15a9d4c3ee14?s=96&d=mm&r=g","caption":"Redacci\u00f3"},"sameAs":["http:\/\/gastronomicament.cat"],"url":"https:\/\/gastronomicament.cat\/es\/author\/admin"}]}},"_links":{"self":[{"href":"https:\/\/gastronomicament.cat\/es\/wp-json\/wp\/v2\/posts\/61366","targetHints":{"allow":["GET"]}}],"collection":[{"href":"https:\/\/gastronomicament.cat\/es\/wp-json\/wp\/v2\/posts"}],"about":[{"href":"https:\/\/gastronomicament.cat\/es\/wp-json\/wp\/v2\/types\/post"}],"author":[{"embeddable":true,"href":"https:\/\/gastronomicament.cat\/es\/wp-json\/wp\/v2\/users\/1"}],"replies":[{"embeddable":true,"href":"https:\/\/gastronomicament.cat\/es\/wp-json\/wp\/v2\/comments?post=61366"}],"version-history":[{"count":0,"href":"https:\/\/gastronomicament.cat\/es\/wp-json\/wp\/v2\/posts\/61366\/revisions"}],"wp:featuredmedia":[{"embeddable":true,"href":"https:\/\/gastronomicament.cat\/es\/wp-json\/wp\/v2\/media\/42673"}],"wp:attachment":[{"href":"https:\/\/gastronomicament.cat\/es\/wp-json\/wp\/v2\/media?parent=61366"}],"wp:term":[{"taxonomy":"category","embeddable":true,"href":"https:\/\/gastronomicament.cat\/es\/wp-json\/wp\/v2\/categories?post=61366"},{"taxonomy":"post_tag","embeddable":true,"href":"https:\/\/gastronomicament.cat\/es\/wp-json\/wp\/v2\/tags?post=61366"},{"taxonomy":"author","embeddable":true,"href":"https:\/\/gastronomicament.cat\/es\/wp-json\/wp\/v2\/coauthors?post=61366"}],"curies":[{"name":"wp","href":"https:\/\/api.w.org\/{rel}","templated":true}]}}