{"id":61512,"date":"2020-02-28T20:41:48","date_gmt":"2020-02-28T19:41:48","guid":{"rendered":"https:\/\/gastronomicament.cat\/merendero-minyones-es-proclama-guanyador-del-millor-pa-amb-oli-del-mon-2020"},"modified":"2020-02-28T20:41:48","modified_gmt":"2020-02-28T19:41:48","slug":"merendero-minyones-es-proclama-guanyador-del-millor-pa-amb-oli-del-mon-2020","status":"publish","type":"post","link":"https:\/\/gastronomicament.cat\/es\/merendero-minyones-es-proclama-guanyador-del-millor-pa-amb-oli-del-mon-2020","title":{"rendered":"Merendero Minyones es proclama guanyador del Millor Pa amb Oli del M\u00f3n 2020"},"content":{"rendered":"<p>El bar de Palma conegut popularment com\u00a0<strong>Merendero Minyones<\/strong>\u00a0s&#8217;ha proclamat guanyador de la\u00a0<strong>segona edici\u00f3 del Campionat del M\u00f3n de Pa amb Oli<\/strong>, una cita celebrada dia 28 de febrer al parc de la Feixina de Palma.<\/p>\n<p><strong>Juan Pablo\u00a0Quincuel<\/strong>\u00a0va preparar el pamboli de<strong>\u00a0Merendero Minyones<\/strong>, una idea que va sorgir de forma casual i per a la qual ha usat producte de Mallorca i de Menorca de qualitat, com oli d&#8217;oliva verge extra Son Mesquidassa, tom\u00e0tiga de Ramellet, licor d&#8217;herbes, pat\u00e9 de porc Blanco de Felanitx, taronja de S\u00f3ller deshidratada, ametla torrada de Binissalem y formatge vell de Menorca de la firma La Payesa. Cal comentar que fa pocs mesos que Juan Pablo Quincuel s&#8217;encarrega d&#8217;aquest bar popular de Palma, conegut tamb\u00e9 com<strong>\u00a0Ca na Brutes<\/strong>, que fins el mes de gener d&#8217;enguany ha estat regentat per\u00a0<strong>Maria Martorell<\/strong>.<\/p>\n<p>En segon lloc, ha quedat el\u00a0<strong>restaurant Sa Punta de Son Servera<\/strong>. El seu cuiner,\u00a0<strong>Andreu Moreno<\/strong>, hi ha presentat un pamboli d&#8217;arengada, formatge ecol\u00f2gic semicurat de sa Teulera (Manacor) i ceba fresca. D&#8217;altra banda, el tercer lloc ha estat per<strong>\u00a0Ses Voltes Espai Gastron\u00f2mic de Ciutadella<\/strong>, el seu cuiner\u00a0<strong>Diego Carrasco<\/strong>, hi va presentar un pa amb oli de\u00a0<em>saltao\u00a0<\/em>de porc negre amb ceba, pebre blanc de Mallorca, tom\u00e0tiga, pa de xeixa i s\u00e8gol del Forn s&#8217;\u00c0via Rita (Ciutadella) i brotets de coriandre.<\/p>\n<p>El guanyador, juntament amb els dos finalistes\u00a0<strong>podran vendre els pambolis a 6 euros durant els dies 28 i 29 de feber i 1 de mar\u00e7.\u00a0<\/strong><\/p>\n<p>El\u00a0<strong>jurat\u00a0<\/strong>ha estat format per Andreu Genestra, xef amb estrella Michelin del restaurant hom\u00f2nim de l&#8217;hotel Son Jaumell; Igor Rodr\u00edguez, xef del restaurant El Txoko de Santa Eul\u00e0lia; Pep Magraner, president de l&#8217;Associaci\u00f3 de Forners i Pastissers de les Illes Balears; Joan Fornari, forner del Forn i Pastisseria Gelabert de Llub\u00ed i guanyador del Millor Pa Moreno 2019; Joan Mayol, president de la denominaci\u00f3 d&#8217;origen Oli de Mallorca; Lydia Corral, periodista gastron\u00f2mica; i Roger Busquets, xef del restaurant Es Rebost.<\/p>\n<p><strong>Podeu consultar les activitats programades en la II Fira del Pa amb Oli:<\/strong><\/p>\n<p><strong>Divendres 28 de febrer:<\/strong><\/p>\n<ul>\n<li>00 hores: Concert amb el grups Ana Ferrer, Amulet i Cabot.<\/li>\n<\/ul>\n<p><strong>Dissabte 29 de febrer:<\/strong><\/p>\n<ul>\n<li>11 hores: Jornada gastron\u00f2mica de Menorca amb l&#8217;associaci\u00f3 Fra Roger.<\/li>\n<li>15 hores: Pa amb dj i showcooking a c\u00e0rrec d\u2019Es Rebost.<\/li>\n<li>17 hores: Sessi\u00f3 remember amb vinils a c\u00e0rrec del DJMiquel Font.<\/li>\n<li>00 hores: Festa Los40Classic amb tots els n\u00fameros 1 a c\u00e0rrec dels disj\u00f2queis Manolo Echevarr\u00eda i Miguel Vera.<\/li>\n<li>00 hores: Horabauxa amb els DJ Oliveros i Conejomanso.<\/li>\n<\/ul>\n<p><strong>Diumenge 1 de mar\u00e7:<\/strong><\/p>\n<ul>\n<li>11 hores: Festa infantil amb l\u2019actuaci\u00f3 de Xispita &amp; Geordi.<\/li>\n<li>16.30 hores: Concert de Tomeu Penya i G\u00e8minis.<\/li>\n<\/ul>\n","protected":false},"excerpt":{"rendered":"<p>El bar de Palma conegut popularment com\u00a0Merendero Minyones\u00a0s&#8217;ha proclamat guanyador de la\u00a0segona edici\u00f3 del Campionat del&hellip;<\/p>\n","protected":false},"author":1,"featured_media":42663,"comment_status":"open","ping_status":"closed","sticky":false,"template":"","format":"gallery","meta":{"_acf_changed":false,"_swt_meta_header_display":false,"_swt_meta_footer_display":false,"_swt_meta_site_title_display":false,"_swt_meta_sticky_header":false,"_swt_meta_transparent_header":false,"footnotes":""},"categories":[1003,1478,1004],"tags":[],"coauthors":[],"class_list":["post-61512","post","type-post","status-publish","format-gallery","has-post-thumbnail","hentry","category-actualitat-es","category-concursos-i-premis-es","category-fires-i-rutes-es","post_format-post-format-gallery"],"acf":{"gallery":null,"home_date":{"home_begin_date":null,"home_end_date":null}},"yoast_head":"<!-- This site is optimized with the Yoast SEO plugin v27.4 - https:\/\/yoast.com\/product\/yoast-seo-wordpress\/ -->\n<title>Merendero Minyones es proclama guanyador del Millor Pa amb Oli del M\u00f3n 2020 - Gastron\u00f2micament<\/title>\n<meta name=\"description\" content=\"Merendero Minyones es proclama guanyador del Millor Pa amb Oli del M\u00f3n 2020 Actualitat, Concursos i premis, Fires i rutes El bar de Palma conegut popularment com\u00a0Merendero Minyones\u00a0s&#039;ha proclamat guanyador de la\u00a0segona edici\u00f3 del Campionat del M\u00f3n de Pa amb Oli, una cita celebrada dia 28 de febrer al parc de la Feixina de Palma\" \/>\n<meta name=\"robots\" content=\"index, follow, max-snippet:-1, max-image-preview:large, max-video-preview:-1\" \/>\n<link rel=\"canonical\" href=\"https:\/\/gastronomicament.cat\/es\/merendero-minyones-es-proclama-guanyador-del-millor-pa-amb-oli-del-mon-2020\" \/>\n<meta property=\"og:locale\" content=\"es_ES\" \/>\n<meta property=\"og:type\" content=\"article\" \/>\n<meta property=\"og:title\" content=\"Merendero Minyones es proclama guanyador del Millor Pa amb Oli del M\u00f3n 2020 - Gastron\u00f2micament\" \/>\n<meta property=\"og:description\" content=\"Merendero Minyones es proclama guanyador del Millor Pa amb Oli del M\u00f3n 2020 Actualitat, Concursos i premis, Fires i rutes El bar de Palma conegut popularment com\u00a0Merendero Minyones\u00a0s&#039;ha proclamat guanyador de la\u00a0segona edici\u00f3 del Campionat del M\u00f3n de Pa amb Oli, una cita celebrada dia 28 de febrer al parc de la Feixina de Palma\" \/>\n<meta property=\"og:url\" content=\"https:\/\/gastronomicament.cat\/es\/merendero-minyones-es-proclama-guanyador-del-millor-pa-amb-oli-del-mon-2020\" \/>\n<meta property=\"og:site_name\" content=\"Gastron\u00f2micament\" \/>\n<meta property=\"article:published_time\" content=\"2020-02-28T19:41:48+00:00\" \/>\n<meta property=\"og:image\" content=\"https:\/\/gastronomicament.cat\/wp-content\/uploads\/2020\/03\/El-Pa-amb-Oli-de-Merendero-Minyones-el-millor-del-M\u00f3n..jpg\" \/>\n\t<meta property=\"og:image:width\" content=\"1200\" \/>\n\t<meta property=\"og:image:height\" content=\"801\" \/>\n\t<meta property=\"og:image:type\" content=\"image\/jpeg\" \/>\n<meta name=\"author\" content=\"Redacci\u00f3\" \/>\n<meta name=\"twitter:card\" content=\"summary_large_image\" \/>\n<meta name=\"twitter:creator\" content=\"@gastronomicamen\" \/>\n<meta name=\"twitter:site\" content=\"@gastronomicamen\" \/>\n<meta name=\"twitter:label1\" content=\"Escrito por\" \/>\n\t<meta name=\"twitter:data1\" content=\"Redacci\u00f3\" \/>\n\t<meta name=\"twitter:label2\" content=\"Tiempo de lectura\" \/>\n\t<meta name=\"twitter:data2\" content=\"2 minutos\" \/>\n\t<meta name=\"twitter:label3\" content=\"Written by\" \/>\n\t<meta name=\"twitter:data3\" content=\"Redacci\u00f3\" \/>\n<script type=\"application\/ld+json\" class=\"yoast-schema-graph\">{\"@context\":\"https:\\\/\\\/schema.org\",\"@graph\":[{\"@type\":\"Article\",\"@id\":\"https:\\\/\\\/gastronomicament.cat\\\/es\\\/merendero-minyones-es-proclama-guanyador-del-millor-pa-amb-oli-del-mon-2020#article\",\"isPartOf\":{\"@id\":\"https:\\\/\\\/gastronomicament.cat\\\/es\\\/merendero-minyones-es-proclama-guanyador-del-millor-pa-amb-oli-del-mon-2020\"},\"author\":{\"name\":\"Redacci\u00f3\",\"@id\":\"https:\\\/\\\/gastronomicament.cat\\\/es\\\/#\\\/schema\\\/person\\\/a7c85c537a1ed62799a5b8e0f686a37f\"},\"headline\":\"Merendero Minyones es proclama guanyador del Millor Pa amb Oli del M\u00f3n 2020\",\"datePublished\":\"2020-02-28T19:41:48+00:00\",\"mainEntityOfPage\":{\"@id\":\"https:\\\/\\\/gastronomicament.cat\\\/es\\\/merendero-minyones-es-proclama-guanyador-del-millor-pa-amb-oli-del-mon-2020\"},\"wordCount\":465,\"commentCount\":1,\"publisher\":{\"@id\":\"https:\\\/\\\/gastronomicament.cat\\\/es\\\/#organization\"},\"image\":{\"@id\":\"https:\\\/\\\/gastronomicament.cat\\\/es\\\/merendero-minyones-es-proclama-guanyador-del-millor-pa-amb-oli-del-mon-2020#primaryimage\"},\"thumbnailUrl\":\"https:\\\/\\\/gastronomicament.cat\\\/wp-content\\\/uploads\\\/2020\\\/03\\\/El-Pa-amb-Oli-de-Merendero-Minyones-el-millor-del-M\u00f3n..jpg\",\"articleSection\":[\"Actualitat\",\"Concursos i premis\",\"Fires i rutes\"],\"inLanguage\":\"es\",\"potentialAction\":[{\"@type\":\"CommentAction\",\"name\":\"Comment\",\"target\":[\"https:\\\/\\\/gastronomicament.cat\\\/es\\\/merendero-minyones-es-proclama-guanyador-del-millor-pa-amb-oli-del-mon-2020#respond\"]}]},{\"@type\":\"WebPage\",\"@id\":\"https:\\\/\\\/gastronomicament.cat\\\/es\\\/merendero-minyones-es-proclama-guanyador-del-millor-pa-amb-oli-del-mon-2020\",\"url\":\"https:\\\/\\\/gastronomicament.cat\\\/es\\\/merendero-minyones-es-proclama-guanyador-del-millor-pa-amb-oli-del-mon-2020\",\"name\":\"Merendero Minyones es proclama guanyador del Millor Pa amb Oli del M\u00f3n 2020 - Gastron\u00f2micament\",\"isPartOf\":{\"@id\":\"https:\\\/\\\/gastronomicament.cat\\\/es\\\/#website\"},\"primaryImageOfPage\":{\"@id\":\"https:\\\/\\\/gastronomicament.cat\\\/es\\\/merendero-minyones-es-proclama-guanyador-del-millor-pa-amb-oli-del-mon-2020#primaryimage\"},\"image\":{\"@id\":\"https:\\\/\\\/gastronomicament.cat\\\/es\\\/merendero-minyones-es-proclama-guanyador-del-millor-pa-amb-oli-del-mon-2020#primaryimage\"},\"thumbnailUrl\":\"https:\\\/\\\/gastronomicament.cat\\\/wp-content\\\/uploads\\\/2020\\\/03\\\/El-Pa-amb-Oli-de-Merendero-Minyones-el-millor-del-M\u00f3n..jpg\",\"datePublished\":\"2020-02-28T19:41:48+00:00\",\"description\":\"Merendero Minyones es proclama guanyador del Millor Pa amb Oli del M\u00f3n 2020 Actualitat, Concursos i premis, Fires i rutes El bar de Palma conegut popularment com\u00a0Merendero Minyones\u00a0s'ha proclamat guanyador de la\u00a0segona edici\u00f3 del Campionat del M\u00f3n de Pa amb Oli, una cita celebrada dia 28 de febrer al parc de la Feixina de Palma\",\"inLanguage\":\"es\",\"potentialAction\":[{\"@type\":\"ReadAction\",\"target\":[\"https:\\\/\\\/gastronomicament.cat\\\/es\\\/merendero-minyones-es-proclama-guanyador-del-millor-pa-amb-oli-del-mon-2020\"]}]},{\"@type\":\"ImageObject\",\"inLanguage\":\"es\",\"@id\":\"https:\\\/\\\/gastronomicament.cat\\\/es\\\/merendero-minyones-es-proclama-guanyador-del-millor-pa-amb-oli-del-mon-2020#primaryimage\",\"url\":\"https:\\\/\\\/gastronomicament.cat\\\/wp-content\\\/uploads\\\/2020\\\/03\\\/El-Pa-amb-Oli-de-Merendero-Minyones-el-millor-del-M\u00f3n..jpg\",\"contentUrl\":\"https:\\\/\\\/gastronomicament.cat\\\/wp-content\\\/uploads\\\/2020\\\/03\\\/El-Pa-amb-Oli-de-Merendero-Minyones-el-millor-del-M\u00f3n..jpg\",\"width\":1200,\"height\":801},{\"@type\":\"WebSite\",\"@id\":\"https:\\\/\\\/gastronomicament.cat\\\/es\\\/#website\",\"url\":\"https:\\\/\\\/gastronomicament.cat\\\/es\\\/\",\"name\":\"Gastron\u00f2micament\",\"description\":\"Portal de restaurants, receptes i actualitat gastron\u00f2mica\",\"publisher\":{\"@id\":\"https:\\\/\\\/gastronomicament.cat\\\/es\\\/#organization\"},\"potentialAction\":[{\"@type\":\"SearchAction\",\"target\":{\"@type\":\"EntryPoint\",\"urlTemplate\":\"https:\\\/\\\/gastronomicament.cat\\\/es\\\/?s={search_term_string}\"},\"query-input\":{\"@type\":\"PropertyValueSpecification\",\"valueRequired\":true,\"valueName\":\"search_term_string\"}}],\"inLanguage\":\"es\"},{\"@type\":\"Organization\",\"@id\":\"https:\\\/\\\/gastronomicament.cat\\\/es\\\/#organization\",\"name\":\"Gastron\u00f2micament\",\"url\":\"https:\\\/\\\/gastronomicament.cat\\\/es\\\/\",\"logo\":{\"@type\":\"ImageObject\",\"inLanguage\":\"es\",\"@id\":\"https:\\\/\\\/gastronomicament.cat\\\/es\\\/#\\\/schema\\\/logo\\\/image\\\/\",\"url\":\"https:\\\/\\\/gastronomicament.cat\\\/wp-content\\\/uploads\\\/2016\\\/09\\\/header-logo.jpg\",\"contentUrl\":\"https:\\\/\\\/gastronomicament.cat\\\/wp-content\\\/uploads\\\/2016\\\/09\\\/header-logo.jpg\",\"width\":277,\"height\":39,\"caption\":\"Gastron\u00f2micament\"},\"image\":{\"@id\":\"https:\\\/\\\/gastronomicament.cat\\\/es\\\/#\\\/schema\\\/logo\\\/image\\\/\"},\"sameAs\":[\"https:\\\/\\\/x.com\\\/gastronomicamen\"]},{\"@type\":\"Person\",\"@id\":\"https:\\\/\\\/gastronomicament.cat\\\/es\\\/#\\\/schema\\\/person\\\/a7c85c537a1ed62799a5b8e0f686a37f\",\"name\":\"Redacci\u00f3\",\"image\":{\"@type\":\"ImageObject\",\"inLanguage\":\"es\",\"@id\":\"https:\\\/\\\/secure.gravatar.com\\\/avatar\\\/9489a485c464fd611d33825daae651d13db70c4e74c65c94937a15a9d4c3ee14?s=96&d=mm&r=g69fea3cce3645dfa2166e7293e22955e\",\"url\":\"https:\\\/\\\/secure.gravatar.com\\\/avatar\\\/9489a485c464fd611d33825daae651d13db70c4e74c65c94937a15a9d4c3ee14?s=96&d=mm&r=g\",\"contentUrl\":\"https:\\\/\\\/secure.gravatar.com\\\/avatar\\\/9489a485c464fd611d33825daae651d13db70c4e74c65c94937a15a9d4c3ee14?s=96&d=mm&r=g\",\"caption\":\"Redacci\u00f3\"},\"sameAs\":[\"http:\\\/\\\/gastronomicament.cat\"],\"url\":\"https:\\\/\\\/gastronomicament.cat\\\/es\\\/author\\\/admin\"}]}<\/script>\n<!-- \/ Yoast SEO plugin. -->","yoast_head_json":{"title":"Merendero Minyones es proclama guanyador del Millor Pa amb Oli del M\u00f3n 2020 - Gastron\u00f2micament","description":"Merendero Minyones es proclama guanyador del Millor Pa amb Oli del M\u00f3n 2020 Actualitat, Concursos i premis, Fires i rutes El bar de Palma conegut popularment com\u00a0Merendero Minyones\u00a0s'ha proclamat guanyador de la\u00a0segona edici\u00f3 del Campionat del M\u00f3n de Pa amb Oli, una cita celebrada dia 28 de febrer al parc de la Feixina de Palma","robots":{"index":"index","follow":"follow","max-snippet":"max-snippet:-1","max-image-preview":"max-image-preview:large","max-video-preview":"max-video-preview:-1"},"canonical":"https:\/\/gastronomicament.cat\/es\/merendero-minyones-es-proclama-guanyador-del-millor-pa-amb-oli-del-mon-2020","og_locale":"es_ES","og_type":"article","og_title":"Merendero Minyones es proclama guanyador del Millor Pa amb Oli del M\u00f3n 2020 - Gastron\u00f2micament","og_description":"Merendero Minyones es proclama guanyador del Millor Pa amb Oli del M\u00f3n 2020 Actualitat, Concursos i premis, Fires i rutes El bar de Palma conegut popularment com\u00a0Merendero Minyones\u00a0s'ha proclamat guanyador de la\u00a0segona edici\u00f3 del Campionat del M\u00f3n de Pa amb Oli, una cita celebrada dia 28 de febrer al parc de la Feixina de Palma","og_url":"https:\/\/gastronomicament.cat\/es\/merendero-minyones-es-proclama-guanyador-del-millor-pa-amb-oli-del-mon-2020","og_site_name":"Gastron\u00f2micament","article_published_time":"2020-02-28T19:41:48+00:00","og_image":[{"width":1200,"height":801,"url":"https:\/\/gastronomicament.cat\/wp-content\/uploads\/2020\/03\/El-Pa-amb-Oli-de-Merendero-Minyones-el-millor-del-M\u00f3n..jpg","type":"image\/jpeg"}],"author":"Redacci\u00f3","twitter_card":"summary_large_image","twitter_creator":"@gastronomicamen","twitter_site":"@gastronomicamen","twitter_misc":{"Escrito por":"Redacci\u00f3","Tiempo de lectura":"2 minutos","Written by":"Redacci\u00f3"},"schema":{"@context":"https:\/\/schema.org","@graph":[{"@type":"Article","@id":"https:\/\/gastronomicament.cat\/es\/merendero-minyones-es-proclama-guanyador-del-millor-pa-amb-oli-del-mon-2020#article","isPartOf":{"@id":"https:\/\/gastronomicament.cat\/es\/merendero-minyones-es-proclama-guanyador-del-millor-pa-amb-oli-del-mon-2020"},"author":{"name":"Redacci\u00f3","@id":"https:\/\/gastronomicament.cat\/es\/#\/schema\/person\/a7c85c537a1ed62799a5b8e0f686a37f"},"headline":"Merendero Minyones es proclama guanyador del Millor Pa amb Oli del M\u00f3n 2020","datePublished":"2020-02-28T19:41:48+00:00","mainEntityOfPage":{"@id":"https:\/\/gastronomicament.cat\/es\/merendero-minyones-es-proclama-guanyador-del-millor-pa-amb-oli-del-mon-2020"},"wordCount":465,"commentCount":1,"publisher":{"@id":"https:\/\/gastronomicament.cat\/es\/#organization"},"image":{"@id":"https:\/\/gastronomicament.cat\/es\/merendero-minyones-es-proclama-guanyador-del-millor-pa-amb-oli-del-mon-2020#primaryimage"},"thumbnailUrl":"https:\/\/gastronomicament.cat\/wp-content\/uploads\/2020\/03\/El-Pa-amb-Oli-de-Merendero-Minyones-el-millor-del-M\u00f3n..jpg","articleSection":["Actualitat","Concursos i premis","Fires i rutes"],"inLanguage":"es","potentialAction":[{"@type":"CommentAction","name":"Comment","target":["https:\/\/gastronomicament.cat\/es\/merendero-minyones-es-proclama-guanyador-del-millor-pa-amb-oli-del-mon-2020#respond"]}]},{"@type":"WebPage","@id":"https:\/\/gastronomicament.cat\/es\/merendero-minyones-es-proclama-guanyador-del-millor-pa-amb-oli-del-mon-2020","url":"https:\/\/gastronomicament.cat\/es\/merendero-minyones-es-proclama-guanyador-del-millor-pa-amb-oli-del-mon-2020","name":"Merendero Minyones es proclama guanyador del Millor Pa amb Oli del M\u00f3n 2020 - Gastron\u00f2micament","isPartOf":{"@id":"https:\/\/gastronomicament.cat\/es\/#website"},"primaryImageOfPage":{"@id":"https:\/\/gastronomicament.cat\/es\/merendero-minyones-es-proclama-guanyador-del-millor-pa-amb-oli-del-mon-2020#primaryimage"},"image":{"@id":"https:\/\/gastronomicament.cat\/es\/merendero-minyones-es-proclama-guanyador-del-millor-pa-amb-oli-del-mon-2020#primaryimage"},"thumbnailUrl":"https:\/\/gastronomicament.cat\/wp-content\/uploads\/2020\/03\/El-Pa-amb-Oli-de-Merendero-Minyones-el-millor-del-M\u00f3n..jpg","datePublished":"2020-02-28T19:41:48+00:00","description":"Merendero Minyones es proclama guanyador del Millor Pa amb Oli del M\u00f3n 2020 Actualitat, Concursos i premis, Fires i rutes El bar de Palma conegut popularment com\u00a0Merendero Minyones\u00a0s'ha proclamat guanyador de la\u00a0segona edici\u00f3 del Campionat del M\u00f3n de Pa amb Oli, una cita celebrada dia 28 de febrer al parc de la Feixina de Palma","inLanguage":"es","potentialAction":[{"@type":"ReadAction","target":["https:\/\/gastronomicament.cat\/es\/merendero-minyones-es-proclama-guanyador-del-millor-pa-amb-oli-del-mon-2020"]}]},{"@type":"ImageObject","inLanguage":"es","@id":"https:\/\/gastronomicament.cat\/es\/merendero-minyones-es-proclama-guanyador-del-millor-pa-amb-oli-del-mon-2020#primaryimage","url":"https:\/\/gastronomicament.cat\/wp-content\/uploads\/2020\/03\/El-Pa-amb-Oli-de-Merendero-Minyones-el-millor-del-M\u00f3n..jpg","contentUrl":"https:\/\/gastronomicament.cat\/wp-content\/uploads\/2020\/03\/El-Pa-amb-Oli-de-Merendero-Minyones-el-millor-del-M\u00f3n..jpg","width":1200,"height":801},{"@type":"WebSite","@id":"https:\/\/gastronomicament.cat\/es\/#website","url":"https:\/\/gastronomicament.cat\/es\/","name":"Gastron\u00f2micament","description":"Portal de restaurants, receptes i actualitat gastron\u00f2mica","publisher":{"@id":"https:\/\/gastronomicament.cat\/es\/#organization"},"potentialAction":[{"@type":"SearchAction","target":{"@type":"EntryPoint","urlTemplate":"https:\/\/gastronomicament.cat\/es\/?s={search_term_string}"},"query-input":{"@type":"PropertyValueSpecification","valueRequired":true,"valueName":"search_term_string"}}],"inLanguage":"es"},{"@type":"Organization","@id":"https:\/\/gastronomicament.cat\/es\/#organization","name":"Gastron\u00f2micament","url":"https:\/\/gastronomicament.cat\/es\/","logo":{"@type":"ImageObject","inLanguage":"es","@id":"https:\/\/gastronomicament.cat\/es\/#\/schema\/logo\/image\/","url":"https:\/\/gastronomicament.cat\/wp-content\/uploads\/2016\/09\/header-logo.jpg","contentUrl":"https:\/\/gastronomicament.cat\/wp-content\/uploads\/2016\/09\/header-logo.jpg","width":277,"height":39,"caption":"Gastron\u00f2micament"},"image":{"@id":"https:\/\/gastronomicament.cat\/es\/#\/schema\/logo\/image\/"},"sameAs":["https:\/\/x.com\/gastronomicamen"]},{"@type":"Person","@id":"https:\/\/gastronomicament.cat\/es\/#\/schema\/person\/a7c85c537a1ed62799a5b8e0f686a37f","name":"Redacci\u00f3","image":{"@type":"ImageObject","inLanguage":"es","@id":"https:\/\/secure.gravatar.com\/avatar\/9489a485c464fd611d33825daae651d13db70c4e74c65c94937a15a9d4c3ee14?s=96&d=mm&r=g69fea3cce3645dfa2166e7293e22955e","url":"https:\/\/secure.gravatar.com\/avatar\/9489a485c464fd611d33825daae651d13db70c4e74c65c94937a15a9d4c3ee14?s=96&d=mm&r=g","contentUrl":"https:\/\/secure.gravatar.com\/avatar\/9489a485c464fd611d33825daae651d13db70c4e74c65c94937a15a9d4c3ee14?s=96&d=mm&r=g","caption":"Redacci\u00f3"},"sameAs":["http:\/\/gastronomicament.cat"],"url":"https:\/\/gastronomicament.cat\/es\/author\/admin"}]}},"_links":{"self":[{"href":"https:\/\/gastronomicament.cat\/es\/wp-json\/wp\/v2\/posts\/61512","targetHints":{"allow":["GET"]}}],"collection":[{"href":"https:\/\/gastronomicament.cat\/es\/wp-json\/wp\/v2\/posts"}],"about":[{"href":"https:\/\/gastronomicament.cat\/es\/wp-json\/wp\/v2\/types\/post"}],"author":[{"embeddable":true,"href":"https:\/\/gastronomicament.cat\/es\/wp-json\/wp\/v2\/users\/1"}],"replies":[{"embeddable":true,"href":"https:\/\/gastronomicament.cat\/es\/wp-json\/wp\/v2\/comments?post=61512"}],"version-history":[{"count":0,"href":"https:\/\/gastronomicament.cat\/es\/wp-json\/wp\/v2\/posts\/61512\/revisions"}],"wp:featuredmedia":[{"embeddable":true,"href":"https:\/\/gastronomicament.cat\/es\/wp-json\/wp\/v2\/media\/42663"}],"wp:attachment":[{"href":"https:\/\/gastronomicament.cat\/es\/wp-json\/wp\/v2\/media?parent=61512"}],"wp:term":[{"taxonomy":"category","embeddable":true,"href":"https:\/\/gastronomicament.cat\/es\/wp-json\/wp\/v2\/categories?post=61512"},{"taxonomy":"post_tag","embeddable":true,"href":"https:\/\/gastronomicament.cat\/es\/wp-json\/wp\/v2\/tags?post=61512"},{"taxonomy":"author","embeddable":true,"href":"https:\/\/gastronomicament.cat\/es\/wp-json\/wp\/v2\/coauthors?post=61512"}],"curies":[{"name":"wp","href":"https:\/\/api.w.org\/{rel}","templated":true}]}}