{"id":62557,"date":"2019-11-08T10:06:41","date_gmt":"2019-11-08T09:06:41","guid":{"rendered":"https:\/\/gastronomicament.cat\/menjar-be-a-sa-pobla-la-gran-mostra-de-cuina-poblera"},"modified":"2022-04-09T09:46:46","modified_gmt":"2022-04-09T07:46:46","slug":"menjar-be-a-sa-pobla-la-gran-mostra-de-cuina-poblera","status":"publish","type":"post","link":"https:\/\/gastronomicament.cat\/es\/menjar-be-a-sa-pobla-la-gran-mostra-de-cuina-poblera","title":{"rendered":"Menjar B\u00e9 a sa Pobla, la gran mostra de cuina poblera"},"content":{"rendered":"<p>Un any m\u00e9s, torna la major mostra de cuina de sa Pobla, gr\u00e0cies a la mostra gastron\u00f2mica\u00a0<strong>Menjar B\u00e9 a sa Pobla<\/strong>. La iniciativa, organitzada per l&#8217;Ajuntament, se celebra<strong>\u00a0del 15 al 24 de novembre<\/strong>\u00a0als restaurants del poble.<\/p>\n<p><strong>Magdalena de la Fuente<\/strong>, regidora de Fires i Festes del municipi, us convida a gaudir d&#8217;una mostra variada, per\u00f2 sobretot saborosa amb una de les millors mostres de la cuina mallorquina, en la qual hi participen 16 establiments.<\/p>\n<p><a href=\"https:\/\/gastronomicament.cat\/wp-content\/uploads\/2019\/11\/Mapa-Menjar-Be-a-sa-Pobla-2019.jpg\"><img decoding=\"async\" class=\"aligncenter size-large wp-image-25389\" src=\"https:\/\/gastronomicament.cat\/wp-content\/uploads\/2019\/11\/Mapa-Menjar-Be-a-sa-Pobla-2019-1024x721.jpg\" alt=\"\" width=\"1024\" height=\"721\" srcset=\"https:\/\/gastronomicament.cat\/wp-content\/uploads\/2019\/11\/Mapa-Menjar-Be-a-sa-Pobla-2019-1024x721.jpg 1024w, https:\/\/gastronomicament.cat\/wp-content\/uploads\/2019\/11\/Mapa-Menjar-Be-a-sa-Pobla-2019-300x211.jpg 300w, https:\/\/gastronomicament.cat\/wp-content\/uploads\/2019\/11\/Mapa-Menjar-Be-a-sa-Pobla-2019-768x541.jpg 768w, https:\/\/gastronomicament.cat\/wp-content\/uploads\/2019\/11\/Mapa-Menjar-Be-a-sa-Pobla-2019-71x50.jpg 71w, https:\/\/gastronomicament.cat\/wp-content\/uploads\/2019\/11\/Mapa-Menjar-Be-a-sa-Pobla-2019-650x458.jpg 650w, https:\/\/gastronomicament.cat\/wp-content\/uploads\/2019\/11\/Mapa-Menjar-Be-a-sa-Pobla-2019-1000x704.jpg 1000w, https:\/\/gastronomicament.cat\/wp-content\/uploads\/2019\/11\/Mapa-Menjar-Be-a-sa-Pobla-2019.jpg 1396w\" sizes=\"(max-width: 1024px) 100vw, 1024px\" \/><\/a><\/p>\n<p>Consultau tots els men\u00fas de la mostra Menjar B\u00e9 a sa Pobla:<\/p>\n<div class=\"paper\">\n<p><strong>BAR CASA MISS<\/strong><\/p>\n<p>Pla\u00e7a de la Constituci\u00f3, 3<\/p>\n<p>Tel. 971 540 023<\/p>\n<ul>\n<li>Variat Casa Miss<\/li>\n<li>G\u00edrgoles amb porro<\/li>\n<\/ul>\n<\/div>\n<div class=\"paper\">\n<p><strong>BAR RAPINYA<\/strong><\/p>\n<p>Carrer de la Pla\u00e7a, 13<\/p>\n<p>Tel. 615 424 872<\/p>\n<ul>\n<li>Frit de porcelleta<\/li>\n<li>Frit de me<\/li>\n<li>Frit de tardor<\/li>\n<li>Caragols<\/li>\n<li>Bacall\u00e0 a la mallorquina<\/li>\n<li>Men\u00fa del diumenge:<\/li>\n<li>Arr\u00f2s de calder\u00f3<\/li>\n<li>Porcella<\/li>\n<li>Postres i caf\u00e8<\/li>\n<\/ul>\n<\/div>\n<div class=\"paper\">\n<p><strong>CAPRITXO NOSTRO<\/strong><\/p>\n<p>Placeta des Tren, s\/n<\/p>\n<p>Tel. 628 170 902<\/p>\n<ul>\n<li>Men\u00fa del dissabte vespre de la fira:<\/li>\n<li>Espatla de me<\/li>\n<li>Corbina amb salsa verda i arr\u00f2s<\/li>\n<li>Postres casolanes<\/li>\n<li>Men\u00fa del diumenge de la fira:<\/li>\n<li>Primer plat (a triar):<\/li>\n<li>Arr\u00f2s brut o caragols<\/li>\n<li>Segon plat (a triar):<\/li>\n<li>Porcella o filet de llobarro amb<\/li>\n<li>Guarnici\u00f3 d\u2019arr\u00f2s i verdura<\/li>\n<li>Postres casolanes<\/li>\n<\/ul>\n<\/div>\n<div class=\"paper\">\n<p><strong>SA PLACETA<\/strong><\/p>\n<p>Dr. G\u00f3mez Ulla, 2<\/p>\n<p>Tel. 971 540 538<\/p>\n<p><strong>Men\u00fa del vespre de dia 16 i de dia 23:<\/strong><\/p>\n<p><em>Primer plat:<\/em><\/p>\n<ul>\n<li>Amanida temperada de verdures,<\/li>\n<li>Arr\u00f2s i llagostins<\/li>\n<\/ul>\n<p><em>Segon plat<\/em>\u00a0(a triar):<\/p>\n<ul>\n<li>Rellom amb salsa de bolets<\/li>\n<li>Gall frit amb pebres torrats<\/li>\n<li>(tot acompanyat amb arr\u00f2s aromatitzat)<\/li>\n<li>Postres \u00b7 vi Coto<\/li>\n<\/ul>\n<p>Preu: 18 euros<\/p>\n<p><strong>Men\u00fa del diumenge dia 17 i dia 24:<\/strong><\/p>\n<p>Primer plat (a triar):<\/p>\n<ul>\n<li>Arr\u00f2s brut o caragols<\/li>\n<\/ul>\n<p>Segon plat (a triar):<\/p>\n<ul>\n<li>Porcella<\/li>\n<li>Costelles de me a les herbes<\/li>\n<li>Anguiles frites<\/li>\n<li>Calamars farcits<\/li>\n<li>Beguda \u00b7 postres \u00b7 caf\u00e8<\/li>\n<\/ul>\n<p>Preu: 18 euros<\/p>\n<p>&nbsp;<\/p>\n<p>Del dia 16 al 24 de novembre es pot fer qualsevol dels dos men\u00fas, per enc\u00e0rrec i m\u00ednim 6 persones.<\/p>\n<\/div>\n<div class=\"paper\">\n<p><strong>BAR DES TREN<\/strong><\/p>\n<p>Pla\u00e7a des Tren, 6<\/p>\n<p>Tel. 971 54 00 22<\/p>\n<p>Cada dia<\/p>\n<ul>\n<li>Arr\u00f2s brut per enc\u00e0rrec<\/li>\n<li>Frit de porc<\/li>\n<li>Tapes variades<\/li>\n<\/ul>\n<p>Men\u00fa especial el diumenge de fira<\/p>\n<ul>\n<li>Arr\u00f2s brut<\/li>\n<li>Porcella amb guarnici\u00f3<\/li>\n<li>Postres casolanes<\/li>\n<\/ul>\n<\/div>\n<div class=\"paper\">\n<p><strong>RESTAURANT CAN MIQUEL<\/strong><\/p>\n<p>Isaac Peral, 30<\/p>\n<p>Tel. 871 70 39 77 &#8211; 662 661 877<\/p>\n<p>Men\u00fa del dissabte vespre<\/p>\n<ul>\n<li>Espatla de me i bacall\u00e0<\/li>\n<li>Men\u00fa del diumenge de fira<\/li>\n<li>Arr\u00f2s de calder\u00f3<\/li>\n<li>Porcella<\/li>\n<li>Bacall\u00e0<\/li>\n<\/ul>\n<\/div>\n<div class=\"paper\">\n<p><strong>RESTAURANT SA FONA<\/strong><\/p>\n<p>Fadrins, 87, baixos (cantonada amb Capit\u00e0 Pere)<\/p>\n<p>Tel. 971 540 357<\/p>\n<ul>\n<li>Suprema de salm\u00f3<\/li>\n<li>A la planxa acompanyat d\u2019espinacs<\/li>\n<li>Arr\u00f2s i salsa de taronja agra<\/li>\n<\/ul>\n<p>Diumege de fira men\u00fa especial<\/p>\n<ul>\n<li>Arr\u00f2s brut<\/li>\n<\/ul>\n<\/div>\n<div class=\"paper\">\n<p><strong>\u00c0NIMA RESTO \u2022 BAR<\/strong><\/p>\n<p>Alb\u00e9niz, 24 Baixos<\/p>\n<p>Tel. 658 814 570 &#8211; 621 239 641<\/p>\n<p>Men\u00fa per dia 23 i 24 de novembre<\/p>\n<p>Plats de carn<\/p>\n<ul>\n<li>Filet de bou\u00a0<em>bazkaleku<\/em>(solomillo) amb guarnici\u00f3. Preu: 26 euros<\/li>\n<li>Hamburguesa de carn de picanya amb ceba caramel\u00b7litzada i foie amb reducci\u00f3 de pedro xim\u00e9nez. Preu: 18,50 euros.<\/li>\n<li>Hamburguesa de carn de picanya amb salsa de trufa i guarnici\u00f3. Preu: 18,50 euros<\/li>\n<li>Galtes de porc ib\u00e8ric estofades. Preu: 14 euros<\/li>\n<\/ul>\n<p>Plats de peix<\/p>\n<ul>\n<li>Filet de llu\u00e7 amb suquet de peix<\/li>\n<li>I marisc. Preu: 20 euros<\/li>\n<li>Pop torrat. Preu: 23 euros<\/li>\n<\/ul>\n<p>Plats de verdures<\/p>\n<ul>\n<li>Carabass\u00f3 farcit de verdures. Preu: 10 euros<\/li>\n<li>Lasanya de verdures. Preu: 12 euros<\/li>\n<\/ul>\n<\/div>\n<div class=\"paper\">\n<p><strong>BAR TONI COTXER<\/strong><\/p>\n<p>Major, 4<\/p>\n<p>Tel. 971 540 005<\/p>\n<ul>\n<li>Variats i arrebossats de Cas Cotxer<\/li>\n<\/ul>\n<p>Les paraules sobren, ja ens coneixes, la nostra marca, la nostra identitat<\/p>\n<\/div>\n<div class=\"paper\">\n<p><strong>CAN VERDAL<\/strong><\/p>\n<p>Curt, 2 (Pla\u00e7a Major)<\/p>\n<p>Tel. 696 581 012 \/ 649 842 361<\/p>\n<p>Dissabte de la fira<\/p>\n<p>Men\u00fa migdia<\/p>\n<ul>\n<li>Arr\u00f2s brut<\/li>\n<li>Vi, gasosa i aigua<\/li>\n<li>Postres i caf\u00e8<\/li>\n<\/ul>\n<p>Preu: 9 euros<\/p>\n<p>Men\u00fa vespre<\/p>\n<ul>\n<li>Variat<\/li>\n<\/ul>\n<p>Diumenge de la fira<\/p>\n<ul>\n<li>Entrants<\/li>\n<li>Arr\u00f2s brut pobler<\/li>\n<li>Porcella amb guarnici\u00f3<\/li>\n<li>Salm\u00f3 amb guarnici\u00f3<\/li>\n<li>Vi, gasosa i aigua<\/li>\n<li>Postres casolanes i caf\u00e8<\/li>\n<\/ul>\n<p>Preu: 18 euros<\/p>\n<p>(Pr\u00e8via reserva)<\/p>\n<\/div>\n<div class=\"paper\">\n<p><strong>CAFETERIA L\u2019AUBA<\/strong><\/p>\n<p>Renou, 49<\/p>\n<p>Tel. 971 542 100<\/p>\n<ul>\n<li>Bacall\u00e0 amb arr\u00f2s pobler,<\/li>\n<li>Salsa de foie i picornells<\/li>\n<li>Galtes de porc ib\u00e8ric<\/li>\n<li>Amb salsa de vi i arr\u00f2s saltat amb bolets<\/li>\n<\/ul>\n<p>Men\u00fa del diumenge:<\/p>\n<ul>\n<li>Arr\u00f2s brut pobler<\/li>\n<li>Porcella<\/li>\n<li>Postres casolanes<\/li>\n<\/ul>\n<\/div>\n<div class=\"paper\">\n<p><strong>RESTAURANT SA FORTALESA<\/strong><\/p>\n<p>Comer\u00e7, 55<\/p>\n<p>Tel. 971 540 285<\/p>\n<p>Men\u00fa degustaci\u00f3 Fira d\u2019Arr\u00f2s Pobler<\/p>\n<\/div>\n<div class=\"paper\">\n<p><strong>BOCADO<\/strong><\/p>\n<p>Pla\u00e7a Major, 3<\/p>\n<p>Tel. 637 562 416<\/p>\n<ul>\n<li>Arancini (bolla d\u2019arr\u00f2s farcida de carn i arrebossada)<\/li>\n<li>Calamar a la planxa amb tremp\u00f3 i arr\u00f2s<\/li>\n<li>Cuixa de me al forn<\/li>\n<li>Amb verdures i arr\u00f2s pobler<\/li>\n<li>Curri verd<\/li>\n<li>Amb verdures i arr\u00f2s estil thai<\/li>\n<li>Postres casolanes<\/li>\n<li>Dissabte i diumenge<\/li>\n<li>Arr\u00f2s brut per enc\u00e0rrec<\/li>\n<\/ul>\n<\/div>\n<div class=\"paper\">\n<p><strong>RESTAURANT MARINA<br \/>\n<\/strong><\/p>\n<p>Marina, 15<\/p>\n<p>Tel. 971 540 967<\/p>\n<ul>\n<li>Arr\u00f2s de marjal<\/li>\n<li>Past\u00eds d\u2019arr\u00f2s amb crema de mango<\/li>\n<\/ul>\n<\/div>\n<div class=\"paper\">\n<p><strong>BAR RESTAURANT SES AFORES<\/strong><\/p>\n<p>Ctra. Llub\u00ed, 27 A<\/p>\n<p>Tel. 971 862 384 &#8211; 655 514 257<\/p>\n<p>Plats de la fira<\/p>\n<ul>\n<li>Del\u00edcies de mar<\/li>\n<li>Gurmet de pollastre<\/li>\n<\/ul>\n<p>Men\u00fa especial cap de setmana (dissabte i diumenge)<\/p>\n<p>Primer plat a triar<\/p>\n<ul>\n<li>Arr\u00f2s brut<\/li>\n<li>Caragols<\/li>\n<li>Amanida de la casa<\/li>\n<\/ul>\n<p>Segon plat a triar<\/p>\n<ul>\n<li>Porcella<\/li>\n<li>Espatla de me<\/li>\n<li>Filet de cap-roig<\/li>\n<li>S\u00edpia a la planxa<\/li>\n<\/ul>\n<\/div>\n<div class=\"paper\">\n<p><strong>SA TAVERNETA<\/strong><\/p>\n<p>Pla\u00e7a de la Constituci\u00f3, 8<\/p>\n<p>Tel. 971 540 007 &#8211; 686365957<\/p>\n<ul>\n<li>Llom amb col<\/li>\n<li>Frit bord<\/li>\n<li>Saltat de tardor<\/li>\n<li>Amb verdures, bolets i arr\u00f2s pobler<\/li>\n<li>Arr\u00f2s brut (per enc\u00e0rrec)<\/li>\n<\/ul>\n<\/div>\n","protected":false},"excerpt":{"rendered":"<p>Un any m\u00e9s, torna la major mostra de cuina de sa Pobla, gr\u00e0cies a la mostra&hellip;<\/p>\n","protected":false},"author":1,"featured_media":42401,"comment_status":"open","ping_status":"closed","sticky":false,"template":"","format":"standard","meta":{"_acf_changed":false,"_swt_meta_header_display":false,"_swt_meta_footer_display":false,"_swt_meta_site_title_display":false,"_swt_meta_sticky_header":false,"_swt_meta_transparent_header":false,"footnotes":""},"categories":[1003,1004],"tags":[],"coauthors":[],"class_list":["post-62557","post","type-post","status-publish","format-standard","has-post-thumbnail","hentry","category-actualitat-es","category-fires-i-rutes-es"],"acf":{"gallery":null,"home_date":{"home_begin_date":null,"home_end_date":null}},"yoast_head":"<!-- This site is optimized with the Yoast SEO plugin v27.4 - https:\/\/yoast.com\/product\/yoast-seo-wordpress\/ -->\n<title>Menjar B\u00e9 a sa Pobla, la gran mostra de cuina poblera - Gastron\u00f2micament<\/title>\n<meta name=\"description\" content=\"Menjar B\u00e9 a sa Pobla, la gran mostra de cuina poblera Actualitat, Fires i rutes Un any m\u00e9s, torna la major mostra de cuina de sa Pobla, gr\u00e0cies a la mostra gastron\u00f2mica\u00a0Menjar B\u00e9 a sa Pobla. La iniciativa, organitzada per l&#039;Ajuntament, se celebra\u00a0del 15 al 24 de novembre\u00a0als restaurants del poble\" \/>\n<meta name=\"robots\" content=\"index, follow, max-snippet:-1, max-image-preview:large, max-video-preview:-1\" \/>\n<link rel=\"canonical\" href=\"https:\/\/gastronomicament.cat\/es\/menjar-be-a-sa-pobla-la-gran-mostra-de-cuina-poblera\" \/>\n<meta property=\"og:locale\" content=\"es_ES\" \/>\n<meta property=\"og:type\" content=\"article\" \/>\n<meta property=\"og:title\" content=\"Menjar B\u00e9 a sa Pobla, la gran mostra de cuina poblera - Gastron\u00f2micament\" \/>\n<meta property=\"og:description\" content=\"Menjar B\u00e9 a sa Pobla, la gran mostra de cuina poblera Actualitat, Fires i rutes Un any m\u00e9s, torna la major mostra de cuina de sa Pobla, gr\u00e0cies a la mostra gastron\u00f2mica\u00a0Menjar B\u00e9 a sa Pobla. La iniciativa, organitzada per l&#039;Ajuntament, se celebra\u00a0del 15 al 24 de novembre\u00a0als restaurants del poble\" \/>\n<meta property=\"og:url\" content=\"https:\/\/gastronomicament.cat\/es\/menjar-be-a-sa-pobla-la-gran-mostra-de-cuina-poblera\" \/>\n<meta property=\"og:site_name\" content=\"Gastron\u00f2micament\" \/>\n<meta property=\"article:published_time\" content=\"2019-11-08T09:06:41+00:00\" \/>\n<meta property=\"article:modified_time\" content=\"2022-04-09T07:46:46+00:00\" \/>\n<meta property=\"og:image\" content=\"https:\/\/gastronomicament.cat\/wp-content\/uploads\/2019\/11\/Menjar-Be-a-sa-Pobla-menus-2019.jpg\" \/>\n\t<meta property=\"og:image:width\" content=\"851\" \/>\n\t<meta property=\"og:image:height\" content=\"545\" \/>\n\t<meta property=\"og:image:type\" content=\"image\/jpeg\" \/>\n<meta name=\"author\" content=\"Redacci\u00f3\" \/>\n<meta name=\"twitter:card\" content=\"summary_large_image\" \/>\n<meta name=\"twitter:creator\" content=\"@gastronomicamen\" \/>\n<meta name=\"twitter:site\" content=\"@gastronomicamen\" \/>\n<meta name=\"twitter:label1\" content=\"Escrito por\" \/>\n\t<meta name=\"twitter:data1\" content=\"Redacci\u00f3\" \/>\n\t<meta name=\"twitter:label2\" content=\"Tiempo de lectura\" \/>\n\t<meta name=\"twitter:data2\" content=\"4 minutos\" \/>\n\t<meta name=\"twitter:label3\" content=\"Written by\" \/>\n\t<meta name=\"twitter:data3\" content=\"Redacci\u00f3\" \/>\n<script type=\"application\/ld+json\" class=\"yoast-schema-graph\">{\"@context\":\"https:\\\/\\\/schema.org\",\"@graph\":[{\"@type\":\"Article\",\"@id\":\"https:\\\/\\\/gastronomicament.cat\\\/es\\\/menjar-be-a-sa-pobla-la-gran-mostra-de-cuina-poblera#article\",\"isPartOf\":{\"@id\":\"https:\\\/\\\/gastronomicament.cat\\\/es\\\/menjar-be-a-sa-pobla-la-gran-mostra-de-cuina-poblera\"},\"author\":{\"name\":\"Redacci\u00f3\",\"@id\":\"https:\\\/\\\/gastronomicament.cat\\\/es\\\/#\\\/schema\\\/person\\\/a7c85c537a1ed62799a5b8e0f686a37f\"},\"headline\":\"Menjar B\u00e9 a sa Pobla, la gran mostra de cuina poblera\",\"datePublished\":\"2019-11-08T09:06:41+00:00\",\"dateModified\":\"2022-04-09T07:46:46+00:00\",\"mainEntityOfPage\":{\"@id\":\"https:\\\/\\\/gastronomicament.cat\\\/es\\\/menjar-be-a-sa-pobla-la-gran-mostra-de-cuina-poblera\"},\"wordCount\":799,\"commentCount\":0,\"publisher\":{\"@id\":\"https:\\\/\\\/gastronomicament.cat\\\/es\\\/#organization\"},\"image\":{\"@id\":\"https:\\\/\\\/gastronomicament.cat\\\/es\\\/menjar-be-a-sa-pobla-la-gran-mostra-de-cuina-poblera#primaryimage\"},\"thumbnailUrl\":\"https:\\\/\\\/gastronomicament.cat\\\/wp-content\\\/uploads\\\/2019\\\/11\\\/Menjar-Be-a-sa-Pobla-menus-2019.jpg\",\"articleSection\":[\"Actualitat\",\"Fires i rutes\"],\"inLanguage\":\"es\",\"potentialAction\":[{\"@type\":\"CommentAction\",\"name\":\"Comment\",\"target\":[\"https:\\\/\\\/gastronomicament.cat\\\/es\\\/menjar-be-a-sa-pobla-la-gran-mostra-de-cuina-poblera#respond\"]}]},{\"@type\":\"WebPage\",\"@id\":\"https:\\\/\\\/gastronomicament.cat\\\/es\\\/menjar-be-a-sa-pobla-la-gran-mostra-de-cuina-poblera\",\"url\":\"https:\\\/\\\/gastronomicament.cat\\\/es\\\/menjar-be-a-sa-pobla-la-gran-mostra-de-cuina-poblera\",\"name\":\"Menjar B\u00e9 a sa Pobla, la gran mostra de cuina poblera - Gastron\u00f2micament\",\"isPartOf\":{\"@id\":\"https:\\\/\\\/gastronomicament.cat\\\/es\\\/#website\"},\"primaryImageOfPage\":{\"@id\":\"https:\\\/\\\/gastronomicament.cat\\\/es\\\/menjar-be-a-sa-pobla-la-gran-mostra-de-cuina-poblera#primaryimage\"},\"image\":{\"@id\":\"https:\\\/\\\/gastronomicament.cat\\\/es\\\/menjar-be-a-sa-pobla-la-gran-mostra-de-cuina-poblera#primaryimage\"},\"thumbnailUrl\":\"https:\\\/\\\/gastronomicament.cat\\\/wp-content\\\/uploads\\\/2019\\\/11\\\/Menjar-Be-a-sa-Pobla-menus-2019.jpg\",\"datePublished\":\"2019-11-08T09:06:41+00:00\",\"dateModified\":\"2022-04-09T07:46:46+00:00\",\"description\":\"Menjar B\u00e9 a sa Pobla, la gran mostra de cuina poblera Actualitat, Fires i rutes Un any m\u00e9s, torna la major mostra de cuina de sa Pobla, gr\u00e0cies a la mostra gastron\u00f2mica\u00a0Menjar B\u00e9 a sa Pobla. La iniciativa, organitzada per l'Ajuntament, se celebra\u00a0del 15 al 24 de novembre\u00a0als restaurants del poble\",\"inLanguage\":\"es\",\"potentialAction\":[{\"@type\":\"ReadAction\",\"target\":[\"https:\\\/\\\/gastronomicament.cat\\\/es\\\/menjar-be-a-sa-pobla-la-gran-mostra-de-cuina-poblera\"]}]},{\"@type\":\"ImageObject\",\"inLanguage\":\"es\",\"@id\":\"https:\\\/\\\/gastronomicament.cat\\\/es\\\/menjar-be-a-sa-pobla-la-gran-mostra-de-cuina-poblera#primaryimage\",\"url\":\"https:\\\/\\\/gastronomicament.cat\\\/wp-content\\\/uploads\\\/2019\\\/11\\\/Menjar-Be-a-sa-Pobla-menus-2019.jpg\",\"contentUrl\":\"https:\\\/\\\/gastronomicament.cat\\\/wp-content\\\/uploads\\\/2019\\\/11\\\/Menjar-Be-a-sa-Pobla-menus-2019.jpg\",\"width\":851,\"height\":545},{\"@type\":\"WebSite\",\"@id\":\"https:\\\/\\\/gastronomicament.cat\\\/es\\\/#website\",\"url\":\"https:\\\/\\\/gastronomicament.cat\\\/es\\\/\",\"name\":\"Gastron\u00f2micament\",\"description\":\"Portal de restaurants, receptes i actualitat gastron\u00f2mica\",\"publisher\":{\"@id\":\"https:\\\/\\\/gastronomicament.cat\\\/es\\\/#organization\"},\"potentialAction\":[{\"@type\":\"SearchAction\",\"target\":{\"@type\":\"EntryPoint\",\"urlTemplate\":\"https:\\\/\\\/gastronomicament.cat\\\/es\\\/?s={search_term_string}\"},\"query-input\":{\"@type\":\"PropertyValueSpecification\",\"valueRequired\":true,\"valueName\":\"search_term_string\"}}],\"inLanguage\":\"es\"},{\"@type\":\"Organization\",\"@id\":\"https:\\\/\\\/gastronomicament.cat\\\/es\\\/#organization\",\"name\":\"Gastron\u00f2micament\",\"url\":\"https:\\\/\\\/gastronomicament.cat\\\/es\\\/\",\"logo\":{\"@type\":\"ImageObject\",\"inLanguage\":\"es\",\"@id\":\"https:\\\/\\\/gastronomicament.cat\\\/es\\\/#\\\/schema\\\/logo\\\/image\\\/\",\"url\":\"https:\\\/\\\/gastronomicament.cat\\\/wp-content\\\/uploads\\\/2016\\\/09\\\/header-logo.jpg\",\"contentUrl\":\"https:\\\/\\\/gastronomicament.cat\\\/wp-content\\\/uploads\\\/2016\\\/09\\\/header-logo.jpg\",\"width\":277,\"height\":39,\"caption\":\"Gastron\u00f2micament\"},\"image\":{\"@id\":\"https:\\\/\\\/gastronomicament.cat\\\/es\\\/#\\\/schema\\\/logo\\\/image\\\/\"},\"sameAs\":[\"https:\\\/\\\/x.com\\\/gastronomicamen\"]},{\"@type\":\"Person\",\"@id\":\"https:\\\/\\\/gastronomicament.cat\\\/es\\\/#\\\/schema\\\/person\\\/a7c85c537a1ed62799a5b8e0f686a37f\",\"name\":\"Redacci\u00f3\",\"image\":{\"@type\":\"ImageObject\",\"inLanguage\":\"es\",\"@id\":\"https:\\\/\\\/secure.gravatar.com\\\/avatar\\\/9489a485c464fd611d33825daae651d13db70c4e74c65c94937a15a9d4c3ee14?s=96&d=mm&r=g69fea3cce3645dfa2166e7293e22955e\",\"url\":\"https:\\\/\\\/secure.gravatar.com\\\/avatar\\\/9489a485c464fd611d33825daae651d13db70c4e74c65c94937a15a9d4c3ee14?s=96&d=mm&r=g\",\"contentUrl\":\"https:\\\/\\\/secure.gravatar.com\\\/avatar\\\/9489a485c464fd611d33825daae651d13db70c4e74c65c94937a15a9d4c3ee14?s=96&d=mm&r=g\",\"caption\":\"Redacci\u00f3\"},\"sameAs\":[\"http:\\\/\\\/gastronomicament.cat\"],\"url\":\"https:\\\/\\\/gastronomicament.cat\\\/es\\\/author\\\/admin\"}]}<\/script>\n<!-- \/ Yoast SEO plugin. -->","yoast_head_json":{"title":"Menjar B\u00e9 a sa Pobla, la gran mostra de cuina poblera - Gastron\u00f2micament","description":"Menjar B\u00e9 a sa Pobla, la gran mostra de cuina poblera Actualitat, Fires i rutes Un any m\u00e9s, torna la major mostra de cuina de sa Pobla, gr\u00e0cies a la mostra gastron\u00f2mica\u00a0Menjar B\u00e9 a sa Pobla. La iniciativa, organitzada per l'Ajuntament, se celebra\u00a0del 15 al 24 de novembre\u00a0als restaurants del poble","robots":{"index":"index","follow":"follow","max-snippet":"max-snippet:-1","max-image-preview":"max-image-preview:large","max-video-preview":"max-video-preview:-1"},"canonical":"https:\/\/gastronomicament.cat\/es\/menjar-be-a-sa-pobla-la-gran-mostra-de-cuina-poblera","og_locale":"es_ES","og_type":"article","og_title":"Menjar B\u00e9 a sa Pobla, la gran mostra de cuina poblera - Gastron\u00f2micament","og_description":"Menjar B\u00e9 a sa Pobla, la gran mostra de cuina poblera Actualitat, Fires i rutes Un any m\u00e9s, torna la major mostra de cuina de sa Pobla, gr\u00e0cies a la mostra gastron\u00f2mica\u00a0Menjar B\u00e9 a sa Pobla. La iniciativa, organitzada per l'Ajuntament, se celebra\u00a0del 15 al 24 de novembre\u00a0als restaurants del poble","og_url":"https:\/\/gastronomicament.cat\/es\/menjar-be-a-sa-pobla-la-gran-mostra-de-cuina-poblera","og_site_name":"Gastron\u00f2micament","article_published_time":"2019-11-08T09:06:41+00:00","article_modified_time":"2022-04-09T07:46:46+00:00","og_image":[{"width":851,"height":545,"url":"https:\/\/gastronomicament.cat\/wp-content\/uploads\/2019\/11\/Menjar-Be-a-sa-Pobla-menus-2019.jpg","type":"image\/jpeg"}],"author":"Redacci\u00f3","twitter_card":"summary_large_image","twitter_creator":"@gastronomicamen","twitter_site":"@gastronomicamen","twitter_misc":{"Escrito por":"Redacci\u00f3","Tiempo de lectura":"4 minutos","Written by":"Redacci\u00f3"},"schema":{"@context":"https:\/\/schema.org","@graph":[{"@type":"Article","@id":"https:\/\/gastronomicament.cat\/es\/menjar-be-a-sa-pobla-la-gran-mostra-de-cuina-poblera#article","isPartOf":{"@id":"https:\/\/gastronomicament.cat\/es\/menjar-be-a-sa-pobla-la-gran-mostra-de-cuina-poblera"},"author":{"name":"Redacci\u00f3","@id":"https:\/\/gastronomicament.cat\/es\/#\/schema\/person\/a7c85c537a1ed62799a5b8e0f686a37f"},"headline":"Menjar B\u00e9 a sa Pobla, la gran mostra de cuina poblera","datePublished":"2019-11-08T09:06:41+00:00","dateModified":"2022-04-09T07:46:46+00:00","mainEntityOfPage":{"@id":"https:\/\/gastronomicament.cat\/es\/menjar-be-a-sa-pobla-la-gran-mostra-de-cuina-poblera"},"wordCount":799,"commentCount":0,"publisher":{"@id":"https:\/\/gastronomicament.cat\/es\/#organization"},"image":{"@id":"https:\/\/gastronomicament.cat\/es\/menjar-be-a-sa-pobla-la-gran-mostra-de-cuina-poblera#primaryimage"},"thumbnailUrl":"https:\/\/gastronomicament.cat\/wp-content\/uploads\/2019\/11\/Menjar-Be-a-sa-Pobla-menus-2019.jpg","articleSection":["Actualitat","Fires i rutes"],"inLanguage":"es","potentialAction":[{"@type":"CommentAction","name":"Comment","target":["https:\/\/gastronomicament.cat\/es\/menjar-be-a-sa-pobla-la-gran-mostra-de-cuina-poblera#respond"]}]},{"@type":"WebPage","@id":"https:\/\/gastronomicament.cat\/es\/menjar-be-a-sa-pobla-la-gran-mostra-de-cuina-poblera","url":"https:\/\/gastronomicament.cat\/es\/menjar-be-a-sa-pobla-la-gran-mostra-de-cuina-poblera","name":"Menjar B\u00e9 a sa Pobla, la gran mostra de cuina poblera - Gastron\u00f2micament","isPartOf":{"@id":"https:\/\/gastronomicament.cat\/es\/#website"},"primaryImageOfPage":{"@id":"https:\/\/gastronomicament.cat\/es\/menjar-be-a-sa-pobla-la-gran-mostra-de-cuina-poblera#primaryimage"},"image":{"@id":"https:\/\/gastronomicament.cat\/es\/menjar-be-a-sa-pobla-la-gran-mostra-de-cuina-poblera#primaryimage"},"thumbnailUrl":"https:\/\/gastronomicament.cat\/wp-content\/uploads\/2019\/11\/Menjar-Be-a-sa-Pobla-menus-2019.jpg","datePublished":"2019-11-08T09:06:41+00:00","dateModified":"2022-04-09T07:46:46+00:00","description":"Menjar B\u00e9 a sa Pobla, la gran mostra de cuina poblera Actualitat, Fires i rutes Un any m\u00e9s, torna la major mostra de cuina de sa Pobla, gr\u00e0cies a la mostra gastron\u00f2mica\u00a0Menjar B\u00e9 a sa Pobla. La iniciativa, organitzada per l'Ajuntament, se celebra\u00a0del 15 al 24 de novembre\u00a0als restaurants del poble","inLanguage":"es","potentialAction":[{"@type":"ReadAction","target":["https:\/\/gastronomicament.cat\/es\/menjar-be-a-sa-pobla-la-gran-mostra-de-cuina-poblera"]}]},{"@type":"ImageObject","inLanguage":"es","@id":"https:\/\/gastronomicament.cat\/es\/menjar-be-a-sa-pobla-la-gran-mostra-de-cuina-poblera#primaryimage","url":"https:\/\/gastronomicament.cat\/wp-content\/uploads\/2019\/11\/Menjar-Be-a-sa-Pobla-menus-2019.jpg","contentUrl":"https:\/\/gastronomicament.cat\/wp-content\/uploads\/2019\/11\/Menjar-Be-a-sa-Pobla-menus-2019.jpg","width":851,"height":545},{"@type":"WebSite","@id":"https:\/\/gastronomicament.cat\/es\/#website","url":"https:\/\/gastronomicament.cat\/es\/","name":"Gastron\u00f2micament","description":"Portal de restaurants, receptes i actualitat gastron\u00f2mica","publisher":{"@id":"https:\/\/gastronomicament.cat\/es\/#organization"},"potentialAction":[{"@type":"SearchAction","target":{"@type":"EntryPoint","urlTemplate":"https:\/\/gastronomicament.cat\/es\/?s={search_term_string}"},"query-input":{"@type":"PropertyValueSpecification","valueRequired":true,"valueName":"search_term_string"}}],"inLanguage":"es"},{"@type":"Organization","@id":"https:\/\/gastronomicament.cat\/es\/#organization","name":"Gastron\u00f2micament","url":"https:\/\/gastronomicament.cat\/es\/","logo":{"@type":"ImageObject","inLanguage":"es","@id":"https:\/\/gastronomicament.cat\/es\/#\/schema\/logo\/image\/","url":"https:\/\/gastronomicament.cat\/wp-content\/uploads\/2016\/09\/header-logo.jpg","contentUrl":"https:\/\/gastronomicament.cat\/wp-content\/uploads\/2016\/09\/header-logo.jpg","width":277,"height":39,"caption":"Gastron\u00f2micament"},"image":{"@id":"https:\/\/gastronomicament.cat\/es\/#\/schema\/logo\/image\/"},"sameAs":["https:\/\/x.com\/gastronomicamen"]},{"@type":"Person","@id":"https:\/\/gastronomicament.cat\/es\/#\/schema\/person\/a7c85c537a1ed62799a5b8e0f686a37f","name":"Redacci\u00f3","image":{"@type":"ImageObject","inLanguage":"es","@id":"https:\/\/secure.gravatar.com\/avatar\/9489a485c464fd611d33825daae651d13db70c4e74c65c94937a15a9d4c3ee14?s=96&d=mm&r=g69fea3cce3645dfa2166e7293e22955e","url":"https:\/\/secure.gravatar.com\/avatar\/9489a485c464fd611d33825daae651d13db70c4e74c65c94937a15a9d4c3ee14?s=96&d=mm&r=g","contentUrl":"https:\/\/secure.gravatar.com\/avatar\/9489a485c464fd611d33825daae651d13db70c4e74c65c94937a15a9d4c3ee14?s=96&d=mm&r=g","caption":"Redacci\u00f3"},"sameAs":["http:\/\/gastronomicament.cat"],"url":"https:\/\/gastronomicament.cat\/es\/author\/admin"}]}},"_links":{"self":[{"href":"https:\/\/gastronomicament.cat\/es\/wp-json\/wp\/v2\/posts\/62557","targetHints":{"allow":["GET"]}}],"collection":[{"href":"https:\/\/gastronomicament.cat\/es\/wp-json\/wp\/v2\/posts"}],"about":[{"href":"https:\/\/gastronomicament.cat\/es\/wp-json\/wp\/v2\/types\/post"}],"author":[{"embeddable":true,"href":"https:\/\/gastronomicament.cat\/es\/wp-json\/wp\/v2\/users\/1"}],"replies":[{"embeddable":true,"href":"https:\/\/gastronomicament.cat\/es\/wp-json\/wp\/v2\/comments?post=62557"}],"version-history":[{"count":0,"href":"https:\/\/gastronomicament.cat\/es\/wp-json\/wp\/v2\/posts\/62557\/revisions"}],"wp:featuredmedia":[{"embeddable":true,"href":"https:\/\/gastronomicament.cat\/es\/wp-json\/wp\/v2\/media\/42401"}],"wp:attachment":[{"href":"https:\/\/gastronomicament.cat\/es\/wp-json\/wp\/v2\/media?parent=62557"}],"wp:term":[{"taxonomy":"category","embeddable":true,"href":"https:\/\/gastronomicament.cat\/es\/wp-json\/wp\/v2\/categories?post=62557"},{"taxonomy":"post_tag","embeddable":true,"href":"https:\/\/gastronomicament.cat\/es\/wp-json\/wp\/v2\/tags?post=62557"},{"taxonomy":"author","embeddable":true,"href":"https:\/\/gastronomicament.cat\/es\/wp-json\/wp\/v2\/coauthors?post=62557"}],"curies":[{"name":"wp","href":"https:\/\/api.w.org\/{rel}","templated":true}]}}