{"id":63264,"date":"2019-08-08T13:34:02","date_gmt":"2019-08-08T11:34:02","guid":{"rendered":"https:\/\/gastronomicament.cat\/creen-un-taper-solidari-per-a-sonrisa-medica"},"modified":"2019-08-08T13:34:02","modified_gmt":"2019-08-08T11:34:02","slug":"creen-un-taper-solidari-per-a-sonrisa-medica","status":"publish","type":"post","link":"https:\/\/gastronomicament.cat\/es\/creen-un-taper-solidari-per-a-sonrisa-medica","title":{"rendered":"Creen un t\u00e0per solidari per a Sonrisa M\u00e9dica"},"content":{"rendered":"<p>A partir d&#8217;ara pots ajudar\u00a0<strong>Sonrisa M\u00e9dica<\/strong>\u00a0nom\u00e9s amb un gest: el d&#8217;endur-te el menjar del restaurant on has dinat o sopat dins<strong>\u00a0un t\u00e0per solidari<\/strong>, per nom\u00e9s\u00a0<strong>1 euro<\/strong>, que es destina integrament a aquesta ONG,<\/p>\n<p>La iniciativa ha estat<strong>\u00a0creada i desenvolupada per l&#8217;estudi Julen Creatius<\/strong>, que expliquen que el t\u00e0per solidari \u00ab\u00e9s un <strong>recipient de material biodegradable de 500 mililitres amb tapa<\/strong>. Est\u00e0 pensat perqu\u00e8 qualsevol persona o col\u00b7lectiu se\u2019l pugui endur a casa seva per 1 euro amb el menjar que li ha sobrat del dinar o sopar. Tamb\u00e9 existeix la possibilitat d\u2019emportar-se\u2019l i simplement fer-ne un \u00fas dom\u00e8stic\u00bb.<\/p>\n<p>La carmanyola solid\u00e0ria compta amb el suport de Restauraci\u00f3 i\u00a0<strong>els restaurants que estiguin interessats en col\u00b7laborar-hi s&#8217;hi poden apuntar al<\/strong>\u00a0<strong>667 78 67 42<\/strong>\u00a0o a\u00a0<a href=\"https:\/\/www.julencreatius.com\/proyectossociales\">https:\/\/www.julencreatius.com\/proyectossociales<\/a><\/p>\n<p>Per a qui no conegui\u00a0<strong>Sonrisa M\u00e9dica<\/strong>\u00a0cal dir que \u00e9s una associaci\u00f3 sense \u00e0nim de lucre declarada d\u2019utilitat p\u00fablica pel Ministeri de l\u2019Interior l\u2019any 2004.\u00a0 \u00c9s una\u00a0<strong>ONG pionera<\/strong>\u00a0a Espanya en l\u2019\u00e0mbit de l\u2019<strong>acompanyament de pallassos d\u2019hospital a pacients<\/strong>, especialment els infants que es troben ingressats als\u00a0<strong>hospitals p\u00fablics de les Illes Balears<\/strong>. Per aix\u00f2, els seus pallassos\u00a0<strong>usen l&#8217;alegria com a eina terap\u00e8utica<\/strong>\u00a0concretament a Hospital Universitari Son Espases, Hospital Universitari Son Ll\u00e0tzer, Fundaci\u00f3 Hospital de Manacor, Hospital Comarcal d\u2019Inca, Hospital General Mateu Orfila, Hospital Can Misses.<\/p>\n","protected":false},"excerpt":{"rendered":"<p>A partir d&#8217;ara pots ajudar\u00a0Sonrisa M\u00e9dica\u00a0nom\u00e9s amb un gest: el d&#8217;endur-te el menjar del restaurant on&hellip;<\/p>\n","protected":false},"author":1,"featured_media":42125,"comment_status":"open","ping_status":"closed","sticky":false,"template":"","format":"standard","meta":{"_acf_changed":false,"_swt_meta_header_display":false,"_swt_meta_footer_display":false,"_swt_meta_site_title_display":false,"_swt_meta_sticky_header":false,"_swt_meta_transparent_header":false,"footnotes":""},"categories":[1003,1477],"tags":[],"coauthors":[],"class_list":["post-63264","post","type-post","status-publish","format-standard","has-post-thumbnail","hentry","category-actualitat-es","category-reportatges-i-novetats-es"],"acf":{"gallery":null,"home_date":{"home_begin_date":null,"home_end_date":null}},"yoast_head":"<!-- This site is optimized with the Yoast SEO plugin v27.4 - https:\/\/yoast.com\/product\/yoast-seo-wordpress\/ -->\n<title>Creen un t\u00e0per solidari per a Sonrisa M\u00e9dica - Gastron\u00f2micament<\/title>\n<meta name=\"description\" content=\"Creen un t\u00e0per solidari per a Sonrisa M\u00e9dica Actualitat, Reportatges i novetats A partir d&#039;ara pots ajudar\u00a0Sonrisa M\u00e9dica\u00a0nom\u00e9s amb un gest: el d&#039;endur-te el menjar del restaurant on has dinat o sopat dins\u00a0un t\u00e0per solidari, per nom\u00e9s\u00a01 euro, que es destina integrament a aquesta ONG\" \/>\n<meta name=\"robots\" content=\"index, follow, max-snippet:-1, max-image-preview:large, max-video-preview:-1\" \/>\n<link rel=\"canonical\" href=\"https:\/\/gastronomicament.cat\/es\/creen-un-taper-solidari-per-a-sonrisa-medica\" \/>\n<meta property=\"og:locale\" content=\"es_ES\" \/>\n<meta property=\"og:type\" content=\"article\" \/>\n<meta property=\"og:title\" content=\"Creen un t\u00e0per solidari per a Sonrisa M\u00e9dica - Gastron\u00f2micament\" \/>\n<meta property=\"og:description\" content=\"Creen un t\u00e0per solidari per a Sonrisa M\u00e9dica Actualitat, Reportatges i novetats A partir d&#039;ara pots ajudar\u00a0Sonrisa M\u00e9dica\u00a0nom\u00e9s amb un gest: el d&#039;endur-te el menjar del restaurant on has dinat o sopat dins\u00a0un t\u00e0per solidari, per nom\u00e9s\u00a01 euro, que es destina integrament a aquesta ONG\" \/>\n<meta property=\"og:url\" content=\"https:\/\/gastronomicament.cat\/es\/creen-un-taper-solidari-per-a-sonrisa-medica\" \/>\n<meta property=\"og:site_name\" content=\"Gastron\u00f2micament\" \/>\n<meta property=\"article:published_time\" content=\"2019-08-08T11:34:02+00:00\" \/>\n<meta property=\"og:image\" content=\"https:\/\/gastronomicament.cat\/wp-content\/uploads\/2019\/08\/Taper-solidari-Sonrisa-Medica.jpg\" \/>\n\t<meta property=\"og:image:width\" content=\"872\" \/>\n\t<meta property=\"og:image:height\" content=\"352\" \/>\n\t<meta property=\"og:image:type\" content=\"image\/jpeg\" \/>\n<meta name=\"author\" content=\"Redacci\u00f3\" \/>\n<meta name=\"twitter:card\" content=\"summary_large_image\" \/>\n<meta name=\"twitter:creator\" content=\"@gastronomicamen\" \/>\n<meta name=\"twitter:site\" content=\"@gastronomicamen\" \/>\n<meta name=\"twitter:label1\" content=\"Escrito por\" \/>\n\t<meta name=\"twitter:data1\" content=\"Redacci\u00f3\" \/>\n\t<meta name=\"twitter:label2\" content=\"Tiempo de lectura\" \/>\n\t<meta name=\"twitter:data2\" content=\"1 minuto\" \/>\n\t<meta name=\"twitter:label3\" content=\"Written by\" \/>\n\t<meta name=\"twitter:data3\" content=\"Redacci\u00f3\" \/>\n<script type=\"application\/ld+json\" class=\"yoast-schema-graph\">{\"@context\":\"https:\\\/\\\/schema.org\",\"@graph\":[{\"@type\":\"Article\",\"@id\":\"https:\\\/\\\/gastronomicament.cat\\\/es\\\/creen-un-taper-solidari-per-a-sonrisa-medica#article\",\"isPartOf\":{\"@id\":\"https:\\\/\\\/gastronomicament.cat\\\/es\\\/creen-un-taper-solidari-per-a-sonrisa-medica\"},\"author\":{\"name\":\"Redacci\u00f3\",\"@id\":\"https:\\\/\\\/gastronomicament.cat\\\/es\\\/#\\\/schema\\\/person\\\/a7c85c537a1ed62799a5b8e0f686a37f\"},\"headline\":\"Creen un t\u00e0per solidari per a Sonrisa M\u00e9dica\",\"datePublished\":\"2019-08-08T11:34:02+00:00\",\"mainEntityOfPage\":{\"@id\":\"https:\\\/\\\/gastronomicament.cat\\\/es\\\/creen-un-taper-solidari-per-a-sonrisa-medica\"},\"wordCount\":251,\"commentCount\":0,\"publisher\":{\"@id\":\"https:\\\/\\\/gastronomicament.cat\\\/es\\\/#organization\"},\"image\":{\"@id\":\"https:\\\/\\\/gastronomicament.cat\\\/es\\\/creen-un-taper-solidari-per-a-sonrisa-medica#primaryimage\"},\"thumbnailUrl\":\"https:\\\/\\\/gastronomicament.cat\\\/wp-content\\\/uploads\\\/2019\\\/08\\\/Taper-solidari-Sonrisa-Medica.jpg\",\"articleSection\":[\"Actualitat\",\"Reportatges i novetats\"],\"inLanguage\":\"es\",\"potentialAction\":[{\"@type\":\"CommentAction\",\"name\":\"Comment\",\"target\":[\"https:\\\/\\\/gastronomicament.cat\\\/es\\\/creen-un-taper-solidari-per-a-sonrisa-medica#respond\"]}]},{\"@type\":\"WebPage\",\"@id\":\"https:\\\/\\\/gastronomicament.cat\\\/es\\\/creen-un-taper-solidari-per-a-sonrisa-medica\",\"url\":\"https:\\\/\\\/gastronomicament.cat\\\/es\\\/creen-un-taper-solidari-per-a-sonrisa-medica\",\"name\":\"Creen un t\u00e0per solidari per a Sonrisa M\u00e9dica - Gastron\u00f2micament\",\"isPartOf\":{\"@id\":\"https:\\\/\\\/gastronomicament.cat\\\/es\\\/#website\"},\"primaryImageOfPage\":{\"@id\":\"https:\\\/\\\/gastronomicament.cat\\\/es\\\/creen-un-taper-solidari-per-a-sonrisa-medica#primaryimage\"},\"image\":{\"@id\":\"https:\\\/\\\/gastronomicament.cat\\\/es\\\/creen-un-taper-solidari-per-a-sonrisa-medica#primaryimage\"},\"thumbnailUrl\":\"https:\\\/\\\/gastronomicament.cat\\\/wp-content\\\/uploads\\\/2019\\\/08\\\/Taper-solidari-Sonrisa-Medica.jpg\",\"datePublished\":\"2019-08-08T11:34:02+00:00\",\"description\":\"Creen un t\u00e0per solidari per a Sonrisa M\u00e9dica Actualitat, Reportatges i novetats A partir d'ara pots ajudar\u00a0Sonrisa M\u00e9dica\u00a0nom\u00e9s amb un gest: el d'endur-te el menjar del restaurant on has dinat o sopat dins\u00a0un t\u00e0per solidari, per nom\u00e9s\u00a01 euro, que es destina integrament a aquesta ONG\",\"inLanguage\":\"es\",\"potentialAction\":[{\"@type\":\"ReadAction\",\"target\":[\"https:\\\/\\\/gastronomicament.cat\\\/es\\\/creen-un-taper-solidari-per-a-sonrisa-medica\"]}]},{\"@type\":\"ImageObject\",\"inLanguage\":\"es\",\"@id\":\"https:\\\/\\\/gastronomicament.cat\\\/es\\\/creen-un-taper-solidari-per-a-sonrisa-medica#primaryimage\",\"url\":\"https:\\\/\\\/gastronomicament.cat\\\/wp-content\\\/uploads\\\/2019\\\/08\\\/Taper-solidari-Sonrisa-Medica.jpg\",\"contentUrl\":\"https:\\\/\\\/gastronomicament.cat\\\/wp-content\\\/uploads\\\/2019\\\/08\\\/Taper-solidari-Sonrisa-Medica.jpg\",\"width\":872,\"height\":352},{\"@type\":\"WebSite\",\"@id\":\"https:\\\/\\\/gastronomicament.cat\\\/es\\\/#website\",\"url\":\"https:\\\/\\\/gastronomicament.cat\\\/es\\\/\",\"name\":\"Gastron\u00f2micament\",\"description\":\"Portal de restaurants, receptes i actualitat gastron\u00f2mica\",\"publisher\":{\"@id\":\"https:\\\/\\\/gastronomicament.cat\\\/es\\\/#organization\"},\"potentialAction\":[{\"@type\":\"SearchAction\",\"target\":{\"@type\":\"EntryPoint\",\"urlTemplate\":\"https:\\\/\\\/gastronomicament.cat\\\/es\\\/?s={search_term_string}\"},\"query-input\":{\"@type\":\"PropertyValueSpecification\",\"valueRequired\":true,\"valueName\":\"search_term_string\"}}],\"inLanguage\":\"es\"},{\"@type\":\"Organization\",\"@id\":\"https:\\\/\\\/gastronomicament.cat\\\/es\\\/#organization\",\"name\":\"Gastron\u00f2micament\",\"url\":\"https:\\\/\\\/gastronomicament.cat\\\/es\\\/\",\"logo\":{\"@type\":\"ImageObject\",\"inLanguage\":\"es\",\"@id\":\"https:\\\/\\\/gastronomicament.cat\\\/es\\\/#\\\/schema\\\/logo\\\/image\\\/\",\"url\":\"https:\\\/\\\/gastronomicament.cat\\\/wp-content\\\/uploads\\\/2016\\\/09\\\/header-logo.jpg\",\"contentUrl\":\"https:\\\/\\\/gastronomicament.cat\\\/wp-content\\\/uploads\\\/2016\\\/09\\\/header-logo.jpg\",\"width\":277,\"height\":39,\"caption\":\"Gastron\u00f2micament\"},\"image\":{\"@id\":\"https:\\\/\\\/gastronomicament.cat\\\/es\\\/#\\\/schema\\\/logo\\\/image\\\/\"},\"sameAs\":[\"https:\\\/\\\/x.com\\\/gastronomicamen\"]},{\"@type\":\"Person\",\"@id\":\"https:\\\/\\\/gastronomicament.cat\\\/es\\\/#\\\/schema\\\/person\\\/a7c85c537a1ed62799a5b8e0f686a37f\",\"name\":\"Redacci\u00f3\",\"image\":{\"@type\":\"ImageObject\",\"inLanguage\":\"es\",\"@id\":\"https:\\\/\\\/secure.gravatar.com\\\/avatar\\\/9489a485c464fd611d33825daae651d13db70c4e74c65c94937a15a9d4c3ee14?s=96&d=mm&r=g69fea3cce3645dfa2166e7293e22955e\",\"url\":\"https:\\\/\\\/secure.gravatar.com\\\/avatar\\\/9489a485c464fd611d33825daae651d13db70c4e74c65c94937a15a9d4c3ee14?s=96&d=mm&r=g\",\"contentUrl\":\"https:\\\/\\\/secure.gravatar.com\\\/avatar\\\/9489a485c464fd611d33825daae651d13db70c4e74c65c94937a15a9d4c3ee14?s=96&d=mm&r=g\",\"caption\":\"Redacci\u00f3\"},\"sameAs\":[\"http:\\\/\\\/gastronomicament.cat\"],\"url\":\"https:\\\/\\\/gastronomicament.cat\\\/es\\\/author\\\/admin\"}]}<\/script>\n<!-- \/ Yoast SEO plugin. -->","yoast_head_json":{"title":"Creen un t\u00e0per solidari per a Sonrisa M\u00e9dica - Gastron\u00f2micament","description":"Creen un t\u00e0per solidari per a Sonrisa M\u00e9dica Actualitat, Reportatges i novetats A partir d'ara pots ajudar\u00a0Sonrisa M\u00e9dica\u00a0nom\u00e9s amb un gest: el d'endur-te el menjar del restaurant on has dinat o sopat dins\u00a0un t\u00e0per solidari, per nom\u00e9s\u00a01 euro, que es destina integrament a aquesta ONG","robots":{"index":"index","follow":"follow","max-snippet":"max-snippet:-1","max-image-preview":"max-image-preview:large","max-video-preview":"max-video-preview:-1"},"canonical":"https:\/\/gastronomicament.cat\/es\/creen-un-taper-solidari-per-a-sonrisa-medica","og_locale":"es_ES","og_type":"article","og_title":"Creen un t\u00e0per solidari per a Sonrisa M\u00e9dica - Gastron\u00f2micament","og_description":"Creen un t\u00e0per solidari per a Sonrisa M\u00e9dica Actualitat, Reportatges i novetats A partir d'ara pots ajudar\u00a0Sonrisa M\u00e9dica\u00a0nom\u00e9s amb un gest: el d'endur-te el menjar del restaurant on has dinat o sopat dins\u00a0un t\u00e0per solidari, per nom\u00e9s\u00a01 euro, que es destina integrament a aquesta ONG","og_url":"https:\/\/gastronomicament.cat\/es\/creen-un-taper-solidari-per-a-sonrisa-medica","og_site_name":"Gastron\u00f2micament","article_published_time":"2019-08-08T11:34:02+00:00","og_image":[{"width":872,"height":352,"url":"https:\/\/gastronomicament.cat\/wp-content\/uploads\/2019\/08\/Taper-solidari-Sonrisa-Medica.jpg","type":"image\/jpeg"}],"author":"Redacci\u00f3","twitter_card":"summary_large_image","twitter_creator":"@gastronomicamen","twitter_site":"@gastronomicamen","twitter_misc":{"Escrito por":"Redacci\u00f3","Tiempo de lectura":"1 minuto","Written by":"Redacci\u00f3"},"schema":{"@context":"https:\/\/schema.org","@graph":[{"@type":"Article","@id":"https:\/\/gastronomicament.cat\/es\/creen-un-taper-solidari-per-a-sonrisa-medica#article","isPartOf":{"@id":"https:\/\/gastronomicament.cat\/es\/creen-un-taper-solidari-per-a-sonrisa-medica"},"author":{"name":"Redacci\u00f3","@id":"https:\/\/gastronomicament.cat\/es\/#\/schema\/person\/a7c85c537a1ed62799a5b8e0f686a37f"},"headline":"Creen un t\u00e0per solidari per a Sonrisa M\u00e9dica","datePublished":"2019-08-08T11:34:02+00:00","mainEntityOfPage":{"@id":"https:\/\/gastronomicament.cat\/es\/creen-un-taper-solidari-per-a-sonrisa-medica"},"wordCount":251,"commentCount":0,"publisher":{"@id":"https:\/\/gastronomicament.cat\/es\/#organization"},"image":{"@id":"https:\/\/gastronomicament.cat\/es\/creen-un-taper-solidari-per-a-sonrisa-medica#primaryimage"},"thumbnailUrl":"https:\/\/gastronomicament.cat\/wp-content\/uploads\/2019\/08\/Taper-solidari-Sonrisa-Medica.jpg","articleSection":["Actualitat","Reportatges i novetats"],"inLanguage":"es","potentialAction":[{"@type":"CommentAction","name":"Comment","target":["https:\/\/gastronomicament.cat\/es\/creen-un-taper-solidari-per-a-sonrisa-medica#respond"]}]},{"@type":"WebPage","@id":"https:\/\/gastronomicament.cat\/es\/creen-un-taper-solidari-per-a-sonrisa-medica","url":"https:\/\/gastronomicament.cat\/es\/creen-un-taper-solidari-per-a-sonrisa-medica","name":"Creen un t\u00e0per solidari per a Sonrisa M\u00e9dica - Gastron\u00f2micament","isPartOf":{"@id":"https:\/\/gastronomicament.cat\/es\/#website"},"primaryImageOfPage":{"@id":"https:\/\/gastronomicament.cat\/es\/creen-un-taper-solidari-per-a-sonrisa-medica#primaryimage"},"image":{"@id":"https:\/\/gastronomicament.cat\/es\/creen-un-taper-solidari-per-a-sonrisa-medica#primaryimage"},"thumbnailUrl":"https:\/\/gastronomicament.cat\/wp-content\/uploads\/2019\/08\/Taper-solidari-Sonrisa-Medica.jpg","datePublished":"2019-08-08T11:34:02+00:00","description":"Creen un t\u00e0per solidari per a Sonrisa M\u00e9dica Actualitat, Reportatges i novetats A partir d'ara pots ajudar\u00a0Sonrisa M\u00e9dica\u00a0nom\u00e9s amb un gest: el d'endur-te el menjar del restaurant on has dinat o sopat dins\u00a0un t\u00e0per solidari, per nom\u00e9s\u00a01 euro, que es destina integrament a aquesta ONG","inLanguage":"es","potentialAction":[{"@type":"ReadAction","target":["https:\/\/gastronomicament.cat\/es\/creen-un-taper-solidari-per-a-sonrisa-medica"]}]},{"@type":"ImageObject","inLanguage":"es","@id":"https:\/\/gastronomicament.cat\/es\/creen-un-taper-solidari-per-a-sonrisa-medica#primaryimage","url":"https:\/\/gastronomicament.cat\/wp-content\/uploads\/2019\/08\/Taper-solidari-Sonrisa-Medica.jpg","contentUrl":"https:\/\/gastronomicament.cat\/wp-content\/uploads\/2019\/08\/Taper-solidari-Sonrisa-Medica.jpg","width":872,"height":352},{"@type":"WebSite","@id":"https:\/\/gastronomicament.cat\/es\/#website","url":"https:\/\/gastronomicament.cat\/es\/","name":"Gastron\u00f2micament","description":"Portal de restaurants, receptes i actualitat gastron\u00f2mica","publisher":{"@id":"https:\/\/gastronomicament.cat\/es\/#organization"},"potentialAction":[{"@type":"SearchAction","target":{"@type":"EntryPoint","urlTemplate":"https:\/\/gastronomicament.cat\/es\/?s={search_term_string}"},"query-input":{"@type":"PropertyValueSpecification","valueRequired":true,"valueName":"search_term_string"}}],"inLanguage":"es"},{"@type":"Organization","@id":"https:\/\/gastronomicament.cat\/es\/#organization","name":"Gastron\u00f2micament","url":"https:\/\/gastronomicament.cat\/es\/","logo":{"@type":"ImageObject","inLanguage":"es","@id":"https:\/\/gastronomicament.cat\/es\/#\/schema\/logo\/image\/","url":"https:\/\/gastronomicament.cat\/wp-content\/uploads\/2016\/09\/header-logo.jpg","contentUrl":"https:\/\/gastronomicament.cat\/wp-content\/uploads\/2016\/09\/header-logo.jpg","width":277,"height":39,"caption":"Gastron\u00f2micament"},"image":{"@id":"https:\/\/gastronomicament.cat\/es\/#\/schema\/logo\/image\/"},"sameAs":["https:\/\/x.com\/gastronomicamen"]},{"@type":"Person","@id":"https:\/\/gastronomicament.cat\/es\/#\/schema\/person\/a7c85c537a1ed62799a5b8e0f686a37f","name":"Redacci\u00f3","image":{"@type":"ImageObject","inLanguage":"es","@id":"https:\/\/secure.gravatar.com\/avatar\/9489a485c464fd611d33825daae651d13db70c4e74c65c94937a15a9d4c3ee14?s=96&d=mm&r=g69fea3cce3645dfa2166e7293e22955e","url":"https:\/\/secure.gravatar.com\/avatar\/9489a485c464fd611d33825daae651d13db70c4e74c65c94937a15a9d4c3ee14?s=96&d=mm&r=g","contentUrl":"https:\/\/secure.gravatar.com\/avatar\/9489a485c464fd611d33825daae651d13db70c4e74c65c94937a15a9d4c3ee14?s=96&d=mm&r=g","caption":"Redacci\u00f3"},"sameAs":["http:\/\/gastronomicament.cat"],"url":"https:\/\/gastronomicament.cat\/es\/author\/admin"}]}},"_links":{"self":[{"href":"https:\/\/gastronomicament.cat\/es\/wp-json\/wp\/v2\/posts\/63264","targetHints":{"allow":["GET"]}}],"collection":[{"href":"https:\/\/gastronomicament.cat\/es\/wp-json\/wp\/v2\/posts"}],"about":[{"href":"https:\/\/gastronomicament.cat\/es\/wp-json\/wp\/v2\/types\/post"}],"author":[{"embeddable":true,"href":"https:\/\/gastronomicament.cat\/es\/wp-json\/wp\/v2\/users\/1"}],"replies":[{"embeddable":true,"href":"https:\/\/gastronomicament.cat\/es\/wp-json\/wp\/v2\/comments?post=63264"}],"version-history":[{"count":0,"href":"https:\/\/gastronomicament.cat\/es\/wp-json\/wp\/v2\/posts\/63264\/revisions"}],"wp:featuredmedia":[{"embeddable":true,"href":"https:\/\/gastronomicament.cat\/es\/wp-json\/wp\/v2\/media\/42125"}],"wp:attachment":[{"href":"https:\/\/gastronomicament.cat\/es\/wp-json\/wp\/v2\/media?parent=63264"}],"wp:term":[{"taxonomy":"category","embeddable":true,"href":"https:\/\/gastronomicament.cat\/es\/wp-json\/wp\/v2\/categories?post=63264"},{"taxonomy":"post_tag","embeddable":true,"href":"https:\/\/gastronomicament.cat\/es\/wp-json\/wp\/v2\/tags?post=63264"},{"taxonomy":"author","embeddable":true,"href":"https:\/\/gastronomicament.cat\/es\/wp-json\/wp\/v2\/coauthors?post=63264"}],"curies":[{"name":"wp","href":"https:\/\/api.w.org\/{rel}","templated":true}]}}