{"id":65497,"date":"2019-03-21T02:08:22","date_gmt":"2019-03-21T01:08:22","guid":{"rendered":"https:\/\/gastronomicament.cat\/tomas-vibot-publica-un-llibre-dedicat-a-lensaimada"},"modified":"2019-03-21T02:08:22","modified_gmt":"2019-03-21T01:08:22","slug":"tomas-vibot-publica-un-llibre-dedicat-a-lensaimada","status":"publish","type":"post","link":"https:\/\/gastronomicament.cat\/es\/tomas-vibot-publica-un-llibre-dedicat-a-lensaimada","title":{"rendered":"Tom\u00e0s Vibot publica un llibre dedicat a l&#8217;ensa\u00efmada"},"content":{"rendered":"<p>L&#8217;historiador\u00a0<strong>Tom\u00e0s Vibot<\/strong>\u00a0presenta el divendres 22 de mar\u00e7 el nou llibre que ha escrit. En aquesta ocasi\u00f3 se centra en l&#8217;element gastron\u00f2mic m\u00e9s popular de les Illes Balears, l&#8217;<strong><a href=\"https:\/\/gastronomicament.cat\/recepta\/recepta-ensaimada-albercocs\">ensa\u00efmada<\/a><\/strong>.<\/p>\n<p>El llibre, titulat\u00a0<strong><em>L&#8217;ensa\u00efmada: l&#8217;espiral de plaer<\/em><\/strong>, estar\u00e0 presentat per Pep Magraner, gerent de l&#8217;Associaci\u00f3 de Forners i Pastissers de les Illes Balears, que tamb\u00e9 n&#8217;ha fet el pr\u00f2leg. El llibre, publicat per El Gall Editor, es presenta el divendres 22 de mar\u00e7, a les<strong>\u00a019.30 hores<\/strong>, a\u00a0<strong>Quars Llibres (carrer de les Parellades, 12 de Palma)<\/strong>. L&#8217;acte finalitzar\u00e0 amb una degustaci\u00f3 d&#8217;ensa\u00efmades del forn Can Rafel, guanyador del 3r Concurs de la Millor Ensa\u00efmada del M\u00f3n 2019.<\/p>\n","protected":false},"excerpt":{"rendered":"<p>L&#8217;historiador\u00a0Tom\u00e0s Vibot\u00a0presenta el divendres 22 de mar\u00e7 el nou llibre que ha escrit. En aquesta ocasi\u00f3&hellip;<\/p>\n","protected":false},"author":1,"featured_media":41650,"comment_status":"open","ping_status":"closed","sticky":false,"template":"","format":"standard","meta":{"_acf_changed":false,"_swt_meta_header_display":false,"_swt_meta_footer_display":false,"_swt_meta_site_title_display":false,"_swt_meta_sticky_header":false,"_swt_meta_transparent_header":false,"footnotes":""},"categories":[1003,1477],"tags":[],"coauthors":[],"class_list":["post-65497","post","type-post","status-publish","format-standard","has-post-thumbnail","hentry","category-actualitat-es","category-reportatges-i-novetats-es"],"acf":{"gallery":null,"home_date":{"home_begin_date":null,"home_end_date":null}},"yoast_head":"<!-- This site is optimized with the Yoast SEO plugin v27.4 - https:\/\/yoast.com\/product\/yoast-seo-wordpress\/ -->\n<title>Tom\u00e0s Vibot publica un llibre dedicat a l&#039;ensa\u00efmada - Gastron\u00f2micament<\/title>\n<meta name=\"description\" content=\"Tom\u00e0s Vibot publica un llibre dedicat a l&#039;ensa\u00efmada Actualitat, Reportatges i novetats L&#039;historiador\u00a0Tom\u00e0s Vibot\u00a0presenta el divendres 22 de mar\u00e7 el nou llibre que ha escrit. En aquesta ocasi\u00f3 se centra en l&#039;element gastron\u00f2mic m\u00e9s popular de les Illes Balears, l&#039;ensa\u00efmada\" \/>\n<meta name=\"robots\" content=\"index, follow, max-snippet:-1, max-image-preview:large, max-video-preview:-1\" \/>\n<link rel=\"canonical\" href=\"https:\/\/gastronomicament.cat\/es\/tomas-vibot-publica-un-llibre-dedicat-a-lensaimada\" \/>\n<meta property=\"og:locale\" content=\"es_ES\" \/>\n<meta property=\"og:type\" content=\"article\" \/>\n<meta property=\"og:title\" content=\"Tom\u00e0s Vibot publica un llibre dedicat a l&#039;ensa\u00efmada - Gastron\u00f2micament\" \/>\n<meta property=\"og:description\" content=\"Tom\u00e0s Vibot publica un llibre dedicat a l&#039;ensa\u00efmada Actualitat, Reportatges i novetats L&#039;historiador\u00a0Tom\u00e0s Vibot\u00a0presenta el divendres 22 de mar\u00e7 el nou llibre que ha escrit. En aquesta ocasi\u00f3 se centra en l&#039;element gastron\u00f2mic m\u00e9s popular de les Illes Balears, l&#039;ensa\u00efmada\" \/>\n<meta property=\"og:url\" content=\"https:\/\/gastronomicament.cat\/es\/tomas-vibot-publica-un-llibre-dedicat-a-lensaimada\" \/>\n<meta property=\"og:site_name\" content=\"Gastron\u00f2micament\" \/>\n<meta property=\"article:published_time\" content=\"2019-03-21T01:08:22+00:00\" \/>\n<meta property=\"og:image\" content=\"https:\/\/gastronomicament.cat\/wp-content\/uploads\/2019\/03\/Ensaimada-Tomas-Vivot.jpg\" \/>\n\t<meta property=\"og:image:width\" content=\"821\" \/>\n\t<meta property=\"og:image:height\" content=\"443\" \/>\n\t<meta property=\"og:image:type\" content=\"image\/jpeg\" \/>\n<meta name=\"author\" content=\"Redacci\u00f3\" \/>\n<meta name=\"twitter:card\" content=\"summary_large_image\" \/>\n<meta name=\"twitter:creator\" content=\"@gastronomicamen\" \/>\n<meta name=\"twitter:site\" content=\"@gastronomicamen\" \/>\n<meta name=\"twitter:label1\" content=\"Escrito por\" \/>\n\t<meta name=\"twitter:data1\" content=\"Redacci\u00f3\" \/>\n\t<meta name=\"twitter:label2\" content=\"Tiempo de lectura\" \/>\n\t<meta name=\"twitter:data2\" content=\"1 minuto\" \/>\n\t<meta name=\"twitter:label3\" content=\"Written by\" \/>\n\t<meta name=\"twitter:data3\" content=\"Redacci\u00f3\" \/>\n<script type=\"application\/ld+json\" class=\"yoast-schema-graph\">{\"@context\":\"https:\\\/\\\/schema.org\",\"@graph\":[{\"@type\":\"Article\",\"@id\":\"https:\\\/\\\/gastronomicament.cat\\\/es\\\/tomas-vibot-publica-un-llibre-dedicat-a-lensaimada#article\",\"isPartOf\":{\"@id\":\"https:\\\/\\\/gastronomicament.cat\\\/es\\\/tomas-vibot-publica-un-llibre-dedicat-a-lensaimada\"},\"author\":{\"name\":\"Redacci\u00f3\",\"@id\":\"https:\\\/\\\/gastronomicament.cat\\\/es\\\/#\\\/schema\\\/person\\\/a7c85c537a1ed62799a5b8e0f686a37f\"},\"headline\":\"Tom\u00e0s Vibot publica un llibre dedicat a l&#8217;ensa\u00efmada\",\"datePublished\":\"2019-03-21T01:08:22+00:00\",\"mainEntityOfPage\":{\"@id\":\"https:\\\/\\\/gastronomicament.cat\\\/es\\\/tomas-vibot-publica-un-llibre-dedicat-a-lensaimada\"},\"wordCount\":123,\"commentCount\":0,\"publisher\":{\"@id\":\"https:\\\/\\\/gastronomicament.cat\\\/es\\\/#organization\"},\"image\":{\"@id\":\"https:\\\/\\\/gastronomicament.cat\\\/es\\\/tomas-vibot-publica-un-llibre-dedicat-a-lensaimada#primaryimage\"},\"thumbnailUrl\":\"https:\\\/\\\/gastronomicament.cat\\\/wp-content\\\/uploads\\\/2019\\\/03\\\/Ensaimada-Tomas-Vivot.jpg\",\"articleSection\":[\"Actualitat\",\"Reportatges i novetats\"],\"inLanguage\":\"es\",\"potentialAction\":[{\"@type\":\"CommentAction\",\"name\":\"Comment\",\"target\":[\"https:\\\/\\\/gastronomicament.cat\\\/es\\\/tomas-vibot-publica-un-llibre-dedicat-a-lensaimada#respond\"]}]},{\"@type\":\"WebPage\",\"@id\":\"https:\\\/\\\/gastronomicament.cat\\\/es\\\/tomas-vibot-publica-un-llibre-dedicat-a-lensaimada\",\"url\":\"https:\\\/\\\/gastronomicament.cat\\\/es\\\/tomas-vibot-publica-un-llibre-dedicat-a-lensaimada\",\"name\":\"Tom\u00e0s Vibot publica un llibre dedicat a l'ensa\u00efmada - Gastron\u00f2micament\",\"isPartOf\":{\"@id\":\"https:\\\/\\\/gastronomicament.cat\\\/es\\\/#website\"},\"primaryImageOfPage\":{\"@id\":\"https:\\\/\\\/gastronomicament.cat\\\/es\\\/tomas-vibot-publica-un-llibre-dedicat-a-lensaimada#primaryimage\"},\"image\":{\"@id\":\"https:\\\/\\\/gastronomicament.cat\\\/es\\\/tomas-vibot-publica-un-llibre-dedicat-a-lensaimada#primaryimage\"},\"thumbnailUrl\":\"https:\\\/\\\/gastronomicament.cat\\\/wp-content\\\/uploads\\\/2019\\\/03\\\/Ensaimada-Tomas-Vivot.jpg\",\"datePublished\":\"2019-03-21T01:08:22+00:00\",\"description\":\"Tom\u00e0s Vibot publica un llibre dedicat a l'ensa\u00efmada Actualitat, Reportatges i novetats L'historiador\u00a0Tom\u00e0s Vibot\u00a0presenta el divendres 22 de mar\u00e7 el nou llibre que ha escrit. En aquesta ocasi\u00f3 se centra en l'element gastron\u00f2mic m\u00e9s popular de les Illes Balears, l'ensa\u00efmada\",\"inLanguage\":\"es\",\"potentialAction\":[{\"@type\":\"ReadAction\",\"target\":[\"https:\\\/\\\/gastronomicament.cat\\\/es\\\/tomas-vibot-publica-un-llibre-dedicat-a-lensaimada\"]}]},{\"@type\":\"ImageObject\",\"inLanguage\":\"es\",\"@id\":\"https:\\\/\\\/gastronomicament.cat\\\/es\\\/tomas-vibot-publica-un-llibre-dedicat-a-lensaimada#primaryimage\",\"url\":\"https:\\\/\\\/gastronomicament.cat\\\/wp-content\\\/uploads\\\/2019\\\/03\\\/Ensaimada-Tomas-Vivot.jpg\",\"contentUrl\":\"https:\\\/\\\/gastronomicament.cat\\\/wp-content\\\/uploads\\\/2019\\\/03\\\/Ensaimada-Tomas-Vivot.jpg\",\"width\":821,\"height\":443},{\"@type\":\"WebSite\",\"@id\":\"https:\\\/\\\/gastronomicament.cat\\\/es\\\/#website\",\"url\":\"https:\\\/\\\/gastronomicament.cat\\\/es\\\/\",\"name\":\"Gastron\u00f2micament\",\"description\":\"Portal de restaurants, receptes i actualitat gastron\u00f2mica\",\"publisher\":{\"@id\":\"https:\\\/\\\/gastronomicament.cat\\\/es\\\/#organization\"},\"potentialAction\":[{\"@type\":\"SearchAction\",\"target\":{\"@type\":\"EntryPoint\",\"urlTemplate\":\"https:\\\/\\\/gastronomicament.cat\\\/es\\\/?s={search_term_string}\"},\"query-input\":{\"@type\":\"PropertyValueSpecification\",\"valueRequired\":true,\"valueName\":\"search_term_string\"}}],\"inLanguage\":\"es\"},{\"@type\":\"Organization\",\"@id\":\"https:\\\/\\\/gastronomicament.cat\\\/es\\\/#organization\",\"name\":\"Gastron\u00f2micament\",\"url\":\"https:\\\/\\\/gastronomicament.cat\\\/es\\\/\",\"logo\":{\"@type\":\"ImageObject\",\"inLanguage\":\"es\",\"@id\":\"https:\\\/\\\/gastronomicament.cat\\\/es\\\/#\\\/schema\\\/logo\\\/image\\\/\",\"url\":\"https:\\\/\\\/gastronomicament.cat\\\/wp-content\\\/uploads\\\/2016\\\/09\\\/header-logo.jpg\",\"contentUrl\":\"https:\\\/\\\/gastronomicament.cat\\\/wp-content\\\/uploads\\\/2016\\\/09\\\/header-logo.jpg\",\"width\":277,\"height\":39,\"caption\":\"Gastron\u00f2micament\"},\"image\":{\"@id\":\"https:\\\/\\\/gastronomicament.cat\\\/es\\\/#\\\/schema\\\/logo\\\/image\\\/\"},\"sameAs\":[\"https:\\\/\\\/x.com\\\/gastronomicamen\"]},{\"@type\":\"Person\",\"@id\":\"https:\\\/\\\/gastronomicament.cat\\\/es\\\/#\\\/schema\\\/person\\\/a7c85c537a1ed62799a5b8e0f686a37f\",\"name\":\"Redacci\u00f3\",\"image\":{\"@type\":\"ImageObject\",\"inLanguage\":\"es\",\"@id\":\"https:\\\/\\\/secure.gravatar.com\\\/avatar\\\/9489a485c464fd611d33825daae651d13db70c4e74c65c94937a15a9d4c3ee14?s=96&d=mm&r=g69fea3cce3645dfa2166e7293e22955e\",\"url\":\"https:\\\/\\\/secure.gravatar.com\\\/avatar\\\/9489a485c464fd611d33825daae651d13db70c4e74c65c94937a15a9d4c3ee14?s=96&d=mm&r=g\",\"contentUrl\":\"https:\\\/\\\/secure.gravatar.com\\\/avatar\\\/9489a485c464fd611d33825daae651d13db70c4e74c65c94937a15a9d4c3ee14?s=96&d=mm&r=g\",\"caption\":\"Redacci\u00f3\"},\"sameAs\":[\"http:\\\/\\\/gastronomicament.cat\"],\"url\":\"https:\\\/\\\/gastronomicament.cat\\\/es\\\/author\\\/admin\"}]}<\/script>\n<!-- \/ Yoast SEO plugin. -->","yoast_head_json":{"title":"Tom\u00e0s Vibot publica un llibre dedicat a l'ensa\u00efmada - Gastron\u00f2micament","description":"Tom\u00e0s Vibot publica un llibre dedicat a l'ensa\u00efmada Actualitat, Reportatges i novetats L'historiador\u00a0Tom\u00e0s Vibot\u00a0presenta el divendres 22 de mar\u00e7 el nou llibre que ha escrit. En aquesta ocasi\u00f3 se centra en l'element gastron\u00f2mic m\u00e9s popular de les Illes Balears, l'ensa\u00efmada","robots":{"index":"index","follow":"follow","max-snippet":"max-snippet:-1","max-image-preview":"max-image-preview:large","max-video-preview":"max-video-preview:-1"},"canonical":"https:\/\/gastronomicament.cat\/es\/tomas-vibot-publica-un-llibre-dedicat-a-lensaimada","og_locale":"es_ES","og_type":"article","og_title":"Tom\u00e0s Vibot publica un llibre dedicat a l'ensa\u00efmada - Gastron\u00f2micament","og_description":"Tom\u00e0s Vibot publica un llibre dedicat a l'ensa\u00efmada Actualitat, Reportatges i novetats L'historiador\u00a0Tom\u00e0s Vibot\u00a0presenta el divendres 22 de mar\u00e7 el nou llibre que ha escrit. En aquesta ocasi\u00f3 se centra en l'element gastron\u00f2mic m\u00e9s popular de les Illes Balears, l'ensa\u00efmada","og_url":"https:\/\/gastronomicament.cat\/es\/tomas-vibot-publica-un-llibre-dedicat-a-lensaimada","og_site_name":"Gastron\u00f2micament","article_published_time":"2019-03-21T01:08:22+00:00","og_image":[{"width":821,"height":443,"url":"https:\/\/gastronomicament.cat\/wp-content\/uploads\/2019\/03\/Ensaimada-Tomas-Vivot.jpg","type":"image\/jpeg"}],"author":"Redacci\u00f3","twitter_card":"summary_large_image","twitter_creator":"@gastronomicamen","twitter_site":"@gastronomicamen","twitter_misc":{"Escrito por":"Redacci\u00f3","Tiempo de lectura":"1 minuto","Written by":"Redacci\u00f3"},"schema":{"@context":"https:\/\/schema.org","@graph":[{"@type":"Article","@id":"https:\/\/gastronomicament.cat\/es\/tomas-vibot-publica-un-llibre-dedicat-a-lensaimada#article","isPartOf":{"@id":"https:\/\/gastronomicament.cat\/es\/tomas-vibot-publica-un-llibre-dedicat-a-lensaimada"},"author":{"name":"Redacci\u00f3","@id":"https:\/\/gastronomicament.cat\/es\/#\/schema\/person\/a7c85c537a1ed62799a5b8e0f686a37f"},"headline":"Tom\u00e0s Vibot publica un llibre dedicat a l&#8217;ensa\u00efmada","datePublished":"2019-03-21T01:08:22+00:00","mainEntityOfPage":{"@id":"https:\/\/gastronomicament.cat\/es\/tomas-vibot-publica-un-llibre-dedicat-a-lensaimada"},"wordCount":123,"commentCount":0,"publisher":{"@id":"https:\/\/gastronomicament.cat\/es\/#organization"},"image":{"@id":"https:\/\/gastronomicament.cat\/es\/tomas-vibot-publica-un-llibre-dedicat-a-lensaimada#primaryimage"},"thumbnailUrl":"https:\/\/gastronomicament.cat\/wp-content\/uploads\/2019\/03\/Ensaimada-Tomas-Vivot.jpg","articleSection":["Actualitat","Reportatges i novetats"],"inLanguage":"es","potentialAction":[{"@type":"CommentAction","name":"Comment","target":["https:\/\/gastronomicament.cat\/es\/tomas-vibot-publica-un-llibre-dedicat-a-lensaimada#respond"]}]},{"@type":"WebPage","@id":"https:\/\/gastronomicament.cat\/es\/tomas-vibot-publica-un-llibre-dedicat-a-lensaimada","url":"https:\/\/gastronomicament.cat\/es\/tomas-vibot-publica-un-llibre-dedicat-a-lensaimada","name":"Tom\u00e0s Vibot publica un llibre dedicat a l'ensa\u00efmada - Gastron\u00f2micament","isPartOf":{"@id":"https:\/\/gastronomicament.cat\/es\/#website"},"primaryImageOfPage":{"@id":"https:\/\/gastronomicament.cat\/es\/tomas-vibot-publica-un-llibre-dedicat-a-lensaimada#primaryimage"},"image":{"@id":"https:\/\/gastronomicament.cat\/es\/tomas-vibot-publica-un-llibre-dedicat-a-lensaimada#primaryimage"},"thumbnailUrl":"https:\/\/gastronomicament.cat\/wp-content\/uploads\/2019\/03\/Ensaimada-Tomas-Vivot.jpg","datePublished":"2019-03-21T01:08:22+00:00","description":"Tom\u00e0s Vibot publica un llibre dedicat a l'ensa\u00efmada Actualitat, Reportatges i novetats L'historiador\u00a0Tom\u00e0s Vibot\u00a0presenta el divendres 22 de mar\u00e7 el nou llibre que ha escrit. En aquesta ocasi\u00f3 se centra en l'element gastron\u00f2mic m\u00e9s popular de les Illes Balears, l'ensa\u00efmada","inLanguage":"es","potentialAction":[{"@type":"ReadAction","target":["https:\/\/gastronomicament.cat\/es\/tomas-vibot-publica-un-llibre-dedicat-a-lensaimada"]}]},{"@type":"ImageObject","inLanguage":"es","@id":"https:\/\/gastronomicament.cat\/es\/tomas-vibot-publica-un-llibre-dedicat-a-lensaimada#primaryimage","url":"https:\/\/gastronomicament.cat\/wp-content\/uploads\/2019\/03\/Ensaimada-Tomas-Vivot.jpg","contentUrl":"https:\/\/gastronomicament.cat\/wp-content\/uploads\/2019\/03\/Ensaimada-Tomas-Vivot.jpg","width":821,"height":443},{"@type":"WebSite","@id":"https:\/\/gastronomicament.cat\/es\/#website","url":"https:\/\/gastronomicament.cat\/es\/","name":"Gastron\u00f2micament","description":"Portal de restaurants, receptes i actualitat gastron\u00f2mica","publisher":{"@id":"https:\/\/gastronomicament.cat\/es\/#organization"},"potentialAction":[{"@type":"SearchAction","target":{"@type":"EntryPoint","urlTemplate":"https:\/\/gastronomicament.cat\/es\/?s={search_term_string}"},"query-input":{"@type":"PropertyValueSpecification","valueRequired":true,"valueName":"search_term_string"}}],"inLanguage":"es"},{"@type":"Organization","@id":"https:\/\/gastronomicament.cat\/es\/#organization","name":"Gastron\u00f2micament","url":"https:\/\/gastronomicament.cat\/es\/","logo":{"@type":"ImageObject","inLanguage":"es","@id":"https:\/\/gastronomicament.cat\/es\/#\/schema\/logo\/image\/","url":"https:\/\/gastronomicament.cat\/wp-content\/uploads\/2016\/09\/header-logo.jpg","contentUrl":"https:\/\/gastronomicament.cat\/wp-content\/uploads\/2016\/09\/header-logo.jpg","width":277,"height":39,"caption":"Gastron\u00f2micament"},"image":{"@id":"https:\/\/gastronomicament.cat\/es\/#\/schema\/logo\/image\/"},"sameAs":["https:\/\/x.com\/gastronomicamen"]},{"@type":"Person","@id":"https:\/\/gastronomicament.cat\/es\/#\/schema\/person\/a7c85c537a1ed62799a5b8e0f686a37f","name":"Redacci\u00f3","image":{"@type":"ImageObject","inLanguage":"es","@id":"https:\/\/secure.gravatar.com\/avatar\/9489a485c464fd611d33825daae651d13db70c4e74c65c94937a15a9d4c3ee14?s=96&d=mm&r=g69fea3cce3645dfa2166e7293e22955e","url":"https:\/\/secure.gravatar.com\/avatar\/9489a485c464fd611d33825daae651d13db70c4e74c65c94937a15a9d4c3ee14?s=96&d=mm&r=g","contentUrl":"https:\/\/secure.gravatar.com\/avatar\/9489a485c464fd611d33825daae651d13db70c4e74c65c94937a15a9d4c3ee14?s=96&d=mm&r=g","caption":"Redacci\u00f3"},"sameAs":["http:\/\/gastronomicament.cat"],"url":"https:\/\/gastronomicament.cat\/es\/author\/admin"}]}},"_links":{"self":[{"href":"https:\/\/gastronomicament.cat\/es\/wp-json\/wp\/v2\/posts\/65497","targetHints":{"allow":["GET"]}}],"collection":[{"href":"https:\/\/gastronomicament.cat\/es\/wp-json\/wp\/v2\/posts"}],"about":[{"href":"https:\/\/gastronomicament.cat\/es\/wp-json\/wp\/v2\/types\/post"}],"author":[{"embeddable":true,"href":"https:\/\/gastronomicament.cat\/es\/wp-json\/wp\/v2\/users\/1"}],"replies":[{"embeddable":true,"href":"https:\/\/gastronomicament.cat\/es\/wp-json\/wp\/v2\/comments?post=65497"}],"version-history":[{"count":0,"href":"https:\/\/gastronomicament.cat\/es\/wp-json\/wp\/v2\/posts\/65497\/revisions"}],"wp:featuredmedia":[{"embeddable":true,"href":"https:\/\/gastronomicament.cat\/es\/wp-json\/wp\/v2\/media\/41650"}],"wp:attachment":[{"href":"https:\/\/gastronomicament.cat\/es\/wp-json\/wp\/v2\/media?parent=65497"}],"wp:term":[{"taxonomy":"category","embeddable":true,"href":"https:\/\/gastronomicament.cat\/es\/wp-json\/wp\/v2\/categories?post=65497"},{"taxonomy":"post_tag","embeddable":true,"href":"https:\/\/gastronomicament.cat\/es\/wp-json\/wp\/v2\/tags?post=65497"},{"taxonomy":"author","embeddable":true,"href":"https:\/\/gastronomicament.cat\/es\/wp-json\/wp\/v2\/coauthors?post=65497"}],"curies":[{"name":"wp","href":"https:\/\/api.w.org\/{rel}","templated":true}]}}