{"id":65753,"date":"2019-02-28T08:57:20","date_gmt":"2019-02-28T07:57:20","guid":{"rendered":"https:\/\/gastronomicament.cat\/terroir-la-gran-fira-dels-vins-de-palma"},"modified":"2019-02-28T08:57:20","modified_gmt":"2019-02-28T07:57:20","slug":"terroir-la-gran-fira-dels-vins-de-palma","status":"publish","type":"post","link":"https:\/\/gastronomicament.cat\/es\/terroir-la-gran-fira-dels-vins-de-palma","title":{"rendered":"Terroir, la gran fira dels vins de Palma"},"content":{"rendered":"<blockquote><p><em>Es fa dia 1 de mar\u00e7 i est\u00e0 organitzada per Redivins<\/em><\/p><\/blockquote>\n<p>Els professionals de la restauraci\u00f3 i els amants del bon vi tenen una cita obligada el proper 1 de mar\u00e7 a l&#8217;hotel\u00a0<strong>GPRO Valpara\u00edso de Palma<\/strong>, ja que la distribu\u00efdora mallorquina\u00a0<a href=\"http:\/\/redivins.com\/\"><strong>Redivins\u00a0<\/strong><\/a>ha organitzat\u00a0<strong>Terroir<\/strong>.<\/p>\n<p>Es tracta d&#8217;un\u00a0<em>showroom\u00a0<\/em>amb m\u00e9s de 120 cellers participants, arribats des de Fran\u00e7a fins a Mallorca, de les 11 fins a les 20 hores.<\/p>\n<p><strong>Joan Mut<\/strong>,\u00a0<strong>Jacques Noris<\/strong>,\u00a0<strong>Pedro Fern\u00e1ndez<\/strong>\u00a0i\u00a0<strong>Daniel Arias<\/strong>, de Redivins comenten que es tracta de l&#8217;activitat m\u00e9s potent que es fa a les Balears pel que fa a vins. \u00abEns ha duit m\u00e9s d&#8217;un any de preparaci\u00f3\u00bb, afirmen. A m\u00e9s, han volgut posar preu a l&#8217;entrada i, d&#8217;aquesta manera, afavorir l&#8217;assist\u00e8ncia de les persones que realement estan interessades pel vi.<\/p>\n<p>El preu de l&#8217;entrada anticipada \u00e9s de 20 euros, i es pot comprar directament a\u00a0<a href=\"https:\/\/entradium.com\/ca\/events\/redivins-terroir\">Entradium<\/a>, a porta ser\u00e0 de 30 euros.<\/p>\n<p><strong>Una cita amb figures destacades<\/strong><\/p>\n<p>A m\u00e9s a m\u00e9s, hi haur\u00e0 activitats paral\u00b7leles que comptaran amb la participaci\u00f3 de la\u00a0<em>maison\u00a0<\/em>Pol Roger, l&#8217;en\u00f2leg Xavi Nolla, el celler Alma Vinos \u00danicos i de Bodegas Muga, unes activitats amb places limitades.<\/p>\n<p><strong>Pierre Sammuel-Reyne<\/strong>, cap de vendes de\u00a0<strong>Pol Roger<\/strong>, que far\u00e0 un tast dirigit de tota la gamma de xampanys del prestigi\u00f3s celler i que finalitzar\u00e0 amb un tast a cegues d&#8217;anyades extraordin\u00e0ries. A les 10.30 hores. Preu: 40 euros.<\/p>\n<p><strong>Paco Berciano<\/strong>, director d&#8217;<strong>Alma Vinos<\/strong>\u00a0<strong>\u00danicos<\/strong>, far\u00e0 gaudir els assistents amb un recorregut pels vins de la Borgonya, amb alguns dels millors productors com Aubert et Pam\u00e9la de Villaine, Julien Brocard, Domaine Faiveley, Charlopin i Domaine Ponsot. A les 13 hores. Preu: 40 euros.\u00e7<\/p>\n<p><strong>Xavi Nolla<\/strong>\u00a0presentar\u00e0 en prim\u00edcia Vins de la Mem\u00f2ria, el seu projecte m\u00e9s personal, amb el qual oferir\u00e0 un recorregut audiovisual pels cellers per on va passar el seu avi despr\u00e9s de lluitar a la batalla de l&#8217;Ebre. L&#8217;expert en vins oferir\u00e0, tamb\u00e9, un tast de tots els vins del projecte. A les 16 hores. Entrada gratu\u00efta amb inscripci\u00f3 pr\u00e8via.<\/p>\n<p><strong>Jorge Muga\u00a0<\/strong>far\u00e0 un tast vertical d&#8217;anyades hist\u00f2riques del seu vi icona,\u00a0<strong>Prado Enea Gran Reserva<\/strong>; un viatge als anys 1994, 2000, 2001 i 2005 que acabar\u00e0 amb la presentaci\u00f3 en prim\u00edcia de la nova a\u00f1ada 2011. A les 17.30 hores. Preu: 40 euros.<\/p>\n<p>Per apuntar-se a aquestes activitats cal escriure a terroir [arrova] redivins [punt] com<\/p>\n","protected":false},"excerpt":{"rendered":"<p>Els professionals de la restauraci\u00f3 i els amants del bon vi tenen una cita obligada el&hellip;<\/p>\n","protected":false},"author":1,"featured_media":41574,"comment_status":"open","ping_status":"closed","sticky":false,"template":"","format":"gallery","meta":{"_acf_changed":false,"_swt_meta_header_display":false,"_swt_meta_footer_display":false,"_swt_meta_site_title_display":false,"_swt_meta_sticky_header":false,"_swt_meta_transparent_header":false,"footnotes":""},"categories":[1003,1004],"tags":[],"coauthors":[],"class_list":["post-65753","post","type-post","status-publish","format-gallery","has-post-thumbnail","hentry","category-actualitat-es","category-fires-i-rutes-es","post_format-post-format-gallery"],"acf":{"gallery":null,"home_date":{"home_begin_date":null,"home_end_date":null}},"yoast_head":"<!-- This site is optimized with the Yoast SEO plugin v27.4 - https:\/\/yoast.com\/product\/yoast-seo-wordpress\/ -->\n<title>Terroir, la gran fira dels vins de Palma - Gastron\u00f2micament<\/title>\n<meta name=\"description\" content=\"Terroir, la gran fira dels vins de Palma Actualitat, Fires i rutes Els professionals de la restauraci\u00f3 i els amants del bon vi tenen una cita obligada el proper 1 de mar\u00e7 a l&#039;hotel\u00a0GPRO Valpara\u00edso de Palma, ja que la distribu\u00efdora mallorquina\u00a0Redivins\u00a0ha organitzat\u00a0Terroir\" \/>\n<meta name=\"robots\" content=\"index, follow, max-snippet:-1, max-image-preview:large, max-video-preview:-1\" \/>\n<link rel=\"canonical\" href=\"https:\/\/gastronomicament.cat\/es\/terroir-la-gran-fira-dels-vins-de-palma\" \/>\n<meta property=\"og:locale\" content=\"es_ES\" \/>\n<meta property=\"og:type\" content=\"article\" \/>\n<meta property=\"og:title\" content=\"Terroir, la gran fira dels vins de Palma - Gastron\u00f2micament\" \/>\n<meta property=\"og:description\" content=\"Terroir, la gran fira dels vins de Palma Actualitat, Fires i rutes Els professionals de la restauraci\u00f3 i els amants del bon vi tenen una cita obligada el proper 1 de mar\u00e7 a l&#039;hotel\u00a0GPRO Valpara\u00edso de Palma, ja que la distribu\u00efdora mallorquina\u00a0Redivins\u00a0ha organitzat\u00a0Terroir\" \/>\n<meta property=\"og:url\" content=\"https:\/\/gastronomicament.cat\/es\/terroir-la-gran-fira-dels-vins-de-palma\" \/>\n<meta property=\"og:site_name\" content=\"Gastron\u00f2micament\" \/>\n<meta property=\"article:published_time\" content=\"2019-02-28T07:57:20+00:00\" \/>\n<meta property=\"og:image\" content=\"https:\/\/gastronomicament.cat\/wp-content\/uploads\/2019\/02\/Joan-Mut-Jacques-Norit-Pedro-Fernandez-Daniel-Arias.jpg\" \/>\n\t<meta property=\"og:image:width\" content=\"1616\" \/>\n\t<meta property=\"og:image:height\" content=\"1080\" \/>\n\t<meta property=\"og:image:type\" content=\"image\/jpeg\" \/>\n<meta name=\"author\" content=\"Redacci\u00f3\" \/>\n<meta name=\"twitter:card\" content=\"summary_large_image\" \/>\n<meta name=\"twitter:creator\" content=\"@gastronomicamen\" \/>\n<meta name=\"twitter:site\" content=\"@gastronomicamen\" \/>\n<meta name=\"twitter:label1\" content=\"Escrito por\" \/>\n\t<meta name=\"twitter:data1\" content=\"Redacci\u00f3\" \/>\n\t<meta name=\"twitter:label2\" content=\"Tiempo de lectura\" \/>\n\t<meta name=\"twitter:data2\" content=\"2 minutos\" \/>\n\t<meta name=\"twitter:label3\" content=\"Written by\" \/>\n\t<meta name=\"twitter:data3\" content=\"Redacci\u00f3\" \/>\n<script type=\"application\/ld+json\" class=\"yoast-schema-graph\">{\"@context\":\"https:\\\/\\\/schema.org\",\"@graph\":[{\"@type\":\"Article\",\"@id\":\"https:\\\/\\\/gastronomicament.cat\\\/es\\\/terroir-la-gran-fira-dels-vins-de-palma#article\",\"isPartOf\":{\"@id\":\"https:\\\/\\\/gastronomicament.cat\\\/es\\\/terroir-la-gran-fira-dels-vins-de-palma\"},\"author\":{\"name\":\"Redacci\u00f3\",\"@id\":\"https:\\\/\\\/gastronomicament.cat\\\/es\\\/#\\\/schema\\\/person\\\/a7c85c537a1ed62799a5b8e0f686a37f\"},\"headline\":\"Terroir, la gran fira dels vins de Palma\",\"datePublished\":\"2019-02-28T07:57:20+00:00\",\"mainEntityOfPage\":{\"@id\":\"https:\\\/\\\/gastronomicament.cat\\\/es\\\/terroir-la-gran-fira-dels-vins-de-palma\"},\"wordCount\":408,\"commentCount\":0,\"publisher\":{\"@id\":\"https:\\\/\\\/gastronomicament.cat\\\/es\\\/#organization\"},\"image\":{\"@id\":\"https:\\\/\\\/gastronomicament.cat\\\/es\\\/terroir-la-gran-fira-dels-vins-de-palma#primaryimage\"},\"thumbnailUrl\":\"https:\\\/\\\/gastronomicament.cat\\\/wp-content\\\/uploads\\\/2019\\\/02\\\/Joan-Mut-Jacques-Norit-Pedro-Fernandez-Daniel-Arias.jpg\",\"articleSection\":[\"Actualitat\",\"Fires i rutes\"],\"inLanguage\":\"es\",\"potentialAction\":[{\"@type\":\"CommentAction\",\"name\":\"Comment\",\"target\":[\"https:\\\/\\\/gastronomicament.cat\\\/es\\\/terroir-la-gran-fira-dels-vins-de-palma#respond\"]}]},{\"@type\":\"WebPage\",\"@id\":\"https:\\\/\\\/gastronomicament.cat\\\/es\\\/terroir-la-gran-fira-dels-vins-de-palma\",\"url\":\"https:\\\/\\\/gastronomicament.cat\\\/es\\\/terroir-la-gran-fira-dels-vins-de-palma\",\"name\":\"Terroir, la gran fira dels vins de Palma - Gastron\u00f2micament\",\"isPartOf\":{\"@id\":\"https:\\\/\\\/gastronomicament.cat\\\/es\\\/#website\"},\"primaryImageOfPage\":{\"@id\":\"https:\\\/\\\/gastronomicament.cat\\\/es\\\/terroir-la-gran-fira-dels-vins-de-palma#primaryimage\"},\"image\":{\"@id\":\"https:\\\/\\\/gastronomicament.cat\\\/es\\\/terroir-la-gran-fira-dels-vins-de-palma#primaryimage\"},\"thumbnailUrl\":\"https:\\\/\\\/gastronomicament.cat\\\/wp-content\\\/uploads\\\/2019\\\/02\\\/Joan-Mut-Jacques-Norit-Pedro-Fernandez-Daniel-Arias.jpg\",\"datePublished\":\"2019-02-28T07:57:20+00:00\",\"description\":\"Terroir, la gran fira dels vins de Palma Actualitat, Fires i rutes Els professionals de la restauraci\u00f3 i els amants del bon vi tenen una cita obligada el proper 1 de mar\u00e7 a l'hotel\u00a0GPRO Valpara\u00edso de Palma, ja que la distribu\u00efdora mallorquina\u00a0Redivins\u00a0ha organitzat\u00a0Terroir\",\"inLanguage\":\"es\",\"potentialAction\":[{\"@type\":\"ReadAction\",\"target\":[\"https:\\\/\\\/gastronomicament.cat\\\/es\\\/terroir-la-gran-fira-dels-vins-de-palma\"]}]},{\"@type\":\"ImageObject\",\"inLanguage\":\"es\",\"@id\":\"https:\\\/\\\/gastronomicament.cat\\\/es\\\/terroir-la-gran-fira-dels-vins-de-palma#primaryimage\",\"url\":\"https:\\\/\\\/gastronomicament.cat\\\/wp-content\\\/uploads\\\/2019\\\/02\\\/Joan-Mut-Jacques-Norit-Pedro-Fernandez-Daniel-Arias.jpg\",\"contentUrl\":\"https:\\\/\\\/gastronomicament.cat\\\/wp-content\\\/uploads\\\/2019\\\/02\\\/Joan-Mut-Jacques-Norit-Pedro-Fernandez-Daniel-Arias.jpg\",\"width\":1616,\"height\":1080},{\"@type\":\"WebSite\",\"@id\":\"https:\\\/\\\/gastronomicament.cat\\\/es\\\/#website\",\"url\":\"https:\\\/\\\/gastronomicament.cat\\\/es\\\/\",\"name\":\"Gastron\u00f2micament\",\"description\":\"Portal de restaurants, receptes i actualitat gastron\u00f2mica\",\"publisher\":{\"@id\":\"https:\\\/\\\/gastronomicament.cat\\\/es\\\/#organization\"},\"potentialAction\":[{\"@type\":\"SearchAction\",\"target\":{\"@type\":\"EntryPoint\",\"urlTemplate\":\"https:\\\/\\\/gastronomicament.cat\\\/es\\\/?s={search_term_string}\"},\"query-input\":{\"@type\":\"PropertyValueSpecification\",\"valueRequired\":true,\"valueName\":\"search_term_string\"}}],\"inLanguage\":\"es\"},{\"@type\":\"Organization\",\"@id\":\"https:\\\/\\\/gastronomicament.cat\\\/es\\\/#organization\",\"name\":\"Gastron\u00f2micament\",\"url\":\"https:\\\/\\\/gastronomicament.cat\\\/es\\\/\",\"logo\":{\"@type\":\"ImageObject\",\"inLanguage\":\"es\",\"@id\":\"https:\\\/\\\/gastronomicament.cat\\\/es\\\/#\\\/schema\\\/logo\\\/image\\\/\",\"url\":\"https:\\\/\\\/gastronomicament.cat\\\/wp-content\\\/uploads\\\/2016\\\/09\\\/header-logo.jpg\",\"contentUrl\":\"https:\\\/\\\/gastronomicament.cat\\\/wp-content\\\/uploads\\\/2016\\\/09\\\/header-logo.jpg\",\"width\":277,\"height\":39,\"caption\":\"Gastron\u00f2micament\"},\"image\":{\"@id\":\"https:\\\/\\\/gastronomicament.cat\\\/es\\\/#\\\/schema\\\/logo\\\/image\\\/\"},\"sameAs\":[\"https:\\\/\\\/x.com\\\/gastronomicamen\"]},{\"@type\":\"Person\",\"@id\":\"https:\\\/\\\/gastronomicament.cat\\\/es\\\/#\\\/schema\\\/person\\\/a7c85c537a1ed62799a5b8e0f686a37f\",\"name\":\"Redacci\u00f3\",\"image\":{\"@type\":\"ImageObject\",\"inLanguage\":\"es\",\"@id\":\"https:\\\/\\\/secure.gravatar.com\\\/avatar\\\/9489a485c464fd611d33825daae651d13db70c4e74c65c94937a15a9d4c3ee14?s=96&d=mm&r=g69fea3cce3645dfa2166e7293e22955e\",\"url\":\"https:\\\/\\\/secure.gravatar.com\\\/avatar\\\/9489a485c464fd611d33825daae651d13db70c4e74c65c94937a15a9d4c3ee14?s=96&d=mm&r=g\",\"contentUrl\":\"https:\\\/\\\/secure.gravatar.com\\\/avatar\\\/9489a485c464fd611d33825daae651d13db70c4e74c65c94937a15a9d4c3ee14?s=96&d=mm&r=g\",\"caption\":\"Redacci\u00f3\"},\"sameAs\":[\"http:\\\/\\\/gastronomicament.cat\"],\"url\":\"https:\\\/\\\/gastronomicament.cat\\\/es\\\/author\\\/admin\"}]}<\/script>\n<!-- \/ Yoast SEO plugin. -->","yoast_head_json":{"title":"Terroir, la gran fira dels vins de Palma - Gastron\u00f2micament","description":"Terroir, la gran fira dels vins de Palma Actualitat, Fires i rutes Els professionals de la restauraci\u00f3 i els amants del bon vi tenen una cita obligada el proper 1 de mar\u00e7 a l'hotel\u00a0GPRO Valpara\u00edso de Palma, ja que la distribu\u00efdora mallorquina\u00a0Redivins\u00a0ha organitzat\u00a0Terroir","robots":{"index":"index","follow":"follow","max-snippet":"max-snippet:-1","max-image-preview":"max-image-preview:large","max-video-preview":"max-video-preview:-1"},"canonical":"https:\/\/gastronomicament.cat\/es\/terroir-la-gran-fira-dels-vins-de-palma","og_locale":"es_ES","og_type":"article","og_title":"Terroir, la gran fira dels vins de Palma - Gastron\u00f2micament","og_description":"Terroir, la gran fira dels vins de Palma Actualitat, Fires i rutes Els professionals de la restauraci\u00f3 i els amants del bon vi tenen una cita obligada el proper 1 de mar\u00e7 a l'hotel\u00a0GPRO Valpara\u00edso de Palma, ja que la distribu\u00efdora mallorquina\u00a0Redivins\u00a0ha organitzat\u00a0Terroir","og_url":"https:\/\/gastronomicament.cat\/es\/terroir-la-gran-fira-dels-vins-de-palma","og_site_name":"Gastron\u00f2micament","article_published_time":"2019-02-28T07:57:20+00:00","og_image":[{"width":1616,"height":1080,"url":"https:\/\/gastronomicament.cat\/wp-content\/uploads\/2019\/02\/Joan-Mut-Jacques-Norit-Pedro-Fernandez-Daniel-Arias.jpg","type":"image\/jpeg"}],"author":"Redacci\u00f3","twitter_card":"summary_large_image","twitter_creator":"@gastronomicamen","twitter_site":"@gastronomicamen","twitter_misc":{"Escrito por":"Redacci\u00f3","Tiempo de lectura":"2 minutos","Written by":"Redacci\u00f3"},"schema":{"@context":"https:\/\/schema.org","@graph":[{"@type":"Article","@id":"https:\/\/gastronomicament.cat\/es\/terroir-la-gran-fira-dels-vins-de-palma#article","isPartOf":{"@id":"https:\/\/gastronomicament.cat\/es\/terroir-la-gran-fira-dels-vins-de-palma"},"author":{"name":"Redacci\u00f3","@id":"https:\/\/gastronomicament.cat\/es\/#\/schema\/person\/a7c85c537a1ed62799a5b8e0f686a37f"},"headline":"Terroir, la gran fira dels vins de Palma","datePublished":"2019-02-28T07:57:20+00:00","mainEntityOfPage":{"@id":"https:\/\/gastronomicament.cat\/es\/terroir-la-gran-fira-dels-vins-de-palma"},"wordCount":408,"commentCount":0,"publisher":{"@id":"https:\/\/gastronomicament.cat\/es\/#organization"},"image":{"@id":"https:\/\/gastronomicament.cat\/es\/terroir-la-gran-fira-dels-vins-de-palma#primaryimage"},"thumbnailUrl":"https:\/\/gastronomicament.cat\/wp-content\/uploads\/2019\/02\/Joan-Mut-Jacques-Norit-Pedro-Fernandez-Daniel-Arias.jpg","articleSection":["Actualitat","Fires i rutes"],"inLanguage":"es","potentialAction":[{"@type":"CommentAction","name":"Comment","target":["https:\/\/gastronomicament.cat\/es\/terroir-la-gran-fira-dels-vins-de-palma#respond"]}]},{"@type":"WebPage","@id":"https:\/\/gastronomicament.cat\/es\/terroir-la-gran-fira-dels-vins-de-palma","url":"https:\/\/gastronomicament.cat\/es\/terroir-la-gran-fira-dels-vins-de-palma","name":"Terroir, la gran fira dels vins de Palma - Gastron\u00f2micament","isPartOf":{"@id":"https:\/\/gastronomicament.cat\/es\/#website"},"primaryImageOfPage":{"@id":"https:\/\/gastronomicament.cat\/es\/terroir-la-gran-fira-dels-vins-de-palma#primaryimage"},"image":{"@id":"https:\/\/gastronomicament.cat\/es\/terroir-la-gran-fira-dels-vins-de-palma#primaryimage"},"thumbnailUrl":"https:\/\/gastronomicament.cat\/wp-content\/uploads\/2019\/02\/Joan-Mut-Jacques-Norit-Pedro-Fernandez-Daniel-Arias.jpg","datePublished":"2019-02-28T07:57:20+00:00","description":"Terroir, la gran fira dels vins de Palma Actualitat, Fires i rutes Els professionals de la restauraci\u00f3 i els amants del bon vi tenen una cita obligada el proper 1 de mar\u00e7 a l'hotel\u00a0GPRO Valpara\u00edso de Palma, ja que la distribu\u00efdora mallorquina\u00a0Redivins\u00a0ha organitzat\u00a0Terroir","inLanguage":"es","potentialAction":[{"@type":"ReadAction","target":["https:\/\/gastronomicament.cat\/es\/terroir-la-gran-fira-dels-vins-de-palma"]}]},{"@type":"ImageObject","inLanguage":"es","@id":"https:\/\/gastronomicament.cat\/es\/terroir-la-gran-fira-dels-vins-de-palma#primaryimage","url":"https:\/\/gastronomicament.cat\/wp-content\/uploads\/2019\/02\/Joan-Mut-Jacques-Norit-Pedro-Fernandez-Daniel-Arias.jpg","contentUrl":"https:\/\/gastronomicament.cat\/wp-content\/uploads\/2019\/02\/Joan-Mut-Jacques-Norit-Pedro-Fernandez-Daniel-Arias.jpg","width":1616,"height":1080},{"@type":"WebSite","@id":"https:\/\/gastronomicament.cat\/es\/#website","url":"https:\/\/gastronomicament.cat\/es\/","name":"Gastron\u00f2micament","description":"Portal de restaurants, receptes i actualitat gastron\u00f2mica","publisher":{"@id":"https:\/\/gastronomicament.cat\/es\/#organization"},"potentialAction":[{"@type":"SearchAction","target":{"@type":"EntryPoint","urlTemplate":"https:\/\/gastronomicament.cat\/es\/?s={search_term_string}"},"query-input":{"@type":"PropertyValueSpecification","valueRequired":true,"valueName":"search_term_string"}}],"inLanguage":"es"},{"@type":"Organization","@id":"https:\/\/gastronomicament.cat\/es\/#organization","name":"Gastron\u00f2micament","url":"https:\/\/gastronomicament.cat\/es\/","logo":{"@type":"ImageObject","inLanguage":"es","@id":"https:\/\/gastronomicament.cat\/es\/#\/schema\/logo\/image\/","url":"https:\/\/gastronomicament.cat\/wp-content\/uploads\/2016\/09\/header-logo.jpg","contentUrl":"https:\/\/gastronomicament.cat\/wp-content\/uploads\/2016\/09\/header-logo.jpg","width":277,"height":39,"caption":"Gastron\u00f2micament"},"image":{"@id":"https:\/\/gastronomicament.cat\/es\/#\/schema\/logo\/image\/"},"sameAs":["https:\/\/x.com\/gastronomicamen"]},{"@type":"Person","@id":"https:\/\/gastronomicament.cat\/es\/#\/schema\/person\/a7c85c537a1ed62799a5b8e0f686a37f","name":"Redacci\u00f3","image":{"@type":"ImageObject","inLanguage":"es","@id":"https:\/\/secure.gravatar.com\/avatar\/9489a485c464fd611d33825daae651d13db70c4e74c65c94937a15a9d4c3ee14?s=96&d=mm&r=g69fea3cce3645dfa2166e7293e22955e","url":"https:\/\/secure.gravatar.com\/avatar\/9489a485c464fd611d33825daae651d13db70c4e74c65c94937a15a9d4c3ee14?s=96&d=mm&r=g","contentUrl":"https:\/\/secure.gravatar.com\/avatar\/9489a485c464fd611d33825daae651d13db70c4e74c65c94937a15a9d4c3ee14?s=96&d=mm&r=g","caption":"Redacci\u00f3"},"sameAs":["http:\/\/gastronomicament.cat"],"url":"https:\/\/gastronomicament.cat\/es\/author\/admin"}]}},"_links":{"self":[{"href":"https:\/\/gastronomicament.cat\/es\/wp-json\/wp\/v2\/posts\/65753","targetHints":{"allow":["GET"]}}],"collection":[{"href":"https:\/\/gastronomicament.cat\/es\/wp-json\/wp\/v2\/posts"}],"about":[{"href":"https:\/\/gastronomicament.cat\/es\/wp-json\/wp\/v2\/types\/post"}],"author":[{"embeddable":true,"href":"https:\/\/gastronomicament.cat\/es\/wp-json\/wp\/v2\/users\/1"}],"replies":[{"embeddable":true,"href":"https:\/\/gastronomicament.cat\/es\/wp-json\/wp\/v2\/comments?post=65753"}],"version-history":[{"count":0,"href":"https:\/\/gastronomicament.cat\/es\/wp-json\/wp\/v2\/posts\/65753\/revisions"}],"wp:featuredmedia":[{"embeddable":true,"href":"https:\/\/gastronomicament.cat\/es\/wp-json\/wp\/v2\/media\/41574"}],"wp:attachment":[{"href":"https:\/\/gastronomicament.cat\/es\/wp-json\/wp\/v2\/media?parent=65753"}],"wp:term":[{"taxonomy":"category","embeddable":true,"href":"https:\/\/gastronomicament.cat\/es\/wp-json\/wp\/v2\/categories?post=65753"},{"taxonomy":"post_tag","embeddable":true,"href":"https:\/\/gastronomicament.cat\/es\/wp-json\/wp\/v2\/tags?post=65753"},{"taxonomy":"author","embeddable":true,"href":"https:\/\/gastronomicament.cat\/es\/wp-json\/wp\/v2\/coauthors?post=65753"}],"curies":[{"name":"wp","href":"https:\/\/api.w.org\/{rel}","templated":true}]}}