{"id":66750,"date":"2018-11-07T10:20:54","date_gmt":"2018-11-07T09:20:54","guid":{"rendered":"https:\/\/gastronomicament.cat\/una-gran-i-suculenta-fira-de-la-carabassa-us-espera-a-muro"},"modified":"2022-04-09T10:05:40","modified_gmt":"2022-04-09T08:05:40","slug":"una-gran-i-suculenta-fira-de-la-carabassa-us-espera-a-muro","status":"publish","type":"post","link":"https:\/\/gastronomicament.cat\/es\/una-gran-i-suculenta-fira-de-la-carabassa-us-espera-a-muro","title":{"rendered":"Una gran i suculenta Fira de la Carabassa us espera a Muro"},"content":{"rendered":"<blockquote><p><em>Els actes es fan del 8 a l&#8217;11 de novembre de 2018<\/em><\/p><\/blockquote>\n<p>El programa de la Fira de la Carabassa arriba ben carregat de propostes, una oferta ben entretinguda i, alhora suculenta organitzada per l&#8217;Ajuntament de Muro amb el suport d&#8217;entitats de la vila i dels ve\u00efnats\u00a0<strong>del 8 a l&#8217;11 de novembre<\/strong>, on hi trobareu\u00a0<strong>Ruta de Tapes<\/strong>,\u00a0<strong>Tast de Vi<\/strong>,<strong>\u00a0Ruta Gastron\u00f2mica\u00a0<\/strong>i la<strong>\u00a0Fira<\/strong>. De fet, el batle de Muro,\u00a0<strong>Mart\u00ed Forn\u00e9s<\/strong>, i el regidor de Fires,\u00a0<strong>Jos\u00e9 Juan Aguil\u00f3<\/strong>, us conviden a passar un cap de setmana ben entretingut a Muro.<\/p>\n<p>Els actes comencen el\u00a0<strong>dijous, 8<\/strong>, amb la xerrada de la Dra. Caterina Valriu sobre la\u00a0<strong>Cuina popular de Mallorca<\/strong>\u00a0(a trav\u00e9s de les rondalles mallorquines), que tendr\u00e0 lloc a la Biblioteca, a les 18.30 hores.<\/p>\n<p>Divendres,<strong>\u00a09 de novembre<\/strong>\u00a0hi haur\u00e0 la\u00a0<strong>Ruta de Tapes<\/strong>\u00a0que oferir\u00e0, a partir de les 21 hores, les creacions culin\u00e0ries de\u00a0<strong>6 restaurants<\/strong>\u00a0de Muro, que pots rec\u00f3rrer amb el\u00a0<strong>minitren\u00a0<\/strong>que s&#8217;ha previst per a l&#8217;ocasi\u00f3. Els restaurants que hi participen s\u00f3n Nou Can Palau, Bar Son Moro, Bar Cosca, Le Chaval, Nou Poliesportiu i Restaurant Can Ribera by Zafiro.<\/p>\n<p>La carabassa \u00e9s l&#8217;element m\u00e9s caracter\u00edstic de la Fira de Tardor de Muro, i per aquesta contrada se&#8217;n fan de bones. Per aix\u00f2, hi haur\u00e0 activitats que tenen aquesta hortalissa com a protagonista. Per exemple, el<strong>\u00a0dissabte 10 de novembre<\/strong>, hi haur\u00e0 un\u00a0<strong>taller de llanternes<\/strong>\u00a0organitzat pels Dimonis de sa Pedrera, a les 10.30 h, a la Pla\u00e7a dels Abeuradors, que en cas de ploure es far\u00e0 al mercat cobert. A la mateixa hora, hi haur\u00e0 una confer\u00e8ncia sobre el\u00a0<strong>conreu i \u00fas de la carabassa a Muro<\/strong>\u00a0(del Pa\u00eds Valenci\u00e0), un acte ben interessant que inclour\u00e0 un tast de productes valencians i que est\u00e0 organitzat per la Societat Gastron\u00f2mica de Muro d&#8217;Alcoi. La ja tradicional<strong>\u00a0process\u00f3 de llanternes<\/strong>\u00a0es far\u00e0 el mateix dissabte, a les 17.30 hores, acompanyats pels Renovers de sa Pedrera i recorrer\u00e0 la Pla\u00e7a Comte d\u2019Emp\u00faries, el carrer Bisbe Albert\u00ed, la Pla\u00e7a de Sant Mart\u00ed, el carrer de Miquel Tortell, el carrer Martorell i la Pla\u00e7a Comte d\u2019Emp\u00faries.<\/p>\n<p>Com a terra de bon vi, Muro organitz\u00e0 la 13a edici\u00f3 del<strong>\u00a0Tast de Vi<\/strong>\u00a0una cita que se celebra el<strong>\u00a0dissabte 10<\/strong>, al bell<strong>\u00a0Claustre del Convent, de 18 a 21.30 h<\/strong>, en qu\u00e8 hi seran presents una desena de cellers com Butxet, Can Axartell, Son Ramon, 7103 Petit Celler, Antonio Nadal Ros Bodegas &amp; Vi\u00f1edos, Jaume de Puntir\u00f3, Binigrau, Sebasti\u00e0 Pastor, Ca sa Padrina i Bodegas Bilbainas.<\/p>\n<p>Per\u00f2 encara n&#8217;hi ha m\u00e9s perqu\u00e8\u00a0<strong>tamb\u00e9 el dissabte\u00a0<\/strong>hi haur\u00e0 la\u00a0<strong>Ruta Gastron\u00f2mica amb Cuina de Carabassa<\/strong>. A partir de les 21 h, 8 restaurants oferiran una degustaci\u00f3 de la gastronomia murera amb plats elaborats amb carabassa. A continuaci\u00f3 en teniu les propostes:\u00b7<\/p>\n<p><strong>Nou Ca&#8217;n Palau<\/strong><\/p>\n<ul>\n<li>Bacall\u00e0 amb tombet de salsa de carabassa i altres plats<\/li>\n<li>Ensa\u00efmada de carabassa<\/li>\n<\/ul>\n<p>Reserves: 605 327 488<\/p>\n<p><strong>Restaurant Le Cheval<\/strong><\/p>\n<ul>\n<li>Crema de carabassa amb curri i llet de coco<\/li>\n<li>Past\u00eds de carabassa i verdures<\/li>\n<li>Gambes a la planxa<\/li>\n<li>Broqueta de pollastre amb carabassa i bac\u00f3 amb confitura de carabassa<\/li>\n<li>Pur\u00e9 violeta amb vieres caramel\u00b7litzades i mousse de carabassa<\/li>\n<li>Postre sorpresa de carabassa<\/li>\n<\/ul>\n<p>Reserves: 971 537 471<\/p>\n<p><strong>Nou Bar Poliesportiu\u00a0<\/strong><\/p>\n<ul>\n<li>Carta especial Fira de la Carabassa.<\/li>\n<\/ul>\n<p>Reserves: 971 86 23 77<\/p>\n<p><strong>Restaurant sa Fonda\u00a0<\/strong><\/p>\n<ul>\n<li>Bufet especial Fira<\/li>\n<\/ul>\n<p>Reserves: 971 53 79 65<\/p>\n<p><strong>Freiduria Can Bernat\u00a0<\/strong><\/p>\n<ul>\n<li>Bacall\u00e0 a la mallorquina amb xerop de carabassa i guarnici\u00f3<\/li>\n<li>Calamar a la planxa amb guarnici\u00f3<\/li>\n<li>Bra\u00e7 de me amb arr\u00f2s salvatge, bolets i fruits secs<\/li>\n<li>Entrecot d&#8217;Angus amb guarnici\u00f3<\/li>\n<li>Costellam de porc ib\u00e8ric amb salsa de Pedro Ximenes i guarnici\u00f3<\/li>\n<li>Coca de carabassa amb xocolata<\/li>\n<\/ul>\n<p>Reserves: 699 690 121<\/p>\n<p><strong>Restaurant Can Ribera by Zafiro\u00a0<\/strong><\/p>\n<ul>\n<li>Galtes confitades amb pur\u00e9 de carabassa<\/li>\n<li>Frit de verdures amb carabassa<\/li>\n<li>Bra\u00e7 de me dessossat a baixa temperatura<\/li>\n<li>Bacall\u00e0 a la mallorquina<\/li>\n<li>I altres plats<\/li>\n<\/ul>\n<p>Reserves: 971 53 73 65<\/p>\n<p><strong>Bar 6 Tons<\/strong><\/p>\n<ul>\n<li>Especial sopar Fira de Tardor: Grill: mitjana (xulet\u00f3n), rellom, pollastre<\/li>\n<li>Men\u00fa infantil<\/li>\n<li>Postres: Past\u00eds de carabassa<\/li>\n<\/ul>\n<p><strong>Bar Cosca<\/strong><\/p>\n<ul>\n<li>Variats o frits amb reserva pr\u00e8via<\/li>\n<li>Men\u00fa infantil amb reserva pr\u00e8via<\/li>\n<\/ul>\n<p>Reserves: 655 514 257 \/ 971 53 71 13<\/p>\n<p>I encara hi ha m\u00e9s trull perqu\u00e8 el\u00a0<strong>diumenge 11 de novembre<\/strong>\u00a0se celebra la tradicional\u00a0<strong>Fira de la Carabassa<\/strong>, on hi trobareu paradetes, artesania, exhibicions, a m\u00e9s de\u00a0<strong>degustacions de productes de carabassa<\/strong>\u00a0fets pel\u00a0<strong>Forn Cal Rei<\/strong>, que oferir\u00e0 ensa\u00efmada de carabassa; i del\u00a0<strong>Forn Can Moroto<\/strong>, que tendr\u00e0 cremadillos de carabassa; a l&#8217;esplanada de davant l&#8217;Ajuntament. A m\u00e9s del\u00a0<strong>Concurs de Carabasses<\/strong>, una competici\u00f3 oberta a tothom en la qual hi haur\u00e0 dues categories, la carabassa aut\u00f2ctona m\u00e9s feixuga (<em>caracter\u00edstiques de la carabassa aut\u00f2ctona: Forma: esf\u00e8rica (rodona) per\u00f2 aplanada del capoll a la flor (l\u2019ull), presenta l\u2019entorn acostellat.Color:gris clar. Textura: de pell dura i fina al tacte. No ha de presentar berrugues<\/em>) i la carabassa no aut\u00f2ctona m\u00e9s feixuga.<\/p>\n<p>Consultau-ne el programa complet a:\u00a0<a href=\"https:\/\/gastronomicament.cat\/wp-content\/uploads\/2018\/11\/Fira-de-la-Carabassa-Muro-2018.pdf\">https:\/\/gastronomicament.cat\/wp-content\/uploads\/2018\/11\/Fira-de-la-Carabassa-Muro-2018.pdf<\/a><\/p>\n","protected":false},"excerpt":{"rendered":"<p>El programa de la Fira de la Carabassa arriba ben carregat de propostes, una oferta ben&hellip;<\/p>\n","protected":false},"author":1,"featured_media":41287,"comment_status":"open","ping_status":"closed","sticky":false,"template":"","format":"gallery","meta":{"_acf_changed":false,"_swt_meta_header_display":false,"_swt_meta_footer_display":false,"_swt_meta_site_title_display":false,"_swt_meta_sticky_header":false,"_swt_meta_transparent_header":false,"footnotes":""},"categories":[1003,1004],"tags":[],"coauthors":[],"class_list":["post-66750","post","type-post","status-publish","format-gallery","has-post-thumbnail","hentry","category-actualitat-es","category-fires-i-rutes-es","post_format-post-format-gallery"],"acf":{"gallery":null,"home_date":{"home_begin_date":null,"home_end_date":null}},"yoast_head":"<!-- This site is optimized with the Yoast SEO plugin v27.4 - https:\/\/yoast.com\/product\/yoast-seo-wordpress\/ -->\n<title>Una gran i suculenta Fira de la Carabassa us espera a Muro - Gastron\u00f2micament<\/title>\n<meta name=\"description\" content=\"Una gran i suculenta Fira de la Carabassa us espera a Muro Actualitat, Fires i rutes El programa de la Fira de la Carabassa arriba ben carregat de propostes, una oferta ben entretinguda i, alhora suculenta organitzada per l&#039;Ajuntament de Muro amb el suport d&#039;entitats de la vila i dels ve\u00efnats\u00a0del 8 a l&#039;11 de novembre, on hi trobareu\u00a0Ruta de Tapes,\u00a0Tast de Vi,\u00a0Ruta Gastron\u00f2mica\u00a0i la\u00a0Fira\" \/>\n<meta name=\"robots\" content=\"index, follow, max-snippet:-1, max-image-preview:large, max-video-preview:-1\" \/>\n<link rel=\"canonical\" href=\"https:\/\/gastronomicament.cat\/es\/una-gran-i-suculenta-fira-de-la-carabassa-us-espera-a-muro\" \/>\n<meta property=\"og:locale\" content=\"es_ES\" \/>\n<meta property=\"og:type\" content=\"article\" \/>\n<meta property=\"og:title\" content=\"Una gran i suculenta Fira de la Carabassa us espera a Muro - Gastron\u00f2micament\" \/>\n<meta property=\"og:description\" content=\"Una gran i suculenta Fira de la Carabassa us espera a Muro Actualitat, Fires i rutes El programa de la Fira de la Carabassa arriba ben carregat de propostes, una oferta ben entretinguda i, alhora suculenta organitzada per l&#039;Ajuntament de Muro amb el suport d&#039;entitats de la vila i dels ve\u00efnats\u00a0del 8 a l&#039;11 de novembre, on hi trobareu\u00a0Ruta de Tapes,\u00a0Tast de Vi,\u00a0Ruta Gastron\u00f2mica\u00a0i la\u00a0Fira\" \/>\n<meta property=\"og:url\" content=\"https:\/\/gastronomicament.cat\/es\/una-gran-i-suculenta-fira-de-la-carabassa-us-espera-a-muro\" \/>\n<meta property=\"og:site_name\" content=\"Gastron\u00f2micament\" \/>\n<meta property=\"article:published_time\" content=\"2018-11-07T09:20:54+00:00\" \/>\n<meta property=\"article:modified_time\" content=\"2022-04-09T08:05:40+00:00\" \/>\n<meta property=\"og:image\" content=\"https:\/\/gastronomicament.cat\/wp-content\/uploads\/2018\/11\/Fira-de-Tardor-de-Muro-2018.jpg\" \/>\n\t<meta property=\"og:image:width\" content=\"790\" \/>\n\t<meta property=\"og:image:height\" content=\"470\" \/>\n\t<meta property=\"og:image:type\" content=\"image\/jpeg\" \/>\n<meta name=\"author\" content=\"Redacci\u00f3\" \/>\n<meta name=\"twitter:card\" content=\"summary_large_image\" \/>\n<meta name=\"twitter:creator\" content=\"@gastronomicamen\" \/>\n<meta name=\"twitter:site\" content=\"@gastronomicamen\" \/>\n<meta name=\"twitter:label1\" content=\"Escrito por\" \/>\n\t<meta name=\"twitter:data1\" content=\"Redacci\u00f3\" \/>\n\t<meta name=\"twitter:label2\" content=\"Tiempo de lectura\" \/>\n\t<meta name=\"twitter:data2\" content=\"4 minutos\" \/>\n\t<meta name=\"twitter:label3\" content=\"Written by\" \/>\n\t<meta name=\"twitter:data3\" content=\"Redacci\u00f3\" \/>\n<script type=\"application\/ld+json\" class=\"yoast-schema-graph\">{\"@context\":\"https:\\\/\\\/schema.org\",\"@graph\":[{\"@type\":\"Article\",\"@id\":\"https:\\\/\\\/gastronomicament.cat\\\/es\\\/una-gran-i-suculenta-fira-de-la-carabassa-us-espera-a-muro#article\",\"isPartOf\":{\"@id\":\"https:\\\/\\\/gastronomicament.cat\\\/es\\\/una-gran-i-suculenta-fira-de-la-carabassa-us-espera-a-muro\"},\"author\":{\"name\":\"Redacci\u00f3\",\"@id\":\"https:\\\/\\\/gastronomicament.cat\\\/es\\\/#\\\/schema\\\/person\\\/a7c85c537a1ed62799a5b8e0f686a37f\"},\"headline\":\"Una gran i suculenta Fira de la Carabassa us espera a Muro\",\"datePublished\":\"2018-11-07T09:20:54+00:00\",\"dateModified\":\"2022-04-09T08:05:40+00:00\",\"mainEntityOfPage\":{\"@id\":\"https:\\\/\\\/gastronomicament.cat\\\/es\\\/una-gran-i-suculenta-fira-de-la-carabassa-us-espera-a-muro\"},\"wordCount\":837,\"commentCount\":0,\"publisher\":{\"@id\":\"https:\\\/\\\/gastronomicament.cat\\\/es\\\/#organization\"},\"image\":{\"@id\":\"https:\\\/\\\/gastronomicament.cat\\\/es\\\/una-gran-i-suculenta-fira-de-la-carabassa-us-espera-a-muro#primaryimage\"},\"thumbnailUrl\":\"https:\\\/\\\/gastronomicament.cat\\\/wp-content\\\/uploads\\\/2018\\\/11\\\/Fira-de-Tardor-de-Muro-2018.jpg\",\"articleSection\":[\"Actualitat\",\"Fires i rutes\"],\"inLanguage\":\"es\",\"potentialAction\":[{\"@type\":\"CommentAction\",\"name\":\"Comment\",\"target\":[\"https:\\\/\\\/gastronomicament.cat\\\/es\\\/una-gran-i-suculenta-fira-de-la-carabassa-us-espera-a-muro#respond\"]}]},{\"@type\":\"WebPage\",\"@id\":\"https:\\\/\\\/gastronomicament.cat\\\/es\\\/una-gran-i-suculenta-fira-de-la-carabassa-us-espera-a-muro\",\"url\":\"https:\\\/\\\/gastronomicament.cat\\\/es\\\/una-gran-i-suculenta-fira-de-la-carabassa-us-espera-a-muro\",\"name\":\"Una gran i suculenta Fira de la Carabassa us espera a Muro - Gastron\u00f2micament\",\"isPartOf\":{\"@id\":\"https:\\\/\\\/gastronomicament.cat\\\/es\\\/#website\"},\"primaryImageOfPage\":{\"@id\":\"https:\\\/\\\/gastronomicament.cat\\\/es\\\/una-gran-i-suculenta-fira-de-la-carabassa-us-espera-a-muro#primaryimage\"},\"image\":{\"@id\":\"https:\\\/\\\/gastronomicament.cat\\\/es\\\/una-gran-i-suculenta-fira-de-la-carabassa-us-espera-a-muro#primaryimage\"},\"thumbnailUrl\":\"https:\\\/\\\/gastronomicament.cat\\\/wp-content\\\/uploads\\\/2018\\\/11\\\/Fira-de-Tardor-de-Muro-2018.jpg\",\"datePublished\":\"2018-11-07T09:20:54+00:00\",\"dateModified\":\"2022-04-09T08:05:40+00:00\",\"description\":\"Una gran i suculenta Fira de la Carabassa us espera a Muro Actualitat, Fires i rutes El programa de la Fira de la Carabassa arriba ben carregat de propostes, una oferta ben entretinguda i, alhora suculenta organitzada per l'Ajuntament de Muro amb el suport d'entitats de la vila i dels ve\u00efnats\u00a0del 8 a l'11 de novembre, on hi trobareu\u00a0Ruta de Tapes,\u00a0Tast de Vi,\u00a0Ruta Gastron\u00f2mica\u00a0i la\u00a0Fira\",\"inLanguage\":\"es\",\"potentialAction\":[{\"@type\":\"ReadAction\",\"target\":[\"https:\\\/\\\/gastronomicament.cat\\\/es\\\/una-gran-i-suculenta-fira-de-la-carabassa-us-espera-a-muro\"]}]},{\"@type\":\"ImageObject\",\"inLanguage\":\"es\",\"@id\":\"https:\\\/\\\/gastronomicament.cat\\\/es\\\/una-gran-i-suculenta-fira-de-la-carabassa-us-espera-a-muro#primaryimage\",\"url\":\"https:\\\/\\\/gastronomicament.cat\\\/wp-content\\\/uploads\\\/2018\\\/11\\\/Fira-de-Tardor-de-Muro-2018.jpg\",\"contentUrl\":\"https:\\\/\\\/gastronomicament.cat\\\/wp-content\\\/uploads\\\/2018\\\/11\\\/Fira-de-Tardor-de-Muro-2018.jpg\",\"width\":790,\"height\":470},{\"@type\":\"WebSite\",\"@id\":\"https:\\\/\\\/gastronomicament.cat\\\/es\\\/#website\",\"url\":\"https:\\\/\\\/gastronomicament.cat\\\/es\\\/\",\"name\":\"Gastron\u00f2micament\",\"description\":\"Portal de restaurants, receptes i actualitat gastron\u00f2mica\",\"publisher\":{\"@id\":\"https:\\\/\\\/gastronomicament.cat\\\/es\\\/#organization\"},\"potentialAction\":[{\"@type\":\"SearchAction\",\"target\":{\"@type\":\"EntryPoint\",\"urlTemplate\":\"https:\\\/\\\/gastronomicament.cat\\\/es\\\/?s={search_term_string}\"},\"query-input\":{\"@type\":\"PropertyValueSpecification\",\"valueRequired\":true,\"valueName\":\"search_term_string\"}}],\"inLanguage\":\"es\"},{\"@type\":\"Organization\",\"@id\":\"https:\\\/\\\/gastronomicament.cat\\\/es\\\/#organization\",\"name\":\"Gastron\u00f2micament\",\"url\":\"https:\\\/\\\/gastronomicament.cat\\\/es\\\/\",\"logo\":{\"@type\":\"ImageObject\",\"inLanguage\":\"es\",\"@id\":\"https:\\\/\\\/gastronomicament.cat\\\/es\\\/#\\\/schema\\\/logo\\\/image\\\/\",\"url\":\"https:\\\/\\\/gastronomicament.cat\\\/wp-content\\\/uploads\\\/2016\\\/09\\\/header-logo.jpg\",\"contentUrl\":\"https:\\\/\\\/gastronomicament.cat\\\/wp-content\\\/uploads\\\/2016\\\/09\\\/header-logo.jpg\",\"width\":277,\"height\":39,\"caption\":\"Gastron\u00f2micament\"},\"image\":{\"@id\":\"https:\\\/\\\/gastronomicament.cat\\\/es\\\/#\\\/schema\\\/logo\\\/image\\\/\"},\"sameAs\":[\"https:\\\/\\\/x.com\\\/gastronomicamen\"]},{\"@type\":\"Person\",\"@id\":\"https:\\\/\\\/gastronomicament.cat\\\/es\\\/#\\\/schema\\\/person\\\/a7c85c537a1ed62799a5b8e0f686a37f\",\"name\":\"Redacci\u00f3\",\"image\":{\"@type\":\"ImageObject\",\"inLanguage\":\"es\",\"@id\":\"https:\\\/\\\/secure.gravatar.com\\\/avatar\\\/9489a485c464fd611d33825daae651d13db70c4e74c65c94937a15a9d4c3ee14?s=96&d=mm&r=g69fea3cce3645dfa2166e7293e22955e\",\"url\":\"https:\\\/\\\/secure.gravatar.com\\\/avatar\\\/9489a485c464fd611d33825daae651d13db70c4e74c65c94937a15a9d4c3ee14?s=96&d=mm&r=g\",\"contentUrl\":\"https:\\\/\\\/secure.gravatar.com\\\/avatar\\\/9489a485c464fd611d33825daae651d13db70c4e74c65c94937a15a9d4c3ee14?s=96&d=mm&r=g\",\"caption\":\"Redacci\u00f3\"},\"sameAs\":[\"http:\\\/\\\/gastronomicament.cat\"],\"url\":\"https:\\\/\\\/gastronomicament.cat\\\/es\\\/author\\\/admin\"}]}<\/script>\n<!-- \/ Yoast SEO plugin. -->","yoast_head_json":{"title":"Una gran i suculenta Fira de la Carabassa us espera a Muro - Gastron\u00f2micament","description":"Una gran i suculenta Fira de la Carabassa us espera a Muro Actualitat, Fires i rutes El programa de la Fira de la Carabassa arriba ben carregat de propostes, una oferta ben entretinguda i, alhora suculenta organitzada per l'Ajuntament de Muro amb el suport d'entitats de la vila i dels ve\u00efnats\u00a0del 8 a l'11 de novembre, on hi trobareu\u00a0Ruta de Tapes,\u00a0Tast de Vi,\u00a0Ruta Gastron\u00f2mica\u00a0i la\u00a0Fira","robots":{"index":"index","follow":"follow","max-snippet":"max-snippet:-1","max-image-preview":"max-image-preview:large","max-video-preview":"max-video-preview:-1"},"canonical":"https:\/\/gastronomicament.cat\/es\/una-gran-i-suculenta-fira-de-la-carabassa-us-espera-a-muro","og_locale":"es_ES","og_type":"article","og_title":"Una gran i suculenta Fira de la Carabassa us espera a Muro - Gastron\u00f2micament","og_description":"Una gran i suculenta Fira de la Carabassa us espera a Muro Actualitat, Fires i rutes El programa de la Fira de la Carabassa arriba ben carregat de propostes, una oferta ben entretinguda i, alhora suculenta organitzada per l'Ajuntament de Muro amb el suport d'entitats de la vila i dels ve\u00efnats\u00a0del 8 a l'11 de novembre, on hi trobareu\u00a0Ruta de Tapes,\u00a0Tast de Vi,\u00a0Ruta Gastron\u00f2mica\u00a0i la\u00a0Fira","og_url":"https:\/\/gastronomicament.cat\/es\/una-gran-i-suculenta-fira-de-la-carabassa-us-espera-a-muro","og_site_name":"Gastron\u00f2micament","article_published_time":"2018-11-07T09:20:54+00:00","article_modified_time":"2022-04-09T08:05:40+00:00","og_image":[{"width":790,"height":470,"url":"https:\/\/gastronomicament.cat\/wp-content\/uploads\/2018\/11\/Fira-de-Tardor-de-Muro-2018.jpg","type":"image\/jpeg"}],"author":"Redacci\u00f3","twitter_card":"summary_large_image","twitter_creator":"@gastronomicamen","twitter_site":"@gastronomicamen","twitter_misc":{"Escrito por":"Redacci\u00f3","Tiempo de lectura":"4 minutos","Written by":"Redacci\u00f3"},"schema":{"@context":"https:\/\/schema.org","@graph":[{"@type":"Article","@id":"https:\/\/gastronomicament.cat\/es\/una-gran-i-suculenta-fira-de-la-carabassa-us-espera-a-muro#article","isPartOf":{"@id":"https:\/\/gastronomicament.cat\/es\/una-gran-i-suculenta-fira-de-la-carabassa-us-espera-a-muro"},"author":{"name":"Redacci\u00f3","@id":"https:\/\/gastronomicament.cat\/es\/#\/schema\/person\/a7c85c537a1ed62799a5b8e0f686a37f"},"headline":"Una gran i suculenta Fira de la Carabassa us espera a Muro","datePublished":"2018-11-07T09:20:54+00:00","dateModified":"2022-04-09T08:05:40+00:00","mainEntityOfPage":{"@id":"https:\/\/gastronomicament.cat\/es\/una-gran-i-suculenta-fira-de-la-carabassa-us-espera-a-muro"},"wordCount":837,"commentCount":0,"publisher":{"@id":"https:\/\/gastronomicament.cat\/es\/#organization"},"image":{"@id":"https:\/\/gastronomicament.cat\/es\/una-gran-i-suculenta-fira-de-la-carabassa-us-espera-a-muro#primaryimage"},"thumbnailUrl":"https:\/\/gastronomicament.cat\/wp-content\/uploads\/2018\/11\/Fira-de-Tardor-de-Muro-2018.jpg","articleSection":["Actualitat","Fires i rutes"],"inLanguage":"es","potentialAction":[{"@type":"CommentAction","name":"Comment","target":["https:\/\/gastronomicament.cat\/es\/una-gran-i-suculenta-fira-de-la-carabassa-us-espera-a-muro#respond"]}]},{"@type":"WebPage","@id":"https:\/\/gastronomicament.cat\/es\/una-gran-i-suculenta-fira-de-la-carabassa-us-espera-a-muro","url":"https:\/\/gastronomicament.cat\/es\/una-gran-i-suculenta-fira-de-la-carabassa-us-espera-a-muro","name":"Una gran i suculenta Fira de la Carabassa us espera a Muro - Gastron\u00f2micament","isPartOf":{"@id":"https:\/\/gastronomicament.cat\/es\/#website"},"primaryImageOfPage":{"@id":"https:\/\/gastronomicament.cat\/es\/una-gran-i-suculenta-fira-de-la-carabassa-us-espera-a-muro#primaryimage"},"image":{"@id":"https:\/\/gastronomicament.cat\/es\/una-gran-i-suculenta-fira-de-la-carabassa-us-espera-a-muro#primaryimage"},"thumbnailUrl":"https:\/\/gastronomicament.cat\/wp-content\/uploads\/2018\/11\/Fira-de-Tardor-de-Muro-2018.jpg","datePublished":"2018-11-07T09:20:54+00:00","dateModified":"2022-04-09T08:05:40+00:00","description":"Una gran i suculenta Fira de la Carabassa us espera a Muro Actualitat, Fires i rutes El programa de la Fira de la Carabassa arriba ben carregat de propostes, una oferta ben entretinguda i, alhora suculenta organitzada per l'Ajuntament de Muro amb el suport d'entitats de la vila i dels ve\u00efnats\u00a0del 8 a l'11 de novembre, on hi trobareu\u00a0Ruta de Tapes,\u00a0Tast de Vi,\u00a0Ruta Gastron\u00f2mica\u00a0i la\u00a0Fira","inLanguage":"es","potentialAction":[{"@type":"ReadAction","target":["https:\/\/gastronomicament.cat\/es\/una-gran-i-suculenta-fira-de-la-carabassa-us-espera-a-muro"]}]},{"@type":"ImageObject","inLanguage":"es","@id":"https:\/\/gastronomicament.cat\/es\/una-gran-i-suculenta-fira-de-la-carabassa-us-espera-a-muro#primaryimage","url":"https:\/\/gastronomicament.cat\/wp-content\/uploads\/2018\/11\/Fira-de-Tardor-de-Muro-2018.jpg","contentUrl":"https:\/\/gastronomicament.cat\/wp-content\/uploads\/2018\/11\/Fira-de-Tardor-de-Muro-2018.jpg","width":790,"height":470},{"@type":"WebSite","@id":"https:\/\/gastronomicament.cat\/es\/#website","url":"https:\/\/gastronomicament.cat\/es\/","name":"Gastron\u00f2micament","description":"Portal de restaurants, receptes i actualitat gastron\u00f2mica","publisher":{"@id":"https:\/\/gastronomicament.cat\/es\/#organization"},"potentialAction":[{"@type":"SearchAction","target":{"@type":"EntryPoint","urlTemplate":"https:\/\/gastronomicament.cat\/es\/?s={search_term_string}"},"query-input":{"@type":"PropertyValueSpecification","valueRequired":true,"valueName":"search_term_string"}}],"inLanguage":"es"},{"@type":"Organization","@id":"https:\/\/gastronomicament.cat\/es\/#organization","name":"Gastron\u00f2micament","url":"https:\/\/gastronomicament.cat\/es\/","logo":{"@type":"ImageObject","inLanguage":"es","@id":"https:\/\/gastronomicament.cat\/es\/#\/schema\/logo\/image\/","url":"https:\/\/gastronomicament.cat\/wp-content\/uploads\/2016\/09\/header-logo.jpg","contentUrl":"https:\/\/gastronomicament.cat\/wp-content\/uploads\/2016\/09\/header-logo.jpg","width":277,"height":39,"caption":"Gastron\u00f2micament"},"image":{"@id":"https:\/\/gastronomicament.cat\/es\/#\/schema\/logo\/image\/"},"sameAs":["https:\/\/x.com\/gastronomicamen"]},{"@type":"Person","@id":"https:\/\/gastronomicament.cat\/es\/#\/schema\/person\/a7c85c537a1ed62799a5b8e0f686a37f","name":"Redacci\u00f3","image":{"@type":"ImageObject","inLanguage":"es","@id":"https:\/\/secure.gravatar.com\/avatar\/9489a485c464fd611d33825daae651d13db70c4e74c65c94937a15a9d4c3ee14?s=96&d=mm&r=g69fea3cce3645dfa2166e7293e22955e","url":"https:\/\/secure.gravatar.com\/avatar\/9489a485c464fd611d33825daae651d13db70c4e74c65c94937a15a9d4c3ee14?s=96&d=mm&r=g","contentUrl":"https:\/\/secure.gravatar.com\/avatar\/9489a485c464fd611d33825daae651d13db70c4e74c65c94937a15a9d4c3ee14?s=96&d=mm&r=g","caption":"Redacci\u00f3"},"sameAs":["http:\/\/gastronomicament.cat"],"url":"https:\/\/gastronomicament.cat\/es\/author\/admin"}]}},"_links":{"self":[{"href":"https:\/\/gastronomicament.cat\/es\/wp-json\/wp\/v2\/posts\/66750","targetHints":{"allow":["GET"]}}],"collection":[{"href":"https:\/\/gastronomicament.cat\/es\/wp-json\/wp\/v2\/posts"}],"about":[{"href":"https:\/\/gastronomicament.cat\/es\/wp-json\/wp\/v2\/types\/post"}],"author":[{"embeddable":true,"href":"https:\/\/gastronomicament.cat\/es\/wp-json\/wp\/v2\/users\/1"}],"replies":[{"embeddable":true,"href":"https:\/\/gastronomicament.cat\/es\/wp-json\/wp\/v2\/comments?post=66750"}],"version-history":[{"count":0,"href":"https:\/\/gastronomicament.cat\/es\/wp-json\/wp\/v2\/posts\/66750\/revisions"}],"wp:featuredmedia":[{"embeddable":true,"href":"https:\/\/gastronomicament.cat\/es\/wp-json\/wp\/v2\/media\/41287"}],"wp:attachment":[{"href":"https:\/\/gastronomicament.cat\/es\/wp-json\/wp\/v2\/media?parent=66750"}],"wp:term":[{"taxonomy":"category","embeddable":true,"href":"https:\/\/gastronomicament.cat\/es\/wp-json\/wp\/v2\/categories?post=66750"},{"taxonomy":"post_tag","embeddable":true,"href":"https:\/\/gastronomicament.cat\/es\/wp-json\/wp\/v2\/tags?post=66750"},{"taxonomy":"author","embeddable":true,"href":"https:\/\/gastronomicament.cat\/es\/wp-json\/wp\/v2\/coauthors?post=66750"}],"curies":[{"name":"wp","href":"https:\/\/api.w.org\/{rel}","templated":true}]}}