{"id":66807,"date":"2018-10-30T17:58:10","date_gmt":"2018-10-30T16:58:10","guid":{"rendered":"https:\/\/gastronomicament.cat\/marratxi-viu-una-fira-de-tardor-carregada-de-musica-ecologia-i-artesania"},"modified":"2022-04-09T10:05:58","modified_gmt":"2022-04-09T08:05:58","slug":"marratxi-viu-una-fira-de-tardor-carregada-de-musica-ecologia-i-artesania","status":"publish","type":"post","link":"https:\/\/gastronomicament.cat\/es\/marratxi-viu-una-fira-de-tardor-carregada-de-musica-ecologia-i-artesania","title":{"rendered":"Marratx\u00ed viu una Fira de Tardor carregada de m\u00fasica, ecologia i artesania"},"content":{"rendered":"<blockquote><p><em>Se celebra el diumenge, dia 4 de novembre, a partir de les 9 hores<\/em><\/p><\/blockquote>\n<p>L&#8217;arribada del fred sol coincidir amb la<strong>\u00a0Fira de Tardor de Marratx\u00ed<\/strong>, un municipi din\u00e0mic i viu encap\u00e7alat per Joan Francesc Canyelles, que convida a viure la 20a edici\u00f3 amb una programaci\u00f3 diversa i pensada per a tots els gustos i edats. El producte ecol\u00f2gic i artes\u00e0 \u00e9s el principal protagonista de la cita,que se celebra el<strong>\u00a0diumenge 4 de novembre<\/strong>, ja que hi haur\u00e0 una bona representaci\u00f3 d&#8217;aquest sector d&#8217;arreu de l&#8217;illa de Mallorca.<\/p>\n<p>A m\u00e9s a m\u00e9s,s&#8217;han preparat des de la regidoria de Fires i Festes novetats, concretament la incorporaci\u00f3 m\u00e9s<strong>\u00a0concerts i activitats musicals<\/strong>\u00a0que mai. Hi actuaran m\u00fasics destacats com\u00a0<strong>Marta Elka i Toni Pastor<\/strong>, hi haur\u00e0 el debut de l&#8217;orquestra de cambra\u00a0<strong>Biel Ensemble<\/strong>, swing amb<strong>\u00a0Stranger Swings<\/strong>; com tamb\u00e9 activitats per als m\u00e9s joves de la casa com el<strong>\u00a0taller de circ<\/strong>\u00a0i els<strong>\u00a0jocs d&#8217;habilitat<\/strong>\u00a0amb bamb\u00fa del\u00a0<strong>Circ Bove<\/strong>r. El menjar tamb\u00e9 hi ser\u00e0 ben present amb una selecci\u00f3 de<strong><em>\u00a0food trucks<\/em><\/strong>\u00a0que oferiran les seves especialitats al rotllo de Sant Mar\u00e7al.<\/p>\n<h4><strong>Programa de la Fira de Tardor de Marratx\u00ed 2018:<\/strong><\/h4>\n<ul>\n<li>9 h:\u00a0<strong>Inici\u00a0<\/strong>de la XX Fira de Tardor de Marratx\u00ed.<\/li>\n<li>9.30 h:La Ver\u00f2nica. Parc m\u00f2bil d\u2019<strong>Educaci\u00f3 Vi\u00e0ria<\/strong>, a c\u00e0rrec de la Policia Local de Marratx\u00ed.<\/li>\n<li>10 h: Sal\u00f3 Parroquial.\u00a0<strong>Mostra de canaris<\/strong>, de la m\u00e0 de l\u2019Associaci\u00f3<br \/>\nOrnitol\u00f2gica de Marratx\u00ed.<\/li>\n<li>10 h: Pla\u00e7a de Sant Mar\u00e7al.\u00a0<strong>Marta Elka i Toni Pastor en concert<\/strong>.<\/li>\n<li>10-13 h: Rotllo de Sant Mar\u00e7al.\u00a0<strong>Trobada de brodadores<\/strong><\/li>\n<li>10-14 h: Davant la pla\u00e7a de Sant Mar\u00e7al.\u00a0<strong>Demostraci\u00f3 de les escoles<br \/>\nmunicipals de Cer\u00e0mica, M\u00fasica i Xeremiers<\/strong>.<\/li>\n<li>10.30 h: Carrer Casa del Poble. Plantada de Gegants.<\/li>\n<li>11 h: IV\u00a0<strong>Trobada de Gegants<\/strong>, organitzada pels Geganters de Marratx\u00ed.<\/li>\n<li>11 h: Avinguda B\u00e0rbara de Ver\u00ed. Tallers a c\u00e0rrec de Leroy Merlin.<\/li>\n<li>11.-12.30 h:\u00a0<strong>Taller de transfer<\/strong>\u00a0(transfereix una imatge de fotograf\u00eda a fusta)<\/li>\n<li>12.30 &#8211; 14 h:\u00a0<strong>Pissarra infantil<\/strong>\u00a0(realitza la teva pr\u00f2pia pissarra decorativa). Inscripcions a:\u00a0<a href=\"http:\/\/www.comunidad.leroymerlin.es\/\">www.comunidad.leroymerlin.es<\/a>\u00a0<strong><br \/>\n<\/strong><\/li>\n<li>12 h: La Ver\u00f2nica. Exhibici\u00f3 d\u2019Obedi\u00e8ncia i Defensa canina.<\/li>\n<li>12.30 h: Esgl\u00e9sia de Sant Mar\u00e7al. Concert a c\u00e0rrec de la Biel Ensemble, que interpretar\u00e0 peces de Wolfgang Amadeus Mozart i d\u2019Heitor Villa-Lobos.<\/li>\n<li>12.30 h: Rotllo de Sant Mar\u00e7al.\u00a0<strong>Taller de circ i jocs d\u2019habilitats amb bamb\u00fa,\u00a0 amb el Circ Bover<\/strong>. Actuaci\u00f3 del Cat\u00e0leg d\u2019Activitats Culturals del Consell de Mallorca.<\/li>\n<li>14 h:\u00a0<strong>Batucada\u00a0<\/strong>a c\u00e0rrec de Kalemba Percussi\u00f3.<\/li>\n<li>14.30 h: Rotllo de Sant Mar\u00e7al. Queda a dinar als\u00a0<strong>foodtrucks\u00a0<\/strong>de la Fira mentre escoltes i balles\u00a0<strong>swing\u00a0<\/strong>amb el concert d\u2019<strong>Stranger Swings<\/strong>. Foodtrucks de la m\u00e0 de StreetFood Mallorca<\/li>\n<\/ul>\n","protected":false},"excerpt":{"rendered":"<p>Se celebra el diumenge, dia 4 de novembre, a partir de les 9 hores L&#8217;arribada del fred sol coincidir amb la\u00a0Fira de Tardor de Marratx\u00ed, un municipi din\u00e0mic i viu encap\u00e7alat per Joan Francesc Canyelles, que convida a viure la 20a edici\u00f3 amb una programaci\u00f3 diversa i pensada per a tots els gustos i edats. [&hellip;]<\/p>\n","protected":false},"author":1,"featured_media":41261,"comment_status":"open","ping_status":"closed","sticky":false,"template":"","format":"standard","meta":{"_acf_changed":false,"_swt_meta_header_display":false,"_swt_meta_footer_display":false,"_swt_meta_site_title_display":false,"_swt_meta_sticky_header":false,"_swt_meta_transparent_header":false,"footnotes":""},"categories":[1003,1004],"tags":[],"coauthors":[],"class_list":["post-66807","post","type-post","status-publish","format-standard","has-post-thumbnail","hentry","category-actualitat-es","category-fires-i-rutes-es"],"acf":{"gallery":null,"home_date":{"home_begin_date":null,"home_end_date":null}},"yoast_head":"<!-- This site is optimized with the Yoast SEO plugin v27.4 - https:\/\/yoast.com\/product\/yoast-seo-wordpress\/ -->\n<title>Marratx\u00ed viu una Fira de Tardor carregada de m\u00fasica, ecologia i artesania - Gastron\u00f2micament<\/title>\n<meta name=\"description\" content=\"Marratx\u00ed viu una Fira de Tardor carregada de m\u00fasica, ecologia i artesania Actualitat, Fires i rutes Se celebra el diumenge, dia 4 de novembre, a partir de les 9 hores L&#039;arribada del fred sol coincidir amb la\u00a0Fira de Tardor de Marratx\u00ed, un municipi\" \/>\n<meta name=\"robots\" content=\"index, follow, max-snippet:-1, max-image-preview:large, max-video-preview:-1\" \/>\n<link rel=\"canonical\" href=\"https:\/\/gastronomicament.cat\/es\/marratxi-viu-una-fira-de-tardor-carregada-de-musica-ecologia-i-artesania\" \/>\n<meta property=\"og:locale\" content=\"es_ES\" \/>\n<meta property=\"og:type\" content=\"article\" \/>\n<meta property=\"og:title\" content=\"Marratx\u00ed viu una Fira de Tardor carregada de m\u00fasica, ecologia i artesania - Gastron\u00f2micament\" \/>\n<meta property=\"og:description\" content=\"Marratx\u00ed viu una Fira de Tardor carregada de m\u00fasica, ecologia i artesania Actualitat, Fires i rutes Se celebra el diumenge, dia 4 de novembre, a partir de les 9 hores L&#039;arribada del fred sol coincidir amb la\u00a0Fira de Tardor de Marratx\u00ed, un municipi\" \/>\n<meta property=\"og:url\" content=\"https:\/\/gastronomicament.cat\/es\/marratxi-viu-una-fira-de-tardor-carregada-de-musica-ecologia-i-artesania\" \/>\n<meta property=\"og:site_name\" content=\"Gastron\u00f2micament\" \/>\n<meta property=\"article:published_time\" content=\"2018-10-30T16:58:10+00:00\" \/>\n<meta property=\"article:modified_time\" content=\"2022-04-09T08:05:58+00:00\" \/>\n<meta property=\"og:image\" content=\"https:\/\/gastronomicament.cat\/wp-content\/uploads\/2018\/10\/Fira-Tardor-Marratxi-2018.jpg\" \/>\n\t<meta property=\"og:image:width\" content=\"542\" \/>\n\t<meta property=\"og:image:height\" content=\"430\" \/>\n\t<meta property=\"og:image:type\" content=\"image\/jpeg\" \/>\n<meta name=\"author\" content=\"Redacci\u00f3\" \/>\n<meta name=\"twitter:card\" content=\"summary_large_image\" \/>\n<meta name=\"twitter:creator\" content=\"@gastronomicamen\" \/>\n<meta name=\"twitter:site\" content=\"@gastronomicamen\" \/>\n<meta name=\"twitter:label1\" content=\"Escrito por\" \/>\n\t<meta name=\"twitter:data1\" content=\"Redacci\u00f3\" \/>\n\t<meta name=\"twitter:label2\" content=\"Tiempo de lectura\" \/>\n\t<meta name=\"twitter:data2\" content=\"2 minutos\" \/>\n\t<meta name=\"twitter:label3\" content=\"Written by\" \/>\n\t<meta name=\"twitter:data3\" content=\"Redacci\u00f3\" \/>\n<script type=\"application\/ld+json\" class=\"yoast-schema-graph\">{\"@context\":\"https:\\\/\\\/schema.org\",\"@graph\":[{\"@type\":\"Article\",\"@id\":\"https:\\\/\\\/gastronomicament.cat\\\/es\\\/marratxi-viu-una-fira-de-tardor-carregada-de-musica-ecologia-i-artesania#article\",\"isPartOf\":{\"@id\":\"https:\\\/\\\/gastronomicament.cat\\\/es\\\/marratxi-viu-una-fira-de-tardor-carregada-de-musica-ecologia-i-artesania\"},\"author\":{\"name\":\"Redacci\u00f3\",\"@id\":\"https:\\\/\\\/gastronomicament.cat\\\/es\\\/#\\\/schema\\\/person\\\/a7c85c537a1ed62799a5b8e0f686a37f\"},\"headline\":\"Marratx\u00ed viu una Fira de Tardor carregada de m\u00fasica, ecologia i artesania\",\"datePublished\":\"2018-10-30T16:58:10+00:00\",\"dateModified\":\"2022-04-09T08:05:58+00:00\",\"mainEntityOfPage\":{\"@id\":\"https:\\\/\\\/gastronomicament.cat\\\/es\\\/marratxi-viu-una-fira-de-tardor-carregada-de-musica-ecologia-i-artesania\"},\"wordCount\":473,\"commentCount\":0,\"publisher\":{\"@id\":\"https:\\\/\\\/gastronomicament.cat\\\/es\\\/#organization\"},\"image\":{\"@id\":\"https:\\\/\\\/gastronomicament.cat\\\/es\\\/marratxi-viu-una-fira-de-tardor-carregada-de-musica-ecologia-i-artesania#primaryimage\"},\"thumbnailUrl\":\"https:\\\/\\\/gastronomicament.cat\\\/wp-content\\\/uploads\\\/2018\\\/10\\\/Fira-Tardor-Marratxi-2018.jpg\",\"articleSection\":[\"Actualitat\",\"Fires i rutes\"],\"inLanguage\":\"es\",\"potentialAction\":[{\"@type\":\"CommentAction\",\"name\":\"Comment\",\"target\":[\"https:\\\/\\\/gastronomicament.cat\\\/es\\\/marratxi-viu-una-fira-de-tardor-carregada-de-musica-ecologia-i-artesania#respond\"]}]},{\"@type\":\"WebPage\",\"@id\":\"https:\\\/\\\/gastronomicament.cat\\\/es\\\/marratxi-viu-una-fira-de-tardor-carregada-de-musica-ecologia-i-artesania\",\"url\":\"https:\\\/\\\/gastronomicament.cat\\\/es\\\/marratxi-viu-una-fira-de-tardor-carregada-de-musica-ecologia-i-artesania\",\"name\":\"Marratx\u00ed viu una Fira de Tardor carregada de m\u00fasica, ecologia i artesania - Gastron\u00f2micament\",\"isPartOf\":{\"@id\":\"https:\\\/\\\/gastronomicament.cat\\\/es\\\/#website\"},\"primaryImageOfPage\":{\"@id\":\"https:\\\/\\\/gastronomicament.cat\\\/es\\\/marratxi-viu-una-fira-de-tardor-carregada-de-musica-ecologia-i-artesania#primaryimage\"},\"image\":{\"@id\":\"https:\\\/\\\/gastronomicament.cat\\\/es\\\/marratxi-viu-una-fira-de-tardor-carregada-de-musica-ecologia-i-artesania#primaryimage\"},\"thumbnailUrl\":\"https:\\\/\\\/gastronomicament.cat\\\/wp-content\\\/uploads\\\/2018\\\/10\\\/Fira-Tardor-Marratxi-2018.jpg\",\"datePublished\":\"2018-10-30T16:58:10+00:00\",\"dateModified\":\"2022-04-09T08:05:58+00:00\",\"description\":\"Marratx\u00ed viu una Fira de Tardor carregada de m\u00fasica, ecologia i artesania Actualitat, Fires i rutes Se celebra el diumenge, dia 4 de novembre, a partir de les 9 hores L'arribada del fred sol coincidir amb la\u00a0Fira de Tardor de Marratx\u00ed, un municipi\",\"inLanguage\":\"es\",\"potentialAction\":[{\"@type\":\"ReadAction\",\"target\":[\"https:\\\/\\\/gastronomicament.cat\\\/es\\\/marratxi-viu-una-fira-de-tardor-carregada-de-musica-ecologia-i-artesania\"]}]},{\"@type\":\"ImageObject\",\"inLanguage\":\"es\",\"@id\":\"https:\\\/\\\/gastronomicament.cat\\\/es\\\/marratxi-viu-una-fira-de-tardor-carregada-de-musica-ecologia-i-artesania#primaryimage\",\"url\":\"https:\\\/\\\/gastronomicament.cat\\\/wp-content\\\/uploads\\\/2018\\\/10\\\/Fira-Tardor-Marratxi-2018.jpg\",\"contentUrl\":\"https:\\\/\\\/gastronomicament.cat\\\/wp-content\\\/uploads\\\/2018\\\/10\\\/Fira-Tardor-Marratxi-2018.jpg\",\"width\":542,\"height\":430},{\"@type\":\"WebSite\",\"@id\":\"https:\\\/\\\/gastronomicament.cat\\\/es\\\/#website\",\"url\":\"https:\\\/\\\/gastronomicament.cat\\\/es\\\/\",\"name\":\"Gastron\u00f2micament\",\"description\":\"Portal de restaurants, receptes i actualitat gastron\u00f2mica\",\"publisher\":{\"@id\":\"https:\\\/\\\/gastronomicament.cat\\\/es\\\/#organization\"},\"potentialAction\":[{\"@type\":\"SearchAction\",\"target\":{\"@type\":\"EntryPoint\",\"urlTemplate\":\"https:\\\/\\\/gastronomicament.cat\\\/es\\\/?s={search_term_string}\"},\"query-input\":{\"@type\":\"PropertyValueSpecification\",\"valueRequired\":true,\"valueName\":\"search_term_string\"}}],\"inLanguage\":\"es\"},{\"@type\":\"Organization\",\"@id\":\"https:\\\/\\\/gastronomicament.cat\\\/es\\\/#organization\",\"name\":\"Gastron\u00f2micament\",\"url\":\"https:\\\/\\\/gastronomicament.cat\\\/es\\\/\",\"logo\":{\"@type\":\"ImageObject\",\"inLanguage\":\"es\",\"@id\":\"https:\\\/\\\/gastronomicament.cat\\\/es\\\/#\\\/schema\\\/logo\\\/image\\\/\",\"url\":\"https:\\\/\\\/gastronomicament.cat\\\/wp-content\\\/uploads\\\/2016\\\/09\\\/header-logo.jpg\",\"contentUrl\":\"https:\\\/\\\/gastronomicament.cat\\\/wp-content\\\/uploads\\\/2016\\\/09\\\/header-logo.jpg\",\"width\":277,\"height\":39,\"caption\":\"Gastron\u00f2micament\"},\"image\":{\"@id\":\"https:\\\/\\\/gastronomicament.cat\\\/es\\\/#\\\/schema\\\/logo\\\/image\\\/\"},\"sameAs\":[\"https:\\\/\\\/x.com\\\/gastronomicamen\"]},{\"@type\":\"Person\",\"@id\":\"https:\\\/\\\/gastronomicament.cat\\\/es\\\/#\\\/schema\\\/person\\\/a7c85c537a1ed62799a5b8e0f686a37f\",\"name\":\"Redacci\u00f3\",\"image\":{\"@type\":\"ImageObject\",\"inLanguage\":\"es\",\"@id\":\"https:\\\/\\\/secure.gravatar.com\\\/avatar\\\/9489a485c464fd611d33825daae651d13db70c4e74c65c94937a15a9d4c3ee14?s=96&d=mm&r=g69fea3cce3645dfa2166e7293e22955e\",\"url\":\"https:\\\/\\\/secure.gravatar.com\\\/avatar\\\/9489a485c464fd611d33825daae651d13db70c4e74c65c94937a15a9d4c3ee14?s=96&d=mm&r=g\",\"contentUrl\":\"https:\\\/\\\/secure.gravatar.com\\\/avatar\\\/9489a485c464fd611d33825daae651d13db70c4e74c65c94937a15a9d4c3ee14?s=96&d=mm&r=g\",\"caption\":\"Redacci\u00f3\"},\"sameAs\":[\"http:\\\/\\\/gastronomicament.cat\"],\"url\":\"https:\\\/\\\/gastronomicament.cat\\\/es\\\/author\\\/admin\"}]}<\/script>\n<!-- \/ Yoast SEO plugin. -->","yoast_head_json":{"title":"Marratx\u00ed viu una Fira de Tardor carregada de m\u00fasica, ecologia i artesania - Gastron\u00f2micament","description":"Marratx\u00ed viu una Fira de Tardor carregada de m\u00fasica, ecologia i artesania Actualitat, Fires i rutes Se celebra el diumenge, dia 4 de novembre, a partir de les 9 hores L'arribada del fred sol coincidir amb la\u00a0Fira de Tardor de Marratx\u00ed, un municipi","robots":{"index":"index","follow":"follow","max-snippet":"max-snippet:-1","max-image-preview":"max-image-preview:large","max-video-preview":"max-video-preview:-1"},"canonical":"https:\/\/gastronomicament.cat\/es\/marratxi-viu-una-fira-de-tardor-carregada-de-musica-ecologia-i-artesania","og_locale":"es_ES","og_type":"article","og_title":"Marratx\u00ed viu una Fira de Tardor carregada de m\u00fasica, ecologia i artesania - Gastron\u00f2micament","og_description":"Marratx\u00ed viu una Fira de Tardor carregada de m\u00fasica, ecologia i artesania Actualitat, Fires i rutes Se celebra el diumenge, dia 4 de novembre, a partir de les 9 hores L'arribada del fred sol coincidir amb la\u00a0Fira de Tardor de Marratx\u00ed, un municipi","og_url":"https:\/\/gastronomicament.cat\/es\/marratxi-viu-una-fira-de-tardor-carregada-de-musica-ecologia-i-artesania","og_site_name":"Gastron\u00f2micament","article_published_time":"2018-10-30T16:58:10+00:00","article_modified_time":"2022-04-09T08:05:58+00:00","og_image":[{"width":542,"height":430,"url":"https:\/\/gastronomicament.cat\/wp-content\/uploads\/2018\/10\/Fira-Tardor-Marratxi-2018.jpg","type":"image\/jpeg"}],"author":"Redacci\u00f3","twitter_card":"summary_large_image","twitter_creator":"@gastronomicamen","twitter_site":"@gastronomicamen","twitter_misc":{"Escrito por":"Redacci\u00f3","Tiempo de lectura":"2 minutos","Written by":"Redacci\u00f3"},"schema":{"@context":"https:\/\/schema.org","@graph":[{"@type":"Article","@id":"https:\/\/gastronomicament.cat\/es\/marratxi-viu-una-fira-de-tardor-carregada-de-musica-ecologia-i-artesania#article","isPartOf":{"@id":"https:\/\/gastronomicament.cat\/es\/marratxi-viu-una-fira-de-tardor-carregada-de-musica-ecologia-i-artesania"},"author":{"name":"Redacci\u00f3","@id":"https:\/\/gastronomicament.cat\/es\/#\/schema\/person\/a7c85c537a1ed62799a5b8e0f686a37f"},"headline":"Marratx\u00ed viu una Fira de Tardor carregada de m\u00fasica, ecologia i artesania","datePublished":"2018-10-30T16:58:10+00:00","dateModified":"2022-04-09T08:05:58+00:00","mainEntityOfPage":{"@id":"https:\/\/gastronomicament.cat\/es\/marratxi-viu-una-fira-de-tardor-carregada-de-musica-ecologia-i-artesania"},"wordCount":473,"commentCount":0,"publisher":{"@id":"https:\/\/gastronomicament.cat\/es\/#organization"},"image":{"@id":"https:\/\/gastronomicament.cat\/es\/marratxi-viu-una-fira-de-tardor-carregada-de-musica-ecologia-i-artesania#primaryimage"},"thumbnailUrl":"https:\/\/gastronomicament.cat\/wp-content\/uploads\/2018\/10\/Fira-Tardor-Marratxi-2018.jpg","articleSection":["Actualitat","Fires i rutes"],"inLanguage":"es","potentialAction":[{"@type":"CommentAction","name":"Comment","target":["https:\/\/gastronomicament.cat\/es\/marratxi-viu-una-fira-de-tardor-carregada-de-musica-ecologia-i-artesania#respond"]}]},{"@type":"WebPage","@id":"https:\/\/gastronomicament.cat\/es\/marratxi-viu-una-fira-de-tardor-carregada-de-musica-ecologia-i-artesania","url":"https:\/\/gastronomicament.cat\/es\/marratxi-viu-una-fira-de-tardor-carregada-de-musica-ecologia-i-artesania","name":"Marratx\u00ed viu una Fira de Tardor carregada de m\u00fasica, ecologia i artesania - Gastron\u00f2micament","isPartOf":{"@id":"https:\/\/gastronomicament.cat\/es\/#website"},"primaryImageOfPage":{"@id":"https:\/\/gastronomicament.cat\/es\/marratxi-viu-una-fira-de-tardor-carregada-de-musica-ecologia-i-artesania#primaryimage"},"image":{"@id":"https:\/\/gastronomicament.cat\/es\/marratxi-viu-una-fira-de-tardor-carregada-de-musica-ecologia-i-artesania#primaryimage"},"thumbnailUrl":"https:\/\/gastronomicament.cat\/wp-content\/uploads\/2018\/10\/Fira-Tardor-Marratxi-2018.jpg","datePublished":"2018-10-30T16:58:10+00:00","dateModified":"2022-04-09T08:05:58+00:00","description":"Marratx\u00ed viu una Fira de Tardor carregada de m\u00fasica, ecologia i artesania Actualitat, Fires i rutes Se celebra el diumenge, dia 4 de novembre, a partir de les 9 hores L'arribada del fred sol coincidir amb la\u00a0Fira de Tardor de Marratx\u00ed, un municipi","inLanguage":"es","potentialAction":[{"@type":"ReadAction","target":["https:\/\/gastronomicament.cat\/es\/marratxi-viu-una-fira-de-tardor-carregada-de-musica-ecologia-i-artesania"]}]},{"@type":"ImageObject","inLanguage":"es","@id":"https:\/\/gastronomicament.cat\/es\/marratxi-viu-una-fira-de-tardor-carregada-de-musica-ecologia-i-artesania#primaryimage","url":"https:\/\/gastronomicament.cat\/wp-content\/uploads\/2018\/10\/Fira-Tardor-Marratxi-2018.jpg","contentUrl":"https:\/\/gastronomicament.cat\/wp-content\/uploads\/2018\/10\/Fira-Tardor-Marratxi-2018.jpg","width":542,"height":430},{"@type":"WebSite","@id":"https:\/\/gastronomicament.cat\/es\/#website","url":"https:\/\/gastronomicament.cat\/es\/","name":"Gastron\u00f2micament","description":"Portal de restaurants, receptes i actualitat gastron\u00f2mica","publisher":{"@id":"https:\/\/gastronomicament.cat\/es\/#organization"},"potentialAction":[{"@type":"SearchAction","target":{"@type":"EntryPoint","urlTemplate":"https:\/\/gastronomicament.cat\/es\/?s={search_term_string}"},"query-input":{"@type":"PropertyValueSpecification","valueRequired":true,"valueName":"search_term_string"}}],"inLanguage":"es"},{"@type":"Organization","@id":"https:\/\/gastronomicament.cat\/es\/#organization","name":"Gastron\u00f2micament","url":"https:\/\/gastronomicament.cat\/es\/","logo":{"@type":"ImageObject","inLanguage":"es","@id":"https:\/\/gastronomicament.cat\/es\/#\/schema\/logo\/image\/","url":"https:\/\/gastronomicament.cat\/wp-content\/uploads\/2016\/09\/header-logo.jpg","contentUrl":"https:\/\/gastronomicament.cat\/wp-content\/uploads\/2016\/09\/header-logo.jpg","width":277,"height":39,"caption":"Gastron\u00f2micament"},"image":{"@id":"https:\/\/gastronomicament.cat\/es\/#\/schema\/logo\/image\/"},"sameAs":["https:\/\/x.com\/gastronomicamen"]},{"@type":"Person","@id":"https:\/\/gastronomicament.cat\/es\/#\/schema\/person\/a7c85c537a1ed62799a5b8e0f686a37f","name":"Redacci\u00f3","image":{"@type":"ImageObject","inLanguage":"es","@id":"https:\/\/secure.gravatar.com\/avatar\/9489a485c464fd611d33825daae651d13db70c4e74c65c94937a15a9d4c3ee14?s=96&d=mm&r=g69fea3cce3645dfa2166e7293e22955e","url":"https:\/\/secure.gravatar.com\/avatar\/9489a485c464fd611d33825daae651d13db70c4e74c65c94937a15a9d4c3ee14?s=96&d=mm&r=g","contentUrl":"https:\/\/secure.gravatar.com\/avatar\/9489a485c464fd611d33825daae651d13db70c4e74c65c94937a15a9d4c3ee14?s=96&d=mm&r=g","caption":"Redacci\u00f3"},"sameAs":["http:\/\/gastronomicament.cat"],"url":"https:\/\/gastronomicament.cat\/es\/author\/admin"}]}},"_links":{"self":[{"href":"https:\/\/gastronomicament.cat\/es\/wp-json\/wp\/v2\/posts\/66807","targetHints":{"allow":["GET"]}}],"collection":[{"href":"https:\/\/gastronomicament.cat\/es\/wp-json\/wp\/v2\/posts"}],"about":[{"href":"https:\/\/gastronomicament.cat\/es\/wp-json\/wp\/v2\/types\/post"}],"author":[{"embeddable":true,"href":"https:\/\/gastronomicament.cat\/es\/wp-json\/wp\/v2\/users\/1"}],"replies":[{"embeddable":true,"href":"https:\/\/gastronomicament.cat\/es\/wp-json\/wp\/v2\/comments?post=66807"}],"version-history":[{"count":0,"href":"https:\/\/gastronomicament.cat\/es\/wp-json\/wp\/v2\/posts\/66807\/revisions"}],"wp:featuredmedia":[{"embeddable":true,"href":"https:\/\/gastronomicament.cat\/es\/wp-json\/wp\/v2\/media\/41261"}],"wp:attachment":[{"href":"https:\/\/gastronomicament.cat\/es\/wp-json\/wp\/v2\/media?parent=66807"}],"wp:term":[{"taxonomy":"category","embeddable":true,"href":"https:\/\/gastronomicament.cat\/es\/wp-json\/wp\/v2\/categories?post=66807"},{"taxonomy":"post_tag","embeddable":true,"href":"https:\/\/gastronomicament.cat\/es\/wp-json\/wp\/v2\/tags?post=66807"},{"taxonomy":"author","embeddable":true,"href":"https:\/\/gastronomicament.cat\/es\/wp-json\/wp\/v2\/coauthors?post=66807"}],"curies":[{"name":"wp","href":"https:\/\/api.w.org\/{rel}","templated":true}]}}