{"id":67108,"date":"2018-10-04T09:01:55","date_gmt":"2018-10-04T07:01:55","guid":{"rendered":"https:\/\/gastronomicament.cat\/estellencs-gastronomic-2018-ja-es-aqui"},"modified":"2022-04-09T10:07:25","modified_gmt":"2022-04-09T08:07:25","slug":"estellencs-gastronomic-2018-ja-es-aqui","status":"publish","type":"post","link":"https:\/\/gastronomicament.cat\/es\/estellencs-gastronomic-2018-ja-es-aqui","title":{"rendered":"Estellencs Gastron\u00f2mic 2018 ja \u00e9s aqu\u00ed"},"content":{"rendered":"<blockquote><p><em>Es far\u00e0 el dissabte 6 d&#8217;octubre<\/em><\/p><\/blockquote>\n<p>Aquest cap de setmana teniu una proposta culin\u00e0ria al poble d&#8217;Estellencs. En aquest bell indret de la Serra de Tramuntana han preparat una jornada gastron\u00f2mica que tendr\u00e0 lloc el dissabte 6 d&#8217;octubre.<\/p>\n<p>La cita comen\u00e7ar\u00e0 a les 12.30 hores amb paradetes de menjar al carrer, i tamb\u00e9 inclour\u00e0 m\u00fasica, demostracions de cuina en viu, activitats infantils i altres propostes. L&#8217;origen d&#8217;Estellencs Gastron\u00f2mic es remunta a l&#8217;any 2016 i ret un homenatge al cuiner i pol\u00edtic Mateu Vidal, una persona molt estimada al municipi.<\/p>\n<p>Aquest \u00e9s el programa d&#8217;activitats:<\/p>\n<ul>\n<li>Activitats infantils a partir de les 11 hores<\/li>\n<li>A partir de les 12.30 h:\u00a0\u00a0<strong>Street Food<\/strong><\/li>\n<li>A partir de les 14 hores:\u00a0<strong>M\u00fasica\u00a0<\/strong>amb Perikas Jazz Reunion, Marino e Marini, One Man Rocks, Crossband i The Indian Summer<\/li>\n<li>A les 13 hores:\u00a0<strong>Show Cooking\u00a0<\/strong>de la cuinera Cati Aguil\u00f3 amb les Galletes Gori de Muro.<\/li>\n<li>A les 16 hores:<strong>Gimcana Gastrohist\u00f2rica<\/strong><\/li>\n<li>A les 17.30 hores: Confer\u00e8ncia:\u00a0<strong>La cuina popular de Mallorca a trav\u00e9s de les rondalles mallorquines<\/strong>.<\/li>\n<\/ul>\n","protected":false},"excerpt":{"rendered":"<p>Aquest cap de setmana teniu una proposta culin\u00e0ria al poble d&#8217;Estellencs. En aquest bell indret de&hellip;<\/p>\n","protected":false},"author":1,"featured_media":41178,"comment_status":"open","ping_status":"closed","sticky":false,"template":"","format":"standard","meta":{"_acf_changed":false,"_swt_meta_header_display":false,"_swt_meta_footer_display":false,"_swt_meta_site_title_display":false,"_swt_meta_sticky_header":false,"_swt_meta_transparent_header":false,"footnotes":""},"categories":[1003,1004],"tags":[],"coauthors":[],"class_list":["post-67108","post","type-post","status-publish","format-standard","has-post-thumbnail","hentry","category-actualitat-es","category-fires-i-rutes-es"],"acf":{"gallery":null,"home_date":{"home_begin_date":null,"home_end_date":null}},"yoast_head":"<!-- This site is optimized with the Yoast SEO plugin v27.4 - https:\/\/yoast.com\/product\/yoast-seo-wordpress\/ -->\n<title>Estellencs Gastron\u00f2mic 2018 ja \u00e9s aqu\u00ed - Gastron\u00f2micament<\/title>\n<meta name=\"description\" content=\"Estellencs Gastron\u00f2mic 2018 ja \u00e9s aqu\u00ed Actualitat, Fires i rutes Aquest cap de setmana teniu una proposta culin\u00e0ria al poble d&#039;Estellencs. En aquest bell indret de la Serra de Tramuntana han preparat una jornada gastron\u00f2mica que tendr\u00e0 lloc el dissabte 6 d&#039;octubre.\" \/>\n<meta name=\"robots\" content=\"index, follow, max-snippet:-1, max-image-preview:large, max-video-preview:-1\" \/>\n<link rel=\"canonical\" href=\"https:\/\/gastronomicament.cat\/es\/estellencs-gastronomic-2018-ja-es-aqui\" \/>\n<meta property=\"og:locale\" content=\"es_ES\" \/>\n<meta property=\"og:type\" content=\"article\" \/>\n<meta property=\"og:title\" content=\"Estellencs Gastron\u00f2mic 2018 ja \u00e9s aqu\u00ed - Gastron\u00f2micament\" \/>\n<meta property=\"og:description\" content=\"Estellencs Gastron\u00f2mic 2018 ja \u00e9s aqu\u00ed Actualitat, Fires i rutes Aquest cap de setmana teniu una proposta culin\u00e0ria al poble d&#039;Estellencs. En aquest bell indret de la Serra de Tramuntana han preparat una jornada gastron\u00f2mica que tendr\u00e0 lloc el dissabte 6 d&#039;octubre.\" \/>\n<meta property=\"og:url\" content=\"https:\/\/gastronomicament.cat\/es\/estellencs-gastronomic-2018-ja-es-aqui\" \/>\n<meta property=\"og:site_name\" content=\"Gastron\u00f2micament\" \/>\n<meta property=\"article:published_time\" content=\"2018-10-04T07:01:55+00:00\" \/>\n<meta property=\"article:modified_time\" content=\"2022-04-09T08:07:25+00:00\" \/>\n<meta property=\"og:image\" content=\"https:\/\/gastronomicament.cat\/wp-content\/uploads\/2018\/10\/Estellencs-Gastronomic-2018.jpg\" \/>\n\t<meta property=\"og:image:width\" content=\"855\" \/>\n\t<meta property=\"og:image:height\" content=\"455\" \/>\n\t<meta property=\"og:image:type\" content=\"image\/jpeg\" \/>\n<meta name=\"author\" content=\"Redacci\u00f3\" \/>\n<meta name=\"twitter:card\" content=\"summary_large_image\" \/>\n<meta name=\"twitter:creator\" content=\"@gastronomicamen\" \/>\n<meta name=\"twitter:site\" content=\"@gastronomicamen\" \/>\n<meta name=\"twitter:label1\" content=\"Escrito por\" \/>\n\t<meta name=\"twitter:data1\" content=\"Redacci\u00f3\" \/>\n\t<meta name=\"twitter:label2\" content=\"Tiempo de lectura\" \/>\n\t<meta name=\"twitter:data2\" content=\"1 minuto\" \/>\n\t<meta name=\"twitter:label3\" content=\"Written by\" \/>\n\t<meta name=\"twitter:data3\" content=\"Redacci\u00f3\" \/>\n<script type=\"application\/ld+json\" class=\"yoast-schema-graph\">{\"@context\":\"https:\\\/\\\/schema.org\",\"@graph\":[{\"@type\":\"Article\",\"@id\":\"https:\\\/\\\/gastronomicament.cat\\\/es\\\/estellencs-gastronomic-2018-ja-es-aqui#article\",\"isPartOf\":{\"@id\":\"https:\\\/\\\/gastronomicament.cat\\\/es\\\/estellencs-gastronomic-2018-ja-es-aqui\"},\"author\":{\"name\":\"Redacci\u00f3\",\"@id\":\"https:\\\/\\\/gastronomicament.cat\\\/es\\\/#\\\/schema\\\/person\\\/a7c85c537a1ed62799a5b8e0f686a37f\"},\"headline\":\"Estellencs Gastron\u00f2mic 2018 ja \u00e9s aqu\u00ed\",\"datePublished\":\"2018-10-04T07:01:55+00:00\",\"dateModified\":\"2022-04-09T08:07:25+00:00\",\"mainEntityOfPage\":{\"@id\":\"https:\\\/\\\/gastronomicament.cat\\\/es\\\/estellencs-gastronomic-2018-ja-es-aqui\"},\"wordCount\":177,\"commentCount\":0,\"publisher\":{\"@id\":\"https:\\\/\\\/gastronomicament.cat\\\/es\\\/#organization\"},\"image\":{\"@id\":\"https:\\\/\\\/gastronomicament.cat\\\/es\\\/estellencs-gastronomic-2018-ja-es-aqui#primaryimage\"},\"thumbnailUrl\":\"https:\\\/\\\/gastronomicament.cat\\\/wp-content\\\/uploads\\\/2018\\\/10\\\/Estellencs-Gastronomic-2018.jpg\",\"articleSection\":[\"Actualitat\",\"Fires i rutes\"],\"inLanguage\":\"es\",\"potentialAction\":[{\"@type\":\"CommentAction\",\"name\":\"Comment\",\"target\":[\"https:\\\/\\\/gastronomicament.cat\\\/es\\\/estellencs-gastronomic-2018-ja-es-aqui#respond\"]}]},{\"@type\":\"WebPage\",\"@id\":\"https:\\\/\\\/gastronomicament.cat\\\/es\\\/estellencs-gastronomic-2018-ja-es-aqui\",\"url\":\"https:\\\/\\\/gastronomicament.cat\\\/es\\\/estellencs-gastronomic-2018-ja-es-aqui\",\"name\":\"Estellencs Gastron\u00f2mic 2018 ja \u00e9s aqu\u00ed - Gastron\u00f2micament\",\"isPartOf\":{\"@id\":\"https:\\\/\\\/gastronomicament.cat\\\/es\\\/#website\"},\"primaryImageOfPage\":{\"@id\":\"https:\\\/\\\/gastronomicament.cat\\\/es\\\/estellencs-gastronomic-2018-ja-es-aqui#primaryimage\"},\"image\":{\"@id\":\"https:\\\/\\\/gastronomicament.cat\\\/es\\\/estellencs-gastronomic-2018-ja-es-aqui#primaryimage\"},\"thumbnailUrl\":\"https:\\\/\\\/gastronomicament.cat\\\/wp-content\\\/uploads\\\/2018\\\/10\\\/Estellencs-Gastronomic-2018.jpg\",\"datePublished\":\"2018-10-04T07:01:55+00:00\",\"dateModified\":\"2022-04-09T08:07:25+00:00\",\"description\":\"Estellencs Gastron\u00f2mic 2018 ja \u00e9s aqu\u00ed Actualitat, Fires i rutes Aquest cap de setmana teniu una proposta culin\u00e0ria al poble d'Estellencs. En aquest bell indret de la Serra de Tramuntana han preparat una jornada gastron\u00f2mica que tendr\u00e0 lloc el dissabte 6 d'octubre.\",\"inLanguage\":\"es\",\"potentialAction\":[{\"@type\":\"ReadAction\",\"target\":[\"https:\\\/\\\/gastronomicament.cat\\\/es\\\/estellencs-gastronomic-2018-ja-es-aqui\"]}]},{\"@type\":\"ImageObject\",\"inLanguage\":\"es\",\"@id\":\"https:\\\/\\\/gastronomicament.cat\\\/es\\\/estellencs-gastronomic-2018-ja-es-aqui#primaryimage\",\"url\":\"https:\\\/\\\/gastronomicament.cat\\\/wp-content\\\/uploads\\\/2018\\\/10\\\/Estellencs-Gastronomic-2018.jpg\",\"contentUrl\":\"https:\\\/\\\/gastronomicament.cat\\\/wp-content\\\/uploads\\\/2018\\\/10\\\/Estellencs-Gastronomic-2018.jpg\",\"width\":855,\"height\":455},{\"@type\":\"WebSite\",\"@id\":\"https:\\\/\\\/gastronomicament.cat\\\/es\\\/#website\",\"url\":\"https:\\\/\\\/gastronomicament.cat\\\/es\\\/\",\"name\":\"Gastron\u00f2micament\",\"description\":\"Portal de restaurants, receptes i actualitat gastron\u00f2mica\",\"publisher\":{\"@id\":\"https:\\\/\\\/gastronomicament.cat\\\/es\\\/#organization\"},\"potentialAction\":[{\"@type\":\"SearchAction\",\"target\":{\"@type\":\"EntryPoint\",\"urlTemplate\":\"https:\\\/\\\/gastronomicament.cat\\\/es\\\/?s={search_term_string}\"},\"query-input\":{\"@type\":\"PropertyValueSpecification\",\"valueRequired\":true,\"valueName\":\"search_term_string\"}}],\"inLanguage\":\"es\"},{\"@type\":\"Organization\",\"@id\":\"https:\\\/\\\/gastronomicament.cat\\\/es\\\/#organization\",\"name\":\"Gastron\u00f2micament\",\"url\":\"https:\\\/\\\/gastronomicament.cat\\\/es\\\/\",\"logo\":{\"@type\":\"ImageObject\",\"inLanguage\":\"es\",\"@id\":\"https:\\\/\\\/gastronomicament.cat\\\/es\\\/#\\\/schema\\\/logo\\\/image\\\/\",\"url\":\"https:\\\/\\\/gastronomicament.cat\\\/wp-content\\\/uploads\\\/2016\\\/09\\\/header-logo.jpg\",\"contentUrl\":\"https:\\\/\\\/gastronomicament.cat\\\/wp-content\\\/uploads\\\/2016\\\/09\\\/header-logo.jpg\",\"width\":277,\"height\":39,\"caption\":\"Gastron\u00f2micament\"},\"image\":{\"@id\":\"https:\\\/\\\/gastronomicament.cat\\\/es\\\/#\\\/schema\\\/logo\\\/image\\\/\"},\"sameAs\":[\"https:\\\/\\\/x.com\\\/gastronomicamen\"]},{\"@type\":\"Person\",\"@id\":\"https:\\\/\\\/gastronomicament.cat\\\/es\\\/#\\\/schema\\\/person\\\/a7c85c537a1ed62799a5b8e0f686a37f\",\"name\":\"Redacci\u00f3\",\"image\":{\"@type\":\"ImageObject\",\"inLanguage\":\"es\",\"@id\":\"https:\\\/\\\/secure.gravatar.com\\\/avatar\\\/9489a485c464fd611d33825daae651d13db70c4e74c65c94937a15a9d4c3ee14?s=96&d=mm&r=g69fea3cce3645dfa2166e7293e22955e\",\"url\":\"https:\\\/\\\/secure.gravatar.com\\\/avatar\\\/9489a485c464fd611d33825daae651d13db70c4e74c65c94937a15a9d4c3ee14?s=96&d=mm&r=g\",\"contentUrl\":\"https:\\\/\\\/secure.gravatar.com\\\/avatar\\\/9489a485c464fd611d33825daae651d13db70c4e74c65c94937a15a9d4c3ee14?s=96&d=mm&r=g\",\"caption\":\"Redacci\u00f3\"},\"sameAs\":[\"http:\\\/\\\/gastronomicament.cat\"],\"url\":\"https:\\\/\\\/gastronomicament.cat\\\/es\\\/author\\\/admin\"}]}<\/script>\n<!-- \/ Yoast SEO plugin. -->","yoast_head_json":{"title":"Estellencs Gastron\u00f2mic 2018 ja \u00e9s aqu\u00ed - Gastron\u00f2micament","description":"Estellencs Gastron\u00f2mic 2018 ja \u00e9s aqu\u00ed Actualitat, Fires i rutes Aquest cap de setmana teniu una proposta culin\u00e0ria al poble d'Estellencs. En aquest bell indret de la Serra de Tramuntana han preparat una jornada gastron\u00f2mica que tendr\u00e0 lloc el dissabte 6 d'octubre.","robots":{"index":"index","follow":"follow","max-snippet":"max-snippet:-1","max-image-preview":"max-image-preview:large","max-video-preview":"max-video-preview:-1"},"canonical":"https:\/\/gastronomicament.cat\/es\/estellencs-gastronomic-2018-ja-es-aqui","og_locale":"es_ES","og_type":"article","og_title":"Estellencs Gastron\u00f2mic 2018 ja \u00e9s aqu\u00ed - Gastron\u00f2micament","og_description":"Estellencs Gastron\u00f2mic 2018 ja \u00e9s aqu\u00ed Actualitat, Fires i rutes Aquest cap de setmana teniu una proposta culin\u00e0ria al poble d'Estellencs. En aquest bell indret de la Serra de Tramuntana han preparat una jornada gastron\u00f2mica que tendr\u00e0 lloc el dissabte 6 d'octubre.","og_url":"https:\/\/gastronomicament.cat\/es\/estellencs-gastronomic-2018-ja-es-aqui","og_site_name":"Gastron\u00f2micament","article_published_time":"2018-10-04T07:01:55+00:00","article_modified_time":"2022-04-09T08:07:25+00:00","og_image":[{"width":855,"height":455,"url":"https:\/\/gastronomicament.cat\/wp-content\/uploads\/2018\/10\/Estellencs-Gastronomic-2018.jpg","type":"image\/jpeg"}],"author":"Redacci\u00f3","twitter_card":"summary_large_image","twitter_creator":"@gastronomicamen","twitter_site":"@gastronomicamen","twitter_misc":{"Escrito por":"Redacci\u00f3","Tiempo de lectura":"1 minuto","Written by":"Redacci\u00f3"},"schema":{"@context":"https:\/\/schema.org","@graph":[{"@type":"Article","@id":"https:\/\/gastronomicament.cat\/es\/estellencs-gastronomic-2018-ja-es-aqui#article","isPartOf":{"@id":"https:\/\/gastronomicament.cat\/es\/estellencs-gastronomic-2018-ja-es-aqui"},"author":{"name":"Redacci\u00f3","@id":"https:\/\/gastronomicament.cat\/es\/#\/schema\/person\/a7c85c537a1ed62799a5b8e0f686a37f"},"headline":"Estellencs Gastron\u00f2mic 2018 ja \u00e9s aqu\u00ed","datePublished":"2018-10-04T07:01:55+00:00","dateModified":"2022-04-09T08:07:25+00:00","mainEntityOfPage":{"@id":"https:\/\/gastronomicament.cat\/es\/estellencs-gastronomic-2018-ja-es-aqui"},"wordCount":177,"commentCount":0,"publisher":{"@id":"https:\/\/gastronomicament.cat\/es\/#organization"},"image":{"@id":"https:\/\/gastronomicament.cat\/es\/estellencs-gastronomic-2018-ja-es-aqui#primaryimage"},"thumbnailUrl":"https:\/\/gastronomicament.cat\/wp-content\/uploads\/2018\/10\/Estellencs-Gastronomic-2018.jpg","articleSection":["Actualitat","Fires i rutes"],"inLanguage":"es","potentialAction":[{"@type":"CommentAction","name":"Comment","target":["https:\/\/gastronomicament.cat\/es\/estellencs-gastronomic-2018-ja-es-aqui#respond"]}]},{"@type":"WebPage","@id":"https:\/\/gastronomicament.cat\/es\/estellencs-gastronomic-2018-ja-es-aqui","url":"https:\/\/gastronomicament.cat\/es\/estellencs-gastronomic-2018-ja-es-aqui","name":"Estellencs Gastron\u00f2mic 2018 ja \u00e9s aqu\u00ed - Gastron\u00f2micament","isPartOf":{"@id":"https:\/\/gastronomicament.cat\/es\/#website"},"primaryImageOfPage":{"@id":"https:\/\/gastronomicament.cat\/es\/estellencs-gastronomic-2018-ja-es-aqui#primaryimage"},"image":{"@id":"https:\/\/gastronomicament.cat\/es\/estellencs-gastronomic-2018-ja-es-aqui#primaryimage"},"thumbnailUrl":"https:\/\/gastronomicament.cat\/wp-content\/uploads\/2018\/10\/Estellencs-Gastronomic-2018.jpg","datePublished":"2018-10-04T07:01:55+00:00","dateModified":"2022-04-09T08:07:25+00:00","description":"Estellencs Gastron\u00f2mic 2018 ja \u00e9s aqu\u00ed Actualitat, Fires i rutes Aquest cap de setmana teniu una proposta culin\u00e0ria al poble d'Estellencs. En aquest bell indret de la Serra de Tramuntana han preparat una jornada gastron\u00f2mica que tendr\u00e0 lloc el dissabte 6 d'octubre.","inLanguage":"es","potentialAction":[{"@type":"ReadAction","target":["https:\/\/gastronomicament.cat\/es\/estellencs-gastronomic-2018-ja-es-aqui"]}]},{"@type":"ImageObject","inLanguage":"es","@id":"https:\/\/gastronomicament.cat\/es\/estellencs-gastronomic-2018-ja-es-aqui#primaryimage","url":"https:\/\/gastronomicament.cat\/wp-content\/uploads\/2018\/10\/Estellencs-Gastronomic-2018.jpg","contentUrl":"https:\/\/gastronomicament.cat\/wp-content\/uploads\/2018\/10\/Estellencs-Gastronomic-2018.jpg","width":855,"height":455},{"@type":"WebSite","@id":"https:\/\/gastronomicament.cat\/es\/#website","url":"https:\/\/gastronomicament.cat\/es\/","name":"Gastron\u00f2micament","description":"Portal de restaurants, receptes i actualitat gastron\u00f2mica","publisher":{"@id":"https:\/\/gastronomicament.cat\/es\/#organization"},"potentialAction":[{"@type":"SearchAction","target":{"@type":"EntryPoint","urlTemplate":"https:\/\/gastronomicament.cat\/es\/?s={search_term_string}"},"query-input":{"@type":"PropertyValueSpecification","valueRequired":true,"valueName":"search_term_string"}}],"inLanguage":"es"},{"@type":"Organization","@id":"https:\/\/gastronomicament.cat\/es\/#organization","name":"Gastron\u00f2micament","url":"https:\/\/gastronomicament.cat\/es\/","logo":{"@type":"ImageObject","inLanguage":"es","@id":"https:\/\/gastronomicament.cat\/es\/#\/schema\/logo\/image\/","url":"https:\/\/gastronomicament.cat\/wp-content\/uploads\/2016\/09\/header-logo.jpg","contentUrl":"https:\/\/gastronomicament.cat\/wp-content\/uploads\/2016\/09\/header-logo.jpg","width":277,"height":39,"caption":"Gastron\u00f2micament"},"image":{"@id":"https:\/\/gastronomicament.cat\/es\/#\/schema\/logo\/image\/"},"sameAs":["https:\/\/x.com\/gastronomicamen"]},{"@type":"Person","@id":"https:\/\/gastronomicament.cat\/es\/#\/schema\/person\/a7c85c537a1ed62799a5b8e0f686a37f","name":"Redacci\u00f3","image":{"@type":"ImageObject","inLanguage":"es","@id":"https:\/\/secure.gravatar.com\/avatar\/9489a485c464fd611d33825daae651d13db70c4e74c65c94937a15a9d4c3ee14?s=96&d=mm&r=g69fea3cce3645dfa2166e7293e22955e","url":"https:\/\/secure.gravatar.com\/avatar\/9489a485c464fd611d33825daae651d13db70c4e74c65c94937a15a9d4c3ee14?s=96&d=mm&r=g","contentUrl":"https:\/\/secure.gravatar.com\/avatar\/9489a485c464fd611d33825daae651d13db70c4e74c65c94937a15a9d4c3ee14?s=96&d=mm&r=g","caption":"Redacci\u00f3"},"sameAs":["http:\/\/gastronomicament.cat"],"url":"https:\/\/gastronomicament.cat\/es\/author\/admin"}]}},"_links":{"self":[{"href":"https:\/\/gastronomicament.cat\/es\/wp-json\/wp\/v2\/posts\/67108","targetHints":{"allow":["GET"]}}],"collection":[{"href":"https:\/\/gastronomicament.cat\/es\/wp-json\/wp\/v2\/posts"}],"about":[{"href":"https:\/\/gastronomicament.cat\/es\/wp-json\/wp\/v2\/types\/post"}],"author":[{"embeddable":true,"href":"https:\/\/gastronomicament.cat\/es\/wp-json\/wp\/v2\/users\/1"}],"replies":[{"embeddable":true,"href":"https:\/\/gastronomicament.cat\/es\/wp-json\/wp\/v2\/comments?post=67108"}],"version-history":[{"count":0,"href":"https:\/\/gastronomicament.cat\/es\/wp-json\/wp\/v2\/posts\/67108\/revisions"}],"wp:featuredmedia":[{"embeddable":true,"href":"https:\/\/gastronomicament.cat\/es\/wp-json\/wp\/v2\/media\/41178"}],"wp:attachment":[{"href":"https:\/\/gastronomicament.cat\/es\/wp-json\/wp\/v2\/media?parent=67108"}],"wp:term":[{"taxonomy":"category","embeddable":true,"href":"https:\/\/gastronomicament.cat\/es\/wp-json\/wp\/v2\/categories?post=67108"},{"taxonomy":"post_tag","embeddable":true,"href":"https:\/\/gastronomicament.cat\/es\/wp-json\/wp\/v2\/tags?post=67108"},{"taxonomy":"author","embeddable":true,"href":"https:\/\/gastronomicament.cat\/es\/wp-json\/wp\/v2\/coauthors?post=67108"}],"curies":[{"name":"wp","href":"https:\/\/api.w.org\/{rel}","templated":true}]}}