{"id":67266,"date":"2018-09-13T09:51:15","date_gmt":"2018-09-13T07:51:15","guid":{"rendered":"https:\/\/gastronomicament.cat\/nit-de-tapes-revetles-musicals-i-correguda-en-roba-interior-per-sant-mateu"},"modified":"2022-04-09T10:08:04","modified_gmt":"2022-04-09T08:08:04","slug":"nit-de-tapes-revetles-musicals-i-correguda-en-roba-interior-per-sant-mateu","status":"publish","type":"post","link":"https:\/\/gastronomicament.cat\/es\/nit-de-tapes-revetles-musicals-i-correguda-en-roba-interior-per-sant-mateu","title":{"rendered":"Nit de Tapes, revetles musicals i correguda en roba interior per Sant Mateu"},"content":{"rendered":"<blockquote><p><em>Bunyola celebra les festes del patr\u00f3 amb festa grossa<\/em><\/p><\/blockquote>\n<p>El poble de Bunyola ho t\u00e9 tot a punt per celebrar la festa de Sant Mateu. El trull gros comen\u00e7a divendres amb la Festa Holi, a les 18 hores, i el posterior el preg\u00f3 a c\u00e0rrec de l&#8217;Escola de Ball de Bunyola, que donar\u00e0 pas a la revetla de ball de sal\u00f3 i Flower Power.<\/p>\n<p>Ara b\u00e9, un dels moments m\u00e9s esperats per a la jovenella ser\u00e0 la Correguda en Roba Interior, que se celebra el dissabte, a les 18.30 hores i que enguany arriba a la 14a edici\u00f3, una cita on hi haur\u00e0 premis i molt bon ambient. Una festa que continuar\u00e0 de nit amb la revetla jove amb els grups J\u00e8s!, Mad\u00f2na, Cirko i DJ Miki.<\/p>\n<p><strong>Teatre, gloses i nit de tapes<\/strong><\/p>\n<p>Diumenge hi haur\u00e0 la Diada Castellera a les 19 hores i Teatre, a les 22 h, amb l&#8217;obra L&#8217;home m\u00e9s fascinant del m\u00f3n. El dimecres vespre, hi haur\u00e0 combat de gloses, a les 20 hores; i l&#8217;endem\u00e0, dijous, pujada a l&#8217;arbre ensabonat, a les 18 hores, i la Nit de Tapes, que recorrer\u00e0 els caf\u00e8s del poble, a partir de les 21.30 hores, un vespre que estar\u00e0 animat amb la m\u00fasica dels grups locals Marzo\/Naile Sosa, Timba Tumbet, Xibiu i Xango Trio.<\/p>\n<p>Els jocs populars, l&#8217;animaci\u00f3 infantil i la mostra de ball i la ballada marcaran el dia de Sant Mateu, dia 21 de setembre, que clour\u00e0 amb l&#8217;espectacle de focs artificials.<\/p>\n<p>Per a les festes d&#8217;enguany, l&#8217;Ajuntament de Bunyola ha creat un tass\u00f3 reciclable que es pot trobar als taulells dels bars els dies de revetla. Val 1 euro, no retornable i el beneficis que se&#8217;n treguin seran per finan\u00e7ar urinaris p\u00fablics, serveis d&#8217;ambul\u00e0ncies, serveis de seguretat i altres despeses.<\/p>\n<p>Consultau el programa complet de les <a href=\"http:\/\/www.ajbunyola.net\/documents\/popup1.pdf\" target=\"_blank\" rel=\"noopener\">Festes de Sant Mateu 2018<\/a><\/p>\n","protected":false},"excerpt":{"rendered":"<p>El poble de Bunyola ho t\u00e9 tot a punt per celebrar la festa de Sant Mateu.&hellip;<\/p>\n","protected":false},"author":1,"featured_media":41120,"comment_status":"open","ping_status":"closed","sticky":false,"template":"","format":"standard","meta":{"_acf_changed":false,"_swt_meta_header_display":false,"_swt_meta_footer_display":false,"_swt_meta_site_title_display":false,"_swt_meta_sticky_header":false,"_swt_meta_transparent_header":false,"footnotes":""},"categories":[1003,1004],"tags":[],"coauthors":[],"class_list":["post-67266","post","type-post","status-publish","format-standard","has-post-thumbnail","hentry","category-actualitat-es","category-fires-i-rutes-es"],"acf":{"gallery":null,"home_date":{"home_begin_date":null,"home_end_date":null}},"yoast_head":"<!-- This site is optimized with the Yoast SEO plugin v27.4 - https:\/\/yoast.com\/product\/yoast-seo-wordpress\/ -->\n<title>Nit de Tapes, revetles musicals i correguda en roba interior per Sant Mateu - Gastron\u00f2micament<\/title>\n<meta name=\"description\" content=\"Nit de Tapes, revetles musicals i correguda en roba interior per Sant Mateu Actualitat, Fires i rutes El poble de Bunyola ho t\u00e9 tot a punt per celebrar la festa de Sant Mateu. El trull gros comen\u00e7a divendres amb la Festa Holi, a les 18 hores, i el posterior el preg\u00f3 a c\u00e0rrec de l&#039;Escola de Ball de Bunyola, que donar\u00e0 pas a la revetla de ball de sal\u00f3 i Flower Power\" \/>\n<meta name=\"robots\" content=\"index, follow, max-snippet:-1, max-image-preview:large, max-video-preview:-1\" \/>\n<link rel=\"canonical\" href=\"https:\/\/gastronomicament.cat\/es\/nit-de-tapes-revetles-musicals-i-correguda-en-roba-interior-per-sant-mateu\" \/>\n<meta property=\"og:locale\" content=\"es_ES\" \/>\n<meta property=\"og:type\" content=\"article\" \/>\n<meta property=\"og:title\" content=\"Nit de Tapes, revetles musicals i correguda en roba interior per Sant Mateu - Gastron\u00f2micament\" \/>\n<meta property=\"og:description\" content=\"Nit de Tapes, revetles musicals i correguda en roba interior per Sant Mateu Actualitat, Fires i rutes El poble de Bunyola ho t\u00e9 tot a punt per celebrar la festa de Sant Mateu. El trull gros comen\u00e7a divendres amb la Festa Holi, a les 18 hores, i el posterior el preg\u00f3 a c\u00e0rrec de l&#039;Escola de Ball de Bunyola, que donar\u00e0 pas a la revetla de ball de sal\u00f3 i Flower Power\" \/>\n<meta property=\"og:url\" content=\"https:\/\/gastronomicament.cat\/es\/nit-de-tapes-revetles-musicals-i-correguda-en-roba-interior-per-sant-mateu\" \/>\n<meta property=\"og:site_name\" content=\"Gastron\u00f2micament\" \/>\n<meta property=\"article:published_time\" content=\"2018-09-13T07:51:15+00:00\" \/>\n<meta property=\"article:modified_time\" content=\"2022-04-09T08:08:04+00:00\" \/>\n<meta property=\"og:image\" content=\"https:\/\/gastronomicament.cat\/wp-content\/uploads\/2018\/09\/Festes-de-Sant-Mateu-2018-Bunyola.jpg\" \/>\n\t<meta property=\"og:image:width\" content=\"789\" \/>\n\t<meta property=\"og:image:height\" content=\"526\" \/>\n\t<meta property=\"og:image:type\" content=\"image\/jpeg\" \/>\n<meta name=\"author\" content=\"Redacci\u00f3\" \/>\n<meta name=\"twitter:card\" content=\"summary_large_image\" \/>\n<meta name=\"twitter:creator\" content=\"@gastronomicamen\" \/>\n<meta name=\"twitter:site\" content=\"@gastronomicamen\" \/>\n<meta name=\"twitter:label1\" content=\"Escrito por\" \/>\n\t<meta name=\"twitter:data1\" content=\"Redacci\u00f3\" \/>\n\t<meta name=\"twitter:label2\" content=\"Tiempo de lectura\" \/>\n\t<meta name=\"twitter:data2\" content=\"2 minutos\" \/>\n\t<meta name=\"twitter:label3\" content=\"Written by\" \/>\n\t<meta name=\"twitter:data3\" content=\"Redacci\u00f3\" \/>\n<script type=\"application\/ld+json\" class=\"yoast-schema-graph\">{\"@context\":\"https:\\\/\\\/schema.org\",\"@graph\":[{\"@type\":\"Article\",\"@id\":\"https:\\\/\\\/gastronomicament.cat\\\/es\\\/nit-de-tapes-revetles-musicals-i-correguda-en-roba-interior-per-sant-mateu#article\",\"isPartOf\":{\"@id\":\"https:\\\/\\\/gastronomicament.cat\\\/es\\\/nit-de-tapes-revetles-musicals-i-correguda-en-roba-interior-per-sant-mateu\"},\"author\":{\"name\":\"Redacci\u00f3\",\"@id\":\"https:\\\/\\\/gastronomicament.cat\\\/es\\\/#\\\/schema\\\/person\\\/a7c85c537a1ed62799a5b8e0f686a37f\"},\"headline\":\"Nit de Tapes, revetles musicals i correguda en roba interior per Sant Mateu\",\"datePublished\":\"2018-09-13T07:51:15+00:00\",\"dateModified\":\"2022-04-09T08:08:04+00:00\",\"mainEntityOfPage\":{\"@id\":\"https:\\\/\\\/gastronomicament.cat\\\/es\\\/nit-de-tapes-revetles-musicals-i-correguda-en-roba-interior-per-sant-mateu\"},\"wordCount\":321,\"commentCount\":0,\"publisher\":{\"@id\":\"https:\\\/\\\/gastronomicament.cat\\\/es\\\/#organization\"},\"image\":{\"@id\":\"https:\\\/\\\/gastronomicament.cat\\\/es\\\/nit-de-tapes-revetles-musicals-i-correguda-en-roba-interior-per-sant-mateu#primaryimage\"},\"thumbnailUrl\":\"https:\\\/\\\/gastronomicament.cat\\\/wp-content\\\/uploads\\\/2018\\\/09\\\/Festes-de-Sant-Mateu-2018-Bunyola.jpg\",\"articleSection\":[\"Actualitat\",\"Fires i rutes\"],\"inLanguage\":\"es\",\"potentialAction\":[{\"@type\":\"CommentAction\",\"name\":\"Comment\",\"target\":[\"https:\\\/\\\/gastronomicament.cat\\\/es\\\/nit-de-tapes-revetles-musicals-i-correguda-en-roba-interior-per-sant-mateu#respond\"]}]},{\"@type\":\"WebPage\",\"@id\":\"https:\\\/\\\/gastronomicament.cat\\\/es\\\/nit-de-tapes-revetles-musicals-i-correguda-en-roba-interior-per-sant-mateu\",\"url\":\"https:\\\/\\\/gastronomicament.cat\\\/es\\\/nit-de-tapes-revetles-musicals-i-correguda-en-roba-interior-per-sant-mateu\",\"name\":\"Nit de Tapes, revetles musicals i correguda en roba interior per Sant Mateu - Gastron\u00f2micament\",\"isPartOf\":{\"@id\":\"https:\\\/\\\/gastronomicament.cat\\\/es\\\/#website\"},\"primaryImageOfPage\":{\"@id\":\"https:\\\/\\\/gastronomicament.cat\\\/es\\\/nit-de-tapes-revetles-musicals-i-correguda-en-roba-interior-per-sant-mateu#primaryimage\"},\"image\":{\"@id\":\"https:\\\/\\\/gastronomicament.cat\\\/es\\\/nit-de-tapes-revetles-musicals-i-correguda-en-roba-interior-per-sant-mateu#primaryimage\"},\"thumbnailUrl\":\"https:\\\/\\\/gastronomicament.cat\\\/wp-content\\\/uploads\\\/2018\\\/09\\\/Festes-de-Sant-Mateu-2018-Bunyola.jpg\",\"datePublished\":\"2018-09-13T07:51:15+00:00\",\"dateModified\":\"2022-04-09T08:08:04+00:00\",\"description\":\"Nit de Tapes, revetles musicals i correguda en roba interior per Sant Mateu Actualitat, Fires i rutes El poble de Bunyola ho t\u00e9 tot a punt per celebrar la festa de Sant Mateu. El trull gros comen\u00e7a divendres amb la Festa Holi, a les 18 hores, i el posterior el preg\u00f3 a c\u00e0rrec de l'Escola de Ball de Bunyola, que donar\u00e0 pas a la revetla de ball de sal\u00f3 i Flower Power\",\"inLanguage\":\"es\",\"potentialAction\":[{\"@type\":\"ReadAction\",\"target\":[\"https:\\\/\\\/gastronomicament.cat\\\/es\\\/nit-de-tapes-revetles-musicals-i-correguda-en-roba-interior-per-sant-mateu\"]}]},{\"@type\":\"ImageObject\",\"inLanguage\":\"es\",\"@id\":\"https:\\\/\\\/gastronomicament.cat\\\/es\\\/nit-de-tapes-revetles-musicals-i-correguda-en-roba-interior-per-sant-mateu#primaryimage\",\"url\":\"https:\\\/\\\/gastronomicament.cat\\\/wp-content\\\/uploads\\\/2018\\\/09\\\/Festes-de-Sant-Mateu-2018-Bunyola.jpg\",\"contentUrl\":\"https:\\\/\\\/gastronomicament.cat\\\/wp-content\\\/uploads\\\/2018\\\/09\\\/Festes-de-Sant-Mateu-2018-Bunyola.jpg\",\"width\":789,\"height\":526},{\"@type\":\"WebSite\",\"@id\":\"https:\\\/\\\/gastronomicament.cat\\\/es\\\/#website\",\"url\":\"https:\\\/\\\/gastronomicament.cat\\\/es\\\/\",\"name\":\"Gastron\u00f2micament\",\"description\":\"Portal de restaurants, receptes i actualitat gastron\u00f2mica\",\"publisher\":{\"@id\":\"https:\\\/\\\/gastronomicament.cat\\\/es\\\/#organization\"},\"potentialAction\":[{\"@type\":\"SearchAction\",\"target\":{\"@type\":\"EntryPoint\",\"urlTemplate\":\"https:\\\/\\\/gastronomicament.cat\\\/es\\\/?s={search_term_string}\"},\"query-input\":{\"@type\":\"PropertyValueSpecification\",\"valueRequired\":true,\"valueName\":\"search_term_string\"}}],\"inLanguage\":\"es\"},{\"@type\":\"Organization\",\"@id\":\"https:\\\/\\\/gastronomicament.cat\\\/es\\\/#organization\",\"name\":\"Gastron\u00f2micament\",\"url\":\"https:\\\/\\\/gastronomicament.cat\\\/es\\\/\",\"logo\":{\"@type\":\"ImageObject\",\"inLanguage\":\"es\",\"@id\":\"https:\\\/\\\/gastronomicament.cat\\\/es\\\/#\\\/schema\\\/logo\\\/image\\\/\",\"url\":\"https:\\\/\\\/gastronomicament.cat\\\/wp-content\\\/uploads\\\/2016\\\/09\\\/header-logo.jpg\",\"contentUrl\":\"https:\\\/\\\/gastronomicament.cat\\\/wp-content\\\/uploads\\\/2016\\\/09\\\/header-logo.jpg\",\"width\":277,\"height\":39,\"caption\":\"Gastron\u00f2micament\"},\"image\":{\"@id\":\"https:\\\/\\\/gastronomicament.cat\\\/es\\\/#\\\/schema\\\/logo\\\/image\\\/\"},\"sameAs\":[\"https:\\\/\\\/x.com\\\/gastronomicamen\"]},{\"@type\":\"Person\",\"@id\":\"https:\\\/\\\/gastronomicament.cat\\\/es\\\/#\\\/schema\\\/person\\\/a7c85c537a1ed62799a5b8e0f686a37f\",\"name\":\"Redacci\u00f3\",\"image\":{\"@type\":\"ImageObject\",\"inLanguage\":\"es\",\"@id\":\"https:\\\/\\\/secure.gravatar.com\\\/avatar\\\/9489a485c464fd611d33825daae651d13db70c4e74c65c94937a15a9d4c3ee14?s=96&d=mm&r=g69fea3cce3645dfa2166e7293e22955e\",\"url\":\"https:\\\/\\\/secure.gravatar.com\\\/avatar\\\/9489a485c464fd611d33825daae651d13db70c4e74c65c94937a15a9d4c3ee14?s=96&d=mm&r=g\",\"contentUrl\":\"https:\\\/\\\/secure.gravatar.com\\\/avatar\\\/9489a485c464fd611d33825daae651d13db70c4e74c65c94937a15a9d4c3ee14?s=96&d=mm&r=g\",\"caption\":\"Redacci\u00f3\"},\"sameAs\":[\"http:\\\/\\\/gastronomicament.cat\"],\"url\":\"https:\\\/\\\/gastronomicament.cat\\\/es\\\/author\\\/admin\"}]}<\/script>\n<!-- \/ Yoast SEO plugin. -->","yoast_head_json":{"title":"Nit de Tapes, revetles musicals i correguda en roba interior per Sant Mateu - Gastron\u00f2micament","description":"Nit de Tapes, revetles musicals i correguda en roba interior per Sant Mateu Actualitat, Fires i rutes El poble de Bunyola ho t\u00e9 tot a punt per celebrar la festa de Sant Mateu. El trull gros comen\u00e7a divendres amb la Festa Holi, a les 18 hores, i el posterior el preg\u00f3 a c\u00e0rrec de l'Escola de Ball de Bunyola, que donar\u00e0 pas a la revetla de ball de sal\u00f3 i Flower Power","robots":{"index":"index","follow":"follow","max-snippet":"max-snippet:-1","max-image-preview":"max-image-preview:large","max-video-preview":"max-video-preview:-1"},"canonical":"https:\/\/gastronomicament.cat\/es\/nit-de-tapes-revetles-musicals-i-correguda-en-roba-interior-per-sant-mateu","og_locale":"es_ES","og_type":"article","og_title":"Nit de Tapes, revetles musicals i correguda en roba interior per Sant Mateu - Gastron\u00f2micament","og_description":"Nit de Tapes, revetles musicals i correguda en roba interior per Sant Mateu Actualitat, Fires i rutes El poble de Bunyola ho t\u00e9 tot a punt per celebrar la festa de Sant Mateu. El trull gros comen\u00e7a divendres amb la Festa Holi, a les 18 hores, i el posterior el preg\u00f3 a c\u00e0rrec de l'Escola de Ball de Bunyola, que donar\u00e0 pas a la revetla de ball de sal\u00f3 i Flower Power","og_url":"https:\/\/gastronomicament.cat\/es\/nit-de-tapes-revetles-musicals-i-correguda-en-roba-interior-per-sant-mateu","og_site_name":"Gastron\u00f2micament","article_published_time":"2018-09-13T07:51:15+00:00","article_modified_time":"2022-04-09T08:08:04+00:00","og_image":[{"width":789,"height":526,"url":"https:\/\/gastronomicament.cat\/wp-content\/uploads\/2018\/09\/Festes-de-Sant-Mateu-2018-Bunyola.jpg","type":"image\/jpeg"}],"author":"Redacci\u00f3","twitter_card":"summary_large_image","twitter_creator":"@gastronomicamen","twitter_site":"@gastronomicamen","twitter_misc":{"Escrito por":"Redacci\u00f3","Tiempo de lectura":"2 minutos","Written by":"Redacci\u00f3"},"schema":{"@context":"https:\/\/schema.org","@graph":[{"@type":"Article","@id":"https:\/\/gastronomicament.cat\/es\/nit-de-tapes-revetles-musicals-i-correguda-en-roba-interior-per-sant-mateu#article","isPartOf":{"@id":"https:\/\/gastronomicament.cat\/es\/nit-de-tapes-revetles-musicals-i-correguda-en-roba-interior-per-sant-mateu"},"author":{"name":"Redacci\u00f3","@id":"https:\/\/gastronomicament.cat\/es\/#\/schema\/person\/a7c85c537a1ed62799a5b8e0f686a37f"},"headline":"Nit de Tapes, revetles musicals i correguda en roba interior per Sant Mateu","datePublished":"2018-09-13T07:51:15+00:00","dateModified":"2022-04-09T08:08:04+00:00","mainEntityOfPage":{"@id":"https:\/\/gastronomicament.cat\/es\/nit-de-tapes-revetles-musicals-i-correguda-en-roba-interior-per-sant-mateu"},"wordCount":321,"commentCount":0,"publisher":{"@id":"https:\/\/gastronomicament.cat\/es\/#organization"},"image":{"@id":"https:\/\/gastronomicament.cat\/es\/nit-de-tapes-revetles-musicals-i-correguda-en-roba-interior-per-sant-mateu#primaryimage"},"thumbnailUrl":"https:\/\/gastronomicament.cat\/wp-content\/uploads\/2018\/09\/Festes-de-Sant-Mateu-2018-Bunyola.jpg","articleSection":["Actualitat","Fires i rutes"],"inLanguage":"es","potentialAction":[{"@type":"CommentAction","name":"Comment","target":["https:\/\/gastronomicament.cat\/es\/nit-de-tapes-revetles-musicals-i-correguda-en-roba-interior-per-sant-mateu#respond"]}]},{"@type":"WebPage","@id":"https:\/\/gastronomicament.cat\/es\/nit-de-tapes-revetles-musicals-i-correguda-en-roba-interior-per-sant-mateu","url":"https:\/\/gastronomicament.cat\/es\/nit-de-tapes-revetles-musicals-i-correguda-en-roba-interior-per-sant-mateu","name":"Nit de Tapes, revetles musicals i correguda en roba interior per Sant Mateu - Gastron\u00f2micament","isPartOf":{"@id":"https:\/\/gastronomicament.cat\/es\/#website"},"primaryImageOfPage":{"@id":"https:\/\/gastronomicament.cat\/es\/nit-de-tapes-revetles-musicals-i-correguda-en-roba-interior-per-sant-mateu#primaryimage"},"image":{"@id":"https:\/\/gastronomicament.cat\/es\/nit-de-tapes-revetles-musicals-i-correguda-en-roba-interior-per-sant-mateu#primaryimage"},"thumbnailUrl":"https:\/\/gastronomicament.cat\/wp-content\/uploads\/2018\/09\/Festes-de-Sant-Mateu-2018-Bunyola.jpg","datePublished":"2018-09-13T07:51:15+00:00","dateModified":"2022-04-09T08:08:04+00:00","description":"Nit de Tapes, revetles musicals i correguda en roba interior per Sant Mateu Actualitat, Fires i rutes El poble de Bunyola ho t\u00e9 tot a punt per celebrar la festa de Sant Mateu. El trull gros comen\u00e7a divendres amb la Festa Holi, a les 18 hores, i el posterior el preg\u00f3 a c\u00e0rrec de l'Escola de Ball de Bunyola, que donar\u00e0 pas a la revetla de ball de sal\u00f3 i Flower Power","inLanguage":"es","potentialAction":[{"@type":"ReadAction","target":["https:\/\/gastronomicament.cat\/es\/nit-de-tapes-revetles-musicals-i-correguda-en-roba-interior-per-sant-mateu"]}]},{"@type":"ImageObject","inLanguage":"es","@id":"https:\/\/gastronomicament.cat\/es\/nit-de-tapes-revetles-musicals-i-correguda-en-roba-interior-per-sant-mateu#primaryimage","url":"https:\/\/gastronomicament.cat\/wp-content\/uploads\/2018\/09\/Festes-de-Sant-Mateu-2018-Bunyola.jpg","contentUrl":"https:\/\/gastronomicament.cat\/wp-content\/uploads\/2018\/09\/Festes-de-Sant-Mateu-2018-Bunyola.jpg","width":789,"height":526},{"@type":"WebSite","@id":"https:\/\/gastronomicament.cat\/es\/#website","url":"https:\/\/gastronomicament.cat\/es\/","name":"Gastron\u00f2micament","description":"Portal de restaurants, receptes i actualitat gastron\u00f2mica","publisher":{"@id":"https:\/\/gastronomicament.cat\/es\/#organization"},"potentialAction":[{"@type":"SearchAction","target":{"@type":"EntryPoint","urlTemplate":"https:\/\/gastronomicament.cat\/es\/?s={search_term_string}"},"query-input":{"@type":"PropertyValueSpecification","valueRequired":true,"valueName":"search_term_string"}}],"inLanguage":"es"},{"@type":"Organization","@id":"https:\/\/gastronomicament.cat\/es\/#organization","name":"Gastron\u00f2micament","url":"https:\/\/gastronomicament.cat\/es\/","logo":{"@type":"ImageObject","inLanguage":"es","@id":"https:\/\/gastronomicament.cat\/es\/#\/schema\/logo\/image\/","url":"https:\/\/gastronomicament.cat\/wp-content\/uploads\/2016\/09\/header-logo.jpg","contentUrl":"https:\/\/gastronomicament.cat\/wp-content\/uploads\/2016\/09\/header-logo.jpg","width":277,"height":39,"caption":"Gastron\u00f2micament"},"image":{"@id":"https:\/\/gastronomicament.cat\/es\/#\/schema\/logo\/image\/"},"sameAs":["https:\/\/x.com\/gastronomicamen"]},{"@type":"Person","@id":"https:\/\/gastronomicament.cat\/es\/#\/schema\/person\/a7c85c537a1ed62799a5b8e0f686a37f","name":"Redacci\u00f3","image":{"@type":"ImageObject","inLanguage":"es","@id":"https:\/\/secure.gravatar.com\/avatar\/9489a485c464fd611d33825daae651d13db70c4e74c65c94937a15a9d4c3ee14?s=96&d=mm&r=g69fea3cce3645dfa2166e7293e22955e","url":"https:\/\/secure.gravatar.com\/avatar\/9489a485c464fd611d33825daae651d13db70c4e74c65c94937a15a9d4c3ee14?s=96&d=mm&r=g","contentUrl":"https:\/\/secure.gravatar.com\/avatar\/9489a485c464fd611d33825daae651d13db70c4e74c65c94937a15a9d4c3ee14?s=96&d=mm&r=g","caption":"Redacci\u00f3"},"sameAs":["http:\/\/gastronomicament.cat"],"url":"https:\/\/gastronomicament.cat\/es\/author\/admin"}]}},"_links":{"self":[{"href":"https:\/\/gastronomicament.cat\/es\/wp-json\/wp\/v2\/posts\/67266","targetHints":{"allow":["GET"]}}],"collection":[{"href":"https:\/\/gastronomicament.cat\/es\/wp-json\/wp\/v2\/posts"}],"about":[{"href":"https:\/\/gastronomicament.cat\/es\/wp-json\/wp\/v2\/types\/post"}],"author":[{"embeddable":true,"href":"https:\/\/gastronomicament.cat\/es\/wp-json\/wp\/v2\/users\/1"}],"replies":[{"embeddable":true,"href":"https:\/\/gastronomicament.cat\/es\/wp-json\/wp\/v2\/comments?post=67266"}],"version-history":[{"count":0,"href":"https:\/\/gastronomicament.cat\/es\/wp-json\/wp\/v2\/posts\/67266\/revisions"}],"wp:featuredmedia":[{"embeddable":true,"href":"https:\/\/gastronomicament.cat\/es\/wp-json\/wp\/v2\/media\/41120"}],"wp:attachment":[{"href":"https:\/\/gastronomicament.cat\/es\/wp-json\/wp\/v2\/media?parent=67266"}],"wp:term":[{"taxonomy":"category","embeddable":true,"href":"https:\/\/gastronomicament.cat\/es\/wp-json\/wp\/v2\/categories?post=67266"},{"taxonomy":"post_tag","embeddable":true,"href":"https:\/\/gastronomicament.cat\/es\/wp-json\/wp\/v2\/tags?post=67266"},{"taxonomy":"author","embeddable":true,"href":"https:\/\/gastronomicament.cat\/es\/wp-json\/wp\/v2\/coauthors?post=67266"}],"curies":[{"name":"wp","href":"https:\/\/api.w.org\/{rel}","templated":true}]}}