{"id":68672,"date":"2018-04-18T09:31:01","date_gmt":"2018-04-18T07:31:01","guid":{"rendered":"https:\/\/gastronomicament.cat\/artalaiotica-torna-despres-duna-exitosa-primera-edicio"},"modified":"2022-04-09T10:23:10","modified_gmt":"2022-04-09T08:23:10","slug":"artalaiotica-torna-despres-duna-exitosa-primera-edicio","status":"publish","type":"post","link":"https:\/\/gastronomicament.cat\/es\/artalaiotica-torna-despres-duna-exitosa-primera-edicio","title":{"rendered":"Artalai\u00f2tica torna despr\u00e9s d&#8217;una exitosa primera edici\u00f3"},"content":{"rendered":"<blockquote><p><em>Se celebrar\u00e0 a Art\u00e0, els dies 20 i 21 d&#8217;abril<\/em><\/p><\/blockquote>\n<p>L&#8217;Ajuntament d&#8217;Art\u00e0 ha organitzat la segona edici\u00f3 d&#8217;<strong>Artalai\u00f2tica<\/strong>, la\u00a0<strong>Fira Prehist\u00f2rica i de l&#8217;Antiguitat de Mallorca<\/strong>. Despr\u00e9s de l&#8217;\u00e8xit de la primera edici\u00f3, el Consistori encap\u00e7alat per Manuel Gal\u00e1n continua apostant per oferir un programa complet de tallers i activitats que la consolida com una cita indispensable per con\u00e8ixer els or\u00edgens de la nostra civilitzaci\u00f3.<\/p>\n<p>Els dies<strong>\u00a020 i 21 d&#8217;abril<\/strong>\u00a0hi haur\u00e0 activitats. La inauguraci\u00f3 tendr\u00e0 lloc el divendres 20 d&#8217;abril, a les 18.30h, a la sala polivalent de Na Batlessa, amb les autoritats locals, insulars i dels organitzadors. A continauci\u00f3, s&#8217;inaugurar\u00e0 la mostra fotogr\u00e0fica &#8216;Una ullada al patrimoni arqueol\u00f2gic d&#8217;Art\u00e0&#8217;, d&#8217;Agust\u00ed Torres, i a les 19 hores se celebrar\u00e0 un col\u00b7loqui sobre la visi\u00f3 de l&#8217;Administraci\u00f3 respecte de la conservaci\u00f3, protecci\u00f3 i divulgaci\u00f3 del patrimoni, en el qual hi prendran part diferents veus autoritzades en la mat\u00e8ria. Finalment, a les 21 hores el Mercat Cobert acollir\u00e0 la\u00a0<a href=\"http:\/\/www.artalaiotica.cat\/gustatio-romana\/\"><strong>Gustatio Romana<\/strong><\/a>, un sopar teatralitzat amb m\u00fasica en viu que recrear\u00e0 un sopar a l&#8217;Antiga Roma. L&#8217;aforament \u00e9s de 30 places i \u00e9s necessari inscriure&#8217;s-hi\u00a0<a href=\"http:\/\/www.artalaiotica.cat\/gustatio-romana\/\">aqu\u00ed<\/a>.<\/p>\n<p><strong>M\u00e9s activitats i tallers per al dissabte<\/strong><\/p>\n<p>La gran varietat de propostes,\u00a0<strong>per a totes les edats<\/strong>, \u00e9s un dels principals atractius. El dissabte 21, el recinte firal oferir\u00e0 artesania, gastronomia, tallers i exhibicions a partir de les 11 hores.<\/p>\n<p>Hi trobareu l&#8217;exhibici\u00f3-taller:<strong>\u00a0fent foc a la prehist\u00f2ria<\/strong>, a c\u00e0rrec de\u00a0<strong>David Canales<\/strong>, t\u00e8cnic en divulgaci\u00f3 de la Fundaci\u00f3 Atapuerca.\u00a0<strong>Ludi Romani<\/strong>, que consistir\u00e0 en saber com s&#8217;entretenien els romans, una activitat en qu\u00e8 tamb\u00e9 podreu jugar com ho feia aquesta civilitzaci\u00f3. A m\u00e9s a m\u00e9s, aprendreu com es fa una<strong>\u00a0excavaci\u00f3 d&#8217;un jaciment arqueol\u00f2gic<\/strong>, i\u00a0<strong>construireu una naveta<\/strong>, l&#8217;edificaci\u00f3 de l\u2019Edat del Bronze de la prehist\u00f2ria balear, i molt m\u00e9s!<\/p>\n<p>Podeu consultar totes les activitats i apuntar-vos-hi a:\u00a0<a href=\"http:\/\/www.artalaiotica.cat\/\">http:\/\/www.artalaiotica.cat<\/a><\/p>\n<p>Podeu con\u00e8ixer una mica m\u00e9s Artalai\u00f2tica en aquest v\u00eddeo sobre la primera edici\u00f3:<\/p>\n<p><iframe src=\"https:\/\/www.youtube.com\/embed\/07ImrwAHWew\" width=\"560\" height=\"315\" frameborder=\"0\" allowfullscreen=\"allowfullscreen\"><\/iframe><\/p>\n","protected":false},"excerpt":{"rendered":"<p>L&#8217;Ajuntament d&#8217;Art\u00e0 ha organitzat la segona edici\u00f3 d&#8217;Artalai\u00f2tica, la\u00a0Fira Prehist\u00f2rica i de l&#8217;Antiguitat de Mallorca<\/p>\n","protected":false},"author":1,"featured_media":40703,"comment_status":"open","ping_status":"closed","sticky":false,"template":"","format":"gallery","meta":{"_acf_changed":false,"_swt_meta_header_display":false,"_swt_meta_footer_display":false,"_swt_meta_site_title_display":false,"_swt_meta_sticky_header":false,"_swt_meta_transparent_header":false,"footnotes":""},"categories":[1003,1004],"tags":[],"coauthors":[],"class_list":["post-68672","post","type-post","status-publish","format-gallery","has-post-thumbnail","hentry","category-actualitat-es","category-fires-i-rutes-es","post_format-post-format-gallery"],"acf":{"gallery":null,"home_date":{"home_begin_date":null,"home_end_date":null}},"yoast_head":"<!-- This site is optimized with the Yoast SEO plugin v27.4 - https:\/\/yoast.com\/product\/yoast-seo-wordpress\/ -->\n<title>Artalai\u00f2tica torna despr\u00e9s d&#039;una exitosa primera edici\u00f3 - Gastron\u00f2micament<\/title>\n<meta name=\"description\" content=\"Artalai\u00f2tica torna despr\u00e9s d&#039;una exitosa primera edici\u00f3 Actualitat, Fires i rutes L&#039;Ajuntament d&#039;Art\u00e0 ha organitzat la segona edici\u00f3 d&#039;Artalai\u00f2tica, la\u00a0Fira Prehist\u00f2rica i de l&#039;Antiguitat de Mallorca\" \/>\n<meta name=\"robots\" content=\"index, follow, max-snippet:-1, max-image-preview:large, max-video-preview:-1\" \/>\n<link rel=\"canonical\" href=\"https:\/\/gastronomicament.cat\/es\/artalaiotica-torna-despres-duna-exitosa-primera-edicio\" \/>\n<meta property=\"og:locale\" content=\"es_ES\" \/>\n<meta property=\"og:type\" content=\"article\" \/>\n<meta property=\"og:title\" content=\"Artalai\u00f2tica torna despr\u00e9s d&#039;una exitosa primera edici\u00f3 - Gastron\u00f2micament\" \/>\n<meta property=\"og:description\" content=\"Artalai\u00f2tica torna despr\u00e9s d&#039;una exitosa primera edici\u00f3 Actualitat, Fires i rutes L&#039;Ajuntament d&#039;Art\u00e0 ha organitzat la segona edici\u00f3 d&#039;Artalai\u00f2tica, la\u00a0Fira Prehist\u00f2rica i de l&#039;Antiguitat de Mallorca\" \/>\n<meta property=\"og:url\" content=\"https:\/\/gastronomicament.cat\/es\/artalaiotica-torna-despres-duna-exitosa-primera-edicio\" \/>\n<meta property=\"og:site_name\" content=\"Gastron\u00f2micament\" \/>\n<meta property=\"article:published_time\" content=\"2018-04-18T07:31:01+00:00\" \/>\n<meta property=\"article:modified_time\" content=\"2022-04-09T08:23:10+00:00\" \/>\n<meta property=\"og:image\" content=\"https:\/\/gastronomicament.cat\/wp-content\/uploads\/2018\/04\/Arta-Artalaiotica.jpg\" \/>\n\t<meta property=\"og:image:width\" content=\"960\" \/>\n\t<meta property=\"og:image:height\" content=\"640\" \/>\n\t<meta property=\"og:image:type\" content=\"image\/jpeg\" \/>\n<meta name=\"author\" content=\"Redacci\u00f3\" \/>\n<meta name=\"twitter:card\" content=\"summary_large_image\" \/>\n<meta name=\"twitter:creator\" content=\"@gastronomicamen\" \/>\n<meta name=\"twitter:site\" content=\"@gastronomicamen\" \/>\n<meta name=\"twitter:label1\" content=\"Escrito por\" \/>\n\t<meta name=\"twitter:data1\" content=\"Redacci\u00f3\" \/>\n\t<meta name=\"twitter:label2\" content=\"Tiempo de lectura\" \/>\n\t<meta name=\"twitter:data2\" content=\"2 minutos\" \/>\n\t<meta name=\"twitter:label3\" content=\"Written by\" \/>\n\t<meta name=\"twitter:data3\" content=\"Redacci\u00f3\" \/>\n<script type=\"application\/ld+json\" class=\"yoast-schema-graph\">{\"@context\":\"https:\\\/\\\/schema.org\",\"@graph\":[{\"@type\":\"Article\",\"@id\":\"https:\\\/\\\/gastronomicament.cat\\\/es\\\/artalaiotica-torna-despres-duna-exitosa-primera-edicio#article\",\"isPartOf\":{\"@id\":\"https:\\\/\\\/gastronomicament.cat\\\/es\\\/artalaiotica-torna-despres-duna-exitosa-primera-edicio\"},\"author\":{\"name\":\"Redacci\u00f3\",\"@id\":\"https:\\\/\\\/gastronomicament.cat\\\/es\\\/#\\\/schema\\\/person\\\/a7c85c537a1ed62799a5b8e0f686a37f\"},\"headline\":\"Artalai\u00f2tica torna despr\u00e9s d&#8217;una exitosa primera edici\u00f3\",\"datePublished\":\"2018-04-18T07:31:01+00:00\",\"dateModified\":\"2022-04-09T08:23:10+00:00\",\"mainEntityOfPage\":{\"@id\":\"https:\\\/\\\/gastronomicament.cat\\\/es\\\/artalaiotica-torna-despres-duna-exitosa-primera-edicio\"},\"wordCount\":349,\"commentCount\":0,\"publisher\":{\"@id\":\"https:\\\/\\\/gastronomicament.cat\\\/es\\\/#organization\"},\"image\":{\"@id\":\"https:\\\/\\\/gastronomicament.cat\\\/es\\\/artalaiotica-torna-despres-duna-exitosa-primera-edicio#primaryimage\"},\"thumbnailUrl\":\"https:\\\/\\\/gastronomicament.cat\\\/wp-content\\\/uploads\\\/2018\\\/04\\\/Arta-Artalaiotica.jpg\",\"articleSection\":[\"Actualitat\",\"Fires i rutes\"],\"inLanguage\":\"es\",\"potentialAction\":[{\"@type\":\"CommentAction\",\"name\":\"Comment\",\"target\":[\"https:\\\/\\\/gastronomicament.cat\\\/es\\\/artalaiotica-torna-despres-duna-exitosa-primera-edicio#respond\"]}]},{\"@type\":\"WebPage\",\"@id\":\"https:\\\/\\\/gastronomicament.cat\\\/es\\\/artalaiotica-torna-despres-duna-exitosa-primera-edicio\",\"url\":\"https:\\\/\\\/gastronomicament.cat\\\/es\\\/artalaiotica-torna-despres-duna-exitosa-primera-edicio\",\"name\":\"Artalai\u00f2tica torna despr\u00e9s d'una exitosa primera edici\u00f3 - Gastron\u00f2micament\",\"isPartOf\":{\"@id\":\"https:\\\/\\\/gastronomicament.cat\\\/es\\\/#website\"},\"primaryImageOfPage\":{\"@id\":\"https:\\\/\\\/gastronomicament.cat\\\/es\\\/artalaiotica-torna-despres-duna-exitosa-primera-edicio#primaryimage\"},\"image\":{\"@id\":\"https:\\\/\\\/gastronomicament.cat\\\/es\\\/artalaiotica-torna-despres-duna-exitosa-primera-edicio#primaryimage\"},\"thumbnailUrl\":\"https:\\\/\\\/gastronomicament.cat\\\/wp-content\\\/uploads\\\/2018\\\/04\\\/Arta-Artalaiotica.jpg\",\"datePublished\":\"2018-04-18T07:31:01+00:00\",\"dateModified\":\"2022-04-09T08:23:10+00:00\",\"description\":\"Artalai\u00f2tica torna despr\u00e9s d'una exitosa primera edici\u00f3 Actualitat, Fires i rutes L'Ajuntament d'Art\u00e0 ha organitzat la segona edici\u00f3 d'Artalai\u00f2tica, la\u00a0Fira Prehist\u00f2rica i de l'Antiguitat de Mallorca\",\"inLanguage\":\"es\",\"potentialAction\":[{\"@type\":\"ReadAction\",\"target\":[\"https:\\\/\\\/gastronomicament.cat\\\/es\\\/artalaiotica-torna-despres-duna-exitosa-primera-edicio\"]}]},{\"@type\":\"ImageObject\",\"inLanguage\":\"es\",\"@id\":\"https:\\\/\\\/gastronomicament.cat\\\/es\\\/artalaiotica-torna-despres-duna-exitosa-primera-edicio#primaryimage\",\"url\":\"https:\\\/\\\/gastronomicament.cat\\\/wp-content\\\/uploads\\\/2018\\\/04\\\/Arta-Artalaiotica.jpg\",\"contentUrl\":\"https:\\\/\\\/gastronomicament.cat\\\/wp-content\\\/uploads\\\/2018\\\/04\\\/Arta-Artalaiotica.jpg\",\"width\":960,\"height\":640},{\"@type\":\"WebSite\",\"@id\":\"https:\\\/\\\/gastronomicament.cat\\\/es\\\/#website\",\"url\":\"https:\\\/\\\/gastronomicament.cat\\\/es\\\/\",\"name\":\"Gastron\u00f2micament\",\"description\":\"Portal de restaurants, receptes i actualitat gastron\u00f2mica\",\"publisher\":{\"@id\":\"https:\\\/\\\/gastronomicament.cat\\\/es\\\/#organization\"},\"potentialAction\":[{\"@type\":\"SearchAction\",\"target\":{\"@type\":\"EntryPoint\",\"urlTemplate\":\"https:\\\/\\\/gastronomicament.cat\\\/es\\\/?s={search_term_string}\"},\"query-input\":{\"@type\":\"PropertyValueSpecification\",\"valueRequired\":true,\"valueName\":\"search_term_string\"}}],\"inLanguage\":\"es\"},{\"@type\":\"Organization\",\"@id\":\"https:\\\/\\\/gastronomicament.cat\\\/es\\\/#organization\",\"name\":\"Gastron\u00f2micament\",\"url\":\"https:\\\/\\\/gastronomicament.cat\\\/es\\\/\",\"logo\":{\"@type\":\"ImageObject\",\"inLanguage\":\"es\",\"@id\":\"https:\\\/\\\/gastronomicament.cat\\\/es\\\/#\\\/schema\\\/logo\\\/image\\\/\",\"url\":\"https:\\\/\\\/gastronomicament.cat\\\/wp-content\\\/uploads\\\/2016\\\/09\\\/header-logo.jpg\",\"contentUrl\":\"https:\\\/\\\/gastronomicament.cat\\\/wp-content\\\/uploads\\\/2016\\\/09\\\/header-logo.jpg\",\"width\":277,\"height\":39,\"caption\":\"Gastron\u00f2micament\"},\"image\":{\"@id\":\"https:\\\/\\\/gastronomicament.cat\\\/es\\\/#\\\/schema\\\/logo\\\/image\\\/\"},\"sameAs\":[\"https:\\\/\\\/x.com\\\/gastronomicamen\"]},{\"@type\":\"Person\",\"@id\":\"https:\\\/\\\/gastronomicament.cat\\\/es\\\/#\\\/schema\\\/person\\\/a7c85c537a1ed62799a5b8e0f686a37f\",\"name\":\"Redacci\u00f3\",\"image\":{\"@type\":\"ImageObject\",\"inLanguage\":\"es\",\"@id\":\"https:\\\/\\\/secure.gravatar.com\\\/avatar\\\/9489a485c464fd611d33825daae651d13db70c4e74c65c94937a15a9d4c3ee14?s=96&d=mm&r=g69fea3cce3645dfa2166e7293e22955e\",\"url\":\"https:\\\/\\\/secure.gravatar.com\\\/avatar\\\/9489a485c464fd611d33825daae651d13db70c4e74c65c94937a15a9d4c3ee14?s=96&d=mm&r=g\",\"contentUrl\":\"https:\\\/\\\/secure.gravatar.com\\\/avatar\\\/9489a485c464fd611d33825daae651d13db70c4e74c65c94937a15a9d4c3ee14?s=96&d=mm&r=g\",\"caption\":\"Redacci\u00f3\"},\"sameAs\":[\"http:\\\/\\\/gastronomicament.cat\"],\"url\":\"https:\\\/\\\/gastronomicament.cat\\\/es\\\/author\\\/admin\"}]}<\/script>\n<!-- \/ Yoast SEO plugin. -->","yoast_head_json":{"title":"Artalai\u00f2tica torna despr\u00e9s d'una exitosa primera edici\u00f3 - Gastron\u00f2micament","description":"Artalai\u00f2tica torna despr\u00e9s d'una exitosa primera edici\u00f3 Actualitat, Fires i rutes L'Ajuntament d'Art\u00e0 ha organitzat la segona edici\u00f3 d'Artalai\u00f2tica, la\u00a0Fira Prehist\u00f2rica i de l'Antiguitat de Mallorca","robots":{"index":"index","follow":"follow","max-snippet":"max-snippet:-1","max-image-preview":"max-image-preview:large","max-video-preview":"max-video-preview:-1"},"canonical":"https:\/\/gastronomicament.cat\/es\/artalaiotica-torna-despres-duna-exitosa-primera-edicio","og_locale":"es_ES","og_type":"article","og_title":"Artalai\u00f2tica torna despr\u00e9s d'una exitosa primera edici\u00f3 - Gastron\u00f2micament","og_description":"Artalai\u00f2tica torna despr\u00e9s d'una exitosa primera edici\u00f3 Actualitat, Fires i rutes L'Ajuntament d'Art\u00e0 ha organitzat la segona edici\u00f3 d'Artalai\u00f2tica, la\u00a0Fira Prehist\u00f2rica i de l'Antiguitat de Mallorca","og_url":"https:\/\/gastronomicament.cat\/es\/artalaiotica-torna-despres-duna-exitosa-primera-edicio","og_site_name":"Gastron\u00f2micament","article_published_time":"2018-04-18T07:31:01+00:00","article_modified_time":"2022-04-09T08:23:10+00:00","og_image":[{"width":960,"height":640,"url":"https:\/\/gastronomicament.cat\/wp-content\/uploads\/2018\/04\/Arta-Artalaiotica.jpg","type":"image\/jpeg"}],"author":"Redacci\u00f3","twitter_card":"summary_large_image","twitter_creator":"@gastronomicamen","twitter_site":"@gastronomicamen","twitter_misc":{"Escrito por":"Redacci\u00f3","Tiempo de lectura":"2 minutos","Written by":"Redacci\u00f3"},"schema":{"@context":"https:\/\/schema.org","@graph":[{"@type":"Article","@id":"https:\/\/gastronomicament.cat\/es\/artalaiotica-torna-despres-duna-exitosa-primera-edicio#article","isPartOf":{"@id":"https:\/\/gastronomicament.cat\/es\/artalaiotica-torna-despres-duna-exitosa-primera-edicio"},"author":{"name":"Redacci\u00f3","@id":"https:\/\/gastronomicament.cat\/es\/#\/schema\/person\/a7c85c537a1ed62799a5b8e0f686a37f"},"headline":"Artalai\u00f2tica torna despr\u00e9s d&#8217;una exitosa primera edici\u00f3","datePublished":"2018-04-18T07:31:01+00:00","dateModified":"2022-04-09T08:23:10+00:00","mainEntityOfPage":{"@id":"https:\/\/gastronomicament.cat\/es\/artalaiotica-torna-despres-duna-exitosa-primera-edicio"},"wordCount":349,"commentCount":0,"publisher":{"@id":"https:\/\/gastronomicament.cat\/es\/#organization"},"image":{"@id":"https:\/\/gastronomicament.cat\/es\/artalaiotica-torna-despres-duna-exitosa-primera-edicio#primaryimage"},"thumbnailUrl":"https:\/\/gastronomicament.cat\/wp-content\/uploads\/2018\/04\/Arta-Artalaiotica.jpg","articleSection":["Actualitat","Fires i rutes"],"inLanguage":"es","potentialAction":[{"@type":"CommentAction","name":"Comment","target":["https:\/\/gastronomicament.cat\/es\/artalaiotica-torna-despres-duna-exitosa-primera-edicio#respond"]}]},{"@type":"WebPage","@id":"https:\/\/gastronomicament.cat\/es\/artalaiotica-torna-despres-duna-exitosa-primera-edicio","url":"https:\/\/gastronomicament.cat\/es\/artalaiotica-torna-despres-duna-exitosa-primera-edicio","name":"Artalai\u00f2tica torna despr\u00e9s d'una exitosa primera edici\u00f3 - Gastron\u00f2micament","isPartOf":{"@id":"https:\/\/gastronomicament.cat\/es\/#website"},"primaryImageOfPage":{"@id":"https:\/\/gastronomicament.cat\/es\/artalaiotica-torna-despres-duna-exitosa-primera-edicio#primaryimage"},"image":{"@id":"https:\/\/gastronomicament.cat\/es\/artalaiotica-torna-despres-duna-exitosa-primera-edicio#primaryimage"},"thumbnailUrl":"https:\/\/gastronomicament.cat\/wp-content\/uploads\/2018\/04\/Arta-Artalaiotica.jpg","datePublished":"2018-04-18T07:31:01+00:00","dateModified":"2022-04-09T08:23:10+00:00","description":"Artalai\u00f2tica torna despr\u00e9s d'una exitosa primera edici\u00f3 Actualitat, Fires i rutes L'Ajuntament d'Art\u00e0 ha organitzat la segona edici\u00f3 d'Artalai\u00f2tica, la\u00a0Fira Prehist\u00f2rica i de l'Antiguitat de Mallorca","inLanguage":"es","potentialAction":[{"@type":"ReadAction","target":["https:\/\/gastronomicament.cat\/es\/artalaiotica-torna-despres-duna-exitosa-primera-edicio"]}]},{"@type":"ImageObject","inLanguage":"es","@id":"https:\/\/gastronomicament.cat\/es\/artalaiotica-torna-despres-duna-exitosa-primera-edicio#primaryimage","url":"https:\/\/gastronomicament.cat\/wp-content\/uploads\/2018\/04\/Arta-Artalaiotica.jpg","contentUrl":"https:\/\/gastronomicament.cat\/wp-content\/uploads\/2018\/04\/Arta-Artalaiotica.jpg","width":960,"height":640},{"@type":"WebSite","@id":"https:\/\/gastronomicament.cat\/es\/#website","url":"https:\/\/gastronomicament.cat\/es\/","name":"Gastron\u00f2micament","description":"Portal de restaurants, receptes i actualitat gastron\u00f2mica","publisher":{"@id":"https:\/\/gastronomicament.cat\/es\/#organization"},"potentialAction":[{"@type":"SearchAction","target":{"@type":"EntryPoint","urlTemplate":"https:\/\/gastronomicament.cat\/es\/?s={search_term_string}"},"query-input":{"@type":"PropertyValueSpecification","valueRequired":true,"valueName":"search_term_string"}}],"inLanguage":"es"},{"@type":"Organization","@id":"https:\/\/gastronomicament.cat\/es\/#organization","name":"Gastron\u00f2micament","url":"https:\/\/gastronomicament.cat\/es\/","logo":{"@type":"ImageObject","inLanguage":"es","@id":"https:\/\/gastronomicament.cat\/es\/#\/schema\/logo\/image\/","url":"https:\/\/gastronomicament.cat\/wp-content\/uploads\/2016\/09\/header-logo.jpg","contentUrl":"https:\/\/gastronomicament.cat\/wp-content\/uploads\/2016\/09\/header-logo.jpg","width":277,"height":39,"caption":"Gastron\u00f2micament"},"image":{"@id":"https:\/\/gastronomicament.cat\/es\/#\/schema\/logo\/image\/"},"sameAs":["https:\/\/x.com\/gastronomicamen"]},{"@type":"Person","@id":"https:\/\/gastronomicament.cat\/es\/#\/schema\/person\/a7c85c537a1ed62799a5b8e0f686a37f","name":"Redacci\u00f3","image":{"@type":"ImageObject","inLanguage":"es","@id":"https:\/\/secure.gravatar.com\/avatar\/9489a485c464fd611d33825daae651d13db70c4e74c65c94937a15a9d4c3ee14?s=96&d=mm&r=g69fea3cce3645dfa2166e7293e22955e","url":"https:\/\/secure.gravatar.com\/avatar\/9489a485c464fd611d33825daae651d13db70c4e74c65c94937a15a9d4c3ee14?s=96&d=mm&r=g","contentUrl":"https:\/\/secure.gravatar.com\/avatar\/9489a485c464fd611d33825daae651d13db70c4e74c65c94937a15a9d4c3ee14?s=96&d=mm&r=g","caption":"Redacci\u00f3"},"sameAs":["http:\/\/gastronomicament.cat"],"url":"https:\/\/gastronomicament.cat\/es\/author\/admin"}]}},"_links":{"self":[{"href":"https:\/\/gastronomicament.cat\/es\/wp-json\/wp\/v2\/posts\/68672","targetHints":{"allow":["GET"]}}],"collection":[{"href":"https:\/\/gastronomicament.cat\/es\/wp-json\/wp\/v2\/posts"}],"about":[{"href":"https:\/\/gastronomicament.cat\/es\/wp-json\/wp\/v2\/types\/post"}],"author":[{"embeddable":true,"href":"https:\/\/gastronomicament.cat\/es\/wp-json\/wp\/v2\/users\/1"}],"replies":[{"embeddable":true,"href":"https:\/\/gastronomicament.cat\/es\/wp-json\/wp\/v2\/comments?post=68672"}],"version-history":[{"count":0,"href":"https:\/\/gastronomicament.cat\/es\/wp-json\/wp\/v2\/posts\/68672\/revisions"}],"wp:featuredmedia":[{"embeddable":true,"href":"https:\/\/gastronomicament.cat\/es\/wp-json\/wp\/v2\/media\/40703"}],"wp:attachment":[{"href":"https:\/\/gastronomicament.cat\/es\/wp-json\/wp\/v2\/media?parent=68672"}],"wp:term":[{"taxonomy":"category","embeddable":true,"href":"https:\/\/gastronomicament.cat\/es\/wp-json\/wp\/v2\/categories?post=68672"},{"taxonomy":"post_tag","embeddable":true,"href":"https:\/\/gastronomicament.cat\/es\/wp-json\/wp\/v2\/tags?post=68672"},{"taxonomy":"author","embeddable":true,"href":"https:\/\/gastronomicament.cat\/es\/wp-json\/wp\/v2\/coauthors?post=68672"}],"curies":[{"name":"wp","href":"https:\/\/api.w.org\/{rel}","templated":true}]}}