{"id":68714,"date":"2018-04-05T10:12:56","date_gmt":"2018-04-05T08:12:56","guid":{"rendered":"https:\/\/gastronomicament.cat\/gran-fira-de-sant-francesc-a-muro"},"modified":"2022-04-09T10:23:34","modified_gmt":"2022-04-09T08:23:34","slug":"gran-fira-de-sant-francesc-a-muro","status":"publish","type":"post","link":"https:\/\/gastronomicament.cat\/es\/gran-fira-de-sant-francesc-a-muro","title":{"rendered":"Gran Fira de Sant Francesc a Muro"},"content":{"rendered":"<blockquote><p><em>Un programa carregat d&#8217;actes del 6 al 8 d&#8217;abril<\/em><\/p><\/blockquote>\n<p>Aquest cap de setmana, Muro viu una cap de setmana carregat de propostes per a tots els p\u00fablics. Gastronomia, artesania, m\u00fasica, mostres i tallers faran que del\u00a0<strong>6 al 8 d&#8217;abril\u00a0<\/strong>es visqui una\u00a0<strong>gran Fira de Sant Francesc a Muro<\/strong>.<\/p>\n<p>Des de l&#8217;Ajuntament s&#8217;han organitzat moltes activitats com la\u00a0<strong>Mostra de Food Trucks, la Ruta del Bon Profit, el Carassamba Festival, com tamb\u00e9 actes esportius, ballada popular i la Ruta de tapes i pinxos<\/strong>\u00a0amb batucada i tren tur\u00edstic. Podeu consultar-ne el programa de la Fira de Sant Francesc de Muro 2018 complet aqu\u00ed.<\/p>\n<p>Aqu\u00ed teniu una selecci\u00f3 d&#8217;actes:<\/p>\n<p><strong>DIVENDRES, 6 D&#8217;ABRIL<\/strong><\/p>\n<ul>\n<li>De 21 a 23:30 h,\u00a0<strong>Ruta de tapes i pinxos a ritme de batucada i tren tur\u00edstic<\/strong>. Aturades del tren: Pla\u00e7a Comte d\u2019Emp\u00faries, antic quarter, zona Bar Intensiu, Antiga Escola Graduada, Poliesportiu i Pla\u00e7a Sant Mart\u00ed.\u00a0<strong>Participants<\/strong>: Bar Los Arcos, Son Moro, Le Cheval, Bar Intensiu, Bar Poliesportiu, Nou Can Palau, Can Ribera by Zafiro i Casablanca.<\/li>\n<\/ul>\n<p><strong>DISSABTE, 7 D&#8217;ABRIL\u00a0<\/strong><\/p>\n<ul>\n<li>18 hores, hi haur\u00e0 la<strong>Mostra de Food Trucks i atraccions<\/strong>\u00a0de Fira al carrer Santa Anna.<\/li>\n<li>20 h:\u00a0<strong>Ballada popular amb Revetla d\u2019Algebel\u00ed<\/strong>, a la Pla\u00e7a del Convent.<\/li>\n<li>23:30 h:\u00a0<strong>Sonada dels xeremier<\/strong>s de Muro Es Reguinyol, a la Pla\u00e7a del Convent.<\/li>\n<li>00 h:\u00a0<strong>Tradicional baixada del conill<\/strong>. Hi col.labora: Quintada 2018 Lloc: Pla\u00e7a del Convent.<\/li>\n<\/ul>\n<p><strong>DIUMENGE, 8 D&#8217;ABRIL\u00a0<\/strong><\/p>\n<ul>\n<li><strong>Fira de Sant Francesc<\/strong>2018<\/li>\n<li><strong>XXI Mostra d\u2019artesania\u00a0<\/strong><\/li>\n<li><strong>Exposici\u00f3 d\u2019eines de matances<\/strong>cedides per Ca s\u2019Artiller Lloc: Claustre del Convent.<\/li>\n<li>Visita guiada a l\u2019<strong>exposici\u00f3 fotoetnogr\u00e0fica &#8216;Les matances a Mallorca&#8217;<\/strong>, autor: Francesc Aguil\u00f3. Lloc: Ca s\u2019Artiller (<a href=\"https:\/\/maps.google.com\/?q=C\/Gaspar+de+Bono,+15&amp;entry=gmail&amp;source=g\">C\/Gaspar de Bono, 15<\/a>).<\/li>\n<li><strong>Venda de plantes i flors<\/strong>Lloc: Pla\u00e7a del convent i part de Joan Carles I.<\/li>\n<li><strong>Tradicionals paradetes amb productes artesanals<\/strong>Lloc: C\/ Gaspar de Bono.<\/li>\n<li><strong>Exposici\u00f3 d\u2019animals<\/strong>Lloc: Avinguda santa Catalina Thom\u00e0s.<\/li>\n<li><strong>Venda de juguetes, atraccions, paradetes de fira i food trucks<\/strong>Lloc: C\/ Santa Anna.<\/li>\n<li>Exposici\u00f3 de cotxes nous, cl\u00e0ssics, motos antigues i vehicles el\u00e8ctrics Lloc: C\/ Joan Carles I.<\/li>\n<li>Paradeta per a la renovaci\u00f3 del Carnet de soci de l\u2019Associaci\u00f3 de Joves Sense Filtre Lloc: C\/ Santa Anna.<\/li>\n<li><strong>Tradicional mercat de fruites i verdures<\/strong>Lloc: Pla\u00e7a Comte d\u2019Emp\u00faries.<\/li>\n<li>10 h:<strong>Exhibici\u00f3 biketrial i trial indoor en bicicleta i moto<\/strong>\u00a0Lloc: C\/ Comunes de Can Fiol. Organitza: Escoleta de Motociclisme Base.<\/li>\n<li>11 h:\u00a0<strong>CARABASSAMBA FESTIVAL 2018<\/strong>Actuacions de batucades convidades. Lloc: Pla\u00e7a Comte d\u2019Emp\u00faries, Pla\u00e7a del Convent i Pla\u00e7a Sant Mart\u00ed.<\/li>\n<\/ul>\n<h4><strong>RUTA DEL BON PROFIT<\/strong>\u00a0(diumenge 8 d&#8217;abril)<\/h4>\n<p><strong>BAR-RESTAURANT POLIESPORTIU<\/strong><\/p>\n<p>Arr\u00f2s brut, coctail de gambes, paletilla de m\u00e8, bacall\u00e0 gratinat i escaldums de Pollastre.<br \/>\nC\/ Poliesportiu s\/n Tel. 971 86 08 47<\/p>\n<p><strong>RESTAURANT S\u2019ARCADA\u00a0<\/strong><\/p>\n<p>Arr\u00f2s brut, caragols o entremesos i nou plats a triar.<br \/>\nC\/ Ruiz Zorrila s\/n Tel. 971 86 04 66<\/p>\n<p><strong>BAR-RESTAURANT SA FONDA\u00a0<\/strong><\/p>\n<p>Bufet lliure amb porcella, paella, fideus amb anguiles&#8230;<br \/>\nPla\u00e7a Comte d\u2019Emp\u00faries Tel. 971 53 79 65<\/p>\n<p><strong>BAR LOS ARCOS<\/strong><\/p>\n<p>Plats variats.<br \/>\n<a href=\"https:\/\/maps.google.com\/?q=Pla%C3%A7a+Constituci%C3%B3,+4&amp;entry=gmail&amp;source=g\">Pla\u00e7a Constituci\u00f3, 4<\/a>\u00a0Tel. 971 53 83 26<\/p>\n<p><strong>FREIDURIA CAN BERNAT\u00a0<\/strong><\/p>\n<p>Tapes i fritures.<br \/>\n<a href=\"https:\/\/maps.google.com\/?q=Pla%C3%A7a+Sant+Mart%C3%AD,+3&amp;entry=gmail&amp;source=g\">Pla\u00e7a Sant Mart\u00ed, 3<\/a>\u00a0Tel. 971 53 81 45<\/p>\n<p><strong>BAR NOU CAN PALAU<\/strong><\/p>\n<p>Bacall\u00e0, frits, variants,pa amb oli, caragols i peus de porc.<br \/>\nC\/ Santa Anna, cantonada\u00a0<a href=\"https:\/\/maps.google.com\/?q=Bisbe+Albert%C3%AD,+2&amp;entry=gmail&amp;source=g\">Bisbe Albert\u00ed, 2<\/a><\/p>\n<p><strong>BAR CAN MORAGUES\u00a0<\/strong><\/p>\n<p>Frit de porc, pa amb oli i variats.<br \/>\n<a href=\"https:\/\/maps.google.com\/?q=C\/+Santa+Anna,+107&amp;entry=gmail&amp;source=g\">C\/ Santa Anna, 107<\/a>\u00a0Tel. 971 53 72 98<\/p>\n<p><strong>ARCO IRIS\u00a0<\/strong><\/p>\n<p>Cuina mallorquina: Arr\u00f2s brut i porcella, caragols, tacons (<em>callos<\/em>)<br \/>\nCarretera Muro &#8211; Can Picafort Km 8.4 Tel. 971 53 70 27<\/p>\n<p><strong>RESTAURANT CAN RIBERA by Zafiro\u00a0<\/strong><\/p>\n<p>Cuina de mercat.<br \/>\n<a href=\"https:\/\/maps.google.com\/?q=C\/+Comtat,+1&amp;entry=gmail&amp;source=g\">C\/ Comtat, 1<\/a>\u00a0Tel. 971 86 00 44<\/p>\n<p><strong>RESTAURANT CASABLANCA\u00a0<\/strong><\/p>\n<p>Hariro (sopa marroqu\u00ed), varietat d\u2019amanides t\u00edpiques de Marroc, cusc\u00fas amb pollastre i verdures, pollastre amb pinya, cireres i ametlles. Te i pastissets.<br \/>\n<a href=\"https:\/\/maps.google.com\/?q=C\/+M%C3%A0rtirs,+3&amp;entry=gmail&amp;source=g\">C\/ M\u00e0rtirs, 3<\/a>\u00a0Tel. 971 53 73 27<\/p>\n<p><strong>FORN CAL REI\u00a0<\/strong><\/p>\n<p>Pastissos i ensa\u00efmades variades, dol\u00e7 i salat.<br \/>\n<a href=\"https:\/\/maps.google.com\/?q=C\/+Pare+Alzina,+1&amp;entry=gmail&amp;source=g\">C\/ Pare Alzina, 1<\/a>\u00a0Tel. 871 85 15 15<\/p>\n<p><strong>FORN CAN BARCEL\u00d3\u00a0<\/strong><\/p>\n<p>Especialitat en ensa\u00efmades, pastisseria variada dol\u00e7a i salada.<br \/>\n<a href=\"https:\/\/maps.google.com\/?q=Pla%C3%A7a+Sant+Mart%C3%AD,+1&amp;entry=gmail&amp;source=g\">Pla\u00e7a Sant Mart\u00ed, 1<\/a>\u00a0Tel. 971 53 74 87<\/p>\n<p><strong>FORN CAN SEGURA<\/strong><\/p>\n<p>Pastisseria dol\u00e7a i salada variada.<br \/>\n<a href=\"https:\/\/maps.google.com\/?q=Pla%C3%A7a+Abeuradors,+6&amp;entry=gmail&amp;source=g\">Pla\u00e7a Abeuradors, 6<\/a>\u00a0Tel. 971 53 70 80<\/p>\n<p><strong>FORN CAN MOROTO\u00a0<\/strong><\/p>\n<p>Pastisseria dol\u00e7a i salada variada.<br \/>\n<a href=\"https:\/\/maps.google.com\/?q=C\/+Santa+Anna,+40&amp;entry=gmail&amp;source=g\">C\/ Santa Anna, 40<\/a>\u00a0Tel. 971 53 77 51<\/p>\n","protected":false},"excerpt":{"rendered":"<p>Aquest cap de setmana, Muro viu una cap de setmana carregat de propostes per a tots&hellip;<\/p>\n","protected":false},"author":1,"featured_media":40663,"comment_status":"open","ping_status":"closed","sticky":false,"template":"","format":"standard","meta":{"_acf_changed":false,"_swt_meta_header_display":false,"_swt_meta_footer_display":false,"_swt_meta_site_title_display":false,"_swt_meta_sticky_header":false,"_swt_meta_transparent_header":false,"footnotes":""},"categories":[1003,1004],"tags":[],"coauthors":[],"class_list":["post-68714","post","type-post","status-publish","format-standard","has-post-thumbnail","hentry","category-actualitat-es","category-fires-i-rutes-es"],"acf":{"gallery":null,"home_date":{"home_begin_date":null,"home_end_date":null}},"yoast_head":"<!-- This site is optimized with the Yoast SEO plugin v27.4 - https:\/\/yoast.com\/product\/yoast-seo-wordpress\/ -->\n<title>Gran Fira de Sant Francesc a Muro - Gastron\u00f2micament<\/title>\n<meta name=\"description\" content=\"Gran Fira de Sant Francesc a Muro Actualitat, Fires i rutes Aquest cap de setmana, Muro viu una cap de setmana carregat de propostes per a tots els p\u00fablics. Gastronomia, artesania, m\u00fasica, mostres i tallers faran que del\u00a06 al 8 d&#039;abril\u00a0es visqui una\u00a0gran Fira de Sant Francesc a Muro\" \/>\n<meta name=\"robots\" content=\"index, follow, max-snippet:-1, max-image-preview:large, max-video-preview:-1\" \/>\n<link rel=\"canonical\" href=\"https:\/\/gastronomicament.cat\/es\/gran-fira-de-sant-francesc-a-muro\" \/>\n<meta property=\"og:locale\" content=\"es_ES\" \/>\n<meta property=\"og:type\" content=\"article\" \/>\n<meta property=\"og:title\" content=\"Gran Fira de Sant Francesc a Muro - Gastron\u00f2micament\" \/>\n<meta property=\"og:description\" content=\"Gran Fira de Sant Francesc a Muro Actualitat, Fires i rutes Aquest cap de setmana, Muro viu una cap de setmana carregat de propostes per a tots els p\u00fablics. Gastronomia, artesania, m\u00fasica, mostres i tallers faran que del\u00a06 al 8 d&#039;abril\u00a0es visqui una\u00a0gran Fira de Sant Francesc a Muro\" \/>\n<meta property=\"og:url\" content=\"https:\/\/gastronomicament.cat\/es\/gran-fira-de-sant-francesc-a-muro\" \/>\n<meta property=\"og:site_name\" content=\"Gastron\u00f2micament\" \/>\n<meta property=\"article:published_time\" content=\"2018-04-05T08:12:56+00:00\" \/>\n<meta property=\"article:modified_time\" content=\"2022-04-09T08:23:34+00:00\" \/>\n<meta property=\"og:image\" content=\"https:\/\/gastronomicament.cat\/wp-content\/uploads\/2018\/04\/Fira-de-Sant-Francesc-Muro-2018.jpg\" \/>\n\t<meta property=\"og:image:width\" content=\"1531\" \/>\n\t<meta property=\"og:image:height\" content=\"825\" \/>\n\t<meta property=\"og:image:type\" content=\"image\/jpeg\" \/>\n<meta name=\"author\" content=\"Redacci\u00f3\" \/>\n<meta name=\"twitter:card\" content=\"summary_large_image\" \/>\n<meta name=\"twitter:creator\" content=\"@gastronomicamen\" \/>\n<meta name=\"twitter:site\" content=\"@gastronomicamen\" \/>\n<meta name=\"twitter:label1\" content=\"Escrito por\" \/>\n\t<meta name=\"twitter:data1\" content=\"Redacci\u00f3\" \/>\n\t<meta name=\"twitter:label2\" content=\"Tiempo de lectura\" \/>\n\t<meta name=\"twitter:data2\" content=\"3 minutos\" \/>\n\t<meta name=\"twitter:label3\" content=\"Written by\" \/>\n\t<meta name=\"twitter:data3\" content=\"Redacci\u00f3\" \/>\n<script type=\"application\/ld+json\" class=\"yoast-schema-graph\">{\"@context\":\"https:\\\/\\\/schema.org\",\"@graph\":[{\"@type\":\"Article\",\"@id\":\"https:\\\/\\\/gastronomicament.cat\\\/es\\\/gran-fira-de-sant-francesc-a-muro#article\",\"isPartOf\":{\"@id\":\"https:\\\/\\\/gastronomicament.cat\\\/es\\\/gran-fira-de-sant-francesc-a-muro\"},\"author\":{\"name\":\"Redacci\u00f3\",\"@id\":\"https:\\\/\\\/gastronomicament.cat\\\/es\\\/#\\\/schema\\\/person\\\/a7c85c537a1ed62799a5b8e0f686a37f\"},\"headline\":\"Gran Fira de Sant Francesc a Muro\",\"datePublished\":\"2018-04-05T08:12:56+00:00\",\"dateModified\":\"2022-04-09T08:23:34+00:00\",\"mainEntityOfPage\":{\"@id\":\"https:\\\/\\\/gastronomicament.cat\\\/es\\\/gran-fira-de-sant-francesc-a-muro\"},\"wordCount\":659,\"commentCount\":0,\"publisher\":{\"@id\":\"https:\\\/\\\/gastronomicament.cat\\\/es\\\/#organization\"},\"image\":{\"@id\":\"https:\\\/\\\/gastronomicament.cat\\\/es\\\/gran-fira-de-sant-francesc-a-muro#primaryimage\"},\"thumbnailUrl\":\"https:\\\/\\\/gastronomicament.cat\\\/wp-content\\\/uploads\\\/2018\\\/04\\\/Fira-de-Sant-Francesc-Muro-2018.jpg\",\"articleSection\":[\"Actualitat\",\"Fires i rutes\"],\"inLanguage\":\"es\",\"potentialAction\":[{\"@type\":\"CommentAction\",\"name\":\"Comment\",\"target\":[\"https:\\\/\\\/gastronomicament.cat\\\/es\\\/gran-fira-de-sant-francesc-a-muro#respond\"]}]},{\"@type\":\"WebPage\",\"@id\":\"https:\\\/\\\/gastronomicament.cat\\\/es\\\/gran-fira-de-sant-francesc-a-muro\",\"url\":\"https:\\\/\\\/gastronomicament.cat\\\/es\\\/gran-fira-de-sant-francesc-a-muro\",\"name\":\"Gran Fira de Sant Francesc a Muro - Gastron\u00f2micament\",\"isPartOf\":{\"@id\":\"https:\\\/\\\/gastronomicament.cat\\\/es\\\/#website\"},\"primaryImageOfPage\":{\"@id\":\"https:\\\/\\\/gastronomicament.cat\\\/es\\\/gran-fira-de-sant-francesc-a-muro#primaryimage\"},\"image\":{\"@id\":\"https:\\\/\\\/gastronomicament.cat\\\/es\\\/gran-fira-de-sant-francesc-a-muro#primaryimage\"},\"thumbnailUrl\":\"https:\\\/\\\/gastronomicament.cat\\\/wp-content\\\/uploads\\\/2018\\\/04\\\/Fira-de-Sant-Francesc-Muro-2018.jpg\",\"datePublished\":\"2018-04-05T08:12:56+00:00\",\"dateModified\":\"2022-04-09T08:23:34+00:00\",\"description\":\"Gran Fira de Sant Francesc a Muro Actualitat, Fires i rutes Aquest cap de setmana, Muro viu una cap de setmana carregat de propostes per a tots els p\u00fablics. Gastronomia, artesania, m\u00fasica, mostres i tallers faran que del\u00a06 al 8 d'abril\u00a0es visqui una\u00a0gran Fira de Sant Francesc a Muro\",\"inLanguage\":\"es\",\"potentialAction\":[{\"@type\":\"ReadAction\",\"target\":[\"https:\\\/\\\/gastronomicament.cat\\\/es\\\/gran-fira-de-sant-francesc-a-muro\"]}]},{\"@type\":\"ImageObject\",\"inLanguage\":\"es\",\"@id\":\"https:\\\/\\\/gastronomicament.cat\\\/es\\\/gran-fira-de-sant-francesc-a-muro#primaryimage\",\"url\":\"https:\\\/\\\/gastronomicament.cat\\\/wp-content\\\/uploads\\\/2018\\\/04\\\/Fira-de-Sant-Francesc-Muro-2018.jpg\",\"contentUrl\":\"https:\\\/\\\/gastronomicament.cat\\\/wp-content\\\/uploads\\\/2018\\\/04\\\/Fira-de-Sant-Francesc-Muro-2018.jpg\",\"width\":1531,\"height\":825},{\"@type\":\"WebSite\",\"@id\":\"https:\\\/\\\/gastronomicament.cat\\\/es\\\/#website\",\"url\":\"https:\\\/\\\/gastronomicament.cat\\\/es\\\/\",\"name\":\"Gastron\u00f2micament\",\"description\":\"Portal de restaurants, receptes i actualitat gastron\u00f2mica\",\"publisher\":{\"@id\":\"https:\\\/\\\/gastronomicament.cat\\\/es\\\/#organization\"},\"potentialAction\":[{\"@type\":\"SearchAction\",\"target\":{\"@type\":\"EntryPoint\",\"urlTemplate\":\"https:\\\/\\\/gastronomicament.cat\\\/es\\\/?s={search_term_string}\"},\"query-input\":{\"@type\":\"PropertyValueSpecification\",\"valueRequired\":true,\"valueName\":\"search_term_string\"}}],\"inLanguage\":\"es\"},{\"@type\":\"Organization\",\"@id\":\"https:\\\/\\\/gastronomicament.cat\\\/es\\\/#organization\",\"name\":\"Gastron\u00f2micament\",\"url\":\"https:\\\/\\\/gastronomicament.cat\\\/es\\\/\",\"logo\":{\"@type\":\"ImageObject\",\"inLanguage\":\"es\",\"@id\":\"https:\\\/\\\/gastronomicament.cat\\\/es\\\/#\\\/schema\\\/logo\\\/image\\\/\",\"url\":\"https:\\\/\\\/gastronomicament.cat\\\/wp-content\\\/uploads\\\/2016\\\/09\\\/header-logo.jpg\",\"contentUrl\":\"https:\\\/\\\/gastronomicament.cat\\\/wp-content\\\/uploads\\\/2016\\\/09\\\/header-logo.jpg\",\"width\":277,\"height\":39,\"caption\":\"Gastron\u00f2micament\"},\"image\":{\"@id\":\"https:\\\/\\\/gastronomicament.cat\\\/es\\\/#\\\/schema\\\/logo\\\/image\\\/\"},\"sameAs\":[\"https:\\\/\\\/x.com\\\/gastronomicamen\"]},{\"@type\":\"Person\",\"@id\":\"https:\\\/\\\/gastronomicament.cat\\\/es\\\/#\\\/schema\\\/person\\\/a7c85c537a1ed62799a5b8e0f686a37f\",\"name\":\"Redacci\u00f3\",\"image\":{\"@type\":\"ImageObject\",\"inLanguage\":\"es\",\"@id\":\"https:\\\/\\\/secure.gravatar.com\\\/avatar\\\/9489a485c464fd611d33825daae651d13db70c4e74c65c94937a15a9d4c3ee14?s=96&d=mm&r=g69fea3cce3645dfa2166e7293e22955e\",\"url\":\"https:\\\/\\\/secure.gravatar.com\\\/avatar\\\/9489a485c464fd611d33825daae651d13db70c4e74c65c94937a15a9d4c3ee14?s=96&d=mm&r=g\",\"contentUrl\":\"https:\\\/\\\/secure.gravatar.com\\\/avatar\\\/9489a485c464fd611d33825daae651d13db70c4e74c65c94937a15a9d4c3ee14?s=96&d=mm&r=g\",\"caption\":\"Redacci\u00f3\"},\"sameAs\":[\"http:\\\/\\\/gastronomicament.cat\"],\"url\":\"https:\\\/\\\/gastronomicament.cat\\\/es\\\/author\\\/admin\"}]}<\/script>\n<!-- \/ Yoast SEO plugin. -->","yoast_head_json":{"title":"Gran Fira de Sant Francesc a Muro - Gastron\u00f2micament","description":"Gran Fira de Sant Francesc a Muro Actualitat, Fires i rutes Aquest cap de setmana, Muro viu una cap de setmana carregat de propostes per a tots els p\u00fablics. Gastronomia, artesania, m\u00fasica, mostres i tallers faran que del\u00a06 al 8 d'abril\u00a0es visqui una\u00a0gran Fira de Sant Francesc a Muro","robots":{"index":"index","follow":"follow","max-snippet":"max-snippet:-1","max-image-preview":"max-image-preview:large","max-video-preview":"max-video-preview:-1"},"canonical":"https:\/\/gastronomicament.cat\/es\/gran-fira-de-sant-francesc-a-muro","og_locale":"es_ES","og_type":"article","og_title":"Gran Fira de Sant Francesc a Muro - Gastron\u00f2micament","og_description":"Gran Fira de Sant Francesc a Muro Actualitat, Fires i rutes Aquest cap de setmana, Muro viu una cap de setmana carregat de propostes per a tots els p\u00fablics. Gastronomia, artesania, m\u00fasica, mostres i tallers faran que del\u00a06 al 8 d'abril\u00a0es visqui una\u00a0gran Fira de Sant Francesc a Muro","og_url":"https:\/\/gastronomicament.cat\/es\/gran-fira-de-sant-francesc-a-muro","og_site_name":"Gastron\u00f2micament","article_published_time":"2018-04-05T08:12:56+00:00","article_modified_time":"2022-04-09T08:23:34+00:00","og_image":[{"width":1531,"height":825,"url":"https:\/\/gastronomicament.cat\/wp-content\/uploads\/2018\/04\/Fira-de-Sant-Francesc-Muro-2018.jpg","type":"image\/jpeg"}],"author":"Redacci\u00f3","twitter_card":"summary_large_image","twitter_creator":"@gastronomicamen","twitter_site":"@gastronomicamen","twitter_misc":{"Escrito por":"Redacci\u00f3","Tiempo de lectura":"3 minutos","Written by":"Redacci\u00f3"},"schema":{"@context":"https:\/\/schema.org","@graph":[{"@type":"Article","@id":"https:\/\/gastronomicament.cat\/es\/gran-fira-de-sant-francesc-a-muro#article","isPartOf":{"@id":"https:\/\/gastronomicament.cat\/es\/gran-fira-de-sant-francesc-a-muro"},"author":{"name":"Redacci\u00f3","@id":"https:\/\/gastronomicament.cat\/es\/#\/schema\/person\/a7c85c537a1ed62799a5b8e0f686a37f"},"headline":"Gran Fira de Sant Francesc a Muro","datePublished":"2018-04-05T08:12:56+00:00","dateModified":"2022-04-09T08:23:34+00:00","mainEntityOfPage":{"@id":"https:\/\/gastronomicament.cat\/es\/gran-fira-de-sant-francesc-a-muro"},"wordCount":659,"commentCount":0,"publisher":{"@id":"https:\/\/gastronomicament.cat\/es\/#organization"},"image":{"@id":"https:\/\/gastronomicament.cat\/es\/gran-fira-de-sant-francesc-a-muro#primaryimage"},"thumbnailUrl":"https:\/\/gastronomicament.cat\/wp-content\/uploads\/2018\/04\/Fira-de-Sant-Francesc-Muro-2018.jpg","articleSection":["Actualitat","Fires i rutes"],"inLanguage":"es","potentialAction":[{"@type":"CommentAction","name":"Comment","target":["https:\/\/gastronomicament.cat\/es\/gran-fira-de-sant-francesc-a-muro#respond"]}]},{"@type":"WebPage","@id":"https:\/\/gastronomicament.cat\/es\/gran-fira-de-sant-francesc-a-muro","url":"https:\/\/gastronomicament.cat\/es\/gran-fira-de-sant-francesc-a-muro","name":"Gran Fira de Sant Francesc a Muro - Gastron\u00f2micament","isPartOf":{"@id":"https:\/\/gastronomicament.cat\/es\/#website"},"primaryImageOfPage":{"@id":"https:\/\/gastronomicament.cat\/es\/gran-fira-de-sant-francesc-a-muro#primaryimage"},"image":{"@id":"https:\/\/gastronomicament.cat\/es\/gran-fira-de-sant-francesc-a-muro#primaryimage"},"thumbnailUrl":"https:\/\/gastronomicament.cat\/wp-content\/uploads\/2018\/04\/Fira-de-Sant-Francesc-Muro-2018.jpg","datePublished":"2018-04-05T08:12:56+00:00","dateModified":"2022-04-09T08:23:34+00:00","description":"Gran Fira de Sant Francesc a Muro Actualitat, Fires i rutes Aquest cap de setmana, Muro viu una cap de setmana carregat de propostes per a tots els p\u00fablics. Gastronomia, artesania, m\u00fasica, mostres i tallers faran que del\u00a06 al 8 d'abril\u00a0es visqui una\u00a0gran Fira de Sant Francesc a Muro","inLanguage":"es","potentialAction":[{"@type":"ReadAction","target":["https:\/\/gastronomicament.cat\/es\/gran-fira-de-sant-francesc-a-muro"]}]},{"@type":"ImageObject","inLanguage":"es","@id":"https:\/\/gastronomicament.cat\/es\/gran-fira-de-sant-francesc-a-muro#primaryimage","url":"https:\/\/gastronomicament.cat\/wp-content\/uploads\/2018\/04\/Fira-de-Sant-Francesc-Muro-2018.jpg","contentUrl":"https:\/\/gastronomicament.cat\/wp-content\/uploads\/2018\/04\/Fira-de-Sant-Francesc-Muro-2018.jpg","width":1531,"height":825},{"@type":"WebSite","@id":"https:\/\/gastronomicament.cat\/es\/#website","url":"https:\/\/gastronomicament.cat\/es\/","name":"Gastron\u00f2micament","description":"Portal de restaurants, receptes i actualitat gastron\u00f2mica","publisher":{"@id":"https:\/\/gastronomicament.cat\/es\/#organization"},"potentialAction":[{"@type":"SearchAction","target":{"@type":"EntryPoint","urlTemplate":"https:\/\/gastronomicament.cat\/es\/?s={search_term_string}"},"query-input":{"@type":"PropertyValueSpecification","valueRequired":true,"valueName":"search_term_string"}}],"inLanguage":"es"},{"@type":"Organization","@id":"https:\/\/gastronomicament.cat\/es\/#organization","name":"Gastron\u00f2micament","url":"https:\/\/gastronomicament.cat\/es\/","logo":{"@type":"ImageObject","inLanguage":"es","@id":"https:\/\/gastronomicament.cat\/es\/#\/schema\/logo\/image\/","url":"https:\/\/gastronomicament.cat\/wp-content\/uploads\/2016\/09\/header-logo.jpg","contentUrl":"https:\/\/gastronomicament.cat\/wp-content\/uploads\/2016\/09\/header-logo.jpg","width":277,"height":39,"caption":"Gastron\u00f2micament"},"image":{"@id":"https:\/\/gastronomicament.cat\/es\/#\/schema\/logo\/image\/"},"sameAs":["https:\/\/x.com\/gastronomicamen"]},{"@type":"Person","@id":"https:\/\/gastronomicament.cat\/es\/#\/schema\/person\/a7c85c537a1ed62799a5b8e0f686a37f","name":"Redacci\u00f3","image":{"@type":"ImageObject","inLanguage":"es","@id":"https:\/\/secure.gravatar.com\/avatar\/9489a485c464fd611d33825daae651d13db70c4e74c65c94937a15a9d4c3ee14?s=96&d=mm&r=g69fea3cce3645dfa2166e7293e22955e","url":"https:\/\/secure.gravatar.com\/avatar\/9489a485c464fd611d33825daae651d13db70c4e74c65c94937a15a9d4c3ee14?s=96&d=mm&r=g","contentUrl":"https:\/\/secure.gravatar.com\/avatar\/9489a485c464fd611d33825daae651d13db70c4e74c65c94937a15a9d4c3ee14?s=96&d=mm&r=g","caption":"Redacci\u00f3"},"sameAs":["http:\/\/gastronomicament.cat"],"url":"https:\/\/gastronomicament.cat\/es\/author\/admin"}]}},"_links":{"self":[{"href":"https:\/\/gastronomicament.cat\/es\/wp-json\/wp\/v2\/posts\/68714","targetHints":{"allow":["GET"]}}],"collection":[{"href":"https:\/\/gastronomicament.cat\/es\/wp-json\/wp\/v2\/posts"}],"about":[{"href":"https:\/\/gastronomicament.cat\/es\/wp-json\/wp\/v2\/types\/post"}],"author":[{"embeddable":true,"href":"https:\/\/gastronomicament.cat\/es\/wp-json\/wp\/v2\/users\/1"}],"replies":[{"embeddable":true,"href":"https:\/\/gastronomicament.cat\/es\/wp-json\/wp\/v2\/comments?post=68714"}],"version-history":[{"count":0,"href":"https:\/\/gastronomicament.cat\/es\/wp-json\/wp\/v2\/posts\/68714\/revisions"}],"wp:featuredmedia":[{"embeddable":true,"href":"https:\/\/gastronomicament.cat\/es\/wp-json\/wp\/v2\/media\/40663"}],"wp:attachment":[{"href":"https:\/\/gastronomicament.cat\/es\/wp-json\/wp\/v2\/media?parent=68714"}],"wp:term":[{"taxonomy":"category","embeddable":true,"href":"https:\/\/gastronomicament.cat\/es\/wp-json\/wp\/v2\/categories?post=68714"},{"taxonomy":"post_tag","embeddable":true,"href":"https:\/\/gastronomicament.cat\/es\/wp-json\/wp\/v2\/tags?post=68714"},{"taxonomy":"author","embeddable":true,"href":"https:\/\/gastronomicament.cat\/es\/wp-json\/wp\/v2\/coauthors?post=68714"}],"curies":[{"name":"wp","href":"https:\/\/api.w.org\/{rel}","templated":true}]}}