{"id":69029,"date":"2017-12-13T10:23:49","date_gmt":"2017-12-13T09:23:49","guid":{"rendered":"https:\/\/gastronomicament.cat\/activitats-culinaries-gastronomiques-mallorca"},"modified":"2022-04-09T10:27:09","modified_gmt":"2022-04-09T08:27:09","slug":"activitats-culinaries-gastronomiques-mallorca","status":"publish","type":"post","link":"https:\/\/gastronomicament.cat\/es\/activitats-culinaries-gastronomiques-mallorca","title":{"rendered":"Activitats culin\u00e0ries i gastron\u00f2miques a Mallorca"},"content":{"rendered":"<p><em>Es fan durant el mes de desembre a 5 municipis de l&#8217;illa<\/em><\/p>\n<p>Hem preparat una selecci\u00f3 de propostes culin\u00e0ries, que abasten des de tallers de cuina fins a tasts i degustacions. Aquesta petita agenda gastron\u00f2mica se centra en cinc municipis de Mallorca: Santa Eug\u00e8nia, S\u00f3ller, Algaida, Santa Maria del Cam\u00ed i Portocristo.<\/p>\n<p><strong>SANTA EUG\u00c8NIA<\/strong><\/p>\n<p><strong>Dimecres, 13 de desembre<\/strong><\/p>\n<p><strong>Taller de cuina per a tots<\/strong>. A les 19:00 hores al Menjador de l\u2019Escola .<\/p>\n<p><strong>Elaboracions sense gluten, sense lactosa, sense sucres afegits i vegetarianes<\/strong>. Taller obert a tothom. Es duran a terme diverses elaboracions d\u2019estil tapa o barqueta, de temporada amb aires m\u00e9s nadalencs i que siguin una bona opci\u00f3 per les festes de nadal. Taller participatiu en qu\u00e8 els assistents hauran de posar-hi la m\u00e0. Hi haur\u00e0 elaboracions dolces i salades. Horari: de 19 a 21 h aproximadament. En finalitzar, hi haur\u00e0 una petita degustaci\u00f3 dels plats elaborats. Inscripci\u00f3 a l\u2019Ajuntament de Santa Eug\u00e8nia (971 144 397). Aforament de 30 persones. A c\u00e0rrec del cuiner Miquel \u00c0ngel Coll. Preu: 5 euros (Places limitades)<\/p>\n<p><strong>SANTA EUG\u00c8NIA<\/strong><\/p>\n<p><strong>Dijous, 14 de desembre<\/strong><\/p>\n<p><strong>Taller cuina amb amics<\/strong>. A les 19:00 hores al Menjador de l\u2019Escola.<\/p>\n<p>Elaboraci\u00f3 d\u2019un\u00a0<strong>men\u00fa nadalenc per elaborar i gaudir amb amics o fam\u00edlia<\/strong>. Taller per a tots els p\u00fablic, on s\u2019elaborar\u00e0 un men\u00fa d\u2019estil nadalenc, f\u00e0cil i econ\u00f2mic, orientat a un men\u00fa que es pot dur a terme entre amics o fam\u00edlia, on l\u2019objectiu principal \u00e9s gaudir de cuinar i despr\u00e9s fer un \u00e0pat tots junts. Horari: de 19:00 h a 21:00 h aproximadament. En finalitzar, hi haur\u00e0 una petita degustaci\u00f3 dels plats elaborats. Inscripci\u00f3 a l\u2019Ajuntament de Santa Eug\u00e8nia (971 144 397). Aforament de 30 persones. A c\u00e0rrec del cuiner Miquel \u00c0ngel Coll. Preu: 5 euros (Places limitades)<\/p>\n<p><strong>ALGAIDA<\/strong><\/p>\n<p><strong>Divendres, 15 de desembre<\/strong><\/p>\n<p><strong>I Tast de cervesa artesana<\/strong>. A les 20.30 hores. Realment, qu\u00e8 bevem? Campanya de sensibilitzaci\u00f3 dirigida a joves d\u2019entre 18 i 35 anys organitzada pel Casal dels Joves d\u2019Algaida amb la col\u00b7laboraci\u00f3 de Cervesa des Pla, Cervesa Banyarriquer, Associaci\u00f3 Malalts de Birra, Aldarq-Arqueologia Imaginativa i Associaci\u00f3 Cultura Gastron\u00f2mica d\u2019Algaida. Inscripcions al\u00a0<a href=\"mailto:casaldelsjoves@ajalgaida.net\">casaldelsjoves@ajalgaida.net<\/a>\u00a0abans de dia 14 de desembre. Places limitades. Activitat gratu\u00efta. A l\u2019Espai Colomer 15 d\u2019Algaida. #NoSiguisAse#<\/p>\n<p><strong>MARRATX\u00cd<\/strong><\/p>\n<p><strong>Divendres, 15 de desembre<\/strong><\/p>\n<p><strong>Taller de sushi<\/strong>. A les 19 hores. L&#8217;\u00c0rea de Joventut de l&#8217;Ajuntament de Marratx\u00ed ha organitzat un taller per aprendre a fer sushi. Es far\u00e0 a Ca ses Monges, al Pla de na Tesa. Inscripci\u00f3 romandr\u00e0 oberta fins al dia 13. Apuntau-vos com a m\u00e0xim el 13 desembre al 671 050 176. Inscripci\u00f3 gratu\u00efta.<\/p>\n<p><strong>S\u00d3LLER<\/strong><\/p>\n<p><strong>Divendres, 15 de desembre<\/strong><\/p>\n<p><strong>Tardeo i degustaci\u00f3 de pinxos<\/strong>. A benefici de Passes per en Pau. Fins a les 00 hores. Actuacions de:\u00a0<strong>19:30\u00a0h:<\/strong>\u00a0Suasi i Old Noise\u00a0<strong>20:15\u00a0h:<\/strong>\u00a0Aires Sollerics\u00a0<strong>21\u00a0h<\/strong>: A la Pla\u00e7a, fideu\u00e0 solid\u00e0ria a benefici de Passes per en Pau.<\/p>\n<p><strong>MARRATX\u00cd<\/strong><\/p>\n<p><strong>Diumenge, 17 de desembre<\/strong><\/p>\n<p><strong>Fira de la Llet d&#8217;Ametla<\/strong>. A partir 10 hores. El nucli del Pla de na Tesa celebra la 12a edici\u00f3 de la Fira de la Llet d&#8217;Ametla.\u00a0Hi trobareu paradetes comercials, artesanals, exposici\u00f3 de veh\u00edcles antics, exposici\u00f3 d\u2019animals&#8230; i una xerrada sobre el proc\u00e9s d\u2019elaboraci\u00f3 de la llet d\u2019ametlla, a m\u00e9s d&#8217;una cercavila i un passacarrers amb els caparrots i els Xeremies de Marratx\u00ed<\/p>\n<p><strong>ALGAIDA<\/strong><\/p>\n<p><strong>Dimecres, 20 de desembre<\/strong><\/p>\n<p><strong>Taller de\u00a0cakepops<\/strong>. A les 18.00 hores. Adre\u00e7at a joves majors de 12 anys. Activitat gratu\u00efta. Inscripcions al\u00a0<a href=\"mailto:casaldelsjoves@ajalgaida.net\">casaldelsjoves@ajalgaida.net<\/a>\u00a0abans de dilluns, dia 18 de desembre. Organitzat pel Casal dels Joves d\u2019Algaida amb la col\u00b7laboraci\u00f3 de Magdalena Espacio Creativo. Al Casal dels Joves.<\/p>\n<p><strong>S\u00d3LLER<\/strong><\/p>\n<p><strong>Dijous, 21 de desembre<\/strong><\/p>\n<p><strong>Taller d\u2019elaboraci\u00f3 de les sopes de Nadal<\/strong>. A les 19:30 h, a Can Dulce. Vine a aprendre una recepta tradicional del nadal solleric. A c\u00e0rrec d\u2019Aida Mart\u00ed, Inma Rodr\u00edguez i Maria Mart\u00ed.<\/p>\n<p><strong>PORTOCRISTO<\/strong><\/p>\n<p><strong>Dijous, 28 de desembre<\/strong><\/p>\n<p><strong>Taller infantil Cuinadal<\/strong>. A les 11 hores. Taller de cuina infantil que s&#8217;impartir\u00e0 a l&#8217;oficina municipal. A c\u00e0rrec de Sebasti\u00e0 Riera Pocov\u00ed.<\/p>\n<p><strong>ALGAIDA<\/strong><\/p>\n<p><strong>Dijous, 28 de desembre<\/strong><\/p>\n<p><strong>Taller de cuina divertida per a infants, mares i pares<\/strong>. A les 17.00 h, a c\u00e0rrec de Magdalena Espacio Creativo. Inscripcions fins dimarts dia 26 de desembre a les Oficines Municipals de la Casa de la Vila. Preu: 2,00 \u20ac per infant. Per a nins i nines de 3 a 12 anys. Inscrip\u00b7cions limitades. Organitzat per l\u2019Ajuntament d\u2019Algaida (971 125 335) i Magdalena Espacio Creativo. Al Casal dels Joves.<\/p>\n<p><strong>SANTA MARIA DEL CAM\u00cd<\/strong><\/p>\n<p><strong>Divendres, 29 de desembre<\/strong><\/p>\n<p><strong>Tast de vins santamariers<\/strong>. A les 19 hores. A Ca s&#8217;Apotecari, a c\u00e0rrec del sommelier Toni Vich. Preu 10 euros. Places limitades. Inscripcions a: casapotecari [arrova]<a href=\"http:\/\/ajsantamariadelcami.org\/\">ajsantamariadelcami.org<\/a><\/p>\n<pre>Autor foto:\u00a0<a href=\"https:\/\/pixabay.com\/en\/users\/monicore-1499084\/\" target=\"_blank\" rel=\"noopener\" data-saferedirecturl=\"https:\/\/www.google.com\/url?hl=es&amp;q=https:\/\/pixabay.com\/en\/users\/monicore-1499084\/&amp;source=gmail&amp;ust=1513241054809000&amp;usg=AFQjCNE8-oTYWq9qYZByYqLbDnzzpUbgvw\">monicore<\/a><\/pre>\n","protected":false},"excerpt":{"rendered":"<p>Hem preparat una selecci\u00f3 de propostes culin\u00e0ries, que abasten des de tallers de cuina fins a&hellip;<\/p>\n","protected":false},"author":1,"featured_media":40373,"comment_status":"open","ping_status":"closed","sticky":false,"template":"","format":"standard","meta":{"_acf_changed":false,"_swt_meta_header_display":false,"_swt_meta_footer_display":false,"_swt_meta_site_title_display":false,"_swt_meta_sticky_header":false,"_swt_meta_transparent_header":false,"footnotes":""},"categories":[1003,1486],"tags":[],"coauthors":[],"class_list":["post-69029","post","type-post","status-publish","format-standard","has-post-thumbnail","hentry","category-actualitat-es","category-cursos-i-tallers-es"],"acf":{"gallery":null,"home_date":{"home_begin_date":null,"home_end_date":null}},"yoast_head":"<!-- This site is optimized with the Yoast SEO plugin v27.4 - https:\/\/yoast.com\/product\/yoast-seo-wordpress\/ -->\n<title>Activitats culin\u00e0ries i gastron\u00f2miques a Mallorca - Gastron\u00f2micament<\/title>\n<meta name=\"description\" content=\"Activitats culin\u00e0ries i gastron\u00f2miques a Mallorca Actualitat, Cursos i tallers Hem preparat una selecci\u00f3 de propostes culin\u00e0ries, que abasten des de tallers de cuina fins a tasts i degustacions\" \/>\n<meta name=\"robots\" content=\"index, follow, max-snippet:-1, max-image-preview:large, max-video-preview:-1\" \/>\n<link rel=\"canonical\" href=\"https:\/\/gastronomicament.cat\/es\/activitats-culinaries-gastronomiques-mallorca\" \/>\n<meta property=\"og:locale\" content=\"es_ES\" \/>\n<meta property=\"og:type\" content=\"article\" \/>\n<meta property=\"og:title\" content=\"Activitats culin\u00e0ries i gastron\u00f2miques a Mallorca - Gastron\u00f2micament\" \/>\n<meta property=\"og:description\" content=\"Activitats culin\u00e0ries i gastron\u00f2miques a Mallorca Actualitat, Cursos i tallers Hem preparat una selecci\u00f3 de propostes culin\u00e0ries, que abasten des de tallers de cuina fins a tasts i degustacions\" \/>\n<meta property=\"og:url\" content=\"https:\/\/gastronomicament.cat\/es\/activitats-culinaries-gastronomiques-mallorca\" \/>\n<meta property=\"og:site_name\" content=\"Gastron\u00f2micament\" \/>\n<meta property=\"article:published_time\" content=\"2017-12-13T09:23:49+00:00\" \/>\n<meta property=\"article:modified_time\" content=\"2022-04-09T08:27:09+00:00\" \/>\n<meta property=\"og:image\" content=\"https:\/\/gastronomicament.cat\/wp-content\/uploads\/2017\/12\/Activitats-Nadal-2017.jpg\" \/>\n\t<meta property=\"og:image:width\" content=\"1280\" \/>\n\t<meta property=\"og:image:height\" content=\"602\" \/>\n\t<meta property=\"og:image:type\" content=\"image\/jpeg\" \/>\n<meta name=\"author\" content=\"Redacci\u00f3\" \/>\n<meta name=\"twitter:card\" content=\"summary_large_image\" \/>\n<meta name=\"twitter:creator\" content=\"@gastronomicamen\" \/>\n<meta name=\"twitter:site\" content=\"@gastronomicamen\" \/>\n<meta name=\"twitter:label1\" content=\"Escrito por\" \/>\n\t<meta name=\"twitter:data1\" content=\"Redacci\u00f3\" \/>\n\t<meta name=\"twitter:label2\" content=\"Tiempo de lectura\" \/>\n\t<meta name=\"twitter:data2\" content=\"4 minutos\" \/>\n\t<meta name=\"twitter:label3\" content=\"Written by\" \/>\n\t<meta name=\"twitter:data3\" content=\"Redacci\u00f3\" \/>\n<script type=\"application\/ld+json\" class=\"yoast-schema-graph\">{\"@context\":\"https:\\\/\\\/schema.org\",\"@graph\":[{\"@type\":\"Article\",\"@id\":\"https:\\\/\\\/gastronomicament.cat\\\/es\\\/activitats-culinaries-gastronomiques-mallorca#article\",\"isPartOf\":{\"@id\":\"https:\\\/\\\/gastronomicament.cat\\\/es\\\/activitats-culinaries-gastronomiques-mallorca\"},\"author\":{\"name\":\"Redacci\u00f3\",\"@id\":\"https:\\\/\\\/gastronomicament.cat\\\/es\\\/#\\\/schema\\\/person\\\/a7c85c537a1ed62799a5b8e0f686a37f\"},\"headline\":\"Activitats culin\u00e0ries i gastron\u00f2miques a Mallorca\",\"datePublished\":\"2017-12-13T09:23:49+00:00\",\"dateModified\":\"2022-04-09T08:27:09+00:00\",\"mainEntityOfPage\":{\"@id\":\"https:\\\/\\\/gastronomicament.cat\\\/es\\\/activitats-culinaries-gastronomiques-mallorca\"},\"wordCount\":772,\"commentCount\":0,\"publisher\":{\"@id\":\"https:\\\/\\\/gastronomicament.cat\\\/es\\\/#organization\"},\"image\":{\"@id\":\"https:\\\/\\\/gastronomicament.cat\\\/es\\\/activitats-culinaries-gastronomiques-mallorca#primaryimage\"},\"thumbnailUrl\":\"https:\\\/\\\/gastronomicament.cat\\\/wp-content\\\/uploads\\\/2017\\\/12\\\/Activitats-Nadal-2017.jpg\",\"articleSection\":[\"Actualitat\",\"Cursos i tallers\"],\"inLanguage\":\"es\",\"potentialAction\":[{\"@type\":\"CommentAction\",\"name\":\"Comment\",\"target\":[\"https:\\\/\\\/gastronomicament.cat\\\/es\\\/activitats-culinaries-gastronomiques-mallorca#respond\"]}]},{\"@type\":\"WebPage\",\"@id\":\"https:\\\/\\\/gastronomicament.cat\\\/es\\\/activitats-culinaries-gastronomiques-mallorca\",\"url\":\"https:\\\/\\\/gastronomicament.cat\\\/es\\\/activitats-culinaries-gastronomiques-mallorca\",\"name\":\"Activitats culin\u00e0ries i gastron\u00f2miques a Mallorca - Gastron\u00f2micament\",\"isPartOf\":{\"@id\":\"https:\\\/\\\/gastronomicament.cat\\\/es\\\/#website\"},\"primaryImageOfPage\":{\"@id\":\"https:\\\/\\\/gastronomicament.cat\\\/es\\\/activitats-culinaries-gastronomiques-mallorca#primaryimage\"},\"image\":{\"@id\":\"https:\\\/\\\/gastronomicament.cat\\\/es\\\/activitats-culinaries-gastronomiques-mallorca#primaryimage\"},\"thumbnailUrl\":\"https:\\\/\\\/gastronomicament.cat\\\/wp-content\\\/uploads\\\/2017\\\/12\\\/Activitats-Nadal-2017.jpg\",\"datePublished\":\"2017-12-13T09:23:49+00:00\",\"dateModified\":\"2022-04-09T08:27:09+00:00\",\"description\":\"Activitats culin\u00e0ries i gastron\u00f2miques a Mallorca Actualitat, Cursos i tallers Hem preparat una selecci\u00f3 de propostes culin\u00e0ries, que abasten des de tallers de cuina fins a tasts i degustacions\",\"inLanguage\":\"es\",\"potentialAction\":[{\"@type\":\"ReadAction\",\"target\":[\"https:\\\/\\\/gastronomicament.cat\\\/es\\\/activitats-culinaries-gastronomiques-mallorca\"]}]},{\"@type\":\"ImageObject\",\"inLanguage\":\"es\",\"@id\":\"https:\\\/\\\/gastronomicament.cat\\\/es\\\/activitats-culinaries-gastronomiques-mallorca#primaryimage\",\"url\":\"https:\\\/\\\/gastronomicament.cat\\\/wp-content\\\/uploads\\\/2017\\\/12\\\/Activitats-Nadal-2017.jpg\",\"contentUrl\":\"https:\\\/\\\/gastronomicament.cat\\\/wp-content\\\/uploads\\\/2017\\\/12\\\/Activitats-Nadal-2017.jpg\",\"width\":1280,\"height\":602},{\"@type\":\"WebSite\",\"@id\":\"https:\\\/\\\/gastronomicament.cat\\\/es\\\/#website\",\"url\":\"https:\\\/\\\/gastronomicament.cat\\\/es\\\/\",\"name\":\"Gastron\u00f2micament\",\"description\":\"Portal de restaurants, receptes i actualitat gastron\u00f2mica\",\"publisher\":{\"@id\":\"https:\\\/\\\/gastronomicament.cat\\\/es\\\/#organization\"},\"potentialAction\":[{\"@type\":\"SearchAction\",\"target\":{\"@type\":\"EntryPoint\",\"urlTemplate\":\"https:\\\/\\\/gastronomicament.cat\\\/es\\\/?s={search_term_string}\"},\"query-input\":{\"@type\":\"PropertyValueSpecification\",\"valueRequired\":true,\"valueName\":\"search_term_string\"}}],\"inLanguage\":\"es\"},{\"@type\":\"Organization\",\"@id\":\"https:\\\/\\\/gastronomicament.cat\\\/es\\\/#organization\",\"name\":\"Gastron\u00f2micament\",\"url\":\"https:\\\/\\\/gastronomicament.cat\\\/es\\\/\",\"logo\":{\"@type\":\"ImageObject\",\"inLanguage\":\"es\",\"@id\":\"https:\\\/\\\/gastronomicament.cat\\\/es\\\/#\\\/schema\\\/logo\\\/image\\\/\",\"url\":\"https:\\\/\\\/gastronomicament.cat\\\/wp-content\\\/uploads\\\/2016\\\/09\\\/header-logo.jpg\",\"contentUrl\":\"https:\\\/\\\/gastronomicament.cat\\\/wp-content\\\/uploads\\\/2016\\\/09\\\/header-logo.jpg\",\"width\":277,\"height\":39,\"caption\":\"Gastron\u00f2micament\"},\"image\":{\"@id\":\"https:\\\/\\\/gastronomicament.cat\\\/es\\\/#\\\/schema\\\/logo\\\/image\\\/\"},\"sameAs\":[\"https:\\\/\\\/x.com\\\/gastronomicamen\"]},{\"@type\":\"Person\",\"@id\":\"https:\\\/\\\/gastronomicament.cat\\\/es\\\/#\\\/schema\\\/person\\\/a7c85c537a1ed62799a5b8e0f686a37f\",\"name\":\"Redacci\u00f3\",\"image\":{\"@type\":\"ImageObject\",\"inLanguage\":\"es\",\"@id\":\"https:\\\/\\\/secure.gravatar.com\\\/avatar\\\/9489a485c464fd611d33825daae651d13db70c4e74c65c94937a15a9d4c3ee14?s=96&d=mm&r=g69fea3cce3645dfa2166e7293e22955e\",\"url\":\"https:\\\/\\\/secure.gravatar.com\\\/avatar\\\/9489a485c464fd611d33825daae651d13db70c4e74c65c94937a15a9d4c3ee14?s=96&d=mm&r=g\",\"contentUrl\":\"https:\\\/\\\/secure.gravatar.com\\\/avatar\\\/9489a485c464fd611d33825daae651d13db70c4e74c65c94937a15a9d4c3ee14?s=96&d=mm&r=g\",\"caption\":\"Redacci\u00f3\"},\"sameAs\":[\"http:\\\/\\\/gastronomicament.cat\"],\"url\":\"https:\\\/\\\/gastronomicament.cat\\\/es\\\/author\\\/admin\"}]}<\/script>\n<!-- \/ Yoast SEO plugin. -->","yoast_head_json":{"title":"Activitats culin\u00e0ries i gastron\u00f2miques a Mallorca - Gastron\u00f2micament","description":"Activitats culin\u00e0ries i gastron\u00f2miques a Mallorca Actualitat, Cursos i tallers Hem preparat una selecci\u00f3 de propostes culin\u00e0ries, que abasten des de tallers de cuina fins a tasts i degustacions","robots":{"index":"index","follow":"follow","max-snippet":"max-snippet:-1","max-image-preview":"max-image-preview:large","max-video-preview":"max-video-preview:-1"},"canonical":"https:\/\/gastronomicament.cat\/es\/activitats-culinaries-gastronomiques-mallorca","og_locale":"es_ES","og_type":"article","og_title":"Activitats culin\u00e0ries i gastron\u00f2miques a Mallorca - Gastron\u00f2micament","og_description":"Activitats culin\u00e0ries i gastron\u00f2miques a Mallorca Actualitat, Cursos i tallers Hem preparat una selecci\u00f3 de propostes culin\u00e0ries, que abasten des de tallers de cuina fins a tasts i degustacions","og_url":"https:\/\/gastronomicament.cat\/es\/activitats-culinaries-gastronomiques-mallorca","og_site_name":"Gastron\u00f2micament","article_published_time":"2017-12-13T09:23:49+00:00","article_modified_time":"2022-04-09T08:27:09+00:00","og_image":[{"width":1280,"height":602,"url":"https:\/\/gastronomicament.cat\/wp-content\/uploads\/2017\/12\/Activitats-Nadal-2017.jpg","type":"image\/jpeg"}],"author":"Redacci\u00f3","twitter_card":"summary_large_image","twitter_creator":"@gastronomicamen","twitter_site":"@gastronomicamen","twitter_misc":{"Escrito por":"Redacci\u00f3","Tiempo de lectura":"4 minutos","Written by":"Redacci\u00f3"},"schema":{"@context":"https:\/\/schema.org","@graph":[{"@type":"Article","@id":"https:\/\/gastronomicament.cat\/es\/activitats-culinaries-gastronomiques-mallorca#article","isPartOf":{"@id":"https:\/\/gastronomicament.cat\/es\/activitats-culinaries-gastronomiques-mallorca"},"author":{"name":"Redacci\u00f3","@id":"https:\/\/gastronomicament.cat\/es\/#\/schema\/person\/a7c85c537a1ed62799a5b8e0f686a37f"},"headline":"Activitats culin\u00e0ries i gastron\u00f2miques a Mallorca","datePublished":"2017-12-13T09:23:49+00:00","dateModified":"2022-04-09T08:27:09+00:00","mainEntityOfPage":{"@id":"https:\/\/gastronomicament.cat\/es\/activitats-culinaries-gastronomiques-mallorca"},"wordCount":772,"commentCount":0,"publisher":{"@id":"https:\/\/gastronomicament.cat\/es\/#organization"},"image":{"@id":"https:\/\/gastronomicament.cat\/es\/activitats-culinaries-gastronomiques-mallorca#primaryimage"},"thumbnailUrl":"https:\/\/gastronomicament.cat\/wp-content\/uploads\/2017\/12\/Activitats-Nadal-2017.jpg","articleSection":["Actualitat","Cursos i tallers"],"inLanguage":"es","potentialAction":[{"@type":"CommentAction","name":"Comment","target":["https:\/\/gastronomicament.cat\/es\/activitats-culinaries-gastronomiques-mallorca#respond"]}]},{"@type":"WebPage","@id":"https:\/\/gastronomicament.cat\/es\/activitats-culinaries-gastronomiques-mallorca","url":"https:\/\/gastronomicament.cat\/es\/activitats-culinaries-gastronomiques-mallorca","name":"Activitats culin\u00e0ries i gastron\u00f2miques a Mallorca - Gastron\u00f2micament","isPartOf":{"@id":"https:\/\/gastronomicament.cat\/es\/#website"},"primaryImageOfPage":{"@id":"https:\/\/gastronomicament.cat\/es\/activitats-culinaries-gastronomiques-mallorca#primaryimage"},"image":{"@id":"https:\/\/gastronomicament.cat\/es\/activitats-culinaries-gastronomiques-mallorca#primaryimage"},"thumbnailUrl":"https:\/\/gastronomicament.cat\/wp-content\/uploads\/2017\/12\/Activitats-Nadal-2017.jpg","datePublished":"2017-12-13T09:23:49+00:00","dateModified":"2022-04-09T08:27:09+00:00","description":"Activitats culin\u00e0ries i gastron\u00f2miques a Mallorca Actualitat, Cursos i tallers Hem preparat una selecci\u00f3 de propostes culin\u00e0ries, que abasten des de tallers de cuina fins a tasts i degustacions","inLanguage":"es","potentialAction":[{"@type":"ReadAction","target":["https:\/\/gastronomicament.cat\/es\/activitats-culinaries-gastronomiques-mallorca"]}]},{"@type":"ImageObject","inLanguage":"es","@id":"https:\/\/gastronomicament.cat\/es\/activitats-culinaries-gastronomiques-mallorca#primaryimage","url":"https:\/\/gastronomicament.cat\/wp-content\/uploads\/2017\/12\/Activitats-Nadal-2017.jpg","contentUrl":"https:\/\/gastronomicament.cat\/wp-content\/uploads\/2017\/12\/Activitats-Nadal-2017.jpg","width":1280,"height":602},{"@type":"WebSite","@id":"https:\/\/gastronomicament.cat\/es\/#website","url":"https:\/\/gastronomicament.cat\/es\/","name":"Gastron\u00f2micament","description":"Portal de restaurants, receptes i actualitat gastron\u00f2mica","publisher":{"@id":"https:\/\/gastronomicament.cat\/es\/#organization"},"potentialAction":[{"@type":"SearchAction","target":{"@type":"EntryPoint","urlTemplate":"https:\/\/gastronomicament.cat\/es\/?s={search_term_string}"},"query-input":{"@type":"PropertyValueSpecification","valueRequired":true,"valueName":"search_term_string"}}],"inLanguage":"es"},{"@type":"Organization","@id":"https:\/\/gastronomicament.cat\/es\/#organization","name":"Gastron\u00f2micament","url":"https:\/\/gastronomicament.cat\/es\/","logo":{"@type":"ImageObject","inLanguage":"es","@id":"https:\/\/gastronomicament.cat\/es\/#\/schema\/logo\/image\/","url":"https:\/\/gastronomicament.cat\/wp-content\/uploads\/2016\/09\/header-logo.jpg","contentUrl":"https:\/\/gastronomicament.cat\/wp-content\/uploads\/2016\/09\/header-logo.jpg","width":277,"height":39,"caption":"Gastron\u00f2micament"},"image":{"@id":"https:\/\/gastronomicament.cat\/es\/#\/schema\/logo\/image\/"},"sameAs":["https:\/\/x.com\/gastronomicamen"]},{"@type":"Person","@id":"https:\/\/gastronomicament.cat\/es\/#\/schema\/person\/a7c85c537a1ed62799a5b8e0f686a37f","name":"Redacci\u00f3","image":{"@type":"ImageObject","inLanguage":"es","@id":"https:\/\/secure.gravatar.com\/avatar\/9489a485c464fd611d33825daae651d13db70c4e74c65c94937a15a9d4c3ee14?s=96&d=mm&r=g69fea3cce3645dfa2166e7293e22955e","url":"https:\/\/secure.gravatar.com\/avatar\/9489a485c464fd611d33825daae651d13db70c4e74c65c94937a15a9d4c3ee14?s=96&d=mm&r=g","contentUrl":"https:\/\/secure.gravatar.com\/avatar\/9489a485c464fd611d33825daae651d13db70c4e74c65c94937a15a9d4c3ee14?s=96&d=mm&r=g","caption":"Redacci\u00f3"},"sameAs":["http:\/\/gastronomicament.cat"],"url":"https:\/\/gastronomicament.cat\/es\/author\/admin"}]}},"_links":{"self":[{"href":"https:\/\/gastronomicament.cat\/es\/wp-json\/wp\/v2\/posts\/69029","targetHints":{"allow":["GET"]}}],"collection":[{"href":"https:\/\/gastronomicament.cat\/es\/wp-json\/wp\/v2\/posts"}],"about":[{"href":"https:\/\/gastronomicament.cat\/es\/wp-json\/wp\/v2\/types\/post"}],"author":[{"embeddable":true,"href":"https:\/\/gastronomicament.cat\/es\/wp-json\/wp\/v2\/users\/1"}],"replies":[{"embeddable":true,"href":"https:\/\/gastronomicament.cat\/es\/wp-json\/wp\/v2\/comments?post=69029"}],"version-history":[{"count":0,"href":"https:\/\/gastronomicament.cat\/es\/wp-json\/wp\/v2\/posts\/69029\/revisions"}],"wp:featuredmedia":[{"embeddable":true,"href":"https:\/\/gastronomicament.cat\/es\/wp-json\/wp\/v2\/media\/40373"}],"wp:attachment":[{"href":"https:\/\/gastronomicament.cat\/es\/wp-json\/wp\/v2\/media?parent=69029"}],"wp:term":[{"taxonomy":"category","embeddable":true,"href":"https:\/\/gastronomicament.cat\/es\/wp-json\/wp\/v2\/categories?post=69029"},{"taxonomy":"post_tag","embeddable":true,"href":"https:\/\/gastronomicament.cat\/es\/wp-json\/wp\/v2\/tags?post=69029"},{"taxonomy":"author","embeddable":true,"href":"https:\/\/gastronomicament.cat\/es\/wp-json\/wp\/v2\/coauthors?post=69029"}],"curies":[{"name":"wp","href":"https:\/\/api.w.org\/{rel}","templated":true}]}}