{"id":69438,"date":"2017-06-20T09:36:17","date_gmt":"2017-06-20T07:36:17","guid":{"rendered":"https:\/\/gastronomicament.cat\/tess-de-mar-kairiku-els-restaurants-del-nou-hotel-sa-creu-nova-de-campos"},"modified":"2017-06-20T09:36:17","modified_gmt":"2017-06-20T07:36:17","slug":"tess-de-mar-kairiku-els-restaurants-del-nou-hotel-sa-creu-nova-de-campos","status":"publish","type":"post","link":"https:\/\/gastronomicament.cat\/es\/tess-de-mar-kairiku-els-restaurants-del-nou-hotel-sa-creu-nova-de-campos","title":{"rendered":"Tess de Mar i Kairiku, els restaurants del nou hotel Sa Creu Nova de Campos"},"content":{"rendered":"<blockquote><p><strong>L&#8217;hotel de Campos de 5 estrelles obre dos nous restaurants, el primer de cuina d&#8217;autor i mediterr\u00e0nia; i el segon, d&#8217;alta cuina japonesa<\/strong><\/p><\/blockquote>\n<p>Acaba d&#8217;obrir un nou hotel a\u00a0<strong>Campos<\/strong>. Es tracta de\u00a0<strong><a href=\"http:\/\/www.sacreunova.com\/\">Sa Creu Nova<\/a>\u00a0Art Hotel &amp; Spa<\/strong>, que es troba ubicat en un edifici catalogat pel seu valor arquitect\u00f2nic. Aquest establiment de 5 estrelles fusiona l&#8217;arquitectura cl\u00e0ssica mallorquina amb el disseny m\u00e9s actual. Els seus impulsors i propietaris s\u00f3n Enric Pic\u00f3 i\u00a0Teresa Art\u00e9s de Arcos, que amb molt de gust, passi\u00f3 i dedicaci\u00f3, han creat un espai \u00fanic que encisa.<\/p>\n<p><strong>Dos restaurants<\/strong><\/p>\n<p>Juntament amb les 16 habitacions de l&#8217;hotel, hi trobareu dos restaurants, oberts a clients i qualsevol persona que vulgui gaudir una proposta culin\u00e0ria selecta.<\/p>\n<p><strong>Tess de Mar<\/strong>\u00a0\u00e9s un restaurant mediterrani i d&#8217;autor que ofereix plats de la gastronomia mallorquina amb un toc modern i internacional, suggeriments culinaris elaborats amb productes de proximitat, elaborats pel xef Juan M. Ocampo, fins ara cuiner del Hyatt Regency Dubai. A la sala hi trobareu el cap de sala\u00a0Eduardo Salazar, qui s&#8217;ha encarregat de seleccionar una suggerent proposta de vins de Mallorca.<\/p>\n<p><strong>Kairiku\u00a0<\/strong>\u00e9s un exclusiu restaurant japon\u00e8s. Es troba ubicat a l&#8217;antic celler de la casa que alberga l&#8217;hotel. \u00c9s un espai \u00edntim que ofereix un men\u00fa degustaci\u00f3 d&#8217;alta cuina japonesa en una sola taula \u00fanica per a 10 persones, nom\u00e9s al vespre.<\/p>\n<p>M\u00e9s informaci\u00f3:\u00a0871 515 345<\/p>\n<p><iframe style=\"border: 0;\" src=\"https:\/\/www.google.com\/maps\/embed?pb=!1m18!1m12!1m3!1d3081.6352692365954!2d3.016871215824496!3d39.43237137949163!2m3!1f0!2f0!3f0!3m2!1i1024!2i768!4f13.1!3m3!1m2!1s0x1297ade223a84a9d%3A0x3ad14b5fed0a9c61!2sCarrer+de+sa+Creu%2C+10%2C+07630+Campos%2C+Illes+Balears!5e0!3m2!1sca!2ses!4v1497867810635\" width=\"600\" height=\"450\" frameborder=\"0\" allowfullscreen=\"allowfullscreen\"><\/iframe><\/p>\n","protected":false},"excerpt":{"rendered":"<p>L&#8217;hotel de Campos de 5 estrelles obre dos nous restaurants, el primer de cuina d&#8217;autor i&hellip;<\/p>\n","protected":false},"author":1,"featured_media":40019,"comment_status":"open","ping_status":"closed","sticky":false,"template":"","format":"gallery","meta":{"_acf_changed":false,"_swt_meta_header_display":false,"_swt_meta_footer_display":false,"_swt_meta_site_title_display":false,"_swt_meta_sticky_header":false,"_swt_meta_transparent_header":false,"footnotes":""},"categories":[1003,1477],"tags":[],"coauthors":[],"class_list":["post-69438","post","type-post","status-publish","format-gallery","has-post-thumbnail","hentry","category-actualitat-es","category-reportatges-i-novetats-es","post_format-post-format-gallery"],"acf":{"gallery":null,"home_date":{"home_begin_date":null,"home_end_date":null}},"yoast_head":"<!-- This site is optimized with the Yoast SEO plugin v27.4 - https:\/\/yoast.com\/product\/yoast-seo-wordpress\/ -->\n<title>Tess de Mar i Kairiku, els restaurants del nou hotel Sa Creu Nova de Campos - Gastron\u00f2micament<\/title>\n<meta name=\"description\" content=\"Tess de Mar i Kairiku, els restaurants del nou hotel Sa Creu Nova de Campos Actualitat, Reportatges i novetats L&#039;hotel de Campos de 5 estrelles obre dos nous restaurants, el primer de cuina d&#039;autor i mediterr\u00e0nia; i el segon, d&#039;alta cuina japonesa\" \/>\n<meta name=\"robots\" content=\"index, follow, max-snippet:-1, max-image-preview:large, max-video-preview:-1\" \/>\n<link rel=\"canonical\" href=\"https:\/\/gastronomicament.cat\/es\/tess-de-mar-kairiku-els-restaurants-del-nou-hotel-sa-creu-nova-de-campos\" \/>\n<meta property=\"og:locale\" content=\"es_ES\" \/>\n<meta property=\"og:type\" content=\"article\" \/>\n<meta property=\"og:title\" content=\"Tess de Mar i Kairiku, els restaurants del nou hotel Sa Creu Nova de Campos - Gastron\u00f2micament\" \/>\n<meta property=\"og:description\" content=\"Tess de Mar i Kairiku, els restaurants del nou hotel Sa Creu Nova de Campos Actualitat, Reportatges i novetats L&#039;hotel de Campos de 5 estrelles obre dos nous restaurants, el primer de cuina d&#039;autor i mediterr\u00e0nia; i el segon, d&#039;alta cuina japonesa\" \/>\n<meta property=\"og:url\" content=\"https:\/\/gastronomicament.cat\/es\/tess-de-mar-kairiku-els-restaurants-del-nou-hotel-sa-creu-nova-de-campos\" \/>\n<meta property=\"og:site_name\" content=\"Gastron\u00f2micament\" \/>\n<meta property=\"article:published_time\" content=\"2017-06-20T07:36:17+00:00\" \/>\n<meta property=\"og:image\" content=\"https:\/\/gastronomicament.cat\/wp-content\/uploads\/2017\/06\/Restaurante-Tess-de-Mar-Campos-Mallorca.jpg\" \/>\n\t<meta property=\"og:image:width\" content=\"2000\" \/>\n\t<meta property=\"og:image:height\" content=\"1334\" \/>\n\t<meta property=\"og:image:type\" content=\"image\/jpeg\" \/>\n<meta name=\"author\" content=\"Redacci\u00f3\" \/>\n<meta name=\"twitter:card\" content=\"summary_large_image\" \/>\n<meta name=\"twitter:creator\" content=\"@gastronomicamen\" \/>\n<meta name=\"twitter:site\" content=\"@gastronomicamen\" \/>\n<meta name=\"twitter:label1\" content=\"Escrito por\" \/>\n\t<meta name=\"twitter:data1\" content=\"Redacci\u00f3\" \/>\n\t<meta name=\"twitter:label2\" content=\"Tiempo de lectura\" \/>\n\t<meta name=\"twitter:data2\" content=\"1 minuto\" \/>\n\t<meta name=\"twitter:label3\" content=\"Written by\" \/>\n\t<meta name=\"twitter:data3\" content=\"Redacci\u00f3\" \/>\n<script type=\"application\/ld+json\" class=\"yoast-schema-graph\">{\"@context\":\"https:\\\/\\\/schema.org\",\"@graph\":[{\"@type\":\"Article\",\"@id\":\"https:\\\/\\\/gastronomicament.cat\\\/es\\\/tess-de-mar-kairiku-els-restaurants-del-nou-hotel-sa-creu-nova-de-campos#article\",\"isPartOf\":{\"@id\":\"https:\\\/\\\/gastronomicament.cat\\\/es\\\/tess-de-mar-kairiku-els-restaurants-del-nou-hotel-sa-creu-nova-de-campos\"},\"author\":{\"name\":\"Redacci\u00f3\",\"@id\":\"https:\\\/\\\/gastronomicament.cat\\\/es\\\/#\\\/schema\\\/person\\\/a7c85c537a1ed62799a5b8e0f686a37f\"},\"headline\":\"Tess de Mar i Kairiku, els restaurants del nou hotel Sa Creu Nova de Campos\",\"datePublished\":\"2017-06-20T07:36:17+00:00\",\"mainEntityOfPage\":{\"@id\":\"https:\\\/\\\/gastronomicament.cat\\\/es\\\/tess-de-mar-kairiku-els-restaurants-del-nou-hotel-sa-creu-nova-de-campos\"},\"wordCount\":250,\"commentCount\":0,\"publisher\":{\"@id\":\"https:\\\/\\\/gastronomicament.cat\\\/es\\\/#organization\"},\"image\":{\"@id\":\"https:\\\/\\\/gastronomicament.cat\\\/es\\\/tess-de-mar-kairiku-els-restaurants-del-nou-hotel-sa-creu-nova-de-campos#primaryimage\"},\"thumbnailUrl\":\"https:\\\/\\\/gastronomicament.cat\\\/wp-content\\\/uploads\\\/2017\\\/06\\\/Restaurante-Tess-de-Mar-Campos-Mallorca.jpg\",\"articleSection\":[\"Actualitat\",\"Reportatges i novetats\"],\"inLanguage\":\"es\",\"potentialAction\":[{\"@type\":\"CommentAction\",\"name\":\"Comment\",\"target\":[\"https:\\\/\\\/gastronomicament.cat\\\/es\\\/tess-de-mar-kairiku-els-restaurants-del-nou-hotel-sa-creu-nova-de-campos#respond\"]}]},{\"@type\":\"WebPage\",\"@id\":\"https:\\\/\\\/gastronomicament.cat\\\/es\\\/tess-de-mar-kairiku-els-restaurants-del-nou-hotel-sa-creu-nova-de-campos\",\"url\":\"https:\\\/\\\/gastronomicament.cat\\\/es\\\/tess-de-mar-kairiku-els-restaurants-del-nou-hotel-sa-creu-nova-de-campos\",\"name\":\"Tess de Mar i Kairiku, els restaurants del nou hotel Sa Creu Nova de Campos - Gastron\u00f2micament\",\"isPartOf\":{\"@id\":\"https:\\\/\\\/gastronomicament.cat\\\/es\\\/#website\"},\"primaryImageOfPage\":{\"@id\":\"https:\\\/\\\/gastronomicament.cat\\\/es\\\/tess-de-mar-kairiku-els-restaurants-del-nou-hotel-sa-creu-nova-de-campos#primaryimage\"},\"image\":{\"@id\":\"https:\\\/\\\/gastronomicament.cat\\\/es\\\/tess-de-mar-kairiku-els-restaurants-del-nou-hotel-sa-creu-nova-de-campos#primaryimage\"},\"thumbnailUrl\":\"https:\\\/\\\/gastronomicament.cat\\\/wp-content\\\/uploads\\\/2017\\\/06\\\/Restaurante-Tess-de-Mar-Campos-Mallorca.jpg\",\"datePublished\":\"2017-06-20T07:36:17+00:00\",\"description\":\"Tess de Mar i Kairiku, els restaurants del nou hotel Sa Creu Nova de Campos Actualitat, Reportatges i novetats L'hotel de Campos de 5 estrelles obre dos nous restaurants, el primer de cuina d'autor i mediterr\u00e0nia; i el segon, d'alta cuina japonesa\",\"inLanguage\":\"es\",\"potentialAction\":[{\"@type\":\"ReadAction\",\"target\":[\"https:\\\/\\\/gastronomicament.cat\\\/es\\\/tess-de-mar-kairiku-els-restaurants-del-nou-hotel-sa-creu-nova-de-campos\"]}]},{\"@type\":\"ImageObject\",\"inLanguage\":\"es\",\"@id\":\"https:\\\/\\\/gastronomicament.cat\\\/es\\\/tess-de-mar-kairiku-els-restaurants-del-nou-hotel-sa-creu-nova-de-campos#primaryimage\",\"url\":\"https:\\\/\\\/gastronomicament.cat\\\/wp-content\\\/uploads\\\/2017\\\/06\\\/Restaurante-Tess-de-Mar-Campos-Mallorca.jpg\",\"contentUrl\":\"https:\\\/\\\/gastronomicament.cat\\\/wp-content\\\/uploads\\\/2017\\\/06\\\/Restaurante-Tess-de-Mar-Campos-Mallorca.jpg\",\"width\":2000,\"height\":1334},{\"@type\":\"WebSite\",\"@id\":\"https:\\\/\\\/gastronomicament.cat\\\/es\\\/#website\",\"url\":\"https:\\\/\\\/gastronomicament.cat\\\/es\\\/\",\"name\":\"Gastron\u00f2micament\",\"description\":\"Portal de restaurants, receptes i actualitat gastron\u00f2mica\",\"publisher\":{\"@id\":\"https:\\\/\\\/gastronomicament.cat\\\/es\\\/#organization\"},\"potentialAction\":[{\"@type\":\"SearchAction\",\"target\":{\"@type\":\"EntryPoint\",\"urlTemplate\":\"https:\\\/\\\/gastronomicament.cat\\\/es\\\/?s={search_term_string}\"},\"query-input\":{\"@type\":\"PropertyValueSpecification\",\"valueRequired\":true,\"valueName\":\"search_term_string\"}}],\"inLanguage\":\"es\"},{\"@type\":\"Organization\",\"@id\":\"https:\\\/\\\/gastronomicament.cat\\\/es\\\/#organization\",\"name\":\"Gastron\u00f2micament\",\"url\":\"https:\\\/\\\/gastronomicament.cat\\\/es\\\/\",\"logo\":{\"@type\":\"ImageObject\",\"inLanguage\":\"es\",\"@id\":\"https:\\\/\\\/gastronomicament.cat\\\/es\\\/#\\\/schema\\\/logo\\\/image\\\/\",\"url\":\"https:\\\/\\\/gastronomicament.cat\\\/wp-content\\\/uploads\\\/2016\\\/09\\\/header-logo.jpg\",\"contentUrl\":\"https:\\\/\\\/gastronomicament.cat\\\/wp-content\\\/uploads\\\/2016\\\/09\\\/header-logo.jpg\",\"width\":277,\"height\":39,\"caption\":\"Gastron\u00f2micament\"},\"image\":{\"@id\":\"https:\\\/\\\/gastronomicament.cat\\\/es\\\/#\\\/schema\\\/logo\\\/image\\\/\"},\"sameAs\":[\"https:\\\/\\\/x.com\\\/gastronomicamen\"]},{\"@type\":\"Person\",\"@id\":\"https:\\\/\\\/gastronomicament.cat\\\/es\\\/#\\\/schema\\\/person\\\/a7c85c537a1ed62799a5b8e0f686a37f\",\"name\":\"Redacci\u00f3\",\"image\":{\"@type\":\"ImageObject\",\"inLanguage\":\"es\",\"@id\":\"https:\\\/\\\/secure.gravatar.com\\\/avatar\\\/9489a485c464fd611d33825daae651d13db70c4e74c65c94937a15a9d4c3ee14?s=96&d=mm&r=g69fea3cce3645dfa2166e7293e22955e\",\"url\":\"https:\\\/\\\/secure.gravatar.com\\\/avatar\\\/9489a485c464fd611d33825daae651d13db70c4e74c65c94937a15a9d4c3ee14?s=96&d=mm&r=g\",\"contentUrl\":\"https:\\\/\\\/secure.gravatar.com\\\/avatar\\\/9489a485c464fd611d33825daae651d13db70c4e74c65c94937a15a9d4c3ee14?s=96&d=mm&r=g\",\"caption\":\"Redacci\u00f3\"},\"sameAs\":[\"http:\\\/\\\/gastronomicament.cat\"],\"url\":\"https:\\\/\\\/gastronomicament.cat\\\/es\\\/author\\\/admin\"}]}<\/script>\n<!-- \/ Yoast SEO plugin. -->","yoast_head_json":{"title":"Tess de Mar i Kairiku, els restaurants del nou hotel Sa Creu Nova de Campos - Gastron\u00f2micament","description":"Tess de Mar i Kairiku, els restaurants del nou hotel Sa Creu Nova de Campos Actualitat, Reportatges i novetats L'hotel de Campos de 5 estrelles obre dos nous restaurants, el primer de cuina d'autor i mediterr\u00e0nia; i el segon, d'alta cuina japonesa","robots":{"index":"index","follow":"follow","max-snippet":"max-snippet:-1","max-image-preview":"max-image-preview:large","max-video-preview":"max-video-preview:-1"},"canonical":"https:\/\/gastronomicament.cat\/es\/tess-de-mar-kairiku-els-restaurants-del-nou-hotel-sa-creu-nova-de-campos","og_locale":"es_ES","og_type":"article","og_title":"Tess de Mar i Kairiku, els restaurants del nou hotel Sa Creu Nova de Campos - Gastron\u00f2micament","og_description":"Tess de Mar i Kairiku, els restaurants del nou hotel Sa Creu Nova de Campos Actualitat, Reportatges i novetats L'hotel de Campos de 5 estrelles obre dos nous restaurants, el primer de cuina d'autor i mediterr\u00e0nia; i el segon, d'alta cuina japonesa","og_url":"https:\/\/gastronomicament.cat\/es\/tess-de-mar-kairiku-els-restaurants-del-nou-hotel-sa-creu-nova-de-campos","og_site_name":"Gastron\u00f2micament","article_published_time":"2017-06-20T07:36:17+00:00","og_image":[{"width":2000,"height":1334,"url":"https:\/\/gastronomicament.cat\/wp-content\/uploads\/2017\/06\/Restaurante-Tess-de-Mar-Campos-Mallorca.jpg","type":"image\/jpeg"}],"author":"Redacci\u00f3","twitter_card":"summary_large_image","twitter_creator":"@gastronomicamen","twitter_site":"@gastronomicamen","twitter_misc":{"Escrito por":"Redacci\u00f3","Tiempo de lectura":"1 minuto","Written by":"Redacci\u00f3"},"schema":{"@context":"https:\/\/schema.org","@graph":[{"@type":"Article","@id":"https:\/\/gastronomicament.cat\/es\/tess-de-mar-kairiku-els-restaurants-del-nou-hotel-sa-creu-nova-de-campos#article","isPartOf":{"@id":"https:\/\/gastronomicament.cat\/es\/tess-de-mar-kairiku-els-restaurants-del-nou-hotel-sa-creu-nova-de-campos"},"author":{"name":"Redacci\u00f3","@id":"https:\/\/gastronomicament.cat\/es\/#\/schema\/person\/a7c85c537a1ed62799a5b8e0f686a37f"},"headline":"Tess de Mar i Kairiku, els restaurants del nou hotel Sa Creu Nova de Campos","datePublished":"2017-06-20T07:36:17+00:00","mainEntityOfPage":{"@id":"https:\/\/gastronomicament.cat\/es\/tess-de-mar-kairiku-els-restaurants-del-nou-hotel-sa-creu-nova-de-campos"},"wordCount":250,"commentCount":0,"publisher":{"@id":"https:\/\/gastronomicament.cat\/es\/#organization"},"image":{"@id":"https:\/\/gastronomicament.cat\/es\/tess-de-mar-kairiku-els-restaurants-del-nou-hotel-sa-creu-nova-de-campos#primaryimage"},"thumbnailUrl":"https:\/\/gastronomicament.cat\/wp-content\/uploads\/2017\/06\/Restaurante-Tess-de-Mar-Campos-Mallorca.jpg","articleSection":["Actualitat","Reportatges i novetats"],"inLanguage":"es","potentialAction":[{"@type":"CommentAction","name":"Comment","target":["https:\/\/gastronomicament.cat\/es\/tess-de-mar-kairiku-els-restaurants-del-nou-hotel-sa-creu-nova-de-campos#respond"]}]},{"@type":"WebPage","@id":"https:\/\/gastronomicament.cat\/es\/tess-de-mar-kairiku-els-restaurants-del-nou-hotel-sa-creu-nova-de-campos","url":"https:\/\/gastronomicament.cat\/es\/tess-de-mar-kairiku-els-restaurants-del-nou-hotel-sa-creu-nova-de-campos","name":"Tess de Mar i Kairiku, els restaurants del nou hotel Sa Creu Nova de Campos - Gastron\u00f2micament","isPartOf":{"@id":"https:\/\/gastronomicament.cat\/es\/#website"},"primaryImageOfPage":{"@id":"https:\/\/gastronomicament.cat\/es\/tess-de-mar-kairiku-els-restaurants-del-nou-hotel-sa-creu-nova-de-campos#primaryimage"},"image":{"@id":"https:\/\/gastronomicament.cat\/es\/tess-de-mar-kairiku-els-restaurants-del-nou-hotel-sa-creu-nova-de-campos#primaryimage"},"thumbnailUrl":"https:\/\/gastronomicament.cat\/wp-content\/uploads\/2017\/06\/Restaurante-Tess-de-Mar-Campos-Mallorca.jpg","datePublished":"2017-06-20T07:36:17+00:00","description":"Tess de Mar i Kairiku, els restaurants del nou hotel Sa Creu Nova de Campos Actualitat, Reportatges i novetats L'hotel de Campos de 5 estrelles obre dos nous restaurants, el primer de cuina d'autor i mediterr\u00e0nia; i el segon, d'alta cuina japonesa","inLanguage":"es","potentialAction":[{"@type":"ReadAction","target":["https:\/\/gastronomicament.cat\/es\/tess-de-mar-kairiku-els-restaurants-del-nou-hotel-sa-creu-nova-de-campos"]}]},{"@type":"ImageObject","inLanguage":"es","@id":"https:\/\/gastronomicament.cat\/es\/tess-de-mar-kairiku-els-restaurants-del-nou-hotel-sa-creu-nova-de-campos#primaryimage","url":"https:\/\/gastronomicament.cat\/wp-content\/uploads\/2017\/06\/Restaurante-Tess-de-Mar-Campos-Mallorca.jpg","contentUrl":"https:\/\/gastronomicament.cat\/wp-content\/uploads\/2017\/06\/Restaurante-Tess-de-Mar-Campos-Mallorca.jpg","width":2000,"height":1334},{"@type":"WebSite","@id":"https:\/\/gastronomicament.cat\/es\/#website","url":"https:\/\/gastronomicament.cat\/es\/","name":"Gastron\u00f2micament","description":"Portal de restaurants, receptes i actualitat gastron\u00f2mica","publisher":{"@id":"https:\/\/gastronomicament.cat\/es\/#organization"},"potentialAction":[{"@type":"SearchAction","target":{"@type":"EntryPoint","urlTemplate":"https:\/\/gastronomicament.cat\/es\/?s={search_term_string}"},"query-input":{"@type":"PropertyValueSpecification","valueRequired":true,"valueName":"search_term_string"}}],"inLanguage":"es"},{"@type":"Organization","@id":"https:\/\/gastronomicament.cat\/es\/#organization","name":"Gastron\u00f2micament","url":"https:\/\/gastronomicament.cat\/es\/","logo":{"@type":"ImageObject","inLanguage":"es","@id":"https:\/\/gastronomicament.cat\/es\/#\/schema\/logo\/image\/","url":"https:\/\/gastronomicament.cat\/wp-content\/uploads\/2016\/09\/header-logo.jpg","contentUrl":"https:\/\/gastronomicament.cat\/wp-content\/uploads\/2016\/09\/header-logo.jpg","width":277,"height":39,"caption":"Gastron\u00f2micament"},"image":{"@id":"https:\/\/gastronomicament.cat\/es\/#\/schema\/logo\/image\/"},"sameAs":["https:\/\/x.com\/gastronomicamen"]},{"@type":"Person","@id":"https:\/\/gastronomicament.cat\/es\/#\/schema\/person\/a7c85c537a1ed62799a5b8e0f686a37f","name":"Redacci\u00f3","image":{"@type":"ImageObject","inLanguage":"es","@id":"https:\/\/secure.gravatar.com\/avatar\/9489a485c464fd611d33825daae651d13db70c4e74c65c94937a15a9d4c3ee14?s=96&d=mm&r=g69fea3cce3645dfa2166e7293e22955e","url":"https:\/\/secure.gravatar.com\/avatar\/9489a485c464fd611d33825daae651d13db70c4e74c65c94937a15a9d4c3ee14?s=96&d=mm&r=g","contentUrl":"https:\/\/secure.gravatar.com\/avatar\/9489a485c464fd611d33825daae651d13db70c4e74c65c94937a15a9d4c3ee14?s=96&d=mm&r=g","caption":"Redacci\u00f3"},"sameAs":["http:\/\/gastronomicament.cat"],"url":"https:\/\/gastronomicament.cat\/es\/author\/admin"}]}},"_links":{"self":[{"href":"https:\/\/gastronomicament.cat\/es\/wp-json\/wp\/v2\/posts\/69438","targetHints":{"allow":["GET"]}}],"collection":[{"href":"https:\/\/gastronomicament.cat\/es\/wp-json\/wp\/v2\/posts"}],"about":[{"href":"https:\/\/gastronomicament.cat\/es\/wp-json\/wp\/v2\/types\/post"}],"author":[{"embeddable":true,"href":"https:\/\/gastronomicament.cat\/es\/wp-json\/wp\/v2\/users\/1"}],"replies":[{"embeddable":true,"href":"https:\/\/gastronomicament.cat\/es\/wp-json\/wp\/v2\/comments?post=69438"}],"version-history":[{"count":0,"href":"https:\/\/gastronomicament.cat\/es\/wp-json\/wp\/v2\/posts\/69438\/revisions"}],"wp:featuredmedia":[{"embeddable":true,"href":"https:\/\/gastronomicament.cat\/es\/wp-json\/wp\/v2\/media\/40019"}],"wp:attachment":[{"href":"https:\/\/gastronomicament.cat\/es\/wp-json\/wp\/v2\/media?parent=69438"}],"wp:term":[{"taxonomy":"category","embeddable":true,"href":"https:\/\/gastronomicament.cat\/es\/wp-json\/wp\/v2\/categories?post=69438"},{"taxonomy":"post_tag","embeddable":true,"href":"https:\/\/gastronomicament.cat\/es\/wp-json\/wp\/v2\/tags?post=69438"},{"taxonomy":"author","embeddable":true,"href":"https:\/\/gastronomicament.cat\/es\/wp-json\/wp\/v2\/coauthors?post=69438"}],"curies":[{"name":"wp","href":"https:\/\/api.w.org\/{rel}","templated":true}]}}