{"id":69441,"date":"2017-06-15T10:41:49","date_gmt":"2017-06-15T08:41:49","guid":{"rendered":"https:\/\/gastronomicament.cat\/torna-la-fira-del-pa-amb-oli-montuiri"},"modified":"2022-04-09T10:34:27","modified_gmt":"2022-04-09T08:34:27","slug":"torna-la-fira-del-pa-amb-oli-montuiri","status":"publish","type":"post","link":"https:\/\/gastronomicament.cat\/es\/torna-la-fira-del-pa-amb-oli-montuiri","title":{"rendered":"Torna la Fira del Pa amb Oli a Montu\u00efri"},"content":{"rendered":"<blockquote><p><em>Se celebrar\u00e0 dia 17 de juny, a partir de les 20 hores, a la Pla\u00e7a Major<\/em><\/p><\/blockquote>\n<p>Per segon any consecutiu, la\u00a0<strong>Pla\u00e7a Major de Montu\u00efri\u00a0<\/strong>ser\u00e0 l&#8217;escenari de la Fira del Pa amb Oli, que tendr\u00e0 lloc\u00a0<strong>dissabte 17 de juny a partir de les 20 hores<\/strong>\u00a0i que comptar\u00e0 amb la participaci\u00f3 d&#8217;onze comer\u00e7os locals. La fira, organitzada pels propis comer\u00e7os, amb la col\u00b7laboraci\u00f3 de l&#8217;Ajuntament de Montu\u00efri, t\u00e9 com a principal objectiu el de donar a con\u00e8ixer els productes locals, aix\u00ed com tamb\u00e9 el de dinamitzar el teixit comercial del municipi.<\/p>\n<p>L\u2019edici\u00f3 de l\u2019any passat aconsegu\u00ed un gran \u00e8xit de participaci\u00f3 amb milers de ciutadans de Montu\u00efri i de visitants que acudiren de fora per degustar diferents tipus de pa amb oli.<\/p>\n<p>El format ser\u00e0 el mateix que fa un any. Cada un dels comer\u00e7os participants elaborar\u00e0 el seu propi pamboli i, en funci\u00f3 de l&#8217;acompanyament que dugui, tendr\u00e0 un preu d&#8217;un o dos euros. A m\u00e9s, la vetllada comptar\u00e0 amb servei de barra de begudes.<\/p>\n<p><strong>Novetats<\/strong><\/p>\n<p>La principal novetat de l\u2019edici\u00f3 de 2017 ser\u00e0 la m\u00fasica en directe que amenitzar\u00e0 l\u2019esdeveniment amb l\u2019actuaci\u00f3 d\u2019un conjunt de professors de l\u2019Escola Municipal de M\u00fasica Pare Antoni Martorell.<\/p>\n<p>El batle de Montu\u00efri, Joan Verger, ha destacat que \u201cdespr\u00e9s de l\u2019\u00e8xit de l\u2019any passat era impossible no repetir la Fira del Pa amb Oli, els empresaris, els ciutadans i l\u2019Ajuntament qued\u00e0rem molt satisfets de com va anar i s\u00e9 cert que enguany ser\u00e0 millor\u201d.<\/p>\n<p>Verger tamb\u00e9 ha agra\u00eft la participaci\u00f3 i la iniciativa dels restauradors i comer\u00e7os montu\u00efrers, al mateix temps que ha convidat a tothom a assistir-hi. \u00abMontu\u00efri t\u00e9 un potencial molt elevat i la iniciativa de la Fira del Pa amb Oli n&#8217;\u00e9s un clar exemple. Nom\u00e9s amb la feina conjunta de totes i tots els montu\u00efrers i les montu\u00efreres aconseguirem dinamitzar econ\u00f2micament i culturalment el nostre municipi\u00bb, ha apuntat Verger.<\/p>\n<p>Aquesta fira forma part del projecte de dinamitzaci\u00f3 de Montu\u00efri i \u00e9s una iniciativa que parteix dels responsables del Bar Es Revolt i de S&#8217;Hostal amb la idea de potenciar i promocionar el municipi a trav\u00e9s del pa amb oli.<\/p>\n<p>Els onze comer\u00e7os participants a la II Fira del Pa amb Oli s\u00f3n els seg\u00fcents:<\/p>\n<ul>\n<li>S&#8217;Hostal<\/li>\n<li>Es Revolt<\/li>\n<li>Ses Jardines<\/li>\n<li>Es Pla Distribucions<\/li>\n<li>Embotits Mateu Fiol<\/li>\n<li>Can Xorri<\/li>\n<li>Gelats Es Mol\u00ed<\/li>\n<li>S&#8217;Embat<\/li>\n<li>Forn Can Joan<\/li>\n<li>Ca na Poeta<\/li>\n<li>Cent80<\/li>\n<\/ul>\n","protected":false},"excerpt":{"rendered":"<p>Se celebrar\u00e0 dia 17 de juny, a partir de les 20 hores, a la Pla\u00e7a Major<\/p>\n","protected":false},"author":1,"featured_media":40005,"comment_status":"open","ping_status":"closed","sticky":false,"template":"","format":"gallery","meta":{"_acf_changed":false,"_swt_meta_header_display":false,"_swt_meta_footer_display":false,"_swt_meta_site_title_display":false,"_swt_meta_sticky_header":false,"_swt_meta_transparent_header":false,"footnotes":""},"categories":[1003,1004],"tags":[],"coauthors":[],"class_list":["post-69441","post","type-post","status-publish","format-gallery","has-post-thumbnail","hentry","category-actualitat-es","category-fires-i-rutes-es","post_format-post-format-gallery"],"acf":{"gallery":null,"home_date":{"home_begin_date":null,"home_end_date":null}},"yoast_head":"<!-- This site is optimized with the Yoast SEO plugin v27.4 - https:\/\/yoast.com\/product\/yoast-seo-wordpress\/ -->\n<title>Torna la Fira del Pa amb Oli a Montu\u00efri - Gastron\u00f2micament<\/title>\n<meta name=\"description\" content=\"Torna la Fira del Pa amb Oli a Montu\u00efri Actualitat, Fires i rutes Se celebrar\u00e0 dia 17 de juny, a partir de les 20 hores, a la Pla\u00e7a Major\" \/>\n<meta name=\"robots\" content=\"index, follow, max-snippet:-1, max-image-preview:large, max-video-preview:-1\" \/>\n<link rel=\"canonical\" href=\"https:\/\/gastronomicament.cat\/es\/torna-la-fira-del-pa-amb-oli-montuiri\" \/>\n<meta property=\"og:locale\" content=\"es_ES\" \/>\n<meta property=\"og:type\" content=\"article\" \/>\n<meta property=\"og:title\" content=\"Torna la Fira del Pa amb Oli a Montu\u00efri - Gastron\u00f2micament\" \/>\n<meta property=\"og:description\" content=\"Torna la Fira del Pa amb Oli a Montu\u00efri Actualitat, Fires i rutes Se celebrar\u00e0 dia 17 de juny, a partir de les 20 hores, a la Pla\u00e7a Major\" \/>\n<meta property=\"og:url\" content=\"https:\/\/gastronomicament.cat\/es\/torna-la-fira-del-pa-amb-oli-montuiri\" \/>\n<meta property=\"og:site_name\" content=\"Gastron\u00f2micament\" \/>\n<meta property=\"article:published_time\" content=\"2017-06-15T08:41:49+00:00\" \/>\n<meta property=\"article:modified_time\" content=\"2022-04-09T08:34:27+00:00\" \/>\n<meta property=\"og:image\" content=\"https:\/\/gastronomicament.cat\/wp-content\/uploads\/2017\/06\/Fira-del-Pa-amb-oli-Montuiri-2017.jpg\" \/>\n\t<meta property=\"og:image:width\" content=\"1200\" \/>\n\t<meta property=\"og:image:height\" content=\"627\" \/>\n\t<meta property=\"og:image:type\" content=\"image\/jpeg\" \/>\n<meta name=\"author\" content=\"Redacci\u00f3\" \/>\n<meta name=\"twitter:card\" content=\"summary_large_image\" \/>\n<meta name=\"twitter:creator\" content=\"@gastronomicamen\" \/>\n<meta name=\"twitter:site\" content=\"@gastronomicamen\" \/>\n<meta name=\"twitter:label1\" content=\"Escrito por\" \/>\n\t<meta name=\"twitter:data1\" content=\"Redacci\u00f3\" \/>\n\t<meta name=\"twitter:label2\" content=\"Tiempo de lectura\" \/>\n\t<meta name=\"twitter:data2\" content=\"2 minutos\" \/>\n\t<meta name=\"twitter:label3\" content=\"Written by\" \/>\n\t<meta name=\"twitter:data3\" content=\"Redacci\u00f3\" \/>\n<script type=\"application\/ld+json\" class=\"yoast-schema-graph\">{\"@context\":\"https:\\\/\\\/schema.org\",\"@graph\":[{\"@type\":\"Article\",\"@id\":\"https:\\\/\\\/gastronomicament.cat\\\/es\\\/torna-la-fira-del-pa-amb-oli-montuiri#article\",\"isPartOf\":{\"@id\":\"https:\\\/\\\/gastronomicament.cat\\\/es\\\/torna-la-fira-del-pa-amb-oli-montuiri\"},\"author\":{\"name\":\"Redacci\u00f3\",\"@id\":\"https:\\\/\\\/gastronomicament.cat\\\/es\\\/#\\\/schema\\\/person\\\/a7c85c537a1ed62799a5b8e0f686a37f\"},\"headline\":\"Torna la Fira del Pa amb Oli a Montu\u00efri\",\"datePublished\":\"2017-06-15T08:41:49+00:00\",\"dateModified\":\"2022-04-09T08:34:27+00:00\",\"mainEntityOfPage\":{\"@id\":\"https:\\\/\\\/gastronomicament.cat\\\/es\\\/torna-la-fira-del-pa-amb-oli-montuiri\"},\"wordCount\":436,\"commentCount\":0,\"publisher\":{\"@id\":\"https:\\\/\\\/gastronomicament.cat\\\/es\\\/#organization\"},\"image\":{\"@id\":\"https:\\\/\\\/gastronomicament.cat\\\/es\\\/torna-la-fira-del-pa-amb-oli-montuiri#primaryimage\"},\"thumbnailUrl\":\"https:\\\/\\\/gastronomicament.cat\\\/wp-content\\\/uploads\\\/2017\\\/06\\\/Fira-del-Pa-amb-oli-Montuiri-2017.jpg\",\"articleSection\":[\"Actualitat\",\"Fires i rutes\"],\"inLanguage\":\"es\",\"potentialAction\":[{\"@type\":\"CommentAction\",\"name\":\"Comment\",\"target\":[\"https:\\\/\\\/gastronomicament.cat\\\/es\\\/torna-la-fira-del-pa-amb-oli-montuiri#respond\"]}]},{\"@type\":\"WebPage\",\"@id\":\"https:\\\/\\\/gastronomicament.cat\\\/es\\\/torna-la-fira-del-pa-amb-oli-montuiri\",\"url\":\"https:\\\/\\\/gastronomicament.cat\\\/es\\\/torna-la-fira-del-pa-amb-oli-montuiri\",\"name\":\"Torna la Fira del Pa amb Oli a Montu\u00efri - Gastron\u00f2micament\",\"isPartOf\":{\"@id\":\"https:\\\/\\\/gastronomicament.cat\\\/es\\\/#website\"},\"primaryImageOfPage\":{\"@id\":\"https:\\\/\\\/gastronomicament.cat\\\/es\\\/torna-la-fira-del-pa-amb-oli-montuiri#primaryimage\"},\"image\":{\"@id\":\"https:\\\/\\\/gastronomicament.cat\\\/es\\\/torna-la-fira-del-pa-amb-oli-montuiri#primaryimage\"},\"thumbnailUrl\":\"https:\\\/\\\/gastronomicament.cat\\\/wp-content\\\/uploads\\\/2017\\\/06\\\/Fira-del-Pa-amb-oli-Montuiri-2017.jpg\",\"datePublished\":\"2017-06-15T08:41:49+00:00\",\"dateModified\":\"2022-04-09T08:34:27+00:00\",\"description\":\"Torna la Fira del Pa amb Oli a Montu\u00efri Actualitat, Fires i rutes Se celebrar\u00e0 dia 17 de juny, a partir de les 20 hores, a la Pla\u00e7a Major\",\"inLanguage\":\"es\",\"potentialAction\":[{\"@type\":\"ReadAction\",\"target\":[\"https:\\\/\\\/gastronomicament.cat\\\/es\\\/torna-la-fira-del-pa-amb-oli-montuiri\"]}]},{\"@type\":\"ImageObject\",\"inLanguage\":\"es\",\"@id\":\"https:\\\/\\\/gastronomicament.cat\\\/es\\\/torna-la-fira-del-pa-amb-oli-montuiri#primaryimage\",\"url\":\"https:\\\/\\\/gastronomicament.cat\\\/wp-content\\\/uploads\\\/2017\\\/06\\\/Fira-del-Pa-amb-oli-Montuiri-2017.jpg\",\"contentUrl\":\"https:\\\/\\\/gastronomicament.cat\\\/wp-content\\\/uploads\\\/2017\\\/06\\\/Fira-del-Pa-amb-oli-Montuiri-2017.jpg\",\"width\":1200,\"height\":627},{\"@type\":\"WebSite\",\"@id\":\"https:\\\/\\\/gastronomicament.cat\\\/es\\\/#website\",\"url\":\"https:\\\/\\\/gastronomicament.cat\\\/es\\\/\",\"name\":\"Gastron\u00f2micament\",\"description\":\"Portal de restaurants, receptes i actualitat gastron\u00f2mica\",\"publisher\":{\"@id\":\"https:\\\/\\\/gastronomicament.cat\\\/es\\\/#organization\"},\"potentialAction\":[{\"@type\":\"SearchAction\",\"target\":{\"@type\":\"EntryPoint\",\"urlTemplate\":\"https:\\\/\\\/gastronomicament.cat\\\/es\\\/?s={search_term_string}\"},\"query-input\":{\"@type\":\"PropertyValueSpecification\",\"valueRequired\":true,\"valueName\":\"search_term_string\"}}],\"inLanguage\":\"es\"},{\"@type\":\"Organization\",\"@id\":\"https:\\\/\\\/gastronomicament.cat\\\/es\\\/#organization\",\"name\":\"Gastron\u00f2micament\",\"url\":\"https:\\\/\\\/gastronomicament.cat\\\/es\\\/\",\"logo\":{\"@type\":\"ImageObject\",\"inLanguage\":\"es\",\"@id\":\"https:\\\/\\\/gastronomicament.cat\\\/es\\\/#\\\/schema\\\/logo\\\/image\\\/\",\"url\":\"https:\\\/\\\/gastronomicament.cat\\\/wp-content\\\/uploads\\\/2016\\\/09\\\/header-logo.jpg\",\"contentUrl\":\"https:\\\/\\\/gastronomicament.cat\\\/wp-content\\\/uploads\\\/2016\\\/09\\\/header-logo.jpg\",\"width\":277,\"height\":39,\"caption\":\"Gastron\u00f2micament\"},\"image\":{\"@id\":\"https:\\\/\\\/gastronomicament.cat\\\/es\\\/#\\\/schema\\\/logo\\\/image\\\/\"},\"sameAs\":[\"https:\\\/\\\/x.com\\\/gastronomicamen\"]},{\"@type\":\"Person\",\"@id\":\"https:\\\/\\\/gastronomicament.cat\\\/es\\\/#\\\/schema\\\/person\\\/a7c85c537a1ed62799a5b8e0f686a37f\",\"name\":\"Redacci\u00f3\",\"image\":{\"@type\":\"ImageObject\",\"inLanguage\":\"es\",\"@id\":\"https:\\\/\\\/secure.gravatar.com\\\/avatar\\\/9489a485c464fd611d33825daae651d13db70c4e74c65c94937a15a9d4c3ee14?s=96&d=mm&r=g69fea3cce3645dfa2166e7293e22955e\",\"url\":\"https:\\\/\\\/secure.gravatar.com\\\/avatar\\\/9489a485c464fd611d33825daae651d13db70c4e74c65c94937a15a9d4c3ee14?s=96&d=mm&r=g\",\"contentUrl\":\"https:\\\/\\\/secure.gravatar.com\\\/avatar\\\/9489a485c464fd611d33825daae651d13db70c4e74c65c94937a15a9d4c3ee14?s=96&d=mm&r=g\",\"caption\":\"Redacci\u00f3\"},\"sameAs\":[\"http:\\\/\\\/gastronomicament.cat\"],\"url\":\"https:\\\/\\\/gastronomicament.cat\\\/es\\\/author\\\/admin\"}]}<\/script>\n<!-- \/ Yoast SEO plugin. -->","yoast_head_json":{"title":"Torna la Fira del Pa amb Oli a Montu\u00efri - Gastron\u00f2micament","description":"Torna la Fira del Pa amb Oli a Montu\u00efri Actualitat, Fires i rutes Se celebrar\u00e0 dia 17 de juny, a partir de les 20 hores, a la Pla\u00e7a Major","robots":{"index":"index","follow":"follow","max-snippet":"max-snippet:-1","max-image-preview":"max-image-preview:large","max-video-preview":"max-video-preview:-1"},"canonical":"https:\/\/gastronomicament.cat\/es\/torna-la-fira-del-pa-amb-oli-montuiri","og_locale":"es_ES","og_type":"article","og_title":"Torna la Fira del Pa amb Oli a Montu\u00efri - Gastron\u00f2micament","og_description":"Torna la Fira del Pa amb Oli a Montu\u00efri Actualitat, Fires i rutes Se celebrar\u00e0 dia 17 de juny, a partir de les 20 hores, a la Pla\u00e7a Major","og_url":"https:\/\/gastronomicament.cat\/es\/torna-la-fira-del-pa-amb-oli-montuiri","og_site_name":"Gastron\u00f2micament","article_published_time":"2017-06-15T08:41:49+00:00","article_modified_time":"2022-04-09T08:34:27+00:00","og_image":[{"width":1200,"height":627,"url":"https:\/\/gastronomicament.cat\/wp-content\/uploads\/2017\/06\/Fira-del-Pa-amb-oli-Montuiri-2017.jpg","type":"image\/jpeg"}],"author":"Redacci\u00f3","twitter_card":"summary_large_image","twitter_creator":"@gastronomicamen","twitter_site":"@gastronomicamen","twitter_misc":{"Escrito por":"Redacci\u00f3","Tiempo de lectura":"2 minutos","Written by":"Redacci\u00f3"},"schema":{"@context":"https:\/\/schema.org","@graph":[{"@type":"Article","@id":"https:\/\/gastronomicament.cat\/es\/torna-la-fira-del-pa-amb-oli-montuiri#article","isPartOf":{"@id":"https:\/\/gastronomicament.cat\/es\/torna-la-fira-del-pa-amb-oli-montuiri"},"author":{"name":"Redacci\u00f3","@id":"https:\/\/gastronomicament.cat\/es\/#\/schema\/person\/a7c85c537a1ed62799a5b8e0f686a37f"},"headline":"Torna la Fira del Pa amb Oli a Montu\u00efri","datePublished":"2017-06-15T08:41:49+00:00","dateModified":"2022-04-09T08:34:27+00:00","mainEntityOfPage":{"@id":"https:\/\/gastronomicament.cat\/es\/torna-la-fira-del-pa-amb-oli-montuiri"},"wordCount":436,"commentCount":0,"publisher":{"@id":"https:\/\/gastronomicament.cat\/es\/#organization"},"image":{"@id":"https:\/\/gastronomicament.cat\/es\/torna-la-fira-del-pa-amb-oli-montuiri#primaryimage"},"thumbnailUrl":"https:\/\/gastronomicament.cat\/wp-content\/uploads\/2017\/06\/Fira-del-Pa-amb-oli-Montuiri-2017.jpg","articleSection":["Actualitat","Fires i rutes"],"inLanguage":"es","potentialAction":[{"@type":"CommentAction","name":"Comment","target":["https:\/\/gastronomicament.cat\/es\/torna-la-fira-del-pa-amb-oli-montuiri#respond"]}]},{"@type":"WebPage","@id":"https:\/\/gastronomicament.cat\/es\/torna-la-fira-del-pa-amb-oli-montuiri","url":"https:\/\/gastronomicament.cat\/es\/torna-la-fira-del-pa-amb-oli-montuiri","name":"Torna la Fira del Pa amb Oli a Montu\u00efri - Gastron\u00f2micament","isPartOf":{"@id":"https:\/\/gastronomicament.cat\/es\/#website"},"primaryImageOfPage":{"@id":"https:\/\/gastronomicament.cat\/es\/torna-la-fira-del-pa-amb-oli-montuiri#primaryimage"},"image":{"@id":"https:\/\/gastronomicament.cat\/es\/torna-la-fira-del-pa-amb-oli-montuiri#primaryimage"},"thumbnailUrl":"https:\/\/gastronomicament.cat\/wp-content\/uploads\/2017\/06\/Fira-del-Pa-amb-oli-Montuiri-2017.jpg","datePublished":"2017-06-15T08:41:49+00:00","dateModified":"2022-04-09T08:34:27+00:00","description":"Torna la Fira del Pa amb Oli a Montu\u00efri Actualitat, Fires i rutes Se celebrar\u00e0 dia 17 de juny, a partir de les 20 hores, a la Pla\u00e7a Major","inLanguage":"es","potentialAction":[{"@type":"ReadAction","target":["https:\/\/gastronomicament.cat\/es\/torna-la-fira-del-pa-amb-oli-montuiri"]}]},{"@type":"ImageObject","inLanguage":"es","@id":"https:\/\/gastronomicament.cat\/es\/torna-la-fira-del-pa-amb-oli-montuiri#primaryimage","url":"https:\/\/gastronomicament.cat\/wp-content\/uploads\/2017\/06\/Fira-del-Pa-amb-oli-Montuiri-2017.jpg","contentUrl":"https:\/\/gastronomicament.cat\/wp-content\/uploads\/2017\/06\/Fira-del-Pa-amb-oli-Montuiri-2017.jpg","width":1200,"height":627},{"@type":"WebSite","@id":"https:\/\/gastronomicament.cat\/es\/#website","url":"https:\/\/gastronomicament.cat\/es\/","name":"Gastron\u00f2micament","description":"Portal de restaurants, receptes i actualitat gastron\u00f2mica","publisher":{"@id":"https:\/\/gastronomicament.cat\/es\/#organization"},"potentialAction":[{"@type":"SearchAction","target":{"@type":"EntryPoint","urlTemplate":"https:\/\/gastronomicament.cat\/es\/?s={search_term_string}"},"query-input":{"@type":"PropertyValueSpecification","valueRequired":true,"valueName":"search_term_string"}}],"inLanguage":"es"},{"@type":"Organization","@id":"https:\/\/gastronomicament.cat\/es\/#organization","name":"Gastron\u00f2micament","url":"https:\/\/gastronomicament.cat\/es\/","logo":{"@type":"ImageObject","inLanguage":"es","@id":"https:\/\/gastronomicament.cat\/es\/#\/schema\/logo\/image\/","url":"https:\/\/gastronomicament.cat\/wp-content\/uploads\/2016\/09\/header-logo.jpg","contentUrl":"https:\/\/gastronomicament.cat\/wp-content\/uploads\/2016\/09\/header-logo.jpg","width":277,"height":39,"caption":"Gastron\u00f2micament"},"image":{"@id":"https:\/\/gastronomicament.cat\/es\/#\/schema\/logo\/image\/"},"sameAs":["https:\/\/x.com\/gastronomicamen"]},{"@type":"Person","@id":"https:\/\/gastronomicament.cat\/es\/#\/schema\/person\/a7c85c537a1ed62799a5b8e0f686a37f","name":"Redacci\u00f3","image":{"@type":"ImageObject","inLanguage":"es","@id":"https:\/\/secure.gravatar.com\/avatar\/9489a485c464fd611d33825daae651d13db70c4e74c65c94937a15a9d4c3ee14?s=96&d=mm&r=g69fea3cce3645dfa2166e7293e22955e","url":"https:\/\/secure.gravatar.com\/avatar\/9489a485c464fd611d33825daae651d13db70c4e74c65c94937a15a9d4c3ee14?s=96&d=mm&r=g","contentUrl":"https:\/\/secure.gravatar.com\/avatar\/9489a485c464fd611d33825daae651d13db70c4e74c65c94937a15a9d4c3ee14?s=96&d=mm&r=g","caption":"Redacci\u00f3"},"sameAs":["http:\/\/gastronomicament.cat"],"url":"https:\/\/gastronomicament.cat\/es\/author\/admin"}]}},"_links":{"self":[{"href":"https:\/\/gastronomicament.cat\/es\/wp-json\/wp\/v2\/posts\/69441","targetHints":{"allow":["GET"]}}],"collection":[{"href":"https:\/\/gastronomicament.cat\/es\/wp-json\/wp\/v2\/posts"}],"about":[{"href":"https:\/\/gastronomicament.cat\/es\/wp-json\/wp\/v2\/types\/post"}],"author":[{"embeddable":true,"href":"https:\/\/gastronomicament.cat\/es\/wp-json\/wp\/v2\/users\/1"}],"replies":[{"embeddable":true,"href":"https:\/\/gastronomicament.cat\/es\/wp-json\/wp\/v2\/comments?post=69441"}],"version-history":[{"count":0,"href":"https:\/\/gastronomicament.cat\/es\/wp-json\/wp\/v2\/posts\/69441\/revisions"}],"wp:featuredmedia":[{"embeddable":true,"href":"https:\/\/gastronomicament.cat\/es\/wp-json\/wp\/v2\/media\/40005"}],"wp:attachment":[{"href":"https:\/\/gastronomicament.cat\/es\/wp-json\/wp\/v2\/media?parent=69441"}],"wp:term":[{"taxonomy":"category","embeddable":true,"href":"https:\/\/gastronomicament.cat\/es\/wp-json\/wp\/v2\/categories?post=69441"},{"taxonomy":"post_tag","embeddable":true,"href":"https:\/\/gastronomicament.cat\/es\/wp-json\/wp\/v2\/tags?post=69441"},{"taxonomy":"author","embeddable":true,"href":"https:\/\/gastronomicament.cat\/es\/wp-json\/wp\/v2\/coauthors?post=69441"}],"curies":[{"name":"wp","href":"https:\/\/api.w.org\/{rel}","templated":true}]}}